{"id":19663,"date":"2026-01-23T10:19:30","date_gmt":"2026-01-23T09:19:30","guid":{"rendered":"https:\/\/radiolitoral.com\/?p=19663"},"modified":"2026-01-23T10:19:30","modified_gmt":"2026-01-23T09:19:30","slug":"el-cb-ifach-calp-favorit-davant-el-cb-sueca","status":"publish","type":"post","link":"https:\/\/radiolitoral.com\/ca\/2026\/01\/el-cb-ifach-calpe-favorito-ante-el-cb-sueca\/","title":{"rendered":"El CB Ifach Calp favorit davant el CB Sueca"},"content":{"rendered":"<p>La catorzena jornada de la <strong data-start=\"153\" data-end=\"212\">Lliga Foster Hollywood de Primera Nacional de B\u00e0squet<\/strong>, al <strong data-start=\"220\" data-end=\"231\">grup B<\/strong>, ens deixa dos partits importants per als equips de la <strong data-start=\"290\" data-end=\"305\">Marina Alta<\/strong>. El <strong data-start=\"310\" data-end=\"327\">D\u00e9nia B\u00e0squet<\/strong> s&#039;enfronta a un dur repte en la visita a la <strong data-start=\"377\" data-end=\"399\">pista del CD Onil<\/strong>, mentre que el <strong data-start=\"417\" data-end=\"435\">CB Ifach Calp<\/strong> rep a casa el <strong data-start=\"454\" data-end=\"466\">CB Sueca<\/strong>, amb la intenci\u00f3 de seguir amb la seva gran ratxa de vict\u00f2ries.<\/p>\n<p data-start=\"1567\" data-end=\"2091\">El CB Ifach Calpe, entrenat per <strong data-start=\"1619\" data-end=\"1633\">Kike Valle<\/strong>, rebr\u00e0 aquest dissabte a les 18:15 hores el CB Sueca al <strong data-start=\"1700\" data-end=\"1727\">pavell\u00f3 Domingo Crespo<\/strong>. L&#039;equip calp\u00ed arriba amb un gran nivell de confian\u00e7a despr\u00e9s d&#039;una gran primera fase de lliga, en qu\u00e8 han mostrat una constant evoluci\u00f3 i un rendiment molt s\u00f2lid. L&#039;objectiu del CB Ifach Calpe \u00e9s brindar una nova vict\u00f2ria a la seva afici\u00f3, que cada cop se sent m\u00e9s identificada amb l&#039;equip i que continua animant amb gran energia.<\/p>\n<p data-start=\"1567\" data-end=\"2091\">El CB Sueca, encara que ha estat un rival competitiu, no sembla estar en el seu millor moment, per la qual cosa el Calp buscar\u00e0 seguir aprofitant el seu factor pista i seguir sumant vict\u00f2ries per mantenir-se als primers llocs de la classificaci\u00f3.<\/p>\n<h4 data-start=\"1567\" data-end=\"2091\">Sortida complicada per als d&#039;Eduardo Clavero<\/h4>\n<p data-start=\"585\" data-end=\"1133\">El D\u00e9nia B\u00e0squet, dirigit per <strong data-start=\"620\" data-end=\"639\">Eduardo Clavero<\/strong>, visitar\u00e0 aquest diumenge a les 18:00 hores el <strong data-start=\"688\" data-end=\"708\">pavell\u00f3 d&#039;Onil<\/strong> per enfrontar-se al CD Oni<strong data-start=\"729\" data-end=\"740\">l<\/strong>, un equip que tradicionalment es fa molt fort a casa seva. La pista de <strong data-start=\"820\" data-end=\"828\">Onil<\/strong> \u00e9s coneguda per ser un escenari complicat per als equips visitants, a causa de la intensitat i pressi\u00f3 exterior que exerceixen sobre ells. No en va, el CB Ifach Calpe va patir en aquesta mateixa pista la seva \u00fanica derrota de la temporada, cosa que reflecteix la dificultat d&#039;aquest enfrontament.<\/p>\n<p data-start=\"1135\" data-end=\"1493\">El D\u00e9nia B\u00e0squet arriba amb confian\u00e7a despr\u00e9s d&#039;una bona ratxa de resultats positius, per\u00f2 \u00e9s conscient que s&#039;enfrontar\u00e0 a un escull dur per continuar liderant la classificaci\u00f3. Despr\u00e9s d&#039;aquesta segona sortida consecutiva, els deniers hauran de mantenir la seva intensitat i concentraci\u00f3 per sumar una altra vict\u00f2ria i seguir al capdavant del grup.<\/p>\n<p data-start=\"1567\" data-end=\"2091\">\n<p><script src=\"chrome-extension:\/\/flbolonkboilcbnohjlchlfgdalomdpl\/iFrame.js\" type=\"text\/javascript\"><\/script><\/p>","protected":false},"excerpt":{"rendered":"<p>La d\u00e9cimo cuarta jornada de la Liga Foster Hollywood de Primera Nacional de Baloncesto, en el grupo B, nos deja dos partidos importantes para los equipos de la Marina Alta. El D\u00e9nia B\u00e1squet se enfrenta a un duro reto en su visita a la cancha del CD Onil, mientras que el CB Ifach Calpe recibe [&#8230;]<\/p>\n<p><a class=\"btn btn-secondary understrap-read-more-link\" href=\"https:\/\/radiolitoral.com\/ca\/2026\/01\/el-cb-ifach-calpe-favorito-ante-el-cb-sueca\/\">Continua llegint&#8230;<span class=\"screen-reader-text\"> from El CB Ifach Calpe favorito ante el CB Sueca<\/span><\/a><\/p>\n","protected":false},"author":12,"featured_media":19664,"comment_status":"open","ping_status":"closed","sticky":false,"template":"","format":"standard","meta":{"_acf_changed":false,"inline_featured_image":false,"footnotes":""},"categories":[5],"tags":[952,1793,962,1788,6,965,2406],"class_list":["post-19663","post","type-post","status-publish","format-standard","has-post-thumbnail","hentry","category-deportes","tag-cb-ifach-calpe","tag-cb-sueca","tag-cd-onil","tag-denia-basquet","tag-deportes","tag-eduardo-clavero","tag-kike-valle","cobertura-calp","cobertura-denia"],"acf":[],"yoast_head":"<!-- This site is optimized with the Yoast SEO plugin v27.5 - https:\/\/yoast.com\/product\/yoast-seo-wordpress\/ -->\n<title>El CB Ifach Calpe favorito ante el CB Sueca | R\u00e0dio Litoral<\/title>\n<meta name=\"description\" content=\"El D\u00e9nia B\u00e1squet rinde visita a la complicada pista del CD OnilEl D\u00e9nia B\u00e1squet rinde visita a la complicada pista del CD Onil\" \/>\n<meta name=\"robots\" content=\"index, follow, max-snippet:-1, max-image-preview:large, max-video-preview:-1\" \/>\n<link rel=\"canonical\" href=\"https:\/\/radiolitoral.com\/ca\/2026\/01\/el-cb-ifach-calp-favorit-davant-el-cb-sueca\/\" \/>\n<meta property=\"og:locale\" content=\"ca_ES\" \/>\n<meta property=\"og:type\" content=\"article\" \/>\n<meta property=\"og:title\" content=\"El CB Ifach Calpe favorito ante el CB Sueca | R\u00e0dio Litoral\" \/>\n<meta property=\"og:description\" content=\"El D\u00e9nia B\u00e1squet rinde visita a la complicada pista del CD OnilEl D\u00e9nia B\u00e1squet rinde visita a la complicada pista del CD Onil\" \/>\n<meta property=\"og:url\" content=\"https:\/\/radiolitoral.com\/ca\/2026\/01\/el-cb-ifach-calp-favorit-davant-el-cb-sueca\/\" \/>\n<meta property=\"og:site_name\" content=\"R\u00e0dio Litoral\" \/>\n<meta property=\"article:publisher\" content=\"https:\/\/www.facebook.com\/Laradiolitoral\/\" \/>\n<meta property=\"article:published_time\" content=\"2026-01-23T09:19:30+00:00\" \/>\n<meta property=\"og:image\" content=\"https:\/\/media.radiolitoral.com\/wp-content\/uploads\/2026\/01\/23101906\/DSC_0170-scaled.jpg\" \/>\n\t<meta property=\"og:image:width\" content=\"2560\" \/>\n\t<meta property=\"og:image:height\" content=\"1707\" \/>\n\t<meta property=\"og:image:type\" content=\"image\/jpeg\" \/>\n<meta name=\"author\" content=\"Javier Zamora\" \/>\n<meta name=\"twitter:card\" content=\"summary_large_image\" \/>\n<meta name=\"twitter:label1\" content=\"Escrit per\" \/>\n\t<meta name=\"twitter:data1\" content=\"Javier Zamora\" \/>\n\t<meta name=\"twitter:label2\" content=\"Temps estimat de lectura\" \/>\n\t<meta name=\"twitter:data2\" content=\"2 minuts\" \/>\n<script type=\"application\/ld+json\" class=\"yoast-schema-graph\">{\"@context\":\"https:\\\/\\\/schema.org\",\"@graph\":[{\"@type\":\"NewsArticle\",\"@id\":\"https:\\\/\\\/radiolitoral.com\\\/2026\\\/01\\\/el-cb-ifach-calpe-favorito-ante-el-cb-sueca\\\/#article\",\"isPartOf\":{\"@id\":\"https:\\\/\\\/radiolitoral.com\\\/2026\\\/01\\\/el-cb-ifach-calpe-favorito-ante-el-cb-sueca\\\/\"},\"author\":{\"name\":\"Javier Zamora\",\"@id\":\"https:\\\/\\\/radiolitoral.com\\\/#\\\/schema\\\/person\\\/7b1480b5caeb5acdd4ec6379caf62b22\"},\"headline\":\"El CB Ifach Calpe favorito ante el CB Sueca\",\"datePublished\":\"2026-01-23T09:19:30+00:00\",\"mainEntityOfPage\":{\"@id\":\"https:\\\/\\\/radiolitoral.com\\\/2026\\\/01\\\/el-cb-ifach-calpe-favorito-ante-el-cb-sueca\\\/\"},\"wordCount\":368,\"commentCount\":0,\"publisher\":{\"@id\":\"https:\\\/\\\/radiolitoral.com\\\/#organization\"},\"image\":{\"@id\":\"https:\\\/\\\/radiolitoral.com\\\/2026\\\/01\\\/el-cb-ifach-calpe-favorito-ante-el-cb-sueca\\\/#primaryimage\"},\"thumbnailUrl\":\"https:\\\/\\\/media.radiolitoral.com\\\/wp-content\\\/uploads\\\/2026\\\/01\\\/23101906\\\/DSC_0170-scaled.jpg\",\"keywords\":[\"CB Ifach Calpe\",\"CB\u00a0Sueca\",\"CD Onil\",\"D\u00e9nia B\u00e0squet\",\"deportes\",\"Eduardo Clavero\",\"Kike\u00a0Valle\"],\"articleSection\":[\"Deportes\"],\"inLanguage\":\"ca\",\"potentialAction\":[{\"@type\":\"CommentAction\",\"name\":\"Comment\",\"target\":[\"https:\\\/\\\/radiolitoral.com\\\/2026\\\/01\\\/el-cb-ifach-calpe-favorito-ante-el-cb-sueca\\\/#respond\"]}]},{\"@type\":[\"WebPage\",\"ItemPage\"],\"@id\":\"https:\\\/\\\/radiolitoral.com\\\/2026\\\/01\\\/el-cb-ifach-calpe-favorito-ante-el-cb-sueca\\\/\",\"url\":\"https:\\\/\\\/radiolitoral.com\\\/2026\\\/01\\\/el-cb-ifach-calpe-favorito-ante-el-cb-sueca\\\/\",\"name\":\"El CB Ifach Calpe favorito ante el CB Sueca | R\u00e0dio Litoral\",\"isPartOf\":{\"@id\":\"https:\\\/\\\/radiolitoral.com\\\/#website\"},\"primaryImageOfPage\":{\"@id\":\"https:\\\/\\\/radiolitoral.com\\\/2026\\\/01\\\/el-cb-ifach-calpe-favorito-ante-el-cb-sueca\\\/#primaryimage\"},\"image\":{\"@id\":\"https:\\\/\\\/radiolitoral.com\\\/2026\\\/01\\\/el-cb-ifach-calpe-favorito-ante-el-cb-sueca\\\/#primaryimage\"},\"thumbnailUrl\":\"https:\\\/\\\/media.radiolitoral.com\\\/wp-content\\\/uploads\\\/2026\\\/01\\\/23101906\\\/DSC_0170-scaled.jpg\",\"datePublished\":\"2026-01-23T09:19:30+00:00\",\"description\":\"El D\u00e9nia B\u00e1squet rinde visita a la complicada pista del CD OnilEl D\u00e9nia B\u00e1squet rinde visita a la complicada pista del CD Onil\",\"breadcrumb\":{\"@id\":\"https:\\\/\\\/radiolitoral.com\\\/2026\\\/01\\\/el-cb-ifach-calpe-favorito-ante-el-cb-sueca\\\/#breadcrumb\"},\"inLanguage\":\"ca\",\"potentialAction\":[{\"@type\":\"ReadAction\",\"target\":[\"https:\\\/\\\/radiolitoral.com\\\/2026\\\/01\\\/el-cb-ifach-calpe-favorito-ante-el-cb-sueca\\\/\"]}]},{\"@type\":\"ImageObject\",\"inLanguage\":\"ca\",\"@id\":\"https:\\\/\\\/radiolitoral.com\\\/2026\\\/01\\\/el-cb-ifach-calpe-favorito-ante-el-cb-sueca\\\/#primaryimage\",\"url\":\"https:\\\/\\\/media.radiolitoral.com\\\/wp-content\\\/uploads\\\/2026\\\/01\\\/23101906\\\/DSC_0170-scaled.jpg\",\"contentUrl\":\"https:\\\/\\\/media.radiolitoral.com\\\/wp-content\\\/uploads\\\/2026\\\/01\\\/23101906\\\/DSC_0170-scaled.jpg\",\"width\":2560,\"height\":1707},{\"@type\":\"BreadcrumbList\",\"@id\":\"https:\\\/\\\/radiolitoral.com\\\/2026\\\/01\\\/el-cb-ifach-calpe-favorito-ante-el-cb-sueca\\\/#breadcrumb\",\"itemListElement\":[{\"@type\":\"ListItem\",\"position\":1,\"name\":\"Portada\",\"item\":\"https:\\\/\\\/radiolitoral.com\\\/\"},{\"@type\":\"ListItem\",\"position\":2,\"name\":\"El CB Ifach Calpe favorito ante el CB Sueca\"}]},{\"@type\":\"WebSite\",\"@id\":\"https:\\\/\\\/radiolitoral.com\\\/#website\",\"url\":\"https:\\\/\\\/radiolitoral.com\\\/\",\"name\":\"Radio Litoral\",\"description\":\"La radio local de la Marina Alta\",\"publisher\":{\"@id\":\"https:\\\/\\\/radiolitoral.com\\\/#organization\"},\"alternateName\":\"Litoral FM\",\"potentialAction\":[{\"@type\":\"SearchAction\",\"target\":{\"@type\":\"EntryPoint\",\"urlTemplate\":\"https:\\\/\\\/radiolitoral.com\\\/?s={search_term_string}\"},\"query-input\":{\"@type\":\"PropertyValueSpecification\",\"valueRequired\":true,\"valueName\":\"search_term_string\"}}],\"inLanguage\":\"ca\"},{\"@type\":\"Organization\",\"@id\":\"https:\\\/\\\/radiolitoral.com\\\/#organization\",\"name\":\"Radio Litoral\",\"url\":\"https:\\\/\\\/radiolitoral.com\\\/\",\"logo\":{\"@type\":\"ImageObject\",\"inLanguage\":\"ca\",\"@id\":\"https:\\\/\\\/radiolitoral.com\\\/#\\\/schema\\\/logo\\\/image\\\/\",\"url\":\"https:\\\/\\\/media.radiolitoral.com\\\/wp-content\\\/uploads\\\/2023\\\/02\\\/24143238\\\/CL-V-RadioLitoral696.png\",\"contentUrl\":\"https:\\\/\\\/media.radiolitoral.com\\\/wp-content\\\/uploads\\\/2023\\\/02\\\/24143238\\\/CL-V-RadioLitoral696.png\",\"width\":696,\"height\":696,\"caption\":\"Radio Litoral\"},\"image\":{\"@id\":\"https:\\\/\\\/radiolitoral.com\\\/#\\\/schema\\\/logo\\\/image\\\/\"},\"sameAs\":[\"https:\\\/\\\/www.facebook.com\\\/Laradiolitoral\\\/\"]},{\"@type\":\"Person\",\"@id\":\"https:\\\/\\\/radiolitoral.com\\\/#\\\/schema\\\/person\\\/7b1480b5caeb5acdd4ec6379caf62b22\",\"name\":\"Javier Zamora\",\"image\":{\"@type\":\"ImageObject\",\"inLanguage\":\"ca\",\"@id\":\"https:\\\/\\\/secure.gravatar.com\\\/avatar\\\/467a11f6918c7d619c4043fc6fa2d3853053107973f05b6e9c04ea6c4e3a7b3f?s=96&d=mm&r=g\",\"url\":\"https:\\\/\\\/secure.gravatar.com\\\/avatar\\\/467a11f6918c7d619c4043fc6fa2d3853053107973f05b6e9c04ea6c4e3a7b3f?s=96&d=mm&r=g\",\"contentUrl\":\"https:\\\/\\\/secure.gravatar.com\\\/avatar\\\/467a11f6918c7d619c4043fc6fa2d3853053107973f05b6e9c04ea6c4e3a7b3f?s=96&d=mm&r=g\",\"caption\":\"Javier Zamora\"},\"url\":\"https:\\\/\\\/radiolitoral.com\\\/ca\\\/author\\\/javier-zamora\\\/\"}]}<\/script>\n<!-- \/ Yoast SEO plugin. -->","yoast_head_json":{"title":"El CB Ifach Calp favorit davant el CB Sueca | R\u00e0dio Litoral","description":"El D\u00e9nia B\u00e0squet rendeix visita a la complicada pista del CD OnilEl D\u00e9nia B\u00e0squet rendeix visita a la complicada pista del CD Onil","robots":{"index":"index","follow":"follow","max-snippet":"max-snippet:-1","max-image-preview":"max-image-preview:large","max-video-preview":"max-video-preview:-1"},"canonical":"https:\/\/radiolitoral.com\/ca\/2026\/01\/el-cb-ifach-calp-favorit-davant-el-cb-sueca\/","og_locale":"ca_ES","og_type":"article","og_title":"El CB Ifach Calpe favorito ante el CB Sueca | R\u00e0dio Litoral","og_description":"El D\u00e9nia B\u00e1squet rinde visita a la complicada pista del CD OnilEl D\u00e9nia B\u00e1squet rinde visita a la complicada pista del CD Onil","og_url":"https:\/\/radiolitoral.com\/ca\/2026\/01\/el-cb-ifach-calp-favorit-davant-el-cb-sueca\/","og_site_name":"R\u00e0dio Litoral","article_publisher":"https:\/\/www.facebook.com\/Laradiolitoral\/","article_published_time":"2026-01-23T09:19:30+00:00","og_image":[{"width":2560,"height":1707,"url":"https:\/\/media.radiolitoral.com\/wp-content\/uploads\/2026\/01\/23101906\/DSC_0170-scaled.jpg","type":"image\/jpeg"}],"author":"Javier Zamora","twitter_card":"summary_large_image","twitter_misc":{"Escrit per":"Javier Zamora","Temps estimat de lectura":"2 minuts"},"schema":{"@context":"https:\/\/schema.org","@graph":[{"@type":"NewsArticle","@id":"https:\/\/radiolitoral.com\/2026\/01\/el-cb-ifach-calpe-favorito-ante-el-cb-sueca\/#article","isPartOf":{"@id":"https:\/\/radiolitoral.com\/2026\/01\/el-cb-ifach-calpe-favorito-ante-el-cb-sueca\/"},"author":{"name":"Javier Zamora","@id":"https:\/\/radiolitoral.com\/#\/schema\/person\/7b1480b5caeb5acdd4ec6379caf62b22"},"headline":"El CB Ifach Calpe favorito ante el CB Sueca","datePublished":"2026-01-23T09:19:30+00:00","mainEntityOfPage":{"@id":"https:\/\/radiolitoral.com\/2026\/01\/el-cb-ifach-calpe-favorito-ante-el-cb-sueca\/"},"wordCount":368,"commentCount":0,"publisher":{"@id":"https:\/\/radiolitoral.com\/#organization"},"image":{"@id":"https:\/\/radiolitoral.com\/2026\/01\/el-cb-ifach-calpe-favorito-ante-el-cb-sueca\/#primaryimage"},"thumbnailUrl":"https:\/\/media.radiolitoral.com\/wp-content\/uploads\/2026\/01\/23101906\/DSC_0170-scaled.jpg","keywords":["CB Ifach Calpe","CB\u00a0Sueca","CD Onil","D\u00e9nia B\u00e0squet","deportes","Eduardo Clavero","Kike\u00a0Valle"],"articleSection":["Deportes"],"inLanguage":"ca","potentialAction":[{"@type":"CommentAction","name":"Comment","target":["https:\/\/radiolitoral.com\/2026\/01\/el-cb-ifach-calpe-favorito-ante-el-cb-sueca\/#respond"]}]},{"@type":["WebPage","ItemPage"],"@id":"https:\/\/radiolitoral.com\/2026\/01\/el-cb-ifach-calpe-favorito-ante-el-cb-sueca\/","url":"https:\/\/radiolitoral.com\/2026\/01\/el-cb-ifach-calpe-favorito-ante-el-cb-sueca\/","name":"El CB Ifach Calp favorit davant el CB Sueca | R\u00e0dio Litoral","isPartOf":{"@id":"https:\/\/radiolitoral.com\/#website"},"primaryImageOfPage":{"@id":"https:\/\/radiolitoral.com\/2026\/01\/el-cb-ifach-calpe-favorito-ante-el-cb-sueca\/#primaryimage"},"image":{"@id":"https:\/\/radiolitoral.com\/2026\/01\/el-cb-ifach-calpe-favorito-ante-el-cb-sueca\/#primaryimage"},"thumbnailUrl":"https:\/\/media.radiolitoral.com\/wp-content\/uploads\/2026\/01\/23101906\/DSC_0170-scaled.jpg","datePublished":"2026-01-23T09:19:30+00:00","description":"El D\u00e9nia B\u00e0squet rendeix visita a la complicada pista del CD OnilEl D\u00e9nia B\u00e0squet rendeix visita a la complicada pista del CD Onil","breadcrumb":{"@id":"https:\/\/radiolitoral.com\/2026\/01\/el-cb-ifach-calpe-favorito-ante-el-cb-sueca\/#breadcrumb"},"inLanguage":"ca","potentialAction":[{"@type":"ReadAction","target":["https:\/\/radiolitoral.com\/2026\/01\/el-cb-ifach-calpe-favorito-ante-el-cb-sueca\/"]}]},{"@type":"ImageObject","inLanguage":"ca","@id":"https:\/\/radiolitoral.com\/2026\/01\/el-cb-ifach-calpe-favorito-ante-el-cb-sueca\/#primaryimage","url":"https:\/\/media.radiolitoral.com\/wp-content\/uploads\/2026\/01\/23101906\/DSC_0170-scaled.jpg","contentUrl":"https:\/\/media.radiolitoral.com\/wp-content\/uploads\/2026\/01\/23101906\/DSC_0170-scaled.jpg","width":2560,"height":1707},{"@type":"BreadcrumbList","@id":"https:\/\/radiolitoral.com\/2026\/01\/el-cb-ifach-calpe-favorito-ante-el-cb-sueca\/#breadcrumb","itemListElement":[{"@type":"ListItem","position":1,"name":"Portada","item":"https:\/\/radiolitoral.com\/"},{"@type":"ListItem","position":2,"name":"El CB Ifach Calpe favorito ante el CB Sueca"}]},{"@type":"WebSite","@id":"https:\/\/radiolitoral.com\/#website","url":"https:\/\/radiolitoral.com\/","name":"R\u00e0dio Litoral","description":"La r\u00e0dio local de la Marina Alta","publisher":{"@id":"https:\/\/radiolitoral.com\/#organization"},"alternateName":"Litoral FM","potentialAction":[{"@type":"SearchAction","target":{"@type":"EntryPoint","urlTemplate":"https:\/\/radiolitoral.com\/?s={search_term_string}"},"query-input":{"@type":"PropertyValueSpecification","valueRequired":true,"valueName":"search_term_string"}}],"inLanguage":"ca"},{"@type":"Organization","@id":"https:\/\/radiolitoral.com\/#organization","name":"R\u00e0dio Litoral","url":"https:\/\/radiolitoral.com\/","logo":{"@type":"ImageObject","inLanguage":"ca","@id":"https:\/\/radiolitoral.com\/#\/schema\/logo\/image\/","url":"https:\/\/media.radiolitoral.com\/wp-content\/uploads\/2023\/02\/24143238\/CL-V-RadioLitoral696.png","contentUrl":"https:\/\/media.radiolitoral.com\/wp-content\/uploads\/2023\/02\/24143238\/CL-V-RadioLitoral696.png","width":696,"height":696,"caption":"Radio Litoral"},"image":{"@id":"https:\/\/radiolitoral.com\/#\/schema\/logo\/image\/"},"sameAs":["https:\/\/www.facebook.com\/Laradiolitoral\/"]},{"@type":"Person","@id":"https:\/\/radiolitoral.com\/#\/schema\/person\/7b1480b5caeb5acdd4ec6379caf62b22","name":"Javier Zamora","image":{"@type":"ImageObject","inLanguage":"ca","@id":"https:\/\/secure.gravatar.com\/avatar\/467a11f6918c7d619c4043fc6fa2d3853053107973f05b6e9c04ea6c4e3a7b3f?s=96&d=mm&r=g","url":"https:\/\/secure.gravatar.com\/avatar\/467a11f6918c7d619c4043fc6fa2d3853053107973f05b6e9c04ea6c4e3a7b3f?s=96&d=mm&r=g","contentUrl":"https:\/\/secure.gravatar.com\/avatar\/467a11f6918c7d619c4043fc6fa2d3853053107973f05b6e9c04ea6c4e3a7b3f?s=96&d=mm&r=g","caption":"Javier Zamora"},"url":"https:\/\/radiolitoral.com\/ca\/author\/javier-zamora\/"}]}},"_links":{"self":[{"href":"https:\/\/radiolitoral.com\/ca\/wp-json\/wp\/v2\/posts\/19663","targetHints":{"allow":["GET"]}}],"collection":[{"href":"https:\/\/radiolitoral.com\/ca\/wp-json\/wp\/v2\/posts"}],"about":[{"href":"https:\/\/radiolitoral.com\/ca\/wp-json\/wp\/v2\/types\/post"}],"author":[{"embeddable":true,"href":"https:\/\/radiolitoral.com\/ca\/wp-json\/wp\/v2\/users\/12"}],"replies":[{"embeddable":true,"href":"https:\/\/radiolitoral.com\/ca\/wp-json\/wp\/v2\/comments?post=19663"}],"version-history":[{"count":2,"href":"https:\/\/radiolitoral.com\/ca\/wp-json\/wp\/v2\/posts\/19663\/revisions"}],"predecessor-version":[{"id":19666,"href":"https:\/\/radiolitoral.com\/ca\/wp-json\/wp\/v2\/posts\/19663\/revisions\/19666"}],"wp:featuredmedia":[{"embeddable":true,"href":"https:\/\/radiolitoral.com\/ca\/wp-json\/wp\/v2\/media\/19664"}],"wp:attachment":[{"href":"https:\/\/radiolitoral.com\/ca\/wp-json\/wp\/v2\/media?parent=19663"}],"wp:term":[{"taxonomy":"category","embeddable":true,"href":"https:\/\/radiolitoral.com\/ca\/wp-json\/wp\/v2\/categories?post=19663"},{"taxonomy":"post_tag","embeddable":true,"href":"https:\/\/radiolitoral.com\/ca\/wp-json\/wp\/v2\/tags?post=19663"}],"curies":[{"name":"wp","href":"https:\/\/api.w.org\/{rel}","templated":true}]}}