{"id":19644,"date":"2026-01-20T09:01:10","date_gmt":"2026-01-20T08:01:10","guid":{"rendered":"https:\/\/radiolitoral.com\/?p=19644"},"modified":"2026-01-20T09:01:10","modified_gmt":"2026-01-20T08:01:10","slug":"dues-animes-un-desti-teulada-moraira-la-nova-campana-que-connecta-la-terra-i-el-mar-a-fitur-2026","status":"publish","type":"post","link":"https:\/\/radiolitoral.com\/ca\/2026\/01\/dos-almas-un-destino-teulada-moraira-la-nueva-campana-que-conecta-la-tierra-y-el-mar-en-fitur-2026\/","title":{"rendered":"\u201cDues \u00e0nimes, un dest\u00ed: Teulada Moraira\u201d, la nova campanya que connecta la terra i el mar a Fitur 2026"},"content":{"rendered":"<p><strong>Teulada Moraira<\/strong> torna a <strong>Fitur<\/strong>, un any m\u00e9s, amb una proposta que refor\u00e7a la seva identitat i singularitat com a destinaci\u00f3 tur\u00edstica sota el lema \u201cDues \u00e0nimes, una destinaci\u00f3: Teulada Moraira\u201d. Una campanya que convida a descobrir l&#039;ess\u00e8ncia dual del municipi: la que neix de la terra i les arrels agr\u00edcoles, i la que es forja al costat del mar i la seva hist\u00f2ria pesquera.<\/p>\n<p>En aquesta edici\u00f3 de la Fira Internacional de Turisme, que t\u00e9 lloc <strong>del 20 al 23 de gener de 2026,<\/strong> Teulada Moraira presenta les dues \u00e0nimes a trav\u00e9s de dos grans protagonistes: el Moscatell, s\u00edmbol de la tradici\u00f3, la cultura i el paisatge agr\u00edcola de l&#039;interior; i la Ruta Geol\u00f2gica, una experi\u00e8ncia lligada al litoral, al mar ia la riquesa natural que defineix la nostra costa.<\/p>\n<p><a href=\"https:\/\/media.radiolitoral.com\/wp-content\/uploads\/2026\/01\/20090050\/NOTA-DE-PRENSA-Dos-almas-un-destino.-Teulada-Moraira-la-nueva-campana-que-conecta-la-tierra-y-el-mar-en-FITUR-2026.jpg\"><img loading=\"lazy\" decoding=\"async\" class=\"size-full wp-image-19647 aligncenter\" src=\"https:\/\/media.radiolitoral.com\/wp-content\/uploads\/2026\/01\/20090050\/NOTA-DE-PRENSA-Dos-almas-un-destino.-Teulada-Moraira-la-nueva-campana-que-conecta-la-tierra-y-el-mar-en-FITUR-2026.jpg\" alt=\"\" width=\"1080\" height=\"1350\" srcset=\"https:\/\/media.radiolitoral.com\/wp-content\/uploads\/2026\/01\/20090050\/NOTA-DE-PRENSA-Dos-almas-un-destino.-Teulada-Moraira-la-nueva-campana-que-conecta-la-tierra-y-el-mar-en-FITUR-2026.jpg 1080w, https:\/\/media.radiolitoral.com\/wp-content\/uploads\/2026\/01\/20090050\/NOTA-DE-PRENSA-Dos-almas-un-destino.-Teulada-Moraira-la-nueva-campana-que-conecta-la-tierra-y-el-mar-en-FITUR-2026-240x300.jpg 240w, https:\/\/media.radiolitoral.com\/wp-content\/uploads\/2026\/01\/20090050\/NOTA-DE-PRENSA-Dos-almas-un-destino.-Teulada-Moraira-la-nueva-campana-que-conecta-la-tierra-y-el-mar-en-FITUR-2026-819x1024.jpg 819w, https:\/\/media.radiolitoral.com\/wp-content\/uploads\/2026\/01\/20090050\/NOTA-DE-PRENSA-Dos-almas-un-destino.-Teulada-Moraira-la-nueva-campana-que-conecta-la-tierra-y-el-mar-en-FITUR-2026-768x960.jpg 768w, https:\/\/media.radiolitoral.com\/wp-content\/uploads\/2026\/01\/20090050\/NOTA-DE-PRENSA-Dos-almas-un-destino.-Teulada-Moraira-la-nueva-campana-que-conecta-la-tierra-y-el-mar-en-FITUR-2026-10x12.jpg 10w, https:\/\/media.radiolitoral.com\/wp-content\/uploads\/2026\/01\/20090050\/NOTA-DE-PRENSA-Dos-almas-un-destino.-Teulada-Moraira-la-nueva-campana-que-conecta-la-tierra-y-el-mar-en-FITUR-2026-800x1000.jpg 800w, https:\/\/media.radiolitoral.com\/wp-content\/uploads\/2026\/01\/20090050\/NOTA-DE-PRENSA-Dos-almas-un-destino.-Teulada-Moraira-la-nueva-campana-que-conecta-la-tierra-y-el-mar-en-FITUR-2026-80x100.jpg 80w, https:\/\/media.radiolitoral.com\/wp-content\/uploads\/2026\/01\/20090050\/NOTA-DE-PRENSA-Dos-almas-un-destino.-Teulada-Moraira-la-nueva-campana-que-conecta-la-tierra-y-el-mar-en-FITUR-2026-160x200.jpg 160w\" sizes=\"auto, (max-width: 1080px) 100vw, 1080px\" \/><\/a><\/p>\n<h1>Patrimoni, producte local i gastronomia<\/h1>\n<p>L&#039;\u00e0nima de la terra t\u00e9 el seu focus a la <strong><em>xafada<\/em> <\/strong>i l&#039;escalada de la<strong> ra\u00efm Moscatell,<\/strong> que representa segles d&#039;hist\u00f2ria vinculats al cultiu, un element identificatiu del municipi. Els camps de vinyes formen part d&#039;un paisatge \u00fanic, modelat per generacions de pagesos que han sabut mantenir viva una tradici\u00f3 que avui es tradueix en patrimoni cultural, gastron\u00f2mic i etnogr\u00e0fic. El ra\u00efm Moscatell no \u00e9s nom\u00e9s un producte, sin\u00f3 una forma de vida que connecta el visitant amb l&#039;autenticitat, la calma i les arrels del territori.<\/p>\n<p>La seva elaboraci\u00f3 segueix processos tradicionals com la xafada i l&#039;escaldada, t\u00e8cniques que reflecteixen la hist\u00f2ria agr\u00edcola local. La xafada consisteix a premsar suaument els ra\u00efms de ra\u00efm per extreure el most de manera artesanal, respectant la integritat de la fruita i concentrant les seves aromes i sabors naturals. Posteriorment, l&#039;escaldada sotmet el most a un breu escalfament, prou per potenciar la seva dol\u00e7or i aroma sense alterar-ne l&#039;ess\u00e8ncia, garantint aix\u00ed que cada ampolla de Moscatell conservi el car\u00e0cter genu\u00ed i delicat que el distingeix.<\/p>\n<h4>Ruta geol\u00f2gica<\/h4>\n<p>D&#039;altra banda, l&#039;\u00e0nima del mar s&#039;expressa a trav\u00e9s de la <strong>Ruta Geol\u00f2gica de Teulada Moraira<\/strong>, un recorregut que permet descobrir la hist\u00f2ria mil\u00b7len\u00e0ria del litoral a trav\u00e9s de les seves formacions rocoses, penya-segats i cales.<\/p>\n<p>Aquesta ruta posa en valor la riquesa geol\u00f2gica del municipi i mostra com el pas del temps i l&#039;acci\u00f3 del mar han donat forma a un paisatge singular que combina ci\u00e8ncia, mar i natura. Una proposta que convida a con\u00e8ixer la destinaci\u00f3 des d&#039;una perspectiva diferent i profundament lligada a l&#039;entorn natural.<\/p>\n<h4>Showcooking<\/h4>\n<p>Pel que fa a l&#039;\u00e0mbit gastron\u00f2mic, Teulada Moraira estar\u00e0 present a Firut 2026 amb un <em><strong>showcooking<\/strong> <\/em>en directe a c\u00e0rrec de l&#039;Auditori Teulada Moraira ia trav\u00e9s de Dolia a l&#039;estand de l&#039;Exquisit Mediterrani. La proposta culin\u00e0ria arribar\u00e0 de la m\u00e0 del restaurant local El Rac\u00f3 de l&#039;Arr\u00f2s, establiment dirigit per Fernando Sapena, que oferir\u00e0 l&#039;elaboraci\u00f3 en directe d&#039;un arr\u00f2s amb producte t\u00edpic de proximitat i de temporada: paella de s\u00edpia, rap i carxofa, una recepta que posar\u00e0 en valor la cuina mediterr\u00e0nia del municipi i la seva estreta connexi\u00f3 entre la terra.<\/p>\n<p>Finalment, com a part de la campanya de promoci\u00f3 de Fitur 2026, Teulada Moraira ja \u00e9s present a Madrid amb una acci\u00f3 especial que es desenvolupar\u00e0 fins al 31 de gener de 2026. Es tracta d&#039;un bus tur\u00edstic que recorre a tota hora la ciutat, decorat amb impactants imatges del municipi, portant el missatge de \u201cDues \u00e0nimes, una destinaci\u00f3: Teulada en un dels principals aparadors tur\u00edstics nacionals.<\/p>\n<h4>Una campanya per mostrar la \u00abveritable ess\u00e8ncia\u00bb de Teulada Moraira<\/h4>\n<p>La regidora de Turisme de l&#039;Ajuntament de Teulada, <strong>Ver\u00f3nica Mart\u00ednez<\/strong>, ha destacat que &quot;amb aquesta campanya volem mostrar la veritable ess\u00e8ncia de Teulada Moraira, una destinaci\u00f3 que s\u00b4ent\u00e9n des de les seves dues \u00e0nimes: la terra i el mar. El Moscatell i la Ruta Geol\u00f2gica s\u00f3n dues experi\u00e8ncies que reflecteixen la nostra identitat, el nostre patrimoni i la nostra aposta per un turisme de qualitat durant tot l\u00b4any&quot;.<\/p>\n<p>Per la seva banda, l&#039;alcalde de Teulada Moraira, <strong>Ra\u00fal Llobell<\/strong>, ha assenyalat que &quot;Fitur 2026 \u00e9s una oportunitat clau per posicionar Teulada Moraira com una destinaci\u00f3 \u00fanica, amb una personalitat pr\u00f2pia i diferenciada. &quot;Dos \u00e0nimes, una destinaci\u00f3&quot; \u00e9s el reflex de la nostra hist\u00f2ria, del nostre present i de la visi\u00f3 de futur que tenim per a un turisme respectu\u00f3s, aut\u00e8ntic i lligat a les nostres arrels i al nostre entorn natural&quot;.<\/p>\n<p>Aix\u00ed, doncs, amb aquesta campanya, Teulada Moraira reafirma la seva aposta per un turisme aut\u00e8ntic i de qualitat, mostrant una destinaci\u00f3 amb identitat pr\u00f2pia, capa\u00e7 d&#039;emocionar a trav\u00e9s dels seus paisatges i la seva hist\u00f2ria amb dues \u00e0nimes conviuen i es complementen oferint una experi\u00e8ncia completa que combina interior i costa, tradici\u00f3 i natura, terra i mar.<\/p>","protected":false},"excerpt":{"rendered":"<p>Teulada Moraira vuelve a Fitur, un a\u00f1o m\u00e1s, con una propuesta que refuerza su identidad y singularidad como destino tur\u00edstico bajo el lema \u201cDos almas, un destino: Teulada Moraira\u201d. Una campa\u00f1a que invita a descubrir la esencia dual del municipio: la que nace de la tierra y sus ra\u00edces agr\u00edcolas, y la que se forja [&#8230;]<\/p>\n<p><a class=\"btn btn-secondary understrap-read-more-link\" href=\"https:\/\/radiolitoral.com\/ca\/2026\/01\/dos-almas-un-destino-teulada-moraira-la-nueva-campana-que-conecta-la-tierra-y-el-mar-en-fitur-2026\/\">Continua llegint&#8230;<span class=\"screen-reader-text\"> from \u201cDos almas, un destino: Teulada Moraira\u201d, la nueva campa\u00f1a que conecta la tierra y el mar en Fitur 2026<\/span><\/a><\/p>\n","protected":false},"author":14,"featured_media":19646,"comment_status":"open","ping_status":"closed","sticky":false,"template":"","format":"standard","meta":{"_acf_changed":false,"inline_featured_image":false,"footnotes":""},"categories":[871],"tags":[3343,1282,195,163],"class_list":["post-19644","post","type-post","status-publish","format-standard","has-post-thumbnail","hentry","category-fitur","tag-fitur","tag-raul-llobell","tag-teulada-moraira","tag-turismo","cobertura-teulada-moraira"],"acf":[],"yoast_head":"<!-- This site is optimized with the Yoast SEO plugin v27.4 - https:\/\/yoast.com\/product\/yoast-seo-wordpress\/ -->\n<title>\u201cDos almas, un destino: Teulada Moraira\u201d, la nueva campa\u00f1a que conecta la tierra y el mar en Fitur 2026 | R\u00e0dio Litoral<\/title>\n<meta name=\"description\" content=\"Gastronom\u00eda, producto local y patrimonio hist\u00f3rico como principales reclamos de la edici\u00f3n\" \/>\n<meta name=\"robots\" content=\"index, follow, max-snippet:-1, max-image-preview:large, max-video-preview:-1\" \/>\n<link rel=\"canonical\" href=\"https:\/\/radiolitoral.com\/ca\/2026\/01\/dues-animes-un-desti-teulada-moraira-la-nova-campana-que-connecta-la-terra-i-el-mar-a-fitur-2026\/\" \/>\n<meta property=\"og:locale\" content=\"ca_ES\" \/>\n<meta property=\"og:type\" content=\"article\" \/>\n<meta property=\"og:title\" content=\"\u201cDos almas, un destino: Teulada Moraira\u201d, la nueva campa\u00f1a que conecta la tierra y el mar en Fitur 2026 | R\u00e0dio Litoral\" \/>\n<meta property=\"og:description\" content=\"Gastronom\u00eda, producto local y patrimonio hist\u00f3rico como principales reclamos de la edici\u00f3n\" \/>\n<meta property=\"og:url\" content=\"https:\/\/radiolitoral.com\/ca\/2026\/01\/dues-animes-un-desti-teulada-moraira-la-nova-campana-que-connecta-la-terra-i-el-mar-a-fitur-2026\/\" \/>\n<meta property=\"og:site_name\" content=\"R\u00e0dio Litoral\" \/>\n<meta property=\"article:publisher\" content=\"https:\/\/www.facebook.com\/Laradiolitoral\/\" \/>\n<meta property=\"article:published_time\" content=\"2026-01-20T08:01:10+00:00\" \/>\n<meta property=\"og:image\" content=\"https:\/\/media.radiolitoral.com\/wp-content\/uploads\/2026\/01\/20090012\/DESTACADA-WEB-40-1024x622.png\" \/>\n\t<meta property=\"og:image:width\" content=\"1024\" \/>\n\t<meta property=\"og:image:height\" content=\"622\" \/>\n\t<meta property=\"og:image:type\" content=\"image\/png\" \/>\n<meta name=\"author\" content=\"Redacci\u00f3n\" \/>\n<meta name=\"twitter:card\" content=\"summary_large_image\" \/>\n<meta name=\"twitter:label1\" content=\"Escrit per\" \/>\n\t<meta name=\"twitter:data1\" content=\"Redacci\u00f3n\" \/>\n\t<meta name=\"twitter:label2\" content=\"Temps estimat de lectura\" \/>\n\t<meta name=\"twitter:data2\" content=\"5 minuts\" \/>\n<script type=\"application\/ld+json\" class=\"yoast-schema-graph\">{\"@context\":\"https:\\\/\\\/schema.org\",\"@graph\":[{\"@type\":\"NewsArticle\",\"@id\":\"https:\\\/\\\/radiolitoral.com\\\/2026\\\/01\\\/dos-almas-un-destino-teulada-moraira-la-nueva-campana-que-conecta-la-tierra-y-el-mar-en-fitur-2026\\\/#article\",\"isPartOf\":{\"@id\":\"https:\\\/\\\/radiolitoral.com\\\/2026\\\/01\\\/dos-almas-un-destino-teulada-moraira-la-nueva-campana-que-conecta-la-tierra-y-el-mar-en-fitur-2026\\\/\"},\"author\":{\"name\":\"Redacci\u00f3n\",\"@id\":\"https:\\\/\\\/radiolitoral.com\\\/#\\\/schema\\\/person\\\/96b739642eb3bedb532aac3812d23307\"},\"headline\":\"\u201cDos almas, un destino: Teulada Moraira\u201d, la nueva campa\u00f1a que conecta la tierra y el mar en Fitur 2026\",\"datePublished\":\"2026-01-20T08:01:10+00:00\",\"mainEntityOfPage\":{\"@id\":\"https:\\\/\\\/radiolitoral.com\\\/2026\\\/01\\\/dos-almas-un-destino-teulada-moraira-la-nueva-campana-que-conecta-la-tierra-y-el-mar-en-fitur-2026\\\/\"},\"wordCount\":851,\"commentCount\":0,\"publisher\":{\"@id\":\"https:\\\/\\\/radiolitoral.com\\\/#organization\"},\"image\":{\"@id\":\"https:\\\/\\\/radiolitoral.com\\\/2026\\\/01\\\/dos-almas-un-destino-teulada-moraira-la-nueva-campana-que-conecta-la-tierra-y-el-mar-en-fitur-2026\\\/#primaryimage\"},\"thumbnailUrl\":\"https:\\\/\\\/media.radiolitoral.com\\\/wp-content\\\/uploads\\\/2026\\\/01\\\/20090012\\\/DESTACADA-WEB-40.png\",\"keywords\":[\"Fitur\",\"Ra\u00fal Llobell\",\"Teulada-Moraira\",\"turismo\"],\"articleSection\":[\"FITUR\"],\"inLanguage\":\"ca\",\"potentialAction\":[{\"@type\":\"CommentAction\",\"name\":\"Comment\",\"target\":[\"https:\\\/\\\/radiolitoral.com\\\/2026\\\/01\\\/dos-almas-un-destino-teulada-moraira-la-nueva-campana-que-conecta-la-tierra-y-el-mar-en-fitur-2026\\\/#respond\"]}]},{\"@type\":[\"WebPage\",\"ItemPage\"],\"@id\":\"https:\\\/\\\/radiolitoral.com\\\/2026\\\/01\\\/dos-almas-un-destino-teulada-moraira-la-nueva-campana-que-conecta-la-tierra-y-el-mar-en-fitur-2026\\\/\",\"url\":\"https:\\\/\\\/radiolitoral.com\\\/2026\\\/01\\\/dos-almas-un-destino-teulada-moraira-la-nueva-campana-que-conecta-la-tierra-y-el-mar-en-fitur-2026\\\/\",\"name\":\"\u201cDos almas, un destino: Teulada Moraira\u201d, la nueva campa\u00f1a que conecta la tierra y el mar en Fitur 2026 | R\u00e0dio Litoral\",\"isPartOf\":{\"@id\":\"https:\\\/\\\/radiolitoral.com\\\/#website\"},\"primaryImageOfPage\":{\"@id\":\"https:\\\/\\\/radiolitoral.com\\\/2026\\\/01\\\/dos-almas-un-destino-teulada-moraira-la-nueva-campana-que-conecta-la-tierra-y-el-mar-en-fitur-2026\\\/#primaryimage\"},\"image\":{\"@id\":\"https:\\\/\\\/radiolitoral.com\\\/2026\\\/01\\\/dos-almas-un-destino-teulada-moraira-la-nueva-campana-que-conecta-la-tierra-y-el-mar-en-fitur-2026\\\/#primaryimage\"},\"thumbnailUrl\":\"https:\\\/\\\/media.radiolitoral.com\\\/wp-content\\\/uploads\\\/2026\\\/01\\\/20090012\\\/DESTACADA-WEB-40.png\",\"datePublished\":\"2026-01-20T08:01:10+00:00\",\"description\":\"Gastronom\u00eda, producto local y patrimonio hist\u00f3rico como principales reclamos de la edici\u00f3n\",\"breadcrumb\":{\"@id\":\"https:\\\/\\\/radiolitoral.com\\\/2026\\\/01\\\/dos-almas-un-destino-teulada-moraira-la-nueva-campana-que-conecta-la-tierra-y-el-mar-en-fitur-2026\\\/#breadcrumb\"},\"inLanguage\":\"ca\",\"potentialAction\":[{\"@type\":\"ReadAction\",\"target\":[\"https:\\\/\\\/radiolitoral.com\\\/2026\\\/01\\\/dos-almas-un-destino-teulada-moraira-la-nueva-campana-que-conecta-la-tierra-y-el-mar-en-fitur-2026\\\/\"]}]},{\"@type\":\"ImageObject\",\"inLanguage\":\"ca\",\"@id\":\"https:\\\/\\\/radiolitoral.com\\\/2026\\\/01\\\/dos-almas-un-destino-teulada-moraira-la-nueva-campana-que-conecta-la-tierra-y-el-mar-en-fitur-2026\\\/#primaryimage\",\"url\":\"https:\\\/\\\/media.radiolitoral.com\\\/wp-content\\\/uploads\\\/2026\\\/01\\\/20090012\\\/DESTACADA-WEB-40.png\",\"contentUrl\":\"https:\\\/\\\/media.radiolitoral.com\\\/wp-content\\\/uploads\\\/2026\\\/01\\\/20090012\\\/DESTACADA-WEB-40.png\",\"width\":1920,\"height\":1166},{\"@type\":\"BreadcrumbList\",\"@id\":\"https:\\\/\\\/radiolitoral.com\\\/2026\\\/01\\\/dos-almas-un-destino-teulada-moraira-la-nueva-campana-que-conecta-la-tierra-y-el-mar-en-fitur-2026\\\/#breadcrumb\",\"itemListElement\":[{\"@type\":\"ListItem\",\"position\":1,\"name\":\"Portada\",\"item\":\"https:\\\/\\\/radiolitoral.com\\\/\"},{\"@type\":\"ListItem\",\"position\":2,\"name\":\"\u201cDos almas, un destino: Teulada Moraira\u201d, la nueva campa\u00f1a que conecta la tierra y el mar en Fitur 2026\"}]},{\"@type\":\"WebSite\",\"@id\":\"https:\\\/\\\/radiolitoral.com\\\/#website\",\"url\":\"https:\\\/\\\/radiolitoral.com\\\/\",\"name\":\"Radio Litoral\",\"description\":\"La radio local de la Marina Alta\",\"publisher\":{\"@id\":\"https:\\\/\\\/radiolitoral.com\\\/#organization\"},\"alternateName\":\"Litoral FM\",\"potentialAction\":[{\"@type\":\"SearchAction\",\"target\":{\"@type\":\"EntryPoint\",\"urlTemplate\":\"https:\\\/\\\/radiolitoral.com\\\/?s={search_term_string}\"},\"query-input\":{\"@type\":\"PropertyValueSpecification\",\"valueRequired\":true,\"valueName\":\"search_term_string\"}}],\"inLanguage\":\"ca\"},{\"@type\":\"Organization\",\"@id\":\"https:\\\/\\\/radiolitoral.com\\\/#organization\",\"name\":\"Radio Litoral\",\"url\":\"https:\\\/\\\/radiolitoral.com\\\/\",\"logo\":{\"@type\":\"ImageObject\",\"inLanguage\":\"ca\",\"@id\":\"https:\\\/\\\/radiolitoral.com\\\/#\\\/schema\\\/logo\\\/image\\\/\",\"url\":\"https:\\\/\\\/media.radiolitoral.com\\\/wp-content\\\/uploads\\\/2023\\\/02\\\/24143238\\\/CL-V-RadioLitoral696.png\",\"contentUrl\":\"https:\\\/\\\/media.radiolitoral.com\\\/wp-content\\\/uploads\\\/2023\\\/02\\\/24143238\\\/CL-V-RadioLitoral696.png\",\"width\":696,\"height\":696,\"caption\":\"Radio Litoral\"},\"image\":{\"@id\":\"https:\\\/\\\/radiolitoral.com\\\/#\\\/schema\\\/logo\\\/image\\\/\"},\"sameAs\":[\"https:\\\/\\\/www.facebook.com\\\/Laradiolitoral\\\/\"]},{\"@type\":\"Person\",\"@id\":\"https:\\\/\\\/radiolitoral.com\\\/#\\\/schema\\\/person\\\/96b739642eb3bedb532aac3812d23307\",\"name\":\"Redacci\u00f3n\",\"image\":{\"@type\":\"ImageObject\",\"inLanguage\":\"ca\",\"@id\":\"https:\\\/\\\/secure.gravatar.com\\\/avatar\\\/30cd06129ee90411dd9c7cbdcf17464181d1a3c7b072e92070ea75a25cf0097e?s=96&d=mm&r=g\",\"url\":\"https:\\\/\\\/secure.gravatar.com\\\/avatar\\\/30cd06129ee90411dd9c7cbdcf17464181d1a3c7b072e92070ea75a25cf0097e?s=96&d=mm&r=g\",\"contentUrl\":\"https:\\\/\\\/secure.gravatar.com\\\/avatar\\\/30cd06129ee90411dd9c7cbdcf17464181d1a3c7b072e92070ea75a25cf0097e?s=96&d=mm&r=g\",\"caption\":\"Redacci\u00f3n\"},\"url\":\"https:\\\/\\\/radiolitoral.com\\\/ca\\\/author\\\/kevin-carrio\\\/\"}]}<\/script>\n<!-- \/ Yoast SEO plugin. -->","yoast_head_json":{"title":"\u201cDues \u00e0nimes, un dest\u00ed: Teulada Moraira\u201d, la nova campanya que connecta la terra i el mar a Fitur 2026 | R\u00e0dio Litoral","description":"Gastronomia, producte local i patrimoni hist\u00f2ric com a reclams principals de l&#039;edici\u00f3","robots":{"index":"index","follow":"follow","max-snippet":"max-snippet:-1","max-image-preview":"max-image-preview:large","max-video-preview":"max-video-preview:-1"},"canonical":"https:\/\/radiolitoral.com\/ca\/2026\/01\/dues-animes-un-desti-teulada-moraira-la-nova-campana-que-connecta-la-terra-i-el-mar-a-fitur-2026\/","og_locale":"ca_ES","og_type":"article","og_title":"\u201cDos almas, un destino: Teulada Moraira\u201d, la nueva campa\u00f1a que conecta la tierra y el mar en Fitur 2026 | R\u00e0dio Litoral","og_description":"Gastronom\u00eda, producto local y patrimonio hist\u00f3rico como principales reclamos de la edici\u00f3n","og_url":"https:\/\/radiolitoral.com\/ca\/2026\/01\/dues-animes-un-desti-teulada-moraira-la-nova-campana-que-connecta-la-terra-i-el-mar-a-fitur-2026\/","og_site_name":"R\u00e0dio Litoral","article_publisher":"https:\/\/www.facebook.com\/Laradiolitoral\/","article_published_time":"2026-01-20T08:01:10+00:00","og_image":[{"width":1024,"height":622,"url":"https:\/\/media.radiolitoral.com\/wp-content\/uploads\/2026\/01\/20090012\/DESTACADA-WEB-40-1024x622.png","type":"image\/png"}],"author":"Redacci\u00f3n","twitter_card":"summary_large_image","twitter_misc":{"Escrit per":"Redacci\u00f3n","Temps estimat de lectura":"5 minuts"},"schema":{"@context":"https:\/\/schema.org","@graph":[{"@type":"NewsArticle","@id":"https:\/\/radiolitoral.com\/2026\/01\/dos-almas-un-destino-teulada-moraira-la-nueva-campana-que-conecta-la-tierra-y-el-mar-en-fitur-2026\/#article","isPartOf":{"@id":"https:\/\/radiolitoral.com\/2026\/01\/dos-almas-un-destino-teulada-moraira-la-nueva-campana-que-conecta-la-tierra-y-el-mar-en-fitur-2026\/"},"author":{"name":"Redacci\u00f3n","@id":"https:\/\/radiolitoral.com\/#\/schema\/person\/96b739642eb3bedb532aac3812d23307"},"headline":"\u201cDos almas, un destino: Teulada Moraira\u201d, la nueva campa\u00f1a que conecta la tierra y el mar en Fitur 2026","datePublished":"2026-01-20T08:01:10+00:00","mainEntityOfPage":{"@id":"https:\/\/radiolitoral.com\/2026\/01\/dos-almas-un-destino-teulada-moraira-la-nueva-campana-que-conecta-la-tierra-y-el-mar-en-fitur-2026\/"},"wordCount":851,"commentCount":0,"publisher":{"@id":"https:\/\/radiolitoral.com\/#organization"},"image":{"@id":"https:\/\/radiolitoral.com\/2026\/01\/dos-almas-un-destino-teulada-moraira-la-nueva-campana-que-conecta-la-tierra-y-el-mar-en-fitur-2026\/#primaryimage"},"thumbnailUrl":"https:\/\/media.radiolitoral.com\/wp-content\/uploads\/2026\/01\/20090012\/DESTACADA-WEB-40.png","keywords":["Fitur","Ra\u00fal Llobell","Teulada-Moraira","turismo"],"articleSection":["FITUR"],"inLanguage":"ca","potentialAction":[{"@type":"CommentAction","name":"Comment","target":["https:\/\/radiolitoral.com\/2026\/01\/dos-almas-un-destino-teulada-moraira-la-nueva-campana-que-conecta-la-tierra-y-el-mar-en-fitur-2026\/#respond"]}]},{"@type":["WebPage","ItemPage"],"@id":"https:\/\/radiolitoral.com\/2026\/01\/dos-almas-un-destino-teulada-moraira-la-nueva-campana-que-conecta-la-tierra-y-el-mar-en-fitur-2026\/","url":"https:\/\/radiolitoral.com\/2026\/01\/dos-almas-un-destino-teulada-moraira-la-nueva-campana-que-conecta-la-tierra-y-el-mar-en-fitur-2026\/","name":"\u201cDues \u00e0nimes, un dest\u00ed: Teulada Moraira\u201d, la nova campanya que connecta la terra i el mar a Fitur 2026 | R\u00e0dio Litoral","isPartOf":{"@id":"https:\/\/radiolitoral.com\/#website"},"primaryImageOfPage":{"@id":"https:\/\/radiolitoral.com\/2026\/01\/dos-almas-un-destino-teulada-moraira-la-nueva-campana-que-conecta-la-tierra-y-el-mar-en-fitur-2026\/#primaryimage"},"image":{"@id":"https:\/\/radiolitoral.com\/2026\/01\/dos-almas-un-destino-teulada-moraira-la-nueva-campana-que-conecta-la-tierra-y-el-mar-en-fitur-2026\/#primaryimage"},"thumbnailUrl":"https:\/\/media.radiolitoral.com\/wp-content\/uploads\/2026\/01\/20090012\/DESTACADA-WEB-40.png","datePublished":"2026-01-20T08:01:10+00:00","description":"Gastronomia, producte local i patrimoni hist\u00f2ric com a reclams principals de l&#039;edici\u00f3","breadcrumb":{"@id":"https:\/\/radiolitoral.com\/2026\/01\/dos-almas-un-destino-teulada-moraira-la-nueva-campana-que-conecta-la-tierra-y-el-mar-en-fitur-2026\/#breadcrumb"},"inLanguage":"ca","potentialAction":[{"@type":"ReadAction","target":["https:\/\/radiolitoral.com\/2026\/01\/dos-almas-un-destino-teulada-moraira-la-nueva-campana-que-conecta-la-tierra-y-el-mar-en-fitur-2026\/"]}]},{"@type":"ImageObject","inLanguage":"ca","@id":"https:\/\/radiolitoral.com\/2026\/01\/dos-almas-un-destino-teulada-moraira-la-nueva-campana-que-conecta-la-tierra-y-el-mar-en-fitur-2026\/#primaryimage","url":"https:\/\/media.radiolitoral.com\/wp-content\/uploads\/2026\/01\/20090012\/DESTACADA-WEB-40.png","contentUrl":"https:\/\/media.radiolitoral.com\/wp-content\/uploads\/2026\/01\/20090012\/DESTACADA-WEB-40.png","width":1920,"height":1166},{"@type":"BreadcrumbList","@id":"https:\/\/radiolitoral.com\/2026\/01\/dos-almas-un-destino-teulada-moraira-la-nueva-campana-que-conecta-la-tierra-y-el-mar-en-fitur-2026\/#breadcrumb","itemListElement":[{"@type":"ListItem","position":1,"name":"Portada","item":"https:\/\/radiolitoral.com\/"},{"@type":"ListItem","position":2,"name":"\u201cDos almas, un destino: Teulada Moraira\u201d, la nueva campa\u00f1a que conecta la tierra y el mar en Fitur 2026"}]},{"@type":"WebSite","@id":"https:\/\/radiolitoral.com\/#website","url":"https:\/\/radiolitoral.com\/","name":"R\u00e0dio Litoral","description":"La r\u00e0dio local de la Marina Alta","publisher":{"@id":"https:\/\/radiolitoral.com\/#organization"},"alternateName":"Litoral FM","potentialAction":[{"@type":"SearchAction","target":{"@type":"EntryPoint","urlTemplate":"https:\/\/radiolitoral.com\/?s={search_term_string}"},"query-input":{"@type":"PropertyValueSpecification","valueRequired":true,"valueName":"search_term_string"}}],"inLanguage":"ca"},{"@type":"Organization","@id":"https:\/\/radiolitoral.com\/#organization","name":"R\u00e0dio Litoral","url":"https:\/\/radiolitoral.com\/","logo":{"@type":"ImageObject","inLanguage":"ca","@id":"https:\/\/radiolitoral.com\/#\/schema\/logo\/image\/","url":"https:\/\/media.radiolitoral.com\/wp-content\/uploads\/2023\/02\/24143238\/CL-V-RadioLitoral696.png","contentUrl":"https:\/\/media.radiolitoral.com\/wp-content\/uploads\/2023\/02\/24143238\/CL-V-RadioLitoral696.png","width":696,"height":696,"caption":"Radio Litoral"},"image":{"@id":"https:\/\/radiolitoral.com\/#\/schema\/logo\/image\/"},"sameAs":["https:\/\/www.facebook.com\/Laradiolitoral\/"]},{"@type":"Person","@id":"https:\/\/radiolitoral.com\/#\/schema\/person\/96b739642eb3bedb532aac3812d23307","name":"Redacci\u00f3","image":{"@type":"ImageObject","inLanguage":"ca","@id":"https:\/\/secure.gravatar.com\/avatar\/30cd06129ee90411dd9c7cbdcf17464181d1a3c7b072e92070ea75a25cf0097e?s=96&d=mm&r=g","url":"https:\/\/secure.gravatar.com\/avatar\/30cd06129ee90411dd9c7cbdcf17464181d1a3c7b072e92070ea75a25cf0097e?s=96&d=mm&r=g","contentUrl":"https:\/\/secure.gravatar.com\/avatar\/30cd06129ee90411dd9c7cbdcf17464181d1a3c7b072e92070ea75a25cf0097e?s=96&d=mm&r=g","caption":"Redacci\u00f3n"},"url":"https:\/\/radiolitoral.com\/ca\/author\/kevin-carrio\/"}]}},"_links":{"self":[{"href":"https:\/\/radiolitoral.com\/ca\/wp-json\/wp\/v2\/posts\/19644","targetHints":{"allow":["GET"]}}],"collection":[{"href":"https:\/\/radiolitoral.com\/ca\/wp-json\/wp\/v2\/posts"}],"about":[{"href":"https:\/\/radiolitoral.com\/ca\/wp-json\/wp\/v2\/types\/post"}],"author":[{"embeddable":true,"href":"https:\/\/radiolitoral.com\/ca\/wp-json\/wp\/v2\/users\/14"}],"replies":[{"embeddable":true,"href":"https:\/\/radiolitoral.com\/ca\/wp-json\/wp\/v2\/comments?post=19644"}],"version-history":[{"count":1,"href":"https:\/\/radiolitoral.com\/ca\/wp-json\/wp\/v2\/posts\/19644\/revisions"}],"predecessor-version":[{"id":19648,"href":"https:\/\/radiolitoral.com\/ca\/wp-json\/wp\/v2\/posts\/19644\/revisions\/19648"}],"wp:featuredmedia":[{"embeddable":true,"href":"https:\/\/radiolitoral.com\/ca\/wp-json\/wp\/v2\/media\/19646"}],"wp:attachment":[{"href":"https:\/\/radiolitoral.com\/ca\/wp-json\/wp\/v2\/media?parent=19644"}],"wp:term":[{"taxonomy":"category","embeddable":true,"href":"https:\/\/radiolitoral.com\/ca\/wp-json\/wp\/v2\/categories?post=19644"},{"taxonomy":"post_tag","embeddable":true,"href":"https:\/\/radiolitoral.com\/ca\/wp-json\/wp\/v2\/tags?post=19644"}],"curies":[{"name":"wp","href":"https:\/\/api.w.org\/{rel}","templated":true}]}}