{"id":19635,"date":"2026-01-19T10:20:56","date_gmt":"2026-01-19T09:20:56","guid":{"rendered":"https:\/\/radiolitoral.com\/?p=19635"},"modified":"2026-01-19T10:20:56","modified_gmt":"2026-01-19T09:20:56","slug":"golejada-del-fb-teulada-al-feu-del-campell-0-4","status":"publish","type":"post","link":"https:\/\/radiolitoral.com\/ca\/2026\/01\/goleada-del-fb-teulada-en-el-feudo-de-el-campello-0-4\/","title":{"rendered":"Golejada de l&#039;FB Teulada al feu del Campello (0-4)"},"content":{"rendered":"<p>La <strong data-start=\"171\" data-end=\"187\">Primera FFCV<\/strong> va deixar una excel\u00b7lent jornada per als equips de la Marina Alta, amb <strong data-start=\"259\" data-end=\"270\">Pego CF<\/strong> i <strong data-start=\"273\" data-end=\"292\">Teulada-Moraira<\/strong> resolent els seus compromisos lluny de casa amb autoritat i bon joc. Pitjors van ser les coses per al <strong>CD D\u00e9nia<\/strong> que en un pol\u00e8mic partit va encaixar la tercera derrota.<\/p>\n<p>Al <strong data-start=\"900\" data-end=\"912\">Grup IV<\/strong>, el <strong data-start=\"917\" data-end=\"958\"><span class=\"hover:entity-accent entity-underline inline cursor-pointer align-baseline\"><span class=\"whitespace-normal\">Teulada-Moraira<\/span><\/span><\/strong> va signar una <strong data-start=\"969\" data-end=\"994\">gran vict\u00f2ria per 1-4<\/strong> al camp de <strong data-start=\"1010\" data-end=\"1051\"><span class=\"hover:entity-accent entity-underline inline cursor-pointer align-baseline\"><span class=\"whitespace-normal\">El Campello<\/span><\/span><\/strong>, malgrat afrontar la trobada amb nombroses baixes. L&#039;inici va ser advers, amb gol local als dos minuts, per\u00f2 l&#039;equip de <strong data-start=\"1183\" data-end=\"1204\">Juan Ribes \u201cCoca\u201d<\/strong> va reaccionar amb personalitat i va aconseguir capgirar el marcador abans del descans gr\u00e0cies als gols de <strong data-start=\"1311\" data-end=\"1331\">Alexandre Moreno<\/strong>, <strong data-start=\"1333\" data-end=\"1344\">Campayo<\/strong> i <strong data-start=\"1347\" data-end=\"1355\">Coco<\/strong>. Ja als compassos finals, <strong data-start=\"1385\" data-end=\"1396\">Guillem<\/strong> va tancar la golejada amb el quart gol visitant.<\/p>\n<h4>Pol\u00e8mica derrota<\/h4>\n<p>El <strong>CD D\u00e9nia<\/strong> va caure en el seu feu davant el <strong>Racing Algemes\u00ed<\/strong> per <strong>0 a 2<\/strong>, en un partit que va tenir al col\u00b7legiat com a trist protagonista. Despr\u00e9s d&#039;una primera meitat sense ocasions de gol, el col\u00b7legiat va optar per omplir de cartolines grogues l&#039;equip local. A tocar del descans una injusta expulsi\u00f3 de <strong>Pau<\/strong> va deixar en inferioritat l&#039;equip de <strong>Jos\u00e9 Cabe<\/strong>.<\/p>\n<p>A la segona part, va arribar una altra expulsi\u00f3 per al denier <strong>Tom\u00e0s<\/strong>, va ser jugat amb 9 quan els dianencs van encaixar el 0 a 1. Una pilota a la fusta i una gran parada del porter visitant van evitar l&#039;empat. A la recta final amb un CD D\u00e9nia bolcat va arribar una r\u00e0pida contra que els visitants van aprofitar per anotar el 0 a 2 definitiu. La derrota no impedeix que la formaci\u00f3 de Cabe acabi com a l\u00edder la primera volta de la lliga.<\/p>\n<h4 data-start=\"368\" data-end=\"419\"><strong data-start=\"372\" data-end=\"417\">Golejada al cuer<\/strong><\/h4>\n<p data-start=\"420\" data-end=\"833\">El <strong data-start=\"423\" data-end=\"464\"><span class=\"hover:entity-accent entity-underline inline cursor-pointer align-baseline\"><span class=\"whitespace-normal\">Pego CF<\/span><\/span><\/strong> va complir amb els pron\u00f2stics i va resoldre sense dificultats la seva visita al cuer, a qui va derrotar per un clar <strong data-start=\"571\" data-end=\"578\">0-4<\/strong>.<strong data-start=\"582\" data-end=\"595\">Pere Cots<\/strong> va ser el gran protagonista amb dos gols, mentre que <strong data-start=\"653\" data-end=\"662\">Cheik<\/strong> i <strong data-start=\"665\" data-end=\"680\">Josep Piera<\/strong> van completar la golejada. Un triomf c\u00f2mode que confirma el bon moment del conjunt vermell i li permet seguir sumant amb solidesa a la classificaci\u00f3.<\/p>\n<p><script src=\"chrome-extension:\/\/flbolonkboilcbnohjlchlfgdalomdpl\/iFrame.js\" type=\"text\/javascript\"><\/script><\/p>","protected":false},"excerpt":{"rendered":"<p>La Primera FFCV dej\u00f3 una excelente jornada para los equipos de la Marina Alta, con Pego CF y Teulada-Moraira resolviendo sus compromisos lejos de casa con autoridad y buen juego. Peores fueron las cosas para el CD D\u00e9nia que en un pol\u00e9mico partido encaj\u00f3 su tercera derrota. En el Grupo IV, el Teulada-Moraira firm\u00f3 una [&#8230;]<\/p>\n<p><a class=\"btn btn-secondary understrap-read-more-link\" href=\"https:\/\/radiolitoral.com\/ca\/2026\/01\/goleada-del-fb-teulada-en-el-feudo-de-el-campello-0-4\/\">Continua llegint&#8230;<span class=\"screen-reader-text\"> from Goleada del FB Teulada en el feudo de El Campello (0-4)<\/span><\/a><\/p>\n","protected":false},"author":12,"featured_media":19636,"comment_status":"open","ping_status":"closed","sticky":false,"template":"","format":"standard","meta":{"_acf_changed":false,"inline_featured_image":false,"footnotes":""},"categories":[5],"tags":[893,6,5169,3338,4417,4959,5165,1984,5164],"class_list":["post-19635","post","type-post","status-publish","format-standard","has-post-thumbnail","hentry","category-deportes","tag-cd-denia","tag-deportes","tag-el-campello","tag-fb-teulada","tag-jose-cabe","tag-juan-ribes-coca","tag-la-mancomunitat","tag-pego-cf","tag-racing-algemesi","cobertura-teulada-moraira"],"acf":[],"yoast_head":"<!-- This site is optimized with the Yoast SEO plugin v27.5 - https:\/\/yoast.com\/product\/yoast-seo-wordpress\/ -->\n<title>Goleada del FB Teulada en el feudo de El Campello (0-4) | R\u00e0dio Litoral<\/title>\n<meta name=\"description\" content=\"El CD D\u00e9nia perdi\u00f3 en su feudo ante R. Algemes\u00ed (0-2) y el Pego CF venci\u00f3 a La Mancomunitat (0-4)El CD D\u00e9nia perdi\u00f3 en su feudo ante R. Algemes\u00ed (0-2) y el Pego CF venci\u00f3 a La Mancomunitat (0-4)\" \/>\n<meta name=\"robots\" content=\"index, follow, max-snippet:-1, max-image-preview:large, max-video-preview:-1\" \/>\n<link rel=\"canonical\" href=\"https:\/\/radiolitoral.com\/ca\/2026\/01\/golejada-del-fb-teulada-al-feu-del-campell-0-4\/\" \/>\n<meta property=\"og:locale\" content=\"ca_ES\" \/>\n<meta property=\"og:type\" content=\"article\" \/>\n<meta property=\"og:title\" content=\"Goleada del FB Teulada en el feudo de El Campello (0-4) | R\u00e0dio Litoral\" \/>\n<meta property=\"og:description\" content=\"El CD D\u00e9nia perdi\u00f3 en su feudo ante R. Algemes\u00ed (0-2) y el Pego CF venci\u00f3 a La Mancomunitat (0-4)El CD D\u00e9nia perdi\u00f3 en su feudo ante R. Algemes\u00ed (0-2) y el Pego CF venci\u00f3 a La Mancomunitat (0-4)\" \/>\n<meta property=\"og:url\" content=\"https:\/\/radiolitoral.com\/ca\/2026\/01\/golejada-del-fb-teulada-al-feu-del-campell-0-4\/\" \/>\n<meta property=\"og:site_name\" content=\"R\u00e0dio Litoral\" \/>\n<meta property=\"article:publisher\" content=\"https:\/\/www.facebook.com\/Laradiolitoral\/\" \/>\n<meta property=\"article:published_time\" content=\"2026-01-19T09:20:56+00:00\" \/>\n<meta property=\"og:image\" content=\"https:\/\/media.radiolitoral.com\/wp-content\/uploads\/2026\/01\/19101205\/Teulada.jpg\" \/>\n\t<meta property=\"og:image:width\" content=\"1536\" \/>\n\t<meta property=\"og:image:height\" content=\"1156\" \/>\n\t<meta property=\"og:image:type\" content=\"image\/jpeg\" \/>\n<meta name=\"author\" content=\"Javier Zamora\" \/>\n<meta name=\"twitter:card\" content=\"summary_large_image\" \/>\n<meta name=\"twitter:label1\" content=\"Escrit per\" \/>\n\t<meta name=\"twitter:data1\" content=\"Javier Zamora\" \/>\n\t<meta name=\"twitter:label2\" content=\"Temps estimat de lectura\" \/>\n\t<meta name=\"twitter:data2\" content=\"2 minuts\" \/>\n<script type=\"application\/ld+json\" class=\"yoast-schema-graph\">{\"@context\":\"https:\\\/\\\/schema.org\",\"@graph\":[{\"@type\":\"NewsArticle\",\"@id\":\"https:\\\/\\\/radiolitoral.com\\\/2026\\\/01\\\/goleada-del-fb-teulada-en-el-feudo-de-el-campello-0-4\\\/#article\",\"isPartOf\":{\"@id\":\"https:\\\/\\\/radiolitoral.com\\\/2026\\\/01\\\/goleada-del-fb-teulada-en-el-feudo-de-el-campello-0-4\\\/\"},\"author\":{\"name\":\"Javier Zamora\",\"@id\":\"https:\\\/\\\/radiolitoral.com\\\/#\\\/schema\\\/person\\\/7b1480b5caeb5acdd4ec6379caf62b22\"},\"headline\":\"Goleada del FB Teulada en el feudo de El Campello (0-4)\",\"datePublished\":\"2026-01-19T09:20:56+00:00\",\"mainEntityOfPage\":{\"@id\":\"https:\\\/\\\/radiolitoral.com\\\/2026\\\/01\\\/goleada-del-fb-teulada-en-el-feudo-de-el-campello-0-4\\\/\"},\"wordCount\":355,\"commentCount\":0,\"publisher\":{\"@id\":\"https:\\\/\\\/radiolitoral.com\\\/#organization\"},\"image\":{\"@id\":\"https:\\\/\\\/radiolitoral.com\\\/2026\\\/01\\\/goleada-del-fb-teulada-en-el-feudo-de-el-campello-0-4\\\/#primaryimage\"},\"thumbnailUrl\":\"https:\\\/\\\/media.radiolitoral.com\\\/wp-content\\\/uploads\\\/2026\\\/01\\\/19101205\\\/Teulada.jpg\",\"keywords\":[\"CD D\u00e9nia\",\"deportes\",\"El Campello\",\"FB Teulada\",\"Jos\u00e9 Cabe\",\"Juan Ribes \\\"Coca\\\"\",\"La Mancomunitat\",\"Pego CF\",\"Racing Algemes\u00ed\"],\"articleSection\":[\"Deportes\"],\"inLanguage\":\"ca\",\"potentialAction\":[{\"@type\":\"CommentAction\",\"name\":\"Comment\",\"target\":[\"https:\\\/\\\/radiolitoral.com\\\/2026\\\/01\\\/goleada-del-fb-teulada-en-el-feudo-de-el-campello-0-4\\\/#respond\"]}]},{\"@type\":[\"WebPage\",\"ItemPage\"],\"@id\":\"https:\\\/\\\/radiolitoral.com\\\/2026\\\/01\\\/goleada-del-fb-teulada-en-el-feudo-de-el-campello-0-4\\\/\",\"url\":\"https:\\\/\\\/radiolitoral.com\\\/2026\\\/01\\\/goleada-del-fb-teulada-en-el-feudo-de-el-campello-0-4\\\/\",\"name\":\"Goleada del FB Teulada en el feudo de El Campello (0-4) | R\u00e0dio Litoral\",\"isPartOf\":{\"@id\":\"https:\\\/\\\/radiolitoral.com\\\/#website\"},\"primaryImageOfPage\":{\"@id\":\"https:\\\/\\\/radiolitoral.com\\\/2026\\\/01\\\/goleada-del-fb-teulada-en-el-feudo-de-el-campello-0-4\\\/#primaryimage\"},\"image\":{\"@id\":\"https:\\\/\\\/radiolitoral.com\\\/2026\\\/01\\\/goleada-del-fb-teulada-en-el-feudo-de-el-campello-0-4\\\/#primaryimage\"},\"thumbnailUrl\":\"https:\\\/\\\/media.radiolitoral.com\\\/wp-content\\\/uploads\\\/2026\\\/01\\\/19101205\\\/Teulada.jpg\",\"datePublished\":\"2026-01-19T09:20:56+00:00\",\"description\":\"El CD D\u00e9nia perdi\u00f3 en su feudo ante R. Algemes\u00ed (0-2) y el Pego CF venci\u00f3 a La Mancomunitat (0-4)El CD D\u00e9nia perdi\u00f3 en su feudo ante R. Algemes\u00ed (0-2) y el Pego CF venci\u00f3 a La Mancomunitat (0-4)\",\"breadcrumb\":{\"@id\":\"https:\\\/\\\/radiolitoral.com\\\/2026\\\/01\\\/goleada-del-fb-teulada-en-el-feudo-de-el-campello-0-4\\\/#breadcrumb\"},\"inLanguage\":\"ca\",\"potentialAction\":[{\"@type\":\"ReadAction\",\"target\":[\"https:\\\/\\\/radiolitoral.com\\\/2026\\\/01\\\/goleada-del-fb-teulada-en-el-feudo-de-el-campello-0-4\\\/\"]}]},{\"@type\":\"ImageObject\",\"inLanguage\":\"ca\",\"@id\":\"https:\\\/\\\/radiolitoral.com\\\/2026\\\/01\\\/goleada-del-fb-teulada-en-el-feudo-de-el-campello-0-4\\\/#primaryimage\",\"url\":\"https:\\\/\\\/media.radiolitoral.com\\\/wp-content\\\/uploads\\\/2026\\\/01\\\/19101205\\\/Teulada.jpg\",\"contentUrl\":\"https:\\\/\\\/media.radiolitoral.com\\\/wp-content\\\/uploads\\\/2026\\\/01\\\/19101205\\\/Teulada.jpg\",\"width\":1536,\"height\":1156},{\"@type\":\"BreadcrumbList\",\"@id\":\"https:\\\/\\\/radiolitoral.com\\\/2026\\\/01\\\/goleada-del-fb-teulada-en-el-feudo-de-el-campello-0-4\\\/#breadcrumb\",\"itemListElement\":[{\"@type\":\"ListItem\",\"position\":1,\"name\":\"Portada\",\"item\":\"https:\\\/\\\/radiolitoral.com\\\/\"},{\"@type\":\"ListItem\",\"position\":2,\"name\":\"Goleada del FB Teulada en el feudo de El Campello (0-4)\"}]},{\"@type\":\"WebSite\",\"@id\":\"https:\\\/\\\/radiolitoral.com\\\/#website\",\"url\":\"https:\\\/\\\/radiolitoral.com\\\/\",\"name\":\"Radio Litoral\",\"description\":\"La radio local de la Marina Alta\",\"publisher\":{\"@id\":\"https:\\\/\\\/radiolitoral.com\\\/#organization\"},\"alternateName\":\"Litoral FM\",\"potentialAction\":[{\"@type\":\"SearchAction\",\"target\":{\"@type\":\"EntryPoint\",\"urlTemplate\":\"https:\\\/\\\/radiolitoral.com\\\/?s={search_term_string}\"},\"query-input\":{\"@type\":\"PropertyValueSpecification\",\"valueRequired\":true,\"valueName\":\"search_term_string\"}}],\"inLanguage\":\"ca\"},{\"@type\":\"Organization\",\"@id\":\"https:\\\/\\\/radiolitoral.com\\\/#organization\",\"name\":\"Radio Litoral\",\"url\":\"https:\\\/\\\/radiolitoral.com\\\/\",\"logo\":{\"@type\":\"ImageObject\",\"inLanguage\":\"ca\",\"@id\":\"https:\\\/\\\/radiolitoral.com\\\/#\\\/schema\\\/logo\\\/image\\\/\",\"url\":\"https:\\\/\\\/media.radiolitoral.com\\\/wp-content\\\/uploads\\\/2023\\\/02\\\/24143238\\\/CL-V-RadioLitoral696.png\",\"contentUrl\":\"https:\\\/\\\/media.radiolitoral.com\\\/wp-content\\\/uploads\\\/2023\\\/02\\\/24143238\\\/CL-V-RadioLitoral696.png\",\"width\":696,\"height\":696,\"caption\":\"Radio Litoral\"},\"image\":{\"@id\":\"https:\\\/\\\/radiolitoral.com\\\/#\\\/schema\\\/logo\\\/image\\\/\"},\"sameAs\":[\"https:\\\/\\\/www.facebook.com\\\/Laradiolitoral\\\/\"]},{\"@type\":\"Person\",\"@id\":\"https:\\\/\\\/radiolitoral.com\\\/#\\\/schema\\\/person\\\/7b1480b5caeb5acdd4ec6379caf62b22\",\"name\":\"Javier Zamora\",\"image\":{\"@type\":\"ImageObject\",\"inLanguage\":\"ca\",\"@id\":\"https:\\\/\\\/secure.gravatar.com\\\/avatar\\\/467a11f6918c7d619c4043fc6fa2d3853053107973f05b6e9c04ea6c4e3a7b3f?s=96&d=mm&r=g\",\"url\":\"https:\\\/\\\/secure.gravatar.com\\\/avatar\\\/467a11f6918c7d619c4043fc6fa2d3853053107973f05b6e9c04ea6c4e3a7b3f?s=96&d=mm&r=g\",\"contentUrl\":\"https:\\\/\\\/secure.gravatar.com\\\/avatar\\\/467a11f6918c7d619c4043fc6fa2d3853053107973f05b6e9c04ea6c4e3a7b3f?s=96&d=mm&r=g\",\"caption\":\"Javier Zamora\"},\"url\":\"https:\\\/\\\/radiolitoral.com\\\/ca\\\/author\\\/javier-zamora\\\/\"}]}<\/script>\n<!-- \/ Yoast SEO plugin. -->","yoast_head_json":{"title":"Golejada de l&#039;FB Teulada al feu del Campello (0-4) | R\u00e0dio Litoral","description":"El CD D\u00e9nia va perdre en el seu feu davant R. Algemes\u00ed (0-2) i el Pego CF va v\u00e8ncer La Mancomunitat (0-4)El CD D\u00e9nia va perdre en el seu feu davant R. Algemes\u00ed (0-2) i el Pego CF va v\u00e8ncer La Mancomunitat (0-4)","robots":{"index":"index","follow":"follow","max-snippet":"max-snippet:-1","max-image-preview":"max-image-preview:large","max-video-preview":"max-video-preview:-1"},"canonical":"https:\/\/radiolitoral.com\/ca\/2026\/01\/golejada-del-fb-teulada-al-feu-del-campell-0-4\/","og_locale":"ca_ES","og_type":"article","og_title":"Goleada del FB Teulada en el feudo de El Campello (0-4) | R\u00e0dio Litoral","og_description":"El CD D\u00e9nia perdi\u00f3 en su feudo ante R. Algemes\u00ed (0-2) y el Pego CF venci\u00f3 a La Mancomunitat (0-4)El CD D\u00e9nia perdi\u00f3 en su feudo ante R. Algemes\u00ed (0-2) y el Pego CF venci\u00f3 a La Mancomunitat (0-4)","og_url":"https:\/\/radiolitoral.com\/ca\/2026\/01\/golejada-del-fb-teulada-al-feu-del-campell-0-4\/","og_site_name":"R\u00e0dio Litoral","article_publisher":"https:\/\/www.facebook.com\/Laradiolitoral\/","article_published_time":"2026-01-19T09:20:56+00:00","og_image":[{"width":1536,"height":1156,"url":"https:\/\/media.radiolitoral.com\/wp-content\/uploads\/2026\/01\/19101205\/Teulada.jpg","type":"image\/jpeg"}],"author":"Javier Zamora","twitter_card":"summary_large_image","twitter_misc":{"Escrit per":"Javier Zamora","Temps estimat de lectura":"2 minuts"},"schema":{"@context":"https:\/\/schema.org","@graph":[{"@type":"NewsArticle","@id":"https:\/\/radiolitoral.com\/2026\/01\/goleada-del-fb-teulada-en-el-feudo-de-el-campello-0-4\/#article","isPartOf":{"@id":"https:\/\/radiolitoral.com\/2026\/01\/goleada-del-fb-teulada-en-el-feudo-de-el-campello-0-4\/"},"author":{"name":"Javier Zamora","@id":"https:\/\/radiolitoral.com\/#\/schema\/person\/7b1480b5caeb5acdd4ec6379caf62b22"},"headline":"Goleada del FB Teulada en el feudo de El Campello (0-4)","datePublished":"2026-01-19T09:20:56+00:00","mainEntityOfPage":{"@id":"https:\/\/radiolitoral.com\/2026\/01\/goleada-del-fb-teulada-en-el-feudo-de-el-campello-0-4\/"},"wordCount":355,"commentCount":0,"publisher":{"@id":"https:\/\/radiolitoral.com\/#organization"},"image":{"@id":"https:\/\/radiolitoral.com\/2026\/01\/goleada-del-fb-teulada-en-el-feudo-de-el-campello-0-4\/#primaryimage"},"thumbnailUrl":"https:\/\/media.radiolitoral.com\/wp-content\/uploads\/2026\/01\/19101205\/Teulada.jpg","keywords":["CD D\u00e9nia","deportes","El Campello","FB Teulada","Jos\u00e9 Cabe","Juan Ribes \"Coca\"","La Mancomunitat","Pego CF","Racing Algemes\u00ed"],"articleSection":["Deportes"],"inLanguage":"ca","potentialAction":[{"@type":"CommentAction","name":"Comment","target":["https:\/\/radiolitoral.com\/2026\/01\/goleada-del-fb-teulada-en-el-feudo-de-el-campello-0-4\/#respond"]}]},{"@type":["WebPage","ItemPage"],"@id":"https:\/\/radiolitoral.com\/2026\/01\/goleada-del-fb-teulada-en-el-feudo-de-el-campello-0-4\/","url":"https:\/\/radiolitoral.com\/2026\/01\/goleada-del-fb-teulada-en-el-feudo-de-el-campello-0-4\/","name":"Golejada de l&#039;FB Teulada al feu del Campello (0-4) | R\u00e0dio Litoral","isPartOf":{"@id":"https:\/\/radiolitoral.com\/#website"},"primaryImageOfPage":{"@id":"https:\/\/radiolitoral.com\/2026\/01\/goleada-del-fb-teulada-en-el-feudo-de-el-campello-0-4\/#primaryimage"},"image":{"@id":"https:\/\/radiolitoral.com\/2026\/01\/goleada-del-fb-teulada-en-el-feudo-de-el-campello-0-4\/#primaryimage"},"thumbnailUrl":"https:\/\/media.radiolitoral.com\/wp-content\/uploads\/2026\/01\/19101205\/Teulada.jpg","datePublished":"2026-01-19T09:20:56+00:00","description":"El CD D\u00e9nia va perdre en el seu feu davant R. Algemes\u00ed (0-2) i el Pego CF va v\u00e8ncer La Mancomunitat (0-4)El CD D\u00e9nia va perdre en el seu feu davant R. Algemes\u00ed (0-2) i el Pego CF va v\u00e8ncer La Mancomunitat (0-4)","breadcrumb":{"@id":"https:\/\/radiolitoral.com\/2026\/01\/goleada-del-fb-teulada-en-el-feudo-de-el-campello-0-4\/#breadcrumb"},"inLanguage":"ca","potentialAction":[{"@type":"ReadAction","target":["https:\/\/radiolitoral.com\/2026\/01\/goleada-del-fb-teulada-en-el-feudo-de-el-campello-0-4\/"]}]},{"@type":"ImageObject","inLanguage":"ca","@id":"https:\/\/radiolitoral.com\/2026\/01\/goleada-del-fb-teulada-en-el-feudo-de-el-campello-0-4\/#primaryimage","url":"https:\/\/media.radiolitoral.com\/wp-content\/uploads\/2026\/01\/19101205\/Teulada.jpg","contentUrl":"https:\/\/media.radiolitoral.com\/wp-content\/uploads\/2026\/01\/19101205\/Teulada.jpg","width":1536,"height":1156},{"@type":"BreadcrumbList","@id":"https:\/\/radiolitoral.com\/2026\/01\/goleada-del-fb-teulada-en-el-feudo-de-el-campello-0-4\/#breadcrumb","itemListElement":[{"@type":"ListItem","position":1,"name":"Portada","item":"https:\/\/radiolitoral.com\/"},{"@type":"ListItem","position":2,"name":"Goleada del FB Teulada en el feudo de El Campello (0-4)"}]},{"@type":"WebSite","@id":"https:\/\/radiolitoral.com\/#website","url":"https:\/\/radiolitoral.com\/","name":"R\u00e0dio Litoral","description":"La r\u00e0dio local de la Marina Alta","publisher":{"@id":"https:\/\/radiolitoral.com\/#organization"},"alternateName":"Litoral FM","potentialAction":[{"@type":"SearchAction","target":{"@type":"EntryPoint","urlTemplate":"https:\/\/radiolitoral.com\/?s={search_term_string}"},"query-input":{"@type":"PropertyValueSpecification","valueRequired":true,"valueName":"search_term_string"}}],"inLanguage":"ca"},{"@type":"Organization","@id":"https:\/\/radiolitoral.com\/#organization","name":"R\u00e0dio Litoral","url":"https:\/\/radiolitoral.com\/","logo":{"@type":"ImageObject","inLanguage":"ca","@id":"https:\/\/radiolitoral.com\/#\/schema\/logo\/image\/","url":"https:\/\/media.radiolitoral.com\/wp-content\/uploads\/2023\/02\/24143238\/CL-V-RadioLitoral696.png","contentUrl":"https:\/\/media.radiolitoral.com\/wp-content\/uploads\/2023\/02\/24143238\/CL-V-RadioLitoral696.png","width":696,"height":696,"caption":"Radio Litoral"},"image":{"@id":"https:\/\/radiolitoral.com\/#\/schema\/logo\/image\/"},"sameAs":["https:\/\/www.facebook.com\/Laradiolitoral\/"]},{"@type":"Person","@id":"https:\/\/radiolitoral.com\/#\/schema\/person\/7b1480b5caeb5acdd4ec6379caf62b22","name":"Javier Zamora","image":{"@type":"ImageObject","inLanguage":"ca","@id":"https:\/\/secure.gravatar.com\/avatar\/467a11f6918c7d619c4043fc6fa2d3853053107973f05b6e9c04ea6c4e3a7b3f?s=96&d=mm&r=g","url":"https:\/\/secure.gravatar.com\/avatar\/467a11f6918c7d619c4043fc6fa2d3853053107973f05b6e9c04ea6c4e3a7b3f?s=96&d=mm&r=g","contentUrl":"https:\/\/secure.gravatar.com\/avatar\/467a11f6918c7d619c4043fc6fa2d3853053107973f05b6e9c04ea6c4e3a7b3f?s=96&d=mm&r=g","caption":"Javier Zamora"},"url":"https:\/\/radiolitoral.com\/ca\/author\/javier-zamora\/"}]}},"_links":{"self":[{"href":"https:\/\/radiolitoral.com\/ca\/wp-json\/wp\/v2\/posts\/19635","targetHints":{"allow":["GET"]}}],"collection":[{"href":"https:\/\/radiolitoral.com\/ca\/wp-json\/wp\/v2\/posts"}],"about":[{"href":"https:\/\/radiolitoral.com\/ca\/wp-json\/wp\/v2\/types\/post"}],"author":[{"embeddable":true,"href":"https:\/\/radiolitoral.com\/ca\/wp-json\/wp\/v2\/users\/12"}],"replies":[{"embeddable":true,"href":"https:\/\/radiolitoral.com\/ca\/wp-json\/wp\/v2\/comments?post=19635"}],"version-history":[{"count":2,"href":"https:\/\/radiolitoral.com\/ca\/wp-json\/wp\/v2\/posts\/19635\/revisions"}],"predecessor-version":[{"id":19638,"href":"https:\/\/radiolitoral.com\/ca\/wp-json\/wp\/v2\/posts\/19635\/revisions\/19638"}],"wp:featuredmedia":[{"embeddable":true,"href":"https:\/\/radiolitoral.com\/ca\/wp-json\/wp\/v2\/media\/19636"}],"wp:attachment":[{"href":"https:\/\/radiolitoral.com\/ca\/wp-json\/wp\/v2\/media?parent=19635"}],"wp:term":[{"taxonomy":"category","embeddable":true,"href":"https:\/\/radiolitoral.com\/ca\/wp-json\/wp\/v2\/categories?post=19635"},{"taxonomy":"post_tag","embeddable":true,"href":"https:\/\/radiolitoral.com\/ca\/wp-json\/wp\/v2\/tags?post=19635"}],"curies":[{"name":"wp","href":"https:\/\/api.w.org\/{rel}","templated":true}]}}