{"id":19557,"date":"2026-01-09T10:30:44","date_gmt":"2026-01-09T09:30:44","guid":{"rendered":"https:\/\/radiolitoral.com\/?p=19557"},"modified":"2026-01-09T10:37:05","modified_gmt":"2026-01-09T09:37:05","slug":"la-ut-calp-busca-el-triomf-en-redoven","status":"publish","type":"post","link":"https:\/\/radiolitoral.com\/ca\/2026\/01\/la-ud-calpe-busca-el-triunfo-en-redovan\/","title":{"rendered":"La UD Calp busca el triomf a Redov\u00e1n"},"content":{"rendered":"<p>La <strong>Lliga Comunitat<\/strong> de futbol comen\u00e7a al nou any amb una jornada decisiva per als interessos de la <strong>UD Calp<\/strong>, que es juga molt en aquest partit de la <strong>16a jornada<\/strong>.<\/p>\n<h4>Redov\u00e1n-UD Calp (Diumenge 11:30 H)<\/h4>\n<p>La <strong>UD Calp<\/strong> tamb\u00e9 t\u00e9 un partit fonamental aquest <strong>diumenge<\/strong>, ja que visitar\u00e0 el <strong>camp Antonio Pascual de Redov\u00e1n<\/strong> a les <strong>11:30 hores<\/strong>, on s&#039;enfrontar\u00e0 al <strong>Redov\u00e1n<\/strong>. El partit ser\u00e0 arbitrat per <strong>Pa Fern\u00e1ndez<\/strong>.<\/p>\n<p>Els calpins van arribar al descans nadalenc amb una important vict\u00f2ria aconseguida als despatxos, despr\u00e9s de la seva protesta per alineaci\u00f3 indeguda contra el <strong>CF<\/strong> <strong data-start=\"2024\" data-end=\"2036\">Benidorm<\/strong>, cosa que els va permetre sumar tres punts addicionals. Aquest resultat ha donat un respir a l&#039;equip de <strong data-start=\"2140\" data-end=\"2156\">Pedro Perles<\/strong>, que afronta aquest partit en una posici\u00f3 c\u00f2moda a la classificaci\u00f3, allunyats dels llocs de descens que no fa gaire ocupaven.<\/p>\n<p data-start=\"2296\" data-end=\"2594\">La UD Calp es troba a 4 punts del Redov\u00e1n, de manera que una vict\u00f2ria en aquest enfrontament els permetria seguir escapant de la zona baixa de la taula. Perles no podr\u00e0 comptar amb els sancionats<strong data-start=\"2501\" data-end=\"2532\"> Terol i Galiana<\/strong>, cosa que obligar\u00e0 a realitzar alguns ajustaments en la seva alineaci\u00f3.<\/p>\n<p data-start=\"2596\" data-end=\"2737\">Al Redov\u00e1n, <strong data-start=\"2615\" data-end=\"2625\">\u00c1lvaro<\/strong> i <strong data-start=\"2628\" data-end=\"2637\">Lli\u00e7\u00f3<\/strong> tamb\u00e9 es perden el partit per sanci\u00f3, cosa que iguala encara m\u00e9s les forces en aquest matx.<\/p>\n<p>&nbsp;<\/p>\n<p>&nbsp;<\/p>\n<p><script src=\"chrome-extension:\/\/flbolonkboilcbnohjlchlfgdalomdpl\/iFrame.js\" type=\"text\/javascript\"><\/script><\/p>\n<p><script src=\"chrome-extension:\/\/flbolonkboilcbnohjlchlfgdalomdpl\/iFrame.js\" type=\"text\/javascript\"><\/script><\/p>","protected":false},"excerpt":{"rendered":"<p>La Lliga Comunitat de f\u00fatbol da comienzo al nuevo a\u00f1o con una jornada decisiva para los intereses de la UD\u00a0Calpe, que se juega mucho en este partido de la 16\u00aa jornada. Redov\u00e1n-UD Calpe (Domingo 11:30 H) La UD Calpe tambi\u00e9n tiene un partido fundamental este domingo, ya que visitar\u00e1 el campo Antonio Pascual de Redov\u00e1n [&#8230;]<\/p>\n<p><a class=\"btn btn-secondary understrap-read-more-link\" href=\"https:\/\/radiolitoral.com\/ca\/2026\/01\/la-ud-calpe-busca-el-triunfo-en-redovan\/\">Continua llegint&#8230;<span class=\"screen-reader-text\"> from La UD Calpe busca el triunfo en Redov\u00e1n<\/span><\/a><\/p>\n","protected":false},"author":12,"featured_media":19558,"comment_status":"open","ping_status":"closed","sticky":false,"template":"","format":"standard","meta":{"_acf_changed":false,"inline_featured_image":false,"footnotes":""},"categories":[5],"tags":[1297,1353,6,1871,889],"class_list":["post-19557","post","type-post","status-publish","format-standard","has-post-thumbnail","hentry","category-deportes","tag-cf-benidorm","tag-cf-redovan","tag-deportes","tag-pedro-perles","tag-ud-calpe","cobertura-calp"],"acf":[],"yoast_head":"<!-- This site is optimized with the Yoast SEO plugin v27.5 - https:\/\/yoast.com\/product\/yoast-seo-wordpress\/ -->\n<title>La UD Calpe busca el triunfo en Redov\u00e1n | R\u00e0dio Litoral<\/title>\n<meta name=\"description\" content=\"Los hombres que dirige Pedro Perles conjurados para seguir creciendo en la clasificaci\u00f3n Los hombres que dirige Pedro Perles conjurados para seguir creciendo en la clasificaci\u00f3n\" \/>\n<meta name=\"robots\" content=\"index, follow, max-snippet:-1, max-image-preview:large, max-video-preview:-1\" \/>\n<link rel=\"canonical\" href=\"https:\/\/radiolitoral.com\/ca\/2026\/01\/la-ut-calp-busca-el-triomf-en-redoven\/\" \/>\n<meta property=\"og:locale\" content=\"ca_ES\" \/>\n<meta property=\"og:type\" content=\"article\" \/>\n<meta property=\"og:title\" content=\"La UD Calpe busca el triunfo en Redov\u00e1n | R\u00e0dio Litoral\" \/>\n<meta property=\"og:description\" content=\"Los hombres que dirige Pedro Perles conjurados para seguir creciendo en la clasificaci\u00f3n Los hombres que dirige Pedro Perles conjurados para seguir creciendo en la clasificaci\u00f3n\" \/>\n<meta property=\"og:url\" content=\"https:\/\/radiolitoral.com\/ca\/2026\/01\/la-ut-calp-busca-el-triomf-en-redoven\/\" \/>\n<meta property=\"og:site_name\" content=\"R\u00e0dio Litoral\" \/>\n<meta property=\"article:publisher\" content=\"https:\/\/www.facebook.com\/Laradiolitoral\/\" \/>\n<meta property=\"article:published_time\" content=\"2026-01-09T09:30:44+00:00\" \/>\n<meta property=\"article:modified_time\" content=\"2026-01-09T09:37:05+00:00\" \/>\n<meta property=\"og:image\" content=\"https:\/\/media.radiolitoral.com\/wp-content\/uploads\/2026\/01\/09102905\/527453853_18158046433373693_4141525388001382172_n.jpg\" \/>\n\t<meta property=\"og:image:width\" content=\"1200\" \/>\n\t<meta property=\"og:image:height\" content=\"900\" \/>\n\t<meta property=\"og:image:type\" content=\"image\/jpeg\" \/>\n<meta name=\"author\" content=\"Javier Zamora\" \/>\n<meta name=\"twitter:card\" content=\"summary_large_image\" \/>\n<meta name=\"twitter:label1\" content=\"Escrit per\" \/>\n\t<meta name=\"twitter:data1\" content=\"Javier Zamora\" \/>\n\t<meta name=\"twitter:label2\" content=\"Temps estimat de lectura\" \/>\n\t<meta name=\"twitter:data2\" content=\"2 minuts\" \/>\n<script type=\"application\/ld+json\" class=\"yoast-schema-graph\">{\"@context\":\"https:\\\/\\\/schema.org\",\"@graph\":[{\"@type\":\"NewsArticle\",\"@id\":\"https:\\\/\\\/radiolitoral.com\\\/2026\\\/01\\\/la-ud-calpe-busca-el-triunfo-en-redovan\\\/#article\",\"isPartOf\":{\"@id\":\"https:\\\/\\\/radiolitoral.com\\\/2026\\\/01\\\/la-ud-calpe-busca-el-triunfo-en-redovan\\\/\"},\"author\":{\"name\":\"Javier Zamora\",\"@id\":\"https:\\\/\\\/radiolitoral.com\\\/#\\\/schema\\\/person\\\/7b1480b5caeb5acdd4ec6379caf62b22\"},\"headline\":\"La UD Calpe busca el triunfo en Redov\u00e1n\",\"datePublished\":\"2026-01-09T09:30:44+00:00\",\"dateModified\":\"2026-01-09T09:37:05+00:00\",\"mainEntityOfPage\":{\"@id\":\"https:\\\/\\\/radiolitoral.com\\\/2026\\\/01\\\/la-ud-calpe-busca-el-triunfo-en-redovan\\\/\"},\"wordCount\":237,\"commentCount\":0,\"publisher\":{\"@id\":\"https:\\\/\\\/radiolitoral.com\\\/#organization\"},\"image\":{\"@id\":\"https:\\\/\\\/radiolitoral.com\\\/2026\\\/01\\\/la-ud-calpe-busca-el-triunfo-en-redovan\\\/#primaryimage\"},\"thumbnailUrl\":\"https:\\\/\\\/media.radiolitoral.com\\\/wp-content\\\/uploads\\\/2026\\\/01\\\/09102905\\\/527453853_18158046433373693_4141525388001382172_n.jpg\",\"keywords\":[\"CF Benidorm\",\"CF Redov\u00e1n\",\"deportes\",\"Pedro Perles\",\"UD Calpe\"],\"articleSection\":[\"Deportes\"],\"inLanguage\":\"ca\",\"potentialAction\":[{\"@type\":\"CommentAction\",\"name\":\"Comment\",\"target\":[\"https:\\\/\\\/radiolitoral.com\\\/2026\\\/01\\\/la-ud-calpe-busca-el-triunfo-en-redovan\\\/#respond\"]}]},{\"@type\":[\"WebPage\",\"ItemPage\"],\"@id\":\"https:\\\/\\\/radiolitoral.com\\\/2026\\\/01\\\/la-ud-calpe-busca-el-triunfo-en-redovan\\\/\",\"url\":\"https:\\\/\\\/radiolitoral.com\\\/2026\\\/01\\\/la-ud-calpe-busca-el-triunfo-en-redovan\\\/\",\"name\":\"La UD Calpe busca el triunfo en Redov\u00e1n | R\u00e0dio Litoral\",\"isPartOf\":{\"@id\":\"https:\\\/\\\/radiolitoral.com\\\/#website\"},\"primaryImageOfPage\":{\"@id\":\"https:\\\/\\\/radiolitoral.com\\\/2026\\\/01\\\/la-ud-calpe-busca-el-triunfo-en-redovan\\\/#primaryimage\"},\"image\":{\"@id\":\"https:\\\/\\\/radiolitoral.com\\\/2026\\\/01\\\/la-ud-calpe-busca-el-triunfo-en-redovan\\\/#primaryimage\"},\"thumbnailUrl\":\"https:\\\/\\\/media.radiolitoral.com\\\/wp-content\\\/uploads\\\/2026\\\/01\\\/09102905\\\/527453853_18158046433373693_4141525388001382172_n.jpg\",\"datePublished\":\"2026-01-09T09:30:44+00:00\",\"dateModified\":\"2026-01-09T09:37:05+00:00\",\"description\":\"Los hombres que dirige Pedro Perles conjurados para seguir creciendo en la clasificaci\u00f3n Los hombres que dirige Pedro Perles conjurados para seguir creciendo en la clasificaci\u00f3n\",\"breadcrumb\":{\"@id\":\"https:\\\/\\\/radiolitoral.com\\\/2026\\\/01\\\/la-ud-calpe-busca-el-triunfo-en-redovan\\\/#breadcrumb\"},\"inLanguage\":\"ca\",\"potentialAction\":[{\"@type\":\"ReadAction\",\"target\":[\"https:\\\/\\\/radiolitoral.com\\\/2026\\\/01\\\/la-ud-calpe-busca-el-triunfo-en-redovan\\\/\"]}]},{\"@type\":\"ImageObject\",\"inLanguage\":\"ca\",\"@id\":\"https:\\\/\\\/radiolitoral.com\\\/2026\\\/01\\\/la-ud-calpe-busca-el-triunfo-en-redovan\\\/#primaryimage\",\"url\":\"https:\\\/\\\/media.radiolitoral.com\\\/wp-content\\\/uploads\\\/2026\\\/01\\\/09102905\\\/527453853_18158046433373693_4141525388001382172_n.jpg\",\"contentUrl\":\"https:\\\/\\\/media.radiolitoral.com\\\/wp-content\\\/uploads\\\/2026\\\/01\\\/09102905\\\/527453853_18158046433373693_4141525388001382172_n.jpg\",\"width\":1200,\"height\":900},{\"@type\":\"BreadcrumbList\",\"@id\":\"https:\\\/\\\/radiolitoral.com\\\/2026\\\/01\\\/la-ud-calpe-busca-el-triunfo-en-redovan\\\/#breadcrumb\",\"itemListElement\":[{\"@type\":\"ListItem\",\"position\":1,\"name\":\"Portada\",\"item\":\"https:\\\/\\\/radiolitoral.com\\\/\"},{\"@type\":\"ListItem\",\"position\":2,\"name\":\"La UD Calpe busca el triunfo en Redov\u00e1n\"}]},{\"@type\":\"WebSite\",\"@id\":\"https:\\\/\\\/radiolitoral.com\\\/#website\",\"url\":\"https:\\\/\\\/radiolitoral.com\\\/\",\"name\":\"Radio Litoral\",\"description\":\"La radio local de la Marina Alta\",\"publisher\":{\"@id\":\"https:\\\/\\\/radiolitoral.com\\\/#organization\"},\"alternateName\":\"Litoral FM\",\"potentialAction\":[{\"@type\":\"SearchAction\",\"target\":{\"@type\":\"EntryPoint\",\"urlTemplate\":\"https:\\\/\\\/radiolitoral.com\\\/?s={search_term_string}\"},\"query-input\":{\"@type\":\"PropertyValueSpecification\",\"valueRequired\":true,\"valueName\":\"search_term_string\"}}],\"inLanguage\":\"ca\"},{\"@type\":\"Organization\",\"@id\":\"https:\\\/\\\/radiolitoral.com\\\/#organization\",\"name\":\"Radio Litoral\",\"url\":\"https:\\\/\\\/radiolitoral.com\\\/\",\"logo\":{\"@type\":\"ImageObject\",\"inLanguage\":\"ca\",\"@id\":\"https:\\\/\\\/radiolitoral.com\\\/#\\\/schema\\\/logo\\\/image\\\/\",\"url\":\"https:\\\/\\\/media.radiolitoral.com\\\/wp-content\\\/uploads\\\/2023\\\/02\\\/24143238\\\/CL-V-RadioLitoral696.png\",\"contentUrl\":\"https:\\\/\\\/media.radiolitoral.com\\\/wp-content\\\/uploads\\\/2023\\\/02\\\/24143238\\\/CL-V-RadioLitoral696.png\",\"width\":696,\"height\":696,\"caption\":\"Radio Litoral\"},\"image\":{\"@id\":\"https:\\\/\\\/radiolitoral.com\\\/#\\\/schema\\\/logo\\\/image\\\/\"},\"sameAs\":[\"https:\\\/\\\/www.facebook.com\\\/Laradiolitoral\\\/\"]},{\"@type\":\"Person\",\"@id\":\"https:\\\/\\\/radiolitoral.com\\\/#\\\/schema\\\/person\\\/7b1480b5caeb5acdd4ec6379caf62b22\",\"name\":\"Javier Zamora\",\"image\":{\"@type\":\"ImageObject\",\"inLanguage\":\"ca\",\"@id\":\"https:\\\/\\\/secure.gravatar.com\\\/avatar\\\/467a11f6918c7d619c4043fc6fa2d3853053107973f05b6e9c04ea6c4e3a7b3f?s=96&d=mm&r=g\",\"url\":\"https:\\\/\\\/secure.gravatar.com\\\/avatar\\\/467a11f6918c7d619c4043fc6fa2d3853053107973f05b6e9c04ea6c4e3a7b3f?s=96&d=mm&r=g\",\"contentUrl\":\"https:\\\/\\\/secure.gravatar.com\\\/avatar\\\/467a11f6918c7d619c4043fc6fa2d3853053107973f05b6e9c04ea6c4e3a7b3f?s=96&d=mm&r=g\",\"caption\":\"Javier Zamora\"},\"url\":\"https:\\\/\\\/radiolitoral.com\\\/ca\\\/author\\\/javier-zamora\\\/\"}]}<\/script>\n<!-- \/ Yoast SEO plugin. -->","yoast_head_json":{"title":"La UD Calp busca el triomf a Redov\u00e1n | R\u00e0dio Litoral","description":"Els homes que dirigeix Pedro Perles conjurats per seguir creixent a la classificaci\u00f3 Els homes que dirigeix Pedro Perles conjurats per seguir creixent a la classificaci\u00f3","robots":{"index":"index","follow":"follow","max-snippet":"max-snippet:-1","max-image-preview":"max-image-preview:large","max-video-preview":"max-video-preview:-1"},"canonical":"https:\/\/radiolitoral.com\/ca\/2026\/01\/la-ut-calp-busca-el-triomf-en-redoven\/","og_locale":"ca_ES","og_type":"article","og_title":"La UD Calpe busca el triunfo en Redov\u00e1n | R\u00e0dio Litoral","og_description":"Los hombres que dirige Pedro Perles conjurados para seguir creciendo en la clasificaci\u00f3n Los hombres que dirige Pedro Perles conjurados para seguir creciendo en la clasificaci\u00f3n","og_url":"https:\/\/radiolitoral.com\/ca\/2026\/01\/la-ut-calp-busca-el-triomf-en-redoven\/","og_site_name":"R\u00e0dio Litoral","article_publisher":"https:\/\/www.facebook.com\/Laradiolitoral\/","article_published_time":"2026-01-09T09:30:44+00:00","article_modified_time":"2026-01-09T09:37:05+00:00","og_image":[{"width":1200,"height":900,"url":"https:\/\/media.radiolitoral.com\/wp-content\/uploads\/2026\/01\/09102905\/527453853_18158046433373693_4141525388001382172_n.jpg","type":"image\/jpeg"}],"author":"Javier Zamora","twitter_card":"summary_large_image","twitter_misc":{"Escrit per":"Javier Zamora","Temps estimat de lectura":"2 minuts"},"schema":{"@context":"https:\/\/schema.org","@graph":[{"@type":"NewsArticle","@id":"https:\/\/radiolitoral.com\/2026\/01\/la-ud-calpe-busca-el-triunfo-en-redovan\/#article","isPartOf":{"@id":"https:\/\/radiolitoral.com\/2026\/01\/la-ud-calpe-busca-el-triunfo-en-redovan\/"},"author":{"name":"Javier Zamora","@id":"https:\/\/radiolitoral.com\/#\/schema\/person\/7b1480b5caeb5acdd4ec6379caf62b22"},"headline":"La UD Calpe busca el triunfo en Redov\u00e1n","datePublished":"2026-01-09T09:30:44+00:00","dateModified":"2026-01-09T09:37:05+00:00","mainEntityOfPage":{"@id":"https:\/\/radiolitoral.com\/2026\/01\/la-ud-calpe-busca-el-triunfo-en-redovan\/"},"wordCount":237,"commentCount":0,"publisher":{"@id":"https:\/\/radiolitoral.com\/#organization"},"image":{"@id":"https:\/\/radiolitoral.com\/2026\/01\/la-ud-calpe-busca-el-triunfo-en-redovan\/#primaryimage"},"thumbnailUrl":"https:\/\/media.radiolitoral.com\/wp-content\/uploads\/2026\/01\/09102905\/527453853_18158046433373693_4141525388001382172_n.jpg","keywords":["CF Benidorm","CF Redov\u00e1n","deportes","Pedro Perles","UD Calpe"],"articleSection":["Deportes"],"inLanguage":"ca","potentialAction":[{"@type":"CommentAction","name":"Comment","target":["https:\/\/radiolitoral.com\/2026\/01\/la-ud-calpe-busca-el-triunfo-en-redovan\/#respond"]}]},{"@type":["WebPage","ItemPage"],"@id":"https:\/\/radiolitoral.com\/2026\/01\/la-ud-calpe-busca-el-triunfo-en-redovan\/","url":"https:\/\/radiolitoral.com\/2026\/01\/la-ud-calpe-busca-el-triunfo-en-redovan\/","name":"La UD Calp busca el triomf a Redov\u00e1n | R\u00e0dio Litoral","isPartOf":{"@id":"https:\/\/radiolitoral.com\/#website"},"primaryImageOfPage":{"@id":"https:\/\/radiolitoral.com\/2026\/01\/la-ud-calpe-busca-el-triunfo-en-redovan\/#primaryimage"},"image":{"@id":"https:\/\/radiolitoral.com\/2026\/01\/la-ud-calpe-busca-el-triunfo-en-redovan\/#primaryimage"},"thumbnailUrl":"https:\/\/media.radiolitoral.com\/wp-content\/uploads\/2026\/01\/09102905\/527453853_18158046433373693_4141525388001382172_n.jpg","datePublished":"2026-01-09T09:30:44+00:00","dateModified":"2026-01-09T09:37:05+00:00","description":"Els homes que dirigeix Pedro Perles conjurats per seguir creixent a la classificaci\u00f3 Els homes que dirigeix Pedro Perles conjurats per seguir creixent a la classificaci\u00f3","breadcrumb":{"@id":"https:\/\/radiolitoral.com\/2026\/01\/la-ud-calpe-busca-el-triunfo-en-redovan\/#breadcrumb"},"inLanguage":"ca","potentialAction":[{"@type":"ReadAction","target":["https:\/\/radiolitoral.com\/2026\/01\/la-ud-calpe-busca-el-triunfo-en-redovan\/"]}]},{"@type":"ImageObject","inLanguage":"ca","@id":"https:\/\/radiolitoral.com\/2026\/01\/la-ud-calpe-busca-el-triunfo-en-redovan\/#primaryimage","url":"https:\/\/media.radiolitoral.com\/wp-content\/uploads\/2026\/01\/09102905\/527453853_18158046433373693_4141525388001382172_n.jpg","contentUrl":"https:\/\/media.radiolitoral.com\/wp-content\/uploads\/2026\/01\/09102905\/527453853_18158046433373693_4141525388001382172_n.jpg","width":1200,"height":900},{"@type":"BreadcrumbList","@id":"https:\/\/radiolitoral.com\/2026\/01\/la-ud-calpe-busca-el-triunfo-en-redovan\/#breadcrumb","itemListElement":[{"@type":"ListItem","position":1,"name":"Portada","item":"https:\/\/radiolitoral.com\/"},{"@type":"ListItem","position":2,"name":"La UD Calpe busca el triunfo en Redov\u00e1n"}]},{"@type":"WebSite","@id":"https:\/\/radiolitoral.com\/#website","url":"https:\/\/radiolitoral.com\/","name":"R\u00e0dio Litoral","description":"La r\u00e0dio local de la Marina Alta","publisher":{"@id":"https:\/\/radiolitoral.com\/#organization"},"alternateName":"Litoral FM","potentialAction":[{"@type":"SearchAction","target":{"@type":"EntryPoint","urlTemplate":"https:\/\/radiolitoral.com\/?s={search_term_string}"},"query-input":{"@type":"PropertyValueSpecification","valueRequired":true,"valueName":"search_term_string"}}],"inLanguage":"ca"},{"@type":"Organization","@id":"https:\/\/radiolitoral.com\/#organization","name":"R\u00e0dio Litoral","url":"https:\/\/radiolitoral.com\/","logo":{"@type":"ImageObject","inLanguage":"ca","@id":"https:\/\/radiolitoral.com\/#\/schema\/logo\/image\/","url":"https:\/\/media.radiolitoral.com\/wp-content\/uploads\/2023\/02\/24143238\/CL-V-RadioLitoral696.png","contentUrl":"https:\/\/media.radiolitoral.com\/wp-content\/uploads\/2023\/02\/24143238\/CL-V-RadioLitoral696.png","width":696,"height":696,"caption":"Radio Litoral"},"image":{"@id":"https:\/\/radiolitoral.com\/#\/schema\/logo\/image\/"},"sameAs":["https:\/\/www.facebook.com\/Laradiolitoral\/"]},{"@type":"Person","@id":"https:\/\/radiolitoral.com\/#\/schema\/person\/7b1480b5caeb5acdd4ec6379caf62b22","name":"Javier Zamora","image":{"@type":"ImageObject","inLanguage":"ca","@id":"https:\/\/secure.gravatar.com\/avatar\/467a11f6918c7d619c4043fc6fa2d3853053107973f05b6e9c04ea6c4e3a7b3f?s=96&d=mm&r=g","url":"https:\/\/secure.gravatar.com\/avatar\/467a11f6918c7d619c4043fc6fa2d3853053107973f05b6e9c04ea6c4e3a7b3f?s=96&d=mm&r=g","contentUrl":"https:\/\/secure.gravatar.com\/avatar\/467a11f6918c7d619c4043fc6fa2d3853053107973f05b6e9c04ea6c4e3a7b3f?s=96&d=mm&r=g","caption":"Javier Zamora"},"url":"https:\/\/radiolitoral.com\/ca\/author\/javier-zamora\/"}]}},"_links":{"self":[{"href":"https:\/\/radiolitoral.com\/ca\/wp-json\/wp\/v2\/posts\/19557","targetHints":{"allow":["GET"]}}],"collection":[{"href":"https:\/\/radiolitoral.com\/ca\/wp-json\/wp\/v2\/posts"}],"about":[{"href":"https:\/\/radiolitoral.com\/ca\/wp-json\/wp\/v2\/types\/post"}],"author":[{"embeddable":true,"href":"https:\/\/radiolitoral.com\/ca\/wp-json\/wp\/v2\/users\/12"}],"replies":[{"embeddable":true,"href":"https:\/\/radiolitoral.com\/ca\/wp-json\/wp\/v2\/comments?post=19557"}],"version-history":[{"count":3,"href":"https:\/\/radiolitoral.com\/ca\/wp-json\/wp\/v2\/posts\/19557\/revisions"}],"predecessor-version":[{"id":19562,"href":"https:\/\/radiolitoral.com\/ca\/wp-json\/wp\/v2\/posts\/19557\/revisions\/19562"}],"wp:featuredmedia":[{"embeddable":true,"href":"https:\/\/radiolitoral.com\/ca\/wp-json\/wp\/v2\/media\/19558"}],"wp:attachment":[{"href":"https:\/\/radiolitoral.com\/ca\/wp-json\/wp\/v2\/media?parent=19557"}],"wp:term":[{"taxonomy":"category","embeddable":true,"href":"https:\/\/radiolitoral.com\/ca\/wp-json\/wp\/v2\/categories?post=19557"},{"taxonomy":"post_tag","embeddable":true,"href":"https:\/\/radiolitoral.com\/ca\/wp-json\/wp\/v2\/tags?post=19557"}],"curies":[{"name":"wp","href":"https:\/\/api.w.org\/{rel}","templated":true}]}}