{"id":19552,"date":"2026-01-09T10:24:38","date_gmt":"2026-01-09T09:24:38","guid":{"rendered":"https:\/\/radiolitoral.com\/?p=19552"},"modified":"2026-01-09T10:24:38","modified_gmt":"2026-01-09T09:24:38","slug":"el-cb-ifach-calp-visita-la-pista-descolapies-valencia","status":"publish","type":"post","link":"https:\/\/radiolitoral.com\/ca\/2026\/01\/el-cb-ifach-calpe-visita-la-pista-de-escolapias-valencia\/","title":{"rendered":"El CB Ifach Calpe visita la pista d&#039;escol\u00e0pies Val\u00e8ncia"},"content":{"rendered":"<p>Aquest <strong data-start=\"209\" data-end=\"237\">dissabte a les 20:00 hores<\/strong>, el <strong data-start=\"242\" data-end=\"279\">pavell\u00f3 de la Pexina de Val\u00e8ncia<\/strong> ser\u00e0 lescenari dun enfrontament clau per al <strong data-start=\"333\" data-end=\"351\">CB Ifach Calp<\/strong>, que es mesurar\u00e0 al <strong data-start=\"370\" data-end=\"393\">Escol\u00e0pies Val\u00e8ncia<\/strong> a la <strong data-start=\"400\" data-end=\"459\">Lliga Foster Hollywood de Primera Nacional de b\u00e0squet<\/strong>. L&#039;equip de Calp, actual l\u00edder del grup B, arriba al partit amb la motivaci\u00f3 de seguir sumant vict\u00f2ries, per\u00f2 tamb\u00e9 amb el coneixement que el rival, jove i competitiu, buscar\u00e0 donar-los la segona derrota de la temporada.<\/p>\n<h4>Complicat rival<\/h4>\n<p data-start=\"753\" data-end=\"1100\">El <strong data-start=\"756\" data-end=\"779\">Escol\u00e0pies Val\u00e8ncia<\/strong> \u00e9s un dels equips m\u00e9s joves de la competici\u00f3, per\u00f2 aix\u00f2 no li ha impedit de guanyar-se una bona reputaci\u00f3. L&#039;equip es fa fort a la pista de casa, i fins ara, l&#039;\u00fanic conjunt que ha aconseguit guanyar a la seva pista ha estat el <strong data-start=\"1026\" data-end=\"1043\">B\u00e0squet Altea<\/strong>, el que demostra la dificultat de competir en el seu feu.<\/p>\n<p data-start=\"1102\" data-end=\"1452\">Els valencians arriben al partit amb una gran motivaci\u00f3, sabent que v\u00e8ncer el l\u00edder de grup els permetr\u00e0 donar un cop d&#039;autoritat a la classificaci\u00f3 i seguir creixent com a equip. Tot i la seva joventut, l&#039;Escolapias Val\u00e8ncia ha demostrat ser un conjunt <strong data-start=\"1376\" data-end=\"1386\">roc\u00f3s<\/strong>, amb molt potencial i amb moltes ganes de lluitar per cada punt.<\/p>\n<p data-start=\"1102\" data-end=\"1452\">Per la seva banda, el <strong data-start=\"1518\" data-end=\"1536\">CB Ifach Calp<\/strong>, sota la direcci\u00f3 de <strong data-start=\"1559\" data-end=\"1573\">Kike Valle<\/strong>, es presenta amb un gran nivell de confian\u00e7a despr\u00e9s d&#039;un inici de temporada s\u00f2lid. L\u00b4equip s\u00b4ha mostrat <strong data-start=\"1679\" data-end=\"1698\">molt competitiu<\/strong> fins ara i es mant\u00e9 com a l\u00edder del seu grup, una posici\u00f3 que desitgen <strong data-start=\"1773\" data-end=\"1787\">consolidar<\/strong>. No obstant aix\u00f2, els calpins s\u00f3n conscients que <strong data-start=\"1838\" data-end=\"1865\">cada partit \u00e9s un repte<\/strong>, i enfrontar-se a l&#039;Escolapias Val\u00e8ncia, un equip complicat a la pista, no ser\u00e0 una tasca f\u00e0cil.<\/p>\n<p><script src=\"chrome-extension:\/\/flbolonkboilcbnohjlchlfgdalomdpl\/iFrame.js\" type=\"text\/javascript\"><\/script><\/p>","protected":false},"excerpt":{"rendered":"<p>Este s\u00e1bado a las 20:00 horas, el pabell\u00f3n de la Pexina de Valencia ser\u00e1 el escenario de un enfrentamiento clave para el CB Ifach Calpe, que se medir\u00e1 al Escolapias Valencia en la Liga Foster Hollywood de Primera Nacional de baloncesto. El equipo de Calpe, actual l\u00edder del grupo B, llega al partido con la [&#8230;]<\/p>\n<p><a class=\"btn btn-secondary understrap-read-more-link\" href=\"https:\/\/radiolitoral.com\/ca\/2026\/01\/el-cb-ifach-calpe-visita-la-pista-de-escolapias-valencia\/\">Continua llegint&#8230;<span class=\"screen-reader-text\"> from El CB Ifach Calpe visita la pista de Escolapias Valencia<\/span><\/a><\/p>\n","protected":false},"author":12,"featured_media":19553,"comment_status":"open","ping_status":"closed","sticky":false,"template":"","format":"standard","meta":{"_acf_changed":false,"inline_featured_image":false,"footnotes":""},"categories":[5],"tags":[5151,952,6,5149,2406,5150],"class_list":["post-19552","post","type-post","status-publish","format-standard","has-post-thumbnail","hentry","category-deportes","tag-basquet-altea","tag-cb-ifach-calpe","tag-deportes","tag-escolapias-valencia","tag-kike-valle","tag-liga-foster-hollywood-de-primera-nacional-de-baloncesto","cobertura-calp"],"acf":[],"yoast_head":"<!-- This site is optimized with the Yoast SEO plugin v27.5 - https:\/\/yoast.com\/product\/yoast-seo-wordpress\/ -->\n<title>El CB Ifach Calpe visita la pista de Escolapias Valencia | R\u00e0dio Litoral<\/title>\n<meta name=\"description\" content=\"A la formaci\u00f3n calpina que dirige Kike Valle le espera un partido muy competidoA la formaci\u00f3n calpina que dirige Kike Valle le espera un partido muy competido\" \/>\n<meta name=\"robots\" content=\"index, follow, max-snippet:-1, max-image-preview:large, max-video-preview:-1\" \/>\n<link rel=\"canonical\" href=\"https:\/\/radiolitoral.com\/ca\/2026\/01\/el-cb-ifach-calp-visita-la-pista-descolapies-valencia\/\" \/>\n<meta property=\"og:locale\" content=\"ca_ES\" \/>\n<meta property=\"og:type\" content=\"article\" \/>\n<meta property=\"og:title\" content=\"El CB Ifach Calpe visita la pista de Escolapias Valencia | R\u00e0dio Litoral\" \/>\n<meta property=\"og:description\" content=\"A la formaci\u00f3n calpina que dirige Kike Valle le espera un partido muy competidoA la formaci\u00f3n calpina que dirige Kike Valle le espera un partido muy competido\" \/>\n<meta property=\"og:url\" content=\"https:\/\/radiolitoral.com\/ca\/2026\/01\/el-cb-ifach-calp-visita-la-pista-descolapies-valencia\/\" \/>\n<meta property=\"og:site_name\" content=\"R\u00e0dio Litoral\" \/>\n<meta property=\"article:publisher\" content=\"https:\/\/www.facebook.com\/Laradiolitoral\/\" \/>\n<meta property=\"article:published_time\" content=\"2026-01-09T09:24:38+00:00\" \/>\n<meta property=\"og:image\" content=\"https:\/\/media.radiolitoral.com\/wp-content\/uploads\/2026\/01\/09102415\/Imagen-de-WhatsApp-2025-10-19-a-las-20.42.37_2dd3a965.jpg\" \/>\n\t<meta property=\"og:image:width\" content=\"1600\" \/>\n\t<meta property=\"og:image:height\" content=\"1066\" \/>\n\t<meta property=\"og:image:type\" content=\"image\/jpeg\" \/>\n<meta name=\"author\" content=\"Javier Zamora\" \/>\n<meta name=\"twitter:card\" content=\"summary_large_image\" \/>\n<meta name=\"twitter:label1\" content=\"Escrit per\" \/>\n\t<meta name=\"twitter:data1\" content=\"Javier Zamora\" \/>\n\t<meta name=\"twitter:label2\" content=\"Temps estimat de lectura\" \/>\n\t<meta name=\"twitter:data2\" content=\"2 minuts\" \/>\n<script type=\"application\/ld+json\" class=\"yoast-schema-graph\">{\"@context\":\"https:\\\/\\\/schema.org\",\"@graph\":[{\"@type\":\"NewsArticle\",\"@id\":\"https:\\\/\\\/radiolitoral.com\\\/2026\\\/01\\\/el-cb-ifach-calpe-visita-la-pista-de-escolapias-valencia\\\/#article\",\"isPartOf\":{\"@id\":\"https:\\\/\\\/radiolitoral.com\\\/2026\\\/01\\\/el-cb-ifach-calpe-visita-la-pista-de-escolapias-valencia\\\/\"},\"author\":{\"name\":\"Javier Zamora\",\"@id\":\"https:\\\/\\\/radiolitoral.com\\\/#\\\/schema\\\/person\\\/7b1480b5caeb5acdd4ec6379caf62b22\"},\"headline\":\"El CB Ifach Calpe visita la pista de Escolapias Valencia\",\"datePublished\":\"2026-01-09T09:24:38+00:00\",\"mainEntityOfPage\":{\"@id\":\"https:\\\/\\\/radiolitoral.com\\\/2026\\\/01\\\/el-cb-ifach-calpe-visita-la-pista-de-escolapias-valencia\\\/\"},\"wordCount\":305,\"commentCount\":0,\"publisher\":{\"@id\":\"https:\\\/\\\/radiolitoral.com\\\/#organization\"},\"image\":{\"@id\":\"https:\\\/\\\/radiolitoral.com\\\/2026\\\/01\\\/el-cb-ifach-calpe-visita-la-pista-de-escolapias-valencia\\\/#primaryimage\"},\"thumbnailUrl\":\"https:\\\/\\\/media.radiolitoral.com\\\/wp-content\\\/uploads\\\/2026\\\/01\\\/09102415\\\/Imagen-de-WhatsApp-2025-10-19-a-las-20.42.37_2dd3a965.jpg\",\"keywords\":[\"B\u00e1squet Altea\",\"CB Ifach Calpe\",\"deportes\",\"Escolapias Valencia\",\"Kike\u00a0Valle\",\"Liga Foster Hollywood de Primera Nacional de baloncesto\"],\"articleSection\":[\"Deportes\"],\"inLanguage\":\"ca\",\"potentialAction\":[{\"@type\":\"CommentAction\",\"name\":\"Comment\",\"target\":[\"https:\\\/\\\/radiolitoral.com\\\/2026\\\/01\\\/el-cb-ifach-calpe-visita-la-pista-de-escolapias-valencia\\\/#respond\"]}]},{\"@type\":[\"WebPage\",\"ItemPage\"],\"@id\":\"https:\\\/\\\/radiolitoral.com\\\/2026\\\/01\\\/el-cb-ifach-calpe-visita-la-pista-de-escolapias-valencia\\\/\",\"url\":\"https:\\\/\\\/radiolitoral.com\\\/2026\\\/01\\\/el-cb-ifach-calpe-visita-la-pista-de-escolapias-valencia\\\/\",\"name\":\"El CB Ifach Calpe visita la pista de Escolapias Valencia | R\u00e0dio Litoral\",\"isPartOf\":{\"@id\":\"https:\\\/\\\/radiolitoral.com\\\/#website\"},\"primaryImageOfPage\":{\"@id\":\"https:\\\/\\\/radiolitoral.com\\\/2026\\\/01\\\/el-cb-ifach-calpe-visita-la-pista-de-escolapias-valencia\\\/#primaryimage\"},\"image\":{\"@id\":\"https:\\\/\\\/radiolitoral.com\\\/2026\\\/01\\\/el-cb-ifach-calpe-visita-la-pista-de-escolapias-valencia\\\/#primaryimage\"},\"thumbnailUrl\":\"https:\\\/\\\/media.radiolitoral.com\\\/wp-content\\\/uploads\\\/2026\\\/01\\\/09102415\\\/Imagen-de-WhatsApp-2025-10-19-a-las-20.42.37_2dd3a965.jpg\",\"datePublished\":\"2026-01-09T09:24:38+00:00\",\"description\":\"A la formaci\u00f3n calpina que dirige Kike Valle le espera un partido muy competidoA la formaci\u00f3n calpina que dirige Kike Valle le espera un partido muy competido\",\"breadcrumb\":{\"@id\":\"https:\\\/\\\/radiolitoral.com\\\/2026\\\/01\\\/el-cb-ifach-calpe-visita-la-pista-de-escolapias-valencia\\\/#breadcrumb\"},\"inLanguage\":\"ca\",\"potentialAction\":[{\"@type\":\"ReadAction\",\"target\":[\"https:\\\/\\\/radiolitoral.com\\\/2026\\\/01\\\/el-cb-ifach-calpe-visita-la-pista-de-escolapias-valencia\\\/\"]}]},{\"@type\":\"ImageObject\",\"inLanguage\":\"ca\",\"@id\":\"https:\\\/\\\/radiolitoral.com\\\/2026\\\/01\\\/el-cb-ifach-calpe-visita-la-pista-de-escolapias-valencia\\\/#primaryimage\",\"url\":\"https:\\\/\\\/media.radiolitoral.com\\\/wp-content\\\/uploads\\\/2026\\\/01\\\/09102415\\\/Imagen-de-WhatsApp-2025-10-19-a-las-20.42.37_2dd3a965.jpg\",\"contentUrl\":\"https:\\\/\\\/media.radiolitoral.com\\\/wp-content\\\/uploads\\\/2026\\\/01\\\/09102415\\\/Imagen-de-WhatsApp-2025-10-19-a-las-20.42.37_2dd3a965.jpg\",\"width\":1600,\"height\":1066},{\"@type\":\"BreadcrumbList\",\"@id\":\"https:\\\/\\\/radiolitoral.com\\\/2026\\\/01\\\/el-cb-ifach-calpe-visita-la-pista-de-escolapias-valencia\\\/#breadcrumb\",\"itemListElement\":[{\"@type\":\"ListItem\",\"position\":1,\"name\":\"Portada\",\"item\":\"https:\\\/\\\/radiolitoral.com\\\/\"},{\"@type\":\"ListItem\",\"position\":2,\"name\":\"El CB Ifach Calpe visita la pista de Escolapias Valencia\"}]},{\"@type\":\"WebSite\",\"@id\":\"https:\\\/\\\/radiolitoral.com\\\/#website\",\"url\":\"https:\\\/\\\/radiolitoral.com\\\/\",\"name\":\"Radio Litoral\",\"description\":\"La radio local de la Marina Alta\",\"publisher\":{\"@id\":\"https:\\\/\\\/radiolitoral.com\\\/#organization\"},\"alternateName\":\"Litoral FM\",\"potentialAction\":[{\"@type\":\"SearchAction\",\"target\":{\"@type\":\"EntryPoint\",\"urlTemplate\":\"https:\\\/\\\/radiolitoral.com\\\/?s={search_term_string}\"},\"query-input\":{\"@type\":\"PropertyValueSpecification\",\"valueRequired\":true,\"valueName\":\"search_term_string\"}}],\"inLanguage\":\"ca\"},{\"@type\":\"Organization\",\"@id\":\"https:\\\/\\\/radiolitoral.com\\\/#organization\",\"name\":\"Radio Litoral\",\"url\":\"https:\\\/\\\/radiolitoral.com\\\/\",\"logo\":{\"@type\":\"ImageObject\",\"inLanguage\":\"ca\",\"@id\":\"https:\\\/\\\/radiolitoral.com\\\/#\\\/schema\\\/logo\\\/image\\\/\",\"url\":\"https:\\\/\\\/media.radiolitoral.com\\\/wp-content\\\/uploads\\\/2023\\\/02\\\/24143238\\\/CL-V-RadioLitoral696.png\",\"contentUrl\":\"https:\\\/\\\/media.radiolitoral.com\\\/wp-content\\\/uploads\\\/2023\\\/02\\\/24143238\\\/CL-V-RadioLitoral696.png\",\"width\":696,\"height\":696,\"caption\":\"Radio Litoral\"},\"image\":{\"@id\":\"https:\\\/\\\/radiolitoral.com\\\/#\\\/schema\\\/logo\\\/image\\\/\"},\"sameAs\":[\"https:\\\/\\\/www.facebook.com\\\/Laradiolitoral\\\/\"]},{\"@type\":\"Person\",\"@id\":\"https:\\\/\\\/radiolitoral.com\\\/#\\\/schema\\\/person\\\/7b1480b5caeb5acdd4ec6379caf62b22\",\"name\":\"Javier Zamora\",\"image\":{\"@type\":\"ImageObject\",\"inLanguage\":\"ca\",\"@id\":\"https:\\\/\\\/secure.gravatar.com\\\/avatar\\\/467a11f6918c7d619c4043fc6fa2d3853053107973f05b6e9c04ea6c4e3a7b3f?s=96&d=mm&r=g\",\"url\":\"https:\\\/\\\/secure.gravatar.com\\\/avatar\\\/467a11f6918c7d619c4043fc6fa2d3853053107973f05b6e9c04ea6c4e3a7b3f?s=96&d=mm&r=g\",\"contentUrl\":\"https:\\\/\\\/secure.gravatar.com\\\/avatar\\\/467a11f6918c7d619c4043fc6fa2d3853053107973f05b6e9c04ea6c4e3a7b3f?s=96&d=mm&r=g\",\"caption\":\"Javier Zamora\"},\"url\":\"https:\\\/\\\/radiolitoral.com\\\/ca\\\/author\\\/javier-zamora\\\/\"}]}<\/script>\n<!-- \/ Yoast SEO plugin. -->","yoast_head_json":{"title":"El CB Ifach Calpe visita la pista d&#039;escol\u00e0pies Val\u00e8ncia | R\u00e0dio Litoral","description":"A la formaci\u00f3 calpina que dirigeix Kike Valle us espera un partit molt competitA la formaci\u00f3 calpina que dirigeix Kike Valle us espera un partit molt competit","robots":{"index":"index","follow":"follow","max-snippet":"max-snippet:-1","max-image-preview":"max-image-preview:large","max-video-preview":"max-video-preview:-1"},"canonical":"https:\/\/radiolitoral.com\/ca\/2026\/01\/el-cb-ifach-calp-visita-la-pista-descolapies-valencia\/","og_locale":"ca_ES","og_type":"article","og_title":"El CB Ifach Calpe visita la pista de Escolapias Valencia | R\u00e0dio Litoral","og_description":"A la formaci\u00f3n calpina que dirige Kike Valle le espera un partido muy competidoA la formaci\u00f3n calpina que dirige Kike Valle le espera un partido muy competido","og_url":"https:\/\/radiolitoral.com\/ca\/2026\/01\/el-cb-ifach-calp-visita-la-pista-descolapies-valencia\/","og_site_name":"R\u00e0dio Litoral","article_publisher":"https:\/\/www.facebook.com\/Laradiolitoral\/","article_published_time":"2026-01-09T09:24:38+00:00","og_image":[{"width":1600,"height":1066,"url":"https:\/\/media.radiolitoral.com\/wp-content\/uploads\/2026\/01\/09102415\/Imagen-de-WhatsApp-2025-10-19-a-las-20.42.37_2dd3a965.jpg","type":"image\/jpeg"}],"author":"Javier Zamora","twitter_card":"summary_large_image","twitter_misc":{"Escrit per":"Javier Zamora","Temps estimat de lectura":"2 minuts"},"schema":{"@context":"https:\/\/schema.org","@graph":[{"@type":"NewsArticle","@id":"https:\/\/radiolitoral.com\/2026\/01\/el-cb-ifach-calpe-visita-la-pista-de-escolapias-valencia\/#article","isPartOf":{"@id":"https:\/\/radiolitoral.com\/2026\/01\/el-cb-ifach-calpe-visita-la-pista-de-escolapias-valencia\/"},"author":{"name":"Javier Zamora","@id":"https:\/\/radiolitoral.com\/#\/schema\/person\/7b1480b5caeb5acdd4ec6379caf62b22"},"headline":"El CB Ifach Calpe visita la pista de Escolapias Valencia","datePublished":"2026-01-09T09:24:38+00:00","mainEntityOfPage":{"@id":"https:\/\/radiolitoral.com\/2026\/01\/el-cb-ifach-calpe-visita-la-pista-de-escolapias-valencia\/"},"wordCount":305,"commentCount":0,"publisher":{"@id":"https:\/\/radiolitoral.com\/#organization"},"image":{"@id":"https:\/\/radiolitoral.com\/2026\/01\/el-cb-ifach-calpe-visita-la-pista-de-escolapias-valencia\/#primaryimage"},"thumbnailUrl":"https:\/\/media.radiolitoral.com\/wp-content\/uploads\/2026\/01\/09102415\/Imagen-de-WhatsApp-2025-10-19-a-las-20.42.37_2dd3a965.jpg","keywords":["B\u00e1squet Altea","CB Ifach Calpe","deportes","Escolapias Valencia","Kike\u00a0Valle","Liga Foster Hollywood de Primera Nacional de baloncesto"],"articleSection":["Deportes"],"inLanguage":"ca","potentialAction":[{"@type":"CommentAction","name":"Comment","target":["https:\/\/radiolitoral.com\/2026\/01\/el-cb-ifach-calpe-visita-la-pista-de-escolapias-valencia\/#respond"]}]},{"@type":["WebPage","ItemPage"],"@id":"https:\/\/radiolitoral.com\/2026\/01\/el-cb-ifach-calpe-visita-la-pista-de-escolapias-valencia\/","url":"https:\/\/radiolitoral.com\/2026\/01\/el-cb-ifach-calpe-visita-la-pista-de-escolapias-valencia\/","name":"El CB Ifach Calpe visita la pista d&#039;escol\u00e0pies Val\u00e8ncia | R\u00e0dio Litoral","isPartOf":{"@id":"https:\/\/radiolitoral.com\/#website"},"primaryImageOfPage":{"@id":"https:\/\/radiolitoral.com\/2026\/01\/el-cb-ifach-calpe-visita-la-pista-de-escolapias-valencia\/#primaryimage"},"image":{"@id":"https:\/\/radiolitoral.com\/2026\/01\/el-cb-ifach-calpe-visita-la-pista-de-escolapias-valencia\/#primaryimage"},"thumbnailUrl":"https:\/\/media.radiolitoral.com\/wp-content\/uploads\/2026\/01\/09102415\/Imagen-de-WhatsApp-2025-10-19-a-las-20.42.37_2dd3a965.jpg","datePublished":"2026-01-09T09:24:38+00:00","description":"A la formaci\u00f3 calpina que dirigeix Kike Valle us espera un partit molt competitA la formaci\u00f3 calpina que dirigeix Kike Valle us espera un partit molt competit","breadcrumb":{"@id":"https:\/\/radiolitoral.com\/2026\/01\/el-cb-ifach-calpe-visita-la-pista-de-escolapias-valencia\/#breadcrumb"},"inLanguage":"ca","potentialAction":[{"@type":"ReadAction","target":["https:\/\/radiolitoral.com\/2026\/01\/el-cb-ifach-calpe-visita-la-pista-de-escolapias-valencia\/"]}]},{"@type":"ImageObject","inLanguage":"ca","@id":"https:\/\/radiolitoral.com\/2026\/01\/el-cb-ifach-calpe-visita-la-pista-de-escolapias-valencia\/#primaryimage","url":"https:\/\/media.radiolitoral.com\/wp-content\/uploads\/2026\/01\/09102415\/Imagen-de-WhatsApp-2025-10-19-a-las-20.42.37_2dd3a965.jpg","contentUrl":"https:\/\/media.radiolitoral.com\/wp-content\/uploads\/2026\/01\/09102415\/Imagen-de-WhatsApp-2025-10-19-a-las-20.42.37_2dd3a965.jpg","width":1600,"height":1066},{"@type":"BreadcrumbList","@id":"https:\/\/radiolitoral.com\/2026\/01\/el-cb-ifach-calpe-visita-la-pista-de-escolapias-valencia\/#breadcrumb","itemListElement":[{"@type":"ListItem","position":1,"name":"Portada","item":"https:\/\/radiolitoral.com\/"},{"@type":"ListItem","position":2,"name":"El CB Ifach Calpe visita la pista de Escolapias Valencia"}]},{"@type":"WebSite","@id":"https:\/\/radiolitoral.com\/#website","url":"https:\/\/radiolitoral.com\/","name":"R\u00e0dio Litoral","description":"La r\u00e0dio local de la Marina Alta","publisher":{"@id":"https:\/\/radiolitoral.com\/#organization"},"alternateName":"Litoral FM","potentialAction":[{"@type":"SearchAction","target":{"@type":"EntryPoint","urlTemplate":"https:\/\/radiolitoral.com\/?s={search_term_string}"},"query-input":{"@type":"PropertyValueSpecification","valueRequired":true,"valueName":"search_term_string"}}],"inLanguage":"ca"},{"@type":"Organization","@id":"https:\/\/radiolitoral.com\/#organization","name":"R\u00e0dio Litoral","url":"https:\/\/radiolitoral.com\/","logo":{"@type":"ImageObject","inLanguage":"ca","@id":"https:\/\/radiolitoral.com\/#\/schema\/logo\/image\/","url":"https:\/\/media.radiolitoral.com\/wp-content\/uploads\/2023\/02\/24143238\/CL-V-RadioLitoral696.png","contentUrl":"https:\/\/media.radiolitoral.com\/wp-content\/uploads\/2023\/02\/24143238\/CL-V-RadioLitoral696.png","width":696,"height":696,"caption":"Radio Litoral"},"image":{"@id":"https:\/\/radiolitoral.com\/#\/schema\/logo\/image\/"},"sameAs":["https:\/\/www.facebook.com\/Laradiolitoral\/"]},{"@type":"Person","@id":"https:\/\/radiolitoral.com\/#\/schema\/person\/7b1480b5caeb5acdd4ec6379caf62b22","name":"Javier Zamora","image":{"@type":"ImageObject","inLanguage":"ca","@id":"https:\/\/secure.gravatar.com\/avatar\/467a11f6918c7d619c4043fc6fa2d3853053107973f05b6e9c04ea6c4e3a7b3f?s=96&d=mm&r=g","url":"https:\/\/secure.gravatar.com\/avatar\/467a11f6918c7d619c4043fc6fa2d3853053107973f05b6e9c04ea6c4e3a7b3f?s=96&d=mm&r=g","contentUrl":"https:\/\/secure.gravatar.com\/avatar\/467a11f6918c7d619c4043fc6fa2d3853053107973f05b6e9c04ea6c4e3a7b3f?s=96&d=mm&r=g","caption":"Javier Zamora"},"url":"https:\/\/radiolitoral.com\/ca\/author\/javier-zamora\/"}]}},"_links":{"self":[{"href":"https:\/\/radiolitoral.com\/ca\/wp-json\/wp\/v2\/posts\/19552","targetHints":{"allow":["GET"]}}],"collection":[{"href":"https:\/\/radiolitoral.com\/ca\/wp-json\/wp\/v2\/posts"}],"about":[{"href":"https:\/\/radiolitoral.com\/ca\/wp-json\/wp\/v2\/types\/post"}],"author":[{"embeddable":true,"href":"https:\/\/radiolitoral.com\/ca\/wp-json\/wp\/v2\/users\/12"}],"replies":[{"embeddable":true,"href":"https:\/\/radiolitoral.com\/ca\/wp-json\/wp\/v2\/comments?post=19552"}],"version-history":[{"count":2,"href":"https:\/\/radiolitoral.com\/ca\/wp-json\/wp\/v2\/posts\/19552\/revisions"}],"predecessor-version":[{"id":19555,"href":"https:\/\/radiolitoral.com\/ca\/wp-json\/wp\/v2\/posts\/19552\/revisions\/19555"}],"wp:featuredmedia":[{"embeddable":true,"href":"https:\/\/radiolitoral.com\/ca\/wp-json\/wp\/v2\/media\/19553"}],"wp:attachment":[{"href":"https:\/\/radiolitoral.com\/ca\/wp-json\/wp\/v2\/media?parent=19552"}],"wp:term":[{"taxonomy":"category","embeddable":true,"href":"https:\/\/radiolitoral.com\/ca\/wp-json\/wp\/v2\/categories?post=19552"},{"taxonomy":"post_tag","embeddable":true,"href":"https:\/\/radiolitoral.com\/ca\/wp-json\/wp\/v2\/tags?post=19552"}],"curies":[{"name":"wp","href":"https:\/\/api.w.org\/{rel}","templated":true}]}}