{"id":19543,"date":"2026-01-08T13:54:42","date_gmt":"2026-01-08T12:54:42","guid":{"rendered":"https:\/\/radiolitoral.com\/?p=19543"},"modified":"2026-01-08T13:54:42","modified_gmt":"2026-01-08T12:54:42","slug":"medalla-de-plata-per-a-andres-crespo-a-la-nacional-cadet-de-basquet","status":"publish","type":"post","link":"https:\/\/radiolitoral.com\/ca\/2026\/01\/medalla-de-plata-para-andres-crespo-en-la-nacional-cadete-de-baloncesto\/","title":{"rendered":"Medalla de plata per a Andr\u00e9s Crespo a la Nacional cadet de b\u00e0squet"},"content":{"rendered":"<p>El jove b\u00e0squet de <strong>Calp<\/strong>, <strong>Andr\u00e9s Crespo<\/strong>, ha aconseguit una fita hist\u00f2rica per al b\u00e0squet de la <strong>Comunitat Valenciana<\/strong> al <strong>proclamar-se subcampi\u00f3 d&#039;Espanya<\/strong> al <strong>Campionat d&#039;Espanya de seleccions auton\u00f2miques (CESA)<\/strong> a la categoria Cadet Mascul\u00ed. Despr\u00e9s d&#039;una gran actuaci\u00f3 durant tot el torneig, l&#039;equip valenci\u00e0 va caure a la final davant la <strong>Comunitat de Madrid<\/strong> per <strong>68-87<\/strong>, per\u00f2 la seua medalla de plata marca el millor registre hist\u00f2ric de la Comunitat Valenciana en aquesta categoria.<\/p>\n<p>La Selecci\u00f3 Valenciana, dirigida per <strong>Iv\u00e1n \u00cd\u00f1iguez<\/strong>, va completar un campionat impecable des de la fase de grups. Els valencians van comen\u00e7ar amb una vict\u00f2ria contundent davant de <strong>Cant\u00e0bria<\/strong> (45-78) i <strong>La Rioja<\/strong> (78-28), caient \u00fanicament davant <strong>Madrid<\/strong> (92-80) a la fase de grups, cosa que els va permetre avan\u00e7ar a les eliminat\u00f2ries.<\/p>\n<p>La final contra <strong>Madrid<\/strong> va comen\u00e7ar de manera molt igualada, amb la <strong>Selecci\u00f3 Valenciana<\/strong> lluitant de tu a tu amb els madrilenys. Al descans, el marcador reflectia un ajustat<strong> 36-42<\/strong>, amb Andr\u00e9s Crespo sumant <strong>9 punts<\/strong> al seu caseller, demostrant la seva capacitat i car\u00e0cter en el partit decisiu.<\/p>\n<p>Tot i aix\u00f2, despr\u00e9s del pas pels vestidors, la <strong>Comunitat de Madrid<\/strong> va trencar el partit amb dos parcials amplis que els van donar un avantatge definitiu. Tot i els esfor\u00e7os de la <strong>Selecci\u00f3 Valenciana<\/strong> i un<strong> parcial de 8-0 a l&#039;\u00faltim quart<\/strong> que va retallar dist\u00e0ncies, Madrid va tancar el partit amb solv\u00e8ncia, emportant-se el triomf per <strong>68-87<\/strong>.<\/p>\n<p><script src=\"chrome-extension:\/\/flbolonkboilcbnohjlchlfgdalomdpl\/iFrame.js\" type=\"text\/javascript\"><\/script><\/p>","protected":false},"excerpt":{"rendered":"<p>El joven baloncestista de Calp, Andr\u00e9s Crespo, ha logrado un hito hist\u00f3rico para el baloncesto de la Comunitat Valenciana al proclamarse subcampe\u00f3n de Espa\u00f1a en el Campeonato de Espa\u00f1a de Selecciones Auton\u00f3micas (CESA) en la categor\u00eda Cadete Masculino. Tras una gran actuaci\u00f3n durante todo el torneo, el equipo valenciano cay\u00f3 en la final ante la [&#8230;]<\/p>\n<p><a class=\"btn btn-secondary understrap-read-more-link\" href=\"https:\/\/radiolitoral.com\/ca\/2026\/01\/medalla-de-plata-para-andres-crespo-en-la-nacional-cadete-de-baloncesto\/\">Continua llegint&#8230;<span class=\"screen-reader-text\"> from Medalla de plata para Andr\u00e9s Crespo en la Nacional cadete de baloncesto<\/span><\/a><\/p>\n","protected":false},"author":12,"featured_media":19544,"comment_status":"open","ping_status":"closed","sticky":false,"template":"","format":"standard","meta":{"_acf_changed":false,"inline_featured_image":false,"footnotes":""},"categories":[5],"tags":[5144,5145,6,5146],"class_list":["post-19543","post","type-post","status-publish","format-standard","has-post-thumbnail","hentry","category-deportes","tag-andres-crespo","tag-campeonato-de-espana-de-selecciones-autonomicas-de-baloncesto","tag-deportes","tag-ivan-niguez","cobertura-calp"],"acf":[],"yoast_head":"<!-- This site is optimized with the Yoast SEO plugin v27.5 - https:\/\/yoast.com\/product\/yoast-seo-wordpress\/ -->\n<title>Medalla de plata para Andr\u00e9s Crespo en la Nacional cadete de baloncesto | R\u00e0dio Litoral<\/title>\n<meta name=\"description\" content=\"Form\u00f3 parte de la Selecci\u00f3n Valenciana cadete que cay\u00f3 en la final ante la Selecci\u00f3n de MadridForm\u00f3 parte de la Selecci\u00f3n Valenciana cadete que cay\u00f3 en la final ante la Selecci\u00f3n de Madrid\" \/>\n<meta name=\"robots\" content=\"index, follow, max-snippet:-1, max-image-preview:large, max-video-preview:-1\" \/>\n<link rel=\"canonical\" href=\"https:\/\/radiolitoral.com\/ca\/2026\/01\/medalla-de-plata-per-a-andres-crespo-a-la-nacional-cadet-de-basquet\/\" \/>\n<meta property=\"og:locale\" content=\"ca_ES\" \/>\n<meta property=\"og:type\" content=\"article\" \/>\n<meta property=\"og:title\" content=\"Medalla de plata para Andr\u00e9s Crespo en la Nacional cadete de baloncesto | R\u00e0dio Litoral\" \/>\n<meta property=\"og:description\" content=\"Form\u00f3 parte de la Selecci\u00f3n Valenciana cadete que cay\u00f3 en la final ante la Selecci\u00f3n de MadridForm\u00f3 parte de la Selecci\u00f3n Valenciana cadete que cay\u00f3 en la final ante la Selecci\u00f3n de Madrid\" \/>\n<meta property=\"og:url\" content=\"https:\/\/radiolitoral.com\/ca\/2026\/01\/medalla-de-plata-per-a-andres-crespo-a-la-nacional-cadet-de-basquet\/\" \/>\n<meta property=\"og:site_name\" content=\"R\u00e0dio Litoral\" \/>\n<meta property=\"article:publisher\" content=\"https:\/\/www.facebook.com\/Laradiolitoral\/\" \/>\n<meta property=\"article:published_time\" content=\"2026-01-08T12:54:42+00:00\" \/>\n<meta property=\"og:image\" content=\"https:\/\/media.radiolitoral.com\/wp-content\/uploads\/2026\/01\/08135406\/612888606_1461724789288749_7960180509467599396_n.jpg\" \/>\n\t<meta property=\"og:image:width\" content=\"2048\" \/>\n\t<meta property=\"og:image:height\" content=\"1073\" \/>\n\t<meta property=\"og:image:type\" content=\"image\/jpeg\" \/>\n<meta name=\"author\" content=\"Javier Zamora\" \/>\n<meta name=\"twitter:card\" content=\"summary_large_image\" \/>\n<meta name=\"twitter:label1\" content=\"Escrit per\" \/>\n\t<meta name=\"twitter:data1\" content=\"Javier Zamora\" \/>\n\t<meta name=\"twitter:label2\" content=\"Temps estimat de lectura\" \/>\n\t<meta name=\"twitter:data2\" content=\"2 minuts\" \/>\n<script type=\"application\/ld+json\" class=\"yoast-schema-graph\">{\"@context\":\"https:\\\/\\\/schema.org\",\"@graph\":[{\"@type\":\"NewsArticle\",\"@id\":\"https:\\\/\\\/radiolitoral.com\\\/2026\\\/01\\\/medalla-de-plata-para-andres-crespo-en-la-nacional-cadete-de-baloncesto\\\/#article\",\"isPartOf\":{\"@id\":\"https:\\\/\\\/radiolitoral.com\\\/2026\\\/01\\\/medalla-de-plata-para-andres-crespo-en-la-nacional-cadete-de-baloncesto\\\/\"},\"author\":{\"name\":\"Javier Zamora\",\"@id\":\"https:\\\/\\\/radiolitoral.com\\\/#\\\/schema\\\/person\\\/7b1480b5caeb5acdd4ec6379caf62b22\"},\"headline\":\"Medalla de plata para Andr\u00e9s Crespo en la Nacional cadete de baloncesto\",\"datePublished\":\"2026-01-08T12:54:42+00:00\",\"mainEntityOfPage\":{\"@id\":\"https:\\\/\\\/radiolitoral.com\\\/2026\\\/01\\\/medalla-de-plata-para-andres-crespo-en-la-nacional-cadete-de-baloncesto\\\/\"},\"wordCount\":260,\"commentCount\":0,\"publisher\":{\"@id\":\"https:\\\/\\\/radiolitoral.com\\\/#organization\"},\"image\":{\"@id\":\"https:\\\/\\\/radiolitoral.com\\\/2026\\\/01\\\/medalla-de-plata-para-andres-crespo-en-la-nacional-cadete-de-baloncesto\\\/#primaryimage\"},\"thumbnailUrl\":\"https:\\\/\\\/media.radiolitoral.com\\\/wp-content\\\/uploads\\\/2026\\\/01\\\/08135406\\\/612888606_1461724789288749_7960180509467599396_n.jpg\",\"keywords\":[\"Andr\u00e9s Crespo\",\"Campeonato de Espa\u00f1a de Selecciones Auton\u00f3micas de Baloncesto\",\"deportes\",\"Iv\u00e1n \u00d1iguez\"],\"articleSection\":[\"Deportes\"],\"inLanguage\":\"ca\",\"potentialAction\":[{\"@type\":\"CommentAction\",\"name\":\"Comment\",\"target\":[\"https:\\\/\\\/radiolitoral.com\\\/2026\\\/01\\\/medalla-de-plata-para-andres-crespo-en-la-nacional-cadete-de-baloncesto\\\/#respond\"]}]},{\"@type\":[\"WebPage\",\"ItemPage\"],\"@id\":\"https:\\\/\\\/radiolitoral.com\\\/2026\\\/01\\\/medalla-de-plata-para-andres-crespo-en-la-nacional-cadete-de-baloncesto\\\/\",\"url\":\"https:\\\/\\\/radiolitoral.com\\\/2026\\\/01\\\/medalla-de-plata-para-andres-crespo-en-la-nacional-cadete-de-baloncesto\\\/\",\"name\":\"Medalla de plata para Andr\u00e9s Crespo en la Nacional cadete de baloncesto | R\u00e0dio Litoral\",\"isPartOf\":{\"@id\":\"https:\\\/\\\/radiolitoral.com\\\/#website\"},\"primaryImageOfPage\":{\"@id\":\"https:\\\/\\\/radiolitoral.com\\\/2026\\\/01\\\/medalla-de-plata-para-andres-crespo-en-la-nacional-cadete-de-baloncesto\\\/#primaryimage\"},\"image\":{\"@id\":\"https:\\\/\\\/radiolitoral.com\\\/2026\\\/01\\\/medalla-de-plata-para-andres-crespo-en-la-nacional-cadete-de-baloncesto\\\/#primaryimage\"},\"thumbnailUrl\":\"https:\\\/\\\/media.radiolitoral.com\\\/wp-content\\\/uploads\\\/2026\\\/01\\\/08135406\\\/612888606_1461724789288749_7960180509467599396_n.jpg\",\"datePublished\":\"2026-01-08T12:54:42+00:00\",\"description\":\"Form\u00f3 parte de la Selecci\u00f3n Valenciana cadete que cay\u00f3 en la final ante la Selecci\u00f3n de MadridForm\u00f3 parte de la Selecci\u00f3n Valenciana cadete que cay\u00f3 en la final ante la Selecci\u00f3n de Madrid\",\"breadcrumb\":{\"@id\":\"https:\\\/\\\/radiolitoral.com\\\/2026\\\/01\\\/medalla-de-plata-para-andres-crespo-en-la-nacional-cadete-de-baloncesto\\\/#breadcrumb\"},\"inLanguage\":\"ca\",\"potentialAction\":[{\"@type\":\"ReadAction\",\"target\":[\"https:\\\/\\\/radiolitoral.com\\\/2026\\\/01\\\/medalla-de-plata-para-andres-crespo-en-la-nacional-cadete-de-baloncesto\\\/\"]}]},{\"@type\":\"ImageObject\",\"inLanguage\":\"ca\",\"@id\":\"https:\\\/\\\/radiolitoral.com\\\/2026\\\/01\\\/medalla-de-plata-para-andres-crespo-en-la-nacional-cadete-de-baloncesto\\\/#primaryimage\",\"url\":\"https:\\\/\\\/media.radiolitoral.com\\\/wp-content\\\/uploads\\\/2026\\\/01\\\/08135406\\\/612888606_1461724789288749_7960180509467599396_n.jpg\",\"contentUrl\":\"https:\\\/\\\/media.radiolitoral.com\\\/wp-content\\\/uploads\\\/2026\\\/01\\\/08135406\\\/612888606_1461724789288749_7960180509467599396_n.jpg\",\"width\":2048,\"height\":1073},{\"@type\":\"BreadcrumbList\",\"@id\":\"https:\\\/\\\/radiolitoral.com\\\/2026\\\/01\\\/medalla-de-plata-para-andres-crespo-en-la-nacional-cadete-de-baloncesto\\\/#breadcrumb\",\"itemListElement\":[{\"@type\":\"ListItem\",\"position\":1,\"name\":\"Portada\",\"item\":\"https:\\\/\\\/radiolitoral.com\\\/\"},{\"@type\":\"ListItem\",\"position\":2,\"name\":\"Medalla de plata para Andr\u00e9s Crespo en la Nacional cadete de baloncesto\"}]},{\"@type\":\"WebSite\",\"@id\":\"https:\\\/\\\/radiolitoral.com\\\/#website\",\"url\":\"https:\\\/\\\/radiolitoral.com\\\/\",\"name\":\"Radio Litoral\",\"description\":\"La radio local de la Marina Alta\",\"publisher\":{\"@id\":\"https:\\\/\\\/radiolitoral.com\\\/#organization\"},\"alternateName\":\"Litoral FM\",\"potentialAction\":[{\"@type\":\"SearchAction\",\"target\":{\"@type\":\"EntryPoint\",\"urlTemplate\":\"https:\\\/\\\/radiolitoral.com\\\/?s={search_term_string}\"},\"query-input\":{\"@type\":\"PropertyValueSpecification\",\"valueRequired\":true,\"valueName\":\"search_term_string\"}}],\"inLanguage\":\"ca\"},{\"@type\":\"Organization\",\"@id\":\"https:\\\/\\\/radiolitoral.com\\\/#organization\",\"name\":\"Radio Litoral\",\"url\":\"https:\\\/\\\/radiolitoral.com\\\/\",\"logo\":{\"@type\":\"ImageObject\",\"inLanguage\":\"ca\",\"@id\":\"https:\\\/\\\/radiolitoral.com\\\/#\\\/schema\\\/logo\\\/image\\\/\",\"url\":\"https:\\\/\\\/media.radiolitoral.com\\\/wp-content\\\/uploads\\\/2023\\\/02\\\/24143238\\\/CL-V-RadioLitoral696.png\",\"contentUrl\":\"https:\\\/\\\/media.radiolitoral.com\\\/wp-content\\\/uploads\\\/2023\\\/02\\\/24143238\\\/CL-V-RadioLitoral696.png\",\"width\":696,\"height\":696,\"caption\":\"Radio Litoral\"},\"image\":{\"@id\":\"https:\\\/\\\/radiolitoral.com\\\/#\\\/schema\\\/logo\\\/image\\\/\"},\"sameAs\":[\"https:\\\/\\\/www.facebook.com\\\/Laradiolitoral\\\/\"]},{\"@type\":\"Person\",\"@id\":\"https:\\\/\\\/radiolitoral.com\\\/#\\\/schema\\\/person\\\/7b1480b5caeb5acdd4ec6379caf62b22\",\"name\":\"Javier Zamora\",\"image\":{\"@type\":\"ImageObject\",\"inLanguage\":\"ca\",\"@id\":\"https:\\\/\\\/secure.gravatar.com\\\/avatar\\\/467a11f6918c7d619c4043fc6fa2d3853053107973f05b6e9c04ea6c4e3a7b3f?s=96&d=mm&r=g\",\"url\":\"https:\\\/\\\/secure.gravatar.com\\\/avatar\\\/467a11f6918c7d619c4043fc6fa2d3853053107973f05b6e9c04ea6c4e3a7b3f?s=96&d=mm&r=g\",\"contentUrl\":\"https:\\\/\\\/secure.gravatar.com\\\/avatar\\\/467a11f6918c7d619c4043fc6fa2d3853053107973f05b6e9c04ea6c4e3a7b3f?s=96&d=mm&r=g\",\"caption\":\"Javier Zamora\"},\"url\":\"https:\\\/\\\/radiolitoral.com\\\/ca\\\/author\\\/javier-zamora\\\/\"}]}<\/script>\n<!-- \/ Yoast SEO plugin. -->","yoast_head_json":{"title":"Medalla de plata per a Andr\u00e9s Crespo a la Nacional cadet de b\u00e0squet | R\u00e0dio Litoral","description":"Va formar part de la Selecci\u00f3 Valenciana cadet que va caure a la final davant la Selecci\u00f3 de Madrid Va formar part de la Selecci\u00f3 Valenciana cadet que va caure a la final davant la Selecci\u00f3 de Madrid","robots":{"index":"index","follow":"follow","max-snippet":"max-snippet:-1","max-image-preview":"max-image-preview:large","max-video-preview":"max-video-preview:-1"},"canonical":"https:\/\/radiolitoral.com\/ca\/2026\/01\/medalla-de-plata-per-a-andres-crespo-a-la-nacional-cadet-de-basquet\/","og_locale":"ca_ES","og_type":"article","og_title":"Medalla de plata para Andr\u00e9s Crespo en la Nacional cadete de baloncesto | R\u00e0dio Litoral","og_description":"Form\u00f3 parte de la Selecci\u00f3n Valenciana cadete que cay\u00f3 en la final ante la Selecci\u00f3n de MadridForm\u00f3 parte de la Selecci\u00f3n Valenciana cadete que cay\u00f3 en la final ante la Selecci\u00f3n de Madrid","og_url":"https:\/\/radiolitoral.com\/ca\/2026\/01\/medalla-de-plata-per-a-andres-crespo-a-la-nacional-cadet-de-basquet\/","og_site_name":"R\u00e0dio Litoral","article_publisher":"https:\/\/www.facebook.com\/Laradiolitoral\/","article_published_time":"2026-01-08T12:54:42+00:00","og_image":[{"width":2048,"height":1073,"url":"https:\/\/media.radiolitoral.com\/wp-content\/uploads\/2026\/01\/08135406\/612888606_1461724789288749_7960180509467599396_n.jpg","type":"image\/jpeg"}],"author":"Javier Zamora","twitter_card":"summary_large_image","twitter_misc":{"Escrit per":"Javier Zamora","Temps estimat de lectura":"2 minuts"},"schema":{"@context":"https:\/\/schema.org","@graph":[{"@type":"NewsArticle","@id":"https:\/\/radiolitoral.com\/2026\/01\/medalla-de-plata-para-andres-crespo-en-la-nacional-cadete-de-baloncesto\/#article","isPartOf":{"@id":"https:\/\/radiolitoral.com\/2026\/01\/medalla-de-plata-para-andres-crespo-en-la-nacional-cadete-de-baloncesto\/"},"author":{"name":"Javier Zamora","@id":"https:\/\/radiolitoral.com\/#\/schema\/person\/7b1480b5caeb5acdd4ec6379caf62b22"},"headline":"Medalla de plata para Andr\u00e9s Crespo en la Nacional cadete de baloncesto","datePublished":"2026-01-08T12:54:42+00:00","mainEntityOfPage":{"@id":"https:\/\/radiolitoral.com\/2026\/01\/medalla-de-plata-para-andres-crespo-en-la-nacional-cadete-de-baloncesto\/"},"wordCount":260,"commentCount":0,"publisher":{"@id":"https:\/\/radiolitoral.com\/#organization"},"image":{"@id":"https:\/\/radiolitoral.com\/2026\/01\/medalla-de-plata-para-andres-crespo-en-la-nacional-cadete-de-baloncesto\/#primaryimage"},"thumbnailUrl":"https:\/\/media.radiolitoral.com\/wp-content\/uploads\/2026\/01\/08135406\/612888606_1461724789288749_7960180509467599396_n.jpg","keywords":["Andr\u00e9s Crespo","Campeonato de Espa\u00f1a de Selecciones Auton\u00f3micas de Baloncesto","deportes","Iv\u00e1n \u00d1iguez"],"articleSection":["Deportes"],"inLanguage":"ca","potentialAction":[{"@type":"CommentAction","name":"Comment","target":["https:\/\/radiolitoral.com\/2026\/01\/medalla-de-plata-para-andres-crespo-en-la-nacional-cadete-de-baloncesto\/#respond"]}]},{"@type":["WebPage","ItemPage"],"@id":"https:\/\/radiolitoral.com\/2026\/01\/medalla-de-plata-para-andres-crespo-en-la-nacional-cadete-de-baloncesto\/","url":"https:\/\/radiolitoral.com\/2026\/01\/medalla-de-plata-para-andres-crespo-en-la-nacional-cadete-de-baloncesto\/","name":"Medalla de plata per a Andr\u00e9s Crespo a la Nacional cadet de b\u00e0squet | R\u00e0dio Litoral","isPartOf":{"@id":"https:\/\/radiolitoral.com\/#website"},"primaryImageOfPage":{"@id":"https:\/\/radiolitoral.com\/2026\/01\/medalla-de-plata-para-andres-crespo-en-la-nacional-cadete-de-baloncesto\/#primaryimage"},"image":{"@id":"https:\/\/radiolitoral.com\/2026\/01\/medalla-de-plata-para-andres-crespo-en-la-nacional-cadete-de-baloncesto\/#primaryimage"},"thumbnailUrl":"https:\/\/media.radiolitoral.com\/wp-content\/uploads\/2026\/01\/08135406\/612888606_1461724789288749_7960180509467599396_n.jpg","datePublished":"2026-01-08T12:54:42+00:00","description":"Va formar part de la Selecci\u00f3 Valenciana cadet que va caure a la final davant la Selecci\u00f3 de Madrid Va formar part de la Selecci\u00f3 Valenciana cadet que va caure a la final davant la Selecci\u00f3 de Madrid","breadcrumb":{"@id":"https:\/\/radiolitoral.com\/2026\/01\/medalla-de-plata-para-andres-crespo-en-la-nacional-cadete-de-baloncesto\/#breadcrumb"},"inLanguage":"ca","potentialAction":[{"@type":"ReadAction","target":["https:\/\/radiolitoral.com\/2026\/01\/medalla-de-plata-para-andres-crespo-en-la-nacional-cadete-de-baloncesto\/"]}]},{"@type":"ImageObject","inLanguage":"ca","@id":"https:\/\/radiolitoral.com\/2026\/01\/medalla-de-plata-para-andres-crespo-en-la-nacional-cadete-de-baloncesto\/#primaryimage","url":"https:\/\/media.radiolitoral.com\/wp-content\/uploads\/2026\/01\/08135406\/612888606_1461724789288749_7960180509467599396_n.jpg","contentUrl":"https:\/\/media.radiolitoral.com\/wp-content\/uploads\/2026\/01\/08135406\/612888606_1461724789288749_7960180509467599396_n.jpg","width":2048,"height":1073},{"@type":"BreadcrumbList","@id":"https:\/\/radiolitoral.com\/2026\/01\/medalla-de-plata-para-andres-crespo-en-la-nacional-cadete-de-baloncesto\/#breadcrumb","itemListElement":[{"@type":"ListItem","position":1,"name":"Portada","item":"https:\/\/radiolitoral.com\/"},{"@type":"ListItem","position":2,"name":"Medalla de plata para Andr\u00e9s Crespo en la Nacional cadete de baloncesto"}]},{"@type":"WebSite","@id":"https:\/\/radiolitoral.com\/#website","url":"https:\/\/radiolitoral.com\/","name":"R\u00e0dio Litoral","description":"La r\u00e0dio local de la Marina Alta","publisher":{"@id":"https:\/\/radiolitoral.com\/#organization"},"alternateName":"Litoral FM","potentialAction":[{"@type":"SearchAction","target":{"@type":"EntryPoint","urlTemplate":"https:\/\/radiolitoral.com\/?s={search_term_string}"},"query-input":{"@type":"PropertyValueSpecification","valueRequired":true,"valueName":"search_term_string"}}],"inLanguage":"ca"},{"@type":"Organization","@id":"https:\/\/radiolitoral.com\/#organization","name":"R\u00e0dio Litoral","url":"https:\/\/radiolitoral.com\/","logo":{"@type":"ImageObject","inLanguage":"ca","@id":"https:\/\/radiolitoral.com\/#\/schema\/logo\/image\/","url":"https:\/\/media.radiolitoral.com\/wp-content\/uploads\/2023\/02\/24143238\/CL-V-RadioLitoral696.png","contentUrl":"https:\/\/media.radiolitoral.com\/wp-content\/uploads\/2023\/02\/24143238\/CL-V-RadioLitoral696.png","width":696,"height":696,"caption":"Radio Litoral"},"image":{"@id":"https:\/\/radiolitoral.com\/#\/schema\/logo\/image\/"},"sameAs":["https:\/\/www.facebook.com\/Laradiolitoral\/"]},{"@type":"Person","@id":"https:\/\/radiolitoral.com\/#\/schema\/person\/7b1480b5caeb5acdd4ec6379caf62b22","name":"Javier Zamora","image":{"@type":"ImageObject","inLanguage":"ca","@id":"https:\/\/secure.gravatar.com\/avatar\/467a11f6918c7d619c4043fc6fa2d3853053107973f05b6e9c04ea6c4e3a7b3f?s=96&d=mm&r=g","url":"https:\/\/secure.gravatar.com\/avatar\/467a11f6918c7d619c4043fc6fa2d3853053107973f05b6e9c04ea6c4e3a7b3f?s=96&d=mm&r=g","contentUrl":"https:\/\/secure.gravatar.com\/avatar\/467a11f6918c7d619c4043fc6fa2d3853053107973f05b6e9c04ea6c4e3a7b3f?s=96&d=mm&r=g","caption":"Javier Zamora"},"url":"https:\/\/radiolitoral.com\/ca\/author\/javier-zamora\/"}]}},"_links":{"self":[{"href":"https:\/\/radiolitoral.com\/ca\/wp-json\/wp\/v2\/posts\/19543","targetHints":{"allow":["GET"]}}],"collection":[{"href":"https:\/\/radiolitoral.com\/ca\/wp-json\/wp\/v2\/posts"}],"about":[{"href":"https:\/\/radiolitoral.com\/ca\/wp-json\/wp\/v2\/types\/post"}],"author":[{"embeddable":true,"href":"https:\/\/radiolitoral.com\/ca\/wp-json\/wp\/v2\/users\/12"}],"replies":[{"embeddable":true,"href":"https:\/\/radiolitoral.com\/ca\/wp-json\/wp\/v2\/comments?post=19543"}],"version-history":[{"count":2,"href":"https:\/\/radiolitoral.com\/ca\/wp-json\/wp\/v2\/posts\/19543\/revisions"}],"predecessor-version":[{"id":19546,"href":"https:\/\/radiolitoral.com\/ca\/wp-json\/wp\/v2\/posts\/19543\/revisions\/19546"}],"wp:featuredmedia":[{"embeddable":true,"href":"https:\/\/radiolitoral.com\/ca\/wp-json\/wp\/v2\/media\/19544"}],"wp:attachment":[{"href":"https:\/\/radiolitoral.com\/ca\/wp-json\/wp\/v2\/media?parent=19543"}],"wp:term":[{"taxonomy":"category","embeddable":true,"href":"https:\/\/radiolitoral.com\/ca\/wp-json\/wp\/v2\/categories?post=19543"},{"taxonomy":"post_tag","embeddable":true,"href":"https:\/\/radiolitoral.com\/ca\/wp-json\/wp\/v2\/tags?post=19543"}],"curies":[{"name":"wp","href":"https:\/\/api.w.org\/{rel}","templated":true}]}}