{"id":19539,"date":"2026-01-08T13:47:51","date_gmt":"2026-01-08T12:47:51","guid":{"rendered":"https:\/\/radiolitoral.com\/?p=19539"},"modified":"2026-01-08T13:47:51","modified_gmt":"2026-01-08T12:47:51","slug":"carlos-alonso-campio-de-la-supercopa-despana-amb-jimbee-cartagena","status":"publish","type":"post","link":"https:\/\/radiolitoral.com\/ca\/2026\/01\/carlos-alonso-campeon-de-la-supercopa-de-espana-con-jimbee-cartagena\/","title":{"rendered":"Carlos Alonso campi\u00f3 de la Supercopa d&#039;Espanya amb Jimbee Cartagena"},"content":{"rendered":"<p>El m\u00f3n del futbol sala de la Marina Alta est\u00e0 enhorabona despr\u00e9s de la <strong>consecuci\u00f3 de Carlos Alonso, <\/strong>jugador de Calp<strong>, del t\u00edtol <\/strong>com <strong>campi\u00f3 de la Supercopa d&#039;Espanya de Futbol Sala<\/strong> amb el seu equip actual, el <strong>Jimbee Cartagena<\/strong>. Guard\u00f3 que suposa el primer \u00e8xit <strong>professional<\/strong> de la carrera esportiva del jove talent de <strong>Calp<\/strong> que segueix guanyant-se un nom al panorama nacional.<\/p>\n<p>La <strong>Supercopa d&#039;Espanya<\/strong>, una de les competicions m\u00e9s prestigioses del calendari del futbol sala nacional, reuneix els millors equips del pa\u00eds, i la seva vict\u00f2ria representa una fita important per a qualsevol jugador. En aquest context, el <strong>Jimbee Cartagena<\/strong> es va consagrar campi\u00f3, i <strong>Carlos Alonso Font<\/strong>, amb la seva destacada participaci\u00f3, va ser part fonamental de l&#039;\u00e8xit del seu equip.<\/p>\n<p>Aquest \u00e8xit no nom\u00e9s representa un t\u00edtol m\u00e9s per al <strong>Jimbee Cartagena<\/strong>, sin\u00f3 tamb\u00e9 un gran pas endavant en la cursa de Carlos Alonso, que continua refermant-se com una de les promeses m\u00e9s importants del futbol sala espanyol.<\/p>\n<p>El <strong>Ajuntament de Calp<\/strong> va felicitar Carlos Alonso Fon<strong>t<\/strong> pel gran \u00e8xit i ha destacat que aquest t\u00edtol \u00e9s el resultat de l&#039;esfor\u00e7, la const\u00e0ncia i el talent que el jugador ha demostrat al llarg de la seva traject\u00f2ria esportiva. Des de la instituci\u00f3 se li ha desitjat tot l&#039;\u00e8xit en futurs \u00e8xits, subratllant que aquest campionat obre la porta a nous reptes i fites a la seva carrera.<\/p>\n<p>&nbsp;<\/p>\n<p><script src=\"chrome-extension:\/\/flbolonkboilcbnohjlchlfgdalomdpl\/iFrame.js\" type=\"text\/javascript\"><\/script><\/p>","protected":false},"excerpt":{"rendered":"<p>El mundo del f\u00fatbol sala de la Marina Alta est\u00e1 de enhorabuena tras la consecuci\u00f3n de Carlos Alonso, jugador de Calp, del t\u00edtulo como campe\u00f3n de la Supercopa de Espa\u00f1a de F\u00fatbol Sala con su equipo actual, el Jimbee Cartagena. Galard\u00f3n que supone el primer logro profesional de la carrera deportiva del joven talento de [&#8230;]<\/p>\n<p><a class=\"btn btn-secondary understrap-read-more-link\" href=\"https:\/\/radiolitoral.com\/ca\/2026\/01\/carlos-alonso-campeon-de-la-supercopa-de-espana-con-jimbee-cartagena\/\">Continua llegint&#8230;<span class=\"screen-reader-text\"> from Carlos Alonso campe\u00f3n de la Supercopa de Espa\u00f1a con Jimbee Cartagena<\/span><\/a><\/p>\n","protected":false},"author":12,"featured_media":19540,"comment_status":"open","ping_status":"closed","sticky":false,"template":"","format":"standard","meta":{"_acf_changed":false,"inline_featured_image":false,"footnotes":""},"categories":[5],"tags":[5141,6,5143,5142],"class_list":["post-19539","post","type-post","status-publish","format-standard","has-post-thumbnail","hentry","category-deportes","tag-carlos-alonso","tag-deportes","tag-jimbee-cartagena","tag-supercopa-de-espana-de-futbol-sala","cobertura-calp"],"acf":[],"yoast_head":"<!-- This site is optimized with the Yoast SEO plugin v27.5 - https:\/\/yoast.com\/product\/yoast-seo-wordpress\/ -->\n<title>Carlos Alonso campe\u00f3n de la Supercopa de Espa\u00f1a con Jimbee Cartagena | R\u00e0dio Litoral<\/title>\n<meta name=\"description\" content=\"El calpino sum\u00f3 su primer t\u00edtulo como jugador profesional de f\u00fatbol salaEl calpino sum\u00f3 su primer t\u00edtulo como jugador profesional de f\u00fatbol sala\" \/>\n<meta name=\"robots\" content=\"index, follow, max-snippet:-1, max-image-preview:large, max-video-preview:-1\" \/>\n<link rel=\"canonical\" href=\"https:\/\/radiolitoral.com\/ca\/2026\/01\/carlos-alonso-campio-de-la-supercopa-despana-amb-jimbee-cartagena\/\" \/>\n<meta property=\"og:locale\" content=\"ca_ES\" \/>\n<meta property=\"og:type\" content=\"article\" \/>\n<meta property=\"og:title\" content=\"Carlos Alonso campe\u00f3n de la Supercopa de Espa\u00f1a con Jimbee Cartagena | R\u00e0dio Litoral\" \/>\n<meta property=\"og:description\" content=\"El calpino sum\u00f3 su primer t\u00edtulo como jugador profesional de f\u00fatbol salaEl calpino sum\u00f3 su primer t\u00edtulo como jugador profesional de f\u00fatbol sala\" \/>\n<meta property=\"og:url\" content=\"https:\/\/radiolitoral.com\/ca\/2026\/01\/carlos-alonso-campio-de-la-supercopa-despana-amb-jimbee-cartagena\/\" \/>\n<meta property=\"og:site_name\" content=\"R\u00e0dio Litoral\" \/>\n<meta property=\"article:publisher\" content=\"https:\/\/www.facebook.com\/Laradiolitoral\/\" \/>\n<meta property=\"article:published_time\" content=\"2026-01-08T12:47:51+00:00\" \/>\n<meta property=\"og:image\" content=\"https:\/\/media.radiolitoral.com\/wp-content\/uploads\/2026\/01\/08134739\/Carlos-Alonso-con-los-trofeos.jpg\" \/>\n\t<meta property=\"og:image:width\" content=\"1024\" \/>\n\t<meta property=\"og:image:height\" content=\"706\" \/>\n\t<meta property=\"og:image:type\" content=\"image\/jpeg\" \/>\n<meta name=\"author\" content=\"Javier Zamora\" \/>\n<meta name=\"twitter:card\" content=\"summary_large_image\" \/>\n<meta name=\"twitter:label1\" content=\"Escrit per\" \/>\n\t<meta name=\"twitter:data1\" content=\"Javier Zamora\" \/>\n\t<meta name=\"twitter:label2\" content=\"Temps estimat de lectura\" \/>\n\t<meta name=\"twitter:data2\" content=\"2 minuts\" \/>\n<script type=\"application\/ld+json\" class=\"yoast-schema-graph\">{\"@context\":\"https:\\\/\\\/schema.org\",\"@graph\":[{\"@type\":\"NewsArticle\",\"@id\":\"https:\\\/\\\/radiolitoral.com\\\/2026\\\/01\\\/carlos-alonso-campeon-de-la-supercopa-de-espana-con-jimbee-cartagena\\\/#article\",\"isPartOf\":{\"@id\":\"https:\\\/\\\/radiolitoral.com\\\/2026\\\/01\\\/carlos-alonso-campeon-de-la-supercopa-de-espana-con-jimbee-cartagena\\\/\"},\"author\":{\"name\":\"Javier Zamora\",\"@id\":\"https:\\\/\\\/radiolitoral.com\\\/#\\\/schema\\\/person\\\/7b1480b5caeb5acdd4ec6379caf62b22\"},\"headline\":\"Carlos Alonso campe\u00f3n de la Supercopa de Espa\u00f1a con Jimbee Cartagena\",\"datePublished\":\"2026-01-08T12:47:51+00:00\",\"mainEntityOfPage\":{\"@id\":\"https:\\\/\\\/radiolitoral.com\\\/2026\\\/01\\\/carlos-alonso-campeon-de-la-supercopa-de-espana-con-jimbee-cartagena\\\/\"},\"wordCount\":268,\"commentCount\":0,\"publisher\":{\"@id\":\"https:\\\/\\\/radiolitoral.com\\\/#organization\"},\"image\":{\"@id\":\"https:\\\/\\\/radiolitoral.com\\\/2026\\\/01\\\/carlos-alonso-campeon-de-la-supercopa-de-espana-con-jimbee-cartagena\\\/#primaryimage\"},\"thumbnailUrl\":\"https:\\\/\\\/media.radiolitoral.com\\\/wp-content\\\/uploads\\\/2026\\\/01\\\/08134739\\\/Carlos-Alonso-con-los-trofeos.jpg\",\"keywords\":[\"Carlos Alonso\",\"deportes\",\"Jimbee Cartagena\",\"Supercopa de Espa\u00f1a de f\u00fatbol sala\"],\"articleSection\":[\"Deportes\"],\"inLanguage\":\"ca\",\"potentialAction\":[{\"@type\":\"CommentAction\",\"name\":\"Comment\",\"target\":[\"https:\\\/\\\/radiolitoral.com\\\/2026\\\/01\\\/carlos-alonso-campeon-de-la-supercopa-de-espana-con-jimbee-cartagena\\\/#respond\"]}]},{\"@type\":[\"WebPage\",\"ItemPage\"],\"@id\":\"https:\\\/\\\/radiolitoral.com\\\/2026\\\/01\\\/carlos-alonso-campeon-de-la-supercopa-de-espana-con-jimbee-cartagena\\\/\",\"url\":\"https:\\\/\\\/radiolitoral.com\\\/2026\\\/01\\\/carlos-alonso-campeon-de-la-supercopa-de-espana-con-jimbee-cartagena\\\/\",\"name\":\"Carlos Alonso campe\u00f3n de la Supercopa de Espa\u00f1a con Jimbee Cartagena | R\u00e0dio Litoral\",\"isPartOf\":{\"@id\":\"https:\\\/\\\/radiolitoral.com\\\/#website\"},\"primaryImageOfPage\":{\"@id\":\"https:\\\/\\\/radiolitoral.com\\\/2026\\\/01\\\/carlos-alonso-campeon-de-la-supercopa-de-espana-con-jimbee-cartagena\\\/#primaryimage\"},\"image\":{\"@id\":\"https:\\\/\\\/radiolitoral.com\\\/2026\\\/01\\\/carlos-alonso-campeon-de-la-supercopa-de-espana-con-jimbee-cartagena\\\/#primaryimage\"},\"thumbnailUrl\":\"https:\\\/\\\/media.radiolitoral.com\\\/wp-content\\\/uploads\\\/2026\\\/01\\\/08134739\\\/Carlos-Alonso-con-los-trofeos.jpg\",\"datePublished\":\"2026-01-08T12:47:51+00:00\",\"description\":\"El calpino sum\u00f3 su primer t\u00edtulo como jugador profesional de f\u00fatbol salaEl calpino sum\u00f3 su primer t\u00edtulo como jugador profesional de f\u00fatbol sala\",\"breadcrumb\":{\"@id\":\"https:\\\/\\\/radiolitoral.com\\\/2026\\\/01\\\/carlos-alonso-campeon-de-la-supercopa-de-espana-con-jimbee-cartagena\\\/#breadcrumb\"},\"inLanguage\":\"ca\",\"potentialAction\":[{\"@type\":\"ReadAction\",\"target\":[\"https:\\\/\\\/radiolitoral.com\\\/2026\\\/01\\\/carlos-alonso-campeon-de-la-supercopa-de-espana-con-jimbee-cartagena\\\/\"]}]},{\"@type\":\"ImageObject\",\"inLanguage\":\"ca\",\"@id\":\"https:\\\/\\\/radiolitoral.com\\\/2026\\\/01\\\/carlos-alonso-campeon-de-la-supercopa-de-espana-con-jimbee-cartagena\\\/#primaryimage\",\"url\":\"https:\\\/\\\/media.radiolitoral.com\\\/wp-content\\\/uploads\\\/2026\\\/01\\\/08134739\\\/Carlos-Alonso-con-los-trofeos.jpg\",\"contentUrl\":\"https:\\\/\\\/media.radiolitoral.com\\\/wp-content\\\/uploads\\\/2026\\\/01\\\/08134739\\\/Carlos-Alonso-con-los-trofeos.jpg\",\"width\":1024,\"height\":706},{\"@type\":\"BreadcrumbList\",\"@id\":\"https:\\\/\\\/radiolitoral.com\\\/2026\\\/01\\\/carlos-alonso-campeon-de-la-supercopa-de-espana-con-jimbee-cartagena\\\/#breadcrumb\",\"itemListElement\":[{\"@type\":\"ListItem\",\"position\":1,\"name\":\"Portada\",\"item\":\"https:\\\/\\\/radiolitoral.com\\\/\"},{\"@type\":\"ListItem\",\"position\":2,\"name\":\"Carlos Alonso campe\u00f3n de la Supercopa de Espa\u00f1a con Jimbee Cartagena\"}]},{\"@type\":\"WebSite\",\"@id\":\"https:\\\/\\\/radiolitoral.com\\\/#website\",\"url\":\"https:\\\/\\\/radiolitoral.com\\\/\",\"name\":\"Radio Litoral\",\"description\":\"La radio local de la Marina Alta\",\"publisher\":{\"@id\":\"https:\\\/\\\/radiolitoral.com\\\/#organization\"},\"alternateName\":\"Litoral FM\",\"potentialAction\":[{\"@type\":\"SearchAction\",\"target\":{\"@type\":\"EntryPoint\",\"urlTemplate\":\"https:\\\/\\\/radiolitoral.com\\\/?s={search_term_string}\"},\"query-input\":{\"@type\":\"PropertyValueSpecification\",\"valueRequired\":true,\"valueName\":\"search_term_string\"}}],\"inLanguage\":\"ca\"},{\"@type\":\"Organization\",\"@id\":\"https:\\\/\\\/radiolitoral.com\\\/#organization\",\"name\":\"Radio Litoral\",\"url\":\"https:\\\/\\\/radiolitoral.com\\\/\",\"logo\":{\"@type\":\"ImageObject\",\"inLanguage\":\"ca\",\"@id\":\"https:\\\/\\\/radiolitoral.com\\\/#\\\/schema\\\/logo\\\/image\\\/\",\"url\":\"https:\\\/\\\/media.radiolitoral.com\\\/wp-content\\\/uploads\\\/2023\\\/02\\\/24143238\\\/CL-V-RadioLitoral696.png\",\"contentUrl\":\"https:\\\/\\\/media.radiolitoral.com\\\/wp-content\\\/uploads\\\/2023\\\/02\\\/24143238\\\/CL-V-RadioLitoral696.png\",\"width\":696,\"height\":696,\"caption\":\"Radio Litoral\"},\"image\":{\"@id\":\"https:\\\/\\\/radiolitoral.com\\\/#\\\/schema\\\/logo\\\/image\\\/\"},\"sameAs\":[\"https:\\\/\\\/www.facebook.com\\\/Laradiolitoral\\\/\"]},{\"@type\":\"Person\",\"@id\":\"https:\\\/\\\/radiolitoral.com\\\/#\\\/schema\\\/person\\\/7b1480b5caeb5acdd4ec6379caf62b22\",\"name\":\"Javier Zamora\",\"image\":{\"@type\":\"ImageObject\",\"inLanguage\":\"ca\",\"@id\":\"https:\\\/\\\/secure.gravatar.com\\\/avatar\\\/467a11f6918c7d619c4043fc6fa2d3853053107973f05b6e9c04ea6c4e3a7b3f?s=96&d=mm&r=g\",\"url\":\"https:\\\/\\\/secure.gravatar.com\\\/avatar\\\/467a11f6918c7d619c4043fc6fa2d3853053107973f05b6e9c04ea6c4e3a7b3f?s=96&d=mm&r=g\",\"contentUrl\":\"https:\\\/\\\/secure.gravatar.com\\\/avatar\\\/467a11f6918c7d619c4043fc6fa2d3853053107973f05b6e9c04ea6c4e3a7b3f?s=96&d=mm&r=g\",\"caption\":\"Javier Zamora\"},\"url\":\"https:\\\/\\\/radiolitoral.com\\\/ca\\\/author\\\/javier-zamora\\\/\"}]}<\/script>\n<!-- \/ Yoast SEO plugin. -->","yoast_head_json":{"title":"Carlos Alonso campi\u00f3 de la Supercopa d&#039;Espanya amb Jimbee Cartagena | R\u00e0dio Litoral","description":"El calp\u00ed va sumar el seu primer t\u00edtol com a jugador professional de futbol salaEl calp\u00ed va sumar el seu primer t\u00edtol com a jugador professional de futbol sala","robots":{"index":"index","follow":"follow","max-snippet":"max-snippet:-1","max-image-preview":"max-image-preview:large","max-video-preview":"max-video-preview:-1"},"canonical":"https:\/\/radiolitoral.com\/ca\/2026\/01\/carlos-alonso-campio-de-la-supercopa-despana-amb-jimbee-cartagena\/","og_locale":"ca_ES","og_type":"article","og_title":"Carlos Alonso campe\u00f3n de la Supercopa de Espa\u00f1a con Jimbee Cartagena | R\u00e0dio Litoral","og_description":"El calpino sum\u00f3 su primer t\u00edtulo como jugador profesional de f\u00fatbol salaEl calpino sum\u00f3 su primer t\u00edtulo como jugador profesional de f\u00fatbol sala","og_url":"https:\/\/radiolitoral.com\/ca\/2026\/01\/carlos-alonso-campio-de-la-supercopa-despana-amb-jimbee-cartagena\/","og_site_name":"R\u00e0dio Litoral","article_publisher":"https:\/\/www.facebook.com\/Laradiolitoral\/","article_published_time":"2026-01-08T12:47:51+00:00","og_image":[{"width":1024,"height":706,"url":"https:\/\/media.radiolitoral.com\/wp-content\/uploads\/2026\/01\/08134739\/Carlos-Alonso-con-los-trofeos.jpg","type":"image\/jpeg"}],"author":"Javier Zamora","twitter_card":"summary_large_image","twitter_misc":{"Escrit per":"Javier Zamora","Temps estimat de lectura":"2 minuts"},"schema":{"@context":"https:\/\/schema.org","@graph":[{"@type":"NewsArticle","@id":"https:\/\/radiolitoral.com\/2026\/01\/carlos-alonso-campeon-de-la-supercopa-de-espana-con-jimbee-cartagena\/#article","isPartOf":{"@id":"https:\/\/radiolitoral.com\/2026\/01\/carlos-alonso-campeon-de-la-supercopa-de-espana-con-jimbee-cartagena\/"},"author":{"name":"Javier Zamora","@id":"https:\/\/radiolitoral.com\/#\/schema\/person\/7b1480b5caeb5acdd4ec6379caf62b22"},"headline":"Carlos Alonso campe\u00f3n de la Supercopa de Espa\u00f1a con Jimbee Cartagena","datePublished":"2026-01-08T12:47:51+00:00","mainEntityOfPage":{"@id":"https:\/\/radiolitoral.com\/2026\/01\/carlos-alonso-campeon-de-la-supercopa-de-espana-con-jimbee-cartagena\/"},"wordCount":268,"commentCount":0,"publisher":{"@id":"https:\/\/radiolitoral.com\/#organization"},"image":{"@id":"https:\/\/radiolitoral.com\/2026\/01\/carlos-alonso-campeon-de-la-supercopa-de-espana-con-jimbee-cartagena\/#primaryimage"},"thumbnailUrl":"https:\/\/media.radiolitoral.com\/wp-content\/uploads\/2026\/01\/08134739\/Carlos-Alonso-con-los-trofeos.jpg","keywords":["Carlos Alonso","deportes","Jimbee Cartagena","Supercopa de Espa\u00f1a de f\u00fatbol sala"],"articleSection":["Deportes"],"inLanguage":"ca","potentialAction":[{"@type":"CommentAction","name":"Comment","target":["https:\/\/radiolitoral.com\/2026\/01\/carlos-alonso-campeon-de-la-supercopa-de-espana-con-jimbee-cartagena\/#respond"]}]},{"@type":["WebPage","ItemPage"],"@id":"https:\/\/radiolitoral.com\/2026\/01\/carlos-alonso-campeon-de-la-supercopa-de-espana-con-jimbee-cartagena\/","url":"https:\/\/radiolitoral.com\/2026\/01\/carlos-alonso-campeon-de-la-supercopa-de-espana-con-jimbee-cartagena\/","name":"Carlos Alonso campi\u00f3 de la Supercopa d&#039;Espanya amb Jimbee Cartagena | R\u00e0dio Litoral","isPartOf":{"@id":"https:\/\/radiolitoral.com\/#website"},"primaryImageOfPage":{"@id":"https:\/\/radiolitoral.com\/2026\/01\/carlos-alonso-campeon-de-la-supercopa-de-espana-con-jimbee-cartagena\/#primaryimage"},"image":{"@id":"https:\/\/radiolitoral.com\/2026\/01\/carlos-alonso-campeon-de-la-supercopa-de-espana-con-jimbee-cartagena\/#primaryimage"},"thumbnailUrl":"https:\/\/media.radiolitoral.com\/wp-content\/uploads\/2026\/01\/08134739\/Carlos-Alonso-con-los-trofeos.jpg","datePublished":"2026-01-08T12:47:51+00:00","description":"El calp\u00ed va sumar el seu primer t\u00edtol com a jugador professional de futbol salaEl calp\u00ed va sumar el seu primer t\u00edtol com a jugador professional de futbol sala","breadcrumb":{"@id":"https:\/\/radiolitoral.com\/2026\/01\/carlos-alonso-campeon-de-la-supercopa-de-espana-con-jimbee-cartagena\/#breadcrumb"},"inLanguage":"ca","potentialAction":[{"@type":"ReadAction","target":["https:\/\/radiolitoral.com\/2026\/01\/carlos-alonso-campeon-de-la-supercopa-de-espana-con-jimbee-cartagena\/"]}]},{"@type":"ImageObject","inLanguage":"ca","@id":"https:\/\/radiolitoral.com\/2026\/01\/carlos-alonso-campeon-de-la-supercopa-de-espana-con-jimbee-cartagena\/#primaryimage","url":"https:\/\/media.radiolitoral.com\/wp-content\/uploads\/2026\/01\/08134739\/Carlos-Alonso-con-los-trofeos.jpg","contentUrl":"https:\/\/media.radiolitoral.com\/wp-content\/uploads\/2026\/01\/08134739\/Carlos-Alonso-con-los-trofeos.jpg","width":1024,"height":706},{"@type":"BreadcrumbList","@id":"https:\/\/radiolitoral.com\/2026\/01\/carlos-alonso-campeon-de-la-supercopa-de-espana-con-jimbee-cartagena\/#breadcrumb","itemListElement":[{"@type":"ListItem","position":1,"name":"Portada","item":"https:\/\/radiolitoral.com\/"},{"@type":"ListItem","position":2,"name":"Carlos Alonso campe\u00f3n de la Supercopa de Espa\u00f1a con Jimbee Cartagena"}]},{"@type":"WebSite","@id":"https:\/\/radiolitoral.com\/#website","url":"https:\/\/radiolitoral.com\/","name":"R\u00e0dio Litoral","description":"La r\u00e0dio local de la Marina Alta","publisher":{"@id":"https:\/\/radiolitoral.com\/#organization"},"alternateName":"Litoral FM","potentialAction":[{"@type":"SearchAction","target":{"@type":"EntryPoint","urlTemplate":"https:\/\/radiolitoral.com\/?s={search_term_string}"},"query-input":{"@type":"PropertyValueSpecification","valueRequired":true,"valueName":"search_term_string"}}],"inLanguage":"ca"},{"@type":"Organization","@id":"https:\/\/radiolitoral.com\/#organization","name":"R\u00e0dio Litoral","url":"https:\/\/radiolitoral.com\/","logo":{"@type":"ImageObject","inLanguage":"ca","@id":"https:\/\/radiolitoral.com\/#\/schema\/logo\/image\/","url":"https:\/\/media.radiolitoral.com\/wp-content\/uploads\/2023\/02\/24143238\/CL-V-RadioLitoral696.png","contentUrl":"https:\/\/media.radiolitoral.com\/wp-content\/uploads\/2023\/02\/24143238\/CL-V-RadioLitoral696.png","width":696,"height":696,"caption":"Radio Litoral"},"image":{"@id":"https:\/\/radiolitoral.com\/#\/schema\/logo\/image\/"},"sameAs":["https:\/\/www.facebook.com\/Laradiolitoral\/"]},{"@type":"Person","@id":"https:\/\/radiolitoral.com\/#\/schema\/person\/7b1480b5caeb5acdd4ec6379caf62b22","name":"Javier Zamora","image":{"@type":"ImageObject","inLanguage":"ca","@id":"https:\/\/secure.gravatar.com\/avatar\/467a11f6918c7d619c4043fc6fa2d3853053107973f05b6e9c04ea6c4e3a7b3f?s=96&d=mm&r=g","url":"https:\/\/secure.gravatar.com\/avatar\/467a11f6918c7d619c4043fc6fa2d3853053107973f05b6e9c04ea6c4e3a7b3f?s=96&d=mm&r=g","contentUrl":"https:\/\/secure.gravatar.com\/avatar\/467a11f6918c7d619c4043fc6fa2d3853053107973f05b6e9c04ea6c4e3a7b3f?s=96&d=mm&r=g","caption":"Javier Zamora"},"url":"https:\/\/radiolitoral.com\/ca\/author\/javier-zamora\/"}]}},"_links":{"self":[{"href":"https:\/\/radiolitoral.com\/ca\/wp-json\/wp\/v2\/posts\/19539","targetHints":{"allow":["GET"]}}],"collection":[{"href":"https:\/\/radiolitoral.com\/ca\/wp-json\/wp\/v2\/posts"}],"about":[{"href":"https:\/\/radiolitoral.com\/ca\/wp-json\/wp\/v2\/types\/post"}],"author":[{"embeddable":true,"href":"https:\/\/radiolitoral.com\/ca\/wp-json\/wp\/v2\/users\/12"}],"replies":[{"embeddable":true,"href":"https:\/\/radiolitoral.com\/ca\/wp-json\/wp\/v2\/comments?post=19539"}],"version-history":[{"count":1,"href":"https:\/\/radiolitoral.com\/ca\/wp-json\/wp\/v2\/posts\/19539\/revisions"}],"predecessor-version":[{"id":19541,"href":"https:\/\/radiolitoral.com\/ca\/wp-json\/wp\/v2\/posts\/19539\/revisions\/19541"}],"wp:featuredmedia":[{"embeddable":true,"href":"https:\/\/radiolitoral.com\/ca\/wp-json\/wp\/v2\/media\/19540"}],"wp:attachment":[{"href":"https:\/\/radiolitoral.com\/ca\/wp-json\/wp\/v2\/media?parent=19539"}],"wp:term":[{"taxonomy":"category","embeddable":true,"href":"https:\/\/radiolitoral.com\/ca\/wp-json\/wp\/v2\/categories?post=19539"},{"taxonomy":"post_tag","embeddable":true,"href":"https:\/\/radiolitoral.com\/ca\/wp-json\/wp\/v2\/tags?post=19539"}],"curies":[{"name":"wp","href":"https:\/\/api.w.org\/{rel}","templated":true}]}}