{"id":19533,"date":"2025-12-31T11:03:49","date_gmt":"2025-12-31T10:03:49","guid":{"rendered":"https:\/\/radiolitoral.com\/?p=19533"},"modified":"2025-12-31T11:03:49","modified_gmt":"2025-12-31T10:03:49","slug":"calp-va-acollir-la-festa-del-basquet-base","status":"publish","type":"post","link":"https:\/\/radiolitoral.com\/ca\/2025\/12\/calp-acogio-la-fiesta-del-baloncesto-base\/","title":{"rendered":"Calp va acollir la festa del b\u00e0squet base"},"content":{"rendered":"<p data-start=\"203\" data-end=\"560\">Calp va vibrar aquest cap de setmana amb la celebraci\u00f3 del <strong data-start=\"256\" data-end=\"294\">I Torneig Vila de Calp de Seleccions Infantils<\/strong>, una cita que va reunir els combinats auton\u00f2mics de <strong data-start=\"348\" data-end=\"402\">Madrid, Catalunya, Arag\u00f3 i la Comunitat Valenciana<\/strong> i que va servir com <strong data-start=\"421\" data-end=\"445\">posada a punt final<\/strong> per al <strong data-start=\"454\" data-end=\"514\">Campionat d&#039;Espanya de seleccions auton\u00f2miques infantil<\/strong>, que arrencar\u00e0 el <strong data-start=\"533\" data-end=\"559\">3 de gener a Saragossa<\/strong>.<\/p>\n<p data-start=\"562\" data-end=\"789\">Els grans protagonistes van ser, sens dubte, els <strong data-start=\"610\" data-end=\"644\">gaireb\u00e9 100 jugadors i jugadores<\/strong> participants, que van gaudir d\u00b4un torneig exigent, competitiu i d\u00b4alt nivell, ideal per afinar sensacions abans de la gran cita nacional.<\/p>\n<h2 data-start=\"791\" data-end=\"816\">Resultats del torneig<\/h2>\n<h2 data-start=\"818\" data-end=\"833\"><strong data-start=\"818\" data-end=\"833\">Fase pr\u00e8via<\/strong><\/h2>\n<p data-start=\"836\" data-end=\"875\"><strong data-start=\"836\" data-end=\"848\">Femen\u00ed<\/strong>: Madrid 66 \u2013 60 Catalunya<\/p>\n<p data-start=\"878\" data-end=\"930\"><strong data-start=\"878\" data-end=\"891\">Mascul\u00ed<\/strong>: Comunitat Valenciana 96 \u2013 72 Arag\u00f3<\/p>\n<p data-start=\"933\" data-end=\"984\"><strong data-start=\"933\" data-end=\"945\">Femen\u00ed<\/strong>: Comunitat Valenciana 62 \u2013 37 Arag\u00f3<\/p>\n<p data-start=\"987\" data-end=\"1027\"><strong data-start=\"987\" data-end=\"1000\">Mascul\u00ed<\/strong>: Madrid 62 \u2013 71 Catalunya<\/p>\n<h2 data-start=\"1029\" data-end=\"1063\"><strong data-start=\"1029\" data-end=\"1063\">Partits pel 3r i 4t lloc<\/strong><\/h2>\n<p data-start=\"1066\" data-end=\"1105\"><strong data-start=\"1066\" data-end=\"1078\">Femen\u00ed<\/strong>: Catalunya 80 \u2013 58 Arag\u00f3<\/p>\n<p data-start=\"1108\" data-end=\"1146\"><strong data-start=\"1108\" data-end=\"1121\">Mascul\u00ed<\/strong>: Arag\u00f3 80 \u2013 98 Madrid<\/p>\n<h2 data-start=\"1148\" data-end=\"1159\"><strong data-start=\"1148\" data-end=\"1159\">Finals<\/strong><\/h2>\n<p data-start=\"1162\" data-end=\"1219\"><strong data-start=\"1162\" data-end=\"1180\">Final femenina<\/strong>: Madrid 69 \u2013 53 Comunitat Valenciana<\/p>\n<p data-start=\"1222\" data-end=\"1282\"><strong data-start=\"1222\" data-end=\"1241\">Final masculina<\/strong>: Comunitat Valenciana 70 \u2013 75 Catalunya<\/p>\n<h2 data-start=\"1284\" data-end=\"1323\">Un torneig d&#039;alt nivell competitiu<\/h2>\n<p data-start=\"1325\" data-end=\"1640\">Les finals van ser el reflex de lequilibri i la qualitat del torneig. <strong data-start=\"1395\" data-end=\"1405\">Madrid<\/strong> es va proclamar campiona en categoria femenina despr\u00e9s d&#039;imposar-se amb autoritat a la <strong data-start=\"1483\" data-end=\"1507\">Comunitat Valenciana<\/strong>, mentre que al quadre mascul\u00ed va ser <strong data-start=\"1549\" data-end=\"1561\">Catalunya<\/strong> qui es va emportar el t\u00edtol en un emocionant duel davant del combinat valenci\u00e0.<\/p>\n<p><script src=\"chrome-extension:\/\/flbolonkboilcbnohjlchlfgdalomdpl\/iFrame.js\" type=\"text\/javascript\"><\/script><\/p>","protected":false},"excerpt":{"rendered":"<p>Calp vibr\u00f3 este fin de semana con la celebraci\u00f3n del I Torneo Vila de Calp de Selecciones Infantiles, una cita que reuni\u00f3 a los combinados auton\u00f3micos de Madrid, Catalu\u00f1a, Arag\u00f3n y la Comunitat Valenciana y que sirvi\u00f3 como puesta a punto final para el Campeonato de Espa\u00f1a de Selecciones Auton\u00f3micas infantil, que arrancar\u00e1 el 3 [&#8230;]<\/p>\n<p><a class=\"btn btn-secondary understrap-read-more-link\" href=\"https:\/\/radiolitoral.com\/ca\/2025\/12\/calp-acogio-la-fiesta-del-baloncesto-base\/\">Continua llegint&#8230;<span class=\"screen-reader-text\"> from Calp acogi\u00f3 la fiesta del baloncesto base<\/span><\/a><\/p>\n","protected":false},"author":12,"featured_media":19534,"comment_status":"open","ping_status":"closed","sticky":false,"template":"","format":"standard","meta":{"_acf_changed":false,"inline_featured_image":false,"footnotes":""},"categories":[1],"tags":[6,5140],"class_list":["post-19533","post","type-post","status-publish","format-standard","has-post-thumbnail","hentry","category-uncategorized","tag-deportes","tag-torneo-vila-de-calp-de-baloncesto","cobertura-calp"],"acf":[],"yoast_head":"<!-- This site is optimized with the Yoast SEO plugin v27.5 - https:\/\/yoast.com\/product\/yoast-seo-wordpress\/ -->\n<title>Calp acogi\u00f3 la fiesta del baloncesto base | R\u00e0dio Litoral<\/title>\n<meta name=\"description\" content=\"Las selecciones de Catalu\u00f1a y Madrid se adjudicaron el Trofeo Vila de Calp de Selecciones Auton\u00f3micas InfantilesLas selecciones de Catalu\u00f1a y Madrid se adjudicaron el Trofeo Vila de Calp de Selecciones Auton\u00f3micas Infantiles\" \/>\n<meta name=\"robots\" content=\"index, follow, max-snippet:-1, max-image-preview:large, max-video-preview:-1\" \/>\n<link rel=\"canonical\" href=\"https:\/\/radiolitoral.com\/ca\/2025\/12\/calp-va-acollir-la-festa-del-basquet-base\/\" \/>\n<meta property=\"og:locale\" content=\"ca_ES\" \/>\n<meta property=\"og:type\" content=\"article\" \/>\n<meta property=\"og:title\" content=\"Calp acogi\u00f3 la fiesta del baloncesto base | R\u00e0dio Litoral\" \/>\n<meta property=\"og:description\" content=\"Las selecciones de Catalu\u00f1a y Madrid se adjudicaron el Trofeo Vila de Calp de Selecciones Auton\u00f3micas InfantilesLas selecciones de Catalu\u00f1a y Madrid se adjudicaron el Trofeo Vila de Calp de Selecciones Auton\u00f3micas Infantiles\" \/>\n<meta property=\"og:url\" content=\"https:\/\/radiolitoral.com\/ca\/2025\/12\/calp-va-acollir-la-festa-del-basquet-base\/\" \/>\n<meta property=\"og:site_name\" content=\"R\u00e0dio Litoral\" \/>\n<meta property=\"article:publisher\" content=\"https:\/\/www.facebook.com\/Laradiolitoral\/\" \/>\n<meta property=\"article:published_time\" content=\"2025-12-31T10:03:49+00:00\" \/>\n<meta property=\"og:image\" content=\"https:\/\/media.radiolitoral.com\/wp-content\/uploads\/2025\/12\/31105833\/55009685831_03f8908a1e_c.jpg\" \/>\n\t<meta property=\"og:image:width\" content=\"799\" \/>\n\t<meta property=\"og:image:height\" content=\"533\" \/>\n\t<meta property=\"og:image:type\" content=\"image\/jpeg\" \/>\n<meta name=\"author\" content=\"Javier Zamora\" \/>\n<meta name=\"twitter:card\" content=\"summary_large_image\" \/>\n<meta name=\"twitter:label1\" content=\"Escrit per\" \/>\n\t<meta name=\"twitter:data1\" content=\"Javier Zamora\" \/>\n\t<meta name=\"twitter:label2\" content=\"Temps estimat de lectura\" \/>\n\t<meta name=\"twitter:data2\" content=\"2 minuts\" \/>\n<script type=\"application\/ld+json\" class=\"yoast-schema-graph\">{\"@context\":\"https:\\\/\\\/schema.org\",\"@graph\":[{\"@type\":\"NewsArticle\",\"@id\":\"https:\\\/\\\/radiolitoral.com\\\/2025\\\/12\\\/calp-acogio-la-fiesta-del-baloncesto-base\\\/#article\",\"isPartOf\":{\"@id\":\"https:\\\/\\\/radiolitoral.com\\\/2025\\\/12\\\/calp-acogio-la-fiesta-del-baloncesto-base\\\/\"},\"author\":{\"name\":\"Javier Zamora\",\"@id\":\"https:\\\/\\\/radiolitoral.com\\\/#\\\/schema\\\/person\\\/7b1480b5caeb5acdd4ec6379caf62b22\"},\"headline\":\"Calp acogi\u00f3 la fiesta del baloncesto base\",\"datePublished\":\"2025-12-31T10:03:49+00:00\",\"mainEntityOfPage\":{\"@id\":\"https:\\\/\\\/radiolitoral.com\\\/2025\\\/12\\\/calp-acogio-la-fiesta-del-baloncesto-base\\\/\"},\"wordCount\":210,\"commentCount\":0,\"publisher\":{\"@id\":\"https:\\\/\\\/radiolitoral.com\\\/#organization\"},\"image\":{\"@id\":\"https:\\\/\\\/radiolitoral.com\\\/2025\\\/12\\\/calp-acogio-la-fiesta-del-baloncesto-base\\\/#primaryimage\"},\"thumbnailUrl\":\"https:\\\/\\\/media.radiolitoral.com\\\/wp-content\\\/uploads\\\/2025\\\/12\\\/31105833\\\/55009685831_03f8908a1e_c.jpg\",\"keywords\":[\"deportes\",\"Torneo Vila de Calp de baloncesto\"],\"articleSection\":[\"Uncategorized\"],\"inLanguage\":\"ca\",\"potentialAction\":[{\"@type\":\"CommentAction\",\"name\":\"Comment\",\"target\":[\"https:\\\/\\\/radiolitoral.com\\\/2025\\\/12\\\/calp-acogio-la-fiesta-del-baloncesto-base\\\/#respond\"]}]},{\"@type\":[\"WebPage\",\"ItemPage\"],\"@id\":\"https:\\\/\\\/radiolitoral.com\\\/2025\\\/12\\\/calp-acogio-la-fiesta-del-baloncesto-base\\\/\",\"url\":\"https:\\\/\\\/radiolitoral.com\\\/2025\\\/12\\\/calp-acogio-la-fiesta-del-baloncesto-base\\\/\",\"name\":\"Calp acogi\u00f3 la fiesta del baloncesto base | R\u00e0dio Litoral\",\"isPartOf\":{\"@id\":\"https:\\\/\\\/radiolitoral.com\\\/#website\"},\"primaryImageOfPage\":{\"@id\":\"https:\\\/\\\/radiolitoral.com\\\/2025\\\/12\\\/calp-acogio-la-fiesta-del-baloncesto-base\\\/#primaryimage\"},\"image\":{\"@id\":\"https:\\\/\\\/radiolitoral.com\\\/2025\\\/12\\\/calp-acogio-la-fiesta-del-baloncesto-base\\\/#primaryimage\"},\"thumbnailUrl\":\"https:\\\/\\\/media.radiolitoral.com\\\/wp-content\\\/uploads\\\/2025\\\/12\\\/31105833\\\/55009685831_03f8908a1e_c.jpg\",\"datePublished\":\"2025-12-31T10:03:49+00:00\",\"description\":\"Las selecciones de Catalu\u00f1a y Madrid se adjudicaron el Trofeo Vila de Calp de Selecciones Auton\u00f3micas InfantilesLas selecciones de Catalu\u00f1a y Madrid se adjudicaron el Trofeo Vila de Calp de Selecciones Auton\u00f3micas Infantiles\",\"breadcrumb\":{\"@id\":\"https:\\\/\\\/radiolitoral.com\\\/2025\\\/12\\\/calp-acogio-la-fiesta-del-baloncesto-base\\\/#breadcrumb\"},\"inLanguage\":\"ca\",\"potentialAction\":[{\"@type\":\"ReadAction\",\"target\":[\"https:\\\/\\\/radiolitoral.com\\\/2025\\\/12\\\/calp-acogio-la-fiesta-del-baloncesto-base\\\/\"]}]},{\"@type\":\"ImageObject\",\"inLanguage\":\"ca\",\"@id\":\"https:\\\/\\\/radiolitoral.com\\\/2025\\\/12\\\/calp-acogio-la-fiesta-del-baloncesto-base\\\/#primaryimage\",\"url\":\"https:\\\/\\\/media.radiolitoral.com\\\/wp-content\\\/uploads\\\/2025\\\/12\\\/31105833\\\/55009685831_03f8908a1e_c.jpg\",\"contentUrl\":\"https:\\\/\\\/media.radiolitoral.com\\\/wp-content\\\/uploads\\\/2025\\\/12\\\/31105833\\\/55009685831_03f8908a1e_c.jpg\",\"width\":799,\"height\":533},{\"@type\":\"BreadcrumbList\",\"@id\":\"https:\\\/\\\/radiolitoral.com\\\/2025\\\/12\\\/calp-acogio-la-fiesta-del-baloncesto-base\\\/#breadcrumb\",\"itemListElement\":[{\"@type\":\"ListItem\",\"position\":1,\"name\":\"Portada\",\"item\":\"https:\\\/\\\/radiolitoral.com\\\/\"},{\"@type\":\"ListItem\",\"position\":2,\"name\":\"Calp acogi\u00f3 la fiesta del baloncesto base\"}]},{\"@type\":\"WebSite\",\"@id\":\"https:\\\/\\\/radiolitoral.com\\\/#website\",\"url\":\"https:\\\/\\\/radiolitoral.com\\\/\",\"name\":\"Radio Litoral\",\"description\":\"La radio local de la Marina Alta\",\"publisher\":{\"@id\":\"https:\\\/\\\/radiolitoral.com\\\/#organization\"},\"alternateName\":\"Litoral FM\",\"potentialAction\":[{\"@type\":\"SearchAction\",\"target\":{\"@type\":\"EntryPoint\",\"urlTemplate\":\"https:\\\/\\\/radiolitoral.com\\\/?s={search_term_string}\"},\"query-input\":{\"@type\":\"PropertyValueSpecification\",\"valueRequired\":true,\"valueName\":\"search_term_string\"}}],\"inLanguage\":\"ca\"},{\"@type\":\"Organization\",\"@id\":\"https:\\\/\\\/radiolitoral.com\\\/#organization\",\"name\":\"Radio Litoral\",\"url\":\"https:\\\/\\\/radiolitoral.com\\\/\",\"logo\":{\"@type\":\"ImageObject\",\"inLanguage\":\"ca\",\"@id\":\"https:\\\/\\\/radiolitoral.com\\\/#\\\/schema\\\/logo\\\/image\\\/\",\"url\":\"https:\\\/\\\/media.radiolitoral.com\\\/wp-content\\\/uploads\\\/2023\\\/02\\\/24143238\\\/CL-V-RadioLitoral696.png\",\"contentUrl\":\"https:\\\/\\\/media.radiolitoral.com\\\/wp-content\\\/uploads\\\/2023\\\/02\\\/24143238\\\/CL-V-RadioLitoral696.png\",\"width\":696,\"height\":696,\"caption\":\"Radio Litoral\"},\"image\":{\"@id\":\"https:\\\/\\\/radiolitoral.com\\\/#\\\/schema\\\/logo\\\/image\\\/\"},\"sameAs\":[\"https:\\\/\\\/www.facebook.com\\\/Laradiolitoral\\\/\"]},{\"@type\":\"Person\",\"@id\":\"https:\\\/\\\/radiolitoral.com\\\/#\\\/schema\\\/person\\\/7b1480b5caeb5acdd4ec6379caf62b22\",\"name\":\"Javier Zamora\",\"image\":{\"@type\":\"ImageObject\",\"inLanguage\":\"ca\",\"@id\":\"https:\\\/\\\/secure.gravatar.com\\\/avatar\\\/467a11f6918c7d619c4043fc6fa2d3853053107973f05b6e9c04ea6c4e3a7b3f?s=96&d=mm&r=g\",\"url\":\"https:\\\/\\\/secure.gravatar.com\\\/avatar\\\/467a11f6918c7d619c4043fc6fa2d3853053107973f05b6e9c04ea6c4e3a7b3f?s=96&d=mm&r=g\",\"contentUrl\":\"https:\\\/\\\/secure.gravatar.com\\\/avatar\\\/467a11f6918c7d619c4043fc6fa2d3853053107973f05b6e9c04ea6c4e3a7b3f?s=96&d=mm&r=g\",\"caption\":\"Javier Zamora\"},\"url\":\"https:\\\/\\\/radiolitoral.com\\\/ca\\\/author\\\/javier-zamora\\\/\"}]}<\/script>\n<!-- \/ Yoast SEO plugin. -->","yoast_head_json":{"title":"Calp va acollir la festa del b\u00e0squet base | R\u00e0dio Litoral","description":"Les seleccions de Catalunya i Madrid es van adjudicar el Trofeu Vila de Calp de Seleccions Auton\u00f2miques InfantilsLes seleccions de Catalunya i Madrid es van adjudicar el Trofeu Vila de Calp de Seleccions Auton\u00f2miques Infantils","robots":{"index":"index","follow":"follow","max-snippet":"max-snippet:-1","max-image-preview":"max-image-preview:large","max-video-preview":"max-video-preview:-1"},"canonical":"https:\/\/radiolitoral.com\/ca\/2025\/12\/calp-va-acollir-la-festa-del-basquet-base\/","og_locale":"ca_ES","og_type":"article","og_title":"Calp acogi\u00f3 la fiesta del baloncesto base | R\u00e0dio Litoral","og_description":"Las selecciones de Catalu\u00f1a y Madrid se adjudicaron el Trofeo Vila de Calp de Selecciones Auton\u00f3micas InfantilesLas selecciones de Catalu\u00f1a y Madrid se adjudicaron el Trofeo Vila de Calp de Selecciones Auton\u00f3micas Infantiles","og_url":"https:\/\/radiolitoral.com\/ca\/2025\/12\/calp-va-acollir-la-festa-del-basquet-base\/","og_site_name":"R\u00e0dio Litoral","article_publisher":"https:\/\/www.facebook.com\/Laradiolitoral\/","article_published_time":"2025-12-31T10:03:49+00:00","og_image":[{"width":799,"height":533,"url":"https:\/\/media.radiolitoral.com\/wp-content\/uploads\/2025\/12\/31105833\/55009685831_03f8908a1e_c.jpg","type":"image\/jpeg"}],"author":"Javier Zamora","twitter_card":"summary_large_image","twitter_misc":{"Escrit per":"Javier Zamora","Temps estimat de lectura":"2 minuts"},"schema":{"@context":"https:\/\/schema.org","@graph":[{"@type":"NewsArticle","@id":"https:\/\/radiolitoral.com\/2025\/12\/calp-acogio-la-fiesta-del-baloncesto-base\/#article","isPartOf":{"@id":"https:\/\/radiolitoral.com\/2025\/12\/calp-acogio-la-fiesta-del-baloncesto-base\/"},"author":{"name":"Javier Zamora","@id":"https:\/\/radiolitoral.com\/#\/schema\/person\/7b1480b5caeb5acdd4ec6379caf62b22"},"headline":"Calp acogi\u00f3 la fiesta del baloncesto base","datePublished":"2025-12-31T10:03:49+00:00","mainEntityOfPage":{"@id":"https:\/\/radiolitoral.com\/2025\/12\/calp-acogio-la-fiesta-del-baloncesto-base\/"},"wordCount":210,"commentCount":0,"publisher":{"@id":"https:\/\/radiolitoral.com\/#organization"},"image":{"@id":"https:\/\/radiolitoral.com\/2025\/12\/calp-acogio-la-fiesta-del-baloncesto-base\/#primaryimage"},"thumbnailUrl":"https:\/\/media.radiolitoral.com\/wp-content\/uploads\/2025\/12\/31105833\/55009685831_03f8908a1e_c.jpg","keywords":["deportes","Torneo Vila de Calp de baloncesto"],"articleSection":["Uncategorized"],"inLanguage":"ca","potentialAction":[{"@type":"CommentAction","name":"Comment","target":["https:\/\/radiolitoral.com\/2025\/12\/calp-acogio-la-fiesta-del-baloncesto-base\/#respond"]}]},{"@type":["WebPage","ItemPage"],"@id":"https:\/\/radiolitoral.com\/2025\/12\/calp-acogio-la-fiesta-del-baloncesto-base\/","url":"https:\/\/radiolitoral.com\/2025\/12\/calp-acogio-la-fiesta-del-baloncesto-base\/","name":"Calp va acollir la festa del b\u00e0squet base | R\u00e0dio Litoral","isPartOf":{"@id":"https:\/\/radiolitoral.com\/#website"},"primaryImageOfPage":{"@id":"https:\/\/radiolitoral.com\/2025\/12\/calp-acogio-la-fiesta-del-baloncesto-base\/#primaryimage"},"image":{"@id":"https:\/\/radiolitoral.com\/2025\/12\/calp-acogio-la-fiesta-del-baloncesto-base\/#primaryimage"},"thumbnailUrl":"https:\/\/media.radiolitoral.com\/wp-content\/uploads\/2025\/12\/31105833\/55009685831_03f8908a1e_c.jpg","datePublished":"2025-12-31T10:03:49+00:00","description":"Les seleccions de Catalunya i Madrid es van adjudicar el Trofeu Vila de Calp de Seleccions Auton\u00f2miques InfantilsLes seleccions de Catalunya i Madrid es van adjudicar el Trofeu Vila de Calp de Seleccions Auton\u00f2miques Infantils","breadcrumb":{"@id":"https:\/\/radiolitoral.com\/2025\/12\/calp-acogio-la-fiesta-del-baloncesto-base\/#breadcrumb"},"inLanguage":"ca","potentialAction":[{"@type":"ReadAction","target":["https:\/\/radiolitoral.com\/2025\/12\/calp-acogio-la-fiesta-del-baloncesto-base\/"]}]},{"@type":"ImageObject","inLanguage":"ca","@id":"https:\/\/radiolitoral.com\/2025\/12\/calp-acogio-la-fiesta-del-baloncesto-base\/#primaryimage","url":"https:\/\/media.radiolitoral.com\/wp-content\/uploads\/2025\/12\/31105833\/55009685831_03f8908a1e_c.jpg","contentUrl":"https:\/\/media.radiolitoral.com\/wp-content\/uploads\/2025\/12\/31105833\/55009685831_03f8908a1e_c.jpg","width":799,"height":533},{"@type":"BreadcrumbList","@id":"https:\/\/radiolitoral.com\/2025\/12\/calp-acogio-la-fiesta-del-baloncesto-base\/#breadcrumb","itemListElement":[{"@type":"ListItem","position":1,"name":"Portada","item":"https:\/\/radiolitoral.com\/"},{"@type":"ListItem","position":2,"name":"Calp acogi\u00f3 la fiesta del baloncesto base"}]},{"@type":"WebSite","@id":"https:\/\/radiolitoral.com\/#website","url":"https:\/\/radiolitoral.com\/","name":"R\u00e0dio Litoral","description":"La r\u00e0dio local de la Marina Alta","publisher":{"@id":"https:\/\/radiolitoral.com\/#organization"},"alternateName":"Litoral FM","potentialAction":[{"@type":"SearchAction","target":{"@type":"EntryPoint","urlTemplate":"https:\/\/radiolitoral.com\/?s={search_term_string}"},"query-input":{"@type":"PropertyValueSpecification","valueRequired":true,"valueName":"search_term_string"}}],"inLanguage":"ca"},{"@type":"Organization","@id":"https:\/\/radiolitoral.com\/#organization","name":"R\u00e0dio Litoral","url":"https:\/\/radiolitoral.com\/","logo":{"@type":"ImageObject","inLanguage":"ca","@id":"https:\/\/radiolitoral.com\/#\/schema\/logo\/image\/","url":"https:\/\/media.radiolitoral.com\/wp-content\/uploads\/2023\/02\/24143238\/CL-V-RadioLitoral696.png","contentUrl":"https:\/\/media.radiolitoral.com\/wp-content\/uploads\/2023\/02\/24143238\/CL-V-RadioLitoral696.png","width":696,"height":696,"caption":"Radio Litoral"},"image":{"@id":"https:\/\/radiolitoral.com\/#\/schema\/logo\/image\/"},"sameAs":["https:\/\/www.facebook.com\/Laradiolitoral\/"]},{"@type":"Person","@id":"https:\/\/radiolitoral.com\/#\/schema\/person\/7b1480b5caeb5acdd4ec6379caf62b22","name":"Javier Zamora","image":{"@type":"ImageObject","inLanguage":"ca","@id":"https:\/\/secure.gravatar.com\/avatar\/467a11f6918c7d619c4043fc6fa2d3853053107973f05b6e9c04ea6c4e3a7b3f?s=96&d=mm&r=g","url":"https:\/\/secure.gravatar.com\/avatar\/467a11f6918c7d619c4043fc6fa2d3853053107973f05b6e9c04ea6c4e3a7b3f?s=96&d=mm&r=g","contentUrl":"https:\/\/secure.gravatar.com\/avatar\/467a11f6918c7d619c4043fc6fa2d3853053107973f05b6e9c04ea6c4e3a7b3f?s=96&d=mm&r=g","caption":"Javier Zamora"},"url":"https:\/\/radiolitoral.com\/ca\/author\/javier-zamora\/"}]}},"_links":{"self":[{"href":"https:\/\/radiolitoral.com\/ca\/wp-json\/wp\/v2\/posts\/19533","targetHints":{"allow":["GET"]}}],"collection":[{"href":"https:\/\/radiolitoral.com\/ca\/wp-json\/wp\/v2\/posts"}],"about":[{"href":"https:\/\/radiolitoral.com\/ca\/wp-json\/wp\/v2\/types\/post"}],"author":[{"embeddable":true,"href":"https:\/\/radiolitoral.com\/ca\/wp-json\/wp\/v2\/users\/12"}],"replies":[{"embeddable":true,"href":"https:\/\/radiolitoral.com\/ca\/wp-json\/wp\/v2\/comments?post=19533"}],"version-history":[{"count":2,"href":"https:\/\/radiolitoral.com\/ca\/wp-json\/wp\/v2\/posts\/19533\/revisions"}],"predecessor-version":[{"id":19536,"href":"https:\/\/radiolitoral.com\/ca\/wp-json\/wp\/v2\/posts\/19533\/revisions\/19536"}],"wp:featuredmedia":[{"embeddable":true,"href":"https:\/\/radiolitoral.com\/ca\/wp-json\/wp\/v2\/media\/19534"}],"wp:attachment":[{"href":"https:\/\/radiolitoral.com\/ca\/wp-json\/wp\/v2\/media?parent=19533"}],"wp:term":[{"taxonomy":"category","embeddable":true,"href":"https:\/\/radiolitoral.com\/ca\/wp-json\/wp\/v2\/categories?post=19533"},{"taxonomy":"post_tag","embeddable":true,"href":"https:\/\/radiolitoral.com\/ca\/wp-json\/wp\/v2\/tags?post=19533"}],"curies":[{"name":"wp","href":"https:\/\/api.w.org\/{rel}","templated":true}]}}