{"id":19528,"date":"2025-12-30T10:36:34","date_gmt":"2025-12-30T09:36:34","guid":{"rendered":"https:\/\/radiolitoral.com\/?p=19528"},"modified":"2025-12-30T10:36:34","modified_gmt":"2025-12-30T09:36:34","slug":"tres-punts-dor-per-a-la-ut-calp","status":"publish","type":"post","link":"https:\/\/radiolitoral.com\/ca\/2025\/12\/tres-puntos-de-oro-para-la-ud-calpe\/","title":{"rendered":"Tres punts d&#039;or per a la UD Calpe"},"content":{"rendered":"<p>El <strong data-start=\"83\" data-end=\"112\">parada nadalenca del futbol<\/strong> ha arribat carregat de bones not\u00edcies per als equips de la <strong data-start=\"174\" data-end=\"189\">Marina Alta<\/strong>, concretament per <strong data-start=\"210\" data-end=\"251\"><span class=\"hover:entity-accent entity-underline inline cursor-pointer align-baseline\"><span class=\"whitespace-normal\">UD Calp<\/span><\/span><\/strong>, que han vist com el <strong data-start=\"319\" data-end=\"343\">Comit\u00e8 de Competici\u00f3<\/strong> li donava la ra\u00f3 en el seu recurs per <strong data-start=\"385\" data-end=\"408\">alineaci\u00f3 indeguda<\/strong> del <strong>CF Benidorm<\/strong> a la darrera jornada.<\/p>\n<p data-start=\"509\" data-end=\"1010\">La <strong>UD<\/strong> <strong data-start=\"524\" data-end=\"533\">Calp<\/strong>, que milita a la <strong data-start=\"552\" data-end=\"571\">Lliga Comunitat<\/strong>, el club va presentar recurs despr\u00e9s del seu duel davant el <strong data-start=\"620\" data-end=\"661\"><span class=\"hover:entity-accent entity-underline inline cursor-pointer align-baseline\"><span class=\"whitespace-normal\">Benidorm CF<\/span><\/span><\/strong>. El motiu va ser l?alineaci\u00f3 d?un futbolista visitant que havia estat <strong data-start=\"733\" data-end=\"770\">susp\u00e8s a la jornada anterior<\/strong>. Des del conjunt de la Marina Baixa es va argumentar que el jugador ja havia complert la sanci\u00f3 al matx de la <strong data-start=\"888\" data-end=\"903\">Nostra Copa<\/strong> disputat entre setmana, per\u00f2 el Comit\u00e8 va determinar que <strong data-start=\"957\" data-end=\"974\">no era v\u00e0lid<\/strong> a efectes de complir aquesta sanci\u00f3.<\/p>\n<p data-start=\"1012\" data-end=\"1374\">Finalment, la resoluci\u00f3 ha estat favorable al Calp, que s&#039;anota la <strong data-start=\"1082\" data-end=\"1102\">vict\u00f2ria per 3-0<\/strong> i <strong data-start=\"1105\" data-end=\"1136\">tres punts d&#039;enorme valor<\/strong>, suficients per <strong data-start=\"1155\" data-end=\"1205\">tancar l&#039;any fora dels llocs de descens<\/strong>. D&#039;aquesta manera, l&#039;equip calp\u00ed suma <strong data-start=\"1244\" data-end=\"1301\">dos triomfs en dos partits a l&#039;era de Pere Perles<\/strong>, encara que aquest segon hi hagi arribat als despatxos i no sobre la gespa.<\/p>\n<p data-start=\"1012\" data-end=\"1374\">L&#039;equip calp\u00ed acomiada l&#039;any amb un <strong data-start=\"2034\" data-end=\"2074\">regal inesperat en forma de punts<\/strong>, que pot resultar decisiu de cara a la segona meitat de la temporada.<\/p>\n<p><script src=\"chrome-extension:\/\/flbolonkboilcbnohjlchlfgdalomdpl\/iFrame.js\" type=\"text\/javascript\"><\/script><\/p>","protected":false},"excerpt":{"rendered":"<p>El par\u00f3n navide\u00f1o del f\u00fatbol ha llegado cargado de buenas noticias para los equipos de la Marina Alta, concretamente para UD Calpe, que han visto c\u00f3mo el Comit\u00e9 de Competici\u00f3n le daba la raz\u00f3n en su recurso\u00a0 por alineaci\u00f3n indebida del CF Benidorm en la \u00faltima jornada. La UD Calpe, que milita en la Lliga [&#8230;]<\/p>\n<p><a class=\"btn btn-secondary understrap-read-more-link\" href=\"https:\/\/radiolitoral.com\/ca\/2025\/12\/tres-puntos-de-oro-para-la-ud-calpe\/\">Continua llegint&#8230;<span class=\"screen-reader-text\"> from Tres puntos de oro para la UD Calpe<\/span><\/a><\/p>\n","protected":false},"author":12,"featured_media":19529,"comment_status":"open","ping_status":"closed","sticky":false,"template":"","format":"standard","meta":{"_acf_changed":false,"inline_featured_image":false,"footnotes":""},"categories":[5],"tags":[1297,6,890,1871,889],"class_list":["post-19528","post","type-post","status-publish","format-standard","has-post-thumbnail","hentry","category-deportes","tag-cf-benidorm","tag-deportes","tag-lliga-comunitat-de-futbol","tag-pedro-perles","tag-ud-calpe","cobertura-calp"],"acf":[],"yoast_head":"<!-- This site is optimized with the Yoast SEO plugin v27.5 - https:\/\/yoast.com\/product\/yoast-seo-wordpress\/ -->\n<title>Tres puntos de oro para la UD Calpe | R\u00e0dio Litoral<\/title>\n<meta name=\"description\" content=\"El Comit\u00e9 de Competici\u00f3n le dio la raz\u00f3n en su reclamaci\u00f3n por alineaci\u00f3n indebida del CF BenidormEl Comit\u00e9 de Competici\u00f3n le dio la raz\u00f3n en su reclamaci\u00f3n por alineaci\u00f3n indebida del CF Benidorm\" \/>\n<meta name=\"robots\" content=\"index, follow, max-snippet:-1, max-image-preview:large, max-video-preview:-1\" \/>\n<link rel=\"canonical\" href=\"https:\/\/radiolitoral.com\/ca\/2025\/12\/tres-punts-dor-per-a-la-ut-calp\/\" \/>\n<meta property=\"og:locale\" content=\"ca_ES\" \/>\n<meta property=\"og:type\" content=\"article\" \/>\n<meta property=\"og:title\" content=\"Tres puntos de oro para la UD Calpe | R\u00e0dio Litoral\" \/>\n<meta property=\"og:description\" content=\"El Comit\u00e9 de Competici\u00f3n le dio la raz\u00f3n en su reclamaci\u00f3n por alineaci\u00f3n indebida del CF BenidormEl Comit\u00e9 de Competici\u00f3n le dio la raz\u00f3n en su reclamaci\u00f3n por alineaci\u00f3n indebida del CF Benidorm\" \/>\n<meta property=\"og:url\" content=\"https:\/\/radiolitoral.com\/ca\/2025\/12\/tres-punts-dor-per-a-la-ut-calp\/\" \/>\n<meta property=\"og:site_name\" content=\"R\u00e0dio Litoral\" \/>\n<meta property=\"article:publisher\" content=\"https:\/\/www.facebook.com\/Laradiolitoral\/\" \/>\n<meta property=\"article:published_time\" content=\"2025-12-30T09:36:34+00:00\" \/>\n<meta property=\"og:image\" content=\"https:\/\/media.radiolitoral.com\/wp-content\/uploads\/2025\/12\/30103530\/542855722_18161231599373693_5294970709023451514_n-1.jpg\" \/>\n\t<meta property=\"og:image:width\" content=\"1440\" \/>\n\t<meta property=\"og:image:height\" content=\"961\" \/>\n\t<meta property=\"og:image:type\" content=\"image\/jpeg\" \/>\n<meta name=\"author\" content=\"Javier Zamora\" \/>\n<meta name=\"twitter:card\" content=\"summary_large_image\" \/>\n<meta name=\"twitter:label1\" content=\"Escrit per\" \/>\n\t<meta name=\"twitter:data1\" content=\"Javier Zamora\" \/>\n\t<meta name=\"twitter:label2\" content=\"Temps estimat de lectura\" \/>\n\t<meta name=\"twitter:data2\" content=\"2 minuts\" \/>\n<script type=\"application\/ld+json\" class=\"yoast-schema-graph\">{\"@context\":\"https:\\\/\\\/schema.org\",\"@graph\":[{\"@type\":\"NewsArticle\",\"@id\":\"https:\\\/\\\/radiolitoral.com\\\/2025\\\/12\\\/tres-puntos-de-oro-para-la-ud-calpe\\\/#article\",\"isPartOf\":{\"@id\":\"https:\\\/\\\/radiolitoral.com\\\/2025\\\/12\\\/tres-puntos-de-oro-para-la-ud-calpe\\\/\"},\"author\":{\"name\":\"Javier Zamora\",\"@id\":\"https:\\\/\\\/radiolitoral.com\\\/#\\\/schema\\\/person\\\/7b1480b5caeb5acdd4ec6379caf62b22\"},\"headline\":\"Tres puntos de oro para la UD Calpe\",\"datePublished\":\"2025-12-30T09:36:34+00:00\",\"mainEntityOfPage\":{\"@id\":\"https:\\\/\\\/radiolitoral.com\\\/2025\\\/12\\\/tres-puntos-de-oro-para-la-ud-calpe\\\/\"},\"wordCount\":240,\"commentCount\":0,\"publisher\":{\"@id\":\"https:\\\/\\\/radiolitoral.com\\\/#organization\"},\"image\":{\"@id\":\"https:\\\/\\\/radiolitoral.com\\\/2025\\\/12\\\/tres-puntos-de-oro-para-la-ud-calpe\\\/#primaryimage\"},\"thumbnailUrl\":\"https:\\\/\\\/media.radiolitoral.com\\\/wp-content\\\/uploads\\\/2025\\\/12\\\/30103530\\\/542855722_18161231599373693_5294970709023451514_n-1.jpg\",\"keywords\":[\"CF Benidorm\",\"deportes\",\"Lliga Comunitat de f\u00fatbol\",\"Pedro Perles\",\"UD Calpe\"],\"articleSection\":[\"Deportes\"],\"inLanguage\":\"ca\",\"potentialAction\":[{\"@type\":\"CommentAction\",\"name\":\"Comment\",\"target\":[\"https:\\\/\\\/radiolitoral.com\\\/2025\\\/12\\\/tres-puntos-de-oro-para-la-ud-calpe\\\/#respond\"]}]},{\"@type\":[\"WebPage\",\"ItemPage\"],\"@id\":\"https:\\\/\\\/radiolitoral.com\\\/2025\\\/12\\\/tres-puntos-de-oro-para-la-ud-calpe\\\/\",\"url\":\"https:\\\/\\\/radiolitoral.com\\\/2025\\\/12\\\/tres-puntos-de-oro-para-la-ud-calpe\\\/\",\"name\":\"Tres puntos de oro para la UD Calpe | R\u00e0dio Litoral\",\"isPartOf\":{\"@id\":\"https:\\\/\\\/radiolitoral.com\\\/#website\"},\"primaryImageOfPage\":{\"@id\":\"https:\\\/\\\/radiolitoral.com\\\/2025\\\/12\\\/tres-puntos-de-oro-para-la-ud-calpe\\\/#primaryimage\"},\"image\":{\"@id\":\"https:\\\/\\\/radiolitoral.com\\\/2025\\\/12\\\/tres-puntos-de-oro-para-la-ud-calpe\\\/#primaryimage\"},\"thumbnailUrl\":\"https:\\\/\\\/media.radiolitoral.com\\\/wp-content\\\/uploads\\\/2025\\\/12\\\/30103530\\\/542855722_18161231599373693_5294970709023451514_n-1.jpg\",\"datePublished\":\"2025-12-30T09:36:34+00:00\",\"description\":\"El Comit\u00e9 de Competici\u00f3n le dio la raz\u00f3n en su reclamaci\u00f3n por alineaci\u00f3n indebida del CF BenidormEl Comit\u00e9 de Competici\u00f3n le dio la raz\u00f3n en su reclamaci\u00f3n por alineaci\u00f3n indebida del CF Benidorm\",\"breadcrumb\":{\"@id\":\"https:\\\/\\\/radiolitoral.com\\\/2025\\\/12\\\/tres-puntos-de-oro-para-la-ud-calpe\\\/#breadcrumb\"},\"inLanguage\":\"ca\",\"potentialAction\":[{\"@type\":\"ReadAction\",\"target\":[\"https:\\\/\\\/radiolitoral.com\\\/2025\\\/12\\\/tres-puntos-de-oro-para-la-ud-calpe\\\/\"]}]},{\"@type\":\"ImageObject\",\"inLanguage\":\"ca\",\"@id\":\"https:\\\/\\\/radiolitoral.com\\\/2025\\\/12\\\/tres-puntos-de-oro-para-la-ud-calpe\\\/#primaryimage\",\"url\":\"https:\\\/\\\/media.radiolitoral.com\\\/wp-content\\\/uploads\\\/2025\\\/12\\\/30103530\\\/542855722_18161231599373693_5294970709023451514_n-1.jpg\",\"contentUrl\":\"https:\\\/\\\/media.radiolitoral.com\\\/wp-content\\\/uploads\\\/2025\\\/12\\\/30103530\\\/542855722_18161231599373693_5294970709023451514_n-1.jpg\",\"width\":1440,\"height\":961},{\"@type\":\"BreadcrumbList\",\"@id\":\"https:\\\/\\\/radiolitoral.com\\\/2025\\\/12\\\/tres-puntos-de-oro-para-la-ud-calpe\\\/#breadcrumb\",\"itemListElement\":[{\"@type\":\"ListItem\",\"position\":1,\"name\":\"Portada\",\"item\":\"https:\\\/\\\/radiolitoral.com\\\/\"},{\"@type\":\"ListItem\",\"position\":2,\"name\":\"Tres puntos de oro para la UD Calpe\"}]},{\"@type\":\"WebSite\",\"@id\":\"https:\\\/\\\/radiolitoral.com\\\/#website\",\"url\":\"https:\\\/\\\/radiolitoral.com\\\/\",\"name\":\"Radio Litoral\",\"description\":\"La radio local de la Marina Alta\",\"publisher\":{\"@id\":\"https:\\\/\\\/radiolitoral.com\\\/#organization\"},\"alternateName\":\"Litoral FM\",\"potentialAction\":[{\"@type\":\"SearchAction\",\"target\":{\"@type\":\"EntryPoint\",\"urlTemplate\":\"https:\\\/\\\/radiolitoral.com\\\/?s={search_term_string}\"},\"query-input\":{\"@type\":\"PropertyValueSpecification\",\"valueRequired\":true,\"valueName\":\"search_term_string\"}}],\"inLanguage\":\"ca\"},{\"@type\":\"Organization\",\"@id\":\"https:\\\/\\\/radiolitoral.com\\\/#organization\",\"name\":\"Radio Litoral\",\"url\":\"https:\\\/\\\/radiolitoral.com\\\/\",\"logo\":{\"@type\":\"ImageObject\",\"inLanguage\":\"ca\",\"@id\":\"https:\\\/\\\/radiolitoral.com\\\/#\\\/schema\\\/logo\\\/image\\\/\",\"url\":\"https:\\\/\\\/media.radiolitoral.com\\\/wp-content\\\/uploads\\\/2023\\\/02\\\/24143238\\\/CL-V-RadioLitoral696.png\",\"contentUrl\":\"https:\\\/\\\/media.radiolitoral.com\\\/wp-content\\\/uploads\\\/2023\\\/02\\\/24143238\\\/CL-V-RadioLitoral696.png\",\"width\":696,\"height\":696,\"caption\":\"Radio Litoral\"},\"image\":{\"@id\":\"https:\\\/\\\/radiolitoral.com\\\/#\\\/schema\\\/logo\\\/image\\\/\"},\"sameAs\":[\"https:\\\/\\\/www.facebook.com\\\/Laradiolitoral\\\/\"]},{\"@type\":\"Person\",\"@id\":\"https:\\\/\\\/radiolitoral.com\\\/#\\\/schema\\\/person\\\/7b1480b5caeb5acdd4ec6379caf62b22\",\"name\":\"Javier Zamora\",\"image\":{\"@type\":\"ImageObject\",\"inLanguage\":\"ca\",\"@id\":\"https:\\\/\\\/secure.gravatar.com\\\/avatar\\\/467a11f6918c7d619c4043fc6fa2d3853053107973f05b6e9c04ea6c4e3a7b3f?s=96&d=mm&r=g\",\"url\":\"https:\\\/\\\/secure.gravatar.com\\\/avatar\\\/467a11f6918c7d619c4043fc6fa2d3853053107973f05b6e9c04ea6c4e3a7b3f?s=96&d=mm&r=g\",\"contentUrl\":\"https:\\\/\\\/secure.gravatar.com\\\/avatar\\\/467a11f6918c7d619c4043fc6fa2d3853053107973f05b6e9c04ea6c4e3a7b3f?s=96&d=mm&r=g\",\"caption\":\"Javier Zamora\"},\"url\":\"https:\\\/\\\/radiolitoral.com\\\/ca\\\/author\\\/javier-zamora\\\/\"}]}<\/script>\n<!-- \/ Yoast SEO plugin. -->","yoast_head_json":{"title":"Tres punts d&#039;or per a la UD Calp | R\u00e0dio Litoral","description":"El Comit\u00e8 de Competici\u00f3 li va donar la ra\u00f3 en la reclamaci\u00f3 per alineaci\u00f3 indeguda del CF BenidormEl Comit\u00e8 de Competici\u00f3 li va donar la ra\u00f3 en la reclamaci\u00f3 per alineaci\u00f3 indeguda del CF Benidorm","robots":{"index":"index","follow":"follow","max-snippet":"max-snippet:-1","max-image-preview":"max-image-preview:large","max-video-preview":"max-video-preview:-1"},"canonical":"https:\/\/radiolitoral.com\/ca\/2025\/12\/tres-punts-dor-per-a-la-ut-calp\/","og_locale":"ca_ES","og_type":"article","og_title":"Tres puntos de oro para la UD Calpe | R\u00e0dio Litoral","og_description":"El Comit\u00e9 de Competici\u00f3n le dio la raz\u00f3n en su reclamaci\u00f3n por alineaci\u00f3n indebida del CF BenidormEl Comit\u00e9 de Competici\u00f3n le dio la raz\u00f3n en su reclamaci\u00f3n por alineaci\u00f3n indebida del CF Benidorm","og_url":"https:\/\/radiolitoral.com\/ca\/2025\/12\/tres-punts-dor-per-a-la-ut-calp\/","og_site_name":"R\u00e0dio Litoral","article_publisher":"https:\/\/www.facebook.com\/Laradiolitoral\/","article_published_time":"2025-12-30T09:36:34+00:00","og_image":[{"width":1440,"height":961,"url":"https:\/\/media.radiolitoral.com\/wp-content\/uploads\/2025\/12\/30103530\/542855722_18161231599373693_5294970709023451514_n-1.jpg","type":"image\/jpeg"}],"author":"Javier Zamora","twitter_card":"summary_large_image","twitter_misc":{"Escrit per":"Javier Zamora","Temps estimat de lectura":"2 minuts"},"schema":{"@context":"https:\/\/schema.org","@graph":[{"@type":"NewsArticle","@id":"https:\/\/radiolitoral.com\/2025\/12\/tres-puntos-de-oro-para-la-ud-calpe\/#article","isPartOf":{"@id":"https:\/\/radiolitoral.com\/2025\/12\/tres-puntos-de-oro-para-la-ud-calpe\/"},"author":{"name":"Javier Zamora","@id":"https:\/\/radiolitoral.com\/#\/schema\/person\/7b1480b5caeb5acdd4ec6379caf62b22"},"headline":"Tres puntos de oro para la UD Calpe","datePublished":"2025-12-30T09:36:34+00:00","mainEntityOfPage":{"@id":"https:\/\/radiolitoral.com\/2025\/12\/tres-puntos-de-oro-para-la-ud-calpe\/"},"wordCount":240,"commentCount":0,"publisher":{"@id":"https:\/\/radiolitoral.com\/#organization"},"image":{"@id":"https:\/\/radiolitoral.com\/2025\/12\/tres-puntos-de-oro-para-la-ud-calpe\/#primaryimage"},"thumbnailUrl":"https:\/\/media.radiolitoral.com\/wp-content\/uploads\/2025\/12\/30103530\/542855722_18161231599373693_5294970709023451514_n-1.jpg","keywords":["CF Benidorm","deportes","Lliga Comunitat de f\u00fatbol","Pedro Perles","UD Calpe"],"articleSection":["Deportes"],"inLanguage":"ca","potentialAction":[{"@type":"CommentAction","name":"Comment","target":["https:\/\/radiolitoral.com\/2025\/12\/tres-puntos-de-oro-para-la-ud-calpe\/#respond"]}]},{"@type":["WebPage","ItemPage"],"@id":"https:\/\/radiolitoral.com\/2025\/12\/tres-puntos-de-oro-para-la-ud-calpe\/","url":"https:\/\/radiolitoral.com\/2025\/12\/tres-puntos-de-oro-para-la-ud-calpe\/","name":"Tres punts d&#039;or per a la UD Calp | R\u00e0dio Litoral","isPartOf":{"@id":"https:\/\/radiolitoral.com\/#website"},"primaryImageOfPage":{"@id":"https:\/\/radiolitoral.com\/2025\/12\/tres-puntos-de-oro-para-la-ud-calpe\/#primaryimage"},"image":{"@id":"https:\/\/radiolitoral.com\/2025\/12\/tres-puntos-de-oro-para-la-ud-calpe\/#primaryimage"},"thumbnailUrl":"https:\/\/media.radiolitoral.com\/wp-content\/uploads\/2025\/12\/30103530\/542855722_18161231599373693_5294970709023451514_n-1.jpg","datePublished":"2025-12-30T09:36:34+00:00","description":"El Comit\u00e8 de Competici\u00f3 li va donar la ra\u00f3 en la reclamaci\u00f3 per alineaci\u00f3 indeguda del CF BenidormEl Comit\u00e8 de Competici\u00f3 li va donar la ra\u00f3 en la reclamaci\u00f3 per alineaci\u00f3 indeguda del CF Benidorm","breadcrumb":{"@id":"https:\/\/radiolitoral.com\/2025\/12\/tres-puntos-de-oro-para-la-ud-calpe\/#breadcrumb"},"inLanguage":"ca","potentialAction":[{"@type":"ReadAction","target":["https:\/\/radiolitoral.com\/2025\/12\/tres-puntos-de-oro-para-la-ud-calpe\/"]}]},{"@type":"ImageObject","inLanguage":"ca","@id":"https:\/\/radiolitoral.com\/2025\/12\/tres-puntos-de-oro-para-la-ud-calpe\/#primaryimage","url":"https:\/\/media.radiolitoral.com\/wp-content\/uploads\/2025\/12\/30103530\/542855722_18161231599373693_5294970709023451514_n-1.jpg","contentUrl":"https:\/\/media.radiolitoral.com\/wp-content\/uploads\/2025\/12\/30103530\/542855722_18161231599373693_5294970709023451514_n-1.jpg","width":1440,"height":961},{"@type":"BreadcrumbList","@id":"https:\/\/radiolitoral.com\/2025\/12\/tres-puntos-de-oro-para-la-ud-calpe\/#breadcrumb","itemListElement":[{"@type":"ListItem","position":1,"name":"Portada","item":"https:\/\/radiolitoral.com\/"},{"@type":"ListItem","position":2,"name":"Tres puntos de oro para la UD Calpe"}]},{"@type":"WebSite","@id":"https:\/\/radiolitoral.com\/#website","url":"https:\/\/radiolitoral.com\/","name":"R\u00e0dio Litoral","description":"La r\u00e0dio local de la Marina Alta","publisher":{"@id":"https:\/\/radiolitoral.com\/#organization"},"alternateName":"Litoral FM","potentialAction":[{"@type":"SearchAction","target":{"@type":"EntryPoint","urlTemplate":"https:\/\/radiolitoral.com\/?s={search_term_string}"},"query-input":{"@type":"PropertyValueSpecification","valueRequired":true,"valueName":"search_term_string"}}],"inLanguage":"ca"},{"@type":"Organization","@id":"https:\/\/radiolitoral.com\/#organization","name":"R\u00e0dio Litoral","url":"https:\/\/radiolitoral.com\/","logo":{"@type":"ImageObject","inLanguage":"ca","@id":"https:\/\/radiolitoral.com\/#\/schema\/logo\/image\/","url":"https:\/\/media.radiolitoral.com\/wp-content\/uploads\/2023\/02\/24143238\/CL-V-RadioLitoral696.png","contentUrl":"https:\/\/media.radiolitoral.com\/wp-content\/uploads\/2023\/02\/24143238\/CL-V-RadioLitoral696.png","width":696,"height":696,"caption":"Radio Litoral"},"image":{"@id":"https:\/\/radiolitoral.com\/#\/schema\/logo\/image\/"},"sameAs":["https:\/\/www.facebook.com\/Laradiolitoral\/"]},{"@type":"Person","@id":"https:\/\/radiolitoral.com\/#\/schema\/person\/7b1480b5caeb5acdd4ec6379caf62b22","name":"Javier Zamora","image":{"@type":"ImageObject","inLanguage":"ca","@id":"https:\/\/secure.gravatar.com\/avatar\/467a11f6918c7d619c4043fc6fa2d3853053107973f05b6e9c04ea6c4e3a7b3f?s=96&d=mm&r=g","url":"https:\/\/secure.gravatar.com\/avatar\/467a11f6918c7d619c4043fc6fa2d3853053107973f05b6e9c04ea6c4e3a7b3f?s=96&d=mm&r=g","contentUrl":"https:\/\/secure.gravatar.com\/avatar\/467a11f6918c7d619c4043fc6fa2d3853053107973f05b6e9c04ea6c4e3a7b3f?s=96&d=mm&r=g","caption":"Javier Zamora"},"url":"https:\/\/radiolitoral.com\/ca\/author\/javier-zamora\/"}]}},"_links":{"self":[{"href":"https:\/\/radiolitoral.com\/ca\/wp-json\/wp\/v2\/posts\/19528","targetHints":{"allow":["GET"]}}],"collection":[{"href":"https:\/\/radiolitoral.com\/ca\/wp-json\/wp\/v2\/posts"}],"about":[{"href":"https:\/\/radiolitoral.com\/ca\/wp-json\/wp\/v2\/types\/post"}],"author":[{"embeddable":true,"href":"https:\/\/radiolitoral.com\/ca\/wp-json\/wp\/v2\/users\/12"}],"replies":[{"embeddable":true,"href":"https:\/\/radiolitoral.com\/ca\/wp-json\/wp\/v2\/comments?post=19528"}],"version-history":[{"count":2,"href":"https:\/\/radiolitoral.com\/ca\/wp-json\/wp\/v2\/posts\/19528\/revisions"}],"predecessor-version":[{"id":19531,"href":"https:\/\/radiolitoral.com\/ca\/wp-json\/wp\/v2\/posts\/19528\/revisions\/19531"}],"wp:featuredmedia":[{"embeddable":true,"href":"https:\/\/radiolitoral.com\/ca\/wp-json\/wp\/v2\/media\/19529"}],"wp:attachment":[{"href":"https:\/\/radiolitoral.com\/ca\/wp-json\/wp\/v2\/media?parent=19528"}],"wp:term":[{"taxonomy":"category","embeddable":true,"href":"https:\/\/radiolitoral.com\/ca\/wp-json\/wp\/v2\/categories?post=19528"},{"taxonomy":"post_tag","embeddable":true,"href":"https:\/\/radiolitoral.com\/ca\/wp-json\/wp\/v2\/tags?post=19528"}],"curies":[{"name":"wp","href":"https:\/\/api.w.org\/{rel}","templated":true}]}}