{"id":19475,"date":"2025-12-18T09:54:03","date_gmt":"2025-12-18T08:54:03","guid":{"rendered":"https:\/\/radiolitoral.com\/?p=19475"},"modified":"2025-12-18T09:54:03","modified_gmt":"2025-12-18T08:54:03","slug":"calp-acull-torneig-infantil-de-seleccions-autonomiques","status":"publish","type":"post","link":"https:\/\/radiolitoral.com\/ca\/2025\/12\/calpe-acoge-l-i-torneo-infantil-de-selecciones-autonomicas\/","title":{"rendered":"Calp acull l I Torneig Infantil de Seleccions Auton\u00f2miques"},"content":{"rendered":"<p>El <strong>Pavell\u00f3 Domingo Crespo<\/strong> de <strong>Calp<\/strong> ser\u00e0 l&#039;escenari de la <strong>primera edici\u00f3 del Torneig Infantil de Seleccions Auton\u00f2miques \u00abVila de Calp\u00bb<\/strong>, que se celebrar\u00e0 entre el <strong>27 i el 28 de desembre<\/strong>. Aquest esdeveniment reunir\u00e0 els combinats auton\u00f2mics m\u00e9s destacats de <strong>Espanya<\/strong>, els qui competiran pel t\u00edtol en una cita que promet b\u00e0squet d&#039;alta qualitat i que podr\u00e0 ser seguida en directe gr\u00e0cies a la retransmissi\u00f3 de <strong>EsportViu<\/strong> i el <strong>Canal de YouTube de la FBCV<\/strong>.<\/p>\n<h4><strong>B\u00e0squet infantil amb m\u00e0xima cobertura<\/strong><\/h4>\n<p>El torneig no ser\u00e0 nom\u00e9s una oportunitat per gaudir del millor b\u00e0squet infantil, sin\u00f3 tamb\u00e9 una ocasi\u00f3 \u00fanica per viure l&#039;emoci\u00f3 de l&#039;esport en un entorn incomparable. Tots els partits comptaran amb <strong>cobertura estad\u00edstica en temps real<\/strong> a trav\u00e9s de la <strong>App Oficial de la FBCV<\/strong>, cosa que permetr\u00e0 als aficionats seguir cada jugada amb total detall i no perdre&#039;s ni un minut de l&#039;acci\u00f3.<\/p>\n<h4><strong>Calendari de Partits<\/strong><\/h4>\n<p><strong>Dissabte 27 de desembre<\/strong><\/p>\n<p><strong>17:00 h<\/strong>: <strong>Femen\u00ed<\/strong>: Madrid vs. Catalunya i <strong>Mascul\u00ed<\/strong>: Comunitat Valenciana vs. Arag\u00f3<\/p>\n<p><strong>19:15 h<\/strong>: <strong>Femen\u00ed<\/strong>: Comunitat Valenciana vs. Arag\u00f3 i <strong>Mascul\u00ed<\/strong>: Madrid vs. Catalunya<\/p>\n<p><strong>Diumenge 28 de desembre<\/strong><\/p>\n<p><strong>09:30 h<\/strong>: 3r i 4t lloc (mascul\u00ed i femen\u00ed)<\/p>\n<p><strong>11:30 h<\/strong>: Final (mascul\u00ed i femen\u00ed)<\/p>\n<p data-start=\"1713\" data-end=\"2048\">Aquest torneig es perfila com un punt d&#039;inflexi\u00f3 per als joves talents del b\u00e0squet a les comunitats respectives. <strong data-start=\"1836\" data-end=\"1879\">La selecci\u00f3 dels equips auton\u00f2mics<\/strong> reflecteix el gran treball de formaci\u00f3 que es realitza a cada comunitat, i aquest torneig ofereix l&#039;oportunitat als jugadors de <strong data-start=\"2006\" data-end=\"2030\">demostrar el seu talent<\/strong> a nivell nacional.<\/p>\n<h4 data-start=\"2050\" data-end=\"2136\"><strong data-start=\"2054\" data-end=\"2136\">Calp, el lloc ideal per a la trobada de les futures estrelles del b\u00e0squet<\/strong><\/h4>\n<p data-start=\"2138\" data-end=\"2493\">A m\u00e9s de la <strong data-start=\"2151\" data-end=\"2171\">alta competici\u00f3<\/strong>, <strong data-start=\"2173\" data-end=\"2181\">Calp<\/strong> es convertir\u00e0 en el centre d&#039;atenci\u00f3 per a tots els aficionats del b\u00e0squet infantil, que podran gaudir de les <strong data-start=\"2301\" data-end=\"2333\">belles vistes i l&#039;entorn<\/strong> del municipi. L&#039;esdeveniment se celebrar\u00e0 en un ambient \u00fanic, fet que converteix el torneig en una experi\u00e8ncia completa per a jugadors, entrenadors i espectadors.<\/p>\n<p><script src=\"chrome-extension:\/\/flbolonkboilcbnohjlchlfgdalomdpl\/iFrame.js\" type=\"text\/javascript\"><\/script><\/p>\n<p><script src=\"chrome-extension:\/\/flbolonkboilcbnohjlchlfgdalomdpl\/iFrame.js\" type=\"text\/javascript\"><\/script><\/p>\n<p><script src=\"chrome-extension:\/\/flbolonkboilcbnohjlchlfgdalomdpl\/iFrame.js\" type=\"text\/javascript\"><\/script><\/p>","protected":false},"excerpt":{"rendered":"<p>El Pabell\u00f3n Domingo Crespo de Calp ser\u00e1 el escenario de la primera edici\u00f3n del Torneo Infantil de Selecciones Auton\u00f3micas \u00abVila de Calp\u00bb, que se celebrar\u00e1 entre el 27 y el 28 de diciembre. Este evento reunir\u00e1 a los combinados auton\u00f3micos m\u00e1s destacados de Espa\u00f1a, quienes competir\u00e1n por el t\u00edtulo en una cita que promete baloncesto [&#8230;]<\/p>\n<p><a class=\"btn btn-secondary understrap-read-more-link\" href=\"https:\/\/radiolitoral.com\/ca\/2025\/12\/calpe-acoge-l-i-torneo-infantil-de-selecciones-autonomicas\/\">Continua llegint&#8230;<span class=\"screen-reader-text\"> from Calpe acoge l I Torneo Infantil de Selecciones Auton\u00f3micas<\/span><\/a><\/p>\n","protected":false},"author":12,"featured_media":19476,"comment_status":"open","ping_status":"closed","sticky":false,"template":"","format":"standard","meta":{"_acf_changed":false,"inline_featured_image":false,"footnotes":""},"categories":[5],"tags":[6,4319,5133],"class_list":["post-19475","post","type-post","status-publish","format-standard","has-post-thumbnail","hentry","category-deportes","tag-deportes","tag-pabellon-domingo-crespo-de-calp","tag-torneo-infantil-de-selecciones-autonomicas-vila-de-calp","cobertura-calp"],"acf":[],"yoast_head":"<!-- This site is optimized with the Yoast SEO plugin v27.5 - https:\/\/yoast.com\/product\/yoast-seo-wordpress\/ -->\n<title>Calpe acoge l I Torneo Infantil de Selecciones Auton\u00f3micas | R\u00e0dio Litoral<\/title>\n<meta name=\"description\" content=\"El &quot;Vila de Calp&quot; reunir\u00e1 a las mejores promesas del baloncesto en el Pabell\u00f3n Domingo Crespo El &quot;Vila de Calp&quot; reunir\u00e1 a las mejores promesas del baloncesto en el Pabell\u00f3n Domingo Crespo\" \/>\n<meta name=\"robots\" content=\"index, follow, max-snippet:-1, max-image-preview:large, max-video-preview:-1\" \/>\n<link rel=\"canonical\" href=\"https:\/\/radiolitoral.com\/ca\/2025\/12\/calp-acull-torneig-infantil-de-seleccions-autonomiques\/\" \/>\n<meta property=\"og:locale\" content=\"ca_ES\" \/>\n<meta property=\"og:type\" content=\"article\" \/>\n<meta property=\"og:title\" content=\"Calpe acoge l I Torneo Infantil de Selecciones Auton\u00f3micas | R\u00e0dio Litoral\" \/>\n<meta property=\"og:description\" content=\"El &quot;Vila de Calp&quot; reunir\u00e1 a las mejores promesas del baloncesto en el Pabell\u00f3n Domingo Crespo El &quot;Vila de Calp&quot; reunir\u00e1 a las mejores promesas del baloncesto en el Pabell\u00f3n Domingo Crespo\" \/>\n<meta property=\"og:url\" content=\"https:\/\/radiolitoral.com\/ca\/2025\/12\/calp-acull-torneig-infantil-de-seleccions-autonomiques\/\" \/>\n<meta property=\"og:site_name\" content=\"R\u00e0dio Litoral\" \/>\n<meta property=\"article:publisher\" content=\"https:\/\/www.facebook.com\/Laradiolitoral\/\" \/>\n<meta property=\"article:published_time\" content=\"2025-12-18T08:54:03+00:00\" \/>\n<meta property=\"og:image\" content=\"https:\/\/media.radiolitoral.com\/wp-content\/uploads\/2025\/12\/17095942\/Selecciones-autonomicas-entrenando-en-Calp.jpg\" \/>\n\t<meta property=\"og:image:width\" content=\"2048\" \/>\n\t<meta property=\"og:image:height\" content=\"1333\" \/>\n\t<meta property=\"og:image:type\" content=\"image\/jpeg\" \/>\n<meta name=\"author\" content=\"Javier Zamora\" \/>\n<meta name=\"twitter:card\" content=\"summary_large_image\" \/>\n<meta name=\"twitter:label1\" content=\"Escrit per\" \/>\n\t<meta name=\"twitter:data1\" content=\"Javier Zamora\" \/>\n\t<meta name=\"twitter:label2\" content=\"Temps estimat de lectura\" \/>\n\t<meta name=\"twitter:data2\" content=\"2 minuts\" \/>\n<script type=\"application\/ld+json\" class=\"yoast-schema-graph\">{\"@context\":\"https:\\\/\\\/schema.org\",\"@graph\":[{\"@type\":\"NewsArticle\",\"@id\":\"https:\\\/\\\/radiolitoral.com\\\/2025\\\/12\\\/calpe-acoge-l-i-torneo-infantil-de-selecciones-autonomicas\\\/#article\",\"isPartOf\":{\"@id\":\"https:\\\/\\\/radiolitoral.com\\\/2025\\\/12\\\/calpe-acoge-l-i-torneo-infantil-de-selecciones-autonomicas\\\/\"},\"author\":{\"name\":\"Javier Zamora\",\"@id\":\"https:\\\/\\\/radiolitoral.com\\\/#\\\/schema\\\/person\\\/7b1480b5caeb5acdd4ec6379caf62b22\"},\"headline\":\"Calpe acoge l I Torneo Infantil de Selecciones Auton\u00f3micas\",\"datePublished\":\"2025-12-18T08:54:03+00:00\",\"mainEntityOfPage\":{\"@id\":\"https:\\\/\\\/radiolitoral.com\\\/2025\\\/12\\\/calpe-acoge-l-i-torneo-infantil-de-selecciones-autonomicas\\\/\"},\"wordCount\":353,\"commentCount\":0,\"publisher\":{\"@id\":\"https:\\\/\\\/radiolitoral.com\\\/#organization\"},\"image\":{\"@id\":\"https:\\\/\\\/radiolitoral.com\\\/2025\\\/12\\\/calpe-acoge-l-i-torneo-infantil-de-selecciones-autonomicas\\\/#primaryimage\"},\"thumbnailUrl\":\"https:\\\/\\\/media.radiolitoral.com\\\/wp-content\\\/uploads\\\/2025\\\/12\\\/17095942\\\/Selecciones-autonomicas-entrenando-en-Calp.jpg\",\"keywords\":[\"deportes\",\"pabell\u00f3n Domingo Crespo de Calp\",\"Torneo Infantil de Selecciones Auton\u00f3micas \\\"Vila de Calp\\\"\"],\"articleSection\":[\"Deportes\"],\"inLanguage\":\"ca\",\"potentialAction\":[{\"@type\":\"CommentAction\",\"name\":\"Comment\",\"target\":[\"https:\\\/\\\/radiolitoral.com\\\/2025\\\/12\\\/calpe-acoge-l-i-torneo-infantil-de-selecciones-autonomicas\\\/#respond\"]}]},{\"@type\":[\"WebPage\",\"ItemPage\"],\"@id\":\"https:\\\/\\\/radiolitoral.com\\\/2025\\\/12\\\/calpe-acoge-l-i-torneo-infantil-de-selecciones-autonomicas\\\/\",\"url\":\"https:\\\/\\\/radiolitoral.com\\\/2025\\\/12\\\/calpe-acoge-l-i-torneo-infantil-de-selecciones-autonomicas\\\/\",\"name\":\"Calpe acoge l I Torneo Infantil de Selecciones Auton\u00f3micas | R\u00e0dio Litoral\",\"isPartOf\":{\"@id\":\"https:\\\/\\\/radiolitoral.com\\\/#website\"},\"primaryImageOfPage\":{\"@id\":\"https:\\\/\\\/radiolitoral.com\\\/2025\\\/12\\\/calpe-acoge-l-i-torneo-infantil-de-selecciones-autonomicas\\\/#primaryimage\"},\"image\":{\"@id\":\"https:\\\/\\\/radiolitoral.com\\\/2025\\\/12\\\/calpe-acoge-l-i-torneo-infantil-de-selecciones-autonomicas\\\/#primaryimage\"},\"thumbnailUrl\":\"https:\\\/\\\/media.radiolitoral.com\\\/wp-content\\\/uploads\\\/2025\\\/12\\\/17095942\\\/Selecciones-autonomicas-entrenando-en-Calp.jpg\",\"datePublished\":\"2025-12-18T08:54:03+00:00\",\"description\":\"El \\\"Vila de Calp\\\" reunir\u00e1 a las mejores promesas del baloncesto en el Pabell\u00f3n Domingo Crespo El \\\"Vila de Calp\\\" reunir\u00e1 a las mejores promesas del baloncesto en el Pabell\u00f3n Domingo Crespo\",\"breadcrumb\":{\"@id\":\"https:\\\/\\\/radiolitoral.com\\\/2025\\\/12\\\/calpe-acoge-l-i-torneo-infantil-de-selecciones-autonomicas\\\/#breadcrumb\"},\"inLanguage\":\"ca\",\"potentialAction\":[{\"@type\":\"ReadAction\",\"target\":[\"https:\\\/\\\/radiolitoral.com\\\/2025\\\/12\\\/calpe-acoge-l-i-torneo-infantil-de-selecciones-autonomicas\\\/\"]}]},{\"@type\":\"ImageObject\",\"inLanguage\":\"ca\",\"@id\":\"https:\\\/\\\/radiolitoral.com\\\/2025\\\/12\\\/calpe-acoge-l-i-torneo-infantil-de-selecciones-autonomicas\\\/#primaryimage\",\"url\":\"https:\\\/\\\/media.radiolitoral.com\\\/wp-content\\\/uploads\\\/2025\\\/12\\\/17095942\\\/Selecciones-autonomicas-entrenando-en-Calp.jpg\",\"contentUrl\":\"https:\\\/\\\/media.radiolitoral.com\\\/wp-content\\\/uploads\\\/2025\\\/12\\\/17095942\\\/Selecciones-autonomicas-entrenando-en-Calp.jpg\",\"width\":2048,\"height\":1333},{\"@type\":\"BreadcrumbList\",\"@id\":\"https:\\\/\\\/radiolitoral.com\\\/2025\\\/12\\\/calpe-acoge-l-i-torneo-infantil-de-selecciones-autonomicas\\\/#breadcrumb\",\"itemListElement\":[{\"@type\":\"ListItem\",\"position\":1,\"name\":\"Portada\",\"item\":\"https:\\\/\\\/radiolitoral.com\\\/\"},{\"@type\":\"ListItem\",\"position\":2,\"name\":\"Calpe acoge l I Torneo Infantil de Selecciones Auton\u00f3micas\"}]},{\"@type\":\"WebSite\",\"@id\":\"https:\\\/\\\/radiolitoral.com\\\/#website\",\"url\":\"https:\\\/\\\/radiolitoral.com\\\/\",\"name\":\"Radio Litoral\",\"description\":\"La radio local de la Marina Alta\",\"publisher\":{\"@id\":\"https:\\\/\\\/radiolitoral.com\\\/#organization\"},\"alternateName\":\"Litoral FM\",\"potentialAction\":[{\"@type\":\"SearchAction\",\"target\":{\"@type\":\"EntryPoint\",\"urlTemplate\":\"https:\\\/\\\/radiolitoral.com\\\/?s={search_term_string}\"},\"query-input\":{\"@type\":\"PropertyValueSpecification\",\"valueRequired\":true,\"valueName\":\"search_term_string\"}}],\"inLanguage\":\"ca\"},{\"@type\":\"Organization\",\"@id\":\"https:\\\/\\\/radiolitoral.com\\\/#organization\",\"name\":\"Radio Litoral\",\"url\":\"https:\\\/\\\/radiolitoral.com\\\/\",\"logo\":{\"@type\":\"ImageObject\",\"inLanguage\":\"ca\",\"@id\":\"https:\\\/\\\/radiolitoral.com\\\/#\\\/schema\\\/logo\\\/image\\\/\",\"url\":\"https:\\\/\\\/media.radiolitoral.com\\\/wp-content\\\/uploads\\\/2023\\\/02\\\/24143238\\\/CL-V-RadioLitoral696.png\",\"contentUrl\":\"https:\\\/\\\/media.radiolitoral.com\\\/wp-content\\\/uploads\\\/2023\\\/02\\\/24143238\\\/CL-V-RadioLitoral696.png\",\"width\":696,\"height\":696,\"caption\":\"Radio Litoral\"},\"image\":{\"@id\":\"https:\\\/\\\/radiolitoral.com\\\/#\\\/schema\\\/logo\\\/image\\\/\"},\"sameAs\":[\"https:\\\/\\\/www.facebook.com\\\/Laradiolitoral\\\/\"]},{\"@type\":\"Person\",\"@id\":\"https:\\\/\\\/radiolitoral.com\\\/#\\\/schema\\\/person\\\/7b1480b5caeb5acdd4ec6379caf62b22\",\"name\":\"Javier Zamora\",\"image\":{\"@type\":\"ImageObject\",\"inLanguage\":\"ca\",\"@id\":\"https:\\\/\\\/secure.gravatar.com\\\/avatar\\\/467a11f6918c7d619c4043fc6fa2d3853053107973f05b6e9c04ea6c4e3a7b3f?s=96&d=mm&r=g\",\"url\":\"https:\\\/\\\/secure.gravatar.com\\\/avatar\\\/467a11f6918c7d619c4043fc6fa2d3853053107973f05b6e9c04ea6c4e3a7b3f?s=96&d=mm&r=g\",\"contentUrl\":\"https:\\\/\\\/secure.gravatar.com\\\/avatar\\\/467a11f6918c7d619c4043fc6fa2d3853053107973f05b6e9c04ea6c4e3a7b3f?s=96&d=mm&r=g\",\"caption\":\"Javier Zamora\"},\"url\":\"https:\\\/\\\/radiolitoral.com\\\/ca\\\/author\\\/javier-zamora\\\/\"}]}<\/script>\n<!-- \/ Yoast SEO plugin. -->","yoast_head_json":{"title":"Calp acull l I Torneig Infantil de Seleccions Auton\u00f2miques | R\u00e0dio Litoral","description":"El &quot;Vila de Calp&quot; reunir\u00e0 les millors promeses del b\u00e0squet al Pavell\u00f3 Domingo Crespo El &quot;Vila de Calp&quot; reunir\u00e0 les millors promeses del b\u00e0squet al Pavell\u00f3 Domingo Crespo","robots":{"index":"index","follow":"follow","max-snippet":"max-snippet:-1","max-image-preview":"max-image-preview:large","max-video-preview":"max-video-preview:-1"},"canonical":"https:\/\/radiolitoral.com\/ca\/2025\/12\/calp-acull-torneig-infantil-de-seleccions-autonomiques\/","og_locale":"ca_ES","og_type":"article","og_title":"Calpe acoge l I Torneo Infantil de Selecciones Auton\u00f3micas | R\u00e0dio Litoral","og_description":"El \"Vila de Calp\" reunir\u00e1 a las mejores promesas del baloncesto en el Pabell\u00f3n Domingo Crespo El \"Vila de Calp\" reunir\u00e1 a las mejores promesas del baloncesto en el Pabell\u00f3n Domingo Crespo","og_url":"https:\/\/radiolitoral.com\/ca\/2025\/12\/calp-acull-torneig-infantil-de-seleccions-autonomiques\/","og_site_name":"R\u00e0dio Litoral","article_publisher":"https:\/\/www.facebook.com\/Laradiolitoral\/","article_published_time":"2025-12-18T08:54:03+00:00","og_image":[{"width":2048,"height":1333,"url":"https:\/\/media.radiolitoral.com\/wp-content\/uploads\/2025\/12\/17095942\/Selecciones-autonomicas-entrenando-en-Calp.jpg","type":"image\/jpeg"}],"author":"Javier Zamora","twitter_card":"summary_large_image","twitter_misc":{"Escrit per":"Javier Zamora","Temps estimat de lectura":"2 minuts"},"schema":{"@context":"https:\/\/schema.org","@graph":[{"@type":"NewsArticle","@id":"https:\/\/radiolitoral.com\/2025\/12\/calpe-acoge-l-i-torneo-infantil-de-selecciones-autonomicas\/#article","isPartOf":{"@id":"https:\/\/radiolitoral.com\/2025\/12\/calpe-acoge-l-i-torneo-infantil-de-selecciones-autonomicas\/"},"author":{"name":"Javier Zamora","@id":"https:\/\/radiolitoral.com\/#\/schema\/person\/7b1480b5caeb5acdd4ec6379caf62b22"},"headline":"Calpe acoge l I Torneo Infantil de Selecciones Auton\u00f3micas","datePublished":"2025-12-18T08:54:03+00:00","mainEntityOfPage":{"@id":"https:\/\/radiolitoral.com\/2025\/12\/calpe-acoge-l-i-torneo-infantil-de-selecciones-autonomicas\/"},"wordCount":353,"commentCount":0,"publisher":{"@id":"https:\/\/radiolitoral.com\/#organization"},"image":{"@id":"https:\/\/radiolitoral.com\/2025\/12\/calpe-acoge-l-i-torneo-infantil-de-selecciones-autonomicas\/#primaryimage"},"thumbnailUrl":"https:\/\/media.radiolitoral.com\/wp-content\/uploads\/2025\/12\/17095942\/Selecciones-autonomicas-entrenando-en-Calp.jpg","keywords":["deportes","pabell\u00f3n Domingo Crespo de Calp","Torneo Infantil de Selecciones Auton\u00f3micas \"Vila de Calp\""],"articleSection":["Deportes"],"inLanguage":"ca","potentialAction":[{"@type":"CommentAction","name":"Comment","target":["https:\/\/radiolitoral.com\/2025\/12\/calpe-acoge-l-i-torneo-infantil-de-selecciones-autonomicas\/#respond"]}]},{"@type":["WebPage","ItemPage"],"@id":"https:\/\/radiolitoral.com\/2025\/12\/calpe-acoge-l-i-torneo-infantil-de-selecciones-autonomicas\/","url":"https:\/\/radiolitoral.com\/2025\/12\/calpe-acoge-l-i-torneo-infantil-de-selecciones-autonomicas\/","name":"Calp acull l I Torneig Infantil de Seleccions Auton\u00f2miques | R\u00e0dio Litoral","isPartOf":{"@id":"https:\/\/radiolitoral.com\/#website"},"primaryImageOfPage":{"@id":"https:\/\/radiolitoral.com\/2025\/12\/calpe-acoge-l-i-torneo-infantil-de-selecciones-autonomicas\/#primaryimage"},"image":{"@id":"https:\/\/radiolitoral.com\/2025\/12\/calpe-acoge-l-i-torneo-infantil-de-selecciones-autonomicas\/#primaryimage"},"thumbnailUrl":"https:\/\/media.radiolitoral.com\/wp-content\/uploads\/2025\/12\/17095942\/Selecciones-autonomicas-entrenando-en-Calp.jpg","datePublished":"2025-12-18T08:54:03+00:00","description":"El &quot;Vila de Calp&quot; reunir\u00e0 les millors promeses del b\u00e0squet al Pavell\u00f3 Domingo Crespo El &quot;Vila de Calp&quot; reunir\u00e0 les millors promeses del b\u00e0squet al Pavell\u00f3 Domingo Crespo","breadcrumb":{"@id":"https:\/\/radiolitoral.com\/2025\/12\/calpe-acoge-l-i-torneo-infantil-de-selecciones-autonomicas\/#breadcrumb"},"inLanguage":"ca","potentialAction":[{"@type":"ReadAction","target":["https:\/\/radiolitoral.com\/2025\/12\/calpe-acoge-l-i-torneo-infantil-de-selecciones-autonomicas\/"]}]},{"@type":"ImageObject","inLanguage":"ca","@id":"https:\/\/radiolitoral.com\/2025\/12\/calpe-acoge-l-i-torneo-infantil-de-selecciones-autonomicas\/#primaryimage","url":"https:\/\/media.radiolitoral.com\/wp-content\/uploads\/2025\/12\/17095942\/Selecciones-autonomicas-entrenando-en-Calp.jpg","contentUrl":"https:\/\/media.radiolitoral.com\/wp-content\/uploads\/2025\/12\/17095942\/Selecciones-autonomicas-entrenando-en-Calp.jpg","width":2048,"height":1333},{"@type":"BreadcrumbList","@id":"https:\/\/radiolitoral.com\/2025\/12\/calpe-acoge-l-i-torneo-infantil-de-selecciones-autonomicas\/#breadcrumb","itemListElement":[{"@type":"ListItem","position":1,"name":"Portada","item":"https:\/\/radiolitoral.com\/"},{"@type":"ListItem","position":2,"name":"Calpe acoge l I Torneo Infantil de Selecciones Auton\u00f3micas"}]},{"@type":"WebSite","@id":"https:\/\/radiolitoral.com\/#website","url":"https:\/\/radiolitoral.com\/","name":"R\u00e0dio Litoral","description":"La r\u00e0dio local de la Marina Alta","publisher":{"@id":"https:\/\/radiolitoral.com\/#organization"},"alternateName":"Litoral FM","potentialAction":[{"@type":"SearchAction","target":{"@type":"EntryPoint","urlTemplate":"https:\/\/radiolitoral.com\/?s={search_term_string}"},"query-input":{"@type":"PropertyValueSpecification","valueRequired":true,"valueName":"search_term_string"}}],"inLanguage":"ca"},{"@type":"Organization","@id":"https:\/\/radiolitoral.com\/#organization","name":"R\u00e0dio Litoral","url":"https:\/\/radiolitoral.com\/","logo":{"@type":"ImageObject","inLanguage":"ca","@id":"https:\/\/radiolitoral.com\/#\/schema\/logo\/image\/","url":"https:\/\/media.radiolitoral.com\/wp-content\/uploads\/2023\/02\/24143238\/CL-V-RadioLitoral696.png","contentUrl":"https:\/\/media.radiolitoral.com\/wp-content\/uploads\/2023\/02\/24143238\/CL-V-RadioLitoral696.png","width":696,"height":696,"caption":"Radio Litoral"},"image":{"@id":"https:\/\/radiolitoral.com\/#\/schema\/logo\/image\/"},"sameAs":["https:\/\/www.facebook.com\/Laradiolitoral\/"]},{"@type":"Person","@id":"https:\/\/radiolitoral.com\/#\/schema\/person\/7b1480b5caeb5acdd4ec6379caf62b22","name":"Javier Zamora","image":{"@type":"ImageObject","inLanguage":"ca","@id":"https:\/\/secure.gravatar.com\/avatar\/467a11f6918c7d619c4043fc6fa2d3853053107973f05b6e9c04ea6c4e3a7b3f?s=96&d=mm&r=g","url":"https:\/\/secure.gravatar.com\/avatar\/467a11f6918c7d619c4043fc6fa2d3853053107973f05b6e9c04ea6c4e3a7b3f?s=96&d=mm&r=g","contentUrl":"https:\/\/secure.gravatar.com\/avatar\/467a11f6918c7d619c4043fc6fa2d3853053107973f05b6e9c04ea6c4e3a7b3f?s=96&d=mm&r=g","caption":"Javier Zamora"},"url":"https:\/\/radiolitoral.com\/ca\/author\/javier-zamora\/"}]}},"_links":{"self":[{"href":"https:\/\/radiolitoral.com\/ca\/wp-json\/wp\/v2\/posts\/19475","targetHints":{"allow":["GET"]}}],"collection":[{"href":"https:\/\/radiolitoral.com\/ca\/wp-json\/wp\/v2\/posts"}],"about":[{"href":"https:\/\/radiolitoral.com\/ca\/wp-json\/wp\/v2\/types\/post"}],"author":[{"embeddable":true,"href":"https:\/\/radiolitoral.com\/ca\/wp-json\/wp\/v2\/users\/12"}],"replies":[{"embeddable":true,"href":"https:\/\/radiolitoral.com\/ca\/wp-json\/wp\/v2\/comments?post=19475"}],"version-history":[{"count":4,"href":"https:\/\/radiolitoral.com\/ca\/wp-json\/wp\/v2\/posts\/19475\/revisions"}],"predecessor-version":[{"id":19488,"href":"https:\/\/radiolitoral.com\/ca\/wp-json\/wp\/v2\/posts\/19475\/revisions\/19488"}],"wp:featuredmedia":[{"embeddable":true,"href":"https:\/\/radiolitoral.com\/ca\/wp-json\/wp\/v2\/media\/19476"}],"wp:attachment":[{"href":"https:\/\/radiolitoral.com\/ca\/wp-json\/wp\/v2\/media?parent=19475"}],"wp:term":[{"taxonomy":"category","embeddable":true,"href":"https:\/\/radiolitoral.com\/ca\/wp-json\/wp\/v2\/categories?post=19475"},{"taxonomy":"post_tag","embeddable":true,"href":"https:\/\/radiolitoral.com\/ca\/wp-json\/wp\/v2\/tags?post=19475"}],"curies":[{"name":"wp","href":"https:\/\/api.w.org\/{rel}","templated":true}]}}