{"id":19444,"date":"2025-12-12T11:31:56","date_gmt":"2025-12-12T10:31:56","guid":{"rendered":"https:\/\/radiolitoral.com\/?p=19444"},"modified":"2025-12-12T11:31:56","modified_gmt":"2025-12-12T10:31:56","slug":"dol-a-la-cimera-a-lliga-comunitat","status":"publish","type":"post","link":"https:\/\/radiolitoral.com\/ca\/2025\/12\/duelo-en-la-cumbre-en-lliga-comunitat\/","title":{"rendered":"Duel a la cimera a Lliga Comunitat"},"content":{"rendered":"<p>Aquest <strong data-start=\"246\" data-end=\"273\">diumenge 10 de desembre<\/strong>, el <strong data-start=\"278\" data-end=\"305\">camp municipal de Calp<\/strong> ser\u00e0 l&#039;escenari d&#039;un dels partits m\u00e9s esperats de la temporada a la <strong data-start=\"383\" data-end=\"402\">Lliga Comunitat<\/strong>. A les <strong data-start=\"410\" data-end=\"425\">17:00 hores<\/strong>, el <strong data-start=\"430\" data-end=\"439\">Calp<\/strong> i el <strong data-start=\"445\" data-end=\"454\">X\u00e0bia<\/strong> es veuran les cares en un <strong data-start=\"480\" data-end=\"507\">derbi de la Marina Alta<\/strong> que sempre genera gran expectaci\u00f3 i que, en aquesta ocasi\u00f3, adquireix encara m\u00e9s rellev\u00e0ncia pel <strong data-start=\"603\" data-end=\"648\">canvi a la banqueta de l&#039;equip calp\u00ed<\/strong>.<\/p>\n<h4>Estrena de Pedro Perles<\/h4>\n<p data-start=\"698\" data-end=\"1110\">La principal novetat a <strong data-start=\"722\" data-end=\"731\">Calp<\/strong> \u00e9s l&#039;arribada de <strong data-start=\"749\" data-end=\"765\">Pedro Perles<\/strong>, qui pren les regnes de l&#039;equip despr\u00e9s de la <strong data-start=\"809\" data-end=\"841\">destituci\u00f3 de Toni Gonz\u00e1lez<\/strong>. Perles, que ja coneix b\u00e9 la plantilla, ha sol\u00b7licitat als jugadors que <strong data-start=\"920\" data-end=\"947\">recuperin la seva autoestima<\/strong> i <strong data-start=\"950\" data-end=\"963\">confian\u00e7a<\/strong>, conscients que el proc\u00e9s de millora passa per enfortir la <strong data-start=\"1028\" data-end=\"1037\">moral<\/strong> d&#039;un equip que ha estat lluitant per sortir d&#039;una <strong data-start=\"1091\" data-end=\"1109\">ratxa negativa<\/strong>.<\/p>\n<p data-start=\"1112\" data-end=\"1547\">Amb aquest canvi a la banqueta, \u00e9s probable que hi hagi <strong data-start=\"1166\" data-end=\"1196\">ajustaments a l&#039;onze titular<\/strong> respecte al que va saltar al camp en la darrera jornada contra el <strong data-start=\"1259\" data-end=\"1277\">Ol\u00edmpic X\u00e0tiva<\/strong>, un equip que tamb\u00e9 va mostrar complicacions per al Calp. La urg\u00e8ncia de <strong data-start=\"1353\" data-end=\"1379\">recuperar la confian\u00e7a<\/strong> \u00e9s evident, i Perles confia que la seva experi\u00e8ncia ser\u00e0 clau per motivar els jugadors i fer que l&#039;equip enfronti aquest partit amb una <strong data-start=\"1523\" data-end=\"1546\">mentalitat guanyadora<\/strong>.<\/p>\n<p data-start=\"1549\" data-end=\"1790\">La proximitat a la classificaci\u00f3 i la rivalitat de l&#039;enfrontament li donen un car\u00e0cter encara m\u00e9s <strong data-start=\"1642\" data-end=\"1656\">important<\/strong> a aquest derbi. El <strong data-start=\"1674\" data-end=\"1683\">Calp<\/strong> necessita sumar punts per allunyar-se dels llocs baixos de la taula i comen\u00e7ar a encarrilar la temporada.<\/p>\n<h4 data-start=\"1549\" data-end=\"1790\">El CD X\u00e0bia a recuperar sensacions<\/h4>\n<p data-start=\"1850\" data-end=\"2148\">Per la seva banda, el <strong data-start=\"1867\" data-end=\"1879\">CD X\u00e0bia<\/strong> arriba a la trobada despr\u00e9s d&#039;una <strong data-start=\"1908\" data-end=\"1928\">derrota dolorosa<\/strong> davant el <strong data-start=\"1937\" data-end=\"1963\">Independent Alacant<\/strong> (1-2). La <strong data-start=\"1974\" data-end=\"1991\">irregularitat<\/strong> ha estat un dels grans problemes de l&#039;escaire blanc-i-vermell, que ha vist com se li escapen punts importants i ha perdut terreny a la classificaci\u00f3.<\/p>\n<p data-start=\"2150\" data-end=\"2482\">Tot i les dificultats, <strong data-start=\"2179\" data-end=\"2195\">Juliol Ivorra<\/strong>, t\u00e8cnic del X\u00e0bia, continua confiant en la seva plantilla i considera que l&#039;equip pot capgirar la situaci\u00f3. Un dels principals problemes per a Ivorra segueix sent la <strong data-start=\"2371\" data-end=\"2392\">manca de punteria<\/strong>: l&#039;equip genera ocasions, per\u00f2 no les aprofita, cosa que li ha costat punts valuosos.<\/p>\n<p data-start=\"2484\" data-end=\"2739\">Tot i que la ratxa d&#039;empats i derrotes ha afectat l&#039;equip a casa, <strong data-start=\"2556\" data-end=\"2568\">CD X\u00e0bia<\/strong> se sent m\u00e9s <strong data-start=\"2583\" data-end=\"2616\">c\u00f2mode jugant com a visitant<\/strong>, de manera que aquest duel podria ser una gran oportunitat per <strong data-start=\"2677\" data-end=\"2692\">recuperar-se<\/strong> i <strong data-start=\"2695\" data-end=\"2718\">retallar dist\u00e0ncies<\/strong> a la classificaci\u00f3.<\/p>\n<p data-start=\"3233\" data-end=\"3550\">La trobada promet ser de m\u00e0xima <strong data-start=\"3268\" data-end=\"3282\">intensitat<\/strong> i <strong data-start=\"3285\" data-end=\"3300\">emocionant<\/strong> fins al final, amb tots dos equips lluitant per donar un <strong data-start=\"3355\" data-end=\"3377\">cop d&#039;autoritat<\/strong> a la competici\u00f3. A m\u00e9s, la <strong data-start=\"3408\" data-end=\"3419\">afici\u00f3<\/strong> tant local com visitant jugar\u00e0 un paper fonamental a l&#039;ambient d&#039;aquesta jornada, que es preveu vibrant i plena d&#039;emocions.<\/p>\n<p><script src=\"chrome-extension:\/\/flbolonkboilcbnohjlchlfgdalomdpl\/iFrame.js\" type=\"text\/javascript\"><\/script><\/p>","protected":false},"excerpt":{"rendered":"<p>Este domingo 10 de diciembre, el campo municipal de Calp ser\u00e1 el escenario de uno de los partidos m\u00e1s esperados de la temporada en la Lliga Comunitat. A las 17:00 horas, el Calpe y el J\u00e1vea se ver\u00e1n las caras en un derbi de la Marina Alta que siempre genera gran expectaci\u00f3n y que, en [&#8230;]<\/p>\n<p><a class=\"btn btn-secondary understrap-read-more-link\" href=\"https:\/\/radiolitoral.com\/ca\/2025\/12\/duelo-en-la-cumbre-en-lliga-comunitat\/\">Continua llegint&#8230;<span class=\"screen-reader-text\"> from Duelo en la cumbre en Lliga Comunitat<\/span><\/a><\/p>\n","protected":false},"author":12,"featured_media":19445,"comment_status":"open","ping_status":"closed","sticky":false,"template":"","format":"standard","meta":{"_acf_changed":false,"inline_featured_image":false,"footnotes":""},"categories":[5],"tags":[1332,6,1503,1871,889],"class_list":["post-19444","post","type-post","status-publish","format-standard","has-post-thumbnail","hentry","category-deportes","tag-cd-javea","tag-deportes","tag-julio-ivorra","tag-pedro-perles","tag-ud-calpe","cobertura-calp"],"acf":[],"yoast_head":"<!-- This site is optimized with the Yoast SEO plugin v27.5 - https:\/\/yoast.com\/product\/yoast-seo-wordpress\/ -->\n<title>Duelo en la cumbre en Lliga Comunitat | R\u00e0dio Litoral<\/title>\n<meta name=\"description\" content=\"La UD Calpe y el CD J\u00e1vea se citan este domingo en el campo municipal de Calp con el estreno de Pedro Perles en el banquillo localLa UD Calpe y el CD J\u00e1vea se citan este domingo en el campo municipal de Calp con el estreno de Pedro Perles en el banquillo local\" \/>\n<meta name=\"robots\" content=\"index, follow, max-snippet:-1, max-image-preview:large, max-video-preview:-1\" \/>\n<link rel=\"canonical\" href=\"https:\/\/radiolitoral.com\/ca\/2025\/12\/dol-a-la-cimera-a-lliga-comunitat\/\" \/>\n<meta property=\"og:locale\" content=\"ca_ES\" \/>\n<meta property=\"og:type\" content=\"article\" \/>\n<meta property=\"og:title\" content=\"Duelo en la cumbre en Lliga Comunitat | R\u00e0dio Litoral\" \/>\n<meta property=\"og:description\" content=\"La UD Calpe y el CD J\u00e1vea se citan este domingo en el campo municipal de Calp con el estreno de Pedro Perles en el banquillo localLa UD Calpe y el CD J\u00e1vea se citan este domingo en el campo municipal de Calp con el estreno de Pedro Perles en el banquillo local\" \/>\n<meta property=\"og:url\" content=\"https:\/\/radiolitoral.com\/ca\/2025\/12\/dol-a-la-cimera-a-lliga-comunitat\/\" \/>\n<meta property=\"og:site_name\" content=\"R\u00e0dio Litoral\" \/>\n<meta property=\"article:publisher\" content=\"https:\/\/www.facebook.com\/Laradiolitoral\/\" \/>\n<meta property=\"article:published_time\" content=\"2025-12-12T10:31:56+00:00\" \/>\n<meta property=\"og:image\" content=\"https:\/\/media.radiolitoral.com\/wp-content\/uploads\/2025\/12\/12112840\/DSC_0417-scaled.jpg\" \/>\n\t<meta property=\"og:image:width\" content=\"2560\" \/>\n\t<meta property=\"og:image:height\" content=\"1707\" \/>\n\t<meta property=\"og:image:type\" content=\"image\/jpeg\" \/>\n<meta name=\"author\" content=\"Javier Zamora\" \/>\n<meta name=\"twitter:card\" content=\"summary_large_image\" \/>\n<meta name=\"twitter:label1\" content=\"Escrit per\" \/>\n\t<meta name=\"twitter:data1\" content=\"Javier Zamora\" \/>\n\t<meta name=\"twitter:label2\" content=\"Temps estimat de lectura\" \/>\n\t<meta name=\"twitter:data2\" content=\"3 minuts\" \/>\n<script type=\"application\/ld+json\" class=\"yoast-schema-graph\">{\"@context\":\"https:\\\/\\\/schema.org\",\"@graph\":[{\"@type\":\"NewsArticle\",\"@id\":\"https:\\\/\\\/radiolitoral.com\\\/2025\\\/12\\\/duelo-en-la-cumbre-en-lliga-comunitat\\\/#article\",\"isPartOf\":{\"@id\":\"https:\\\/\\\/radiolitoral.com\\\/2025\\\/12\\\/duelo-en-la-cumbre-en-lliga-comunitat\\\/\"},\"author\":{\"name\":\"Javier Zamora\",\"@id\":\"https:\\\/\\\/radiolitoral.com\\\/#\\\/schema\\\/person\\\/7b1480b5caeb5acdd4ec6379caf62b22\"},\"headline\":\"Duelo en la cumbre en Lliga Comunitat\",\"datePublished\":\"2025-12-12T10:31:56+00:00\",\"mainEntityOfPage\":{\"@id\":\"https:\\\/\\\/radiolitoral.com\\\/2025\\\/12\\\/duelo-en-la-cumbre-en-lliga-comunitat\\\/\"},\"wordCount\":492,\"commentCount\":0,\"publisher\":{\"@id\":\"https:\\\/\\\/radiolitoral.com\\\/#organization\"},\"image\":{\"@id\":\"https:\\\/\\\/radiolitoral.com\\\/2025\\\/12\\\/duelo-en-la-cumbre-en-lliga-comunitat\\\/#primaryimage\"},\"thumbnailUrl\":\"https:\\\/\\\/media.radiolitoral.com\\\/wp-content\\\/uploads\\\/2025\\\/12\\\/12112840\\\/DSC_0417-scaled.jpg\",\"keywords\":[\"CD J\u00e1vea\",\"deportes\",\"Julio Ivorra\",\"Pedro Perles\",\"UD Calpe\"],\"articleSection\":[\"Deportes\"],\"inLanguage\":\"ca\",\"potentialAction\":[{\"@type\":\"CommentAction\",\"name\":\"Comment\",\"target\":[\"https:\\\/\\\/radiolitoral.com\\\/2025\\\/12\\\/duelo-en-la-cumbre-en-lliga-comunitat\\\/#respond\"]}]},{\"@type\":[\"WebPage\",\"ItemPage\"],\"@id\":\"https:\\\/\\\/radiolitoral.com\\\/2025\\\/12\\\/duelo-en-la-cumbre-en-lliga-comunitat\\\/\",\"url\":\"https:\\\/\\\/radiolitoral.com\\\/2025\\\/12\\\/duelo-en-la-cumbre-en-lliga-comunitat\\\/\",\"name\":\"Duelo en la cumbre en Lliga Comunitat | R\u00e0dio Litoral\",\"isPartOf\":{\"@id\":\"https:\\\/\\\/radiolitoral.com\\\/#website\"},\"primaryImageOfPage\":{\"@id\":\"https:\\\/\\\/radiolitoral.com\\\/2025\\\/12\\\/duelo-en-la-cumbre-en-lliga-comunitat\\\/#primaryimage\"},\"image\":{\"@id\":\"https:\\\/\\\/radiolitoral.com\\\/2025\\\/12\\\/duelo-en-la-cumbre-en-lliga-comunitat\\\/#primaryimage\"},\"thumbnailUrl\":\"https:\\\/\\\/media.radiolitoral.com\\\/wp-content\\\/uploads\\\/2025\\\/12\\\/12112840\\\/DSC_0417-scaled.jpg\",\"datePublished\":\"2025-12-12T10:31:56+00:00\",\"description\":\"La UD Calpe y el CD J\u00e1vea se citan este domingo en el campo municipal de Calp con el estreno de Pedro Perles en el banquillo localLa UD Calpe y el CD J\u00e1vea se citan este domingo en el campo municipal de Calp con el estreno de Pedro Perles en el banquillo local\",\"breadcrumb\":{\"@id\":\"https:\\\/\\\/radiolitoral.com\\\/2025\\\/12\\\/duelo-en-la-cumbre-en-lliga-comunitat\\\/#breadcrumb\"},\"inLanguage\":\"ca\",\"potentialAction\":[{\"@type\":\"ReadAction\",\"target\":[\"https:\\\/\\\/radiolitoral.com\\\/2025\\\/12\\\/duelo-en-la-cumbre-en-lliga-comunitat\\\/\"]}]},{\"@type\":\"ImageObject\",\"inLanguage\":\"ca\",\"@id\":\"https:\\\/\\\/radiolitoral.com\\\/2025\\\/12\\\/duelo-en-la-cumbre-en-lliga-comunitat\\\/#primaryimage\",\"url\":\"https:\\\/\\\/media.radiolitoral.com\\\/wp-content\\\/uploads\\\/2025\\\/12\\\/12112840\\\/DSC_0417-scaled.jpg\",\"contentUrl\":\"https:\\\/\\\/media.radiolitoral.com\\\/wp-content\\\/uploads\\\/2025\\\/12\\\/12112840\\\/DSC_0417-scaled.jpg\",\"width\":2560,\"height\":1707},{\"@type\":\"BreadcrumbList\",\"@id\":\"https:\\\/\\\/radiolitoral.com\\\/2025\\\/12\\\/duelo-en-la-cumbre-en-lliga-comunitat\\\/#breadcrumb\",\"itemListElement\":[{\"@type\":\"ListItem\",\"position\":1,\"name\":\"Portada\",\"item\":\"https:\\\/\\\/radiolitoral.com\\\/\"},{\"@type\":\"ListItem\",\"position\":2,\"name\":\"Duelo en la cumbre en Lliga Comunitat\"}]},{\"@type\":\"WebSite\",\"@id\":\"https:\\\/\\\/radiolitoral.com\\\/#website\",\"url\":\"https:\\\/\\\/radiolitoral.com\\\/\",\"name\":\"Radio Litoral\",\"description\":\"La radio local de la Marina Alta\",\"publisher\":{\"@id\":\"https:\\\/\\\/radiolitoral.com\\\/#organization\"},\"alternateName\":\"Litoral FM\",\"potentialAction\":[{\"@type\":\"SearchAction\",\"target\":{\"@type\":\"EntryPoint\",\"urlTemplate\":\"https:\\\/\\\/radiolitoral.com\\\/?s={search_term_string}\"},\"query-input\":{\"@type\":\"PropertyValueSpecification\",\"valueRequired\":true,\"valueName\":\"search_term_string\"}}],\"inLanguage\":\"ca\"},{\"@type\":\"Organization\",\"@id\":\"https:\\\/\\\/radiolitoral.com\\\/#organization\",\"name\":\"Radio Litoral\",\"url\":\"https:\\\/\\\/radiolitoral.com\\\/\",\"logo\":{\"@type\":\"ImageObject\",\"inLanguage\":\"ca\",\"@id\":\"https:\\\/\\\/radiolitoral.com\\\/#\\\/schema\\\/logo\\\/image\\\/\",\"url\":\"https:\\\/\\\/media.radiolitoral.com\\\/wp-content\\\/uploads\\\/2023\\\/02\\\/24143238\\\/CL-V-RadioLitoral696.png\",\"contentUrl\":\"https:\\\/\\\/media.radiolitoral.com\\\/wp-content\\\/uploads\\\/2023\\\/02\\\/24143238\\\/CL-V-RadioLitoral696.png\",\"width\":696,\"height\":696,\"caption\":\"Radio Litoral\"},\"image\":{\"@id\":\"https:\\\/\\\/radiolitoral.com\\\/#\\\/schema\\\/logo\\\/image\\\/\"},\"sameAs\":[\"https:\\\/\\\/www.facebook.com\\\/Laradiolitoral\\\/\"]},{\"@type\":\"Person\",\"@id\":\"https:\\\/\\\/radiolitoral.com\\\/#\\\/schema\\\/person\\\/7b1480b5caeb5acdd4ec6379caf62b22\",\"name\":\"Javier Zamora\",\"image\":{\"@type\":\"ImageObject\",\"inLanguage\":\"ca\",\"@id\":\"https:\\\/\\\/secure.gravatar.com\\\/avatar\\\/467a11f6918c7d619c4043fc6fa2d3853053107973f05b6e9c04ea6c4e3a7b3f?s=96&d=mm&r=g\",\"url\":\"https:\\\/\\\/secure.gravatar.com\\\/avatar\\\/467a11f6918c7d619c4043fc6fa2d3853053107973f05b6e9c04ea6c4e3a7b3f?s=96&d=mm&r=g\",\"contentUrl\":\"https:\\\/\\\/secure.gravatar.com\\\/avatar\\\/467a11f6918c7d619c4043fc6fa2d3853053107973f05b6e9c04ea6c4e3a7b3f?s=96&d=mm&r=g\",\"caption\":\"Javier Zamora\"},\"url\":\"https:\\\/\\\/radiolitoral.com\\\/ca\\\/author\\\/javier-zamora\\\/\"}]}<\/script>\n<!-- \/ Yoast SEO plugin. -->","yoast_head_json":{"title":"Duel a la cimera a Lliga Comunitat | R\u00e0dio Litoral","description":"La UD Calpe i el CD X\u00e0bia se citen aquest diumenge al camp municipal de Calp amb l&#039;estrena de Pedro Perles a la banqueta localLa UD Calpe i el CD X\u00e0bia se citen aquest diumenge al camp municipal de Calp amb l&#039;estrena de Pedro Perles a la banqueta local","robots":{"index":"index","follow":"follow","max-snippet":"max-snippet:-1","max-image-preview":"max-image-preview:large","max-video-preview":"max-video-preview:-1"},"canonical":"https:\/\/radiolitoral.com\/ca\/2025\/12\/dol-a-la-cimera-a-lliga-comunitat\/","og_locale":"ca_ES","og_type":"article","og_title":"Duelo en la cumbre en Lliga Comunitat | R\u00e0dio Litoral","og_description":"La UD Calpe y el CD J\u00e1vea se citan este domingo en el campo municipal de Calp con el estreno de Pedro Perles en el banquillo localLa UD Calpe y el CD J\u00e1vea se citan este domingo en el campo municipal de Calp con el estreno de Pedro Perles en el banquillo local","og_url":"https:\/\/radiolitoral.com\/ca\/2025\/12\/dol-a-la-cimera-a-lliga-comunitat\/","og_site_name":"R\u00e0dio Litoral","article_publisher":"https:\/\/www.facebook.com\/Laradiolitoral\/","article_published_time":"2025-12-12T10:31:56+00:00","og_image":[{"width":2560,"height":1707,"url":"https:\/\/media.radiolitoral.com\/wp-content\/uploads\/2025\/12\/12112840\/DSC_0417-scaled.jpg","type":"image\/jpeg"}],"author":"Javier Zamora","twitter_card":"summary_large_image","twitter_misc":{"Escrit per":"Javier Zamora","Temps estimat de lectura":"3 minuts"},"schema":{"@context":"https:\/\/schema.org","@graph":[{"@type":"NewsArticle","@id":"https:\/\/radiolitoral.com\/2025\/12\/duelo-en-la-cumbre-en-lliga-comunitat\/#article","isPartOf":{"@id":"https:\/\/radiolitoral.com\/2025\/12\/duelo-en-la-cumbre-en-lliga-comunitat\/"},"author":{"name":"Javier Zamora","@id":"https:\/\/radiolitoral.com\/#\/schema\/person\/7b1480b5caeb5acdd4ec6379caf62b22"},"headline":"Duelo en la cumbre en Lliga Comunitat","datePublished":"2025-12-12T10:31:56+00:00","mainEntityOfPage":{"@id":"https:\/\/radiolitoral.com\/2025\/12\/duelo-en-la-cumbre-en-lliga-comunitat\/"},"wordCount":492,"commentCount":0,"publisher":{"@id":"https:\/\/radiolitoral.com\/#organization"},"image":{"@id":"https:\/\/radiolitoral.com\/2025\/12\/duelo-en-la-cumbre-en-lliga-comunitat\/#primaryimage"},"thumbnailUrl":"https:\/\/media.radiolitoral.com\/wp-content\/uploads\/2025\/12\/12112840\/DSC_0417-scaled.jpg","keywords":["CD J\u00e1vea","deportes","Julio Ivorra","Pedro Perles","UD Calpe"],"articleSection":["Deportes"],"inLanguage":"ca","potentialAction":[{"@type":"CommentAction","name":"Comment","target":["https:\/\/radiolitoral.com\/2025\/12\/duelo-en-la-cumbre-en-lliga-comunitat\/#respond"]}]},{"@type":["WebPage","ItemPage"],"@id":"https:\/\/radiolitoral.com\/2025\/12\/duelo-en-la-cumbre-en-lliga-comunitat\/","url":"https:\/\/radiolitoral.com\/2025\/12\/duelo-en-la-cumbre-en-lliga-comunitat\/","name":"Duel a la cimera a Lliga Comunitat | R\u00e0dio Litoral","isPartOf":{"@id":"https:\/\/radiolitoral.com\/#website"},"primaryImageOfPage":{"@id":"https:\/\/radiolitoral.com\/2025\/12\/duelo-en-la-cumbre-en-lliga-comunitat\/#primaryimage"},"image":{"@id":"https:\/\/radiolitoral.com\/2025\/12\/duelo-en-la-cumbre-en-lliga-comunitat\/#primaryimage"},"thumbnailUrl":"https:\/\/media.radiolitoral.com\/wp-content\/uploads\/2025\/12\/12112840\/DSC_0417-scaled.jpg","datePublished":"2025-12-12T10:31:56+00:00","description":"La UD Calpe i el CD X\u00e0bia se citen aquest diumenge al camp municipal de Calp amb l&#039;estrena de Pedro Perles a la banqueta localLa UD Calpe i el CD X\u00e0bia se citen aquest diumenge al camp municipal de Calp amb l&#039;estrena de Pedro Perles a la banqueta local","breadcrumb":{"@id":"https:\/\/radiolitoral.com\/2025\/12\/duelo-en-la-cumbre-en-lliga-comunitat\/#breadcrumb"},"inLanguage":"ca","potentialAction":[{"@type":"ReadAction","target":["https:\/\/radiolitoral.com\/2025\/12\/duelo-en-la-cumbre-en-lliga-comunitat\/"]}]},{"@type":"ImageObject","inLanguage":"ca","@id":"https:\/\/radiolitoral.com\/2025\/12\/duelo-en-la-cumbre-en-lliga-comunitat\/#primaryimage","url":"https:\/\/media.radiolitoral.com\/wp-content\/uploads\/2025\/12\/12112840\/DSC_0417-scaled.jpg","contentUrl":"https:\/\/media.radiolitoral.com\/wp-content\/uploads\/2025\/12\/12112840\/DSC_0417-scaled.jpg","width":2560,"height":1707},{"@type":"BreadcrumbList","@id":"https:\/\/radiolitoral.com\/2025\/12\/duelo-en-la-cumbre-en-lliga-comunitat\/#breadcrumb","itemListElement":[{"@type":"ListItem","position":1,"name":"Portada","item":"https:\/\/radiolitoral.com\/"},{"@type":"ListItem","position":2,"name":"Duelo en la cumbre en Lliga Comunitat"}]},{"@type":"WebSite","@id":"https:\/\/radiolitoral.com\/#website","url":"https:\/\/radiolitoral.com\/","name":"R\u00e0dio Litoral","description":"La r\u00e0dio local de la Marina Alta","publisher":{"@id":"https:\/\/radiolitoral.com\/#organization"},"alternateName":"Litoral FM","potentialAction":[{"@type":"SearchAction","target":{"@type":"EntryPoint","urlTemplate":"https:\/\/radiolitoral.com\/?s={search_term_string}"},"query-input":{"@type":"PropertyValueSpecification","valueRequired":true,"valueName":"search_term_string"}}],"inLanguage":"ca"},{"@type":"Organization","@id":"https:\/\/radiolitoral.com\/#organization","name":"R\u00e0dio Litoral","url":"https:\/\/radiolitoral.com\/","logo":{"@type":"ImageObject","inLanguage":"ca","@id":"https:\/\/radiolitoral.com\/#\/schema\/logo\/image\/","url":"https:\/\/media.radiolitoral.com\/wp-content\/uploads\/2023\/02\/24143238\/CL-V-RadioLitoral696.png","contentUrl":"https:\/\/media.radiolitoral.com\/wp-content\/uploads\/2023\/02\/24143238\/CL-V-RadioLitoral696.png","width":696,"height":696,"caption":"Radio Litoral"},"image":{"@id":"https:\/\/radiolitoral.com\/#\/schema\/logo\/image\/"},"sameAs":["https:\/\/www.facebook.com\/Laradiolitoral\/"]},{"@type":"Person","@id":"https:\/\/radiolitoral.com\/#\/schema\/person\/7b1480b5caeb5acdd4ec6379caf62b22","name":"Javier Zamora","image":{"@type":"ImageObject","inLanguage":"ca","@id":"https:\/\/secure.gravatar.com\/avatar\/467a11f6918c7d619c4043fc6fa2d3853053107973f05b6e9c04ea6c4e3a7b3f?s=96&d=mm&r=g","url":"https:\/\/secure.gravatar.com\/avatar\/467a11f6918c7d619c4043fc6fa2d3853053107973f05b6e9c04ea6c4e3a7b3f?s=96&d=mm&r=g","contentUrl":"https:\/\/secure.gravatar.com\/avatar\/467a11f6918c7d619c4043fc6fa2d3853053107973f05b6e9c04ea6c4e3a7b3f?s=96&d=mm&r=g","caption":"Javier Zamora"},"url":"https:\/\/radiolitoral.com\/ca\/author\/javier-zamora\/"}]}},"_links":{"self":[{"href":"https:\/\/radiolitoral.com\/ca\/wp-json\/wp\/v2\/posts\/19444","targetHints":{"allow":["GET"]}}],"collection":[{"href":"https:\/\/radiolitoral.com\/ca\/wp-json\/wp\/v2\/posts"}],"about":[{"href":"https:\/\/radiolitoral.com\/ca\/wp-json\/wp\/v2\/types\/post"}],"author":[{"embeddable":true,"href":"https:\/\/radiolitoral.com\/ca\/wp-json\/wp\/v2\/users\/12"}],"replies":[{"embeddable":true,"href":"https:\/\/radiolitoral.com\/ca\/wp-json\/wp\/v2\/comments?post=19444"}],"version-history":[{"count":2,"href":"https:\/\/radiolitoral.com\/ca\/wp-json\/wp\/v2\/posts\/19444\/revisions"}],"predecessor-version":[{"id":19447,"href":"https:\/\/radiolitoral.com\/ca\/wp-json\/wp\/v2\/posts\/19444\/revisions\/19447"}],"wp:featuredmedia":[{"embeddable":true,"href":"https:\/\/radiolitoral.com\/ca\/wp-json\/wp\/v2\/media\/19445"}],"wp:attachment":[{"href":"https:\/\/radiolitoral.com\/ca\/wp-json\/wp\/v2\/media?parent=19444"}],"wp:term":[{"taxonomy":"category","embeddable":true,"href":"https:\/\/radiolitoral.com\/ca\/wp-json\/wp\/v2\/categories?post=19444"},{"taxonomy":"post_tag","embeddable":true,"href":"https:\/\/radiolitoral.com\/ca\/wp-json\/wp\/v2\/tags?post=19444"}],"curies":[{"name":"wp","href":"https:\/\/api.w.org\/{rel}","templated":true}]}}