{"id":19439,"date":"2025-12-12T10:53:48","date_gmt":"2025-12-12T09:53:48","guid":{"rendered":"https:\/\/radiolitoral.com\/?p=19439"},"modified":"2025-12-12T10:53:48","modified_gmt":"2025-12-12T09:53:48","slug":"cg-les-marines-destaco-al-campionat-despana-de-conjunts-absolut","status":"publish","type":"post","link":"https:\/\/radiolitoral.com\/ca\/2025\/12\/cg-les-marines-destaco-en-el-campeonato-de-espana-de-conjuntos-absoluto\/","title":{"rendered":"CG Les Marines va destacar al Campionat d&#039;Espanya de Conjunts Absolut"},"content":{"rendered":"<div class=\"relative basis-auto flex-col -mb-(--composer-overlap-px) [--composer-overlap-px:28px] grow flex\">\n<div class=\"flex flex-col text-sm @w-xl\/main:pt-header-height pb-25\">\n<article class=\"text-token-text-primary w-full focus:outline-none [--shadow-height:45px] has-data-writing-block:pointer-events-none has-data-writing-block:-mt-(--shadow-height) has-data-writing-block:pt-(--shadow-height) [&amp;:has([data-writing-block])&gt;*]:pointer-events-auto scroll-mt-[calc(var(--header-height)+min(200px,max(70px,20svh)))]\" dir=\"auto\" tabindex=\"-1\" data-turn-id=\"request-683f1eb6-c29c-8004-98ed-48e8689082f8-0\" data-testid=\"conversation-turn-142\" data-scroll-anchor=\"true\" data-turn=\"assistant\">\n<div class=\"text-base my-auto mx-auto pb-10 [--thread-content-margin:--spacing(4)] @w-sm\/main:[--thread-content-margin:--spacing(6)] @w-lg\/main:[--thread-content-margin:--spacing(16)] px-(--thread-content-margin)\">\n<div class=\"[--thread-content-max-width:40rem] @w-lg\/main:[--thread-content-max-width:48rem] mx-auto max-w-(--thread-content-max-width) flex-1 group\/turn-messages focus-visible:outline-hidden relative flex w-full min-w-0 flex-col agent-turn\" tabindex=\"-1\">\n<div class=\"flex max-w-full flex-col grow\">\n<div class=\"min-h-8 text-message relative flex w-full flex-col items-end gap-2 text-start break-words whitespace-normal [.text-message+&amp;]:mt-1\" dir=\"auto\" data-message-author-role=\"assistant\" data-message-id=\"6b5d21b7-4917-43a1-a5f5-68478a4d52e9\" data-message-model-slug=\"gpt-4o-mini\">\n<div class=\"flex w-full flex-col gap-1 empty:hidden first:pt-[1px]\">\n<div class=\"markdown prose dark:prose-invert w-full break-words light markdown-new-styling\">\n<p data-start=\"237\" data-end=\"670\">El <strong data-start=\"269\" data-end=\"287\">Movistar Arena<\/strong> de Madrid acogi\u00f3 el <strong data-start=\"308\" data-end=\"354\">Campeonato de Espa\u00f1a de Conjuntos Absoluto<\/strong>, una de las competiciones m\u00e1s importantes del calendario nacional de gimnasia r\u00edtmica. El <strong data-start=\"445\" data-end=\"465\">Club Les Marines<\/strong> estuvo representado por su <strong data-start=\"493\" data-end=\"514\">conjunto infantil<\/strong>, compuesto por <strong data-start=\"530\" data-end=\"571\">Daniela, Claudia, Sophie, Yeva y Laia<\/strong>, quienes llegaron a la cita tras haber sido <strong data-start=\"616\" data-end=\"642\">campeonas provinciales<\/strong> y <strong data-start=\"645\" data-end=\"669\">terceras auton\u00f3micas<\/strong>.<\/p>\n<h4 data-start=\"672\" data-end=\"720\"><strong data-start=\"676\" data-end=\"720\">Una destacada actuaci\u00f3n en el campeonato<\/strong><\/h4>\n<p data-start=\"722\" data-end=\"1134\">El torneo se disput\u00f3 en dos pases, y las gimnastas de <strong data-start=\"776\" data-end=\"791\">Les Marines<\/strong> ofrecieron una <strong data-start=\"807\" data-end=\"834\">actuaci\u00f3n sobresaliente<\/strong>. Su primer pase, fue un estreno exitoso en este campeonato nacional, con una <strong data-start=\"974\" data-end=\"1003\">ejecuci\u00f3n casi sin fallos<\/strong>. Este buen rendimiento las situ\u00f3 en la <strong data-start=\"1043\" data-end=\"1062\">novena posici\u00f3n<\/strong> tras la primera jornada, destacando entre los 29 equipos participantes.<\/p>\n<p data-start=\"1136\" data-end=\"1526\">En el segundo d\u00eda de competici\u00f3n, las gimnastas salieron nuevamente al tapiz, esta vez con un <strong data-start=\"1250\" data-end=\"1274\">ejercicio sin fallos<\/strong>, demostrando todo el <strong data-start=\"1296\" data-end=\"1320\">trabajo y dedicaci\u00f3n<\/strong> de los meses previos. Este impecable pase les permiti\u00f3 finalizar entre los <strong data-start=\"1396\" data-end=\"1429\">11 mejores conjuntos del pa\u00eds<\/strong>, una posici\u00f3n m\u00e1s que meritoria para un equipo que ha trabajado con mucha disciplina y esfuerzo.<\/p>\n<figure id=\"attachment_19441\" aria-describedby=\"caption-attachment-19441\" style=\"width: 1200px\" class=\"wp-caption alignnone\"><img loading=\"lazy\" decoding=\"async\" class=\"wp-image-19441 size-full\" src=\"https:\/\/media.radiolitoral.com\/wp-content\/uploads\/2025\/12\/12105307\/Gimnastas.jpg\" alt=\"\" width=\"1200\" height=\"1012\" srcset=\"https:\/\/media.radiolitoral.com\/wp-content\/uploads\/2025\/12\/12105307\/Gimnastas.jpg 1200w, https:\/\/media.radiolitoral.com\/wp-content\/uploads\/2025\/12\/12105307\/Gimnastas-300x253.jpg 300w, https:\/\/media.radiolitoral.com\/wp-content\/uploads\/2025\/12\/12105307\/Gimnastas-1024x864.jpg 1024w, https:\/\/media.radiolitoral.com\/wp-content\/uploads\/2025\/12\/12105307\/Gimnastas-768x648.jpg 768w, https:\/\/media.radiolitoral.com\/wp-content\/uploads\/2025\/12\/12105307\/Gimnastas-14x12.jpg 14w, https:\/\/media.radiolitoral.com\/wp-content\/uploads\/2025\/12\/12105307\/Gimnastas-1000x843.jpg 1000w, https:\/\/media.radiolitoral.com\/wp-content\/uploads\/2025\/12\/12105307\/Gimnastas-100x84.jpg 100w, https:\/\/media.radiolitoral.com\/wp-content\/uploads\/2025\/12\/12105307\/Gimnastas-200x169.jpg 200w\" sizes=\"auto, (max-width: 1200px) 100vw, 1200px\" \/><figcaption id=\"caption-attachment-19441\" class=\"wp-caption-text\">Gimnastas sobre el tapiz |CG Les Marines<\/figcaption><\/figure>\n<\/div>\n<div class=\"markdown prose dark:prose-invert w-full break-words light markdown-new-styling\">\n<p data-start=\"1573\" data-end=\"2082\">Con este resultado, el <strong>CG<\/strong> <strong data-start=\"1593\" data-end=\"1608\">Les Marines<\/strong> se ha consagrado como uno de los <strong data-start=\"1642\" data-end=\"1660\">mejores clubes<\/strong> en la gimnasia r\u00edtmica nacional. El <strong data-start=\"1697\" data-end=\"1714\">noveno puesto<\/strong> obtenido es un logro <strong data-start=\"1736\" data-end=\"1749\">hist\u00f3rico<\/strong> para el club, que vuelve a la cita nacional tras <strong data-start=\"1799\" data-end=\"1813\">siete a\u00f1os<\/strong> de ausencia. Adem\u00e1s, es importante se\u00f1alar que solo los <strong data-start=\"1870\" data-end=\"1915\">cinco mejores conjuntos de cada comunidad<\/strong> tienen la oportunidad de competir en este <strong data-start=\"1958\" data-end=\"1982\">Campeonato de Espa\u00f1a<\/strong>, lo que resalta a\u00fan m\u00e1s el <strong data-start=\"2010\" data-end=\"2031\">nivel competitivo<\/strong> alcanzado por el conjunto infantil de Les Marines.<\/p>\n<\/div>\n<\/div>\n<\/div>\n<\/div>\n<\/div>\n<\/div>\n<\/article>\n<\/div>\n<\/div>\n<div id=\"thread-bottom-container\" class=\"sticky bottom-0 group\/thread-bottom-container relative isolate z-10 w-full basis-auto has-data-has-thread-error:pt-2 has-data-has-thread-error:[box-shadow:var(--sharp-edge-bottom-shadow)] md:border-transparent md:pt-0 dark:border-white\/20 md:dark:border-transparent print:hidden content-fade single-line flex flex-col\">\n<div id=\"thread-bottom\">\n<div class=\"text-base mx-auto [--thread-content-margin:--spacing(4)] @w-sm\/main:[--thread-content-margin:--spacing(6)] @w-lg\/main:[--thread-content-margin:--spacing(16)] px-(--thread-content-margin)\">\n<div class=\"[--thread-content-max-width:40rem] @w-lg\/main:[--thread-content-max-width:48rem] mx-auto max-w-(--thread-content-max-width) flex-1 mb-4\">\n<div class=\"pointer-events-auto relative z-1 flex h-(--composer-container-height,100%) max-w-full flex-(--composer-container-flex,1) flex-col\">\n<form class=\"group\/composer w-full\" data-type=\"unified-composer\">\n<div class=\"\">\n<div class=\"bg-token-bg-primary corner-superellipse\/1.1 cursor-text overflow-clip bg-clip-padding p-2.5 contain-inline-size dark:bg-[#303030] grid grid-cols-[auto_1fr_auto] [grid-template-areas:'header_header_header'_'leading_primary_trailing'_'._footer_.'] group-data-expanded\/composer:[grid-template-areas:'header_header_header'_'primary_primary_primary'_'leading_footer_trailing'] shadow-short\">\n<div class=\"[grid-area:leading]\"><\/div>\n<\/div>\n<\/div>\n<\/form>\n<\/div>\n<\/div>\n<\/div>\n<\/div>\n<div class=\"-mt-4 text-token-text-secondary relative flex min-h-8 w-full items-center justify-center p-2 text-center text-xs [view-transition-name:var(--vt-disclaimer)] md:px-[60px]\">\n<div class=\"pointer-events-auto\"><\/div>\n<\/div>\n<\/div>\n<p><script src=\"chrome-extension:\/\/flbolonkboilcbnohjlchlfgdalomdpl\/iFrame.js\" type=\"text\/javascript\"><\/script><\/p>\n","protected":false},"excerpt":{"rendered":"<p>El Movistar Arena de Madrid acogi\u00f3 el Campeonato de Espa\u00f1a de Conjuntos Absoluto, una de las competiciones m\u00e1s importantes del calendario nacional de gimnasia r\u00edtmica. El Club Les Marines estuvo representado por su conjunto infantil, compuesto por Daniela, Claudia, Sophie, Yeva y Laia, quienes llegaron a la cita tras haber sido campeonas provinciales y terceras [&#8230;]<\/p>\n<p><a class=\"btn btn-secondary understrap-read-more-link\" href=\"https:\/\/radiolitoral.com\/ca\/2025\/12\/cg-les-marines-destaco-en-el-campeonato-de-espana-de-conjuntos-absoluto\/\">Continua llegint&#8230;<span class=\"screen-reader-text\"> from CG Les Marines destac\u00f3 en el Campeonato de Espa\u00f1a de Conjuntos Absoluto<\/span><\/a><\/p>\n","protected":false},"author":12,"featured_media":19440,"comment_status":"open","ping_status":"closed","sticky":false,"template":"","format":"standard","meta":{"_acf_changed":false,"inline_featured_image":false,"footnotes":""},"categories":[5],"tags":[5130,876,6],"class_list":["post-19439","post","type-post","status-publish","format-standard","has-post-thumbnail","hentry","category-deportes","tag-campeonato-de-espana-de-conjuntos-absoluto","tag-cg-les-marines","tag-deportes","cobertura-calp"],"acf":[],"yoast_head":"<!-- This site is optimized with the Yoast SEO plugin v27.5 - https:\/\/yoast.com\/product\/yoast-seo-wordpress\/ -->\n<title>CG Les Marines destac\u00f3 en el Campeonato de Espa\u00f1a de Conjuntos Absoluto | R\u00e0dio Litoral<\/title>\n<meta name=\"description\" content=\"El conjunto infantil del club calpino cerr\u00f3 una exitosa temporada con una destacada participaci\u00f3n en el nacional de gimnasia r\u00edtmica El conjunto infantil del club calpino cerr\u00f3 una exitosa temporada con una destacada participaci\u00f3n en el nacional de gimnasia r\u00edtmica\" \/>\n<meta name=\"robots\" content=\"index, follow, max-snippet:-1, max-image-preview:large, max-video-preview:-1\" \/>\n<link rel=\"canonical\" href=\"https:\/\/radiolitoral.com\/ca\/2025\/12\/cg-les-marines-destaco-al-campionat-despana-de-conjunts-absolut\/\" \/>\n<meta property=\"og:locale\" content=\"ca_ES\" \/>\n<meta property=\"og:type\" content=\"article\" \/>\n<meta property=\"og:title\" content=\"CG Les Marines destac\u00f3 en el Campeonato de Espa\u00f1a de Conjuntos Absoluto | R\u00e0dio Litoral\" \/>\n<meta property=\"og:description\" content=\"El conjunto infantil del club calpino cerr\u00f3 una exitosa temporada con una destacada participaci\u00f3n en el nacional de gimnasia r\u00edtmica El conjunto infantil del club calpino cerr\u00f3 una exitosa temporada con una destacada participaci\u00f3n en el nacional de gimnasia r\u00edtmica\" \/>\n<meta property=\"og:url\" content=\"https:\/\/radiolitoral.com\/ca\/2025\/12\/cg-les-marines-destaco-al-campionat-despana-de-conjunts-absolut\/\" \/>\n<meta property=\"og:site_name\" content=\"R\u00e0dio Litoral\" \/>\n<meta property=\"article:publisher\" content=\"https:\/\/www.facebook.com\/Laradiolitoral\/\" \/>\n<meta property=\"article:published_time\" content=\"2025-12-12T09:53:48+00:00\" \/>\n<meta property=\"og:image\" content=\"https:\/\/media.radiolitoral.com\/wp-content\/uploads\/2025\/12\/12105241\/Gimnasta-y-entrendoras-del-CG-Les-Marines.jpg\" \/>\n\t<meta property=\"og:image:width\" content=\"1200\" \/>\n\t<meta property=\"og:image:height\" content=\"900\" \/>\n\t<meta property=\"og:image:type\" content=\"image\/jpeg\" \/>\n<meta name=\"author\" content=\"Javier Zamora\" \/>\n<meta name=\"twitter:card\" content=\"summary_large_image\" \/>\n<meta name=\"twitter:label1\" content=\"Escrit per\" \/>\n\t<meta name=\"twitter:data1\" content=\"Javier Zamora\" \/>\n\t<meta name=\"twitter:label2\" content=\"Temps estimat de lectura\" \/>\n\t<meta name=\"twitter:data2\" content=\"2 minuts\" \/>\n<script type=\"application\/ld+json\" class=\"yoast-schema-graph\">{\"@context\":\"https:\\\/\\\/schema.org\",\"@graph\":[{\"@type\":\"NewsArticle\",\"@id\":\"https:\\\/\\\/radiolitoral.com\\\/2025\\\/12\\\/cg-les-marines-destaco-en-el-campeonato-de-espana-de-conjuntos-absoluto\\\/#article\",\"isPartOf\":{\"@id\":\"https:\\\/\\\/radiolitoral.com\\\/2025\\\/12\\\/cg-les-marines-destaco-en-el-campeonato-de-espana-de-conjuntos-absoluto\\\/\"},\"author\":{\"name\":\"Javier Zamora\",\"@id\":\"https:\\\/\\\/radiolitoral.com\\\/#\\\/schema\\\/person\\\/7b1480b5caeb5acdd4ec6379caf62b22\"},\"headline\":\"CG Les Marines destac\u00f3 en el Campeonato de Espa\u00f1a de Conjuntos Absoluto\",\"datePublished\":\"2025-12-12T09:53:48+00:00\",\"mainEntityOfPage\":{\"@id\":\"https:\\\/\\\/radiolitoral.com\\\/2025\\\/12\\\/cg-les-marines-destaco-en-el-campeonato-de-espana-de-conjuntos-absoluto\\\/\"},\"wordCount\":302,\"commentCount\":0,\"publisher\":{\"@id\":\"https:\\\/\\\/radiolitoral.com\\\/#organization\"},\"image\":{\"@id\":\"https:\\\/\\\/radiolitoral.com\\\/2025\\\/12\\\/cg-les-marines-destaco-en-el-campeonato-de-espana-de-conjuntos-absoluto\\\/#primaryimage\"},\"thumbnailUrl\":\"https:\\\/\\\/media.radiolitoral.com\\\/wp-content\\\/uploads\\\/2025\\\/12\\\/12105241\\\/Gimnasta-y-entrendoras-del-CG-Les-Marines.jpg\",\"keywords\":[\"Campeonato de Espa\u00f1a de Conjuntos Absoluto\",\"CG Les Marines\",\"deportes\"],\"articleSection\":[\"Deportes\"],\"inLanguage\":\"ca\",\"potentialAction\":[{\"@type\":\"CommentAction\",\"name\":\"Comment\",\"target\":[\"https:\\\/\\\/radiolitoral.com\\\/2025\\\/12\\\/cg-les-marines-destaco-en-el-campeonato-de-espana-de-conjuntos-absoluto\\\/#respond\"]}]},{\"@type\":[\"WebPage\",\"ItemPage\"],\"@id\":\"https:\\\/\\\/radiolitoral.com\\\/2025\\\/12\\\/cg-les-marines-destaco-en-el-campeonato-de-espana-de-conjuntos-absoluto\\\/\",\"url\":\"https:\\\/\\\/radiolitoral.com\\\/2025\\\/12\\\/cg-les-marines-destaco-en-el-campeonato-de-espana-de-conjuntos-absoluto\\\/\",\"name\":\"CG Les Marines destac\u00f3 en el Campeonato de Espa\u00f1a de Conjuntos Absoluto | R\u00e0dio Litoral\",\"isPartOf\":{\"@id\":\"https:\\\/\\\/radiolitoral.com\\\/#website\"},\"primaryImageOfPage\":{\"@id\":\"https:\\\/\\\/radiolitoral.com\\\/2025\\\/12\\\/cg-les-marines-destaco-en-el-campeonato-de-espana-de-conjuntos-absoluto\\\/#primaryimage\"},\"image\":{\"@id\":\"https:\\\/\\\/radiolitoral.com\\\/2025\\\/12\\\/cg-les-marines-destaco-en-el-campeonato-de-espana-de-conjuntos-absoluto\\\/#primaryimage\"},\"thumbnailUrl\":\"https:\\\/\\\/media.radiolitoral.com\\\/wp-content\\\/uploads\\\/2025\\\/12\\\/12105241\\\/Gimnasta-y-entrendoras-del-CG-Les-Marines.jpg\",\"datePublished\":\"2025-12-12T09:53:48+00:00\",\"description\":\"El conjunto infantil del club calpino cerr\u00f3 una exitosa temporada con una destacada participaci\u00f3n en el nacional de gimnasia r\u00edtmica El conjunto infantil del club calpino cerr\u00f3 una exitosa temporada con una destacada participaci\u00f3n en el nacional de gimnasia r\u00edtmica\",\"breadcrumb\":{\"@id\":\"https:\\\/\\\/radiolitoral.com\\\/2025\\\/12\\\/cg-les-marines-destaco-en-el-campeonato-de-espana-de-conjuntos-absoluto\\\/#breadcrumb\"},\"inLanguage\":\"ca\",\"potentialAction\":[{\"@type\":\"ReadAction\",\"target\":[\"https:\\\/\\\/radiolitoral.com\\\/2025\\\/12\\\/cg-les-marines-destaco-en-el-campeonato-de-espana-de-conjuntos-absoluto\\\/\"]}]},{\"@type\":\"ImageObject\",\"inLanguage\":\"ca\",\"@id\":\"https:\\\/\\\/radiolitoral.com\\\/2025\\\/12\\\/cg-les-marines-destaco-en-el-campeonato-de-espana-de-conjuntos-absoluto\\\/#primaryimage\",\"url\":\"https:\\\/\\\/media.radiolitoral.com\\\/wp-content\\\/uploads\\\/2025\\\/12\\\/12105241\\\/Gimnasta-y-entrendoras-del-CG-Les-Marines.jpg\",\"contentUrl\":\"https:\\\/\\\/media.radiolitoral.com\\\/wp-content\\\/uploads\\\/2025\\\/12\\\/12105241\\\/Gimnasta-y-entrendoras-del-CG-Les-Marines.jpg\",\"width\":1200,\"height\":900},{\"@type\":\"BreadcrumbList\",\"@id\":\"https:\\\/\\\/radiolitoral.com\\\/2025\\\/12\\\/cg-les-marines-destaco-en-el-campeonato-de-espana-de-conjuntos-absoluto\\\/#breadcrumb\",\"itemListElement\":[{\"@type\":\"ListItem\",\"position\":1,\"name\":\"Portada\",\"item\":\"https:\\\/\\\/radiolitoral.com\\\/\"},{\"@type\":\"ListItem\",\"position\":2,\"name\":\"CG Les Marines destac\u00f3 en el Campeonato de Espa\u00f1a de Conjuntos Absoluto\"}]},{\"@type\":\"WebSite\",\"@id\":\"https:\\\/\\\/radiolitoral.com\\\/#website\",\"url\":\"https:\\\/\\\/radiolitoral.com\\\/\",\"name\":\"Radio Litoral\",\"description\":\"La radio local de la Marina Alta\",\"publisher\":{\"@id\":\"https:\\\/\\\/radiolitoral.com\\\/#organization\"},\"alternateName\":\"Litoral FM\",\"potentialAction\":[{\"@type\":\"SearchAction\",\"target\":{\"@type\":\"EntryPoint\",\"urlTemplate\":\"https:\\\/\\\/radiolitoral.com\\\/?s={search_term_string}\"},\"query-input\":{\"@type\":\"PropertyValueSpecification\",\"valueRequired\":true,\"valueName\":\"search_term_string\"}}],\"inLanguage\":\"ca\"},{\"@type\":\"Organization\",\"@id\":\"https:\\\/\\\/radiolitoral.com\\\/#organization\",\"name\":\"Radio Litoral\",\"url\":\"https:\\\/\\\/radiolitoral.com\\\/\",\"logo\":{\"@type\":\"ImageObject\",\"inLanguage\":\"ca\",\"@id\":\"https:\\\/\\\/radiolitoral.com\\\/#\\\/schema\\\/logo\\\/image\\\/\",\"url\":\"https:\\\/\\\/media.radiolitoral.com\\\/wp-content\\\/uploads\\\/2023\\\/02\\\/24143238\\\/CL-V-RadioLitoral696.png\",\"contentUrl\":\"https:\\\/\\\/media.radiolitoral.com\\\/wp-content\\\/uploads\\\/2023\\\/02\\\/24143238\\\/CL-V-RadioLitoral696.png\",\"width\":696,\"height\":696,\"caption\":\"Radio Litoral\"},\"image\":{\"@id\":\"https:\\\/\\\/radiolitoral.com\\\/#\\\/schema\\\/logo\\\/image\\\/\"},\"sameAs\":[\"https:\\\/\\\/www.facebook.com\\\/Laradiolitoral\\\/\"]},{\"@type\":\"Person\",\"@id\":\"https:\\\/\\\/radiolitoral.com\\\/#\\\/schema\\\/person\\\/7b1480b5caeb5acdd4ec6379caf62b22\",\"name\":\"Javier Zamora\",\"image\":{\"@type\":\"ImageObject\",\"inLanguage\":\"ca\",\"@id\":\"https:\\\/\\\/secure.gravatar.com\\\/avatar\\\/467a11f6918c7d619c4043fc6fa2d3853053107973f05b6e9c04ea6c4e3a7b3f?s=96&d=mm&r=g\",\"url\":\"https:\\\/\\\/secure.gravatar.com\\\/avatar\\\/467a11f6918c7d619c4043fc6fa2d3853053107973f05b6e9c04ea6c4e3a7b3f?s=96&d=mm&r=g\",\"contentUrl\":\"https:\\\/\\\/secure.gravatar.com\\\/avatar\\\/467a11f6918c7d619c4043fc6fa2d3853053107973f05b6e9c04ea6c4e3a7b3f?s=96&d=mm&r=g\",\"caption\":\"Javier Zamora\"},\"url\":\"https:\\\/\\\/radiolitoral.com\\\/ca\\\/author\\\/javier-zamora\\\/\"}]}<\/script>\n<!-- \/ Yoast SEO plugin. -->","yoast_head_json":{"title":"CG Les Marines va destacar al Campionat d&#039;Espanya de Conjunts Absolut | R\u00e0dio Litoral","description":"El conjunt infantil del club calp\u00ed va tancar una reeixida temporada amb una destacada participaci\u00f3 al nacional de gimn\u00e0stica r\u00edtmica El conjunt infantil del club calp\u00ed va tancar una reeixida temporada amb una destacada participaci\u00f3 al nacional de gimn\u00e0stica r\u00edtmica","robots":{"index":"index","follow":"follow","max-snippet":"max-snippet:-1","max-image-preview":"max-image-preview:large","max-video-preview":"max-video-preview:-1"},"canonical":"https:\/\/radiolitoral.com\/ca\/2025\/12\/cg-les-marines-destaco-al-campionat-despana-de-conjunts-absolut\/","og_locale":"ca_ES","og_type":"article","og_title":"CG Les Marines destac\u00f3 en el Campeonato de Espa\u00f1a de Conjuntos Absoluto | R\u00e0dio Litoral","og_description":"El conjunto infantil del club calpino cerr\u00f3 una exitosa temporada con una destacada participaci\u00f3n en el nacional de gimnasia r\u00edtmica El conjunto infantil del club calpino cerr\u00f3 una exitosa temporada con una destacada participaci\u00f3n en el nacional de gimnasia r\u00edtmica","og_url":"https:\/\/radiolitoral.com\/ca\/2025\/12\/cg-les-marines-destaco-al-campionat-despana-de-conjunts-absolut\/","og_site_name":"R\u00e0dio Litoral","article_publisher":"https:\/\/www.facebook.com\/Laradiolitoral\/","article_published_time":"2025-12-12T09:53:48+00:00","og_image":[{"width":1200,"height":900,"url":"https:\/\/media.radiolitoral.com\/wp-content\/uploads\/2025\/12\/12105241\/Gimnasta-y-entrendoras-del-CG-Les-Marines.jpg","type":"image\/jpeg"}],"author":"Javier Zamora","twitter_card":"summary_large_image","twitter_misc":{"Escrit per":"Javier Zamora","Temps estimat de lectura":"2 minuts"},"schema":{"@context":"https:\/\/schema.org","@graph":[{"@type":"NewsArticle","@id":"https:\/\/radiolitoral.com\/2025\/12\/cg-les-marines-destaco-en-el-campeonato-de-espana-de-conjuntos-absoluto\/#article","isPartOf":{"@id":"https:\/\/radiolitoral.com\/2025\/12\/cg-les-marines-destaco-en-el-campeonato-de-espana-de-conjuntos-absoluto\/"},"author":{"name":"Javier Zamora","@id":"https:\/\/radiolitoral.com\/#\/schema\/person\/7b1480b5caeb5acdd4ec6379caf62b22"},"headline":"CG Les Marines destac\u00f3 en el Campeonato de Espa\u00f1a de Conjuntos Absoluto","datePublished":"2025-12-12T09:53:48+00:00","mainEntityOfPage":{"@id":"https:\/\/radiolitoral.com\/2025\/12\/cg-les-marines-destaco-en-el-campeonato-de-espana-de-conjuntos-absoluto\/"},"wordCount":302,"commentCount":0,"publisher":{"@id":"https:\/\/radiolitoral.com\/#organization"},"image":{"@id":"https:\/\/radiolitoral.com\/2025\/12\/cg-les-marines-destaco-en-el-campeonato-de-espana-de-conjuntos-absoluto\/#primaryimage"},"thumbnailUrl":"https:\/\/media.radiolitoral.com\/wp-content\/uploads\/2025\/12\/12105241\/Gimnasta-y-entrendoras-del-CG-Les-Marines.jpg","keywords":["Campeonato de Espa\u00f1a de Conjuntos Absoluto","CG Les Marines","deportes"],"articleSection":["Deportes"],"inLanguage":"ca","potentialAction":[{"@type":"CommentAction","name":"Comment","target":["https:\/\/radiolitoral.com\/2025\/12\/cg-les-marines-destaco-en-el-campeonato-de-espana-de-conjuntos-absoluto\/#respond"]}]},{"@type":["WebPage","ItemPage"],"@id":"https:\/\/radiolitoral.com\/2025\/12\/cg-les-marines-destaco-en-el-campeonato-de-espana-de-conjuntos-absoluto\/","url":"https:\/\/radiolitoral.com\/2025\/12\/cg-les-marines-destaco-en-el-campeonato-de-espana-de-conjuntos-absoluto\/","name":"CG Les Marines va destacar al Campionat d&#039;Espanya de Conjunts Absolut | R\u00e0dio Litoral","isPartOf":{"@id":"https:\/\/radiolitoral.com\/#website"},"primaryImageOfPage":{"@id":"https:\/\/radiolitoral.com\/2025\/12\/cg-les-marines-destaco-en-el-campeonato-de-espana-de-conjuntos-absoluto\/#primaryimage"},"image":{"@id":"https:\/\/radiolitoral.com\/2025\/12\/cg-les-marines-destaco-en-el-campeonato-de-espana-de-conjuntos-absoluto\/#primaryimage"},"thumbnailUrl":"https:\/\/media.radiolitoral.com\/wp-content\/uploads\/2025\/12\/12105241\/Gimnasta-y-entrendoras-del-CG-Les-Marines.jpg","datePublished":"2025-12-12T09:53:48+00:00","description":"El conjunt infantil del club calp\u00ed va tancar una reeixida temporada amb una destacada participaci\u00f3 al nacional de gimn\u00e0stica r\u00edtmica El conjunt infantil del club calp\u00ed va tancar una reeixida temporada amb una destacada participaci\u00f3 al nacional de gimn\u00e0stica r\u00edtmica","breadcrumb":{"@id":"https:\/\/radiolitoral.com\/2025\/12\/cg-les-marines-destaco-en-el-campeonato-de-espana-de-conjuntos-absoluto\/#breadcrumb"},"inLanguage":"ca","potentialAction":[{"@type":"ReadAction","target":["https:\/\/radiolitoral.com\/2025\/12\/cg-les-marines-destaco-en-el-campeonato-de-espana-de-conjuntos-absoluto\/"]}]},{"@type":"ImageObject","inLanguage":"ca","@id":"https:\/\/radiolitoral.com\/2025\/12\/cg-les-marines-destaco-en-el-campeonato-de-espana-de-conjuntos-absoluto\/#primaryimage","url":"https:\/\/media.radiolitoral.com\/wp-content\/uploads\/2025\/12\/12105241\/Gimnasta-y-entrendoras-del-CG-Les-Marines.jpg","contentUrl":"https:\/\/media.radiolitoral.com\/wp-content\/uploads\/2025\/12\/12105241\/Gimnasta-y-entrendoras-del-CG-Les-Marines.jpg","width":1200,"height":900},{"@type":"BreadcrumbList","@id":"https:\/\/radiolitoral.com\/2025\/12\/cg-les-marines-destaco-en-el-campeonato-de-espana-de-conjuntos-absoluto\/#breadcrumb","itemListElement":[{"@type":"ListItem","position":1,"name":"Portada","item":"https:\/\/radiolitoral.com\/"},{"@type":"ListItem","position":2,"name":"CG Les Marines destac\u00f3 en el Campeonato de Espa\u00f1a de Conjuntos Absoluto"}]},{"@type":"WebSite","@id":"https:\/\/radiolitoral.com\/#website","url":"https:\/\/radiolitoral.com\/","name":"R\u00e0dio Litoral","description":"La r\u00e0dio local de la Marina Alta","publisher":{"@id":"https:\/\/radiolitoral.com\/#organization"},"alternateName":"Litoral FM","potentialAction":[{"@type":"SearchAction","target":{"@type":"EntryPoint","urlTemplate":"https:\/\/radiolitoral.com\/?s={search_term_string}"},"query-input":{"@type":"PropertyValueSpecification","valueRequired":true,"valueName":"search_term_string"}}],"inLanguage":"ca"},{"@type":"Organization","@id":"https:\/\/radiolitoral.com\/#organization","name":"R\u00e0dio Litoral","url":"https:\/\/radiolitoral.com\/","logo":{"@type":"ImageObject","inLanguage":"ca","@id":"https:\/\/radiolitoral.com\/#\/schema\/logo\/image\/","url":"https:\/\/media.radiolitoral.com\/wp-content\/uploads\/2023\/02\/24143238\/CL-V-RadioLitoral696.png","contentUrl":"https:\/\/media.radiolitoral.com\/wp-content\/uploads\/2023\/02\/24143238\/CL-V-RadioLitoral696.png","width":696,"height":696,"caption":"Radio Litoral"},"image":{"@id":"https:\/\/radiolitoral.com\/#\/schema\/logo\/image\/"},"sameAs":["https:\/\/www.facebook.com\/Laradiolitoral\/"]},{"@type":"Person","@id":"https:\/\/radiolitoral.com\/#\/schema\/person\/7b1480b5caeb5acdd4ec6379caf62b22","name":"Javier Zamora","image":{"@type":"ImageObject","inLanguage":"ca","@id":"https:\/\/secure.gravatar.com\/avatar\/467a11f6918c7d619c4043fc6fa2d3853053107973f05b6e9c04ea6c4e3a7b3f?s=96&d=mm&r=g","url":"https:\/\/secure.gravatar.com\/avatar\/467a11f6918c7d619c4043fc6fa2d3853053107973f05b6e9c04ea6c4e3a7b3f?s=96&d=mm&r=g","contentUrl":"https:\/\/secure.gravatar.com\/avatar\/467a11f6918c7d619c4043fc6fa2d3853053107973f05b6e9c04ea6c4e3a7b3f?s=96&d=mm&r=g","caption":"Javier Zamora"},"url":"https:\/\/radiolitoral.com\/ca\/author\/javier-zamora\/"}]}},"_links":{"self":[{"href":"https:\/\/radiolitoral.com\/ca\/wp-json\/wp\/v2\/posts\/19439","targetHints":{"allow":["GET"]}}],"collection":[{"href":"https:\/\/radiolitoral.com\/ca\/wp-json\/wp\/v2\/posts"}],"about":[{"href":"https:\/\/radiolitoral.com\/ca\/wp-json\/wp\/v2\/types\/post"}],"author":[{"embeddable":true,"href":"https:\/\/radiolitoral.com\/ca\/wp-json\/wp\/v2\/users\/12"}],"replies":[{"embeddable":true,"href":"https:\/\/radiolitoral.com\/ca\/wp-json\/wp\/v2\/comments?post=19439"}],"version-history":[{"count":1,"href":"https:\/\/radiolitoral.com\/ca\/wp-json\/wp\/v2\/posts\/19439\/revisions"}],"predecessor-version":[{"id":19442,"href":"https:\/\/radiolitoral.com\/ca\/wp-json\/wp\/v2\/posts\/19439\/revisions\/19442"}],"wp:featuredmedia":[{"embeddable":true,"href":"https:\/\/radiolitoral.com\/ca\/wp-json\/wp\/v2\/media\/19440"}],"wp:attachment":[{"href":"https:\/\/radiolitoral.com\/ca\/wp-json\/wp\/v2\/media?parent=19439"}],"wp:term":[{"taxonomy":"category","embeddable":true,"href":"https:\/\/radiolitoral.com\/ca\/wp-json\/wp\/v2\/categories?post=19439"},{"taxonomy":"post_tag","embeddable":true,"href":"https:\/\/radiolitoral.com\/ca\/wp-json\/wp\/v2\/tags?post=19439"}],"curies":[{"name":"wp","href":"https:\/\/api.w.org\/{rel}","templated":true}]}}