{"id":1943,"date":"2023-04-03T16:10:22","date_gmt":"2023-04-03T14:10:22","guid":{"rendered":"https:\/\/radiolitoral.com\/?p=1943"},"modified":"2023-04-03T16:10:31","modified_gmt":"2023-04-03T14:10:31","slug":"oberta-la-inscripcio-per-a-lescola-de-pasqua-de-teulada-moraira","status":"publish","type":"post","link":"https:\/\/radiolitoral.com\/ca\/2023\/04\/abierta-la-inscripcion-para-la-escuela-de-pascua-de-teulada-moraira\/","title":{"rendered":"Oberta la inscripci\u00f3 per a l&#039;Escola de Pasqua de Teulada Moraira"},"content":{"rendered":"<p>A portes de les vacances de Setmana Santa i Pasqua, assenyalar que aquest mat\u00ed <strong>s&#039;ha iniciat a Teulada el proc\u00e9s d&#039;inscripci\u00f3 a l&#039;Escola de Pasqua 2023<\/strong>, que per primera vegada l&#039;ajuntament telad\u00ed ofereix de forma <strong>gratu\u00efta<\/strong>. Una iniciativa que ha estat tot un \u00e8xit quant a la resposta rebuda.<\/p>\n<p>L&#039;Escola de Pasqua 2023, va adre\u00e7ada als alumnes d&#039;infantil i prim\u00e0ria, per ajudar a la conciliaci\u00f3 familiar durant els dies no lectius per vacances escolars.<\/p>\n<p>Les activitats es desenvoluparan tant al <strong>CEIP Sant Vicent Ferrer de Teulada com al CEIP Cap d&#039;Or de Moraira<\/strong>.<\/p>\n<p>Si avui no han anat a apuntar els seus fills, s\u00e0piguen que estava previst seguir amb les inscripcions dem\u00e0 dimarts 4 d&#039;abril a partir de les 10.00 h; de forma presencial a SIT de l&#039;Ajuntament de Teulada i al SIT de l&#039;Espai La Senieta de Moraira. Tot i que les places s\u00f3n limitades i un cop es cobreixin totes les ofertes es tancaran les inscripcions. Tamb\u00e9 \u00e9s possible apuntar als menors de manera en l\u00ednia a trav\u00e9s de la Seu Electr\u00f2nica.<\/p>\n<p><strong>Les activitats tindran lloc els dies 6, 11, 12, 13, 14 i 18 d&#039;abril<\/strong>.<\/p>","protected":false},"excerpt":{"rendered":"<p>A puertas de las vacaciones de Semana Santa y Pascua, se\u00f1alar que esta ma\u00f1ana se ha iniciado en Teulada el proceso de inscripci\u00f3n en la Escuela de Pascua 2023, que por primera vez el ayuntamiento teuladino oferta de forma gratuita. Una iniciativa que ha sido todo un \u00e9xito, en cuanto a la respuesta recibida. La [&#8230;]<\/p>\n<p><a class=\"btn btn-secondary understrap-read-more-link\" href=\"https:\/\/radiolitoral.com\/ca\/2023\/04\/abierta-la-inscripcion-para-la-escuela-de-pascua-de-teulada-moraira\/\">Continua llegint&#8230;<span class=\"screen-reader-text\"> from Abierta la inscripci\u00f3n para la Escuela de Pascua de Teulada Moraira<\/span><\/a><\/p>\n","protected":false},"author":13,"featured_media":1944,"comment_status":"open","ping_status":"closed","sticky":false,"template":"","format":"standard","meta":{"_acf_changed":false,"inline_featured_image":false,"footnotes":""},"categories":[130],"tags":[432,431,195],"class_list":["post-1943","post","type-post","status-publish","format-standard","has-post-thumbnail","hentry","category-educacion","tag-actividades-ninos","tag-escuela-de-vacaciones","tag-teulada-moraira","cobertura-teulada-moraira"],"acf":[],"yoast_head":"<!-- This site is optimized with the Yoast SEO plugin v27.5 - https:\/\/yoast.com\/product\/yoast-seo-wordpress\/ -->\n<title>Abierta la inscripci\u00f3n para la Escuela de Pascua de Teulada Moraira | R\u00e0dio Litoral<\/title>\n<meta name=\"description\" content=\"Las actividades tendr\u00e1n lugar los d\u00edas 6, 11, 12, 13, 14 y 18 de abril Las actividades tendr\u00e1n lugar los d\u00edas 6, 11, 12, 13, 14 y 18 de abril\" \/>\n<meta name=\"robots\" content=\"index, follow, max-snippet:-1, max-image-preview:large, max-video-preview:-1\" \/>\n<link rel=\"canonical\" href=\"https:\/\/radiolitoral.com\/ca\/2023\/04\/oberta-la-inscripcio-per-a-lescola-de-pasqua-de-teulada-moraira\/\" \/>\n<meta property=\"og:locale\" content=\"ca_ES\" \/>\n<meta property=\"og:type\" content=\"article\" \/>\n<meta property=\"og:title\" content=\"Abierta la inscripci\u00f3n para la Escuela de Pascua de Teulada Moraira | R\u00e0dio Litoral\" \/>\n<meta property=\"og:description\" content=\"Las actividades tendr\u00e1n lugar los d\u00edas 6, 11, 12, 13, 14 y 18 de abril Las actividades tendr\u00e1n lugar los d\u00edas 6, 11, 12, 13, 14 y 18 de abril\" \/>\n<meta property=\"og:url\" content=\"https:\/\/radiolitoral.com\/ca\/2023\/04\/oberta-la-inscripcio-per-a-lescola-de-pasqua-de-teulada-moraira\/\" \/>\n<meta property=\"og:site_name\" content=\"R\u00e0dio Litoral\" \/>\n<meta property=\"article:publisher\" content=\"https:\/\/www.facebook.com\/Laradiolitoral\/\" \/>\n<meta property=\"article:published_time\" content=\"2023-04-03T14:10:22+00:00\" \/>\n<meta property=\"article:modified_time\" content=\"2023-04-03T14:10:31+00:00\" \/>\n<meta property=\"og:image\" content=\"https:\/\/media.radiolitoral.com\/wp-content\/uploads\/2023\/04\/03161005\/nino.jpg\" \/>\n\t<meta property=\"og:image:width\" content=\"800\" \/>\n\t<meta property=\"og:image:height\" content=\"523\" \/>\n\t<meta property=\"og:image:type\" content=\"image\/jpeg\" \/>\n<meta name=\"author\" content=\"Redacci\u00f3n\" \/>\n<meta name=\"twitter:card\" content=\"summary_large_image\" \/>\n<meta name=\"twitter:label1\" content=\"Escrit per\" \/>\n\t<meta name=\"twitter:data1\" content=\"Redacci\u00f3n\" \/>\n\t<meta name=\"twitter:label2\" content=\"Temps estimat de lectura\" \/>\n\t<meta name=\"twitter:data2\" content=\"1 minut\" \/>\n<script type=\"application\/ld+json\" class=\"yoast-schema-graph\">{\"@context\":\"https:\\\/\\\/schema.org\",\"@graph\":[{\"@type\":\"NewsArticle\",\"@id\":\"https:\\\/\\\/radiolitoral.com\\\/2023\\\/04\\\/abierta-la-inscripcion-para-la-escuela-de-pascua-de-teulada-moraira\\\/#article\",\"isPartOf\":{\"@id\":\"https:\\\/\\\/radiolitoral.com\\\/2023\\\/04\\\/abierta-la-inscripcion-para-la-escuela-de-pascua-de-teulada-moraira\\\/\"},\"author\":{\"name\":\"Redacci\u00f3n\",\"@id\":\"https:\\\/\\\/radiolitoral.com\\\/#\\\/schema\\\/person\\\/f2b2343c49b5d721857cc1002bfdb151\"},\"headline\":\"Abierta la inscripci\u00f3n para la Escuela de Pascua de Teulada Moraira\",\"datePublished\":\"2023-04-03T14:10:22+00:00\",\"dateModified\":\"2023-04-03T14:10:31+00:00\",\"mainEntityOfPage\":{\"@id\":\"https:\\\/\\\/radiolitoral.com\\\/2023\\\/04\\\/abierta-la-inscripcion-para-la-escuela-de-pascua-de-teulada-moraira\\\/\"},\"wordCount\":220,\"commentCount\":0,\"publisher\":{\"@id\":\"https:\\\/\\\/radiolitoral.com\\\/#organization\"},\"image\":{\"@id\":\"https:\\\/\\\/radiolitoral.com\\\/2023\\\/04\\\/abierta-la-inscripcion-para-la-escuela-de-pascua-de-teulada-moraira\\\/#primaryimage\"},\"thumbnailUrl\":\"https:\\\/\\\/media.radiolitoral.com\\\/wp-content\\\/uploads\\\/2023\\\/04\\\/03161005\\\/nino.jpg\",\"keywords\":[\"actividades ni\u00f1os\",\"escuela de vacaciones\",\"Teulada-Moraira\"],\"articleSection\":[\"Educaci\u00f3n\"],\"inLanguage\":\"ca\",\"potentialAction\":[{\"@type\":\"CommentAction\",\"name\":\"Comment\",\"target\":[\"https:\\\/\\\/radiolitoral.com\\\/2023\\\/04\\\/abierta-la-inscripcion-para-la-escuela-de-pascua-de-teulada-moraira\\\/#respond\"]}]},{\"@type\":[\"WebPage\",\"ItemPage\"],\"@id\":\"https:\\\/\\\/radiolitoral.com\\\/2023\\\/04\\\/abierta-la-inscripcion-para-la-escuela-de-pascua-de-teulada-moraira\\\/\",\"url\":\"https:\\\/\\\/radiolitoral.com\\\/2023\\\/04\\\/abierta-la-inscripcion-para-la-escuela-de-pascua-de-teulada-moraira\\\/\",\"name\":\"Abierta la inscripci\u00f3n para la Escuela de Pascua de Teulada Moraira | R\u00e0dio Litoral\",\"isPartOf\":{\"@id\":\"https:\\\/\\\/radiolitoral.com\\\/#website\"},\"primaryImageOfPage\":{\"@id\":\"https:\\\/\\\/radiolitoral.com\\\/2023\\\/04\\\/abierta-la-inscripcion-para-la-escuela-de-pascua-de-teulada-moraira\\\/#primaryimage\"},\"image\":{\"@id\":\"https:\\\/\\\/radiolitoral.com\\\/2023\\\/04\\\/abierta-la-inscripcion-para-la-escuela-de-pascua-de-teulada-moraira\\\/#primaryimage\"},\"thumbnailUrl\":\"https:\\\/\\\/media.radiolitoral.com\\\/wp-content\\\/uploads\\\/2023\\\/04\\\/03161005\\\/nino.jpg\",\"datePublished\":\"2023-04-03T14:10:22+00:00\",\"dateModified\":\"2023-04-03T14:10:31+00:00\",\"description\":\"Las actividades tendr\u00e1n lugar los d\u00edas 6, 11, 12, 13, 14 y 18 de abril Las actividades tendr\u00e1n lugar los d\u00edas 6, 11, 12, 13, 14 y 18 de abril\",\"breadcrumb\":{\"@id\":\"https:\\\/\\\/radiolitoral.com\\\/2023\\\/04\\\/abierta-la-inscripcion-para-la-escuela-de-pascua-de-teulada-moraira\\\/#breadcrumb\"},\"inLanguage\":\"ca\",\"potentialAction\":[{\"@type\":\"ReadAction\",\"target\":[\"https:\\\/\\\/radiolitoral.com\\\/2023\\\/04\\\/abierta-la-inscripcion-para-la-escuela-de-pascua-de-teulada-moraira\\\/\"]}]},{\"@type\":\"ImageObject\",\"inLanguage\":\"ca\",\"@id\":\"https:\\\/\\\/radiolitoral.com\\\/2023\\\/04\\\/abierta-la-inscripcion-para-la-escuela-de-pascua-de-teulada-moraira\\\/#primaryimage\",\"url\":\"https:\\\/\\\/media.radiolitoral.com\\\/wp-content\\\/uploads\\\/2023\\\/04\\\/03161005\\\/nino.jpg\",\"contentUrl\":\"https:\\\/\\\/media.radiolitoral.com\\\/wp-content\\\/uploads\\\/2023\\\/04\\\/03161005\\\/nino.jpg\",\"width\":800,\"height\":523,\"caption\":\"Group of kindergarten kids friends arm around sitting and smiling fun\"},{\"@type\":\"BreadcrumbList\",\"@id\":\"https:\\\/\\\/radiolitoral.com\\\/2023\\\/04\\\/abierta-la-inscripcion-para-la-escuela-de-pascua-de-teulada-moraira\\\/#breadcrumb\",\"itemListElement\":[{\"@type\":\"ListItem\",\"position\":1,\"name\":\"Portada\",\"item\":\"https:\\\/\\\/radiolitoral.com\\\/\"},{\"@type\":\"ListItem\",\"position\":2,\"name\":\"Abierta la inscripci\u00f3n para la Escuela de Pascua de Teulada Moraira\"}]},{\"@type\":\"WebSite\",\"@id\":\"https:\\\/\\\/radiolitoral.com\\\/#website\",\"url\":\"https:\\\/\\\/radiolitoral.com\\\/\",\"name\":\"Radio Litoral\",\"description\":\"La radio local de la Marina Alta\",\"publisher\":{\"@id\":\"https:\\\/\\\/radiolitoral.com\\\/#organization\"},\"alternateName\":\"Litoral FM\",\"potentialAction\":[{\"@type\":\"SearchAction\",\"target\":{\"@type\":\"EntryPoint\",\"urlTemplate\":\"https:\\\/\\\/radiolitoral.com\\\/?s={search_term_string}\"},\"query-input\":{\"@type\":\"PropertyValueSpecification\",\"valueRequired\":true,\"valueName\":\"search_term_string\"}}],\"inLanguage\":\"ca\"},{\"@type\":\"Organization\",\"@id\":\"https:\\\/\\\/radiolitoral.com\\\/#organization\",\"name\":\"Radio Litoral\",\"url\":\"https:\\\/\\\/radiolitoral.com\\\/\",\"logo\":{\"@type\":\"ImageObject\",\"inLanguage\":\"ca\",\"@id\":\"https:\\\/\\\/radiolitoral.com\\\/#\\\/schema\\\/logo\\\/image\\\/\",\"url\":\"https:\\\/\\\/media.radiolitoral.com\\\/wp-content\\\/uploads\\\/2023\\\/02\\\/24143238\\\/CL-V-RadioLitoral696.png\",\"contentUrl\":\"https:\\\/\\\/media.radiolitoral.com\\\/wp-content\\\/uploads\\\/2023\\\/02\\\/24143238\\\/CL-V-RadioLitoral696.png\",\"width\":696,\"height\":696,\"caption\":\"Radio Litoral\"},\"image\":{\"@id\":\"https:\\\/\\\/radiolitoral.com\\\/#\\\/schema\\\/logo\\\/image\\\/\"},\"sameAs\":[\"https:\\\/\\\/www.facebook.com\\\/Laradiolitoral\\\/\"]},{\"@type\":\"Person\",\"@id\":\"https:\\\/\\\/radiolitoral.com\\\/#\\\/schema\\\/person\\\/f2b2343c49b5d721857cc1002bfdb151\",\"name\":\"Redacci\u00f3n\",\"image\":{\"@type\":\"ImageObject\",\"inLanguage\":\"ca\",\"@id\":\"https:\\\/\\\/secure.gravatar.com\\\/avatar\\\/f771d896c203ad8b3382d7905cfcce5a5c9b008b84b3cd9114e9b9f4cb63f789?s=96&d=mm&r=g\",\"url\":\"https:\\\/\\\/secure.gravatar.com\\\/avatar\\\/f771d896c203ad8b3382d7905cfcce5a5c9b008b84b3cd9114e9b9f4cb63f789?s=96&d=mm&r=g\",\"contentUrl\":\"https:\\\/\\\/secure.gravatar.com\\\/avatar\\\/f771d896c203ad8b3382d7905cfcce5a5c9b008b84b3cd9114e9b9f4cb63f789?s=96&d=mm&r=g\",\"caption\":\"Redacci\u00f3n\"},\"url\":\"https:\\\/\\\/radiolitoral.com\\\/ca\\\/author\\\/miriam-pagan\\\/\"}]}<\/script>\n<!-- \/ Yoast SEO plugin. -->","yoast_head_json":{"title":"Oberta la inscripci\u00f3 per a l&#039;Escola de Pasqua de Teulada Moraira | R\u00e0dio Litoral","description":"Les activitats tindran lloc els dies 6, 11, 12, 13, 14 i 18 d&#039;abril Les activitats tindran lloc els dies 6, 11, 12, 13, 14 i 18 d&#039;abril","robots":{"index":"index","follow":"follow","max-snippet":"max-snippet:-1","max-image-preview":"max-image-preview:large","max-video-preview":"max-video-preview:-1"},"canonical":"https:\/\/radiolitoral.com\/ca\/2023\/04\/oberta-la-inscripcio-per-a-lescola-de-pasqua-de-teulada-moraira\/","og_locale":"ca_ES","og_type":"article","og_title":"Abierta la inscripci\u00f3n para la Escuela de Pascua de Teulada Moraira | R\u00e0dio Litoral","og_description":"Las actividades tendr\u00e1n lugar los d\u00edas 6, 11, 12, 13, 14 y 18 de abril Las actividades tendr\u00e1n lugar los d\u00edas 6, 11, 12, 13, 14 y 18 de abril","og_url":"https:\/\/radiolitoral.com\/ca\/2023\/04\/oberta-la-inscripcio-per-a-lescola-de-pasqua-de-teulada-moraira\/","og_site_name":"R\u00e0dio Litoral","article_publisher":"https:\/\/www.facebook.com\/Laradiolitoral\/","article_published_time":"2023-04-03T14:10:22+00:00","article_modified_time":"2023-04-03T14:10:31+00:00","og_image":[{"width":800,"height":523,"url":"https:\/\/media.radiolitoral.com\/wp-content\/uploads\/2023\/04\/03161005\/nino.jpg","type":"image\/jpeg"}],"author":"Redacci\u00f3n","twitter_card":"summary_large_image","twitter_misc":{"Escrit per":"Redacci\u00f3n","Temps estimat de lectura":"1 minut"},"schema":{"@context":"https:\/\/schema.org","@graph":[{"@type":"NewsArticle","@id":"https:\/\/radiolitoral.com\/2023\/04\/abierta-la-inscripcion-para-la-escuela-de-pascua-de-teulada-moraira\/#article","isPartOf":{"@id":"https:\/\/radiolitoral.com\/2023\/04\/abierta-la-inscripcion-para-la-escuela-de-pascua-de-teulada-moraira\/"},"author":{"name":"Redacci\u00f3n","@id":"https:\/\/radiolitoral.com\/#\/schema\/person\/f2b2343c49b5d721857cc1002bfdb151"},"headline":"Abierta la inscripci\u00f3n para la Escuela de Pascua de Teulada Moraira","datePublished":"2023-04-03T14:10:22+00:00","dateModified":"2023-04-03T14:10:31+00:00","mainEntityOfPage":{"@id":"https:\/\/radiolitoral.com\/2023\/04\/abierta-la-inscripcion-para-la-escuela-de-pascua-de-teulada-moraira\/"},"wordCount":220,"commentCount":0,"publisher":{"@id":"https:\/\/radiolitoral.com\/#organization"},"image":{"@id":"https:\/\/radiolitoral.com\/2023\/04\/abierta-la-inscripcion-para-la-escuela-de-pascua-de-teulada-moraira\/#primaryimage"},"thumbnailUrl":"https:\/\/media.radiolitoral.com\/wp-content\/uploads\/2023\/04\/03161005\/nino.jpg","keywords":["actividades ni\u00f1os","escuela de vacaciones","Teulada-Moraira"],"articleSection":["Educaci\u00f3n"],"inLanguage":"ca","potentialAction":[{"@type":"CommentAction","name":"Comment","target":["https:\/\/radiolitoral.com\/2023\/04\/abierta-la-inscripcion-para-la-escuela-de-pascua-de-teulada-moraira\/#respond"]}]},{"@type":["WebPage","ItemPage"],"@id":"https:\/\/radiolitoral.com\/2023\/04\/abierta-la-inscripcion-para-la-escuela-de-pascua-de-teulada-moraira\/","url":"https:\/\/radiolitoral.com\/2023\/04\/abierta-la-inscripcion-para-la-escuela-de-pascua-de-teulada-moraira\/","name":"Oberta la inscripci\u00f3 per a l&#039;Escola de Pasqua de Teulada Moraira | R\u00e0dio Litoral","isPartOf":{"@id":"https:\/\/radiolitoral.com\/#website"},"primaryImageOfPage":{"@id":"https:\/\/radiolitoral.com\/2023\/04\/abierta-la-inscripcion-para-la-escuela-de-pascua-de-teulada-moraira\/#primaryimage"},"image":{"@id":"https:\/\/radiolitoral.com\/2023\/04\/abierta-la-inscripcion-para-la-escuela-de-pascua-de-teulada-moraira\/#primaryimage"},"thumbnailUrl":"https:\/\/media.radiolitoral.com\/wp-content\/uploads\/2023\/04\/03161005\/nino.jpg","datePublished":"2023-04-03T14:10:22+00:00","dateModified":"2023-04-03T14:10:31+00:00","description":"Les activitats tindran lloc els dies 6, 11, 12, 13, 14 i 18 d&#039;abril Les activitats tindran lloc els dies 6, 11, 12, 13, 14 i 18 d&#039;abril","breadcrumb":{"@id":"https:\/\/radiolitoral.com\/2023\/04\/abierta-la-inscripcion-para-la-escuela-de-pascua-de-teulada-moraira\/#breadcrumb"},"inLanguage":"ca","potentialAction":[{"@type":"ReadAction","target":["https:\/\/radiolitoral.com\/2023\/04\/abierta-la-inscripcion-para-la-escuela-de-pascua-de-teulada-moraira\/"]}]},{"@type":"ImageObject","inLanguage":"ca","@id":"https:\/\/radiolitoral.com\/2023\/04\/abierta-la-inscripcion-para-la-escuela-de-pascua-de-teulada-moraira\/#primaryimage","url":"https:\/\/media.radiolitoral.com\/wp-content\/uploads\/2023\/04\/03161005\/nino.jpg","contentUrl":"https:\/\/media.radiolitoral.com\/wp-content\/uploads\/2023\/04\/03161005\/nino.jpg","width":800,"height":523,"caption":"Group of kindergarten kids friends arm around sitting and smiling fun"},{"@type":"BreadcrumbList","@id":"https:\/\/radiolitoral.com\/2023\/04\/abierta-la-inscripcion-para-la-escuela-de-pascua-de-teulada-moraira\/#breadcrumb","itemListElement":[{"@type":"ListItem","position":1,"name":"Portada","item":"https:\/\/radiolitoral.com\/"},{"@type":"ListItem","position":2,"name":"Abierta la inscripci\u00f3n para la Escuela de Pascua de Teulada Moraira"}]},{"@type":"WebSite","@id":"https:\/\/radiolitoral.com\/#website","url":"https:\/\/radiolitoral.com\/","name":"R\u00e0dio Litoral","description":"La r\u00e0dio local de la Marina Alta","publisher":{"@id":"https:\/\/radiolitoral.com\/#organization"},"alternateName":"Litoral FM","potentialAction":[{"@type":"SearchAction","target":{"@type":"EntryPoint","urlTemplate":"https:\/\/radiolitoral.com\/?s={search_term_string}"},"query-input":{"@type":"PropertyValueSpecification","valueRequired":true,"valueName":"search_term_string"}}],"inLanguage":"ca"},{"@type":"Organization","@id":"https:\/\/radiolitoral.com\/#organization","name":"R\u00e0dio Litoral","url":"https:\/\/radiolitoral.com\/","logo":{"@type":"ImageObject","inLanguage":"ca","@id":"https:\/\/radiolitoral.com\/#\/schema\/logo\/image\/","url":"https:\/\/media.radiolitoral.com\/wp-content\/uploads\/2023\/02\/24143238\/CL-V-RadioLitoral696.png","contentUrl":"https:\/\/media.radiolitoral.com\/wp-content\/uploads\/2023\/02\/24143238\/CL-V-RadioLitoral696.png","width":696,"height":696,"caption":"Radio Litoral"},"image":{"@id":"https:\/\/radiolitoral.com\/#\/schema\/logo\/image\/"},"sameAs":["https:\/\/www.facebook.com\/Laradiolitoral\/"]},{"@type":"Person","@id":"https:\/\/radiolitoral.com\/#\/schema\/person\/f2b2343c49b5d721857cc1002bfdb151","name":"Redacci\u00f3","image":{"@type":"ImageObject","inLanguage":"ca","@id":"https:\/\/secure.gravatar.com\/avatar\/f771d896c203ad8b3382d7905cfcce5a5c9b008b84b3cd9114e9b9f4cb63f789?s=96&d=mm&r=g","url":"https:\/\/secure.gravatar.com\/avatar\/f771d896c203ad8b3382d7905cfcce5a5c9b008b84b3cd9114e9b9f4cb63f789?s=96&d=mm&r=g","contentUrl":"https:\/\/secure.gravatar.com\/avatar\/f771d896c203ad8b3382d7905cfcce5a5c9b008b84b3cd9114e9b9f4cb63f789?s=96&d=mm&r=g","caption":"Redacci\u00f3n"},"url":"https:\/\/radiolitoral.com\/ca\/author\/miriam-pagan\/"}]}},"_links":{"self":[{"href":"https:\/\/radiolitoral.com\/ca\/wp-json\/wp\/v2\/posts\/1943","targetHints":{"allow":["GET"]}}],"collection":[{"href":"https:\/\/radiolitoral.com\/ca\/wp-json\/wp\/v2\/posts"}],"about":[{"href":"https:\/\/radiolitoral.com\/ca\/wp-json\/wp\/v2\/types\/post"}],"author":[{"embeddable":true,"href":"https:\/\/radiolitoral.com\/ca\/wp-json\/wp\/v2\/users\/13"}],"replies":[{"embeddable":true,"href":"https:\/\/radiolitoral.com\/ca\/wp-json\/wp\/v2\/comments?post=1943"}],"version-history":[{"count":1,"href":"https:\/\/radiolitoral.com\/ca\/wp-json\/wp\/v2\/posts\/1943\/revisions"}],"predecessor-version":[{"id":1945,"href":"https:\/\/radiolitoral.com\/ca\/wp-json\/wp\/v2\/posts\/1943\/revisions\/1945"}],"wp:featuredmedia":[{"embeddable":true,"href":"https:\/\/radiolitoral.com\/ca\/wp-json\/wp\/v2\/media\/1944"}],"wp:attachment":[{"href":"https:\/\/radiolitoral.com\/ca\/wp-json\/wp\/v2\/media?parent=1943"}],"wp:term":[{"taxonomy":"category","embeddable":true,"href":"https:\/\/radiolitoral.com\/ca\/wp-json\/wp\/v2\/categories?post=1943"},{"taxonomy":"post_tag","embeddable":true,"href":"https:\/\/radiolitoral.com\/ca\/wp-json\/wp\/v2\/tags?post=1943"}],"curies":[{"name":"wp","href":"https:\/\/api.w.org\/{rel}","templated":true}]}}