{"id":19426,"date":"2025-12-11T10:36:50","date_gmt":"2025-12-11T09:36:50","guid":{"rendered":"https:\/\/radiolitoral.com\/?p=19426"},"modified":"2025-12-11T10:36:50","modified_gmt":"2025-12-11T09:36:50","slug":"exit-per-al-club-gimnastica-calp-a-nivell-nacional","status":"publish","type":"post","link":"https:\/\/radiolitoral.com\/ca\/2025\/12\/exito-para-el-club-gimnasia-calpe-a-nivel-nacional\/","title":{"rendered":"\u00c8xit per al Club Gimn\u00e0stica Calp a nivell nacional"},"content":{"rendered":"<p>El <strong data-start=\"258\" data-end=\"272\">Club Gimn\u00e0stica Calp<\/strong> va viure un cap de setmana inoblidable, collint <strong data-start=\"320\" data-end=\"342\">un or i una plata<\/strong> a l&#039;escenari m\u00e9s exigent de la gimn\u00e0stica r\u00edtmica nacional. Els seus <strong data-start=\"409\" data-end=\"456\">conjunts alev\u00ed absolut i s\u00e8nior absolut<\/strong> van brillar amb actuacions d&#039;enorme qualitat que van situar el club entre les entitats m\u00e9s destacades del panorama espanyol.<\/p>\n<p data-start=\"680\" data-end=\"866\">El conjunt format per <strong data-start=\"704\" data-end=\"806\">Marina Galstyan, Vict\u00f2ria Ureche, Olga Zyablova, Sofia Xakhanova, Zoe Noriega i Aprelia Kolobneva<\/strong> va protagonitzar una competici\u00f3 tan emocionant com admirable.<\/p>\n<figure id=\"attachment_19428\" aria-describedby=\"caption-attachment-19428\" style=\"width: 1024px\" class=\"wp-caption alignnone\"><img loading=\"lazy\" decoding=\"async\" class=\"wp-image-19428 size-full\" src=\"https:\/\/media.radiolitoral.com\/wp-content\/uploads\/2025\/12\/11103507\/Calpe-2.jpg\" alt=\"\" width=\"1024\" height=\"768\" srcset=\"https:\/\/media.radiolitoral.com\/wp-content\/uploads\/2025\/12\/11103507\/Calpe-2.jpg 1024w, https:\/\/media.radiolitoral.com\/wp-content\/uploads\/2025\/12\/11103507\/Calpe-2-300x225.jpg 300w, https:\/\/media.radiolitoral.com\/wp-content\/uploads\/2025\/12\/11103507\/Calpe-2-768x576.jpg 768w, https:\/\/media.radiolitoral.com\/wp-content\/uploads\/2025\/12\/11103507\/Calpe-2-16x12.jpg 16w, https:\/\/media.radiolitoral.com\/wp-content\/uploads\/2025\/12\/11103507\/Calpe-2-1000x750.jpg 1000w, https:\/\/media.radiolitoral.com\/wp-content\/uploads\/2025\/12\/11103507\/Calpe-2-100x75.jpg 100w, https:\/\/media.radiolitoral.com\/wp-content\/uploads\/2025\/12\/11103507\/Calpe-2-200x150.jpg 200w\" sizes=\"auto, (max-width: 1024px) 100vw, 1024px\" \/><figcaption id=\"caption-attachment-19428\" class=\"wp-caption-text\">Les gimnasta alevins amb la medalla| CG Calp<\/figcaption><\/figure>\n<p data-start=\"868\" data-end=\"1132\">La primera jornada no va reflectir el seu veritable nivell: l&#039;exercici de <strong data-start=\"934\" data-end=\"950\">mans lliures<\/strong> va obtenir una puntuaci\u00f3 que nom\u00e9s els va permetre situar-se a <strong data-start=\"1007\" data-end=\"1024\">11a posici\u00f3<\/strong>. No obstant aix\u00f2, lluny de caure, les joves gimnastes van demostrar la seva enorme <strong data-start=\"1107\" data-end=\"1131\">car\u00e0cter competitiu<\/strong>.<\/p>\n<p data-start=\"1134\" data-end=\"1285\">A la segona jornada van signar un <strong data-start=\"1168\" data-end=\"1201\">espectacular exercici de c\u00e8rcol<\/strong>, que els va permetre remuntar posicions fins a proclamar-se <strong data-start=\"1258\" data-end=\"1284\">Subcampiones d&#039;Espanya<\/strong>. A la <strong data-start=\"1330\" data-end=\"1350\">final del dissabte<\/strong>, amb quatre integrants competint fins i tot amb <strong data-start=\"1399\" data-end=\"1409\">febre<\/strong>, van oferir una actuaci\u00f3 memorable i es van al\u00e7ar amb el <strong data-start=\"1466\" data-end=\"1499\">t\u00edtol de Campiones d&#039;Espanya<\/strong>, demostrant talent, uni\u00f3, disciplina i una admirable fortalesa emocional.<\/p>\n<h4 data-start=\"1134\" data-end=\"1285\">Bon paper del conjunt s\u00e8nior<\/h4>\n<p data-start=\"1659\" data-end=\"1904\">El conjunt s\u00e8nior compost per <strong data-start=\"1692\" data-end=\"1802\">Javier Garc\u00eda, Ymalai Garc\u00eda, Nicol Bisbal, Nuria Baeza, Stella Galstyan, Carla Poveda i Francesc Saragossa<\/strong> va signar tamb\u00e9 una participaci\u00f3 excel\u00b7lent en un campionat marcat pel seu <strong data-start=\"1881\" data-end=\"1903\">alt nivell t\u00e8cnic<\/strong>.<\/p>\n<p data-start=\"1906\" data-end=\"2333\">Despr\u00e9s d&#039;una temporada exigent, de const\u00e0ncia i esfor\u00e7 continu, l&#039;equip va presentar <strong data-start=\"1989\" data-end=\"2018\">dos exercicis impecables<\/strong> que van rebre felicitacions de t\u00e8cnics i clubs de tot Espanya. La seva excel\u00b7lent execuci\u00f3 els va portar a la <strong data-start=\"2124\" data-end=\"2163\">13a posici\u00f3 d&#039;entre 59 conjunts<\/strong>, quedant-se a sol <strong data-start=\"2183\" data-end=\"2197\">0.5 punts<\/strong> d&#039;accedir a la final. Un resultat extraordinari que reflecteix el creixement, la maduresa i el comprom\u00eds mostrat durant tot l&#039;any.<\/p>\n<p data-start=\"1134\" data-end=\"1285\">\n<p><script src=\"chrome-extension:\/\/flbolonkboilcbnohjlchlfgdalomdpl\/iFrame.js\" type=\"text\/javascript\"><\/script><\/p>","protected":false},"excerpt":{"rendered":"<p>El Club Gimnasia Calpe vivi\u00f3 un fin de semana inolvidable, cosechando un oro y una plata en el escenario m\u00e1s exigente de la gimnasia r\u00edtmica nacional. Sus conjuntos alev\u00edn absoluto y s\u00e9nior absoluto brillaron con actuaciones de enorme calidad que situaron al club entre las entidades m\u00e1s destacadas del panorama espa\u00f1ol. El conjunto formado por [&#8230;]<\/p>\n<p><a class=\"btn btn-secondary understrap-read-more-link\" href=\"https:\/\/radiolitoral.com\/ca\/2025\/12\/exito-para-el-club-gimnasia-calpe-a-nivel-nacional\/\">Continua llegint&#8230;<span class=\"screen-reader-text\"> from \u00c9xito para el Club Gimnasia Calpe a nivel nacional<\/span><\/a><\/p>\n","protected":false},"author":12,"featured_media":19427,"comment_status":"open","ping_status":"closed","sticky":false,"template":"","format":"standard","meta":{"_acf_changed":false,"inline_featured_image":false,"footnotes":""},"categories":[5],"tags":[1389,5126,1387,6,1233,5123,1078,1400,5125,1390,1391,1399,1392,5124,1483],"class_list":["post-19426","post","type-post","status-publish","format-standard","has-post-thumbnail","hentry","category-deportes","tag-aprelia-kolobneva","tag-carla-poveda","tag-club-gimnasia-calpe","tag-deportes","tag-francesc-zaragoza","tag-javier-garcia","tag-marina-galstyan","tag-nicol-bisbal","tag-nuria-baeza","tag-olga-zyablova","tag-sofia-shakhanova","tag-stella-galstyan","tag-victoria-ureche","tag-ymalai-garcia","tag-zoe-noriega","cobertura-calp"],"acf":[],"yoast_head":"<!-- This site is optimized with the Yoast SEO plugin v27.5 - https:\/\/yoast.com\/product\/yoast-seo-wordpress\/ -->\n<title>\u00c9xito para el Club Gimnasia Calpe a nivel nacional | R\u00e0dio Litoral<\/title>\n<meta name=\"description\" content=\"Su conjunto alev\u00edn se proclam\u00f3 campe\u00f3n y subcampe\u00f3n de Espa\u00f1a cuajando una actuaci\u00f3n hist\u00f3rica para el club calpinoSu conjunto alev\u00edn se proclam\u00f3 campe\u00f3n y subcampe\u00f3n de Espa\u00f1a cuajando una actuaci\u00f3n hist\u00f3rica para el club calpino\" \/>\n<meta name=\"robots\" content=\"index, follow, max-snippet:-1, max-image-preview:large, max-video-preview:-1\" \/>\n<link rel=\"canonical\" href=\"https:\/\/radiolitoral.com\/ca\/2025\/12\/exit-per-al-club-gimnastica-calp-a-nivell-nacional\/\" \/>\n<meta property=\"og:locale\" content=\"ca_ES\" \/>\n<meta property=\"og:type\" content=\"article\" \/>\n<meta property=\"og:title\" content=\"\u00c9xito para el Club Gimnasia Calpe a nivel nacional | R\u00e0dio Litoral\" \/>\n<meta property=\"og:description\" content=\"Su conjunto alev\u00edn se proclam\u00f3 campe\u00f3n y subcampe\u00f3n de Espa\u00f1a cuajando una actuaci\u00f3n hist\u00f3rica para el club calpinoSu conjunto alev\u00edn se proclam\u00f3 campe\u00f3n y subcampe\u00f3n de Espa\u00f1a cuajando una actuaci\u00f3n hist\u00f3rica para el club calpino\" \/>\n<meta property=\"og:url\" content=\"https:\/\/radiolitoral.com\/ca\/2025\/12\/exit-per-al-club-gimnastica-calp-a-nivell-nacional\/\" \/>\n<meta property=\"og:site_name\" content=\"R\u00e0dio Litoral\" \/>\n<meta property=\"article:publisher\" content=\"https:\/\/www.facebook.com\/Laradiolitoral\/\" \/>\n<meta property=\"article:published_time\" content=\"2025-12-11T09:36:50+00:00\" \/>\n<meta property=\"og:image\" content=\"https:\/\/media.radiolitoral.com\/wp-content\/uploads\/2025\/12\/11103436\/Calpe-.jpg\" \/>\n\t<meta property=\"og:image:width\" content=\"1024\" \/>\n\t<meta property=\"og:image:height\" content=\"682\" \/>\n\t<meta property=\"og:image:type\" content=\"image\/jpeg\" \/>\n<meta name=\"author\" content=\"Javier Zamora\" \/>\n<meta name=\"twitter:card\" content=\"summary_large_image\" \/>\n<meta name=\"twitter:label1\" content=\"Escrit per\" \/>\n\t<meta name=\"twitter:data1\" content=\"Javier Zamora\" \/>\n\t<meta name=\"twitter:label2\" content=\"Temps estimat de lectura\" \/>\n\t<meta name=\"twitter:data2\" content=\"2 minuts\" \/>\n<script type=\"application\/ld+json\" class=\"yoast-schema-graph\">{\"@context\":\"https:\\\/\\\/schema.org\",\"@graph\":[{\"@type\":\"NewsArticle\",\"@id\":\"https:\\\/\\\/radiolitoral.com\\\/2025\\\/12\\\/exito-para-el-club-gimnasia-calpe-a-nivel-nacional\\\/#article\",\"isPartOf\":{\"@id\":\"https:\\\/\\\/radiolitoral.com\\\/2025\\\/12\\\/exito-para-el-club-gimnasia-calpe-a-nivel-nacional\\\/\"},\"author\":{\"name\":\"Javier Zamora\",\"@id\":\"https:\\\/\\\/radiolitoral.com\\\/#\\\/schema\\\/person\\\/7b1480b5caeb5acdd4ec6379caf62b22\"},\"headline\":\"\u00c9xito para el Club Gimnasia Calpe a nivel nacional\",\"datePublished\":\"2025-12-11T09:36:50+00:00\",\"mainEntityOfPage\":{\"@id\":\"https:\\\/\\\/radiolitoral.com\\\/2025\\\/12\\\/exito-para-el-club-gimnasia-calpe-a-nivel-nacional\\\/\"},\"wordCount\":322,\"commentCount\":0,\"publisher\":{\"@id\":\"https:\\\/\\\/radiolitoral.com\\\/#organization\"},\"image\":{\"@id\":\"https:\\\/\\\/radiolitoral.com\\\/2025\\\/12\\\/exito-para-el-club-gimnasia-calpe-a-nivel-nacional\\\/#primaryimage\"},\"thumbnailUrl\":\"https:\\\/\\\/media.radiolitoral.com\\\/wp-content\\\/uploads\\\/2025\\\/12\\\/11103436\\\/Calpe-.jpg\",\"keywords\":[\"Aprelia Kolobneva\",\"Carla Poveda\",\"Club Gimnasia Calpe\",\"deportes\",\"Francesc Zaragoza\",\"Javier Garc\u00eda\",\"Marina Galstyan\",\"Nicol Bisbal\",\"Nuria Baeza\",\"Olga Zyablova\",\"Sof\u00eda Shakhanova\",\"Stella Galstyan\",\"Victoria Ureche\",\"Ymalai Garc\u00eda\",\"Zoe Noriega\"],\"articleSection\":[\"Deportes\"],\"inLanguage\":\"ca\",\"potentialAction\":[{\"@type\":\"CommentAction\",\"name\":\"Comment\",\"target\":[\"https:\\\/\\\/radiolitoral.com\\\/2025\\\/12\\\/exito-para-el-club-gimnasia-calpe-a-nivel-nacional\\\/#respond\"]}]},{\"@type\":[\"WebPage\",\"ItemPage\"],\"@id\":\"https:\\\/\\\/radiolitoral.com\\\/2025\\\/12\\\/exito-para-el-club-gimnasia-calpe-a-nivel-nacional\\\/\",\"url\":\"https:\\\/\\\/radiolitoral.com\\\/2025\\\/12\\\/exito-para-el-club-gimnasia-calpe-a-nivel-nacional\\\/\",\"name\":\"\u00c9xito para el Club Gimnasia Calpe a nivel nacional | R\u00e0dio Litoral\",\"isPartOf\":{\"@id\":\"https:\\\/\\\/radiolitoral.com\\\/#website\"},\"primaryImageOfPage\":{\"@id\":\"https:\\\/\\\/radiolitoral.com\\\/2025\\\/12\\\/exito-para-el-club-gimnasia-calpe-a-nivel-nacional\\\/#primaryimage\"},\"image\":{\"@id\":\"https:\\\/\\\/radiolitoral.com\\\/2025\\\/12\\\/exito-para-el-club-gimnasia-calpe-a-nivel-nacional\\\/#primaryimage\"},\"thumbnailUrl\":\"https:\\\/\\\/media.radiolitoral.com\\\/wp-content\\\/uploads\\\/2025\\\/12\\\/11103436\\\/Calpe-.jpg\",\"datePublished\":\"2025-12-11T09:36:50+00:00\",\"description\":\"Su conjunto alev\u00edn se proclam\u00f3 campe\u00f3n y subcampe\u00f3n de Espa\u00f1a cuajando una actuaci\u00f3n hist\u00f3rica para el club calpinoSu conjunto alev\u00edn se proclam\u00f3 campe\u00f3n y subcampe\u00f3n de Espa\u00f1a cuajando una actuaci\u00f3n hist\u00f3rica para el club calpino\",\"breadcrumb\":{\"@id\":\"https:\\\/\\\/radiolitoral.com\\\/2025\\\/12\\\/exito-para-el-club-gimnasia-calpe-a-nivel-nacional\\\/#breadcrumb\"},\"inLanguage\":\"ca\",\"potentialAction\":[{\"@type\":\"ReadAction\",\"target\":[\"https:\\\/\\\/radiolitoral.com\\\/2025\\\/12\\\/exito-para-el-club-gimnasia-calpe-a-nivel-nacional\\\/\"]}]},{\"@type\":\"ImageObject\",\"inLanguage\":\"ca\",\"@id\":\"https:\\\/\\\/radiolitoral.com\\\/2025\\\/12\\\/exito-para-el-club-gimnasia-calpe-a-nivel-nacional\\\/#primaryimage\",\"url\":\"https:\\\/\\\/media.radiolitoral.com\\\/wp-content\\\/uploads\\\/2025\\\/12\\\/11103436\\\/Calpe-.jpg\",\"contentUrl\":\"https:\\\/\\\/media.radiolitoral.com\\\/wp-content\\\/uploads\\\/2025\\\/12\\\/11103436\\\/Calpe-.jpg\",\"width\":1024,\"height\":682},{\"@type\":\"BreadcrumbList\",\"@id\":\"https:\\\/\\\/radiolitoral.com\\\/2025\\\/12\\\/exito-para-el-club-gimnasia-calpe-a-nivel-nacional\\\/#breadcrumb\",\"itemListElement\":[{\"@type\":\"ListItem\",\"position\":1,\"name\":\"Portada\",\"item\":\"https:\\\/\\\/radiolitoral.com\\\/\"},{\"@type\":\"ListItem\",\"position\":2,\"name\":\"\u00c9xito para el Club Gimnasia Calpe a nivel nacional\"}]},{\"@type\":\"WebSite\",\"@id\":\"https:\\\/\\\/radiolitoral.com\\\/#website\",\"url\":\"https:\\\/\\\/radiolitoral.com\\\/\",\"name\":\"Radio Litoral\",\"description\":\"La radio local de la Marina Alta\",\"publisher\":{\"@id\":\"https:\\\/\\\/radiolitoral.com\\\/#organization\"},\"alternateName\":\"Litoral FM\",\"potentialAction\":[{\"@type\":\"SearchAction\",\"target\":{\"@type\":\"EntryPoint\",\"urlTemplate\":\"https:\\\/\\\/radiolitoral.com\\\/?s={search_term_string}\"},\"query-input\":{\"@type\":\"PropertyValueSpecification\",\"valueRequired\":true,\"valueName\":\"search_term_string\"}}],\"inLanguage\":\"ca\"},{\"@type\":\"Organization\",\"@id\":\"https:\\\/\\\/radiolitoral.com\\\/#organization\",\"name\":\"Radio Litoral\",\"url\":\"https:\\\/\\\/radiolitoral.com\\\/\",\"logo\":{\"@type\":\"ImageObject\",\"inLanguage\":\"ca\",\"@id\":\"https:\\\/\\\/radiolitoral.com\\\/#\\\/schema\\\/logo\\\/image\\\/\",\"url\":\"https:\\\/\\\/media.radiolitoral.com\\\/wp-content\\\/uploads\\\/2023\\\/02\\\/24143238\\\/CL-V-RadioLitoral696.png\",\"contentUrl\":\"https:\\\/\\\/media.radiolitoral.com\\\/wp-content\\\/uploads\\\/2023\\\/02\\\/24143238\\\/CL-V-RadioLitoral696.png\",\"width\":696,\"height\":696,\"caption\":\"Radio Litoral\"},\"image\":{\"@id\":\"https:\\\/\\\/radiolitoral.com\\\/#\\\/schema\\\/logo\\\/image\\\/\"},\"sameAs\":[\"https:\\\/\\\/www.facebook.com\\\/Laradiolitoral\\\/\"]},{\"@type\":\"Person\",\"@id\":\"https:\\\/\\\/radiolitoral.com\\\/#\\\/schema\\\/person\\\/7b1480b5caeb5acdd4ec6379caf62b22\",\"name\":\"Javier Zamora\",\"image\":{\"@type\":\"ImageObject\",\"inLanguage\":\"ca\",\"@id\":\"https:\\\/\\\/secure.gravatar.com\\\/avatar\\\/467a11f6918c7d619c4043fc6fa2d3853053107973f05b6e9c04ea6c4e3a7b3f?s=96&d=mm&r=g\",\"url\":\"https:\\\/\\\/secure.gravatar.com\\\/avatar\\\/467a11f6918c7d619c4043fc6fa2d3853053107973f05b6e9c04ea6c4e3a7b3f?s=96&d=mm&r=g\",\"contentUrl\":\"https:\\\/\\\/secure.gravatar.com\\\/avatar\\\/467a11f6918c7d619c4043fc6fa2d3853053107973f05b6e9c04ea6c4e3a7b3f?s=96&d=mm&r=g\",\"caption\":\"Javier Zamora\"},\"url\":\"https:\\\/\\\/radiolitoral.com\\\/ca\\\/author\\\/javier-zamora\\\/\"}]}<\/script>\n<!-- \/ Yoast SEO plugin. -->","yoast_head_json":{"title":"\u00c8xit per al Club Gimn\u00e0stica Calp a nivell nacional | R\u00e0dio Litoral","description":"El seu conjunt alev\u00ed es va proclamar campi\u00f3 i subcampi\u00f3 d&#039;Espanya quallant una actuaci\u00f3 hist\u00f2rica per al club calp\u00ed","robots":{"index":"index","follow":"follow","max-snippet":"max-snippet:-1","max-image-preview":"max-image-preview:large","max-video-preview":"max-video-preview:-1"},"canonical":"https:\/\/radiolitoral.com\/ca\/2025\/12\/exit-per-al-club-gimnastica-calp-a-nivell-nacional\/","og_locale":"ca_ES","og_type":"article","og_title":"\u00c9xito para el Club Gimnasia Calpe a nivel nacional | R\u00e0dio Litoral","og_description":"Su conjunto alev\u00edn se proclam\u00f3 campe\u00f3n y subcampe\u00f3n de Espa\u00f1a cuajando una actuaci\u00f3n hist\u00f3rica para el club calpinoSu conjunto alev\u00edn se proclam\u00f3 campe\u00f3n y subcampe\u00f3n de Espa\u00f1a cuajando una actuaci\u00f3n hist\u00f3rica para el club calpino","og_url":"https:\/\/radiolitoral.com\/ca\/2025\/12\/exit-per-al-club-gimnastica-calp-a-nivell-nacional\/","og_site_name":"R\u00e0dio Litoral","article_publisher":"https:\/\/www.facebook.com\/Laradiolitoral\/","article_published_time":"2025-12-11T09:36:50+00:00","og_image":[{"width":1024,"height":682,"url":"https:\/\/media.radiolitoral.com\/wp-content\/uploads\/2025\/12\/11103436\/Calpe-.jpg","type":"image\/jpeg"}],"author":"Javier Zamora","twitter_card":"summary_large_image","twitter_misc":{"Escrit per":"Javier Zamora","Temps estimat de lectura":"2 minuts"},"schema":{"@context":"https:\/\/schema.org","@graph":[{"@type":"NewsArticle","@id":"https:\/\/radiolitoral.com\/2025\/12\/exito-para-el-club-gimnasia-calpe-a-nivel-nacional\/#article","isPartOf":{"@id":"https:\/\/radiolitoral.com\/2025\/12\/exito-para-el-club-gimnasia-calpe-a-nivel-nacional\/"},"author":{"name":"Javier Zamora","@id":"https:\/\/radiolitoral.com\/#\/schema\/person\/7b1480b5caeb5acdd4ec6379caf62b22"},"headline":"\u00c9xito para el Club Gimnasia Calpe a nivel nacional","datePublished":"2025-12-11T09:36:50+00:00","mainEntityOfPage":{"@id":"https:\/\/radiolitoral.com\/2025\/12\/exito-para-el-club-gimnasia-calpe-a-nivel-nacional\/"},"wordCount":322,"commentCount":0,"publisher":{"@id":"https:\/\/radiolitoral.com\/#organization"},"image":{"@id":"https:\/\/radiolitoral.com\/2025\/12\/exito-para-el-club-gimnasia-calpe-a-nivel-nacional\/#primaryimage"},"thumbnailUrl":"https:\/\/media.radiolitoral.com\/wp-content\/uploads\/2025\/12\/11103436\/Calpe-.jpg","keywords":["Aprelia Kolobneva","Carla Poveda","Club Gimnasia Calpe","deportes","Francesc Zaragoza","Javier Garc\u00eda","Marina Galstyan","Nicol Bisbal","Nuria Baeza","Olga Zyablova","Sof\u00eda Shakhanova","Stella Galstyan","Victoria Ureche","Ymalai Garc\u00eda","Zoe Noriega"],"articleSection":["Deportes"],"inLanguage":"ca","potentialAction":[{"@type":"CommentAction","name":"Comment","target":["https:\/\/radiolitoral.com\/2025\/12\/exito-para-el-club-gimnasia-calpe-a-nivel-nacional\/#respond"]}]},{"@type":["WebPage","ItemPage"],"@id":"https:\/\/radiolitoral.com\/2025\/12\/exito-para-el-club-gimnasia-calpe-a-nivel-nacional\/","url":"https:\/\/radiolitoral.com\/2025\/12\/exito-para-el-club-gimnasia-calpe-a-nivel-nacional\/","name":"\u00c8xit per al Club Gimn\u00e0stica Calp a nivell nacional | R\u00e0dio Litoral","isPartOf":{"@id":"https:\/\/radiolitoral.com\/#website"},"primaryImageOfPage":{"@id":"https:\/\/radiolitoral.com\/2025\/12\/exito-para-el-club-gimnasia-calpe-a-nivel-nacional\/#primaryimage"},"image":{"@id":"https:\/\/radiolitoral.com\/2025\/12\/exito-para-el-club-gimnasia-calpe-a-nivel-nacional\/#primaryimage"},"thumbnailUrl":"https:\/\/media.radiolitoral.com\/wp-content\/uploads\/2025\/12\/11103436\/Calpe-.jpg","datePublished":"2025-12-11T09:36:50+00:00","description":"El seu conjunt alev\u00ed es va proclamar campi\u00f3 i subcampi\u00f3 d&#039;Espanya quallant una actuaci\u00f3 hist\u00f2rica per al club calp\u00ed","breadcrumb":{"@id":"https:\/\/radiolitoral.com\/2025\/12\/exito-para-el-club-gimnasia-calpe-a-nivel-nacional\/#breadcrumb"},"inLanguage":"ca","potentialAction":[{"@type":"ReadAction","target":["https:\/\/radiolitoral.com\/2025\/12\/exito-para-el-club-gimnasia-calpe-a-nivel-nacional\/"]}]},{"@type":"ImageObject","inLanguage":"ca","@id":"https:\/\/radiolitoral.com\/2025\/12\/exito-para-el-club-gimnasia-calpe-a-nivel-nacional\/#primaryimage","url":"https:\/\/media.radiolitoral.com\/wp-content\/uploads\/2025\/12\/11103436\/Calpe-.jpg","contentUrl":"https:\/\/media.radiolitoral.com\/wp-content\/uploads\/2025\/12\/11103436\/Calpe-.jpg","width":1024,"height":682},{"@type":"BreadcrumbList","@id":"https:\/\/radiolitoral.com\/2025\/12\/exito-para-el-club-gimnasia-calpe-a-nivel-nacional\/#breadcrumb","itemListElement":[{"@type":"ListItem","position":1,"name":"Portada","item":"https:\/\/radiolitoral.com\/"},{"@type":"ListItem","position":2,"name":"\u00c9xito para el Club Gimnasia Calpe a nivel nacional"}]},{"@type":"WebSite","@id":"https:\/\/radiolitoral.com\/#website","url":"https:\/\/radiolitoral.com\/","name":"R\u00e0dio Litoral","description":"La r\u00e0dio local de la Marina Alta","publisher":{"@id":"https:\/\/radiolitoral.com\/#organization"},"alternateName":"Litoral FM","potentialAction":[{"@type":"SearchAction","target":{"@type":"EntryPoint","urlTemplate":"https:\/\/radiolitoral.com\/?s={search_term_string}"},"query-input":{"@type":"PropertyValueSpecification","valueRequired":true,"valueName":"search_term_string"}}],"inLanguage":"ca"},{"@type":"Organization","@id":"https:\/\/radiolitoral.com\/#organization","name":"R\u00e0dio Litoral","url":"https:\/\/radiolitoral.com\/","logo":{"@type":"ImageObject","inLanguage":"ca","@id":"https:\/\/radiolitoral.com\/#\/schema\/logo\/image\/","url":"https:\/\/media.radiolitoral.com\/wp-content\/uploads\/2023\/02\/24143238\/CL-V-RadioLitoral696.png","contentUrl":"https:\/\/media.radiolitoral.com\/wp-content\/uploads\/2023\/02\/24143238\/CL-V-RadioLitoral696.png","width":696,"height":696,"caption":"Radio Litoral"},"image":{"@id":"https:\/\/radiolitoral.com\/#\/schema\/logo\/image\/"},"sameAs":["https:\/\/www.facebook.com\/Laradiolitoral\/"]},{"@type":"Person","@id":"https:\/\/radiolitoral.com\/#\/schema\/person\/7b1480b5caeb5acdd4ec6379caf62b22","name":"Javier Zamora","image":{"@type":"ImageObject","inLanguage":"ca","@id":"https:\/\/secure.gravatar.com\/avatar\/467a11f6918c7d619c4043fc6fa2d3853053107973f05b6e9c04ea6c4e3a7b3f?s=96&d=mm&r=g","url":"https:\/\/secure.gravatar.com\/avatar\/467a11f6918c7d619c4043fc6fa2d3853053107973f05b6e9c04ea6c4e3a7b3f?s=96&d=mm&r=g","contentUrl":"https:\/\/secure.gravatar.com\/avatar\/467a11f6918c7d619c4043fc6fa2d3853053107973f05b6e9c04ea6c4e3a7b3f?s=96&d=mm&r=g","caption":"Javier Zamora"},"url":"https:\/\/radiolitoral.com\/ca\/author\/javier-zamora\/"}]}},"_links":{"self":[{"href":"https:\/\/radiolitoral.com\/ca\/wp-json\/wp\/v2\/posts\/19426","targetHints":{"allow":["GET"]}}],"collection":[{"href":"https:\/\/radiolitoral.com\/ca\/wp-json\/wp\/v2\/posts"}],"about":[{"href":"https:\/\/radiolitoral.com\/ca\/wp-json\/wp\/v2\/types\/post"}],"author":[{"embeddable":true,"href":"https:\/\/radiolitoral.com\/ca\/wp-json\/wp\/v2\/users\/12"}],"replies":[{"embeddable":true,"href":"https:\/\/radiolitoral.com\/ca\/wp-json\/wp\/v2\/comments?post=19426"}],"version-history":[{"count":1,"href":"https:\/\/radiolitoral.com\/ca\/wp-json\/wp\/v2\/posts\/19426\/revisions"}],"predecessor-version":[{"id":19429,"href":"https:\/\/radiolitoral.com\/ca\/wp-json\/wp\/v2\/posts\/19426\/revisions\/19429"}],"wp:featuredmedia":[{"embeddable":true,"href":"https:\/\/radiolitoral.com\/ca\/wp-json\/wp\/v2\/media\/19427"}],"wp:attachment":[{"href":"https:\/\/radiolitoral.com\/ca\/wp-json\/wp\/v2\/media?parent=19426"}],"wp:term":[{"taxonomy":"category","embeddable":true,"href":"https:\/\/radiolitoral.com\/ca\/wp-json\/wp\/v2\/categories?post=19426"},{"taxonomy":"post_tag","embeddable":true,"href":"https:\/\/radiolitoral.com\/ca\/wp-json\/wp\/v2\/tags?post=19426"}],"curies":[{"name":"wp","href":"https:\/\/api.w.org\/{rel}","templated":true}]}}