{"id":19403,"date":"2025-12-09T10:03:55","date_gmt":"2025-12-09T09:03:55","guid":{"rendered":"https:\/\/radiolitoral.com\/?p=19403"},"modified":"2025-12-09T10:03:55","modified_gmt":"2025-12-09T09:03:55","slug":"cau-toni-gonzalez-com-a-entrenador-de-la-ut-calp","status":"publish","type":"post","link":"https:\/\/radiolitoral.com\/ca\/2025\/12\/cae-toni-gonzalez-como-entrenador-de-la-ud-calpe\/","title":{"rendered":"Cau Toni Gonz\u00e1lez com a entrenador de la UD Calp"},"content":{"rendered":"<p>La <strong data-start=\"209\" data-end=\"221\">UD Calp<\/strong> ha comunicat oficialment que <strong data-start=\"253\" data-end=\"270\">Toni Gonz\u00e1lez<\/strong> no continuar\u00e0 al capdavant del primer equip. L&#039;anunci, realitzat a trav\u00e9s d&#039;una breu nota a les xarxes socials, agraeix al t\u00e8cnic el vostre <strong data-start=\"405\" data-end=\"440\">\u201cprofessionalitat i implicaci\u00f3\u201d<\/strong> i desitja sort en els seus futurs projectes. Un comiat cordial que, tot i aix\u00f2, arriba en un moment cr\u00edtic per a l&#039;equip calp\u00ed.<\/p>\n<h4>Els mals resultats la condemna<\/h4>\n<p data-start=\"628\" data-end=\"892\">La realitat esportiva ha pesat m\u00e9s que la bona sintonia interna. La UD Calp \u00e9s actualment <strong data-start=\"722\" data-end=\"735\">pen\u00faltima<\/strong> a la classificaci\u00f3, amb nom\u00e9s <strong data-start=\"766\" data-end=\"782\">una vict\u00f2ria<\/strong>, <strong data-start=\"784\" data-end=\"803\">quatre derrotes<\/strong> i <strong data-start=\"806\" data-end=\"822\">vuit empats<\/strong>, convertint-se en l&#039;equip que m\u00e9s igualades acumula al grup.<\/p>\n<p data-start=\"894\" data-end=\"1066\">A aix\u00f2 es va sumar la <strong data-start=\"912\" data-end=\"945\">eliminaci\u00f3 de la nostra Copa<\/strong> la setmana passada davant la <strong>UD<\/strong> <strong data-start=\"971\" data-end=\"980\">Oliva<\/strong>, l\u00edder del Grup VI de la Segona FFCV, un cop dur per al vestidor i l&#039;afici\u00f3.<\/p>\n<p data-start=\"894\" data-end=\"1066\">Toni Gonz\u00e1lez va assumir la banqueta aquesta temporada al capdavant d&#039;un projecte marcat per la <strong data-start=\"1206\" data-end=\"1220\">renovaci\u00f3<\/strong>, la <strong data-start=\"1225\" data-end=\"1252\">aposta per la joventut<\/strong> i el talent de <strong data-start=\"1269\" data-end=\"1293\">jugadors de la casa<\/strong>. Des del principi s&#039;intu\u00efa que seria un any exigent, amb un equip en construcci\u00f3 i la perman\u00e8ncia com a objectiu realista. Tot i l&#039;esfor\u00e7 del t\u00e8cnic i la competitivitat en moltes trobades, els resultats no van acompanyar i van acabar precipitant la seva sortida.<\/p>\n<h4 data-start=\"894\" data-end=\"1066\">Pedro Perles es postula com a nou t\u00e8cnic<\/h4>\n<p data-start=\"894\" data-end=\"1066\">La directiva de la UD Calp, presidida per <strong data-start=\"1687\" data-end=\"1704\">Ernesto Tom\u00e1s<\/strong>, mant\u00e9 converses avan\u00e7ades amb <strong data-start=\"1744\" data-end=\"1760\">Pedro Perles<\/strong>, un t\u00e8cnic amb passat al club i profund coneixement del futbol de la Marina Alta.<\/p>\n<p data-start=\"894\" data-end=\"1066\">Perles ja va dirigir el Calp en etapes anteriors, va signar una notable campanya al capdavant del <strong data-start=\"1941\" data-end=\"1953\">CD D\u00e9nia<\/strong> i recentment ha treballat amb el juvenil de <strong data-start=\"2001\" data-end=\"2013\">La Nucia<\/strong> a <strong data-start=\"2017\" data-end=\"2034\">Lliga Nacional<\/strong>, on ha destacat per la seva capacitat de treball i la seva aposta per la formaci\u00f3.<\/p>\n<p><script src=\"chrome-extension:\/\/flbolonkboilcbnohjlchlfgdalomdpl\/iFrame.js\" type=\"text\/javascript\"><\/script><\/p>","protected":false},"excerpt":{"rendered":"<p>La UD Calpe ha comunicado oficialmente que Toni Gonz\u00e1lez no continuar\u00e1 al frente del primer equipo. El anuncio, realizado a trav\u00e9s de una breve nota en redes sociales, agradece al t\u00e9cnico su \u201cprofesionalidad e implicaci\u00f3n\u201d y le desea suerte en sus futuros proyectos. Una despedida cordial que, sin embargo, llega en un momento cr\u00edtico para [&#8230;]<\/p>\n<p><a class=\"btn btn-secondary understrap-read-more-link\" href=\"https:\/\/radiolitoral.com\/ca\/2025\/12\/cae-toni-gonzalez-como-entrenador-de-la-ud-calpe\/\">Continua llegint&#8230;<span class=\"screen-reader-text\"> from Cae Toni Gonz\u00e1lez como entrenador de la UD Calpe<\/span><\/a><\/p>\n","protected":false},"author":12,"featured_media":19404,"comment_status":"open","ping_status":"closed","sticky":false,"template":"","format":"standard","meta":{"_acf_changed":false,"inline_featured_image":false,"footnotes":""},"categories":[5],"tags":[6,1871,4406,889],"class_list":["post-19403","post","type-post","status-publish","format-standard","has-post-thumbnail","hentry","category-deportes","tag-deportes","tag-pedro-perles","tag-toni-gonzalez","tag-ud-calpe","cobertura-calp"],"acf":[],"yoast_head":"<!-- This site is optimized with the Yoast SEO plugin v27.4 - https:\/\/yoast.com\/product\/yoast-seo-wordpress\/ -->\n<title>Cae Toni Gonz\u00e1lez como entrenador de la UD Calpe | R\u00e0dio Litoral<\/title>\n<meta name=\"description\" content=\"Los malos resultados y verse en puestos de descenso precipitan su salida del club calpinoLos malos resultados y verse en puestos de descenso precipitan su salida del club calpino\" \/>\n<meta name=\"robots\" content=\"index, follow, max-snippet:-1, max-image-preview:large, max-video-preview:-1\" \/>\n<link rel=\"canonical\" href=\"https:\/\/radiolitoral.com\/ca\/2025\/12\/cau-toni-gonzalez-com-a-entrenador-de-la-ut-calp\/\" \/>\n<meta property=\"og:locale\" content=\"ca_ES\" \/>\n<meta property=\"og:type\" content=\"article\" \/>\n<meta property=\"og:title\" content=\"Cae Toni Gonz\u00e1lez como entrenador de la UD Calpe | R\u00e0dio Litoral\" \/>\n<meta property=\"og:description\" content=\"Los malos resultados y verse en puestos de descenso precipitan su salida del club calpinoLos malos resultados y verse en puestos de descenso precipitan su salida del club calpino\" \/>\n<meta property=\"og:url\" content=\"https:\/\/radiolitoral.com\/ca\/2025\/12\/cau-toni-gonzalez-com-a-entrenador-de-la-ut-calp\/\" \/>\n<meta property=\"og:site_name\" content=\"R\u00e0dio Litoral\" \/>\n<meta property=\"article:publisher\" content=\"https:\/\/www.facebook.com\/Laradiolitoral\/\" \/>\n<meta property=\"article:published_time\" content=\"2025-12-09T09:03:55+00:00\" \/>\n<meta property=\"og:image\" content=\"https:\/\/media.radiolitoral.com\/wp-content\/uploads\/2025\/12\/09100305\/Toni-Gonzalez-hablando-con-Chaca.jpg\" \/>\n\t<meta property=\"og:image:width\" content=\"1440\" \/>\n\t<meta property=\"og:image:height\" content=\"961\" \/>\n\t<meta property=\"og:image:type\" content=\"image\/jpeg\" \/>\n<meta name=\"author\" content=\"Javier Zamora\" \/>\n<meta name=\"twitter:card\" content=\"summary_large_image\" \/>\n<meta name=\"twitter:label1\" content=\"Escrit per\" \/>\n\t<meta name=\"twitter:data1\" content=\"Javier Zamora\" \/>\n\t<meta name=\"twitter:label2\" content=\"Temps estimat de lectura\" \/>\n\t<meta name=\"twitter:data2\" content=\"2 minuts\" \/>\n<script type=\"application\/ld+json\" class=\"yoast-schema-graph\">{\"@context\":\"https:\\\/\\\/schema.org\",\"@graph\":[{\"@type\":\"NewsArticle\",\"@id\":\"https:\\\/\\\/radiolitoral.com\\\/2025\\\/12\\\/cae-toni-gonzalez-como-entrenador-de-la-ud-calpe\\\/#article\",\"isPartOf\":{\"@id\":\"https:\\\/\\\/radiolitoral.com\\\/2025\\\/12\\\/cae-toni-gonzalez-como-entrenador-de-la-ud-calpe\\\/\"},\"author\":{\"name\":\"Javier Zamora\",\"@id\":\"https:\\\/\\\/radiolitoral.com\\\/#\\\/schema\\\/person\\\/7b1480b5caeb5acdd4ec6379caf62b22\"},\"headline\":\"Cae Toni Gonz\u00e1lez como entrenador de la UD Calpe\",\"datePublished\":\"2025-12-09T09:03:55+00:00\",\"mainEntityOfPage\":{\"@id\":\"https:\\\/\\\/radiolitoral.com\\\/2025\\\/12\\\/cae-toni-gonzalez-como-entrenador-de-la-ud-calpe\\\/\"},\"wordCount\":331,\"commentCount\":0,\"publisher\":{\"@id\":\"https:\\\/\\\/radiolitoral.com\\\/#organization\"},\"image\":{\"@id\":\"https:\\\/\\\/radiolitoral.com\\\/2025\\\/12\\\/cae-toni-gonzalez-como-entrenador-de-la-ud-calpe\\\/#primaryimage\"},\"thumbnailUrl\":\"https:\\\/\\\/media.radiolitoral.com\\\/wp-content\\\/uploads\\\/2025\\\/12\\\/09100305\\\/Toni-Gonzalez-hablando-con-Chaca.jpg\",\"keywords\":[\"deportes\",\"Pedro Perles\",\"Toni Gonz\u00e1lez\",\"UD Calpe\"],\"articleSection\":[\"Deportes\"],\"inLanguage\":\"ca\",\"potentialAction\":[{\"@type\":\"CommentAction\",\"name\":\"Comment\",\"target\":[\"https:\\\/\\\/radiolitoral.com\\\/2025\\\/12\\\/cae-toni-gonzalez-como-entrenador-de-la-ud-calpe\\\/#respond\"]}]},{\"@type\":[\"WebPage\",\"ItemPage\"],\"@id\":\"https:\\\/\\\/radiolitoral.com\\\/2025\\\/12\\\/cae-toni-gonzalez-como-entrenador-de-la-ud-calpe\\\/\",\"url\":\"https:\\\/\\\/radiolitoral.com\\\/2025\\\/12\\\/cae-toni-gonzalez-como-entrenador-de-la-ud-calpe\\\/\",\"name\":\"Cae Toni Gonz\u00e1lez como entrenador de la UD Calpe | R\u00e0dio Litoral\",\"isPartOf\":{\"@id\":\"https:\\\/\\\/radiolitoral.com\\\/#website\"},\"primaryImageOfPage\":{\"@id\":\"https:\\\/\\\/radiolitoral.com\\\/2025\\\/12\\\/cae-toni-gonzalez-como-entrenador-de-la-ud-calpe\\\/#primaryimage\"},\"image\":{\"@id\":\"https:\\\/\\\/radiolitoral.com\\\/2025\\\/12\\\/cae-toni-gonzalez-como-entrenador-de-la-ud-calpe\\\/#primaryimage\"},\"thumbnailUrl\":\"https:\\\/\\\/media.radiolitoral.com\\\/wp-content\\\/uploads\\\/2025\\\/12\\\/09100305\\\/Toni-Gonzalez-hablando-con-Chaca.jpg\",\"datePublished\":\"2025-12-09T09:03:55+00:00\",\"description\":\"Los malos resultados y verse en puestos de descenso precipitan su salida del club calpinoLos malos resultados y verse en puestos de descenso precipitan su salida del club calpino\",\"breadcrumb\":{\"@id\":\"https:\\\/\\\/radiolitoral.com\\\/2025\\\/12\\\/cae-toni-gonzalez-como-entrenador-de-la-ud-calpe\\\/#breadcrumb\"},\"inLanguage\":\"ca\",\"potentialAction\":[{\"@type\":\"ReadAction\",\"target\":[\"https:\\\/\\\/radiolitoral.com\\\/2025\\\/12\\\/cae-toni-gonzalez-como-entrenador-de-la-ud-calpe\\\/\"]}]},{\"@type\":\"ImageObject\",\"inLanguage\":\"ca\",\"@id\":\"https:\\\/\\\/radiolitoral.com\\\/2025\\\/12\\\/cae-toni-gonzalez-como-entrenador-de-la-ud-calpe\\\/#primaryimage\",\"url\":\"https:\\\/\\\/media.radiolitoral.com\\\/wp-content\\\/uploads\\\/2025\\\/12\\\/09100305\\\/Toni-Gonzalez-hablando-con-Chaca.jpg\",\"contentUrl\":\"https:\\\/\\\/media.radiolitoral.com\\\/wp-content\\\/uploads\\\/2025\\\/12\\\/09100305\\\/Toni-Gonzalez-hablando-con-Chaca.jpg\",\"width\":1440,\"height\":961},{\"@type\":\"BreadcrumbList\",\"@id\":\"https:\\\/\\\/radiolitoral.com\\\/2025\\\/12\\\/cae-toni-gonzalez-como-entrenador-de-la-ud-calpe\\\/#breadcrumb\",\"itemListElement\":[{\"@type\":\"ListItem\",\"position\":1,\"name\":\"Portada\",\"item\":\"https:\\\/\\\/radiolitoral.com\\\/\"},{\"@type\":\"ListItem\",\"position\":2,\"name\":\"Cae Toni Gonz\u00e1lez como entrenador de la UD Calpe\"}]},{\"@type\":\"WebSite\",\"@id\":\"https:\\\/\\\/radiolitoral.com\\\/#website\",\"url\":\"https:\\\/\\\/radiolitoral.com\\\/\",\"name\":\"Radio Litoral\",\"description\":\"La radio local de la Marina Alta\",\"publisher\":{\"@id\":\"https:\\\/\\\/radiolitoral.com\\\/#organization\"},\"alternateName\":\"Litoral FM\",\"potentialAction\":[{\"@type\":\"SearchAction\",\"target\":{\"@type\":\"EntryPoint\",\"urlTemplate\":\"https:\\\/\\\/radiolitoral.com\\\/?s={search_term_string}\"},\"query-input\":{\"@type\":\"PropertyValueSpecification\",\"valueRequired\":true,\"valueName\":\"search_term_string\"}}],\"inLanguage\":\"ca\"},{\"@type\":\"Organization\",\"@id\":\"https:\\\/\\\/radiolitoral.com\\\/#organization\",\"name\":\"Radio Litoral\",\"url\":\"https:\\\/\\\/radiolitoral.com\\\/\",\"logo\":{\"@type\":\"ImageObject\",\"inLanguage\":\"ca\",\"@id\":\"https:\\\/\\\/radiolitoral.com\\\/#\\\/schema\\\/logo\\\/image\\\/\",\"url\":\"https:\\\/\\\/media.radiolitoral.com\\\/wp-content\\\/uploads\\\/2023\\\/02\\\/24143238\\\/CL-V-RadioLitoral696.png\",\"contentUrl\":\"https:\\\/\\\/media.radiolitoral.com\\\/wp-content\\\/uploads\\\/2023\\\/02\\\/24143238\\\/CL-V-RadioLitoral696.png\",\"width\":696,\"height\":696,\"caption\":\"Radio Litoral\"},\"image\":{\"@id\":\"https:\\\/\\\/radiolitoral.com\\\/#\\\/schema\\\/logo\\\/image\\\/\"},\"sameAs\":[\"https:\\\/\\\/www.facebook.com\\\/Laradiolitoral\\\/\"]},{\"@type\":\"Person\",\"@id\":\"https:\\\/\\\/radiolitoral.com\\\/#\\\/schema\\\/person\\\/7b1480b5caeb5acdd4ec6379caf62b22\",\"name\":\"Javier Zamora\",\"image\":{\"@type\":\"ImageObject\",\"inLanguage\":\"ca\",\"@id\":\"https:\\\/\\\/secure.gravatar.com\\\/avatar\\\/467a11f6918c7d619c4043fc6fa2d3853053107973f05b6e9c04ea6c4e3a7b3f?s=96&d=mm&r=g\",\"url\":\"https:\\\/\\\/secure.gravatar.com\\\/avatar\\\/467a11f6918c7d619c4043fc6fa2d3853053107973f05b6e9c04ea6c4e3a7b3f?s=96&d=mm&r=g\",\"contentUrl\":\"https:\\\/\\\/secure.gravatar.com\\\/avatar\\\/467a11f6918c7d619c4043fc6fa2d3853053107973f05b6e9c04ea6c4e3a7b3f?s=96&d=mm&r=g\",\"caption\":\"Javier Zamora\"},\"url\":\"https:\\\/\\\/radiolitoral.com\\\/ca\\\/author\\\/javier-zamora\\\/\"}]}<\/script>\n<!-- \/ Yoast SEO plugin. -->","yoast_head_json":{"title":"Cau Toni Gonz\u00e1lez com a entrenador de la UD Calp | R\u00e0dio Litoral","description":"Els mals resultats i veure&#039;s en llocs de descens precipiten la sortida del club calp\u00ed Els mals resultats i veure&#039;s en llocs de descens precipiten la sortida del club calp\u00ed","robots":{"index":"index","follow":"follow","max-snippet":"max-snippet:-1","max-image-preview":"max-image-preview:large","max-video-preview":"max-video-preview:-1"},"canonical":"https:\/\/radiolitoral.com\/ca\/2025\/12\/cau-toni-gonzalez-com-a-entrenador-de-la-ut-calp\/","og_locale":"ca_ES","og_type":"article","og_title":"Cae Toni Gonz\u00e1lez como entrenador de la UD Calpe | R\u00e0dio Litoral","og_description":"Los malos resultados y verse en puestos de descenso precipitan su salida del club calpinoLos malos resultados y verse en puestos de descenso precipitan su salida del club calpino","og_url":"https:\/\/radiolitoral.com\/ca\/2025\/12\/cau-toni-gonzalez-com-a-entrenador-de-la-ut-calp\/","og_site_name":"R\u00e0dio Litoral","article_publisher":"https:\/\/www.facebook.com\/Laradiolitoral\/","article_published_time":"2025-12-09T09:03:55+00:00","og_image":[{"width":1440,"height":961,"url":"https:\/\/media.radiolitoral.com\/wp-content\/uploads\/2025\/12\/09100305\/Toni-Gonzalez-hablando-con-Chaca.jpg","type":"image\/jpeg"}],"author":"Javier Zamora","twitter_card":"summary_large_image","twitter_misc":{"Escrit per":"Javier Zamora","Temps estimat de lectura":"2 minuts"},"schema":{"@context":"https:\/\/schema.org","@graph":[{"@type":"NewsArticle","@id":"https:\/\/radiolitoral.com\/2025\/12\/cae-toni-gonzalez-como-entrenador-de-la-ud-calpe\/#article","isPartOf":{"@id":"https:\/\/radiolitoral.com\/2025\/12\/cae-toni-gonzalez-como-entrenador-de-la-ud-calpe\/"},"author":{"name":"Javier Zamora","@id":"https:\/\/radiolitoral.com\/#\/schema\/person\/7b1480b5caeb5acdd4ec6379caf62b22"},"headline":"Cae Toni Gonz\u00e1lez como entrenador de la UD Calpe","datePublished":"2025-12-09T09:03:55+00:00","mainEntityOfPage":{"@id":"https:\/\/radiolitoral.com\/2025\/12\/cae-toni-gonzalez-como-entrenador-de-la-ud-calpe\/"},"wordCount":331,"commentCount":0,"publisher":{"@id":"https:\/\/radiolitoral.com\/#organization"},"image":{"@id":"https:\/\/radiolitoral.com\/2025\/12\/cae-toni-gonzalez-como-entrenador-de-la-ud-calpe\/#primaryimage"},"thumbnailUrl":"https:\/\/media.radiolitoral.com\/wp-content\/uploads\/2025\/12\/09100305\/Toni-Gonzalez-hablando-con-Chaca.jpg","keywords":["deportes","Pedro Perles","Toni Gonz\u00e1lez","UD Calpe"],"articleSection":["Deportes"],"inLanguage":"ca","potentialAction":[{"@type":"CommentAction","name":"Comment","target":["https:\/\/radiolitoral.com\/2025\/12\/cae-toni-gonzalez-como-entrenador-de-la-ud-calpe\/#respond"]}]},{"@type":["WebPage","ItemPage"],"@id":"https:\/\/radiolitoral.com\/2025\/12\/cae-toni-gonzalez-como-entrenador-de-la-ud-calpe\/","url":"https:\/\/radiolitoral.com\/2025\/12\/cae-toni-gonzalez-como-entrenador-de-la-ud-calpe\/","name":"Cau Toni Gonz\u00e1lez com a entrenador de la UD Calp | R\u00e0dio Litoral","isPartOf":{"@id":"https:\/\/radiolitoral.com\/#website"},"primaryImageOfPage":{"@id":"https:\/\/radiolitoral.com\/2025\/12\/cae-toni-gonzalez-como-entrenador-de-la-ud-calpe\/#primaryimage"},"image":{"@id":"https:\/\/radiolitoral.com\/2025\/12\/cae-toni-gonzalez-como-entrenador-de-la-ud-calpe\/#primaryimage"},"thumbnailUrl":"https:\/\/media.radiolitoral.com\/wp-content\/uploads\/2025\/12\/09100305\/Toni-Gonzalez-hablando-con-Chaca.jpg","datePublished":"2025-12-09T09:03:55+00:00","description":"Els mals resultats i veure&#039;s en llocs de descens precipiten la sortida del club calp\u00ed Els mals resultats i veure&#039;s en llocs de descens precipiten la sortida del club calp\u00ed","breadcrumb":{"@id":"https:\/\/radiolitoral.com\/2025\/12\/cae-toni-gonzalez-como-entrenador-de-la-ud-calpe\/#breadcrumb"},"inLanguage":"ca","potentialAction":[{"@type":"ReadAction","target":["https:\/\/radiolitoral.com\/2025\/12\/cae-toni-gonzalez-como-entrenador-de-la-ud-calpe\/"]}]},{"@type":"ImageObject","inLanguage":"ca","@id":"https:\/\/radiolitoral.com\/2025\/12\/cae-toni-gonzalez-como-entrenador-de-la-ud-calpe\/#primaryimage","url":"https:\/\/media.radiolitoral.com\/wp-content\/uploads\/2025\/12\/09100305\/Toni-Gonzalez-hablando-con-Chaca.jpg","contentUrl":"https:\/\/media.radiolitoral.com\/wp-content\/uploads\/2025\/12\/09100305\/Toni-Gonzalez-hablando-con-Chaca.jpg","width":1440,"height":961},{"@type":"BreadcrumbList","@id":"https:\/\/radiolitoral.com\/2025\/12\/cae-toni-gonzalez-como-entrenador-de-la-ud-calpe\/#breadcrumb","itemListElement":[{"@type":"ListItem","position":1,"name":"Portada","item":"https:\/\/radiolitoral.com\/"},{"@type":"ListItem","position":2,"name":"Cae Toni Gonz\u00e1lez como entrenador de la UD Calpe"}]},{"@type":"WebSite","@id":"https:\/\/radiolitoral.com\/#website","url":"https:\/\/radiolitoral.com\/","name":"R\u00e0dio Litoral","description":"La r\u00e0dio local de la Marina Alta","publisher":{"@id":"https:\/\/radiolitoral.com\/#organization"},"alternateName":"Litoral FM","potentialAction":[{"@type":"SearchAction","target":{"@type":"EntryPoint","urlTemplate":"https:\/\/radiolitoral.com\/?s={search_term_string}"},"query-input":{"@type":"PropertyValueSpecification","valueRequired":true,"valueName":"search_term_string"}}],"inLanguage":"ca"},{"@type":"Organization","@id":"https:\/\/radiolitoral.com\/#organization","name":"R\u00e0dio Litoral","url":"https:\/\/radiolitoral.com\/","logo":{"@type":"ImageObject","inLanguage":"ca","@id":"https:\/\/radiolitoral.com\/#\/schema\/logo\/image\/","url":"https:\/\/media.radiolitoral.com\/wp-content\/uploads\/2023\/02\/24143238\/CL-V-RadioLitoral696.png","contentUrl":"https:\/\/media.radiolitoral.com\/wp-content\/uploads\/2023\/02\/24143238\/CL-V-RadioLitoral696.png","width":696,"height":696,"caption":"Radio Litoral"},"image":{"@id":"https:\/\/radiolitoral.com\/#\/schema\/logo\/image\/"},"sameAs":["https:\/\/www.facebook.com\/Laradiolitoral\/"]},{"@type":"Person","@id":"https:\/\/radiolitoral.com\/#\/schema\/person\/7b1480b5caeb5acdd4ec6379caf62b22","name":"Javier Zamora","image":{"@type":"ImageObject","inLanguage":"ca","@id":"https:\/\/secure.gravatar.com\/avatar\/467a11f6918c7d619c4043fc6fa2d3853053107973f05b6e9c04ea6c4e3a7b3f?s=96&d=mm&r=g","url":"https:\/\/secure.gravatar.com\/avatar\/467a11f6918c7d619c4043fc6fa2d3853053107973f05b6e9c04ea6c4e3a7b3f?s=96&d=mm&r=g","contentUrl":"https:\/\/secure.gravatar.com\/avatar\/467a11f6918c7d619c4043fc6fa2d3853053107973f05b6e9c04ea6c4e3a7b3f?s=96&d=mm&r=g","caption":"Javier Zamora"},"url":"https:\/\/radiolitoral.com\/ca\/author\/javier-zamora\/"}]}},"_links":{"self":[{"href":"https:\/\/radiolitoral.com\/ca\/wp-json\/wp\/v2\/posts\/19403","targetHints":{"allow":["GET"]}}],"collection":[{"href":"https:\/\/radiolitoral.com\/ca\/wp-json\/wp\/v2\/posts"}],"about":[{"href":"https:\/\/radiolitoral.com\/ca\/wp-json\/wp\/v2\/types\/post"}],"author":[{"embeddable":true,"href":"https:\/\/radiolitoral.com\/ca\/wp-json\/wp\/v2\/users\/12"}],"replies":[{"embeddable":true,"href":"https:\/\/radiolitoral.com\/ca\/wp-json\/wp\/v2\/comments?post=19403"}],"version-history":[{"count":2,"href":"https:\/\/radiolitoral.com\/ca\/wp-json\/wp\/v2\/posts\/19403\/revisions"}],"predecessor-version":[{"id":19406,"href":"https:\/\/radiolitoral.com\/ca\/wp-json\/wp\/v2\/posts\/19403\/revisions\/19406"}],"wp:featuredmedia":[{"embeddable":true,"href":"https:\/\/radiolitoral.com\/ca\/wp-json\/wp\/v2\/media\/19404"}],"wp:attachment":[{"href":"https:\/\/radiolitoral.com\/ca\/wp-json\/wp\/v2\/media?parent=19403"}],"wp:term":[{"taxonomy":"category","embeddable":true,"href":"https:\/\/radiolitoral.com\/ca\/wp-json\/wp\/v2\/categories?post=19403"},{"taxonomy":"post_tag","embeddable":true,"href":"https:\/\/radiolitoral.com\/ca\/wp-json\/wp\/v2\/tags?post=19403"}],"curies":[{"name":"wp","href":"https:\/\/api.w.org\/{rel}","templated":true}]}}