{"id":19396,"date":"2025-12-09T09:58:48","date_gmt":"2025-12-09T08:58:48","guid":{"rendered":"https:\/\/radiolitoral.com\/?p=19396"},"modified":"2025-12-09T09:58:48","modified_gmt":"2025-12-09T08:58:48","slug":"un-empat-amb-sabor-agredolc-per-a-la-ut-calp","status":"publish","type":"post","link":"https:\/\/radiolitoral.com\/ca\/2025\/12\/un-empate-con-sabor-agridulce-para-la-ud-calpe\/","title":{"rendered":"Un empat amb sabor agredol\u00e7 per a la UD Calp"},"content":{"rendered":"<p>La jornada de la <strong data-start=\"225\" data-end=\"244\">Lliga Comunitat<\/strong> va deixar sensacions enfrontades per als equips de la <strong data-start=\"297\" data-end=\"312\">Marina Alta<\/strong>, amb la derrota del <strong data-start=\"333\" data-end=\"345\">CD X\u00e0bia<\/strong> a casa i un nou empat de la <strong data-start=\"378\" data-end=\"390\">UD Calp<\/strong>, que perllonga la seva particular ratxa d&#039;igualades a la Lliga.<\/p>\n<h2><strong data-start=\"1806\" data-end=\"1849\">Ol\u00edmpic X\u00e0tiva-UD Calp (1-1)<\/strong><\/h2>\n<p data-start=\"1851\" data-end=\"2124\">La <strong data-start=\"1854\" data-end=\"1866\">UD Calp<\/strong> continua sense poder guanyar, per\u00f2 torna a sumar: <strong data-start=\"1914\" data-end=\"1921\">1-1<\/strong> davant del <strong data-start=\"1932\" data-end=\"1953\">Ol\u00edmpic de X\u00e0tiva<\/strong> a <em data-start=\"1957\" data-end=\"1967\">La Murta<\/em>, aconseguint aix\u00ed la seva <strong data-start=\"1987\" data-end=\"2020\">vuit\u00e8 empat de la temporada<\/strong>. Aquesta vegada, el conjunt calp\u00ed va deixar una imatge molt diferent de la mostrada dies abans a la Nostra Copa.<\/p>\n<p data-start=\"2126\" data-end=\"2333\">L&#039;equip calp\u00ed es va mostrar <strong data-start=\"2163\" data-end=\"2213\">ordenat, disciplinat i s\u00f2lid defensivament<\/strong>, dificultant l&#039;atac d&#039;un Ol\u00edmpic que es va estavellar repetidament contra la muralla calpina durant la primera meitat.<\/p>\n<p data-start=\"2335\" data-end=\"2619\">A la represa, els locals van intensificar la seva ofensiva mentre que el Calp \u00fanicament generava perill en accions a pilota parada. I precisament aix\u00ed va arribar el gol: al minut <strong data-start=\"2517\" data-end=\"2523\">77<\/strong>, una rematada de cap de <strong data-start=\"2548\" data-end=\"2558\">Adri\u00e0<\/strong> va sorprendre el porter local i es va convertir en el <strong data-start=\"2611\" data-end=\"2618\">0-1<\/strong>.<\/p>\n<p data-start=\"2621\" data-end=\"2843\">L&#039;Ol\u00edmpic es va llan\u00e7ar llavors amb tot a l&#039;atac, i al <strong data-start=\"2678\" data-end=\"2691\">minut 90<\/strong>, despr\u00e9s d&#039;una pilota morta a l&#039;\u00e0rea, <strong data-start=\"2726\" data-end=\"2735\">Kouma<\/strong> va aprofitar per anotar el <strong data-start=\"2761\" data-end=\"2779\">1-1 definitiu<\/strong>, evitant que el Calp s&#039;emport\u00e9s un triomf que ja acariciava.<\/p>\n<h2><strong data-start=\"456\" data-end=\"506\">CD X\u00e0bia-Independent Alacant (1-2)<\/strong><\/h2>\n<p data-start=\"508\" data-end=\"869\">El <strong data-start=\"511\" data-end=\"523\">CD X\u00e0bia<\/strong> no va poder brindar-li una alegria a la seva afici\u00f3 en perdre <strong data-start=\"577\" data-end=\"584\">1-2<\/strong> davant un <strong data-start=\"593\" data-end=\"619\">Independent Alacant<\/strong> molt efica\u00e7. L&#039;inici va ser trepidant: tots dos equips van buscar l&#039;\u00e0rea rival sense especular, i seria el conjunt visitant qui colpejaria primer. Una acci\u00f3 per la dreta va acabar amb un centre ras que <strong data-start=\"820\" data-end=\"830\">Felip<\/strong> va emp\u00e8nyer a porta buida per al <strong data-start=\"861\" data-end=\"868\">0-1<\/strong>.<\/p>\n<p data-start=\"871\" data-end=\"1236\">Pocs minuts despr\u00e9s, el X\u00e0bia va igualar el marcador en una jugada a pilota parada. <strong data-start=\"952\" data-end=\"959\">Edu<\/strong> va servir un centre mil\u00b7lim\u00e8tric que <strong data-start=\"993\" data-end=\"1008\">Joan Signes<\/strong> va rematar de cap per posar el <strong data-start=\"1040\" data-end=\"1047\">1-1<\/strong>. Despr\u00e9s de l&#039;empat, el partit es va estabilitzar sense ocasions clares, per\u00f2 a la mitja hora una falta lateral va permetre que <strong data-start=\"1162\" data-end=\"1172\">H\u00e8ctor<\/strong> rematar de cap el <strong data-start=\"1185\" data-end=\"1192\">1-2<\/strong>, resultat amb qu\u00e8 es va arribar al descans.<\/p>\n<p data-start=\"1238\" data-end=\"1493\">La segona meitat va estar marcada pel domini territorial del X\u00e0bia, que va tenir la possessi\u00f3 i va bolcar el joc per bandes. <strong data-start=\"1358\" data-end=\"1368\">Adri\u00e0<\/strong> i <strong data-start=\"1371\" data-end=\"1383\">Maverick<\/strong> van posar m\u00faltiples centres, per\u00f2 cap no va trobar rematador davant una defensa visitant molt s\u00f2lida i ordenada.<\/p>\n<p data-start=\"1495\" data-end=\"1796\">Finalment, el <strong data-start=\"1510\" data-end=\"1522\">CD X\u00e0bia<\/strong> va caure v\u00edctima de la seva <strong data-start=\"1542\" data-end=\"1573\">ansietat i manca d&#039;encert<\/strong> als metres finals. Tot i aix\u00f2, va destacar la pres\u00e8ncia a la banqueta de <strong data-start=\"1654\" data-end=\"1670\">Juliol Ivorra<\/strong>, t\u00e8cnic blanc-i-vermell, que va voler acompanyar els seus malgrat haver-se sotm\u00e8s a una intervenci\u00f3 quir\u00fargica aquesta mateixa setmana.<\/p>\n<p><script src=\"chrome-extension:\/\/flbolonkboilcbnohjlchlfgdalomdpl\/iFrame.js\" type=\"text\/javascript\"><\/script><\/p>","protected":false},"excerpt":{"rendered":"<p>La jornada de la Lliga Comunitat dej\u00f3 sensaciones enfrentadas para los equipos de la Marina Alta, con la derrota del CD J\u00e1vea en casa y un nuevo empate de la UD Calpe, que prolonga su particular racha de igualadas en Liga. Ol\u00edmpic X\u00e1tiva-UD Calpe (1-1) La UD Calpe contin\u00faa sin poder ganar, pero vuelve a [&#8230;]<\/p>\n<p><a class=\"btn btn-secondary understrap-read-more-link\" href=\"https:\/\/radiolitoral.com\/ca\/2025\/12\/un-empate-con-sabor-agridulce-para-la-ud-calpe\/\">Continua llegint&#8230;<span class=\"screen-reader-text\"> from Un empate con sabor agridulce para la UD Calpe<\/span><\/a><\/p>\n","protected":false},"author":12,"featured_media":19399,"comment_status":"open","ping_status":"closed","sticky":false,"template":"","format":"standard","meta":{"_acf_changed":false,"inline_featured_image":false,"footnotes":""},"categories":[5],"tags":[1332,6,891,1503,1585,889],"class_list":["post-19396","post","type-post","status-publish","format-standard","has-post-thumbnail","hentry","category-deportes","tag-cd-javea","tag-deportes","tag-independiente-alicante","tag-julio-ivorra","tag-olimpic-xativa","tag-ud-calpe","cobertura-calp","cobertura-xabia"],"acf":[],"yoast_head":"<!-- This site is optimized with the Yoast SEO plugin v27.4 - https:\/\/yoast.com\/product\/yoast-seo-wordpress\/ -->\n<title>Un empate con sabor agridulce para la UD Calpe | R\u00e0dio Litoral<\/title>\n<meta name=\"description\" content=\"Los calpinos vieron como los setabenses igualaron el choque (1-1), en el \u00faltimo ataque del partidoLos calpinos vieron como los setabenses igualaron el choque (1-1), en el \u00faltimo ataque del partido\" \/>\n<meta name=\"robots\" content=\"index, follow, max-snippet:-1, max-image-preview:large, max-video-preview:-1\" \/>\n<link rel=\"canonical\" href=\"https:\/\/radiolitoral.com\/ca\/2025\/12\/un-empat-amb-sabor-agredolc-per-a-la-ut-calp\/\" \/>\n<meta property=\"og:locale\" content=\"ca_ES\" \/>\n<meta property=\"og:type\" content=\"article\" \/>\n<meta property=\"og:title\" content=\"Un empate con sabor agridulce para la UD Calpe | R\u00e0dio Litoral\" \/>\n<meta property=\"og:description\" content=\"Los calpinos vieron como los setabenses igualaron el choque (1-1), en el \u00faltimo ataque del partidoLos calpinos vieron como los setabenses igualaron el choque (1-1), en el \u00faltimo ataque del partido\" \/>\n<meta property=\"og:url\" content=\"https:\/\/radiolitoral.com\/ca\/2025\/12\/un-empat-amb-sabor-agredolc-per-a-la-ut-calp\/\" \/>\n<meta property=\"og:site_name\" content=\"R\u00e0dio Litoral\" \/>\n<meta property=\"article:publisher\" content=\"https:\/\/www.facebook.com\/Laradiolitoral\/\" \/>\n<meta property=\"article:published_time\" content=\"2025-12-09T08:58:48+00:00\" \/>\n<meta property=\"og:image\" content=\"https:\/\/media.radiolitoral.com\/wp-content\/uploads\/2025\/12\/09095804\/527453853_18158046433373693_4141525388001382172_n.jpg\" \/>\n\t<meta property=\"og:image:width\" content=\"1200\" \/>\n\t<meta property=\"og:image:height\" content=\"900\" \/>\n\t<meta property=\"og:image:type\" content=\"image\/jpeg\" \/>\n<meta name=\"author\" content=\"Javier Zamora\" \/>\n<meta name=\"twitter:card\" content=\"summary_large_image\" \/>\n<meta name=\"twitter:label1\" content=\"Escrit per\" \/>\n\t<meta name=\"twitter:data1\" content=\"Javier Zamora\" \/>\n\t<meta name=\"twitter:label2\" content=\"Temps estimat de lectura\" \/>\n\t<meta name=\"twitter:data2\" content=\"3 minuts\" \/>\n<script type=\"application\/ld+json\" class=\"yoast-schema-graph\">{\"@context\":\"https:\\\/\\\/schema.org\",\"@graph\":[{\"@type\":\"NewsArticle\",\"@id\":\"https:\\\/\\\/radiolitoral.com\\\/2025\\\/12\\\/un-empate-con-sabor-agridulce-para-la-ud-calpe\\\/#article\",\"isPartOf\":{\"@id\":\"https:\\\/\\\/radiolitoral.com\\\/2025\\\/12\\\/un-empate-con-sabor-agridulce-para-la-ud-calpe\\\/\"},\"author\":{\"name\":\"Javier Zamora\",\"@id\":\"https:\\\/\\\/radiolitoral.com\\\/#\\\/schema\\\/person\\\/7b1480b5caeb5acdd4ec6379caf62b22\"},\"headline\":\"Un empate con sabor agridulce para la UD Calpe\",\"datePublished\":\"2025-12-09T08:58:48+00:00\",\"mainEntityOfPage\":{\"@id\":\"https:\\\/\\\/radiolitoral.com\\\/2025\\\/12\\\/un-empate-con-sabor-agridulce-para-la-ud-calpe\\\/\"},\"wordCount\":462,\"commentCount\":0,\"publisher\":{\"@id\":\"https:\\\/\\\/radiolitoral.com\\\/#organization\"},\"image\":{\"@id\":\"https:\\\/\\\/radiolitoral.com\\\/2025\\\/12\\\/un-empate-con-sabor-agridulce-para-la-ud-calpe\\\/#primaryimage\"},\"thumbnailUrl\":\"https:\\\/\\\/media.radiolitoral.com\\\/wp-content\\\/uploads\\\/2025\\\/12\\\/09095804\\\/527453853_18158046433373693_4141525388001382172_n.jpg\",\"keywords\":[\"CD J\u00e1vea\",\"deportes\",\"Independiente Alicante\",\"Julio Ivorra\",\"Ol\u00edmpic\u00a0X\u00e1tiva\",\"UD Calpe\"],\"articleSection\":[\"Deportes\"],\"inLanguage\":\"ca\",\"potentialAction\":[{\"@type\":\"CommentAction\",\"name\":\"Comment\",\"target\":[\"https:\\\/\\\/radiolitoral.com\\\/2025\\\/12\\\/un-empate-con-sabor-agridulce-para-la-ud-calpe\\\/#respond\"]}]},{\"@type\":[\"WebPage\",\"ItemPage\"],\"@id\":\"https:\\\/\\\/radiolitoral.com\\\/2025\\\/12\\\/un-empate-con-sabor-agridulce-para-la-ud-calpe\\\/\",\"url\":\"https:\\\/\\\/radiolitoral.com\\\/2025\\\/12\\\/un-empate-con-sabor-agridulce-para-la-ud-calpe\\\/\",\"name\":\"Un empate con sabor agridulce para la UD Calpe | R\u00e0dio Litoral\",\"isPartOf\":{\"@id\":\"https:\\\/\\\/radiolitoral.com\\\/#website\"},\"primaryImageOfPage\":{\"@id\":\"https:\\\/\\\/radiolitoral.com\\\/2025\\\/12\\\/un-empate-con-sabor-agridulce-para-la-ud-calpe\\\/#primaryimage\"},\"image\":{\"@id\":\"https:\\\/\\\/radiolitoral.com\\\/2025\\\/12\\\/un-empate-con-sabor-agridulce-para-la-ud-calpe\\\/#primaryimage\"},\"thumbnailUrl\":\"https:\\\/\\\/media.radiolitoral.com\\\/wp-content\\\/uploads\\\/2025\\\/12\\\/09095804\\\/527453853_18158046433373693_4141525388001382172_n.jpg\",\"datePublished\":\"2025-12-09T08:58:48+00:00\",\"description\":\"Los calpinos vieron como los setabenses igualaron el choque (1-1), en el \u00faltimo ataque del partidoLos calpinos vieron como los setabenses igualaron el choque (1-1), en el \u00faltimo ataque del partido\",\"breadcrumb\":{\"@id\":\"https:\\\/\\\/radiolitoral.com\\\/2025\\\/12\\\/un-empate-con-sabor-agridulce-para-la-ud-calpe\\\/#breadcrumb\"},\"inLanguage\":\"ca\",\"potentialAction\":[{\"@type\":\"ReadAction\",\"target\":[\"https:\\\/\\\/radiolitoral.com\\\/2025\\\/12\\\/un-empate-con-sabor-agridulce-para-la-ud-calpe\\\/\"]}]},{\"@type\":\"ImageObject\",\"inLanguage\":\"ca\",\"@id\":\"https:\\\/\\\/radiolitoral.com\\\/2025\\\/12\\\/un-empate-con-sabor-agridulce-para-la-ud-calpe\\\/#primaryimage\",\"url\":\"https:\\\/\\\/media.radiolitoral.com\\\/wp-content\\\/uploads\\\/2025\\\/12\\\/09095804\\\/527453853_18158046433373693_4141525388001382172_n.jpg\",\"contentUrl\":\"https:\\\/\\\/media.radiolitoral.com\\\/wp-content\\\/uploads\\\/2025\\\/12\\\/09095804\\\/527453853_18158046433373693_4141525388001382172_n.jpg\",\"width\":1200,\"height\":900},{\"@type\":\"BreadcrumbList\",\"@id\":\"https:\\\/\\\/radiolitoral.com\\\/2025\\\/12\\\/un-empate-con-sabor-agridulce-para-la-ud-calpe\\\/#breadcrumb\",\"itemListElement\":[{\"@type\":\"ListItem\",\"position\":1,\"name\":\"Portada\",\"item\":\"https:\\\/\\\/radiolitoral.com\\\/\"},{\"@type\":\"ListItem\",\"position\":2,\"name\":\"Un empate con sabor agridulce para la UD Calpe\"}]},{\"@type\":\"WebSite\",\"@id\":\"https:\\\/\\\/radiolitoral.com\\\/#website\",\"url\":\"https:\\\/\\\/radiolitoral.com\\\/\",\"name\":\"Radio Litoral\",\"description\":\"La radio local de la Marina Alta\",\"publisher\":{\"@id\":\"https:\\\/\\\/radiolitoral.com\\\/#organization\"},\"alternateName\":\"Litoral FM\",\"potentialAction\":[{\"@type\":\"SearchAction\",\"target\":{\"@type\":\"EntryPoint\",\"urlTemplate\":\"https:\\\/\\\/radiolitoral.com\\\/?s={search_term_string}\"},\"query-input\":{\"@type\":\"PropertyValueSpecification\",\"valueRequired\":true,\"valueName\":\"search_term_string\"}}],\"inLanguage\":\"ca\"},{\"@type\":\"Organization\",\"@id\":\"https:\\\/\\\/radiolitoral.com\\\/#organization\",\"name\":\"Radio Litoral\",\"url\":\"https:\\\/\\\/radiolitoral.com\\\/\",\"logo\":{\"@type\":\"ImageObject\",\"inLanguage\":\"ca\",\"@id\":\"https:\\\/\\\/radiolitoral.com\\\/#\\\/schema\\\/logo\\\/image\\\/\",\"url\":\"https:\\\/\\\/media.radiolitoral.com\\\/wp-content\\\/uploads\\\/2023\\\/02\\\/24143238\\\/CL-V-RadioLitoral696.png\",\"contentUrl\":\"https:\\\/\\\/media.radiolitoral.com\\\/wp-content\\\/uploads\\\/2023\\\/02\\\/24143238\\\/CL-V-RadioLitoral696.png\",\"width\":696,\"height\":696,\"caption\":\"Radio Litoral\"},\"image\":{\"@id\":\"https:\\\/\\\/radiolitoral.com\\\/#\\\/schema\\\/logo\\\/image\\\/\"},\"sameAs\":[\"https:\\\/\\\/www.facebook.com\\\/Laradiolitoral\\\/\"]},{\"@type\":\"Person\",\"@id\":\"https:\\\/\\\/radiolitoral.com\\\/#\\\/schema\\\/person\\\/7b1480b5caeb5acdd4ec6379caf62b22\",\"name\":\"Javier Zamora\",\"image\":{\"@type\":\"ImageObject\",\"inLanguage\":\"ca\",\"@id\":\"https:\\\/\\\/secure.gravatar.com\\\/avatar\\\/467a11f6918c7d619c4043fc6fa2d3853053107973f05b6e9c04ea6c4e3a7b3f?s=96&d=mm&r=g\",\"url\":\"https:\\\/\\\/secure.gravatar.com\\\/avatar\\\/467a11f6918c7d619c4043fc6fa2d3853053107973f05b6e9c04ea6c4e3a7b3f?s=96&d=mm&r=g\",\"contentUrl\":\"https:\\\/\\\/secure.gravatar.com\\\/avatar\\\/467a11f6918c7d619c4043fc6fa2d3853053107973f05b6e9c04ea6c4e3a7b3f?s=96&d=mm&r=g\",\"caption\":\"Javier Zamora\"},\"url\":\"https:\\\/\\\/radiolitoral.com\\\/ca\\\/author\\\/javier-zamora\\\/\"}]}<\/script>\n<!-- \/ Yoast SEO plugin. -->","yoast_head_json":{"title":"Un empat amb sabor agredol\u00e7 per a la UD Calp | R\u00e0dio Litoral","description":"Els calpins van veure com els xativins van igualar el xoc (1-1), a l&#039;\u00faltim atac del partitEls calpins van veure com els xativins van igualar el xoc (1-1), a l&#039;\u00faltim atac del partit","robots":{"index":"index","follow":"follow","max-snippet":"max-snippet:-1","max-image-preview":"max-image-preview:large","max-video-preview":"max-video-preview:-1"},"canonical":"https:\/\/radiolitoral.com\/ca\/2025\/12\/un-empat-amb-sabor-agredolc-per-a-la-ut-calp\/","og_locale":"ca_ES","og_type":"article","og_title":"Un empate con sabor agridulce para la UD Calpe | R\u00e0dio Litoral","og_description":"Los calpinos vieron como los setabenses igualaron el choque (1-1), en el \u00faltimo ataque del partidoLos calpinos vieron como los setabenses igualaron el choque (1-1), en el \u00faltimo ataque del partido","og_url":"https:\/\/radiolitoral.com\/ca\/2025\/12\/un-empat-amb-sabor-agredolc-per-a-la-ut-calp\/","og_site_name":"R\u00e0dio Litoral","article_publisher":"https:\/\/www.facebook.com\/Laradiolitoral\/","article_published_time":"2025-12-09T08:58:48+00:00","og_image":[{"width":1200,"height":900,"url":"https:\/\/media.radiolitoral.com\/wp-content\/uploads\/2025\/12\/09095804\/527453853_18158046433373693_4141525388001382172_n.jpg","type":"image\/jpeg"}],"author":"Javier Zamora","twitter_card":"summary_large_image","twitter_misc":{"Escrit per":"Javier Zamora","Temps estimat de lectura":"3 minuts"},"schema":{"@context":"https:\/\/schema.org","@graph":[{"@type":"NewsArticle","@id":"https:\/\/radiolitoral.com\/2025\/12\/un-empate-con-sabor-agridulce-para-la-ud-calpe\/#article","isPartOf":{"@id":"https:\/\/radiolitoral.com\/2025\/12\/un-empate-con-sabor-agridulce-para-la-ud-calpe\/"},"author":{"name":"Javier Zamora","@id":"https:\/\/radiolitoral.com\/#\/schema\/person\/7b1480b5caeb5acdd4ec6379caf62b22"},"headline":"Un empate con sabor agridulce para la UD Calpe","datePublished":"2025-12-09T08:58:48+00:00","mainEntityOfPage":{"@id":"https:\/\/radiolitoral.com\/2025\/12\/un-empate-con-sabor-agridulce-para-la-ud-calpe\/"},"wordCount":462,"commentCount":0,"publisher":{"@id":"https:\/\/radiolitoral.com\/#organization"},"image":{"@id":"https:\/\/radiolitoral.com\/2025\/12\/un-empate-con-sabor-agridulce-para-la-ud-calpe\/#primaryimage"},"thumbnailUrl":"https:\/\/media.radiolitoral.com\/wp-content\/uploads\/2025\/12\/09095804\/527453853_18158046433373693_4141525388001382172_n.jpg","keywords":["CD J\u00e1vea","deportes","Independiente Alicante","Julio Ivorra","Ol\u00edmpic\u00a0X\u00e1tiva","UD Calpe"],"articleSection":["Deportes"],"inLanguage":"ca","potentialAction":[{"@type":"CommentAction","name":"Comment","target":["https:\/\/radiolitoral.com\/2025\/12\/un-empate-con-sabor-agridulce-para-la-ud-calpe\/#respond"]}]},{"@type":["WebPage","ItemPage"],"@id":"https:\/\/radiolitoral.com\/2025\/12\/un-empate-con-sabor-agridulce-para-la-ud-calpe\/","url":"https:\/\/radiolitoral.com\/2025\/12\/un-empate-con-sabor-agridulce-para-la-ud-calpe\/","name":"Un empat amb sabor agredol\u00e7 per a la UD Calp | R\u00e0dio Litoral","isPartOf":{"@id":"https:\/\/radiolitoral.com\/#website"},"primaryImageOfPage":{"@id":"https:\/\/radiolitoral.com\/2025\/12\/un-empate-con-sabor-agridulce-para-la-ud-calpe\/#primaryimage"},"image":{"@id":"https:\/\/radiolitoral.com\/2025\/12\/un-empate-con-sabor-agridulce-para-la-ud-calpe\/#primaryimage"},"thumbnailUrl":"https:\/\/media.radiolitoral.com\/wp-content\/uploads\/2025\/12\/09095804\/527453853_18158046433373693_4141525388001382172_n.jpg","datePublished":"2025-12-09T08:58:48+00:00","description":"Els calpins van veure com els xativins van igualar el xoc (1-1), a l&#039;\u00faltim atac del partitEls calpins van veure com els xativins van igualar el xoc (1-1), a l&#039;\u00faltim atac del partit","breadcrumb":{"@id":"https:\/\/radiolitoral.com\/2025\/12\/un-empate-con-sabor-agridulce-para-la-ud-calpe\/#breadcrumb"},"inLanguage":"ca","potentialAction":[{"@type":"ReadAction","target":["https:\/\/radiolitoral.com\/2025\/12\/un-empate-con-sabor-agridulce-para-la-ud-calpe\/"]}]},{"@type":"ImageObject","inLanguage":"ca","@id":"https:\/\/radiolitoral.com\/2025\/12\/un-empate-con-sabor-agridulce-para-la-ud-calpe\/#primaryimage","url":"https:\/\/media.radiolitoral.com\/wp-content\/uploads\/2025\/12\/09095804\/527453853_18158046433373693_4141525388001382172_n.jpg","contentUrl":"https:\/\/media.radiolitoral.com\/wp-content\/uploads\/2025\/12\/09095804\/527453853_18158046433373693_4141525388001382172_n.jpg","width":1200,"height":900},{"@type":"BreadcrumbList","@id":"https:\/\/radiolitoral.com\/2025\/12\/un-empate-con-sabor-agridulce-para-la-ud-calpe\/#breadcrumb","itemListElement":[{"@type":"ListItem","position":1,"name":"Portada","item":"https:\/\/radiolitoral.com\/"},{"@type":"ListItem","position":2,"name":"Un empate con sabor agridulce para la UD Calpe"}]},{"@type":"WebSite","@id":"https:\/\/radiolitoral.com\/#website","url":"https:\/\/radiolitoral.com\/","name":"R\u00e0dio Litoral","description":"La r\u00e0dio local de la Marina Alta","publisher":{"@id":"https:\/\/radiolitoral.com\/#organization"},"alternateName":"Litoral FM","potentialAction":[{"@type":"SearchAction","target":{"@type":"EntryPoint","urlTemplate":"https:\/\/radiolitoral.com\/?s={search_term_string}"},"query-input":{"@type":"PropertyValueSpecification","valueRequired":true,"valueName":"search_term_string"}}],"inLanguage":"ca"},{"@type":"Organization","@id":"https:\/\/radiolitoral.com\/#organization","name":"R\u00e0dio Litoral","url":"https:\/\/radiolitoral.com\/","logo":{"@type":"ImageObject","inLanguage":"ca","@id":"https:\/\/radiolitoral.com\/#\/schema\/logo\/image\/","url":"https:\/\/media.radiolitoral.com\/wp-content\/uploads\/2023\/02\/24143238\/CL-V-RadioLitoral696.png","contentUrl":"https:\/\/media.radiolitoral.com\/wp-content\/uploads\/2023\/02\/24143238\/CL-V-RadioLitoral696.png","width":696,"height":696,"caption":"Radio Litoral"},"image":{"@id":"https:\/\/radiolitoral.com\/#\/schema\/logo\/image\/"},"sameAs":["https:\/\/www.facebook.com\/Laradiolitoral\/"]},{"@type":"Person","@id":"https:\/\/radiolitoral.com\/#\/schema\/person\/7b1480b5caeb5acdd4ec6379caf62b22","name":"Javier Zamora","image":{"@type":"ImageObject","inLanguage":"ca","@id":"https:\/\/secure.gravatar.com\/avatar\/467a11f6918c7d619c4043fc6fa2d3853053107973f05b6e9c04ea6c4e3a7b3f?s=96&d=mm&r=g","url":"https:\/\/secure.gravatar.com\/avatar\/467a11f6918c7d619c4043fc6fa2d3853053107973f05b6e9c04ea6c4e3a7b3f?s=96&d=mm&r=g","contentUrl":"https:\/\/secure.gravatar.com\/avatar\/467a11f6918c7d619c4043fc6fa2d3853053107973f05b6e9c04ea6c4e3a7b3f?s=96&d=mm&r=g","caption":"Javier Zamora"},"url":"https:\/\/radiolitoral.com\/ca\/author\/javier-zamora\/"}]}},"_links":{"self":[{"href":"https:\/\/radiolitoral.com\/ca\/wp-json\/wp\/v2\/posts\/19396","targetHints":{"allow":["GET"]}}],"collection":[{"href":"https:\/\/radiolitoral.com\/ca\/wp-json\/wp\/v2\/posts"}],"about":[{"href":"https:\/\/radiolitoral.com\/ca\/wp-json\/wp\/v2\/types\/post"}],"author":[{"embeddable":true,"href":"https:\/\/radiolitoral.com\/ca\/wp-json\/wp\/v2\/users\/12"}],"replies":[{"embeddable":true,"href":"https:\/\/radiolitoral.com\/ca\/wp-json\/wp\/v2\/comments?post=19396"}],"version-history":[{"count":2,"href":"https:\/\/radiolitoral.com\/ca\/wp-json\/wp\/v2\/posts\/19396\/revisions"}],"predecessor-version":[{"id":19401,"href":"https:\/\/radiolitoral.com\/ca\/wp-json\/wp\/v2\/posts\/19396\/revisions\/19401"}],"wp:featuredmedia":[{"embeddable":true,"href":"https:\/\/radiolitoral.com\/ca\/wp-json\/wp\/v2\/media\/19399"}],"wp:attachment":[{"href":"https:\/\/radiolitoral.com\/ca\/wp-json\/wp\/v2\/media?parent=19396"}],"wp:term":[{"taxonomy":"category","embeddable":true,"href":"https:\/\/radiolitoral.com\/ca\/wp-json\/wp\/v2\/categories?post=19396"},{"taxonomy":"post_tag","embeddable":true,"href":"https:\/\/radiolitoral.com\/ca\/wp-json\/wp\/v2\/tags?post=19396"}],"curies":[{"name":"wp","href":"https:\/\/api.w.org\/{rel}","templated":true}]}}