{"id":1936,"date":"2023-04-03T16:03:42","date_gmt":"2023-04-03T14:03:42","guid":{"rendered":"https:\/\/radiolitoral.com\/?p=1936"},"modified":"2023-04-03T16:05:14","modified_gmt":"2023-04-03T14:05:14","slug":"el-pla-edificant-de-conselleria-aportes-inversions-per-als-centres-educatius","status":"publish","type":"post","link":"https:\/\/radiolitoral.com\/ca\/2023\/04\/el-pla-edificant-de-conselleria-aportara-inversiones-para-los-centros-educativos\/","title":{"rendered":"El Pla Edificant de Conselleria aportar\u00e0 inversions per a centres educatius"},"content":{"rendered":"<p><strong>Conselleria d&#039;Educaci\u00f3 ha informat de l&#039;adjudicaci\u00f3 de 146,4 milions d&#039;euros m\u00e9s del pla Edificant per construir o realitzar millores importants en un total de 29 centres educatius de 15 comarques valencianes.<\/strong> Un llistat on hi ha diferents actuacions que beneficiaran les comunitats educatives de la Marina Alta. En concret, a la nostra comarca s?invertiran 6,5 milions d?euros en tres noves \u00abgrans actuacions\u00bb. Una \u00e9s la construcci\u00f3 en una parcel\u00b7la diferent de l&#039;actual del <strong>CEIP Joanot Martorell de la Vall de Gallinera<\/strong>, amb una inversi\u00f3 de 1,5 milions d&#039;euros.<\/p>\n<p>Les altres dues suposen, \u00abdeixar com a nou\u00bb al <strong>IES Matem\u00e0tic Vicent Caselles, a Gata<\/strong> , on s&#039;escometr\u00e0 una ampliaci\u00f3 i reforma de les instal\u00b7lacions per un muntant de 3,9 milions d&#039;euros. I tirar endavant un projecte de millora del <strong>CEIP El Carrascar de Parcent<\/strong>, en qu\u00e8 s&#039;invertiran 1,1 milions d&#039;euros en una reforma integral.<\/p>","protected":false},"excerpt":{"rendered":"<p>Conselleria de Educaci\u00f3n ha informado de la adjudicaci\u00f3n de otros 146,4 millones de euros del plan Edificant para construir o realizar mejoras importantes en un total de 29 centros educativos de 15 comarcas valencianas. Un listado donde se encuentran distintas actuaciones que beneficiar\u00e1n a las comunidades educativas de la Marina Alta. En concreto, en nuestra [&#8230;]<\/p>\n<p><a class=\"btn btn-secondary understrap-read-more-link\" href=\"https:\/\/radiolitoral.com\/ca\/2023\/04\/el-pla-edificant-de-conselleria-aportara-inversiones-para-los-centros-educativos\/\">Continua llegint&#8230;<span class=\"screen-reader-text\"> from El Pla Edificant de Conselleria aportar\u00e1 inversiones para centros educativos<\/span><\/a><\/p>\n","protected":false},"author":21,"featured_media":1938,"comment_status":"open","ping_status":"closed","sticky":false,"template":"","format":"standard","meta":{"_acf_changed":false,"inline_featured_image":false,"footnotes":""},"categories":[100],"tags":[161,428,430,429,314],"class_list":["post-1936","post","type-post","status-publish","format-standard","has-post-thumbnail","hentry","category-obras","tag-elecciones-2023","tag-inversiones","tag-inversiones-educativas","tag-inversiones-marina-alta","tag-marina-alta","cobertura-marina-alta"],"acf":[],"yoast_head":"<!-- This site is optimized with the Yoast SEO plugin v27.5 - https:\/\/yoast.com\/product\/yoast-seo-wordpress\/ -->\n<title>El Pla Edificant de Conselleria aportar\u00e1 inversiones para centros educativos | R\u00e0dio Litoral<\/title>\n<meta name=\"description\" content=\"Para CEIP Joanot Martorell de Vall de Gallinera, IES Matem\u00e0tic Vicent Caselles de Gata y CEIP El Carrascal de Parcent Para CEIP Joanot Martorell de Vall de Gallinera, IES Matem\u00e0tic Vicent Caselles de Gata y CEIP El Carrascal de Parcent\" \/>\n<meta name=\"robots\" content=\"index, follow, max-snippet:-1, max-image-preview:large, max-video-preview:-1\" \/>\n<link rel=\"canonical\" href=\"https:\/\/radiolitoral.com\/ca\/2023\/04\/el-pla-edificant-de-conselleria-aportes-inversions-per-als-centres-educatius\/\" \/>\n<meta property=\"og:locale\" content=\"ca_ES\" \/>\n<meta property=\"og:type\" content=\"article\" \/>\n<meta property=\"og:title\" content=\"El Pla Edificant de Conselleria aportar\u00e1 inversiones para centros educativos | R\u00e0dio Litoral\" \/>\n<meta property=\"og:description\" content=\"Para CEIP Joanot Martorell de Vall de Gallinera, IES Matem\u00e0tic Vicent Caselles de Gata y CEIP El Carrascal de Parcent Para CEIP Joanot Martorell de Vall de Gallinera, IES Matem\u00e0tic Vicent Caselles de Gata y CEIP El Carrascal de Parcent\" \/>\n<meta property=\"og:url\" content=\"https:\/\/radiolitoral.com\/ca\/2023\/04\/el-pla-edificant-de-conselleria-aportes-inversions-per-als-centres-educatius\/\" \/>\n<meta property=\"og:site_name\" content=\"R\u00e0dio Litoral\" \/>\n<meta property=\"article:publisher\" content=\"https:\/\/www.facebook.com\/Laradiolitoral\/\" \/>\n<meta property=\"article:published_time\" content=\"2023-04-03T14:03:42+00:00\" \/>\n<meta property=\"article:modified_time\" content=\"2023-04-03T14:05:14+00:00\" \/>\n<meta property=\"og:image\" content=\"https:\/\/media.radiolitoral.com\/wp-content\/uploads\/2023\/04\/03160337\/Logo-Edificant.jpeg\" \/>\n\t<meta property=\"og:image:width\" content=\"1350\" \/>\n\t<meta property=\"og:image:height\" content=\"804\" \/>\n\t<meta property=\"og:image:type\" content=\"image\/jpeg\" \/>\n<meta name=\"author\" content=\"Mel Pescuezo\" \/>\n<meta name=\"twitter:card\" content=\"summary_large_image\" \/>\n<meta name=\"twitter:label1\" content=\"Escrit per\" \/>\n\t<meta name=\"twitter:data1\" content=\"Mel Pescuezo\" \/>\n\t<meta name=\"twitter:label2\" content=\"Temps estimat de lectura\" \/>\n\t<meta name=\"twitter:data2\" content=\"1 minut\" \/>\n<script type=\"application\/ld+json\" class=\"yoast-schema-graph\">{\"@context\":\"https:\\\/\\\/schema.org\",\"@graph\":[{\"@type\":\"NewsArticle\",\"@id\":\"https:\\\/\\\/radiolitoral.com\\\/2023\\\/04\\\/el-pla-edificant-de-conselleria-aportara-inversiones-para-los-centros-educativos\\\/#article\",\"isPartOf\":{\"@id\":\"https:\\\/\\\/radiolitoral.com\\\/2023\\\/04\\\/el-pla-edificant-de-conselleria-aportara-inversiones-para-los-centros-educativos\\\/\"},\"author\":{\"name\":\"Mel Pescuezo\",\"@id\":\"https:\\\/\\\/radiolitoral.com\\\/#\\\/schema\\\/person\\\/aad4f72efa404f85b68e832d24cac059\"},\"headline\":\"El Pla Edificant de Conselleria aportar\u00e1 inversiones para centros educativos\",\"datePublished\":\"2023-04-03T14:03:42+00:00\",\"dateModified\":\"2023-04-03T14:05:14+00:00\",\"mainEntityOfPage\":{\"@id\":\"https:\\\/\\\/radiolitoral.com\\\/2023\\\/04\\\/el-pla-edificant-de-conselleria-aportara-inversiones-para-los-centros-educativos\\\/\"},\"wordCount\":165,\"commentCount\":0,\"publisher\":{\"@id\":\"https:\\\/\\\/radiolitoral.com\\\/#organization\"},\"image\":{\"@id\":\"https:\\\/\\\/radiolitoral.com\\\/2023\\\/04\\\/el-pla-edificant-de-conselleria-aportara-inversiones-para-los-centros-educativos\\\/#primaryimage\"},\"thumbnailUrl\":\"https:\\\/\\\/media.radiolitoral.com\\\/wp-content\\\/uploads\\\/2023\\\/04\\\/03160337\\\/Logo-Edificant.jpeg\",\"keywords\":[\"elecciones 2023\",\"inversiones\",\"inversiones educativas\",\"inversiones Marina Alta\",\"Marina Alta\"],\"articleSection\":[\"Obras\"],\"inLanguage\":\"ca\",\"potentialAction\":[{\"@type\":\"CommentAction\",\"name\":\"Comment\",\"target\":[\"https:\\\/\\\/radiolitoral.com\\\/2023\\\/04\\\/el-pla-edificant-de-conselleria-aportara-inversiones-para-los-centros-educativos\\\/#respond\"]}]},{\"@type\":[\"WebPage\",\"ItemPage\"],\"@id\":\"https:\\\/\\\/radiolitoral.com\\\/2023\\\/04\\\/el-pla-edificant-de-conselleria-aportara-inversiones-para-los-centros-educativos\\\/\",\"url\":\"https:\\\/\\\/radiolitoral.com\\\/2023\\\/04\\\/el-pla-edificant-de-conselleria-aportara-inversiones-para-los-centros-educativos\\\/\",\"name\":\"El Pla Edificant de Conselleria aportar\u00e1 inversiones para centros educativos | R\u00e0dio Litoral\",\"isPartOf\":{\"@id\":\"https:\\\/\\\/radiolitoral.com\\\/#website\"},\"primaryImageOfPage\":{\"@id\":\"https:\\\/\\\/radiolitoral.com\\\/2023\\\/04\\\/el-pla-edificant-de-conselleria-aportara-inversiones-para-los-centros-educativos\\\/#primaryimage\"},\"image\":{\"@id\":\"https:\\\/\\\/radiolitoral.com\\\/2023\\\/04\\\/el-pla-edificant-de-conselleria-aportara-inversiones-para-los-centros-educativos\\\/#primaryimage\"},\"thumbnailUrl\":\"https:\\\/\\\/media.radiolitoral.com\\\/wp-content\\\/uploads\\\/2023\\\/04\\\/03160337\\\/Logo-Edificant.jpeg\",\"datePublished\":\"2023-04-03T14:03:42+00:00\",\"dateModified\":\"2023-04-03T14:05:14+00:00\",\"description\":\"Para CEIP Joanot Martorell de Vall de Gallinera, IES Matem\u00e0tic Vicent Caselles de Gata y CEIP El Carrascal de Parcent Para CEIP Joanot Martorell de Vall de Gallinera, IES Matem\u00e0tic Vicent Caselles de Gata y CEIP El Carrascal de Parcent\",\"breadcrumb\":{\"@id\":\"https:\\\/\\\/radiolitoral.com\\\/2023\\\/04\\\/el-pla-edificant-de-conselleria-aportara-inversiones-para-los-centros-educativos\\\/#breadcrumb\"},\"inLanguage\":\"ca\",\"potentialAction\":[{\"@type\":\"ReadAction\",\"target\":[\"https:\\\/\\\/radiolitoral.com\\\/2023\\\/04\\\/el-pla-edificant-de-conselleria-aportara-inversiones-para-los-centros-educativos\\\/\"]}]},{\"@type\":\"ImageObject\",\"inLanguage\":\"ca\",\"@id\":\"https:\\\/\\\/radiolitoral.com\\\/2023\\\/04\\\/el-pla-edificant-de-conselleria-aportara-inversiones-para-los-centros-educativos\\\/#primaryimage\",\"url\":\"https:\\\/\\\/media.radiolitoral.com\\\/wp-content\\\/uploads\\\/2023\\\/04\\\/03160337\\\/Logo-Edificant.jpeg\",\"contentUrl\":\"https:\\\/\\\/media.radiolitoral.com\\\/wp-content\\\/uploads\\\/2023\\\/04\\\/03160337\\\/Logo-Edificant.jpeg\",\"width\":1350,\"height\":804},{\"@type\":\"BreadcrumbList\",\"@id\":\"https:\\\/\\\/radiolitoral.com\\\/2023\\\/04\\\/el-pla-edificant-de-conselleria-aportara-inversiones-para-los-centros-educativos\\\/#breadcrumb\",\"itemListElement\":[{\"@type\":\"ListItem\",\"position\":1,\"name\":\"Portada\",\"item\":\"https:\\\/\\\/radiolitoral.com\\\/\"},{\"@type\":\"ListItem\",\"position\":2,\"name\":\"El Pla Edificant de Conselleria aportar\u00e1 inversiones para centros educativos\"}]},{\"@type\":\"WebSite\",\"@id\":\"https:\\\/\\\/radiolitoral.com\\\/#website\",\"url\":\"https:\\\/\\\/radiolitoral.com\\\/\",\"name\":\"Radio Litoral\",\"description\":\"La radio local de la Marina Alta\",\"publisher\":{\"@id\":\"https:\\\/\\\/radiolitoral.com\\\/#organization\"},\"alternateName\":\"Litoral FM\",\"potentialAction\":[{\"@type\":\"SearchAction\",\"target\":{\"@type\":\"EntryPoint\",\"urlTemplate\":\"https:\\\/\\\/radiolitoral.com\\\/?s={search_term_string}\"},\"query-input\":{\"@type\":\"PropertyValueSpecification\",\"valueRequired\":true,\"valueName\":\"search_term_string\"}}],\"inLanguage\":\"ca\"},{\"@type\":\"Organization\",\"@id\":\"https:\\\/\\\/radiolitoral.com\\\/#organization\",\"name\":\"Radio Litoral\",\"url\":\"https:\\\/\\\/radiolitoral.com\\\/\",\"logo\":{\"@type\":\"ImageObject\",\"inLanguage\":\"ca\",\"@id\":\"https:\\\/\\\/radiolitoral.com\\\/#\\\/schema\\\/logo\\\/image\\\/\",\"url\":\"https:\\\/\\\/media.radiolitoral.com\\\/wp-content\\\/uploads\\\/2023\\\/02\\\/24143238\\\/CL-V-RadioLitoral696.png\",\"contentUrl\":\"https:\\\/\\\/media.radiolitoral.com\\\/wp-content\\\/uploads\\\/2023\\\/02\\\/24143238\\\/CL-V-RadioLitoral696.png\",\"width\":696,\"height\":696,\"caption\":\"Radio Litoral\"},\"image\":{\"@id\":\"https:\\\/\\\/radiolitoral.com\\\/#\\\/schema\\\/logo\\\/image\\\/\"},\"sameAs\":[\"https:\\\/\\\/www.facebook.com\\\/Laradiolitoral\\\/\"]},{\"@type\":\"Person\",\"@id\":\"https:\\\/\\\/radiolitoral.com\\\/#\\\/schema\\\/person\\\/aad4f72efa404f85b68e832d24cac059\",\"name\":\"Mel Pescuezo\",\"image\":{\"@type\":\"ImageObject\",\"inLanguage\":\"ca\",\"@id\":\"https:\\\/\\\/secure.gravatar.com\\\/avatar\\\/993975ae489c70cb0dd9bfa9413a082f0bd276582dac13661af7b33f161e7eea?s=96&d=mm&r=g\",\"url\":\"https:\\\/\\\/secure.gravatar.com\\\/avatar\\\/993975ae489c70cb0dd9bfa9413a082f0bd276582dac13661af7b33f161e7eea?s=96&d=mm&r=g\",\"contentUrl\":\"https:\\\/\\\/secure.gravatar.com\\\/avatar\\\/993975ae489c70cb0dd9bfa9413a082f0bd276582dac13661af7b33f161e7eea?s=96&d=mm&r=g\",\"caption\":\"Mel Pescuezo\"},\"url\":\"https:\\\/\\\/radiolitoral.com\\\/ca\\\/author\\\/serviciospararadios\\\/\"}]}<\/script>\n<!-- \/ Yoast SEO plugin. -->","yoast_head_json":{"title":"El Pla Edificant de Conselleria aportar\u00e0 inversions per a centres educatius | R\u00e0dio Litoral","description":"Per al CEIP Joanot Martorell de la Vall de Gallinera, l&#039;IES Matem\u00e0tic Vicent Caselles de Gata i el CEIP El Carrascar de Parcent Per al CEIP Joanot Martorell de la Vall de Gallinera, l&#039;IES Matem\u00e0tic Vicent Caselles de Gata i el CEIP El Carrascal del Parcent","robots":{"index":"index","follow":"follow","max-snippet":"max-snippet:-1","max-image-preview":"max-image-preview:large","max-video-preview":"max-video-preview:-1"},"canonical":"https:\/\/radiolitoral.com\/ca\/2023\/04\/el-pla-edificant-de-conselleria-aportes-inversions-per-als-centres-educatius\/","og_locale":"ca_ES","og_type":"article","og_title":"El Pla Edificant de Conselleria aportar\u00e1 inversiones para centros educativos | R\u00e0dio Litoral","og_description":"Para CEIP Joanot Martorell de Vall de Gallinera, IES Matem\u00e0tic Vicent Caselles de Gata y CEIP El Carrascal de Parcent Para CEIP Joanot Martorell de Vall de Gallinera, IES Matem\u00e0tic Vicent Caselles de Gata y CEIP El Carrascal de Parcent","og_url":"https:\/\/radiolitoral.com\/ca\/2023\/04\/el-pla-edificant-de-conselleria-aportes-inversions-per-als-centres-educatius\/","og_site_name":"R\u00e0dio Litoral","article_publisher":"https:\/\/www.facebook.com\/Laradiolitoral\/","article_published_time":"2023-04-03T14:03:42+00:00","article_modified_time":"2023-04-03T14:05:14+00:00","og_image":[{"width":1350,"height":804,"url":"https:\/\/media.radiolitoral.com\/wp-content\/uploads\/2023\/04\/03160337\/Logo-Edificant.jpeg","type":"image\/jpeg"}],"author":"Mel Pescuezo","twitter_card":"summary_large_image","twitter_misc":{"Escrit per":"Mel Pescuezo","Temps estimat de lectura":"1 minut"},"schema":{"@context":"https:\/\/schema.org","@graph":[{"@type":"NewsArticle","@id":"https:\/\/radiolitoral.com\/2023\/04\/el-pla-edificant-de-conselleria-aportara-inversiones-para-los-centros-educativos\/#article","isPartOf":{"@id":"https:\/\/radiolitoral.com\/2023\/04\/el-pla-edificant-de-conselleria-aportara-inversiones-para-los-centros-educativos\/"},"author":{"name":"Mel Pescuezo","@id":"https:\/\/radiolitoral.com\/#\/schema\/person\/aad4f72efa404f85b68e832d24cac059"},"headline":"El Pla Edificant de Conselleria aportar\u00e1 inversiones para centros educativos","datePublished":"2023-04-03T14:03:42+00:00","dateModified":"2023-04-03T14:05:14+00:00","mainEntityOfPage":{"@id":"https:\/\/radiolitoral.com\/2023\/04\/el-pla-edificant-de-conselleria-aportara-inversiones-para-los-centros-educativos\/"},"wordCount":165,"commentCount":0,"publisher":{"@id":"https:\/\/radiolitoral.com\/#organization"},"image":{"@id":"https:\/\/radiolitoral.com\/2023\/04\/el-pla-edificant-de-conselleria-aportara-inversiones-para-los-centros-educativos\/#primaryimage"},"thumbnailUrl":"https:\/\/media.radiolitoral.com\/wp-content\/uploads\/2023\/04\/03160337\/Logo-Edificant.jpeg","keywords":["elecciones 2023","inversiones","inversiones educativas","inversiones Marina Alta","Marina Alta"],"articleSection":["Obras"],"inLanguage":"ca","potentialAction":[{"@type":"CommentAction","name":"Comment","target":["https:\/\/radiolitoral.com\/2023\/04\/el-pla-edificant-de-conselleria-aportara-inversiones-para-los-centros-educativos\/#respond"]}]},{"@type":["WebPage","ItemPage"],"@id":"https:\/\/radiolitoral.com\/2023\/04\/el-pla-edificant-de-conselleria-aportara-inversiones-para-los-centros-educativos\/","url":"https:\/\/radiolitoral.com\/2023\/04\/el-pla-edificant-de-conselleria-aportara-inversiones-para-los-centros-educativos\/","name":"El Pla Edificant de Conselleria aportar\u00e0 inversions per a centres educatius | R\u00e0dio Litoral","isPartOf":{"@id":"https:\/\/radiolitoral.com\/#website"},"primaryImageOfPage":{"@id":"https:\/\/radiolitoral.com\/2023\/04\/el-pla-edificant-de-conselleria-aportara-inversiones-para-los-centros-educativos\/#primaryimage"},"image":{"@id":"https:\/\/radiolitoral.com\/2023\/04\/el-pla-edificant-de-conselleria-aportara-inversiones-para-los-centros-educativos\/#primaryimage"},"thumbnailUrl":"https:\/\/media.radiolitoral.com\/wp-content\/uploads\/2023\/04\/03160337\/Logo-Edificant.jpeg","datePublished":"2023-04-03T14:03:42+00:00","dateModified":"2023-04-03T14:05:14+00:00","description":"Per al CEIP Joanot Martorell de la Vall de Gallinera, l&#039;IES Matem\u00e0tic Vicent Caselles de Gata i el CEIP El Carrascar de Parcent Per al CEIP Joanot Martorell de la Vall de Gallinera, l&#039;IES Matem\u00e0tic Vicent Caselles de Gata i el CEIP El Carrascal del Parcent","breadcrumb":{"@id":"https:\/\/radiolitoral.com\/2023\/04\/el-pla-edificant-de-conselleria-aportara-inversiones-para-los-centros-educativos\/#breadcrumb"},"inLanguage":"ca","potentialAction":[{"@type":"ReadAction","target":["https:\/\/radiolitoral.com\/2023\/04\/el-pla-edificant-de-conselleria-aportara-inversiones-para-los-centros-educativos\/"]}]},{"@type":"ImageObject","inLanguage":"ca","@id":"https:\/\/radiolitoral.com\/2023\/04\/el-pla-edificant-de-conselleria-aportara-inversiones-para-los-centros-educativos\/#primaryimage","url":"https:\/\/media.radiolitoral.com\/wp-content\/uploads\/2023\/04\/03160337\/Logo-Edificant.jpeg","contentUrl":"https:\/\/media.radiolitoral.com\/wp-content\/uploads\/2023\/04\/03160337\/Logo-Edificant.jpeg","width":1350,"height":804},{"@type":"BreadcrumbList","@id":"https:\/\/radiolitoral.com\/2023\/04\/el-pla-edificant-de-conselleria-aportara-inversiones-para-los-centros-educativos\/#breadcrumb","itemListElement":[{"@type":"ListItem","position":1,"name":"Portada","item":"https:\/\/radiolitoral.com\/"},{"@type":"ListItem","position":2,"name":"El Pla Edificant de Conselleria aportar\u00e1 inversiones para centros educativos"}]},{"@type":"WebSite","@id":"https:\/\/radiolitoral.com\/#website","url":"https:\/\/radiolitoral.com\/","name":"R\u00e0dio Litoral","description":"La r\u00e0dio local de la Marina Alta","publisher":{"@id":"https:\/\/radiolitoral.com\/#organization"},"alternateName":"Litoral FM","potentialAction":[{"@type":"SearchAction","target":{"@type":"EntryPoint","urlTemplate":"https:\/\/radiolitoral.com\/?s={search_term_string}"},"query-input":{"@type":"PropertyValueSpecification","valueRequired":true,"valueName":"search_term_string"}}],"inLanguage":"ca"},{"@type":"Organization","@id":"https:\/\/radiolitoral.com\/#organization","name":"R\u00e0dio Litoral","url":"https:\/\/radiolitoral.com\/","logo":{"@type":"ImageObject","inLanguage":"ca","@id":"https:\/\/radiolitoral.com\/#\/schema\/logo\/image\/","url":"https:\/\/media.radiolitoral.com\/wp-content\/uploads\/2023\/02\/24143238\/CL-V-RadioLitoral696.png","contentUrl":"https:\/\/media.radiolitoral.com\/wp-content\/uploads\/2023\/02\/24143238\/CL-V-RadioLitoral696.png","width":696,"height":696,"caption":"Radio Litoral"},"image":{"@id":"https:\/\/radiolitoral.com\/#\/schema\/logo\/image\/"},"sameAs":["https:\/\/www.facebook.com\/Laradiolitoral\/"]},{"@type":"Person","@id":"https:\/\/radiolitoral.com\/#\/schema\/person\/aad4f72efa404f85b68e832d24cac059","name":"Mel Pescuezo","image":{"@type":"ImageObject","inLanguage":"ca","@id":"https:\/\/secure.gravatar.com\/avatar\/993975ae489c70cb0dd9bfa9413a082f0bd276582dac13661af7b33f161e7eea?s=96&d=mm&r=g","url":"https:\/\/secure.gravatar.com\/avatar\/993975ae489c70cb0dd9bfa9413a082f0bd276582dac13661af7b33f161e7eea?s=96&d=mm&r=g","contentUrl":"https:\/\/secure.gravatar.com\/avatar\/993975ae489c70cb0dd9bfa9413a082f0bd276582dac13661af7b33f161e7eea?s=96&d=mm&r=g","caption":"Mel Pescuezo"},"url":"https:\/\/radiolitoral.com\/ca\/author\/serviciospararadios\/"}]}},"_links":{"self":[{"href":"https:\/\/radiolitoral.com\/ca\/wp-json\/wp\/v2\/posts\/1936","targetHints":{"allow":["GET"]}}],"collection":[{"href":"https:\/\/radiolitoral.com\/ca\/wp-json\/wp\/v2\/posts"}],"about":[{"href":"https:\/\/radiolitoral.com\/ca\/wp-json\/wp\/v2\/types\/post"}],"author":[{"embeddable":true,"href":"https:\/\/radiolitoral.com\/ca\/wp-json\/wp\/v2\/users\/21"}],"replies":[{"embeddable":true,"href":"https:\/\/radiolitoral.com\/ca\/wp-json\/wp\/v2\/comments?post=1936"}],"version-history":[{"count":2,"href":"https:\/\/radiolitoral.com\/ca\/wp-json\/wp\/v2\/posts\/1936\/revisions"}],"predecessor-version":[{"id":1941,"href":"https:\/\/radiolitoral.com\/ca\/wp-json\/wp\/v2\/posts\/1936\/revisions\/1941"}],"wp:featuredmedia":[{"embeddable":true,"href":"https:\/\/radiolitoral.com\/ca\/wp-json\/wp\/v2\/media\/1938"}],"wp:attachment":[{"href":"https:\/\/radiolitoral.com\/ca\/wp-json\/wp\/v2\/media?parent=1936"}],"wp:term":[{"taxonomy":"category","embeddable":true,"href":"https:\/\/radiolitoral.com\/ca\/wp-json\/wp\/v2\/categories?post=1936"},{"taxonomy":"post_tag","embeddable":true,"href":"https:\/\/radiolitoral.com\/ca\/wp-json\/wp\/v2\/tags?post=1936"}],"curies":[{"name":"wp","href":"https:\/\/api.w.org\/{rel}","templated":true}]}}