{"id":19317,"date":"2025-11-28T10:47:18","date_gmt":"2025-11-28T09:47:18","guid":{"rendered":"https:\/\/radiolitoral.com\/?p=19317"},"modified":"2025-11-28T10:48:43","modified_gmt":"2025-11-28T09:48:43","slug":"teulada-aprova-un-pressupost-de-24-milions-per-al-2026","status":"publish","type":"post","link":"https:\/\/radiolitoral.com\/ca\/2025\/11\/teulada-aprueba-un-presupuesto-de-24-millones-para-2026\/","title":{"rendered":"Teulada aprova un pressupost de 24 milions per al 2026"},"content":{"rendered":"<p data-start=\"241\" data-end=\"641\">A la darrera sessi\u00f3 plen\u00e0ria de novembre, el <strong data-start=\"287\" data-end=\"314\">Ajuntament de Teulada<\/strong> ha aprovat el <strong data-start=\"330\" data-end=\"365\">Pressupost Municipal per a 2026<\/strong>, que puja a <strong data-start=\"382\" data-end=\"405\">23.837.207,52 euros<\/strong>. Aquest pressupost, que representa un lleuger augment del <strong data-start=\"462\" data-end=\"471\">0,24%<\/strong> en comparaci\u00f3 del de l&#039;any anterior, no preveu cap pujada d&#039;impostos i mant\u00e9 el comprom\u00eds amb l&#039;estabilitat financera, ja que no incorre en deute p\u00fablic.<\/p>\n<h3 data-start=\"643\" data-end=\"716\"><strong data-start=\"647\" data-end=\"716\">Estabilitat financera<\/strong><\/h3>\n<p data-start=\"718\" data-end=\"1119\">El pressupost aprovat pel <strong data-start=\"749\" data-end=\"768\">Ple Municipal<\/strong> s&#039;ha estructurat al voltant de tres grans pilars. L&#039;alcalde de Teulada Moraira, <strong data-start=\"852\" data-end=\"868\">Ra\u00fal Llobell<\/strong>, va assenyalar que el primer eix \u00e9s \u201c<strong data-start=\"899\" data-end=\"958\">garantir i refor\u00e7ar els serveis p\u00fablics essencials<\/strong>\u201d, destacant \u00e0rees com la seguretat, la neteja vi\u00e0ria, la recollida de residus i la millora dels serveis socials, leducaci\u00f3, la cultura i lesport.<\/p>\n<p data-start=\"1121\" data-end=\"1585\">El segon pilar, segons Llobell, cerca <strong data-start=\"1160\" data-end=\"1210\">millorar l&#039;entorn urb\u00e0 i la qualitat de vida<\/strong> dels ve\u00efns a trav\u00e9s de <strong data-start=\"1238\" data-end=\"1266\">infraestructures b\u00e0siques<\/strong> com ara la renovaci\u00f3 de xarxes de sanejament, el manteniment de platges i la conservaci\u00f3 del medi ambient urb\u00e0. En tercer lloc, va subratllar la import\u00e0ncia de \u201c<strong data-start=\"1426\" data-end=\"1464\">mantenir l&#039;estabilitat financera<\/strong> sense rec\u00f3rrer al deute p\u00fablic\u201d, cosa que ha estat un dels eixos centrals al llarg de l&#039;elaboraci\u00f3 del pressupost.<\/p>\n<h3 data-start=\"1587\" data-end=\"1649\"><strong data-start=\"1591\" data-end=\"1649\">Augment de la inversi\u00f3<\/strong><\/h3>\n<p data-start=\"1651\" data-end=\"1802\">El pressupost aprovat per al proper any inclou augments importants en diverses \u00e0rees essencials per a la comunitat. Aix\u00ed, es destaquen les pujades a:<\/p>\n<ul>\n<li data-start=\"1806\" data-end=\"1832\"><strong data-start=\"1806\" data-end=\"1823\">Medi ambient<\/strong>: +46,47%<\/li>\n<li data-start=\"1835\" data-end=\"1857\"><strong data-start=\"1835\" data-end=\"1848\">Educaci\u00f3<\/strong>: +40,33%<\/li>\n<li data-start=\"1860\" data-end=\"1903\"><strong data-start=\"1860\" data-end=\"1894\">Agricultura, Ramaderia i Pesca<\/strong>: +24,61%<\/li>\n<li data-start=\"1906\" data-end=\"1936\"><strong data-start=\"1906\" data-end=\"1927\">Cultura i Festes<\/strong>: +23,32%<\/li>\n<li data-start=\"1939\" data-end=\"1969\"><strong data-start=\"1939\" data-end=\"1960\">Turisme i Foment<\/strong>: +21,97%<\/li>\n<li data-start=\"1972\" data-end=\"1992\"><strong data-start=\"1972\" data-end=\"1983\">Sanitat<\/strong>: +15,52%<\/li>\n<li data-start=\"1995\" data-end=\"2016\"><strong data-start=\"1995\" data-end=\"2007\">Esports<\/strong>: +10,93%<\/li>\n<\/ul>\n<p data-start=\"2018\" data-end=\"2234\">Aquest pressupost tamb\u00e9 contempla una assignaci\u00f3 de <strong data-start=\"2071\" data-end=\"2101\">m\u00e9s de 2 milions d&#039;euros<\/strong> per al <strong data-start=\"2110\" data-end=\"2143\">foment del teixit associatiu<\/strong> de Teulada Moraira, amb l&#039;objectiu de continuar recolzant les tradicions i la cultura local.<\/p>\n<h3 data-start=\"2236\" data-end=\"2286\"><strong data-start=\"2240\" data-end=\"2286\">Infraestructura i seguretat<\/strong><\/h3>\n<p data-start=\"2288\" data-end=\"2706\">Pel que fa a les <strong data-start=\"2304\" data-end=\"2319\">inversions<\/strong>, es destinaran m\u00e9s de <strong data-start=\"2342\" data-end=\"2367\">1,2 milions d&#039;euros<\/strong> a projectes clau, incloent-hi el refor\u00e7 de la seguretat amb la compra d&#039;un <strong data-start=\"2446\" data-end=\"2454\">dron<\/strong> per a la Policia Local, amb una partida de <strong data-start=\"2497\" data-end=\"2513\">45.000 euros<\/strong>. Aix\u00ed mateix, es renovaran xarxes de <strong data-start=\"2547\" data-end=\"2562\">sanejament<\/strong> per un total de <strong data-start=\"2579\" data-end=\"2596\">140.000 euros<\/strong>, i es destinaran <strong data-start=\"2614\" data-end=\"2638\">m\u00e9s de 300.000 euros<\/strong> per a la <strong data-start=\"2647\" data-end=\"2675\">finalitzaci\u00f3 de l&#039;aulari<\/strong> al CEIP Sant Vicent Ferrer.<\/p>\n<p data-start=\"2708\" data-end=\"2938\">A m\u00e9s, el pressupost preveu la compra d&#039;un nou <strong data-start=\"2759\" data-end=\"2772\">escenari<\/strong> per a esdeveniments culturals i festius per <strong data-start=\"2812\" data-end=\"2829\">100.000 euros<\/strong> i una inversi\u00f3 de <strong data-start=\"2849\" data-end=\"2873\">m\u00e9s de 360.000 euros<\/strong> en la compra d&#039;un local per al <strong data-start=\"2907\" data-end=\"2926\">Museu de la Mar<\/strong> a Moraira.<\/p>\n<h3 data-start=\"2940\" data-end=\"2986\"><strong data-start=\"2944\" data-end=\"2986\">Distribuci\u00f3 del pressupost per \u00e0rees<\/strong><\/h3>\n<p data-start=\"2988\" data-end=\"3290\">En el desglossament del pressupost per \u00e0rees, es destaca que la major part es destina a <strong data-start=\"3073\" data-end=\"3105\">seguretat i protecci\u00f3 civil<\/strong> (12,28%), <strong data-start=\"3116\" data-end=\"3145\">clavegueram i residus<\/strong> (21,72%) e <strong data-start=\"3157\" data-end=\"3177\">infraestructures<\/strong> (8,69%). Els <strong data-start=\"3191\" data-end=\"3213\">serveis socials<\/strong> tamb\u00e9 ocupen una proporci\u00f3 important, aconseguint el <strong data-start=\"3270\" data-end=\"3279\">9,35%<\/strong> del total.<\/p>\n<p data-start=\"3374\" data-end=\"3850\" data-is-last-node=\"\" data-is-only-node=\"\">L&#039;alcalde <strong data-start=\"3385\" data-end=\"3401\">Ra\u00fal Llobell<\/strong> va concloure assenyalant que se sent \u201c<strong data-start=\"3436\" data-end=\"3450\">satisfet<\/strong> de poder presentar un pressupost prudent i realista. &quot;Seguirem treballant amb rigor i responsabilitat per consolidar un municipi modern, din\u00e0mic i amb serveis de qualitat&quot;, va assegurar el primer edil.<\/p>","protected":false},"excerpt":{"rendered":"<p>En la \u00faltima sesi\u00f3n plenaria de noviembre, el Ayuntamiento de Teulada ha aprobado el Presupuesto Municipal para 2026, que asciende a 23.837.207,52 euros. Este presupuesto, que representa un ligero aumento del 0,24% en comparaci\u00f3n con el del a\u00f1o anterior, no contempla ninguna subida de impuestos y mantiene el compromiso con la estabilidad financiera, al no [&#8230;]<\/p>\n<p><a class=\"btn btn-secondary understrap-read-more-link\" href=\"https:\/\/radiolitoral.com\/ca\/2025\/11\/teulada-aprueba-un-presupuesto-de-24-millones-para-2026\/\">Continua llegint&#8230;<span class=\"screen-reader-text\"> from Teulada aprueba un presupuesto de 24 millones para 2026<\/span><\/a><\/p>\n","protected":false},"author":14,"featured_media":19318,"comment_status":"open","ping_status":"closed","sticky":false,"template":"","format":"standard","meta":{"_acf_changed":false,"inline_featured_image":false,"footnotes":""},"categories":[13],"tags":[5105,195],"class_list":["post-19317","post","type-post","status-publish","format-standard","has-post-thumbnail","hentry","category-politica","tag-presupuesto-municipal-teulada-moraira","tag-teulada-moraira","cobertura-teulada-moraira"],"acf":[],"yoast_head":"<!-- This site is optimized with the Yoast SEO plugin v27.5 - https:\/\/yoast.com\/product\/yoast-seo-wordpress\/ -->\n<title>Teulada aprueba un presupuesto de 24 millones para 2026 | R\u00e0dio Litoral<\/title>\n<meta name=\"description\" content=\"El Ayuntamiento destina 2 millones al apoyo del tejido asociativo\" \/>\n<meta name=\"robots\" content=\"index, follow, max-snippet:-1, max-image-preview:large, max-video-preview:-1\" \/>\n<link rel=\"canonical\" href=\"https:\/\/radiolitoral.com\/ca\/2025\/11\/teulada-aprova-un-pressupost-de-24-milions-per-al-2026\/\" \/>\n<meta property=\"og:locale\" content=\"ca_ES\" \/>\n<meta property=\"og:type\" content=\"article\" \/>\n<meta property=\"og:title\" content=\"Teulada aprueba un presupuesto de 24 millones para 2026 | R\u00e0dio Litoral\" \/>\n<meta property=\"og:description\" content=\"El Ayuntamiento destina 2 millones al apoyo del tejido asociativo\" \/>\n<meta property=\"og:url\" content=\"https:\/\/radiolitoral.com\/ca\/2025\/11\/teulada-aprova-un-pressupost-de-24-milions-per-al-2026\/\" \/>\n<meta property=\"og:site_name\" content=\"R\u00e0dio Litoral\" \/>\n<meta property=\"article:publisher\" content=\"https:\/\/www.facebook.com\/Laradiolitoral\/\" \/>\n<meta property=\"article:published_time\" content=\"2025-11-28T09:47:18+00:00\" \/>\n<meta property=\"article:modified_time\" content=\"2025-11-28T09:48:43+00:00\" \/>\n<meta property=\"og:image\" content=\"https:\/\/media.radiolitoral.com\/wp-content\/uploads\/2025\/11\/28104626\/Pleno-noviembre.jpg\" \/>\n\t<meta property=\"og:image:width\" content=\"1598\" \/>\n\t<meta property=\"og:image:height\" content=\"1146\" \/>\n\t<meta property=\"og:image:type\" content=\"image\/jpeg\" \/>\n<meta name=\"author\" content=\"Redacci\u00f3n\" \/>\n<meta name=\"twitter:card\" content=\"summary_large_image\" \/>\n<meta name=\"twitter:label1\" content=\"Escrit per\" \/>\n\t<meta name=\"twitter:data1\" content=\"Redacci\u00f3n\" \/>\n\t<meta name=\"twitter:label2\" content=\"Temps estimat de lectura\" \/>\n\t<meta name=\"twitter:data2\" content=\"3 minuts\" \/>\n<script type=\"application\/ld+json\" class=\"yoast-schema-graph\">{\"@context\":\"https:\\\/\\\/schema.org\",\"@graph\":[{\"@type\":\"NewsArticle\",\"@id\":\"https:\\\/\\\/radiolitoral.com\\\/2025\\\/11\\\/teulada-aprueba-un-presupuesto-de-24-millones-para-2026\\\/#article\",\"isPartOf\":{\"@id\":\"https:\\\/\\\/radiolitoral.com\\\/2025\\\/11\\\/teulada-aprueba-un-presupuesto-de-24-millones-para-2026\\\/\"},\"author\":{\"name\":\"Redacci\u00f3n\",\"@id\":\"https:\\\/\\\/radiolitoral.com\\\/#\\\/schema\\\/person\\\/96b739642eb3bedb532aac3812d23307\"},\"headline\":\"Teulada aprueba un presupuesto de 24 millones para 2026\",\"datePublished\":\"2025-11-28T09:47:18+00:00\",\"dateModified\":\"2025-11-28T09:48:43+00:00\",\"mainEntityOfPage\":{\"@id\":\"https:\\\/\\\/radiolitoral.com\\\/2025\\\/11\\\/teulada-aprueba-un-presupuesto-de-24-millones-para-2026\\\/\"},\"wordCount\":501,\"commentCount\":0,\"publisher\":{\"@id\":\"https:\\\/\\\/radiolitoral.com\\\/#organization\"},\"image\":{\"@id\":\"https:\\\/\\\/radiolitoral.com\\\/2025\\\/11\\\/teulada-aprueba-un-presupuesto-de-24-millones-para-2026\\\/#primaryimage\"},\"thumbnailUrl\":\"https:\\\/\\\/media.radiolitoral.com\\\/wp-content\\\/uploads\\\/2025\\\/11\\\/28104626\\\/Pleno-noviembre.jpg\",\"keywords\":[\"presupuesto municipal Teulada Moraira\",\"Teulada-Moraira\"],\"articleSection\":[\"Pol\u00edtica\"],\"inLanguage\":\"ca\",\"potentialAction\":[{\"@type\":\"CommentAction\",\"name\":\"Comment\",\"target\":[\"https:\\\/\\\/radiolitoral.com\\\/2025\\\/11\\\/teulada-aprueba-un-presupuesto-de-24-millones-para-2026\\\/#respond\"]}]},{\"@type\":[\"WebPage\",\"ItemPage\"],\"@id\":\"https:\\\/\\\/radiolitoral.com\\\/2025\\\/11\\\/teulada-aprueba-un-presupuesto-de-24-millones-para-2026\\\/\",\"url\":\"https:\\\/\\\/radiolitoral.com\\\/2025\\\/11\\\/teulada-aprueba-un-presupuesto-de-24-millones-para-2026\\\/\",\"name\":\"Teulada aprueba un presupuesto de 24 millones para 2026 | R\u00e0dio Litoral\",\"isPartOf\":{\"@id\":\"https:\\\/\\\/radiolitoral.com\\\/#website\"},\"primaryImageOfPage\":{\"@id\":\"https:\\\/\\\/radiolitoral.com\\\/2025\\\/11\\\/teulada-aprueba-un-presupuesto-de-24-millones-para-2026\\\/#primaryimage\"},\"image\":{\"@id\":\"https:\\\/\\\/radiolitoral.com\\\/2025\\\/11\\\/teulada-aprueba-un-presupuesto-de-24-millones-para-2026\\\/#primaryimage\"},\"thumbnailUrl\":\"https:\\\/\\\/media.radiolitoral.com\\\/wp-content\\\/uploads\\\/2025\\\/11\\\/28104626\\\/Pleno-noviembre.jpg\",\"datePublished\":\"2025-11-28T09:47:18+00:00\",\"dateModified\":\"2025-11-28T09:48:43+00:00\",\"description\":\"El Ayuntamiento destina 2 millones al apoyo del tejido asociativo\",\"breadcrumb\":{\"@id\":\"https:\\\/\\\/radiolitoral.com\\\/2025\\\/11\\\/teulada-aprueba-un-presupuesto-de-24-millones-para-2026\\\/#breadcrumb\"},\"inLanguage\":\"ca\",\"potentialAction\":[{\"@type\":\"ReadAction\",\"target\":[\"https:\\\/\\\/radiolitoral.com\\\/2025\\\/11\\\/teulada-aprueba-un-presupuesto-de-24-millones-para-2026\\\/\"]}]},{\"@type\":\"ImageObject\",\"inLanguage\":\"ca\",\"@id\":\"https:\\\/\\\/radiolitoral.com\\\/2025\\\/11\\\/teulada-aprueba-un-presupuesto-de-24-millones-para-2026\\\/#primaryimage\",\"url\":\"https:\\\/\\\/media.radiolitoral.com\\\/wp-content\\\/uploads\\\/2025\\\/11\\\/28104626\\\/Pleno-noviembre.jpg\",\"contentUrl\":\"https:\\\/\\\/media.radiolitoral.com\\\/wp-content\\\/uploads\\\/2025\\\/11\\\/28104626\\\/Pleno-noviembre.jpg\",\"width\":1598,\"height\":1146},{\"@type\":\"BreadcrumbList\",\"@id\":\"https:\\\/\\\/radiolitoral.com\\\/2025\\\/11\\\/teulada-aprueba-un-presupuesto-de-24-millones-para-2026\\\/#breadcrumb\",\"itemListElement\":[{\"@type\":\"ListItem\",\"position\":1,\"name\":\"Portada\",\"item\":\"https:\\\/\\\/radiolitoral.com\\\/\"},{\"@type\":\"ListItem\",\"position\":2,\"name\":\"Teulada aprueba un presupuesto de 24 millones para 2026\"}]},{\"@type\":\"WebSite\",\"@id\":\"https:\\\/\\\/radiolitoral.com\\\/#website\",\"url\":\"https:\\\/\\\/radiolitoral.com\\\/\",\"name\":\"Radio Litoral\",\"description\":\"La radio local de la Marina Alta\",\"publisher\":{\"@id\":\"https:\\\/\\\/radiolitoral.com\\\/#organization\"},\"alternateName\":\"Litoral FM\",\"potentialAction\":[{\"@type\":\"SearchAction\",\"target\":{\"@type\":\"EntryPoint\",\"urlTemplate\":\"https:\\\/\\\/radiolitoral.com\\\/?s={search_term_string}\"},\"query-input\":{\"@type\":\"PropertyValueSpecification\",\"valueRequired\":true,\"valueName\":\"search_term_string\"}}],\"inLanguage\":\"ca\"},{\"@type\":\"Organization\",\"@id\":\"https:\\\/\\\/radiolitoral.com\\\/#organization\",\"name\":\"Radio Litoral\",\"url\":\"https:\\\/\\\/radiolitoral.com\\\/\",\"logo\":{\"@type\":\"ImageObject\",\"inLanguage\":\"ca\",\"@id\":\"https:\\\/\\\/radiolitoral.com\\\/#\\\/schema\\\/logo\\\/image\\\/\",\"url\":\"https:\\\/\\\/media.radiolitoral.com\\\/wp-content\\\/uploads\\\/2023\\\/02\\\/24143238\\\/CL-V-RadioLitoral696.png\",\"contentUrl\":\"https:\\\/\\\/media.radiolitoral.com\\\/wp-content\\\/uploads\\\/2023\\\/02\\\/24143238\\\/CL-V-RadioLitoral696.png\",\"width\":696,\"height\":696,\"caption\":\"Radio Litoral\"},\"image\":{\"@id\":\"https:\\\/\\\/radiolitoral.com\\\/#\\\/schema\\\/logo\\\/image\\\/\"},\"sameAs\":[\"https:\\\/\\\/www.facebook.com\\\/Laradiolitoral\\\/\"]},{\"@type\":\"Person\",\"@id\":\"https:\\\/\\\/radiolitoral.com\\\/#\\\/schema\\\/person\\\/96b739642eb3bedb532aac3812d23307\",\"name\":\"Redacci\u00f3n\",\"image\":{\"@type\":\"ImageObject\",\"inLanguage\":\"ca\",\"@id\":\"https:\\\/\\\/secure.gravatar.com\\\/avatar\\\/30cd06129ee90411dd9c7cbdcf17464181d1a3c7b072e92070ea75a25cf0097e?s=96&d=mm&r=g\",\"url\":\"https:\\\/\\\/secure.gravatar.com\\\/avatar\\\/30cd06129ee90411dd9c7cbdcf17464181d1a3c7b072e92070ea75a25cf0097e?s=96&d=mm&r=g\",\"contentUrl\":\"https:\\\/\\\/secure.gravatar.com\\\/avatar\\\/30cd06129ee90411dd9c7cbdcf17464181d1a3c7b072e92070ea75a25cf0097e?s=96&d=mm&r=g\",\"caption\":\"Redacci\u00f3n\"},\"url\":\"https:\\\/\\\/radiolitoral.com\\\/ca\\\/author\\\/kevin-carrio\\\/\"}]}<\/script>\n<!-- \/ Yoast SEO plugin. -->","yoast_head_json":{"title":"Teulada aprova un pressupost de 24 milions per al 2026 | R\u00e0dio Litoral","description":"L&#039;Ajuntament destina 2 milions al suport del teixit associatiu","robots":{"index":"index","follow":"follow","max-snippet":"max-snippet:-1","max-image-preview":"max-image-preview:large","max-video-preview":"max-video-preview:-1"},"canonical":"https:\/\/radiolitoral.com\/ca\/2025\/11\/teulada-aprova-un-pressupost-de-24-milions-per-al-2026\/","og_locale":"ca_ES","og_type":"article","og_title":"Teulada aprueba un presupuesto de 24 millones para 2026 | R\u00e0dio Litoral","og_description":"El Ayuntamiento destina 2 millones al apoyo del tejido asociativo","og_url":"https:\/\/radiolitoral.com\/ca\/2025\/11\/teulada-aprova-un-pressupost-de-24-milions-per-al-2026\/","og_site_name":"R\u00e0dio Litoral","article_publisher":"https:\/\/www.facebook.com\/Laradiolitoral\/","article_published_time":"2025-11-28T09:47:18+00:00","article_modified_time":"2025-11-28T09:48:43+00:00","og_image":[{"width":1598,"height":1146,"url":"https:\/\/media.radiolitoral.com\/wp-content\/uploads\/2025\/11\/28104626\/Pleno-noviembre.jpg","type":"image\/jpeg"}],"author":"Redacci\u00f3n","twitter_card":"summary_large_image","twitter_misc":{"Escrit per":"Redacci\u00f3n","Temps estimat de lectura":"3 minuts"},"schema":{"@context":"https:\/\/schema.org","@graph":[{"@type":"NewsArticle","@id":"https:\/\/radiolitoral.com\/2025\/11\/teulada-aprueba-un-presupuesto-de-24-millones-para-2026\/#article","isPartOf":{"@id":"https:\/\/radiolitoral.com\/2025\/11\/teulada-aprueba-un-presupuesto-de-24-millones-para-2026\/"},"author":{"name":"Redacci\u00f3n","@id":"https:\/\/radiolitoral.com\/#\/schema\/person\/96b739642eb3bedb532aac3812d23307"},"headline":"Teulada aprueba un presupuesto de 24 millones para 2026","datePublished":"2025-11-28T09:47:18+00:00","dateModified":"2025-11-28T09:48:43+00:00","mainEntityOfPage":{"@id":"https:\/\/radiolitoral.com\/2025\/11\/teulada-aprueba-un-presupuesto-de-24-millones-para-2026\/"},"wordCount":501,"commentCount":0,"publisher":{"@id":"https:\/\/radiolitoral.com\/#organization"},"image":{"@id":"https:\/\/radiolitoral.com\/2025\/11\/teulada-aprueba-un-presupuesto-de-24-millones-para-2026\/#primaryimage"},"thumbnailUrl":"https:\/\/media.radiolitoral.com\/wp-content\/uploads\/2025\/11\/28104626\/Pleno-noviembre.jpg","keywords":["presupuesto municipal Teulada Moraira","Teulada-Moraira"],"articleSection":["Pol\u00edtica"],"inLanguage":"ca","potentialAction":[{"@type":"CommentAction","name":"Comment","target":["https:\/\/radiolitoral.com\/2025\/11\/teulada-aprueba-un-presupuesto-de-24-millones-para-2026\/#respond"]}]},{"@type":["WebPage","ItemPage"],"@id":"https:\/\/radiolitoral.com\/2025\/11\/teulada-aprueba-un-presupuesto-de-24-millones-para-2026\/","url":"https:\/\/radiolitoral.com\/2025\/11\/teulada-aprueba-un-presupuesto-de-24-millones-para-2026\/","name":"Teulada aprova un pressupost de 24 milions per al 2026 | R\u00e0dio Litoral","isPartOf":{"@id":"https:\/\/radiolitoral.com\/#website"},"primaryImageOfPage":{"@id":"https:\/\/radiolitoral.com\/2025\/11\/teulada-aprueba-un-presupuesto-de-24-millones-para-2026\/#primaryimage"},"image":{"@id":"https:\/\/radiolitoral.com\/2025\/11\/teulada-aprueba-un-presupuesto-de-24-millones-para-2026\/#primaryimage"},"thumbnailUrl":"https:\/\/media.radiolitoral.com\/wp-content\/uploads\/2025\/11\/28104626\/Pleno-noviembre.jpg","datePublished":"2025-11-28T09:47:18+00:00","dateModified":"2025-11-28T09:48:43+00:00","description":"L&#039;Ajuntament destina 2 milions al suport del teixit associatiu","breadcrumb":{"@id":"https:\/\/radiolitoral.com\/2025\/11\/teulada-aprueba-un-presupuesto-de-24-millones-para-2026\/#breadcrumb"},"inLanguage":"ca","potentialAction":[{"@type":"ReadAction","target":["https:\/\/radiolitoral.com\/2025\/11\/teulada-aprueba-un-presupuesto-de-24-millones-para-2026\/"]}]},{"@type":"ImageObject","inLanguage":"ca","@id":"https:\/\/radiolitoral.com\/2025\/11\/teulada-aprueba-un-presupuesto-de-24-millones-para-2026\/#primaryimage","url":"https:\/\/media.radiolitoral.com\/wp-content\/uploads\/2025\/11\/28104626\/Pleno-noviembre.jpg","contentUrl":"https:\/\/media.radiolitoral.com\/wp-content\/uploads\/2025\/11\/28104626\/Pleno-noviembre.jpg","width":1598,"height":1146},{"@type":"BreadcrumbList","@id":"https:\/\/radiolitoral.com\/2025\/11\/teulada-aprueba-un-presupuesto-de-24-millones-para-2026\/#breadcrumb","itemListElement":[{"@type":"ListItem","position":1,"name":"Portada","item":"https:\/\/radiolitoral.com\/"},{"@type":"ListItem","position":2,"name":"Teulada aprueba un presupuesto de 24 millones para 2026"}]},{"@type":"WebSite","@id":"https:\/\/radiolitoral.com\/#website","url":"https:\/\/radiolitoral.com\/","name":"R\u00e0dio Litoral","description":"La r\u00e0dio local de la Marina Alta","publisher":{"@id":"https:\/\/radiolitoral.com\/#organization"},"alternateName":"Litoral FM","potentialAction":[{"@type":"SearchAction","target":{"@type":"EntryPoint","urlTemplate":"https:\/\/radiolitoral.com\/?s={search_term_string}"},"query-input":{"@type":"PropertyValueSpecification","valueRequired":true,"valueName":"search_term_string"}}],"inLanguage":"ca"},{"@type":"Organization","@id":"https:\/\/radiolitoral.com\/#organization","name":"R\u00e0dio Litoral","url":"https:\/\/radiolitoral.com\/","logo":{"@type":"ImageObject","inLanguage":"ca","@id":"https:\/\/radiolitoral.com\/#\/schema\/logo\/image\/","url":"https:\/\/media.radiolitoral.com\/wp-content\/uploads\/2023\/02\/24143238\/CL-V-RadioLitoral696.png","contentUrl":"https:\/\/media.radiolitoral.com\/wp-content\/uploads\/2023\/02\/24143238\/CL-V-RadioLitoral696.png","width":696,"height":696,"caption":"Radio Litoral"},"image":{"@id":"https:\/\/radiolitoral.com\/#\/schema\/logo\/image\/"},"sameAs":["https:\/\/www.facebook.com\/Laradiolitoral\/"]},{"@type":"Person","@id":"https:\/\/radiolitoral.com\/#\/schema\/person\/96b739642eb3bedb532aac3812d23307","name":"Redacci\u00f3","image":{"@type":"ImageObject","inLanguage":"ca","@id":"https:\/\/secure.gravatar.com\/avatar\/30cd06129ee90411dd9c7cbdcf17464181d1a3c7b072e92070ea75a25cf0097e?s=96&d=mm&r=g","url":"https:\/\/secure.gravatar.com\/avatar\/30cd06129ee90411dd9c7cbdcf17464181d1a3c7b072e92070ea75a25cf0097e?s=96&d=mm&r=g","contentUrl":"https:\/\/secure.gravatar.com\/avatar\/30cd06129ee90411dd9c7cbdcf17464181d1a3c7b072e92070ea75a25cf0097e?s=96&d=mm&r=g","caption":"Redacci\u00f3n"},"url":"https:\/\/radiolitoral.com\/ca\/author\/kevin-carrio\/"}]}},"_links":{"self":[{"href":"https:\/\/radiolitoral.com\/ca\/wp-json\/wp\/v2\/posts\/19317","targetHints":{"allow":["GET"]}}],"collection":[{"href":"https:\/\/radiolitoral.com\/ca\/wp-json\/wp\/v2\/posts"}],"about":[{"href":"https:\/\/radiolitoral.com\/ca\/wp-json\/wp\/v2\/types\/post"}],"author":[{"embeddable":true,"href":"https:\/\/radiolitoral.com\/ca\/wp-json\/wp\/v2\/users\/14"}],"replies":[{"embeddable":true,"href":"https:\/\/radiolitoral.com\/ca\/wp-json\/wp\/v2\/comments?post=19317"}],"version-history":[{"count":2,"href":"https:\/\/radiolitoral.com\/ca\/wp-json\/wp\/v2\/posts\/19317\/revisions"}],"predecessor-version":[{"id":19320,"href":"https:\/\/radiolitoral.com\/ca\/wp-json\/wp\/v2\/posts\/19317\/revisions\/19320"}],"wp:featuredmedia":[{"embeddable":true,"href":"https:\/\/radiolitoral.com\/ca\/wp-json\/wp\/v2\/media\/19318"}],"wp:attachment":[{"href":"https:\/\/radiolitoral.com\/ca\/wp-json\/wp\/v2\/media?parent=19317"}],"wp:term":[{"taxonomy":"category","embeddable":true,"href":"https:\/\/radiolitoral.com\/ca\/wp-json\/wp\/v2\/categories?post=19317"},{"taxonomy":"post_tag","embeddable":true,"href":"https:\/\/radiolitoral.com\/ca\/wp-json\/wp\/v2\/tags?post=19317"}],"curies":[{"name":"wp","href":"https:\/\/api.w.org\/{rel}","templated":true}]}}