{"id":19310,"date":"2025-11-27T11:21:08","date_gmt":"2025-11-27T10:21:08","guid":{"rendered":"https:\/\/radiolitoral.com\/?p=19310"},"modified":"2025-11-27T11:21:08","modified_gmt":"2025-11-27T10:21:08","slug":"benissa-inicia-la-consulta-publica-per-actualitzar-lordenanca-del-servei-de-taxi","status":"publish","type":"post","link":"https:\/\/radiolitoral.com\/ca\/2025\/11\/benissa-inicia-la-consulta-publica-para-actualizar-la-ordenanza-del-servicio-de-taxi\/","title":{"rendered":"Benissa inicia la consulta p\u00fablica per actualitzar l&#039;ordenan\u00e7a del servei de taxi"},"content":{"rendered":"<p><span style=\"font-weight: 400;\">L&#039;Ajuntament de <strong>Benissa<\/strong> es troba en un per\u00edode dinversi\u00f3 municipal, aix\u00ed com de canvis en ordenances municipals com tamb\u00e9 de gesti\u00f3 de serveis p\u00fablics.<\/span><\/p>\n<p><span style=\"font-weight: 400;\">El consistori ha iniciat el per\u00edode de consulta p\u00fablica per elaborar una nova Ordenan\u00e7a Municipal Reguladora del Servei de Taxi. Aquest tr\u00e0mit, previst per la legislaci\u00f3 vigent, cerca recollir les opinions de ciutadans, organitzacions i col\u00b7lectius afectats per la futura normativa.<\/span><\/p>\n<p><span style=\"font-weight: 400;\">L\u201factualitzaci\u00f3 de l\u201fordenan\u00e7a respon a dues necessitats: garantir una prestaci\u00f3 adequada del servei i adaptar-se a la Llei del Taxi de la Comunitat Valenciana. L&#039;objectiu \u00e9s establir un marc legal clar, millorar la qualitat del servei i crear un procediment municipal que reguli efica\u00e7ment el funcionament del taxi a Benissa.<\/span><\/p>\n<p><span style=\"font-weight: 400;\">Les persones interessades tenen 20 dies per presentar els vostres suggeriments a trav\u00e9s dels registres oficials. Aquest proc\u00e9s \u00e9s el primer pas per renovar una regulaci\u00f3 que no s&#039;actualitzava des del 2010 per tal d&#039;adaptar el servei de taxi a les necessitats actuals.<\/span><\/p>\n<p><b>Refor\u00e7 de la gesti\u00f3 de residus<\/b><\/p>\n<p><span style=\"font-weight: 400;\">Aix\u00ed mateix, a trav\u00e9s de les mesures implementades per Benissa Impuls en col\u00b7laboraci\u00f3 amb l&#039;Ajuntament, es busca modernitzar la <strong>gesti\u00f3 de residus<\/strong> amb lobjectiu de complir les normatives auton\u00f2miques, estatals i europees sobre residus s\u00f2lids urbans. Recentment, el Consell va destinar 7,7 milions d&#039;euros per millorar la separaci\u00f3 de residus i refor\u00e7ar infraestructures a la Comunitat Valenciana, recolzant l&#039;estrat\u00e8gia local de Benissa.<\/span><\/p>\n<p><span style=\"font-weight: 400;\">Les principals accions inclouen la implementaci\u00f3 de nous sistemes de separaci\u00f3 a l&#039;origen, la millora de la recollida de residus, l&#039;adequaci\u00f3 d&#039;infraestructures municipals i el foment de la sensibilitzaci\u00f3 ciutadana. Aquestes mesures busquen col\u00b7locar Benissa en una posici\u00f3 avan\u00e7ada en la transici\u00f3 cap a un model de gesti\u00f3 m\u00e9s sostenible i alineat amb els est\u00e0ndards europeus.<\/span><\/p>\n<p><span style=\"font-weight: 400;\">A m\u00e9s, el Consell ha aprovat convenis per a tot el territori valenci\u00e0, que inclouen campanyes de sensibilitzaci\u00f3 i la inversi\u00f3 en infraestructures, \u00e0rees que Benissa ja est\u00e0 avan\u00e7ant. El comprom\u00eds del municipi amb la sostenibilitat i el compliment de la normativa assegura un futur m\u00e9s net i eficient per a Benissa.<\/span><\/p>","protected":false},"excerpt":{"rendered":"<p>El Ayuntamiento de Benissa se encuentra en un periodo de inversi\u00f3n municipal, as\u00ed como de cambios en ordenanzas municipales como tambi\u00e9n de gesti\u00f3n de servicios p\u00fablicos. El consistorio ha iniciado el periodo de consulta p\u00fablica para la elaboraci\u00f3n de una nueva Ordenanza Municipal Reguladora del Servicio de Taxi. Este tr\u00e1mite, previsto por la legislaci\u00f3n vigente, [&#8230;]<\/p>\n<p><a class=\"btn btn-secondary understrap-read-more-link\" href=\"https:\/\/radiolitoral.com\/ca\/2025\/11\/benissa-inicia-la-consulta-publica-para-actualizar-la-ordenanza-del-servicio-de-taxi\/\">Continua llegint&#8230;<span class=\"screen-reader-text\"> from Benissa inicia la consulta p\u00fablica para actualizar la ordenanza del servicio de taxi<\/span><\/a><\/p>\n","protected":false},"author":14,"featured_media":19311,"comment_status":"open","ping_status":"closed","sticky":false,"template":"","format":"standard","meta":{"_acf_changed":false,"inline_featured_image":false,"footnotes":""},"categories":[85],"tags":[126,1381,5104,5103],"class_list":["post-19310","post","type-post","status-publish","format-standard","has-post-thumbnail","hentry","category-servicios-publicos","tag-benissa","tag-benissa-impuls","tag-gestion-residuos","tag-ordenanza-taxis","cobertura-benissa"],"acf":[],"yoast_head":"<!-- This site is optimized with the Yoast SEO plugin v27.5 - https:\/\/yoast.com\/product\/yoast-seo-wordpress\/ -->\n<title>Benissa inicia la consulta p\u00fablica para actualizar la ordenanza del servicio de taxi | R\u00e0dio Litoral<\/title>\n<meta name=\"description\" content=\"La empresa municipal trabaja en la modernizaci\u00f3n de la gesti\u00f3n de residuos\" \/>\n<meta name=\"robots\" content=\"index, follow, max-snippet:-1, max-image-preview:large, max-video-preview:-1\" \/>\n<link rel=\"canonical\" href=\"https:\/\/radiolitoral.com\/ca\/2025\/11\/benissa-inicia-la-consulta-publica-per-actualitzar-lordenanca-del-servei-de-taxi\/\" \/>\n<meta property=\"og:locale\" content=\"ca_ES\" \/>\n<meta property=\"og:type\" content=\"article\" \/>\n<meta property=\"og:title\" content=\"Benissa inicia la consulta p\u00fablica para actualizar la ordenanza del servicio de taxi | R\u00e0dio Litoral\" \/>\n<meta property=\"og:description\" content=\"La empresa municipal trabaja en la modernizaci\u00f3n de la gesti\u00f3n de residuos\" \/>\n<meta property=\"og:url\" content=\"https:\/\/radiolitoral.com\/ca\/2025\/11\/benissa-inicia-la-consulta-publica-per-actualitzar-lordenanca-del-servei-de-taxi\/\" \/>\n<meta property=\"og:site_name\" content=\"R\u00e0dio Litoral\" \/>\n<meta property=\"article:publisher\" content=\"https:\/\/www.facebook.com\/Laradiolitoral\/\" \/>\n<meta property=\"article:published_time\" content=\"2025-11-27T10:21:08+00:00\" \/>\n<meta property=\"og:image\" content=\"https:\/\/media.radiolitoral.com\/wp-content\/uploads\/2025\/11\/27112053\/DESTACADA-WEB-1.png\" \/>\n\t<meta property=\"og:image:width\" content=\"1920\" \/>\n\t<meta property=\"og:image:height\" content=\"1166\" \/>\n\t<meta property=\"og:image:type\" content=\"image\/png\" \/>\n<meta name=\"author\" content=\"Redacci\u00f3n\" \/>\n<meta name=\"twitter:card\" content=\"summary_large_image\" \/>\n<meta name=\"twitter:label1\" content=\"Escrit per\" \/>\n\t<meta name=\"twitter:data1\" content=\"Redacci\u00f3n\" \/>\n\t<meta name=\"twitter:label2\" content=\"Temps estimat de lectura\" \/>\n\t<meta name=\"twitter:data2\" content=\"2 minuts\" \/>\n<script type=\"application\/ld+json\" class=\"yoast-schema-graph\">{\"@context\":\"https:\\\/\\\/schema.org\",\"@graph\":[{\"@type\":\"NewsArticle\",\"@id\":\"https:\\\/\\\/radiolitoral.com\\\/2025\\\/11\\\/benissa-inicia-la-consulta-publica-para-actualizar-la-ordenanza-del-servicio-de-taxi\\\/#article\",\"isPartOf\":{\"@id\":\"https:\\\/\\\/radiolitoral.com\\\/2025\\\/11\\\/benissa-inicia-la-consulta-publica-para-actualizar-la-ordenanza-del-servicio-de-taxi\\\/\"},\"author\":{\"name\":\"Redacci\u00f3n\",\"@id\":\"https:\\\/\\\/radiolitoral.com\\\/#\\\/schema\\\/person\\\/96b739642eb3bedb532aac3812d23307\"},\"headline\":\"Benissa inicia la consulta p\u00fablica para actualizar la ordenanza del servicio de taxi\",\"datePublished\":\"2025-11-27T10:21:08+00:00\",\"mainEntityOfPage\":{\"@id\":\"https:\\\/\\\/radiolitoral.com\\\/2025\\\/11\\\/benissa-inicia-la-consulta-publica-para-actualizar-la-ordenanza-del-servicio-de-taxi\\\/\"},\"wordCount\":388,\"commentCount\":0,\"publisher\":{\"@id\":\"https:\\\/\\\/radiolitoral.com\\\/#organization\"},\"image\":{\"@id\":\"https:\\\/\\\/radiolitoral.com\\\/2025\\\/11\\\/benissa-inicia-la-consulta-publica-para-actualizar-la-ordenanza-del-servicio-de-taxi\\\/#primaryimage\"},\"thumbnailUrl\":\"https:\\\/\\\/media.radiolitoral.com\\\/wp-content\\\/uploads\\\/2025\\\/11\\\/27112053\\\/DESTACADA-WEB-1.png\",\"keywords\":[\"Benissa\",\"Benissa Impuls\",\"gesti\u00f3n residuos\",\"ordenanza taxis\"],\"articleSection\":[\"Servicios P\u00fablicos\"],\"inLanguage\":\"ca\",\"potentialAction\":[{\"@type\":\"CommentAction\",\"name\":\"Comment\",\"target\":[\"https:\\\/\\\/radiolitoral.com\\\/2025\\\/11\\\/benissa-inicia-la-consulta-publica-para-actualizar-la-ordenanza-del-servicio-de-taxi\\\/#respond\"]}]},{\"@type\":[\"WebPage\",\"ItemPage\"],\"@id\":\"https:\\\/\\\/radiolitoral.com\\\/2025\\\/11\\\/benissa-inicia-la-consulta-publica-para-actualizar-la-ordenanza-del-servicio-de-taxi\\\/\",\"url\":\"https:\\\/\\\/radiolitoral.com\\\/2025\\\/11\\\/benissa-inicia-la-consulta-publica-para-actualizar-la-ordenanza-del-servicio-de-taxi\\\/\",\"name\":\"Benissa inicia la consulta p\u00fablica para actualizar la ordenanza del servicio de taxi | R\u00e0dio Litoral\",\"isPartOf\":{\"@id\":\"https:\\\/\\\/radiolitoral.com\\\/#website\"},\"primaryImageOfPage\":{\"@id\":\"https:\\\/\\\/radiolitoral.com\\\/2025\\\/11\\\/benissa-inicia-la-consulta-publica-para-actualizar-la-ordenanza-del-servicio-de-taxi\\\/#primaryimage\"},\"image\":{\"@id\":\"https:\\\/\\\/radiolitoral.com\\\/2025\\\/11\\\/benissa-inicia-la-consulta-publica-para-actualizar-la-ordenanza-del-servicio-de-taxi\\\/#primaryimage\"},\"thumbnailUrl\":\"https:\\\/\\\/media.radiolitoral.com\\\/wp-content\\\/uploads\\\/2025\\\/11\\\/27112053\\\/DESTACADA-WEB-1.png\",\"datePublished\":\"2025-11-27T10:21:08+00:00\",\"description\":\"La empresa municipal trabaja en la modernizaci\u00f3n de la gesti\u00f3n de residuos\",\"breadcrumb\":{\"@id\":\"https:\\\/\\\/radiolitoral.com\\\/2025\\\/11\\\/benissa-inicia-la-consulta-publica-para-actualizar-la-ordenanza-del-servicio-de-taxi\\\/#breadcrumb\"},\"inLanguage\":\"ca\",\"potentialAction\":[{\"@type\":\"ReadAction\",\"target\":[\"https:\\\/\\\/radiolitoral.com\\\/2025\\\/11\\\/benissa-inicia-la-consulta-publica-para-actualizar-la-ordenanza-del-servicio-de-taxi\\\/\"]}]},{\"@type\":\"ImageObject\",\"inLanguage\":\"ca\",\"@id\":\"https:\\\/\\\/radiolitoral.com\\\/2025\\\/11\\\/benissa-inicia-la-consulta-publica-para-actualizar-la-ordenanza-del-servicio-de-taxi\\\/#primaryimage\",\"url\":\"https:\\\/\\\/media.radiolitoral.com\\\/wp-content\\\/uploads\\\/2025\\\/11\\\/27112053\\\/DESTACADA-WEB-1.png\",\"contentUrl\":\"https:\\\/\\\/media.radiolitoral.com\\\/wp-content\\\/uploads\\\/2025\\\/11\\\/27112053\\\/DESTACADA-WEB-1.png\",\"width\":1920,\"height\":1166},{\"@type\":\"BreadcrumbList\",\"@id\":\"https:\\\/\\\/radiolitoral.com\\\/2025\\\/11\\\/benissa-inicia-la-consulta-publica-para-actualizar-la-ordenanza-del-servicio-de-taxi\\\/#breadcrumb\",\"itemListElement\":[{\"@type\":\"ListItem\",\"position\":1,\"name\":\"Portada\",\"item\":\"https:\\\/\\\/radiolitoral.com\\\/\"},{\"@type\":\"ListItem\",\"position\":2,\"name\":\"Benissa inicia la consulta p\u00fablica para actualizar la ordenanza del servicio de taxi\"}]},{\"@type\":\"WebSite\",\"@id\":\"https:\\\/\\\/radiolitoral.com\\\/#website\",\"url\":\"https:\\\/\\\/radiolitoral.com\\\/\",\"name\":\"Radio Litoral\",\"description\":\"La radio local de la Marina Alta\",\"publisher\":{\"@id\":\"https:\\\/\\\/radiolitoral.com\\\/#organization\"},\"alternateName\":\"Litoral FM\",\"potentialAction\":[{\"@type\":\"SearchAction\",\"target\":{\"@type\":\"EntryPoint\",\"urlTemplate\":\"https:\\\/\\\/radiolitoral.com\\\/?s={search_term_string}\"},\"query-input\":{\"@type\":\"PropertyValueSpecification\",\"valueRequired\":true,\"valueName\":\"search_term_string\"}}],\"inLanguage\":\"ca\"},{\"@type\":\"Organization\",\"@id\":\"https:\\\/\\\/radiolitoral.com\\\/#organization\",\"name\":\"Radio Litoral\",\"url\":\"https:\\\/\\\/radiolitoral.com\\\/\",\"logo\":{\"@type\":\"ImageObject\",\"inLanguage\":\"ca\",\"@id\":\"https:\\\/\\\/radiolitoral.com\\\/#\\\/schema\\\/logo\\\/image\\\/\",\"url\":\"https:\\\/\\\/media.radiolitoral.com\\\/wp-content\\\/uploads\\\/2023\\\/02\\\/24143238\\\/CL-V-RadioLitoral696.png\",\"contentUrl\":\"https:\\\/\\\/media.radiolitoral.com\\\/wp-content\\\/uploads\\\/2023\\\/02\\\/24143238\\\/CL-V-RadioLitoral696.png\",\"width\":696,\"height\":696,\"caption\":\"Radio Litoral\"},\"image\":{\"@id\":\"https:\\\/\\\/radiolitoral.com\\\/#\\\/schema\\\/logo\\\/image\\\/\"},\"sameAs\":[\"https:\\\/\\\/www.facebook.com\\\/Laradiolitoral\\\/\"]},{\"@type\":\"Person\",\"@id\":\"https:\\\/\\\/radiolitoral.com\\\/#\\\/schema\\\/person\\\/96b739642eb3bedb532aac3812d23307\",\"name\":\"Redacci\u00f3n\",\"image\":{\"@type\":\"ImageObject\",\"inLanguage\":\"ca\",\"@id\":\"https:\\\/\\\/secure.gravatar.com\\\/avatar\\\/30cd06129ee90411dd9c7cbdcf17464181d1a3c7b072e92070ea75a25cf0097e?s=96&d=mm&r=g\",\"url\":\"https:\\\/\\\/secure.gravatar.com\\\/avatar\\\/30cd06129ee90411dd9c7cbdcf17464181d1a3c7b072e92070ea75a25cf0097e?s=96&d=mm&r=g\",\"contentUrl\":\"https:\\\/\\\/secure.gravatar.com\\\/avatar\\\/30cd06129ee90411dd9c7cbdcf17464181d1a3c7b072e92070ea75a25cf0097e?s=96&d=mm&r=g\",\"caption\":\"Redacci\u00f3n\"},\"url\":\"https:\\\/\\\/radiolitoral.com\\\/ca\\\/author\\\/kevin-carrio\\\/\"}]}<\/script>\n<!-- \/ Yoast SEO plugin. -->","yoast_head_json":{"title":"Benissa inicia la consulta p\u00fablica per actualitzar l&#039;ordenan\u00e7a del servei de taxi R\u00e0dio Litoral","description":"L&#039;empresa municipal treballa per modernitzar la gesti\u00f3 de residus","robots":{"index":"index","follow":"follow","max-snippet":"max-snippet:-1","max-image-preview":"max-image-preview:large","max-video-preview":"max-video-preview:-1"},"canonical":"https:\/\/radiolitoral.com\/ca\/2025\/11\/benissa-inicia-la-consulta-publica-per-actualitzar-lordenanca-del-servei-de-taxi\/","og_locale":"ca_ES","og_type":"article","og_title":"Benissa inicia la consulta p\u00fablica para actualizar la ordenanza del servicio de taxi | R\u00e0dio Litoral","og_description":"La empresa municipal trabaja en la modernizaci\u00f3n de la gesti\u00f3n de residuos","og_url":"https:\/\/radiolitoral.com\/ca\/2025\/11\/benissa-inicia-la-consulta-publica-per-actualitzar-lordenanca-del-servei-de-taxi\/","og_site_name":"R\u00e0dio Litoral","article_publisher":"https:\/\/www.facebook.com\/Laradiolitoral\/","article_published_time":"2025-11-27T10:21:08+00:00","og_image":[{"width":1920,"height":1166,"url":"https:\/\/media.radiolitoral.com\/wp-content\/uploads\/2025\/11\/27112053\/DESTACADA-WEB-1.png","type":"image\/png"}],"author":"Redacci\u00f3n","twitter_card":"summary_large_image","twitter_misc":{"Escrit per":"Redacci\u00f3n","Temps estimat de lectura":"2 minuts"},"schema":{"@context":"https:\/\/schema.org","@graph":[{"@type":"NewsArticle","@id":"https:\/\/radiolitoral.com\/2025\/11\/benissa-inicia-la-consulta-publica-para-actualizar-la-ordenanza-del-servicio-de-taxi\/#article","isPartOf":{"@id":"https:\/\/radiolitoral.com\/2025\/11\/benissa-inicia-la-consulta-publica-para-actualizar-la-ordenanza-del-servicio-de-taxi\/"},"author":{"name":"Redacci\u00f3n","@id":"https:\/\/radiolitoral.com\/#\/schema\/person\/96b739642eb3bedb532aac3812d23307"},"headline":"Benissa inicia la consulta p\u00fablica para actualizar la ordenanza del servicio de taxi","datePublished":"2025-11-27T10:21:08+00:00","mainEntityOfPage":{"@id":"https:\/\/radiolitoral.com\/2025\/11\/benissa-inicia-la-consulta-publica-para-actualizar-la-ordenanza-del-servicio-de-taxi\/"},"wordCount":388,"commentCount":0,"publisher":{"@id":"https:\/\/radiolitoral.com\/#organization"},"image":{"@id":"https:\/\/radiolitoral.com\/2025\/11\/benissa-inicia-la-consulta-publica-para-actualizar-la-ordenanza-del-servicio-de-taxi\/#primaryimage"},"thumbnailUrl":"https:\/\/media.radiolitoral.com\/wp-content\/uploads\/2025\/11\/27112053\/DESTACADA-WEB-1.png","keywords":["Benissa","Benissa Impuls","gesti\u00f3n residuos","ordenanza taxis"],"articleSection":["Servicios P\u00fablicos"],"inLanguage":"ca","potentialAction":[{"@type":"CommentAction","name":"Comment","target":["https:\/\/radiolitoral.com\/2025\/11\/benissa-inicia-la-consulta-publica-para-actualizar-la-ordenanza-del-servicio-de-taxi\/#respond"]}]},{"@type":["WebPage","ItemPage"],"@id":"https:\/\/radiolitoral.com\/2025\/11\/benissa-inicia-la-consulta-publica-para-actualizar-la-ordenanza-del-servicio-de-taxi\/","url":"https:\/\/radiolitoral.com\/2025\/11\/benissa-inicia-la-consulta-publica-para-actualizar-la-ordenanza-del-servicio-de-taxi\/","name":"Benissa inicia la consulta p\u00fablica per actualitzar l&#039;ordenan\u00e7a del servei de taxi R\u00e0dio Litoral","isPartOf":{"@id":"https:\/\/radiolitoral.com\/#website"},"primaryImageOfPage":{"@id":"https:\/\/radiolitoral.com\/2025\/11\/benissa-inicia-la-consulta-publica-para-actualizar-la-ordenanza-del-servicio-de-taxi\/#primaryimage"},"image":{"@id":"https:\/\/radiolitoral.com\/2025\/11\/benissa-inicia-la-consulta-publica-para-actualizar-la-ordenanza-del-servicio-de-taxi\/#primaryimage"},"thumbnailUrl":"https:\/\/media.radiolitoral.com\/wp-content\/uploads\/2025\/11\/27112053\/DESTACADA-WEB-1.png","datePublished":"2025-11-27T10:21:08+00:00","description":"L&#039;empresa municipal treballa per modernitzar la gesti\u00f3 de residus","breadcrumb":{"@id":"https:\/\/radiolitoral.com\/2025\/11\/benissa-inicia-la-consulta-publica-para-actualizar-la-ordenanza-del-servicio-de-taxi\/#breadcrumb"},"inLanguage":"ca","potentialAction":[{"@type":"ReadAction","target":["https:\/\/radiolitoral.com\/2025\/11\/benissa-inicia-la-consulta-publica-para-actualizar-la-ordenanza-del-servicio-de-taxi\/"]}]},{"@type":"ImageObject","inLanguage":"ca","@id":"https:\/\/radiolitoral.com\/2025\/11\/benissa-inicia-la-consulta-publica-para-actualizar-la-ordenanza-del-servicio-de-taxi\/#primaryimage","url":"https:\/\/media.radiolitoral.com\/wp-content\/uploads\/2025\/11\/27112053\/DESTACADA-WEB-1.png","contentUrl":"https:\/\/media.radiolitoral.com\/wp-content\/uploads\/2025\/11\/27112053\/DESTACADA-WEB-1.png","width":1920,"height":1166},{"@type":"BreadcrumbList","@id":"https:\/\/radiolitoral.com\/2025\/11\/benissa-inicia-la-consulta-publica-para-actualizar-la-ordenanza-del-servicio-de-taxi\/#breadcrumb","itemListElement":[{"@type":"ListItem","position":1,"name":"Portada","item":"https:\/\/radiolitoral.com\/"},{"@type":"ListItem","position":2,"name":"Benissa inicia la consulta p\u00fablica para actualizar la ordenanza del servicio de taxi"}]},{"@type":"WebSite","@id":"https:\/\/radiolitoral.com\/#website","url":"https:\/\/radiolitoral.com\/","name":"R\u00e0dio Litoral","description":"La r\u00e0dio local de la Marina Alta","publisher":{"@id":"https:\/\/radiolitoral.com\/#organization"},"alternateName":"Litoral FM","potentialAction":[{"@type":"SearchAction","target":{"@type":"EntryPoint","urlTemplate":"https:\/\/radiolitoral.com\/?s={search_term_string}"},"query-input":{"@type":"PropertyValueSpecification","valueRequired":true,"valueName":"search_term_string"}}],"inLanguage":"ca"},{"@type":"Organization","@id":"https:\/\/radiolitoral.com\/#organization","name":"R\u00e0dio Litoral","url":"https:\/\/radiolitoral.com\/","logo":{"@type":"ImageObject","inLanguage":"ca","@id":"https:\/\/radiolitoral.com\/#\/schema\/logo\/image\/","url":"https:\/\/media.radiolitoral.com\/wp-content\/uploads\/2023\/02\/24143238\/CL-V-RadioLitoral696.png","contentUrl":"https:\/\/media.radiolitoral.com\/wp-content\/uploads\/2023\/02\/24143238\/CL-V-RadioLitoral696.png","width":696,"height":696,"caption":"Radio Litoral"},"image":{"@id":"https:\/\/radiolitoral.com\/#\/schema\/logo\/image\/"},"sameAs":["https:\/\/www.facebook.com\/Laradiolitoral\/"]},{"@type":"Person","@id":"https:\/\/radiolitoral.com\/#\/schema\/person\/96b739642eb3bedb532aac3812d23307","name":"Redacci\u00f3","image":{"@type":"ImageObject","inLanguage":"ca","@id":"https:\/\/secure.gravatar.com\/avatar\/30cd06129ee90411dd9c7cbdcf17464181d1a3c7b072e92070ea75a25cf0097e?s=96&d=mm&r=g","url":"https:\/\/secure.gravatar.com\/avatar\/30cd06129ee90411dd9c7cbdcf17464181d1a3c7b072e92070ea75a25cf0097e?s=96&d=mm&r=g","contentUrl":"https:\/\/secure.gravatar.com\/avatar\/30cd06129ee90411dd9c7cbdcf17464181d1a3c7b072e92070ea75a25cf0097e?s=96&d=mm&r=g","caption":"Redacci\u00f3n"},"url":"https:\/\/radiolitoral.com\/ca\/author\/kevin-carrio\/"}]}},"_links":{"self":[{"href":"https:\/\/radiolitoral.com\/ca\/wp-json\/wp\/v2\/posts\/19310","targetHints":{"allow":["GET"]}}],"collection":[{"href":"https:\/\/radiolitoral.com\/ca\/wp-json\/wp\/v2\/posts"}],"about":[{"href":"https:\/\/radiolitoral.com\/ca\/wp-json\/wp\/v2\/types\/post"}],"author":[{"embeddable":true,"href":"https:\/\/radiolitoral.com\/ca\/wp-json\/wp\/v2\/users\/14"}],"replies":[{"embeddable":true,"href":"https:\/\/radiolitoral.com\/ca\/wp-json\/wp\/v2\/comments?post=19310"}],"version-history":[{"count":1,"href":"https:\/\/radiolitoral.com\/ca\/wp-json\/wp\/v2\/posts\/19310\/revisions"}],"predecessor-version":[{"id":19312,"href":"https:\/\/radiolitoral.com\/ca\/wp-json\/wp\/v2\/posts\/19310\/revisions\/19312"}],"wp:featuredmedia":[{"embeddable":true,"href":"https:\/\/radiolitoral.com\/ca\/wp-json\/wp\/v2\/media\/19311"}],"wp:attachment":[{"href":"https:\/\/radiolitoral.com\/ca\/wp-json\/wp\/v2\/media?parent=19310"}],"wp:term":[{"taxonomy":"category","embeddable":true,"href":"https:\/\/radiolitoral.com\/ca\/wp-json\/wp\/v2\/categories?post=19310"},{"taxonomy":"post_tag","embeddable":true,"href":"https:\/\/radiolitoral.com\/ca\/wp-json\/wp\/v2\/tags?post=19310"}],"curies":[{"name":"wp","href":"https:\/\/api.w.org\/{rel}","templated":true}]}}