{"id":19259,"date":"2025-11-19T11:08:12","date_gmt":"2025-11-19T10:08:12","guid":{"rendered":"https:\/\/radiolitoral.com\/?p=19259"},"modified":"2025-11-19T11:08:47","modified_gmt":"2025-11-19T10:08:47","slug":"cultura-pel-25n-teulada-moraira-prepara-una-amplia-programacio","status":"publish","type":"post","link":"https:\/\/radiolitoral.com\/ca\/2025\/11\/cultura-por-el-25n-teulada-moraira-prepara-una-amplia-programacion\/","title":{"rendered":"Cultura pel 25N: Teulada Moraira prepara una \u00e0mplia programaci\u00f3"},"content":{"rendered":"<p data-start=\"106\" data-end=\"453\">L&#039;Ajuntament de\u00a0<strong>Teulada Moraira<\/strong>\u00a0ha preparat una s\u00e8rie d&#039;activitats per commemorar\u00a0<strong>el 25 de novembre<\/strong>, Dia Internacional per a l&#039;Eliminaci\u00f3 de la Viol\u00e8ncia contra la Dona. Aquesta programaci\u00f3 t\u00e9 com a objectiu reflexionar, sensibilitzar i contribuir a construir una societat m\u00e9s justa, igualit\u00e0ria i lliure per a totes les persones.<\/p>\n<p data-start=\"455\" data-end=\"731\">Des del 3 de novembre fins a l&#039;1 de desembre, la Biblioteca Municipal de Teulada i l&#039;Ag\u00e8ncia de Lectura de Moraira acolliran una exposici\u00f3 de llibres per a totes les edats, centrats a la\u00a0<strong>viol\u00e8ncia de g\u00e8nere<\/strong>, per fomentar la consci\u00e8ncia i l&#039;aprenentatge des de la inf\u00e0ncia.<\/p>\n<p data-start=\"733\" data-end=\"910\">L&#039;agenda d&#039;activitats inclou una representaci\u00f3 teatral el 9 de novembre, amb l&#039;obra Ecos del fango, a les 18.30 ha l&#039;Auditori Teulada Moraira, d&#039;entrada gratu\u00efta.<\/p>\n<p data-start=\"733\" data-end=\"910\"><a href=\"https:\/\/media.marinaalta.es\/wp-content\/uploads\/2025\/11\/19104720\/573154480_18404367523141332_8214169324026686810_n.jpg\"><img loading=\"lazy\" decoding=\"async\" class=\"size-large wp-image-87695 aligncenter\" src=\"https:\/\/media.marinaalta.es\/wp-content\/uploads\/2025\/11\/19104720\/573154480_18404367523141332_8214169324026686810_n-819x1024.jpg\" sizes=\"auto, (max-width: 640px) 100vw, 640px\" srcset=\"https:\/\/media.marinaalta.es\/wp-content\/uploads\/2025\/11\/19104720\/573154480_18404367523141332_8214169324026686810_n-819x1024.jpg 819w, https:\/\/media.marinaalta.es\/wp-content\/uploads\/2025\/11\/19104720\/573154480_18404367523141332_8214169324026686810_n-240x300.jpg 240w, https:\/\/media.marinaalta.es\/wp-content\/uploads\/2025\/11\/19104720\/573154480_18404367523141332_8214169324026686810_n-768x960.jpg 768w, https:\/\/media.marinaalta.es\/wp-content\/uploads\/2025\/11\/19104720\/573154480_18404367523141332_8214169324026686810_n-1228x1536.jpg 1228w, https:\/\/media.marinaalta.es\/wp-content\/uploads\/2025\/11\/19104720\/573154480_18404367523141332_8214169324026686810_n-392x490.jpg 392w, https:\/\/media.marinaalta.es\/wp-content\/uploads\/2025\/11\/19104720\/573154480_18404367523141332_8214169324026686810_n.jpg 1350w\" alt=\"\" width=\"640\" height=\"800\" \/><\/a><\/p>\n<h2 data-start=\"733\" data-end=\"910\">Actes centrals pel 25N<\/h2>\n<p data-start=\"912\" data-end=\"1118\">El\u00a0<strong>dilluns 24 de novembre<\/strong>, la Pla\u00e7a del Constituci\u00f3 ser\u00e0 l&#039;escenari per muntar l&#039;exposici\u00f3 \u00abAix\u00f2 no \u00e9s normal\u00bb, que cerca sensibilitzar sobre les diferents formes de viol\u00e8ncia que afecten les dones.<\/p>\n<p data-start=\"1120\" data-end=\"1489\">El dia central de la jornada,\u00a0<strong>el 25 de novembre<\/strong>, comen\u00e7ar\u00e0 amb la lectura del manifest a la Pla\u00e7a del Constituci\u00f3 a les 11.30 h, seguida d&#039;una xerrada a les 12.30 h al Sal\u00f3 d&#039;Actes de l&#039;Ajuntament, a c\u00e0rrec d&#039;Aar\u00f3n Asensio, expert en assetjament digital en xarxes socials i viol\u00e8ncia de g\u00e8nere. Aquesta xerrada s&#039;adre\u00e7a especialment a l&#039;alumnat de l&#039;IES Teulada.<\/p>\n<p data-start=\"1491\" data-end=\"1651\">El\u00a0<strong>dijous 27 de novembre<\/strong>, de 17:30 a 19:00 h, es dur\u00e0 a terme un taller interactiu sobre els Mites de l&#039;amor rom\u00e0ntic a la seu de Creu Roja de Teulada. Finalment,\u00a0<strong>del 24 al 28 de novembre<\/strong>, s&#039;il\u00b7luminaran els edificis p\u00fablics de Teulada Moraira amb el color violeta, en suport a la lluita contra la viol\u00e8ncia de g\u00e8nere.<\/p>","protected":false},"excerpt":{"rendered":"<p>El Ayuntamiento de\u00a0Teulada Moraira\u00a0ha preparado una serie de actividades para conmemorar\u00a0el 25 de noviembre, D\u00eda Internacional para la Eliminaci\u00f3n de la Violencia contra la Mujer. Esta programaci\u00f3n tiene como objetivo reflexionar, sensibilizar y contribuir a la construcci\u00f3n de una sociedad m\u00e1s justa, igualitaria y libre para todas las personas. Desde el 3 de noviembre hasta [&#8230;]<\/p>\n<p><a class=\"btn btn-secondary understrap-read-more-link\" href=\"https:\/\/radiolitoral.com\/ca\/2025\/11\/cultura-por-el-25n-teulada-moraira-prepara-una-amplia-programacion\/\">Continua llegint&#8230;<span class=\"screen-reader-text\"> from Cultura por el 25N: Teulada Moraira prepara una amplia programaci\u00f3n<\/span><\/a><\/p>\n","protected":false},"author":14,"featured_media":19261,"comment_status":"open","ping_status":"closed","sticky":false,"template":"","format":"standard","meta":{"_acf_changed":false,"inline_featured_image":false,"footnotes":""},"categories":[5097],"tags":[2733,2752],"class_list":["post-19259","post","type-post","status-publish","format-standard","has-post-thumbnail","hentry","category-25n","tag-25n","tag-dia-internacional-para-la-eliminacion-de-la-violencia-de-genero","cobertura-teulada-moraira"],"acf":[],"yoast_head":"<!-- This site is optimized with the Yoast SEO plugin v27.5 - https:\/\/yoast.com\/product\/yoast-seo-wordpress\/ -->\n<title>Cultura por el 25N: Teulada Moraira prepara una amplia programaci\u00f3n | R\u00e0dio Litoral<\/title>\n<meta name=\"description\" content=\"Reivindicaci\u00f3n, exposiciones y teatro por el D\u00eda de la Eliminaci\u00f3n de la Violencia contra las Mujeres\" \/>\n<meta name=\"robots\" content=\"index, follow, max-snippet:-1, max-image-preview:large, max-video-preview:-1\" \/>\n<link rel=\"canonical\" href=\"https:\/\/radiolitoral.com\/ca\/2025\/11\/cultura-pel-25n-teulada-moraira-prepara-una-amplia-programacio\/\" \/>\n<meta property=\"og:locale\" content=\"ca_ES\" \/>\n<meta property=\"og:type\" content=\"article\" \/>\n<meta property=\"og:title\" content=\"Cultura por el 25N: Teulada Moraira prepara una amplia programaci\u00f3n | R\u00e0dio Litoral\" \/>\n<meta property=\"og:description\" content=\"Reivindicaci\u00f3n, exposiciones y teatro por el D\u00eda de la Eliminaci\u00f3n de la Violencia contra las Mujeres\" \/>\n<meta property=\"og:url\" content=\"https:\/\/radiolitoral.com\/ca\/2025\/11\/cultura-pel-25n-teulada-moraira-prepara-una-amplia-programacio\/\" \/>\n<meta property=\"og:site_name\" content=\"R\u00e0dio Litoral\" \/>\n<meta property=\"article:publisher\" content=\"https:\/\/www.facebook.com\/Laradiolitoral\/\" \/>\n<meta property=\"article:published_time\" content=\"2025-11-19T10:08:12+00:00\" \/>\n<meta property=\"article:modified_time\" content=\"2025-11-19T10:08:47+00:00\" \/>\n<meta property=\"og:image\" content=\"https:\/\/media.radiolitoral.com\/wp-content\/uploads\/2025\/11\/19110828\/25N-TEULADA.jpg\" \/>\n\t<meta property=\"og:image:width\" content=\"2048\" \/>\n\t<meta property=\"og:image:height\" content=\"1536\" \/>\n\t<meta property=\"og:image:type\" content=\"image\/jpeg\" \/>\n<meta name=\"author\" content=\"Redacci\u00f3n\" \/>\n<meta name=\"twitter:card\" content=\"summary_large_image\" \/>\n<meta name=\"twitter:label1\" content=\"Escrit per\" \/>\n\t<meta name=\"twitter:data1\" content=\"Redacci\u00f3n\" \/>\n\t<meta name=\"twitter:label2\" content=\"Temps estimat de lectura\" \/>\n\t<meta name=\"twitter:data2\" content=\"2 minuts\" \/>\n<script type=\"application\/ld+json\" class=\"yoast-schema-graph\">{\"@context\":\"https:\\\/\\\/schema.org\",\"@graph\":[{\"@type\":\"NewsArticle\",\"@id\":\"https:\\\/\\\/radiolitoral.com\\\/2025\\\/11\\\/cultura-por-el-25n-teulada-moraira-prepara-una-amplia-programacion\\\/#article\",\"isPartOf\":{\"@id\":\"https:\\\/\\\/radiolitoral.com\\\/2025\\\/11\\\/cultura-por-el-25n-teulada-moraira-prepara-una-amplia-programacion\\\/\"},\"author\":{\"name\":\"Redacci\u00f3n\",\"@id\":\"https:\\\/\\\/radiolitoral.com\\\/#\\\/schema\\\/person\\\/96b739642eb3bedb532aac3812d23307\"},\"headline\":\"Cultura por el 25N: Teulada Moraira prepara una amplia programaci\u00f3n\",\"datePublished\":\"2025-11-19T10:08:12+00:00\",\"dateModified\":\"2025-11-19T10:08:47+00:00\",\"mainEntityOfPage\":{\"@id\":\"https:\\\/\\\/radiolitoral.com\\\/2025\\\/11\\\/cultura-por-el-25n-teulada-moraira-prepara-una-amplia-programacion\\\/\"},\"wordCount\":311,\"commentCount\":0,\"publisher\":{\"@id\":\"https:\\\/\\\/radiolitoral.com\\\/#organization\"},\"image\":{\"@id\":\"https:\\\/\\\/radiolitoral.com\\\/2025\\\/11\\\/cultura-por-el-25n-teulada-moraira-prepara-una-amplia-programacion\\\/#primaryimage\"},\"thumbnailUrl\":\"https:\\\/\\\/media.radiolitoral.com\\\/wp-content\\\/uploads\\\/2025\\\/11\\\/19110828\\\/25N-TEULADA.jpg\",\"keywords\":[\"25N\",\"D\u00eda Internacional para la eliminaci\u00f3n de la violencia de g\u00e9nero\"],\"articleSection\":[\"25N\"],\"inLanguage\":\"ca\",\"potentialAction\":[{\"@type\":\"CommentAction\",\"name\":\"Comment\",\"target\":[\"https:\\\/\\\/radiolitoral.com\\\/2025\\\/11\\\/cultura-por-el-25n-teulada-moraira-prepara-una-amplia-programacion\\\/#respond\"]}]},{\"@type\":[\"WebPage\",\"ItemPage\"],\"@id\":\"https:\\\/\\\/radiolitoral.com\\\/2025\\\/11\\\/cultura-por-el-25n-teulada-moraira-prepara-una-amplia-programacion\\\/\",\"url\":\"https:\\\/\\\/radiolitoral.com\\\/2025\\\/11\\\/cultura-por-el-25n-teulada-moraira-prepara-una-amplia-programacion\\\/\",\"name\":\"Cultura por el 25N: Teulada Moraira prepara una amplia programaci\u00f3n | R\u00e0dio Litoral\",\"isPartOf\":{\"@id\":\"https:\\\/\\\/radiolitoral.com\\\/#website\"},\"primaryImageOfPage\":{\"@id\":\"https:\\\/\\\/radiolitoral.com\\\/2025\\\/11\\\/cultura-por-el-25n-teulada-moraira-prepara-una-amplia-programacion\\\/#primaryimage\"},\"image\":{\"@id\":\"https:\\\/\\\/radiolitoral.com\\\/2025\\\/11\\\/cultura-por-el-25n-teulada-moraira-prepara-una-amplia-programacion\\\/#primaryimage\"},\"thumbnailUrl\":\"https:\\\/\\\/media.radiolitoral.com\\\/wp-content\\\/uploads\\\/2025\\\/11\\\/19110828\\\/25N-TEULADA.jpg\",\"datePublished\":\"2025-11-19T10:08:12+00:00\",\"dateModified\":\"2025-11-19T10:08:47+00:00\",\"description\":\"Reivindicaci\u00f3n, exposiciones y teatro por el D\u00eda de la Eliminaci\u00f3n de la Violencia contra las Mujeres\",\"breadcrumb\":{\"@id\":\"https:\\\/\\\/radiolitoral.com\\\/2025\\\/11\\\/cultura-por-el-25n-teulada-moraira-prepara-una-amplia-programacion\\\/#breadcrumb\"},\"inLanguage\":\"ca\",\"potentialAction\":[{\"@type\":\"ReadAction\",\"target\":[\"https:\\\/\\\/radiolitoral.com\\\/2025\\\/11\\\/cultura-por-el-25n-teulada-moraira-prepara-una-amplia-programacion\\\/\"]}]},{\"@type\":\"ImageObject\",\"inLanguage\":\"ca\",\"@id\":\"https:\\\/\\\/radiolitoral.com\\\/2025\\\/11\\\/cultura-por-el-25n-teulada-moraira-prepara-una-amplia-programacion\\\/#primaryimage\",\"url\":\"https:\\\/\\\/media.radiolitoral.com\\\/wp-content\\\/uploads\\\/2025\\\/11\\\/19110828\\\/25N-TEULADA.jpg\",\"contentUrl\":\"https:\\\/\\\/media.radiolitoral.com\\\/wp-content\\\/uploads\\\/2025\\\/11\\\/19110828\\\/25N-TEULADA.jpg\",\"width\":2048,\"height\":1536},{\"@type\":\"BreadcrumbList\",\"@id\":\"https:\\\/\\\/radiolitoral.com\\\/2025\\\/11\\\/cultura-por-el-25n-teulada-moraira-prepara-una-amplia-programacion\\\/#breadcrumb\",\"itemListElement\":[{\"@type\":\"ListItem\",\"position\":1,\"name\":\"Portada\",\"item\":\"https:\\\/\\\/radiolitoral.com\\\/\"},{\"@type\":\"ListItem\",\"position\":2,\"name\":\"Cultura por el 25N: Teulada Moraira prepara una amplia programaci\u00f3n\"}]},{\"@type\":\"WebSite\",\"@id\":\"https:\\\/\\\/radiolitoral.com\\\/#website\",\"url\":\"https:\\\/\\\/radiolitoral.com\\\/\",\"name\":\"Radio Litoral\",\"description\":\"La radio local de la Marina Alta\",\"publisher\":{\"@id\":\"https:\\\/\\\/radiolitoral.com\\\/#organization\"},\"alternateName\":\"Litoral FM\",\"potentialAction\":[{\"@type\":\"SearchAction\",\"target\":{\"@type\":\"EntryPoint\",\"urlTemplate\":\"https:\\\/\\\/radiolitoral.com\\\/?s={search_term_string}\"},\"query-input\":{\"@type\":\"PropertyValueSpecification\",\"valueRequired\":true,\"valueName\":\"search_term_string\"}}],\"inLanguage\":\"ca\"},{\"@type\":\"Organization\",\"@id\":\"https:\\\/\\\/radiolitoral.com\\\/#organization\",\"name\":\"Radio Litoral\",\"url\":\"https:\\\/\\\/radiolitoral.com\\\/\",\"logo\":{\"@type\":\"ImageObject\",\"inLanguage\":\"ca\",\"@id\":\"https:\\\/\\\/radiolitoral.com\\\/#\\\/schema\\\/logo\\\/image\\\/\",\"url\":\"https:\\\/\\\/media.radiolitoral.com\\\/wp-content\\\/uploads\\\/2023\\\/02\\\/24143238\\\/CL-V-RadioLitoral696.png\",\"contentUrl\":\"https:\\\/\\\/media.radiolitoral.com\\\/wp-content\\\/uploads\\\/2023\\\/02\\\/24143238\\\/CL-V-RadioLitoral696.png\",\"width\":696,\"height\":696,\"caption\":\"Radio Litoral\"},\"image\":{\"@id\":\"https:\\\/\\\/radiolitoral.com\\\/#\\\/schema\\\/logo\\\/image\\\/\"},\"sameAs\":[\"https:\\\/\\\/www.facebook.com\\\/Laradiolitoral\\\/\"]},{\"@type\":\"Person\",\"@id\":\"https:\\\/\\\/radiolitoral.com\\\/#\\\/schema\\\/person\\\/96b739642eb3bedb532aac3812d23307\",\"name\":\"Redacci\u00f3n\",\"image\":{\"@type\":\"ImageObject\",\"inLanguage\":\"ca\",\"@id\":\"https:\\\/\\\/secure.gravatar.com\\\/avatar\\\/30cd06129ee90411dd9c7cbdcf17464181d1a3c7b072e92070ea75a25cf0097e?s=96&d=mm&r=g\",\"url\":\"https:\\\/\\\/secure.gravatar.com\\\/avatar\\\/30cd06129ee90411dd9c7cbdcf17464181d1a3c7b072e92070ea75a25cf0097e?s=96&d=mm&r=g\",\"contentUrl\":\"https:\\\/\\\/secure.gravatar.com\\\/avatar\\\/30cd06129ee90411dd9c7cbdcf17464181d1a3c7b072e92070ea75a25cf0097e?s=96&d=mm&r=g\",\"caption\":\"Redacci\u00f3n\"},\"url\":\"https:\\\/\\\/radiolitoral.com\\\/ca\\\/author\\\/kevin-carrio\\\/\"}]}<\/script>\n<!-- \/ Yoast SEO plugin. -->","yoast_head_json":{"title":"Cultura pel 25N: Teulada Moraira prepara una \u00e0mplia programaci\u00f3 | R\u00e0dio Litoral","description":"Reivindicaci\u00f3, exposicions i teatre pel Dia de l\u00b4Eliminaci\u00f3 de la Viol\u00e8ncia contra les Dones","robots":{"index":"index","follow":"follow","max-snippet":"max-snippet:-1","max-image-preview":"max-image-preview:large","max-video-preview":"max-video-preview:-1"},"canonical":"https:\/\/radiolitoral.com\/ca\/2025\/11\/cultura-pel-25n-teulada-moraira-prepara-una-amplia-programacio\/","og_locale":"ca_ES","og_type":"article","og_title":"Cultura por el 25N: Teulada Moraira prepara una amplia programaci\u00f3n | R\u00e0dio Litoral","og_description":"Reivindicaci\u00f3n, exposiciones y teatro por el D\u00eda de la Eliminaci\u00f3n de la Violencia contra las Mujeres","og_url":"https:\/\/radiolitoral.com\/ca\/2025\/11\/cultura-pel-25n-teulada-moraira-prepara-una-amplia-programacio\/","og_site_name":"R\u00e0dio Litoral","article_publisher":"https:\/\/www.facebook.com\/Laradiolitoral\/","article_published_time":"2025-11-19T10:08:12+00:00","article_modified_time":"2025-11-19T10:08:47+00:00","og_image":[{"width":2048,"height":1536,"url":"https:\/\/media.radiolitoral.com\/wp-content\/uploads\/2025\/11\/19110828\/25N-TEULADA.jpg","type":"image\/jpeg"}],"author":"Redacci\u00f3n","twitter_card":"summary_large_image","twitter_misc":{"Escrit per":"Redacci\u00f3n","Temps estimat de lectura":"2 minuts"},"schema":{"@context":"https:\/\/schema.org","@graph":[{"@type":"NewsArticle","@id":"https:\/\/radiolitoral.com\/2025\/11\/cultura-por-el-25n-teulada-moraira-prepara-una-amplia-programacion\/#article","isPartOf":{"@id":"https:\/\/radiolitoral.com\/2025\/11\/cultura-por-el-25n-teulada-moraira-prepara-una-amplia-programacion\/"},"author":{"name":"Redacci\u00f3n","@id":"https:\/\/radiolitoral.com\/#\/schema\/person\/96b739642eb3bedb532aac3812d23307"},"headline":"Cultura por el 25N: Teulada Moraira prepara una amplia programaci\u00f3n","datePublished":"2025-11-19T10:08:12+00:00","dateModified":"2025-11-19T10:08:47+00:00","mainEntityOfPage":{"@id":"https:\/\/radiolitoral.com\/2025\/11\/cultura-por-el-25n-teulada-moraira-prepara-una-amplia-programacion\/"},"wordCount":311,"commentCount":0,"publisher":{"@id":"https:\/\/radiolitoral.com\/#organization"},"image":{"@id":"https:\/\/radiolitoral.com\/2025\/11\/cultura-por-el-25n-teulada-moraira-prepara-una-amplia-programacion\/#primaryimage"},"thumbnailUrl":"https:\/\/media.radiolitoral.com\/wp-content\/uploads\/2025\/11\/19110828\/25N-TEULADA.jpg","keywords":["25N","D\u00eda Internacional para la eliminaci\u00f3n de la violencia de g\u00e9nero"],"articleSection":["25N"],"inLanguage":"ca","potentialAction":[{"@type":"CommentAction","name":"Comment","target":["https:\/\/radiolitoral.com\/2025\/11\/cultura-por-el-25n-teulada-moraira-prepara-una-amplia-programacion\/#respond"]}]},{"@type":["WebPage","ItemPage"],"@id":"https:\/\/radiolitoral.com\/2025\/11\/cultura-por-el-25n-teulada-moraira-prepara-una-amplia-programacion\/","url":"https:\/\/radiolitoral.com\/2025\/11\/cultura-por-el-25n-teulada-moraira-prepara-una-amplia-programacion\/","name":"Cultura pel 25N: Teulada Moraira prepara una \u00e0mplia programaci\u00f3 | R\u00e0dio Litoral","isPartOf":{"@id":"https:\/\/radiolitoral.com\/#website"},"primaryImageOfPage":{"@id":"https:\/\/radiolitoral.com\/2025\/11\/cultura-por-el-25n-teulada-moraira-prepara-una-amplia-programacion\/#primaryimage"},"image":{"@id":"https:\/\/radiolitoral.com\/2025\/11\/cultura-por-el-25n-teulada-moraira-prepara-una-amplia-programacion\/#primaryimage"},"thumbnailUrl":"https:\/\/media.radiolitoral.com\/wp-content\/uploads\/2025\/11\/19110828\/25N-TEULADA.jpg","datePublished":"2025-11-19T10:08:12+00:00","dateModified":"2025-11-19T10:08:47+00:00","description":"Reivindicaci\u00f3, exposicions i teatre pel Dia de l\u00b4Eliminaci\u00f3 de la Viol\u00e8ncia contra les Dones","breadcrumb":{"@id":"https:\/\/radiolitoral.com\/2025\/11\/cultura-por-el-25n-teulada-moraira-prepara-una-amplia-programacion\/#breadcrumb"},"inLanguage":"ca","potentialAction":[{"@type":"ReadAction","target":["https:\/\/radiolitoral.com\/2025\/11\/cultura-por-el-25n-teulada-moraira-prepara-una-amplia-programacion\/"]}]},{"@type":"ImageObject","inLanguage":"ca","@id":"https:\/\/radiolitoral.com\/2025\/11\/cultura-por-el-25n-teulada-moraira-prepara-una-amplia-programacion\/#primaryimage","url":"https:\/\/media.radiolitoral.com\/wp-content\/uploads\/2025\/11\/19110828\/25N-TEULADA.jpg","contentUrl":"https:\/\/media.radiolitoral.com\/wp-content\/uploads\/2025\/11\/19110828\/25N-TEULADA.jpg","width":2048,"height":1536},{"@type":"BreadcrumbList","@id":"https:\/\/radiolitoral.com\/2025\/11\/cultura-por-el-25n-teulada-moraira-prepara-una-amplia-programacion\/#breadcrumb","itemListElement":[{"@type":"ListItem","position":1,"name":"Portada","item":"https:\/\/radiolitoral.com\/"},{"@type":"ListItem","position":2,"name":"Cultura por el 25N: Teulada Moraira prepara una amplia programaci\u00f3n"}]},{"@type":"WebSite","@id":"https:\/\/radiolitoral.com\/#website","url":"https:\/\/radiolitoral.com\/","name":"R\u00e0dio Litoral","description":"La r\u00e0dio local de la Marina Alta","publisher":{"@id":"https:\/\/radiolitoral.com\/#organization"},"alternateName":"Litoral FM","potentialAction":[{"@type":"SearchAction","target":{"@type":"EntryPoint","urlTemplate":"https:\/\/radiolitoral.com\/?s={search_term_string}"},"query-input":{"@type":"PropertyValueSpecification","valueRequired":true,"valueName":"search_term_string"}}],"inLanguage":"ca"},{"@type":"Organization","@id":"https:\/\/radiolitoral.com\/#organization","name":"R\u00e0dio Litoral","url":"https:\/\/radiolitoral.com\/","logo":{"@type":"ImageObject","inLanguage":"ca","@id":"https:\/\/radiolitoral.com\/#\/schema\/logo\/image\/","url":"https:\/\/media.radiolitoral.com\/wp-content\/uploads\/2023\/02\/24143238\/CL-V-RadioLitoral696.png","contentUrl":"https:\/\/media.radiolitoral.com\/wp-content\/uploads\/2023\/02\/24143238\/CL-V-RadioLitoral696.png","width":696,"height":696,"caption":"Radio Litoral"},"image":{"@id":"https:\/\/radiolitoral.com\/#\/schema\/logo\/image\/"},"sameAs":["https:\/\/www.facebook.com\/Laradiolitoral\/"]},{"@type":"Person","@id":"https:\/\/radiolitoral.com\/#\/schema\/person\/96b739642eb3bedb532aac3812d23307","name":"Redacci\u00f3","image":{"@type":"ImageObject","inLanguage":"ca","@id":"https:\/\/secure.gravatar.com\/avatar\/30cd06129ee90411dd9c7cbdcf17464181d1a3c7b072e92070ea75a25cf0097e?s=96&d=mm&r=g","url":"https:\/\/secure.gravatar.com\/avatar\/30cd06129ee90411dd9c7cbdcf17464181d1a3c7b072e92070ea75a25cf0097e?s=96&d=mm&r=g","contentUrl":"https:\/\/secure.gravatar.com\/avatar\/30cd06129ee90411dd9c7cbdcf17464181d1a3c7b072e92070ea75a25cf0097e?s=96&d=mm&r=g","caption":"Redacci\u00f3n"},"url":"https:\/\/radiolitoral.com\/ca\/author\/kevin-carrio\/"}]}},"_links":{"self":[{"href":"https:\/\/radiolitoral.com\/ca\/wp-json\/wp\/v2\/posts\/19259","targetHints":{"allow":["GET"]}}],"collection":[{"href":"https:\/\/radiolitoral.com\/ca\/wp-json\/wp\/v2\/posts"}],"about":[{"href":"https:\/\/radiolitoral.com\/ca\/wp-json\/wp\/v2\/types\/post"}],"author":[{"embeddable":true,"href":"https:\/\/radiolitoral.com\/ca\/wp-json\/wp\/v2\/users\/14"}],"replies":[{"embeddable":true,"href":"https:\/\/radiolitoral.com\/ca\/wp-json\/wp\/v2\/comments?post=19259"}],"version-history":[{"count":1,"href":"https:\/\/radiolitoral.com\/ca\/wp-json\/wp\/v2\/posts\/19259\/revisions"}],"predecessor-version":[{"id":19260,"href":"https:\/\/radiolitoral.com\/ca\/wp-json\/wp\/v2\/posts\/19259\/revisions\/19260"}],"wp:featuredmedia":[{"embeddable":true,"href":"https:\/\/radiolitoral.com\/ca\/wp-json\/wp\/v2\/media\/19261"}],"wp:attachment":[{"href":"https:\/\/radiolitoral.com\/ca\/wp-json\/wp\/v2\/media?parent=19259"}],"wp:term":[{"taxonomy":"category","embeddable":true,"href":"https:\/\/radiolitoral.com\/ca\/wp-json\/wp\/v2\/categories?post=19259"},{"taxonomy":"post_tag","embeddable":true,"href":"https:\/\/radiolitoral.com\/ca\/wp-json\/wp\/v2\/tags?post=19259"}],"curies":[{"name":"wp","href":"https:\/\/api.w.org\/{rel}","templated":true}]}}