{"id":19246,"date":"2025-11-18T10:40:37","date_gmt":"2025-11-18T09:40:37","guid":{"rendered":"https:\/\/radiolitoral.com\/?p=19246"},"modified":"2025-11-18T10:40:37","modified_gmt":"2025-11-18T09:40:37","slug":"teulada-arrenca-treballs-de-prevencio-dincendis-a-zones-forestals-properes-a-habitatges","status":"publish","type":"post","link":"https:\/\/radiolitoral.com\/ca\/2025\/11\/teulada-arranca-trabajos-de-prevencion-de-incendios-en-zonas-forestales-cercanas-a-viviendas\/","title":{"rendered":"Teulada arrenca treballs de prevenci\u00f3 d&#039;incendis a zones forestals properes a habitatges"},"content":{"rendered":"<p data-start=\"317\" data-end=\"716\">El <strong>Ajuntament de Teulada<\/strong> ha comen\u00e7at una s\u00e8rie d&#039;intervencions en \u00e0rees d&#039;alt risc d&#039;incendis forestals, concretament en zones situades entre l&#039;entorn urb\u00e0 i el forestal, tamb\u00e9 conegudes com a <strong>Interf\u00edcie Urb\u00e0-Forestal<\/strong>. Aquests treballs, que es desenvoluparan durant un per\u00edode de 20 dies, busquen minimitzar el perill a les rodalies d&#039;habitatges.<\/p>\n<p data-start=\"718\" data-end=\"1212\">Les actuacions es duran a terme en un terreny d&#039;unes dues hect\u00e0rees a la Muntanya de la V\u00eddua i Penya de l&#039;\u00c0guila (Cap d&#039;Or), una zona catalogada com a s\u00f2l no urbanitzable protegit. Segons el Pla Local de Prevenci\u00f3 d&#039;Incendis Forestals (PLPIF), aprovat el gener del 2021 per la Conselleria d&#039;Agricultura, Desenvolupament Rural, Emerg\u00e8ncia Clim\u00e0tica i Transici\u00f3 Ecol\u00f2gica, s&#039;han dissenyat mesures espec\u00edfiques per disminuir la inflamabilitat de la vegetaci\u00f3 que envolta les \u00e0rees residencials.<\/p>\n<p data-start=\"1214\" data-end=\"1274\"><strong data-start=\"1214\" data-end=\"1274\">Tasques de desbrossament i poda per reduir la inflamabilitat<\/strong><\/p>\n<p data-start=\"1276\" data-end=\"1838\">Els treballs, que abastaran <strong>una franja de fins a 50 metres d&#039;amplada<\/strong> en determinades zones, se centraran principalment en la millora de la seguretat davant de possibles incendis. Entre les accions previstes hi ha la tala i la retirada de pins blancs inclinats, malalts o secs, la poda de branques baixes fins a una al\u00e7ada de 3 metres, i la creaci\u00f3 d&#039;una dist\u00e0ncia m\u00ednima de 5 metres entre la vegetaci\u00f3 i les construccions. A m\u00e9s, es dur\u00e0 a terme una esbrossada selectiva de matoll m\u00e9s inflamable, aix\u00ed com el triturat \u201cin situ\u201d de les restes vegetals.<\/p>\n<p data-start=\"1840\" data-end=\"2022\">Les zones d&#039;actuaci\u00f3 comprenen diversos carrers de la localitat, entre ells Carrer Azor, C\/ Puerto Alzina, C\/ Puertollano, C\/ Puerto del Barquero, i C\/ Puerto Lumbreras, entre d&#039;altres.<\/p>\n<p data-start=\"2024\" data-end=\"2091\"><strong data-start=\"2024\" data-end=\"2091\">Un projecte finan\u00e7at per la Diputaci\u00f3 Provincial dAlacant<\/strong><\/p>\n<p data-start=\"2093\" data-end=\"2271\">El cost de les actuacions \u00e9s de 15.356,96 euros, una inversi\u00f3 que ser\u00e0 coberta \u00edntegrament mitjan\u00e7ant una subvenci\u00f3 atorgada per la Diputaci\u00f3 Provincial d&#039;Alacant.<\/p>\n<p data-start=\"2273\" data-end=\"2705\">La regidora de Medi Ambient de l&#039;Ajuntament de Teulada, <strong>Pilar Vidal<\/strong>, va destacar la import\u00e0ncia d&#039;aquestes accions per garantir la seguretat dels ve\u00efns. &quot;Aquestes actuacions s\u00f3n fonamentals per incrementar la seguretat dels ve\u00efns que viuen al costat de zones forestals. Amb la prevenci\u00f3, \u00e9s la nostra millor eina davant dels incendis, especialment en un context d&#039;estius m\u00e9s secs i temperatures extremes&quot;, va afirmar.<\/p>\n<p data-start=\"2707\" data-end=\"2945\">Vidal tamb\u00e9 va agrair el suport de la Diputaci\u00f3 d&#039;Alacant, assenyalant que &quot;gr\u00e0cies a la subvenci\u00f3, podem executar aquestes actuacions. Aquesta cooperaci\u00f3 \u00e9s fonamental per continuar avan\u00e7ant en la protecci\u00f3 del nostre entorn natural&quot;.<\/p>\n<p data-start=\"2947\" data-end=\"3255\" data-is-last-node=\"\" data-is-only-node=\"\">L&#039;inici d&#039;aquestes tasques coincideix amb la preocupaci\u00f3 creixent pel canvi clim\u00e0tic i els incendis forestals, un problema que afecta moltes localitats properes al bosc, per\u00f2 que, amb mesures preventives com aquesta, busca minimitzar riscos i protegir tant els residents com el medi ambient.<\/p>","protected":false},"excerpt":{"rendered":"<p>El Ayuntamiento de Teulada ha dado comienzo a una serie de intervenciones en \u00e1reas de alto riesgo de incendios forestales, concretamente en zonas situadas entre el entorno urbano y el forestal, tambi\u00e9n conocidas como Interfaz Urbano-Forestal. Estos trabajos, que se desarrollar\u00e1n durante un periodo de 20 d\u00edas, buscan minimizar el peligro en las cercan\u00edas de [&#8230;]<\/p>\n<p><a class=\"btn btn-secondary understrap-read-more-link\" href=\"https:\/\/radiolitoral.com\/ca\/2025\/11\/teulada-arranca-trabajos-de-prevencion-de-incendios-en-zonas-forestales-cercanas-a-viviendas\/\">Continua llegint&#8230;<span class=\"screen-reader-text\"> from Teulada arranca trabajos de prevenci\u00f3n de incendios en zonas forestales cercanas a viviendas<\/span><\/a><\/p>\n","protected":false},"author":14,"featured_media":19247,"comment_status":"open","ping_status":"closed","sticky":false,"template":"","format":"standard","meta":{"_acf_changed":false,"inline_featured_image":false,"footnotes":""},"categories":[325],"tags":[5094,269,4816,146],"class_list":["post-19246","post","type-post","status-publish","format-standard","has-post-thumbnail","hentry","category-medioambiente","tag-forestal","tag-medioambiente","tag-prevencion","tag-teulada","cobertura-teulada-moraira"],"acf":[],"yoast_head":"<!-- This site is optimized with the Yoast SEO plugin v27.5 - https:\/\/yoast.com\/product\/yoast-seo-wordpress\/ -->\n<title>Teulada arranca trabajos de prevenci\u00f3n de incendios en zonas forestales cercanas a viviendas | R\u00e0dio Litoral<\/title>\n<meta name=\"description\" content=\"Los trabajos abarcar\u00e1n una franja de hasta 50 metros de anchura en determinadas zonas\" \/>\n<meta name=\"robots\" content=\"index, follow, max-snippet:-1, max-image-preview:large, max-video-preview:-1\" \/>\n<link rel=\"canonical\" href=\"https:\/\/radiolitoral.com\/ca\/2025\/11\/teulada-arrenca-treballs-de-prevencio-dincendis-a-zones-forestals-properes-a-habitatges\/\" \/>\n<meta property=\"og:locale\" content=\"ca_ES\" \/>\n<meta property=\"og:type\" content=\"article\" \/>\n<meta property=\"og:title\" content=\"Teulada arranca trabajos de prevenci\u00f3n de incendios en zonas forestales cercanas a viviendas | R\u00e0dio Litoral\" \/>\n<meta property=\"og:description\" content=\"Los trabajos abarcar\u00e1n una franja de hasta 50 metros de anchura en determinadas zonas\" \/>\n<meta property=\"og:url\" content=\"https:\/\/radiolitoral.com\/ca\/2025\/11\/teulada-arrenca-treballs-de-prevencio-dincendis-a-zones-forestals-properes-a-habitatges\/\" \/>\n<meta property=\"og:site_name\" content=\"R\u00e0dio Litoral\" \/>\n<meta property=\"article:publisher\" content=\"https:\/\/www.facebook.com\/Laradiolitoral\/\" \/>\n<meta property=\"article:published_time\" content=\"2025-11-18T09:40:37+00:00\" \/>\n<meta property=\"og:image\" content=\"https:\/\/media.radiolitoral.com\/wp-content\/uploads\/2025\/11\/18104013\/NOTA-DE-PRENSA-El-Ayuntamiento-de-Teulada-inicia-nuevas-actuaciones-de-prevencion-de-incendios-forestales-en-la-zona-Interfaz-Urbano-Forestal-1.jpeg\" \/>\n\t<meta property=\"og:image:width\" content=\"1600\" \/>\n\t<meta property=\"og:image:height\" content=\"1200\" \/>\n\t<meta property=\"og:image:type\" content=\"image\/jpeg\" \/>\n<meta name=\"author\" content=\"Redacci\u00f3n\" \/>\n<meta name=\"twitter:card\" content=\"summary_large_image\" \/>\n<meta name=\"twitter:label1\" content=\"Escrit per\" \/>\n\t<meta name=\"twitter:data1\" content=\"Redacci\u00f3n\" \/>\n\t<meta name=\"twitter:label2\" content=\"Temps estimat de lectura\" \/>\n\t<meta name=\"twitter:data2\" content=\"3 minuts\" \/>\n<script type=\"application\/ld+json\" class=\"yoast-schema-graph\">{\"@context\":\"https:\\\/\\\/schema.org\",\"@graph\":[{\"@type\":\"NewsArticle\",\"@id\":\"https:\\\/\\\/radiolitoral.com\\\/2025\\\/11\\\/teulada-arranca-trabajos-de-prevencion-de-incendios-en-zonas-forestales-cercanas-a-viviendas\\\/#article\",\"isPartOf\":{\"@id\":\"https:\\\/\\\/radiolitoral.com\\\/2025\\\/11\\\/teulada-arranca-trabajos-de-prevencion-de-incendios-en-zonas-forestales-cercanas-a-viviendas\\\/\"},\"author\":{\"name\":\"Redacci\u00f3n\",\"@id\":\"https:\\\/\\\/radiolitoral.com\\\/#\\\/schema\\\/person\\\/96b739642eb3bedb532aac3812d23307\"},\"headline\":\"Teulada arranca trabajos de prevenci\u00f3n de incendios en zonas forestales cercanas a viviendas\",\"datePublished\":\"2025-11-18T09:40:37+00:00\",\"mainEntityOfPage\":{\"@id\":\"https:\\\/\\\/radiolitoral.com\\\/2025\\\/11\\\/teulada-arranca-trabajos-de-prevencion-de-incendios-en-zonas-forestales-cercanas-a-viviendas\\\/\"},\"wordCount\":491,\"commentCount\":0,\"publisher\":{\"@id\":\"https:\\\/\\\/radiolitoral.com\\\/#organization\"},\"image\":{\"@id\":\"https:\\\/\\\/radiolitoral.com\\\/2025\\\/11\\\/teulada-arranca-trabajos-de-prevencion-de-incendios-en-zonas-forestales-cercanas-a-viviendas\\\/#primaryimage\"},\"thumbnailUrl\":\"https:\\\/\\\/media.radiolitoral.com\\\/wp-content\\\/uploads\\\/2025\\\/11\\\/18104013\\\/NOTA-DE-PRENSA-El-Ayuntamiento-de-Teulada-inicia-nuevas-actuaciones-de-prevencion-de-incendios-forestales-en-la-zona-Interfaz-Urbano-Forestal-1.jpeg\",\"keywords\":[\"forestal\",\"medioambiente\",\"Prevenci\u00f3n\",\"Teulada\"],\"articleSection\":[\"Medioambiente\"],\"inLanguage\":\"ca\",\"potentialAction\":[{\"@type\":\"CommentAction\",\"name\":\"Comment\",\"target\":[\"https:\\\/\\\/radiolitoral.com\\\/2025\\\/11\\\/teulada-arranca-trabajos-de-prevencion-de-incendios-en-zonas-forestales-cercanas-a-viviendas\\\/#respond\"]}]},{\"@type\":[\"WebPage\",\"ItemPage\"],\"@id\":\"https:\\\/\\\/radiolitoral.com\\\/2025\\\/11\\\/teulada-arranca-trabajos-de-prevencion-de-incendios-en-zonas-forestales-cercanas-a-viviendas\\\/\",\"url\":\"https:\\\/\\\/radiolitoral.com\\\/2025\\\/11\\\/teulada-arranca-trabajos-de-prevencion-de-incendios-en-zonas-forestales-cercanas-a-viviendas\\\/\",\"name\":\"Teulada arranca trabajos de prevenci\u00f3n de incendios en zonas forestales cercanas a viviendas | R\u00e0dio Litoral\",\"isPartOf\":{\"@id\":\"https:\\\/\\\/radiolitoral.com\\\/#website\"},\"primaryImageOfPage\":{\"@id\":\"https:\\\/\\\/radiolitoral.com\\\/2025\\\/11\\\/teulada-arranca-trabajos-de-prevencion-de-incendios-en-zonas-forestales-cercanas-a-viviendas\\\/#primaryimage\"},\"image\":{\"@id\":\"https:\\\/\\\/radiolitoral.com\\\/2025\\\/11\\\/teulada-arranca-trabajos-de-prevencion-de-incendios-en-zonas-forestales-cercanas-a-viviendas\\\/#primaryimage\"},\"thumbnailUrl\":\"https:\\\/\\\/media.radiolitoral.com\\\/wp-content\\\/uploads\\\/2025\\\/11\\\/18104013\\\/NOTA-DE-PRENSA-El-Ayuntamiento-de-Teulada-inicia-nuevas-actuaciones-de-prevencion-de-incendios-forestales-en-la-zona-Interfaz-Urbano-Forestal-1.jpeg\",\"datePublished\":\"2025-11-18T09:40:37+00:00\",\"description\":\"Los trabajos abarcar\u00e1n una franja de hasta 50 metros de anchura en determinadas zonas\",\"breadcrumb\":{\"@id\":\"https:\\\/\\\/radiolitoral.com\\\/2025\\\/11\\\/teulada-arranca-trabajos-de-prevencion-de-incendios-en-zonas-forestales-cercanas-a-viviendas\\\/#breadcrumb\"},\"inLanguage\":\"ca\",\"potentialAction\":[{\"@type\":\"ReadAction\",\"target\":[\"https:\\\/\\\/radiolitoral.com\\\/2025\\\/11\\\/teulada-arranca-trabajos-de-prevencion-de-incendios-en-zonas-forestales-cercanas-a-viviendas\\\/\"]}]},{\"@type\":\"ImageObject\",\"inLanguage\":\"ca\",\"@id\":\"https:\\\/\\\/radiolitoral.com\\\/2025\\\/11\\\/teulada-arranca-trabajos-de-prevencion-de-incendios-en-zonas-forestales-cercanas-a-viviendas\\\/#primaryimage\",\"url\":\"https:\\\/\\\/media.radiolitoral.com\\\/wp-content\\\/uploads\\\/2025\\\/11\\\/18104013\\\/NOTA-DE-PRENSA-El-Ayuntamiento-de-Teulada-inicia-nuevas-actuaciones-de-prevencion-de-incendios-forestales-en-la-zona-Interfaz-Urbano-Forestal-1.jpeg\",\"contentUrl\":\"https:\\\/\\\/media.radiolitoral.com\\\/wp-content\\\/uploads\\\/2025\\\/11\\\/18104013\\\/NOTA-DE-PRENSA-El-Ayuntamiento-de-Teulada-inicia-nuevas-actuaciones-de-prevencion-de-incendios-forestales-en-la-zona-Interfaz-Urbano-Forestal-1.jpeg\",\"width\":1600,\"height\":1200},{\"@type\":\"BreadcrumbList\",\"@id\":\"https:\\\/\\\/radiolitoral.com\\\/2025\\\/11\\\/teulada-arranca-trabajos-de-prevencion-de-incendios-en-zonas-forestales-cercanas-a-viviendas\\\/#breadcrumb\",\"itemListElement\":[{\"@type\":\"ListItem\",\"position\":1,\"name\":\"Portada\",\"item\":\"https:\\\/\\\/radiolitoral.com\\\/\"},{\"@type\":\"ListItem\",\"position\":2,\"name\":\"Teulada arranca trabajos de prevenci\u00f3n de incendios en zonas forestales cercanas a viviendas\"}]},{\"@type\":\"WebSite\",\"@id\":\"https:\\\/\\\/radiolitoral.com\\\/#website\",\"url\":\"https:\\\/\\\/radiolitoral.com\\\/\",\"name\":\"Radio Litoral\",\"description\":\"La radio local de la Marina Alta\",\"publisher\":{\"@id\":\"https:\\\/\\\/radiolitoral.com\\\/#organization\"},\"alternateName\":\"Litoral FM\",\"potentialAction\":[{\"@type\":\"SearchAction\",\"target\":{\"@type\":\"EntryPoint\",\"urlTemplate\":\"https:\\\/\\\/radiolitoral.com\\\/?s={search_term_string}\"},\"query-input\":{\"@type\":\"PropertyValueSpecification\",\"valueRequired\":true,\"valueName\":\"search_term_string\"}}],\"inLanguage\":\"ca\"},{\"@type\":\"Organization\",\"@id\":\"https:\\\/\\\/radiolitoral.com\\\/#organization\",\"name\":\"Radio Litoral\",\"url\":\"https:\\\/\\\/radiolitoral.com\\\/\",\"logo\":{\"@type\":\"ImageObject\",\"inLanguage\":\"ca\",\"@id\":\"https:\\\/\\\/radiolitoral.com\\\/#\\\/schema\\\/logo\\\/image\\\/\",\"url\":\"https:\\\/\\\/media.radiolitoral.com\\\/wp-content\\\/uploads\\\/2023\\\/02\\\/24143238\\\/CL-V-RadioLitoral696.png\",\"contentUrl\":\"https:\\\/\\\/media.radiolitoral.com\\\/wp-content\\\/uploads\\\/2023\\\/02\\\/24143238\\\/CL-V-RadioLitoral696.png\",\"width\":696,\"height\":696,\"caption\":\"Radio Litoral\"},\"image\":{\"@id\":\"https:\\\/\\\/radiolitoral.com\\\/#\\\/schema\\\/logo\\\/image\\\/\"},\"sameAs\":[\"https:\\\/\\\/www.facebook.com\\\/Laradiolitoral\\\/\"]},{\"@type\":\"Person\",\"@id\":\"https:\\\/\\\/radiolitoral.com\\\/#\\\/schema\\\/person\\\/96b739642eb3bedb532aac3812d23307\",\"name\":\"Redacci\u00f3n\",\"image\":{\"@type\":\"ImageObject\",\"inLanguage\":\"ca\",\"@id\":\"https:\\\/\\\/secure.gravatar.com\\\/avatar\\\/30cd06129ee90411dd9c7cbdcf17464181d1a3c7b072e92070ea75a25cf0097e?s=96&d=mm&r=g\",\"url\":\"https:\\\/\\\/secure.gravatar.com\\\/avatar\\\/30cd06129ee90411dd9c7cbdcf17464181d1a3c7b072e92070ea75a25cf0097e?s=96&d=mm&r=g\",\"contentUrl\":\"https:\\\/\\\/secure.gravatar.com\\\/avatar\\\/30cd06129ee90411dd9c7cbdcf17464181d1a3c7b072e92070ea75a25cf0097e?s=96&d=mm&r=g\",\"caption\":\"Redacci\u00f3n\"},\"url\":\"https:\\\/\\\/radiolitoral.com\\\/ca\\\/author\\\/kevin-carrio\\\/\"}]}<\/script>\n<!-- \/ Yoast SEO plugin. -->","yoast_head_json":{"title":"Teulada arrenca treballs de prevenci\u00f3 d&#039;incendis a zones forestals properes a habitatges | R\u00e0dio Litoral","description":"Els treballs abastaran una franja de fins a 50 metres d&#039;amplada a determinades zones","robots":{"index":"index","follow":"follow","max-snippet":"max-snippet:-1","max-image-preview":"max-image-preview:large","max-video-preview":"max-video-preview:-1"},"canonical":"https:\/\/radiolitoral.com\/ca\/2025\/11\/teulada-arrenca-treballs-de-prevencio-dincendis-a-zones-forestals-properes-a-habitatges\/","og_locale":"ca_ES","og_type":"article","og_title":"Teulada arranca trabajos de prevenci\u00f3n de incendios en zonas forestales cercanas a viviendas | R\u00e0dio Litoral","og_description":"Los trabajos abarcar\u00e1n una franja de hasta 50 metros de anchura en determinadas zonas","og_url":"https:\/\/radiolitoral.com\/ca\/2025\/11\/teulada-arrenca-treballs-de-prevencio-dincendis-a-zones-forestals-properes-a-habitatges\/","og_site_name":"R\u00e0dio Litoral","article_publisher":"https:\/\/www.facebook.com\/Laradiolitoral\/","article_published_time":"2025-11-18T09:40:37+00:00","og_image":[{"width":1600,"height":1200,"url":"https:\/\/media.radiolitoral.com\/wp-content\/uploads\/2025\/11\/18104013\/NOTA-DE-PRENSA-El-Ayuntamiento-de-Teulada-inicia-nuevas-actuaciones-de-prevencion-de-incendios-forestales-en-la-zona-Interfaz-Urbano-Forestal-1.jpeg","type":"image\/jpeg"}],"author":"Redacci\u00f3n","twitter_card":"summary_large_image","twitter_misc":{"Escrit per":"Redacci\u00f3n","Temps estimat de lectura":"3 minuts"},"schema":{"@context":"https:\/\/schema.org","@graph":[{"@type":"NewsArticle","@id":"https:\/\/radiolitoral.com\/2025\/11\/teulada-arranca-trabajos-de-prevencion-de-incendios-en-zonas-forestales-cercanas-a-viviendas\/#article","isPartOf":{"@id":"https:\/\/radiolitoral.com\/2025\/11\/teulada-arranca-trabajos-de-prevencion-de-incendios-en-zonas-forestales-cercanas-a-viviendas\/"},"author":{"name":"Redacci\u00f3n","@id":"https:\/\/radiolitoral.com\/#\/schema\/person\/96b739642eb3bedb532aac3812d23307"},"headline":"Teulada arranca trabajos de prevenci\u00f3n de incendios en zonas forestales cercanas a viviendas","datePublished":"2025-11-18T09:40:37+00:00","mainEntityOfPage":{"@id":"https:\/\/radiolitoral.com\/2025\/11\/teulada-arranca-trabajos-de-prevencion-de-incendios-en-zonas-forestales-cercanas-a-viviendas\/"},"wordCount":491,"commentCount":0,"publisher":{"@id":"https:\/\/radiolitoral.com\/#organization"},"image":{"@id":"https:\/\/radiolitoral.com\/2025\/11\/teulada-arranca-trabajos-de-prevencion-de-incendios-en-zonas-forestales-cercanas-a-viviendas\/#primaryimage"},"thumbnailUrl":"https:\/\/media.radiolitoral.com\/wp-content\/uploads\/2025\/11\/18104013\/NOTA-DE-PRENSA-El-Ayuntamiento-de-Teulada-inicia-nuevas-actuaciones-de-prevencion-de-incendios-forestales-en-la-zona-Interfaz-Urbano-Forestal-1.jpeg","keywords":["forestal","medioambiente","Prevenci\u00f3n","Teulada"],"articleSection":["Medioambiente"],"inLanguage":"ca","potentialAction":[{"@type":"CommentAction","name":"Comment","target":["https:\/\/radiolitoral.com\/2025\/11\/teulada-arranca-trabajos-de-prevencion-de-incendios-en-zonas-forestales-cercanas-a-viviendas\/#respond"]}]},{"@type":["WebPage","ItemPage"],"@id":"https:\/\/radiolitoral.com\/2025\/11\/teulada-arranca-trabajos-de-prevencion-de-incendios-en-zonas-forestales-cercanas-a-viviendas\/","url":"https:\/\/radiolitoral.com\/2025\/11\/teulada-arranca-trabajos-de-prevencion-de-incendios-en-zonas-forestales-cercanas-a-viviendas\/","name":"Teulada arrenca treballs de prevenci\u00f3 d&#039;incendis a zones forestals properes a habitatges | R\u00e0dio Litoral","isPartOf":{"@id":"https:\/\/radiolitoral.com\/#website"},"primaryImageOfPage":{"@id":"https:\/\/radiolitoral.com\/2025\/11\/teulada-arranca-trabajos-de-prevencion-de-incendios-en-zonas-forestales-cercanas-a-viviendas\/#primaryimage"},"image":{"@id":"https:\/\/radiolitoral.com\/2025\/11\/teulada-arranca-trabajos-de-prevencion-de-incendios-en-zonas-forestales-cercanas-a-viviendas\/#primaryimage"},"thumbnailUrl":"https:\/\/media.radiolitoral.com\/wp-content\/uploads\/2025\/11\/18104013\/NOTA-DE-PRENSA-El-Ayuntamiento-de-Teulada-inicia-nuevas-actuaciones-de-prevencion-de-incendios-forestales-en-la-zona-Interfaz-Urbano-Forestal-1.jpeg","datePublished":"2025-11-18T09:40:37+00:00","description":"Els treballs abastaran una franja de fins a 50 metres d&#039;amplada a determinades zones","breadcrumb":{"@id":"https:\/\/radiolitoral.com\/2025\/11\/teulada-arranca-trabajos-de-prevencion-de-incendios-en-zonas-forestales-cercanas-a-viviendas\/#breadcrumb"},"inLanguage":"ca","potentialAction":[{"@type":"ReadAction","target":["https:\/\/radiolitoral.com\/2025\/11\/teulada-arranca-trabajos-de-prevencion-de-incendios-en-zonas-forestales-cercanas-a-viviendas\/"]}]},{"@type":"ImageObject","inLanguage":"ca","@id":"https:\/\/radiolitoral.com\/2025\/11\/teulada-arranca-trabajos-de-prevencion-de-incendios-en-zonas-forestales-cercanas-a-viviendas\/#primaryimage","url":"https:\/\/media.radiolitoral.com\/wp-content\/uploads\/2025\/11\/18104013\/NOTA-DE-PRENSA-El-Ayuntamiento-de-Teulada-inicia-nuevas-actuaciones-de-prevencion-de-incendios-forestales-en-la-zona-Interfaz-Urbano-Forestal-1.jpeg","contentUrl":"https:\/\/media.radiolitoral.com\/wp-content\/uploads\/2025\/11\/18104013\/NOTA-DE-PRENSA-El-Ayuntamiento-de-Teulada-inicia-nuevas-actuaciones-de-prevencion-de-incendios-forestales-en-la-zona-Interfaz-Urbano-Forestal-1.jpeg","width":1600,"height":1200},{"@type":"BreadcrumbList","@id":"https:\/\/radiolitoral.com\/2025\/11\/teulada-arranca-trabajos-de-prevencion-de-incendios-en-zonas-forestales-cercanas-a-viviendas\/#breadcrumb","itemListElement":[{"@type":"ListItem","position":1,"name":"Portada","item":"https:\/\/radiolitoral.com\/"},{"@type":"ListItem","position":2,"name":"Teulada arranca trabajos de prevenci\u00f3n de incendios en zonas forestales cercanas a viviendas"}]},{"@type":"WebSite","@id":"https:\/\/radiolitoral.com\/#website","url":"https:\/\/radiolitoral.com\/","name":"R\u00e0dio Litoral","description":"La r\u00e0dio local de la Marina Alta","publisher":{"@id":"https:\/\/radiolitoral.com\/#organization"},"alternateName":"Litoral FM","potentialAction":[{"@type":"SearchAction","target":{"@type":"EntryPoint","urlTemplate":"https:\/\/radiolitoral.com\/?s={search_term_string}"},"query-input":{"@type":"PropertyValueSpecification","valueRequired":true,"valueName":"search_term_string"}}],"inLanguage":"ca"},{"@type":"Organization","@id":"https:\/\/radiolitoral.com\/#organization","name":"R\u00e0dio Litoral","url":"https:\/\/radiolitoral.com\/","logo":{"@type":"ImageObject","inLanguage":"ca","@id":"https:\/\/radiolitoral.com\/#\/schema\/logo\/image\/","url":"https:\/\/media.radiolitoral.com\/wp-content\/uploads\/2023\/02\/24143238\/CL-V-RadioLitoral696.png","contentUrl":"https:\/\/media.radiolitoral.com\/wp-content\/uploads\/2023\/02\/24143238\/CL-V-RadioLitoral696.png","width":696,"height":696,"caption":"Radio Litoral"},"image":{"@id":"https:\/\/radiolitoral.com\/#\/schema\/logo\/image\/"},"sameAs":["https:\/\/www.facebook.com\/Laradiolitoral\/"]},{"@type":"Person","@id":"https:\/\/radiolitoral.com\/#\/schema\/person\/96b739642eb3bedb532aac3812d23307","name":"Redacci\u00f3","image":{"@type":"ImageObject","inLanguage":"ca","@id":"https:\/\/secure.gravatar.com\/avatar\/30cd06129ee90411dd9c7cbdcf17464181d1a3c7b072e92070ea75a25cf0097e?s=96&d=mm&r=g","url":"https:\/\/secure.gravatar.com\/avatar\/30cd06129ee90411dd9c7cbdcf17464181d1a3c7b072e92070ea75a25cf0097e?s=96&d=mm&r=g","contentUrl":"https:\/\/secure.gravatar.com\/avatar\/30cd06129ee90411dd9c7cbdcf17464181d1a3c7b072e92070ea75a25cf0097e?s=96&d=mm&r=g","caption":"Redacci\u00f3n"},"url":"https:\/\/radiolitoral.com\/ca\/author\/kevin-carrio\/"}]}},"_links":{"self":[{"href":"https:\/\/radiolitoral.com\/ca\/wp-json\/wp\/v2\/posts\/19246","targetHints":{"allow":["GET"]}}],"collection":[{"href":"https:\/\/radiolitoral.com\/ca\/wp-json\/wp\/v2\/posts"}],"about":[{"href":"https:\/\/radiolitoral.com\/ca\/wp-json\/wp\/v2\/types\/post"}],"author":[{"embeddable":true,"href":"https:\/\/radiolitoral.com\/ca\/wp-json\/wp\/v2\/users\/14"}],"replies":[{"embeddable":true,"href":"https:\/\/radiolitoral.com\/ca\/wp-json\/wp\/v2\/comments?post=19246"}],"version-history":[{"count":1,"href":"https:\/\/radiolitoral.com\/ca\/wp-json\/wp\/v2\/posts\/19246\/revisions"}],"predecessor-version":[{"id":19248,"href":"https:\/\/radiolitoral.com\/ca\/wp-json\/wp\/v2\/posts\/19246\/revisions\/19248"}],"wp:featuredmedia":[{"embeddable":true,"href":"https:\/\/radiolitoral.com\/ca\/wp-json\/wp\/v2\/media\/19247"}],"wp:attachment":[{"href":"https:\/\/radiolitoral.com\/ca\/wp-json\/wp\/v2\/media?parent=19246"}],"wp:term":[{"taxonomy":"category","embeddable":true,"href":"https:\/\/radiolitoral.com\/ca\/wp-json\/wp\/v2\/categories?post=19246"},{"taxonomy":"post_tag","embeddable":true,"href":"https:\/\/radiolitoral.com\/ca\/wp-json\/wp\/v2\/tags?post=19246"}],"curies":[{"name":"wp","href":"https:\/\/api.w.org\/{rel}","templated":true}]}}