{"id":19215,"date":"2025-11-14T11:07:10","date_gmt":"2025-11-14T10:07:10","guid":{"rendered":"https:\/\/radiolitoral.com\/?p=19215"},"modified":"2025-11-14T11:07:10","modified_gmt":"2025-11-14T10:07:10","slug":"la-ut-calp-necessita-guanyar-el-mutxamel","status":"publish","type":"post","link":"https:\/\/radiolitoral.com\/ca\/2025\/11\/la-ud-calpe-necesita-ganar-al-mutxamel\/","title":{"rendered":"La UD Calp necessita guanyar el Mutxamel"},"content":{"rendered":"<p>La desena jornada de la<strong data-start=\"233\" data-end=\"273\"> Lliga Comunitat<\/strong> presenta partits clau per als equips de la <strong data-start=\"325\" data-end=\"340\">Marina Alta<\/strong>, amb <strong data-start=\"346\" data-end=\"358\">el CD X\u00e0bia<\/strong> i <strong data-start=\"361\" data-end=\"373\">la UD Calp<\/strong> afrontant trobades complicades que poden marcar la seva continu\u00eftat a la part alta o la necessitat de millorar en el que queda de temporada.<\/p>\n<h2 data-start=\"1728\" data-end=\"1823\"><strong data-start=\"1733\" data-end=\"1821\">UD Calp-Mutxamel (diumenge, 17.00 hores)<\/strong><\/h2>\n<p data-start=\"1825\" data-end=\"2345\">Per la seva banda, la <strong>UD Calp<\/strong> rebr\u00e0 al <strong data-start=\"1867\" data-end=\"1879\">Mutxamel<\/strong> el diumenge a les 17:00 hores al <strong data-start=\"1919\" data-end=\"1947\">camp municipal de Calp<\/strong>, amb l&#039;\u00e0rbitre<strong data-start=\"1956\" data-end=\"1982\"> Belda Ferreira<\/strong> al comandament. L&#039;equip de <strong data-start=\"2006\" data-end=\"2023\">Toni Gonz\u00e1lez<\/strong>, que es troba en una situaci\u00f3 complicada, sap que la vict\u00f2ria \u00e9s vital per agafar la regularitat que fins ara li ha faltat. La UD Calpe \u00e9s l&#039;\u00fanic equip de la lliga que no ha aconseguit enlairar-se en aquest primer tram de la temporada, cosa que ha generat certa inquietud a la plantilla.<\/p>\n<p data-start=\"2347\" data-end=\"2695\">El rival, Mutxamel, arriba al matx com a pen\u00faltim classificat, amb 2 punts menys que els calpins, cosa que fa que aquest sigui un duel directe per la perman\u00e8ncia. Una vict\u00f2ria calpina suposaria obrir una bretxa de 5 punts respecte al Mutxamel, cosa que seria un respir important per a l&#039;equip de Gonz\u00e1lez.<\/p>\n<p data-start=\"2697\" data-end=\"2918\">Amb<strong data-start=\"2701\" data-end=\"2722\"> baixes importants<\/strong>, com la de <strong data-start=\"2735\" data-end=\"2751\">Jaume Rogles<\/strong>, sancionat, els calpins afronten aquest partit amb la necessitat de guanyar per no quedar-se endarrerit a la classificaci\u00f3 i comen\u00e7ar a consolidar-se com a equip.<\/p>\n<p data-start=\"2697\" data-end=\"2918\">Escolta Toni Gonz\u00e1lez:<\/p>\n<audio class=\"wp-audio-shortcode\" id=\"audio-19215-1\" preload=\"none\" style=\"width: 100%;\" controls=\"controls\"><source type=\"audio\/mpeg\" src=\"https:\/\/media.radiolitoral.com\/wp-content\/uploads\/2025\/11\/14110206\/CALPE.mp3?_=1\" \/><a href=\"https:\/\/media.radiolitoral.com\/wp-content\/uploads\/2025\/11\/14110206\/CALPE.mp3\">https:\/\/media.radiolitoral.com\/wp-content\/uploads\/2025\/11\/14110206\/CALPE.mp3<\/a><\/audio>\n<h2 data-start=\"525\" data-end=\"629\"><strong data-start=\"530\" data-end=\"627\">Torrevella \u2013 CD X\u00e0bia (dissabte, 17.00 hores)<\/strong><\/h2>\n<p data-start=\"631\" data-end=\"1434\">El <strong data-start=\"634\" data-end=\"646\">CD X\u00e0bia<\/strong> viatjar\u00e0 <strong data-start=\"655\" data-end=\"683\">e<\/strong>aquest dissabte a<strong data-start=\"655\" data-end=\"683\"> Torrevella<\/strong> per enfrontar-se a l&#039;equip local al <strong data-start=\"727\" data-end=\"753\">camp \u201cNelson Mandela\u201d<\/strong>, en un partit que ser\u00e0 arbitrat per<strong data-start=\"778\" data-end=\"811\"> Navarro Navarro<\/strong>. L&#039;equip blanc-i-vermell arriba al partit amb la preocupaci\u00f3 de la seva falta d&#039;efectivitat ofensiva, ja que, tot i que crea ocasions de gol, no aconsegueix materialitzar-les.<\/p>\n<p data-start=\"631\" data-end=\"1434\">El t\u00e8cnic, <strong data-start=\"992\" data-end=\"1008\">Juliol Ivorra<\/strong>, ha treballat intensament amb la seva plantilla durant la setmana per corregir aquesta faceta del joc. L&#039;ansietat i la precipitaci\u00f3 que es genera als jugadors a l&#039;hora de rematar les jugades \u00e9s una de les raons que Ivorra considera clau per millorar. L&#039;entrenador confessa tenir una preocupaci\u00f3 l\u00f2gica per aquest aspecte, per\u00f2 tamb\u00e9 ha fet veure els seus jugadors que no s&#039;han d&#039;obsessionar pels gols.<\/p>\n<p data-start=\"1436\" data-end=\"1726\">Per a aquest partit, Ivorra no podr\u00e0 comptar amb<strong data-start=\"1455\" data-end=\"1490\"> Joan<\/strong>, qui est\u00e0 sancionat a causa de la seva expulsi\u00f3 a la trobada anterior. El CD X\u00e0bia buscar\u00e0 en aquest xoc recuperar confian\u00e7a i aconseguir una vict\u00f2ria que els permeti mantenir-se competitius a la part alta de la taula.<\/p>\n<p data-start=\"1436\" data-end=\"1726\">Escolta Julio Ivorra:<\/p>\n<audio class=\"wp-audio-shortcode\" id=\"audio-19215-2\" preload=\"none\" style=\"width: 100%;\" controls=\"controls\"><source type=\"audio\/mpeg\" src=\"https:\/\/media.marinaalta.es\/wp-content\/uploads\/2025\/11\/14105357\/IVORRA-TORREVIEJA.mp3?_=2\" \/><a href=\"https:\/\/media.marinaalta.es\/wp-content\/uploads\/2025\/11\/14105357\/IVORRA-TORREVIEJA.mp3\">https:\/\/media.marinaalta.es\/wp-content\/uploads\/2025\/11\/14105357\/IVORRA-TORREVIEJA.mp3<\/a><\/audio>\n<p><script src=\"chrome-extension:\/\/flbolonkboilcbnohjlchlfgdalomdpl\/iFrame.js\" type=\"text\/javascript\"><\/script><\/p>","protected":false},"excerpt":{"rendered":"<p>La d\u00e9cima jornada de la Lliga Comunitat presenta partidos clave para los equipos de la Marina Alta, con el CD J\u00e1vea y la UD Calpe afrontando encuentros complicados que pueden marcar su continuidad en la parte alta o su necesidad de mejorar en lo que queda de temporada. UD Calpe- Mutxamel (domingo, 17:00 horas) Por [&#8230;]<\/p>\n<p><a class=\"btn btn-secondary understrap-read-more-link\" href=\"https:\/\/radiolitoral.com\/ca\/2025\/11\/la-ud-calpe-necesita-ganar-al-mutxamel\/\">Continua llegint&#8230;<span class=\"screen-reader-text\"> from La UD Calpe necesita ganar al Mutxamel<\/span><\/a><\/p>\n","protected":false},"author":12,"featured_media":19217,"comment_status":"open","ping_status":"closed","sticky":false,"template":"","format":"standard","meta":{"_acf_changed":false,"inline_featured_image":false,"footnotes":""},"categories":[5],"tags":[1332,6,1503,1071,5089,4406,5090,889],"class_list":["post-19215","post","type-post","status-publish","format-standard","has-post-thumbnail","hentry","category-deportes","tag-cd-javea","tag-deportes","tag-julio-ivorra","tag-lliga-comunitat","tag-mutxamel","tag-toni-gonzalez","tag-torrevieja","tag-ud-calpe","cobertura-calp","cobertura-xabia"],"acf":[],"yoast_head":"<!-- This site is optimized with the Yoast SEO plugin v27.5 - https:\/\/yoast.com\/product\/yoast-seo-wordpress\/ -->\n<title>La UD Calpe necesita ganar al Mutxamel | R\u00e0dio Litoral<\/title>\n<meta name=\"description\" content=\"Los calpinos buscan regularidad tras un arranque de liga en el que han dejado muchas dudasLos calpinos buscan regularidad tras un arranque de liga en el que han dejado muchas dudas\" \/>\n<meta name=\"robots\" content=\"index, follow, max-snippet:-1, max-image-preview:large, max-video-preview:-1\" \/>\n<link rel=\"canonical\" href=\"https:\/\/radiolitoral.com\/ca\/2025\/11\/la-ut-calp-necessita-guanyar-el-mutxamel\/\" \/>\n<meta property=\"og:locale\" content=\"ca_ES\" \/>\n<meta property=\"og:type\" content=\"article\" \/>\n<meta property=\"og:title\" content=\"La UD Calpe necesita ganar al Mutxamel | R\u00e0dio Litoral\" \/>\n<meta property=\"og:description\" content=\"Los calpinos buscan regularidad tras un arranque de liga en el que han dejado muchas dudasLos calpinos buscan regularidad tras un arranque de liga en el que han dejado muchas dudas\" \/>\n<meta property=\"og:url\" content=\"https:\/\/radiolitoral.com\/ca\/2025\/11\/la-ut-calp-necessita-guanyar-el-mutxamel\/\" \/>\n<meta property=\"og:site_name\" content=\"R\u00e0dio Litoral\" \/>\n<meta property=\"article:publisher\" content=\"https:\/\/www.facebook.com\/Laradiolitoral\/\" \/>\n<meta property=\"article:published_time\" content=\"2025-11-14T10:07:10+00:00\" \/>\n<meta property=\"og:image\" content=\"https:\/\/media.radiolitoral.com\/wp-content\/uploads\/2025\/11\/14110638\/UD-Calpe-scaled.jpg\" \/>\n\t<meta property=\"og:image:width\" content=\"2560\" \/>\n\t<meta property=\"og:image:height\" content=\"1707\" \/>\n\t<meta property=\"og:image:type\" content=\"image\/jpeg\" \/>\n<meta name=\"author\" content=\"Javier Zamora\" \/>\n<meta name=\"twitter:card\" content=\"summary_large_image\" \/>\n<meta name=\"twitter:label1\" content=\"Escrit per\" \/>\n\t<meta name=\"twitter:data1\" content=\"Javier Zamora\" \/>\n\t<meta name=\"twitter:label2\" content=\"Temps estimat de lectura\" \/>\n\t<meta name=\"twitter:data2\" content=\"3 minuts\" \/>\n<script type=\"application\/ld+json\" class=\"yoast-schema-graph\">{\"@context\":\"https:\\\/\\\/schema.org\",\"@graph\":[{\"@type\":\"NewsArticle\",\"@id\":\"https:\\\/\\\/radiolitoral.com\\\/2025\\\/11\\\/la-ud-calpe-necesita-ganar-al-mutxamel\\\/#article\",\"isPartOf\":{\"@id\":\"https:\\\/\\\/radiolitoral.com\\\/2025\\\/11\\\/la-ud-calpe-necesita-ganar-al-mutxamel\\\/\"},\"author\":{\"name\":\"Javier Zamora\",\"@id\":\"https:\\\/\\\/radiolitoral.com\\\/#\\\/schema\\\/person\\\/7b1480b5caeb5acdd4ec6379caf62b22\"},\"headline\":\"La UD Calpe necesita ganar al Mutxamel\",\"datePublished\":\"2025-11-14T10:07:10+00:00\",\"mainEntityOfPage\":{\"@id\":\"https:\\\/\\\/radiolitoral.com\\\/2025\\\/11\\\/la-ud-calpe-necesita-ganar-al-mutxamel\\\/\"},\"wordCount\":456,\"commentCount\":0,\"publisher\":{\"@id\":\"https:\\\/\\\/radiolitoral.com\\\/#organization\"},\"image\":{\"@id\":\"https:\\\/\\\/radiolitoral.com\\\/2025\\\/11\\\/la-ud-calpe-necesita-ganar-al-mutxamel\\\/#primaryimage\"},\"thumbnailUrl\":\"https:\\\/\\\/media.radiolitoral.com\\\/wp-content\\\/uploads\\\/2025\\\/11\\\/14110638\\\/UD-Calpe-scaled.jpg\",\"keywords\":[\"CD J\u00e1vea\",\"deportes\",\"Julio Ivorra\",\"Lliga Comunitat\",\"Mutxamel\",\"Toni Gonz\u00e1lez\",\"Torrevieja\",\"UD Calpe\"],\"articleSection\":[\"Deportes\"],\"inLanguage\":\"ca\",\"potentialAction\":[{\"@type\":\"CommentAction\",\"name\":\"Comment\",\"target\":[\"https:\\\/\\\/radiolitoral.com\\\/2025\\\/11\\\/la-ud-calpe-necesita-ganar-al-mutxamel\\\/#respond\"]}]},{\"@type\":[\"WebPage\",\"ItemPage\"],\"@id\":\"https:\\\/\\\/radiolitoral.com\\\/2025\\\/11\\\/la-ud-calpe-necesita-ganar-al-mutxamel\\\/\",\"url\":\"https:\\\/\\\/radiolitoral.com\\\/2025\\\/11\\\/la-ud-calpe-necesita-ganar-al-mutxamel\\\/\",\"name\":\"La UD Calpe necesita ganar al Mutxamel | R\u00e0dio Litoral\",\"isPartOf\":{\"@id\":\"https:\\\/\\\/radiolitoral.com\\\/#website\"},\"primaryImageOfPage\":{\"@id\":\"https:\\\/\\\/radiolitoral.com\\\/2025\\\/11\\\/la-ud-calpe-necesita-ganar-al-mutxamel\\\/#primaryimage\"},\"image\":{\"@id\":\"https:\\\/\\\/radiolitoral.com\\\/2025\\\/11\\\/la-ud-calpe-necesita-ganar-al-mutxamel\\\/#primaryimage\"},\"thumbnailUrl\":\"https:\\\/\\\/media.radiolitoral.com\\\/wp-content\\\/uploads\\\/2025\\\/11\\\/14110638\\\/UD-Calpe-scaled.jpg\",\"datePublished\":\"2025-11-14T10:07:10+00:00\",\"description\":\"Los calpinos buscan regularidad tras un arranque de liga en el que han dejado muchas dudasLos calpinos buscan regularidad tras un arranque de liga en el que han dejado muchas dudas\",\"breadcrumb\":{\"@id\":\"https:\\\/\\\/radiolitoral.com\\\/2025\\\/11\\\/la-ud-calpe-necesita-ganar-al-mutxamel\\\/#breadcrumb\"},\"inLanguage\":\"ca\",\"potentialAction\":[{\"@type\":\"ReadAction\",\"target\":[\"https:\\\/\\\/radiolitoral.com\\\/2025\\\/11\\\/la-ud-calpe-necesita-ganar-al-mutxamel\\\/\"]}]},{\"@type\":\"ImageObject\",\"inLanguage\":\"ca\",\"@id\":\"https:\\\/\\\/radiolitoral.com\\\/2025\\\/11\\\/la-ud-calpe-necesita-ganar-al-mutxamel\\\/#primaryimage\",\"url\":\"https:\\\/\\\/media.radiolitoral.com\\\/wp-content\\\/uploads\\\/2025\\\/11\\\/14110638\\\/UD-Calpe-scaled.jpg\",\"contentUrl\":\"https:\\\/\\\/media.radiolitoral.com\\\/wp-content\\\/uploads\\\/2025\\\/11\\\/14110638\\\/UD-Calpe-scaled.jpg\",\"width\":2560,\"height\":1707},{\"@type\":\"BreadcrumbList\",\"@id\":\"https:\\\/\\\/radiolitoral.com\\\/2025\\\/11\\\/la-ud-calpe-necesita-ganar-al-mutxamel\\\/#breadcrumb\",\"itemListElement\":[{\"@type\":\"ListItem\",\"position\":1,\"name\":\"Portada\",\"item\":\"https:\\\/\\\/radiolitoral.com\\\/\"},{\"@type\":\"ListItem\",\"position\":2,\"name\":\"La UD Calpe necesita ganar al Mutxamel\"}]},{\"@type\":\"WebSite\",\"@id\":\"https:\\\/\\\/radiolitoral.com\\\/#website\",\"url\":\"https:\\\/\\\/radiolitoral.com\\\/\",\"name\":\"Radio Litoral\",\"description\":\"La radio local de la Marina Alta\",\"publisher\":{\"@id\":\"https:\\\/\\\/radiolitoral.com\\\/#organization\"},\"alternateName\":\"Litoral FM\",\"potentialAction\":[{\"@type\":\"SearchAction\",\"target\":{\"@type\":\"EntryPoint\",\"urlTemplate\":\"https:\\\/\\\/radiolitoral.com\\\/?s={search_term_string}\"},\"query-input\":{\"@type\":\"PropertyValueSpecification\",\"valueRequired\":true,\"valueName\":\"search_term_string\"}}],\"inLanguage\":\"ca\"},{\"@type\":\"Organization\",\"@id\":\"https:\\\/\\\/radiolitoral.com\\\/#organization\",\"name\":\"Radio Litoral\",\"url\":\"https:\\\/\\\/radiolitoral.com\\\/\",\"logo\":{\"@type\":\"ImageObject\",\"inLanguage\":\"ca\",\"@id\":\"https:\\\/\\\/radiolitoral.com\\\/#\\\/schema\\\/logo\\\/image\\\/\",\"url\":\"https:\\\/\\\/media.radiolitoral.com\\\/wp-content\\\/uploads\\\/2023\\\/02\\\/24143238\\\/CL-V-RadioLitoral696.png\",\"contentUrl\":\"https:\\\/\\\/media.radiolitoral.com\\\/wp-content\\\/uploads\\\/2023\\\/02\\\/24143238\\\/CL-V-RadioLitoral696.png\",\"width\":696,\"height\":696,\"caption\":\"Radio Litoral\"},\"image\":{\"@id\":\"https:\\\/\\\/radiolitoral.com\\\/#\\\/schema\\\/logo\\\/image\\\/\"},\"sameAs\":[\"https:\\\/\\\/www.facebook.com\\\/Laradiolitoral\\\/\"]},{\"@type\":\"Person\",\"@id\":\"https:\\\/\\\/radiolitoral.com\\\/#\\\/schema\\\/person\\\/7b1480b5caeb5acdd4ec6379caf62b22\",\"name\":\"Javier Zamora\",\"image\":{\"@type\":\"ImageObject\",\"inLanguage\":\"ca\",\"@id\":\"https:\\\/\\\/secure.gravatar.com\\\/avatar\\\/467a11f6918c7d619c4043fc6fa2d3853053107973f05b6e9c04ea6c4e3a7b3f?s=96&d=mm&r=g\",\"url\":\"https:\\\/\\\/secure.gravatar.com\\\/avatar\\\/467a11f6918c7d619c4043fc6fa2d3853053107973f05b6e9c04ea6c4e3a7b3f?s=96&d=mm&r=g\",\"contentUrl\":\"https:\\\/\\\/secure.gravatar.com\\\/avatar\\\/467a11f6918c7d619c4043fc6fa2d3853053107973f05b6e9c04ea6c4e3a7b3f?s=96&d=mm&r=g\",\"caption\":\"Javier Zamora\"},\"url\":\"https:\\\/\\\/radiolitoral.com\\\/ca\\\/author\\\/javier-zamora\\\/\"}]}<\/script>\n<!-- \/ Yoast SEO plugin. -->","yoast_head_json":{"title":"La UD Calp necessita guanyar el Mutxamel | R\u00e0dio Litoral","description":"Els calpins busquen regularitat despr\u00e9s d&#039;una arrencada de lliga en qu\u00e8 han deixat molts dubtesEls calpins busquen regularitat despr\u00e9s d&#039;una arrencada de lliga en qu\u00e8 han deixat molts dubtes","robots":{"index":"index","follow":"follow","max-snippet":"max-snippet:-1","max-image-preview":"max-image-preview:large","max-video-preview":"max-video-preview:-1"},"canonical":"https:\/\/radiolitoral.com\/ca\/2025\/11\/la-ut-calp-necessita-guanyar-el-mutxamel\/","og_locale":"ca_ES","og_type":"article","og_title":"La UD Calpe necesita ganar al Mutxamel | R\u00e0dio Litoral","og_description":"Los calpinos buscan regularidad tras un arranque de liga en el que han dejado muchas dudasLos calpinos buscan regularidad tras un arranque de liga en el que han dejado muchas dudas","og_url":"https:\/\/radiolitoral.com\/ca\/2025\/11\/la-ut-calp-necessita-guanyar-el-mutxamel\/","og_site_name":"R\u00e0dio Litoral","article_publisher":"https:\/\/www.facebook.com\/Laradiolitoral\/","article_published_time":"2025-11-14T10:07:10+00:00","og_image":[{"width":2560,"height":1707,"url":"https:\/\/media.radiolitoral.com\/wp-content\/uploads\/2025\/11\/14110638\/UD-Calpe-scaled.jpg","type":"image\/jpeg"}],"author":"Javier Zamora","twitter_card":"summary_large_image","twitter_misc":{"Escrit per":"Javier Zamora","Temps estimat de lectura":"3 minuts"},"schema":{"@context":"https:\/\/schema.org","@graph":[{"@type":"NewsArticle","@id":"https:\/\/radiolitoral.com\/2025\/11\/la-ud-calpe-necesita-ganar-al-mutxamel\/#article","isPartOf":{"@id":"https:\/\/radiolitoral.com\/2025\/11\/la-ud-calpe-necesita-ganar-al-mutxamel\/"},"author":{"name":"Javier Zamora","@id":"https:\/\/radiolitoral.com\/#\/schema\/person\/7b1480b5caeb5acdd4ec6379caf62b22"},"headline":"La UD Calpe necesita ganar al Mutxamel","datePublished":"2025-11-14T10:07:10+00:00","mainEntityOfPage":{"@id":"https:\/\/radiolitoral.com\/2025\/11\/la-ud-calpe-necesita-ganar-al-mutxamel\/"},"wordCount":456,"commentCount":0,"publisher":{"@id":"https:\/\/radiolitoral.com\/#organization"},"image":{"@id":"https:\/\/radiolitoral.com\/2025\/11\/la-ud-calpe-necesita-ganar-al-mutxamel\/#primaryimage"},"thumbnailUrl":"https:\/\/media.radiolitoral.com\/wp-content\/uploads\/2025\/11\/14110638\/UD-Calpe-scaled.jpg","keywords":["CD J\u00e1vea","deportes","Julio Ivorra","Lliga Comunitat","Mutxamel","Toni Gonz\u00e1lez","Torrevieja","UD Calpe"],"articleSection":["Deportes"],"inLanguage":"ca","potentialAction":[{"@type":"CommentAction","name":"Comment","target":["https:\/\/radiolitoral.com\/2025\/11\/la-ud-calpe-necesita-ganar-al-mutxamel\/#respond"]}]},{"@type":["WebPage","ItemPage"],"@id":"https:\/\/radiolitoral.com\/2025\/11\/la-ud-calpe-necesita-ganar-al-mutxamel\/","url":"https:\/\/radiolitoral.com\/2025\/11\/la-ud-calpe-necesita-ganar-al-mutxamel\/","name":"La UD Calp necessita guanyar el Mutxamel | R\u00e0dio Litoral","isPartOf":{"@id":"https:\/\/radiolitoral.com\/#website"},"primaryImageOfPage":{"@id":"https:\/\/radiolitoral.com\/2025\/11\/la-ud-calpe-necesita-ganar-al-mutxamel\/#primaryimage"},"image":{"@id":"https:\/\/radiolitoral.com\/2025\/11\/la-ud-calpe-necesita-ganar-al-mutxamel\/#primaryimage"},"thumbnailUrl":"https:\/\/media.radiolitoral.com\/wp-content\/uploads\/2025\/11\/14110638\/UD-Calpe-scaled.jpg","datePublished":"2025-11-14T10:07:10+00:00","description":"Els calpins busquen regularitat despr\u00e9s d&#039;una arrencada de lliga en qu\u00e8 han deixat molts dubtesEls calpins busquen regularitat despr\u00e9s d&#039;una arrencada de lliga en qu\u00e8 han deixat molts dubtes","breadcrumb":{"@id":"https:\/\/radiolitoral.com\/2025\/11\/la-ud-calpe-necesita-ganar-al-mutxamel\/#breadcrumb"},"inLanguage":"ca","potentialAction":[{"@type":"ReadAction","target":["https:\/\/radiolitoral.com\/2025\/11\/la-ud-calpe-necesita-ganar-al-mutxamel\/"]}]},{"@type":"ImageObject","inLanguage":"ca","@id":"https:\/\/radiolitoral.com\/2025\/11\/la-ud-calpe-necesita-ganar-al-mutxamel\/#primaryimage","url":"https:\/\/media.radiolitoral.com\/wp-content\/uploads\/2025\/11\/14110638\/UD-Calpe-scaled.jpg","contentUrl":"https:\/\/media.radiolitoral.com\/wp-content\/uploads\/2025\/11\/14110638\/UD-Calpe-scaled.jpg","width":2560,"height":1707},{"@type":"BreadcrumbList","@id":"https:\/\/radiolitoral.com\/2025\/11\/la-ud-calpe-necesita-ganar-al-mutxamel\/#breadcrumb","itemListElement":[{"@type":"ListItem","position":1,"name":"Portada","item":"https:\/\/radiolitoral.com\/"},{"@type":"ListItem","position":2,"name":"La UD Calpe necesita ganar al Mutxamel"}]},{"@type":"WebSite","@id":"https:\/\/radiolitoral.com\/#website","url":"https:\/\/radiolitoral.com\/","name":"R\u00e0dio Litoral","description":"La r\u00e0dio local de la Marina Alta","publisher":{"@id":"https:\/\/radiolitoral.com\/#organization"},"alternateName":"Litoral FM","potentialAction":[{"@type":"SearchAction","target":{"@type":"EntryPoint","urlTemplate":"https:\/\/radiolitoral.com\/?s={search_term_string}"},"query-input":{"@type":"PropertyValueSpecification","valueRequired":true,"valueName":"search_term_string"}}],"inLanguage":"ca"},{"@type":"Organization","@id":"https:\/\/radiolitoral.com\/#organization","name":"R\u00e0dio Litoral","url":"https:\/\/radiolitoral.com\/","logo":{"@type":"ImageObject","inLanguage":"ca","@id":"https:\/\/radiolitoral.com\/#\/schema\/logo\/image\/","url":"https:\/\/media.radiolitoral.com\/wp-content\/uploads\/2023\/02\/24143238\/CL-V-RadioLitoral696.png","contentUrl":"https:\/\/media.radiolitoral.com\/wp-content\/uploads\/2023\/02\/24143238\/CL-V-RadioLitoral696.png","width":696,"height":696,"caption":"Radio Litoral"},"image":{"@id":"https:\/\/radiolitoral.com\/#\/schema\/logo\/image\/"},"sameAs":["https:\/\/www.facebook.com\/Laradiolitoral\/"]},{"@type":"Person","@id":"https:\/\/radiolitoral.com\/#\/schema\/person\/7b1480b5caeb5acdd4ec6379caf62b22","name":"Javier Zamora","image":{"@type":"ImageObject","inLanguage":"ca","@id":"https:\/\/secure.gravatar.com\/avatar\/467a11f6918c7d619c4043fc6fa2d3853053107973f05b6e9c04ea6c4e3a7b3f?s=96&d=mm&r=g","url":"https:\/\/secure.gravatar.com\/avatar\/467a11f6918c7d619c4043fc6fa2d3853053107973f05b6e9c04ea6c4e3a7b3f?s=96&d=mm&r=g","contentUrl":"https:\/\/secure.gravatar.com\/avatar\/467a11f6918c7d619c4043fc6fa2d3853053107973f05b6e9c04ea6c4e3a7b3f?s=96&d=mm&r=g","caption":"Javier Zamora"},"url":"https:\/\/radiolitoral.com\/ca\/author\/javier-zamora\/"}]}},"_links":{"self":[{"href":"https:\/\/radiolitoral.com\/ca\/wp-json\/wp\/v2\/posts\/19215","targetHints":{"allow":["GET"]}}],"collection":[{"href":"https:\/\/radiolitoral.com\/ca\/wp-json\/wp\/v2\/posts"}],"about":[{"href":"https:\/\/radiolitoral.com\/ca\/wp-json\/wp\/v2\/types\/post"}],"author":[{"embeddable":true,"href":"https:\/\/radiolitoral.com\/ca\/wp-json\/wp\/v2\/users\/12"}],"replies":[{"embeddable":true,"href":"https:\/\/radiolitoral.com\/ca\/wp-json\/wp\/v2\/comments?post=19215"}],"version-history":[{"count":2,"href":"https:\/\/radiolitoral.com\/ca\/wp-json\/wp\/v2\/posts\/19215\/revisions"}],"predecessor-version":[{"id":19219,"href":"https:\/\/radiolitoral.com\/ca\/wp-json\/wp\/v2\/posts\/19215\/revisions\/19219"}],"wp:featuredmedia":[{"embeddable":true,"href":"https:\/\/radiolitoral.com\/ca\/wp-json\/wp\/v2\/media\/19217"}],"wp:attachment":[{"href":"https:\/\/radiolitoral.com\/ca\/wp-json\/wp\/v2\/media?parent=19215"}],"wp:term":[{"taxonomy":"category","embeddable":true,"href":"https:\/\/radiolitoral.com\/ca\/wp-json\/wp\/v2\/categories?post=19215"},{"taxonomy":"post_tag","embeddable":true,"href":"https:\/\/radiolitoral.com\/ca\/wp-json\/wp\/v2\/tags?post=19215"}],"curies":[{"name":"wp","href":"https:\/\/api.w.org\/{rel}","templated":true}]}}