{"id":19204,"date":"2025-11-13T12:50:08","date_gmt":"2025-11-13T11:50:08","guid":{"rendered":"https:\/\/radiolitoral.com\/?p=19204"},"modified":"2025-11-13T12:50:08","modified_gmt":"2025-11-13T11:50:08","slug":"arturo-poquet-no-entenc-per-que-sataquen-les-meves-declaracions-als-mitjans","status":"publish","type":"post","link":"https:\/\/radiolitoral.com\/ca\/2025\/11\/arturo-poquet-no-entiendo-por-que-se-atacan-mis-declaraciones-en-los-medios\/","title":{"rendered":"Arturo Poquet: \u00abNo entenc per qu\u00e8 s&#039;ataquen les meves declaracions als mitjans\u00bb"},"content":{"rendered":"<p data-start=\"112\" data-end=\"489\">L&#039;alcalde de Benissa, <strong>Arturo Poquet<\/strong>, ha respost a les acusacions llan\u00e7ades per la plataforma Salvem el Litoral, que ha criticat la gesti\u00f3 del <strong>projecte urban\u00edstic Patmore Resort &amp; Residence<\/strong>, un complex de luxe que es preveu construir entre <strong>Cala Pinets<\/strong> i <strong>La Llobella<\/strong>. En una entrevista recent, Poquet va aclarir diversos punts sobre la pol\u00e8mica que ha generat aquest projecte.<\/p>\n<p data-start=\"491\" data-end=\"565\"><strong data-start=\"491\" data-end=\"565\">\u00c9s cert que el projecte no compta amb les infraestructures m\u00ednimes?<\/strong><\/p>\n<p data-start=\"567\" data-end=\"1030\">L&#039;alcalde va desmentir les acusacions de Salvem al Litoral, que van assegurar que el projecte no tenia els <strong>serveis b\u00e0sics<\/strong> com aigua, electricitat i clavegueram. Poquet va explicar que, segons els informes t\u00e8cnics i dict\u00e0mens de la Conselleria, la parcel\u00b7la on es desenvolupar\u00e0 el projecte \u00e9s un s\u00f2l urb\u00e0 consolidat des del 1978, i que, en cas de no comptar amb alguns d&#039;aquests serveis, l&#039;administraci\u00f3 t\u00e9 l&#039;obligaci\u00f3 de <strong>garantir-ne la disponibilitat<\/strong>.<\/p>\n<p data-start=\"1079\" data-end=\"1524\">Poquet va ser contundent en afirmar que les llic\u00e8ncies per a aquest tipus de projectes \u00abs\u00f3n actes reglats, cosa que significa que no poden ser denegades de manera arbitr\u00e0ria\u00bb. Segons l&#039;alcalde, si el projecte compleix la normativa urban\u00edstica vigent, &quot;l&#039;administraci\u00f3 no es pot negar&quot; a tramitar les llic\u00e8ncies, ja que fer-ho podria implicar un delicte de prevaricaci\u00f3. &quot;Si no es concedeixen aquestes llic\u00e8ncies, haur\u00edem d&#039;indemnitzar l&#039;empresa&quot;, va assegurar.<\/p>\n<p data-start=\"1526\" data-end=\"1581\"><strong data-start=\"1526\" data-end=\"1581\">Les cr\u00edtiques de l&#039;oposici\u00f3 i els grups pol\u00edtics<\/strong><\/p>\n<p data-start=\"1583\" data-end=\"2057\">L&#039;alcalde tamb\u00e9 va fer refer\u00e8ncia als grups pol\u00edtics que, segons ell, s\u00f3n darrere de les cr\u00edtiques al projecte. Poquet va assenyalar els partits de l&#039;oposici\u00f3, en particular a <strong>Comprom\u00eds<\/strong> i el <strong>CIBE<\/strong>, com els responsables d&#039;impulsar una campanya de desinformaci\u00f3 i de tractar de crear un conflicte al voltant del projecte. &quot;Aquests grups minoritaris no estan actuant amb responsabilitat pol\u00edtica. Estan buscant generar un conflicte en lloc d&#039;aportar solucions&quot;, va dir Poquet.<\/p>\n<p data-start=\"2114\" data-end=\"2548\">Poquet tamb\u00e9 va confirmar que est\u00e0 organitzant una <strong>reuni\u00f3 amb la Conselleria<\/strong> i els portaveus de tots els grups pol\u00edtics per aclarir la situaci\u00f3 i assegurar la m\u00e0xima transpar\u00e8ncia. Tot i aix\u00f2, a causa de la manca de disponibilitat d&#039;alguns grups, la reuni\u00f3 s&#039;ha posposat. &quot;La reuni\u00f3 es far\u00e0 nom\u00e9s si tots els grups pol\u00edtics hi poden assistir. \u00c9s essencial que aquest assumpte s&#039;abordi de manera conjunta&quot;, va destacar l&#039;alcalde.<\/p>\n<p data-start=\"2550\" data-end=\"2598\"><strong data-start=\"2550\" data-end=\"2598\">Les acusacions sobre manipulaci\u00f3 medi\u00e0tica<\/strong><\/p>\n<p data-start=\"2600\" data-end=\"3027\">Finalment, Poquet va respondre a les acusacions de Salvem al Litoral, que van criticar l&#039;entrevista que va oferir a una emissora local. L?alcalde va considerar que aquestes cr\u00edtiques s\u00f3n un atac directe a la democr\u00e0cia local ia la llibertat d?expressi\u00f3. &quot;No entenc per qu\u00e8 s&#039;ataquen les meves declaracions als mitjans. Sempre he parlat amb base en informes t\u00e8cnics i administratius, i no en opinions pol\u00edtiques o personals&quot;, va afirmar.<\/p>\n<p data-start=\"3029\" data-end=\"3317\">Arturo Poquet va concloure expressant el seu ferm comprom\u00eds amb el <strong>principi de legalitat i la transpar\u00e8ncia<\/strong> en la gesti\u00f3 municipal, insistint que totes les decisions relacionades amb el projecte Patmore Resort &amp; Residence es basen en el compliment de la normativa urban\u00edstica vigent.<\/p>\n<p data-start=\"3319\" data-end=\"3490\" data-is-last-node=\"\" data-is-only-node=\"\">&quot;\u00c9s un principi b\u00e0sic constitucional que hem de respectar i defensar&quot;, va afirmar l&#039;alcalde, agraint als mitjans per donar espai a totes les veus en aquest debat.<\/p>\n<audio class=\"wp-audio-shortcode\" id=\"audio-19204-1\" preload=\"none\" style=\"width: 100%;\" controls=\"controls\"><source type=\"audio\/mpeg\" src=\"https:\/\/media.radiolitoral.com\/wp-content\/uploads\/2025\/11\/13125002\/Entrevista-Arturo-Poquet-Salvem-Litoral.mp3?_=1\" \/><a href=\"https:\/\/media.radiolitoral.com\/wp-content\/uploads\/2025\/11\/13125002\/Entrevista-Arturo-Poquet-Salvem-Litoral.mp3\">https:\/\/media.radiolitoral.com\/wp-content\/uploads\/2025\/11\/13125002\/Entrevista-Arturo-Poquet-Salvem-Litoral.mp3<\/a><\/audio>","protected":false},"excerpt":{"rendered":"<p>El alcalde de Benissa, Arturo Poquet, ha respondido a las acusaciones lanzadas por la plataforma Salvem el Litoral, que ha criticado la gesti\u00f3n del proyecto urban\u00edstico Patmore Resort &amp; Residence, un complejo de lujo que se prev\u00e9 construir entre Cala Pinets y La Llobella. En una entrevista reciente, Poquet aclar\u00f3 varios puntos sobre la pol\u00e9mica [&#8230;]<\/p>\n<p><a class=\"btn btn-secondary understrap-read-more-link\" href=\"https:\/\/radiolitoral.com\/ca\/2025\/11\/arturo-poquet-no-entiendo-por-que-se-atacan-mis-declaraciones-en-los-medios\/\">Continua llegint&#8230;<span class=\"screen-reader-text\"> from Arturo Poquet: \u00abNo entiendo por qu\u00e9 se atacan mis declaraciones en los medios\u00bb<\/span><\/a><\/p>\n","protected":false},"author":14,"featured_media":17270,"comment_status":"open","ping_status":"closed","sticky":false,"template":"","format":"standard","meta":{"_acf_changed":false,"inline_featured_image":false,"footnotes":""},"categories":[2753,13],"tags":[1209,2248,43,5088,5087],"class_list":["post-19204","post","type-post","status-publish","format-standard","has-post-thumbnail","hentry","category-entrevistas","category-politica","tag-arturo-poquet","tag-cibe","tag-compromis","tag-patmore","tag-salvem-el-litoral","cobertura-benissa"],"acf":[],"yoast_head":"<!-- This site is optimized with the Yoast SEO plugin v27.5 - https:\/\/yoast.com\/product\/yoast-seo-wordpress\/ -->\n<title>Arturo Poquet: &quot;No entiendo por qu\u00e9 se atacan mis declaraciones en los medios&quot; | R\u00e0dio Litoral<\/title>\n<meta name=\"description\" content=\"El alcalde de Benissa responde a las cr\u00edticas vertidas por parte de la plataforma Salvem el Litoral\" \/>\n<meta name=\"robots\" content=\"index, follow, max-snippet:-1, max-image-preview:large, max-video-preview:-1\" \/>\n<link rel=\"canonical\" href=\"https:\/\/radiolitoral.com\/ca\/2025\/11\/arturo-poquet-no-entenc-per-que-sataquen-les-meves-declaracions-als-mitjans\/\" \/>\n<meta property=\"og:locale\" content=\"ca_ES\" \/>\n<meta property=\"og:type\" content=\"article\" \/>\n<meta property=\"og:title\" content=\"Arturo Poquet: &quot;No entiendo por qu\u00e9 se atacan mis declaraciones en los medios&quot; | R\u00e0dio Litoral\" \/>\n<meta property=\"og:description\" content=\"El alcalde de Benissa responde a las cr\u00edticas vertidas por parte de la plataforma Salvem el Litoral\" \/>\n<meta property=\"og:url\" content=\"https:\/\/radiolitoral.com\/ca\/2025\/11\/arturo-poquet-no-entenc-per-que-sataquen-les-meves-declaracions-als-mitjans\/\" \/>\n<meta property=\"og:site_name\" content=\"R\u00e0dio Litoral\" \/>\n<meta property=\"article:publisher\" content=\"https:\/\/www.facebook.com\/Laradiolitoral\/\" \/>\n<meta property=\"article:published_time\" content=\"2025-11-13T11:50:08+00:00\" \/>\n<meta property=\"og:image\" content=\"https:\/\/media.radiolitoral.com\/wp-content\/uploads\/2025\/06\/13170951\/Arturo-Poquet-Radio-Litoral.jpeg\" \/>\n\t<meta property=\"og:image:width\" content=\"2048\" \/>\n\t<meta property=\"og:image:height\" content=\"1536\" \/>\n\t<meta property=\"og:image:type\" content=\"image\/jpeg\" \/>\n<meta name=\"author\" content=\"Redacci\u00f3n\" \/>\n<meta name=\"twitter:card\" content=\"summary_large_image\" \/>\n<meta name=\"twitter:label1\" content=\"Escrit per\" \/>\n\t<meta name=\"twitter:data1\" content=\"Redacci\u00f3n\" \/>\n\t<meta name=\"twitter:label2\" content=\"Temps estimat de lectura\" \/>\n\t<meta name=\"twitter:data2\" content=\"3 minuts\" \/>\n<script type=\"application\/ld+json\" class=\"yoast-schema-graph\">{\"@context\":\"https:\\\/\\\/schema.org\",\"@graph\":[{\"@type\":\"NewsArticle\",\"@id\":\"https:\\\/\\\/radiolitoral.com\\\/2025\\\/11\\\/arturo-poquet-no-entiendo-por-que-se-atacan-mis-declaraciones-en-los-medios\\\/#article\",\"isPartOf\":{\"@id\":\"https:\\\/\\\/radiolitoral.com\\\/2025\\\/11\\\/arturo-poquet-no-entiendo-por-que-se-atacan-mis-declaraciones-en-los-medios\\\/\"},\"author\":{\"name\":\"Redacci\u00f3n\",\"@id\":\"https:\\\/\\\/radiolitoral.com\\\/#\\\/schema\\\/person\\\/96b739642eb3bedb532aac3812d23307\"},\"headline\":\"Arturo Poquet: \u00abNo entiendo por qu\u00e9 se atacan mis declaraciones en los medios\u00bb\",\"datePublished\":\"2025-11-13T11:50:08+00:00\",\"mainEntityOfPage\":{\"@id\":\"https:\\\/\\\/radiolitoral.com\\\/2025\\\/11\\\/arturo-poquet-no-entiendo-por-que-se-atacan-mis-declaraciones-en-los-medios\\\/\"},\"wordCount\":582,\"commentCount\":0,\"publisher\":{\"@id\":\"https:\\\/\\\/radiolitoral.com\\\/#organization\"},\"image\":{\"@id\":\"https:\\\/\\\/radiolitoral.com\\\/2025\\\/11\\\/arturo-poquet-no-entiendo-por-que-se-atacan-mis-declaraciones-en-los-medios\\\/#primaryimage\"},\"thumbnailUrl\":\"https:\\\/\\\/media.radiolitoral.com\\\/wp-content\\\/uploads\\\/2025\\\/06\\\/13170951\\\/Arturo-Poquet-Radio-Litoral.jpeg\",\"keywords\":[\"Arturo Poquet\",\"CIBE\",\"Comprom\u00eds\",\"Patmore\",\"Salvem el Litoral\"],\"articleSection\":[\"Entrevistas\",\"Pol\u00edtica\"],\"inLanguage\":\"ca\",\"potentialAction\":[{\"@type\":\"CommentAction\",\"name\":\"Comment\",\"target\":[\"https:\\\/\\\/radiolitoral.com\\\/2025\\\/11\\\/arturo-poquet-no-entiendo-por-que-se-atacan-mis-declaraciones-en-los-medios\\\/#respond\"]}]},{\"@type\":[\"WebPage\",\"ItemPage\"],\"@id\":\"https:\\\/\\\/radiolitoral.com\\\/2025\\\/11\\\/arturo-poquet-no-entiendo-por-que-se-atacan-mis-declaraciones-en-los-medios\\\/\",\"url\":\"https:\\\/\\\/radiolitoral.com\\\/2025\\\/11\\\/arturo-poquet-no-entiendo-por-que-se-atacan-mis-declaraciones-en-los-medios\\\/\",\"name\":\"Arturo Poquet: \\\"No entiendo por qu\u00e9 se atacan mis declaraciones en los medios\\\" | R\u00e0dio Litoral\",\"isPartOf\":{\"@id\":\"https:\\\/\\\/radiolitoral.com\\\/#website\"},\"primaryImageOfPage\":{\"@id\":\"https:\\\/\\\/radiolitoral.com\\\/2025\\\/11\\\/arturo-poquet-no-entiendo-por-que-se-atacan-mis-declaraciones-en-los-medios\\\/#primaryimage\"},\"image\":{\"@id\":\"https:\\\/\\\/radiolitoral.com\\\/2025\\\/11\\\/arturo-poquet-no-entiendo-por-que-se-atacan-mis-declaraciones-en-los-medios\\\/#primaryimage\"},\"thumbnailUrl\":\"https:\\\/\\\/media.radiolitoral.com\\\/wp-content\\\/uploads\\\/2025\\\/06\\\/13170951\\\/Arturo-Poquet-Radio-Litoral.jpeg\",\"datePublished\":\"2025-11-13T11:50:08+00:00\",\"description\":\"El alcalde de Benissa responde a las cr\u00edticas vertidas por parte de la plataforma Salvem el Litoral\",\"breadcrumb\":{\"@id\":\"https:\\\/\\\/radiolitoral.com\\\/2025\\\/11\\\/arturo-poquet-no-entiendo-por-que-se-atacan-mis-declaraciones-en-los-medios\\\/#breadcrumb\"},\"inLanguage\":\"ca\",\"potentialAction\":[{\"@type\":\"ReadAction\",\"target\":[\"https:\\\/\\\/radiolitoral.com\\\/2025\\\/11\\\/arturo-poquet-no-entiendo-por-que-se-atacan-mis-declaraciones-en-los-medios\\\/\"]}]},{\"@type\":\"ImageObject\",\"inLanguage\":\"ca\",\"@id\":\"https:\\\/\\\/radiolitoral.com\\\/2025\\\/11\\\/arturo-poquet-no-entiendo-por-que-se-atacan-mis-declaraciones-en-los-medios\\\/#primaryimage\",\"url\":\"https:\\\/\\\/media.radiolitoral.com\\\/wp-content\\\/uploads\\\/2025\\\/06\\\/13170951\\\/Arturo-Poquet-Radio-Litoral.jpeg\",\"contentUrl\":\"https:\\\/\\\/media.radiolitoral.com\\\/wp-content\\\/uploads\\\/2025\\\/06\\\/13170951\\\/Arturo-Poquet-Radio-Litoral.jpeg\",\"width\":2048,\"height\":1536},{\"@type\":\"BreadcrumbList\",\"@id\":\"https:\\\/\\\/radiolitoral.com\\\/2025\\\/11\\\/arturo-poquet-no-entiendo-por-que-se-atacan-mis-declaraciones-en-los-medios\\\/#breadcrumb\",\"itemListElement\":[{\"@type\":\"ListItem\",\"position\":1,\"name\":\"Portada\",\"item\":\"https:\\\/\\\/radiolitoral.com\\\/\"},{\"@type\":\"ListItem\",\"position\":2,\"name\":\"Arturo Poquet: \u00abNo entiendo por qu\u00e9 se atacan mis declaraciones en los medios\u00bb\"}]},{\"@type\":\"WebSite\",\"@id\":\"https:\\\/\\\/radiolitoral.com\\\/#website\",\"url\":\"https:\\\/\\\/radiolitoral.com\\\/\",\"name\":\"Radio Litoral\",\"description\":\"La radio local de la Marina Alta\",\"publisher\":{\"@id\":\"https:\\\/\\\/radiolitoral.com\\\/#organization\"},\"alternateName\":\"Litoral FM\",\"potentialAction\":[{\"@type\":\"SearchAction\",\"target\":{\"@type\":\"EntryPoint\",\"urlTemplate\":\"https:\\\/\\\/radiolitoral.com\\\/?s={search_term_string}\"},\"query-input\":{\"@type\":\"PropertyValueSpecification\",\"valueRequired\":true,\"valueName\":\"search_term_string\"}}],\"inLanguage\":\"ca\"},{\"@type\":\"Organization\",\"@id\":\"https:\\\/\\\/radiolitoral.com\\\/#organization\",\"name\":\"Radio Litoral\",\"url\":\"https:\\\/\\\/radiolitoral.com\\\/\",\"logo\":{\"@type\":\"ImageObject\",\"inLanguage\":\"ca\",\"@id\":\"https:\\\/\\\/radiolitoral.com\\\/#\\\/schema\\\/logo\\\/image\\\/\",\"url\":\"https:\\\/\\\/media.radiolitoral.com\\\/wp-content\\\/uploads\\\/2023\\\/02\\\/24143238\\\/CL-V-RadioLitoral696.png\",\"contentUrl\":\"https:\\\/\\\/media.radiolitoral.com\\\/wp-content\\\/uploads\\\/2023\\\/02\\\/24143238\\\/CL-V-RadioLitoral696.png\",\"width\":696,\"height\":696,\"caption\":\"Radio Litoral\"},\"image\":{\"@id\":\"https:\\\/\\\/radiolitoral.com\\\/#\\\/schema\\\/logo\\\/image\\\/\"},\"sameAs\":[\"https:\\\/\\\/www.facebook.com\\\/Laradiolitoral\\\/\"]},{\"@type\":\"Person\",\"@id\":\"https:\\\/\\\/radiolitoral.com\\\/#\\\/schema\\\/person\\\/96b739642eb3bedb532aac3812d23307\",\"name\":\"Redacci\u00f3n\",\"image\":{\"@type\":\"ImageObject\",\"inLanguage\":\"ca\",\"@id\":\"https:\\\/\\\/secure.gravatar.com\\\/avatar\\\/30cd06129ee90411dd9c7cbdcf17464181d1a3c7b072e92070ea75a25cf0097e?s=96&d=mm&r=g\",\"url\":\"https:\\\/\\\/secure.gravatar.com\\\/avatar\\\/30cd06129ee90411dd9c7cbdcf17464181d1a3c7b072e92070ea75a25cf0097e?s=96&d=mm&r=g\",\"contentUrl\":\"https:\\\/\\\/secure.gravatar.com\\\/avatar\\\/30cd06129ee90411dd9c7cbdcf17464181d1a3c7b072e92070ea75a25cf0097e?s=96&d=mm&r=g\",\"caption\":\"Redacci\u00f3n\"},\"url\":\"https:\\\/\\\/radiolitoral.com\\\/ca\\\/author\\\/kevin-carrio\\\/\"}]}<\/script>\n<!-- \/ Yoast SEO plugin. -->","yoast_head_json":{"title":"Arturo Poquet: &quot;No entenc per qu\u00e8 s&#039;ataquen les meves declaracions als mitjans&quot; | R\u00e0dio Litoral","description":"L&#039;alcalde de Benissa respon a les cr\u00edtiques abocades per part de la plataforma Salvem al Litoral","robots":{"index":"index","follow":"follow","max-snippet":"max-snippet:-1","max-image-preview":"max-image-preview:large","max-video-preview":"max-video-preview:-1"},"canonical":"https:\/\/radiolitoral.com\/ca\/2025\/11\/arturo-poquet-no-entenc-per-que-sataquen-les-meves-declaracions-als-mitjans\/","og_locale":"ca_ES","og_type":"article","og_title":"Arturo Poquet: \"No entiendo por qu\u00e9 se atacan mis declaraciones en los medios\" | R\u00e0dio Litoral","og_description":"El alcalde de Benissa responde a las cr\u00edticas vertidas por parte de la plataforma Salvem el Litoral","og_url":"https:\/\/radiolitoral.com\/ca\/2025\/11\/arturo-poquet-no-entenc-per-que-sataquen-les-meves-declaracions-als-mitjans\/","og_site_name":"R\u00e0dio Litoral","article_publisher":"https:\/\/www.facebook.com\/Laradiolitoral\/","article_published_time":"2025-11-13T11:50:08+00:00","og_image":[{"width":2048,"height":1536,"url":"https:\/\/media.radiolitoral.com\/wp-content\/uploads\/2025\/06\/13170951\/Arturo-Poquet-Radio-Litoral.jpeg","type":"image\/jpeg"}],"author":"Redacci\u00f3n","twitter_card":"summary_large_image","twitter_misc":{"Escrit per":"Redacci\u00f3n","Temps estimat de lectura":"3 minuts"},"schema":{"@context":"https:\/\/schema.org","@graph":[{"@type":"NewsArticle","@id":"https:\/\/radiolitoral.com\/2025\/11\/arturo-poquet-no-entiendo-por-que-se-atacan-mis-declaraciones-en-los-medios\/#article","isPartOf":{"@id":"https:\/\/radiolitoral.com\/2025\/11\/arturo-poquet-no-entiendo-por-que-se-atacan-mis-declaraciones-en-los-medios\/"},"author":{"name":"Redacci\u00f3n","@id":"https:\/\/radiolitoral.com\/#\/schema\/person\/96b739642eb3bedb532aac3812d23307"},"headline":"Arturo Poquet: \u00abNo entiendo por qu\u00e9 se atacan mis declaraciones en los medios\u00bb","datePublished":"2025-11-13T11:50:08+00:00","mainEntityOfPage":{"@id":"https:\/\/radiolitoral.com\/2025\/11\/arturo-poquet-no-entiendo-por-que-se-atacan-mis-declaraciones-en-los-medios\/"},"wordCount":582,"commentCount":0,"publisher":{"@id":"https:\/\/radiolitoral.com\/#organization"},"image":{"@id":"https:\/\/radiolitoral.com\/2025\/11\/arturo-poquet-no-entiendo-por-que-se-atacan-mis-declaraciones-en-los-medios\/#primaryimage"},"thumbnailUrl":"https:\/\/media.radiolitoral.com\/wp-content\/uploads\/2025\/06\/13170951\/Arturo-Poquet-Radio-Litoral.jpeg","keywords":["Arturo Poquet","CIBE","Comprom\u00eds","Patmore","Salvem el Litoral"],"articleSection":["Entrevistas","Pol\u00edtica"],"inLanguage":"ca","potentialAction":[{"@type":"CommentAction","name":"Comment","target":["https:\/\/radiolitoral.com\/2025\/11\/arturo-poquet-no-entiendo-por-que-se-atacan-mis-declaraciones-en-los-medios\/#respond"]}]},{"@type":["WebPage","ItemPage"],"@id":"https:\/\/radiolitoral.com\/2025\/11\/arturo-poquet-no-entiendo-por-que-se-atacan-mis-declaraciones-en-los-medios\/","url":"https:\/\/radiolitoral.com\/2025\/11\/arturo-poquet-no-entiendo-por-que-se-atacan-mis-declaraciones-en-los-medios\/","name":"Arturo Poquet: &quot;No entenc per qu\u00e8 s&#039;ataquen les meves declaracions als mitjans&quot; | R\u00e0dio Litoral","isPartOf":{"@id":"https:\/\/radiolitoral.com\/#website"},"primaryImageOfPage":{"@id":"https:\/\/radiolitoral.com\/2025\/11\/arturo-poquet-no-entiendo-por-que-se-atacan-mis-declaraciones-en-los-medios\/#primaryimage"},"image":{"@id":"https:\/\/radiolitoral.com\/2025\/11\/arturo-poquet-no-entiendo-por-que-se-atacan-mis-declaraciones-en-los-medios\/#primaryimage"},"thumbnailUrl":"https:\/\/media.radiolitoral.com\/wp-content\/uploads\/2025\/06\/13170951\/Arturo-Poquet-Radio-Litoral.jpeg","datePublished":"2025-11-13T11:50:08+00:00","description":"L&#039;alcalde de Benissa respon a les cr\u00edtiques abocades per part de la plataforma Salvem al Litoral","breadcrumb":{"@id":"https:\/\/radiolitoral.com\/2025\/11\/arturo-poquet-no-entiendo-por-que-se-atacan-mis-declaraciones-en-los-medios\/#breadcrumb"},"inLanguage":"ca","potentialAction":[{"@type":"ReadAction","target":["https:\/\/radiolitoral.com\/2025\/11\/arturo-poquet-no-entiendo-por-que-se-atacan-mis-declaraciones-en-los-medios\/"]}]},{"@type":"ImageObject","inLanguage":"ca","@id":"https:\/\/radiolitoral.com\/2025\/11\/arturo-poquet-no-entiendo-por-que-se-atacan-mis-declaraciones-en-los-medios\/#primaryimage","url":"https:\/\/media.radiolitoral.com\/wp-content\/uploads\/2025\/06\/13170951\/Arturo-Poquet-Radio-Litoral.jpeg","contentUrl":"https:\/\/media.radiolitoral.com\/wp-content\/uploads\/2025\/06\/13170951\/Arturo-Poquet-Radio-Litoral.jpeg","width":2048,"height":1536},{"@type":"BreadcrumbList","@id":"https:\/\/radiolitoral.com\/2025\/11\/arturo-poquet-no-entiendo-por-que-se-atacan-mis-declaraciones-en-los-medios\/#breadcrumb","itemListElement":[{"@type":"ListItem","position":1,"name":"Portada","item":"https:\/\/radiolitoral.com\/"},{"@type":"ListItem","position":2,"name":"Arturo Poquet: \u00abNo entiendo por qu\u00e9 se atacan mis declaraciones en los medios\u00bb"}]},{"@type":"WebSite","@id":"https:\/\/radiolitoral.com\/#website","url":"https:\/\/radiolitoral.com\/","name":"R\u00e0dio Litoral","description":"La r\u00e0dio local de la Marina Alta","publisher":{"@id":"https:\/\/radiolitoral.com\/#organization"},"alternateName":"Litoral FM","potentialAction":[{"@type":"SearchAction","target":{"@type":"EntryPoint","urlTemplate":"https:\/\/radiolitoral.com\/?s={search_term_string}"},"query-input":{"@type":"PropertyValueSpecification","valueRequired":true,"valueName":"search_term_string"}}],"inLanguage":"ca"},{"@type":"Organization","@id":"https:\/\/radiolitoral.com\/#organization","name":"R\u00e0dio Litoral","url":"https:\/\/radiolitoral.com\/","logo":{"@type":"ImageObject","inLanguage":"ca","@id":"https:\/\/radiolitoral.com\/#\/schema\/logo\/image\/","url":"https:\/\/media.radiolitoral.com\/wp-content\/uploads\/2023\/02\/24143238\/CL-V-RadioLitoral696.png","contentUrl":"https:\/\/media.radiolitoral.com\/wp-content\/uploads\/2023\/02\/24143238\/CL-V-RadioLitoral696.png","width":696,"height":696,"caption":"Radio Litoral"},"image":{"@id":"https:\/\/radiolitoral.com\/#\/schema\/logo\/image\/"},"sameAs":["https:\/\/www.facebook.com\/Laradiolitoral\/"]},{"@type":"Person","@id":"https:\/\/radiolitoral.com\/#\/schema\/person\/96b739642eb3bedb532aac3812d23307","name":"Redacci\u00f3","image":{"@type":"ImageObject","inLanguage":"ca","@id":"https:\/\/secure.gravatar.com\/avatar\/30cd06129ee90411dd9c7cbdcf17464181d1a3c7b072e92070ea75a25cf0097e?s=96&d=mm&r=g","url":"https:\/\/secure.gravatar.com\/avatar\/30cd06129ee90411dd9c7cbdcf17464181d1a3c7b072e92070ea75a25cf0097e?s=96&d=mm&r=g","contentUrl":"https:\/\/secure.gravatar.com\/avatar\/30cd06129ee90411dd9c7cbdcf17464181d1a3c7b072e92070ea75a25cf0097e?s=96&d=mm&r=g","caption":"Redacci\u00f3n"},"url":"https:\/\/radiolitoral.com\/ca\/author\/kevin-carrio\/"}]}},"_links":{"self":[{"href":"https:\/\/radiolitoral.com\/ca\/wp-json\/wp\/v2\/posts\/19204","targetHints":{"allow":["GET"]}}],"collection":[{"href":"https:\/\/radiolitoral.com\/ca\/wp-json\/wp\/v2\/posts"}],"about":[{"href":"https:\/\/radiolitoral.com\/ca\/wp-json\/wp\/v2\/types\/post"}],"author":[{"embeddable":true,"href":"https:\/\/radiolitoral.com\/ca\/wp-json\/wp\/v2\/users\/14"}],"replies":[{"embeddable":true,"href":"https:\/\/radiolitoral.com\/ca\/wp-json\/wp\/v2\/comments?post=19204"}],"version-history":[{"count":1,"href":"https:\/\/radiolitoral.com\/ca\/wp-json\/wp\/v2\/posts\/19204\/revisions"}],"predecessor-version":[{"id":19209,"href":"https:\/\/radiolitoral.com\/ca\/wp-json\/wp\/v2\/posts\/19204\/revisions\/19209"}],"wp:featuredmedia":[{"embeddable":true,"href":"https:\/\/radiolitoral.com\/ca\/wp-json\/wp\/v2\/media\/17270"}],"wp:attachment":[{"href":"https:\/\/radiolitoral.com\/ca\/wp-json\/wp\/v2\/media?parent=19204"}],"wp:term":[{"taxonomy":"category","embeddable":true,"href":"https:\/\/radiolitoral.com\/ca\/wp-json\/wp\/v2\/categories?post=19204"},{"taxonomy":"post_tag","embeddable":true,"href":"https:\/\/radiolitoral.com\/ca\/wp-json\/wp\/v2\/tags?post=19204"}],"curies":[{"name":"wp","href":"https:\/\/api.w.org\/{rel}","templated":true}]}}