{"id":1917,"date":"2023-04-03T15:21:50","date_gmt":"2023-04-03T13:21:50","guid":{"rendered":"https:\/\/radiolitoral.com\/?p=1917"},"modified":"2023-04-03T15:22:03","modified_gmt":"2023-04-03T13:22:03","slug":"ja-esta-en-marxa-el-consultori-de-la-platja-de-la-fossa-de-calp","status":"publish","type":"post","link":"https:\/\/radiolitoral.com\/ca\/2023\/04\/ya-esta-en-marcha-el-consultorio-de-la-playa-de-la-fossa-de-calp\/","title":{"rendered":"Ja est\u00e0 en marxa el consultori de la Platja de La Fossa de Calp"},"content":{"rendered":"<p><strong>El Departament de Salut de D\u00e9nia, ha posat en marxa des d&#039;aquest cap de setmana el consultori de la Platja de la Fossa de Calp, on es presta assist\u00e8ncia sanit\u00e0ria durant els per\u00edodes de vacances. <\/strong><\/p>\n<p><strong>Aquest punt assistencial estar\u00e0 operatiu fins el diumenge 16 d&#039;abril, en horari de dilluns a divendres, de 10.00 a 18.00 hores. Els dissabtes de 10:00-15:00, mentre que els diumenges no prestar\u00e0 assist\u00e8ncia<\/strong>, <strong>per\u00f2 s\u00ed que ho far\u00e0 els festius nacionals i locals. <\/strong><\/p>\n<p>La Zona B\u00e0sica de Salut de Calp, amb una poblaci\u00f3 assignada de 25.000 persones i gaireb\u00e9 175.000 consultes durant 2022, oferta Medicina Familiar i Comunit\u00e0ria, Pediatria, Matrona, Infermeria, Planificaci\u00f3 Familiar, Fisioter\u00e0pia, Unitat de Salut Mental, Odontopediatria, Sexologia i Atenci\u00f3 Continuada d\u00b4Urg\u00e8ncies les 24 hores.<\/p>\n<p>El Centre Sanitari Integrat disposa, a m\u00e9s, d&#039;un t\u00e8cnic en Radiologia per realitzar aquest tipus d&#039;exploracions i facultatius amb compet\u00e8ncies a Ecografia Cl\u00ednica, cosa que els permet millorar-ne la capacitat diagn\u00f2stica.<\/p>\n<p>&nbsp;<\/p>","protected":false},"excerpt":{"rendered":"<p>El Departamento de Salud de D\u00e9nia, ha puesto en marcha desde este fin de semana el consultorio de la Playa de La Fossa de Calp, en el que se presta asistencia sanitaria durante los periodos vacacionales. Este punto asistencial estar\u00e1 operativo hasta el domingo 16 de abril, en horario de lunes a viernes, de 10:00 [&#8230;]<\/p>\n<p><a class=\"btn btn-secondary understrap-read-more-link\" href=\"https:\/\/radiolitoral.com\/ca\/2023\/04\/ya-esta-en-marcha-el-consultorio-de-la-playa-de-la-fossa-de-calp\/\">Continua llegint&#8230;<span class=\"screen-reader-text\"> from Ya est\u00e1 en marcha el consultorio de la Playa de La Fossa de Calp<\/span><\/a><\/p>\n","protected":false},"author":21,"featured_media":1918,"comment_status":"open","ping_status":"closed","sticky":false,"template":"","format":"standard","meta":{"_acf_changed":false,"inline_featured_image":false,"footnotes":""},"categories":[380],"tags":[122,419],"class_list":["post-1917","post","type-post","status-publish","format-standard","has-post-thumbnail","hentry","category-sanidad","tag-calp","tag-centro-salud-calp","cobertura-calp"],"acf":[],"yoast_head":"<!-- This site is optimized with the Yoast SEO plugin v27.5 - https:\/\/yoast.com\/product\/yoast-seo-wordpress\/ -->\n<title>Ya est\u00e1 en marcha el consultorio de la Playa de La Fossa de Calp | R\u00e0dio Litoral<\/title>\n<meta name=\"description\" content=\"Se trata de llegar al aumento de la poblaci\u00f3n en Semana Santa Se trata de llegar al aumento de la poblaci\u00f3n en Semana Santa\" \/>\n<meta name=\"robots\" content=\"index, follow, max-snippet:-1, max-image-preview:large, max-video-preview:-1\" \/>\n<link rel=\"canonical\" href=\"https:\/\/radiolitoral.com\/ca\/2023\/04\/ja-esta-en-marxa-el-consultori-de-la-platja-de-la-fossa-de-calp\/\" \/>\n<meta property=\"og:locale\" content=\"ca_ES\" \/>\n<meta property=\"og:type\" content=\"article\" \/>\n<meta property=\"og:title\" content=\"Ya est\u00e1 en marcha el consultorio de la Playa de La Fossa de Calp | R\u00e0dio Litoral\" \/>\n<meta property=\"og:description\" content=\"Se trata de llegar al aumento de la poblaci\u00f3n en Semana Santa Se trata de llegar al aumento de la poblaci\u00f3n en Semana Santa\" \/>\n<meta property=\"og:url\" content=\"https:\/\/radiolitoral.com\/ca\/2023\/04\/ja-esta-en-marxa-el-consultori-de-la-platja-de-la-fossa-de-calp\/\" \/>\n<meta property=\"og:site_name\" content=\"R\u00e0dio Litoral\" \/>\n<meta property=\"article:publisher\" content=\"https:\/\/www.facebook.com\/Laradiolitoral\/\" \/>\n<meta property=\"article:published_time\" content=\"2023-04-03T13:21:50+00:00\" \/>\n<meta property=\"article:modified_time\" content=\"2023-04-03T13:22:03+00:00\" \/>\n<meta property=\"og:image\" content=\"https:\/\/media.radiolitoral.com\/wp-content\/uploads\/2023\/04\/03152115\/consultorio.jpg\" \/>\n\t<meta property=\"og:image:width\" content=\"327\" \/>\n\t<meta property=\"og:image:height\" content=\"385\" \/>\n\t<meta property=\"og:image:type\" content=\"image\/jpeg\" \/>\n<meta name=\"author\" content=\"Mel Pescuezo\" \/>\n<meta name=\"twitter:card\" content=\"summary_large_image\" \/>\n<meta name=\"twitter:label1\" content=\"Escrit per\" \/>\n\t<meta name=\"twitter:data1\" content=\"Mel Pescuezo\" \/>\n\t<meta name=\"twitter:label2\" content=\"Temps estimat de lectura\" \/>\n\t<meta name=\"twitter:data2\" content=\"1 minut\" \/>\n<script type=\"application\/ld+json\" class=\"yoast-schema-graph\">{\"@context\":\"https:\\\/\\\/schema.org\",\"@graph\":[{\"@type\":\"NewsArticle\",\"@id\":\"https:\\\/\\\/radiolitoral.com\\\/2023\\\/04\\\/ya-esta-en-marcha-el-consultorio-de-la-playa-de-la-fossa-de-calp\\\/#article\",\"isPartOf\":{\"@id\":\"https:\\\/\\\/radiolitoral.com\\\/2023\\\/04\\\/ya-esta-en-marcha-el-consultorio-de-la-playa-de-la-fossa-de-calp\\\/\"},\"author\":{\"name\":\"Mel Pescuezo\",\"@id\":\"https:\\\/\\\/radiolitoral.com\\\/#\\\/schema\\\/person\\\/aad4f72efa404f85b68e832d24cac059\"},\"headline\":\"Ya est\u00e1 en marcha el consultorio de la Playa de La Fossa de Calp\",\"datePublished\":\"2023-04-03T13:21:50+00:00\",\"dateModified\":\"2023-04-03T13:22:03+00:00\",\"mainEntityOfPage\":{\"@id\":\"https:\\\/\\\/radiolitoral.com\\\/2023\\\/04\\\/ya-esta-en-marcha-el-consultorio-de-la-playa-de-la-fossa-de-calp\\\/\"},\"wordCount\":181,\"commentCount\":0,\"publisher\":{\"@id\":\"https:\\\/\\\/radiolitoral.com\\\/#organization\"},\"image\":{\"@id\":\"https:\\\/\\\/radiolitoral.com\\\/2023\\\/04\\\/ya-esta-en-marcha-el-consultorio-de-la-playa-de-la-fossa-de-calp\\\/#primaryimage\"},\"thumbnailUrl\":\"https:\\\/\\\/media.radiolitoral.com\\\/wp-content\\\/uploads\\\/2023\\\/04\\\/03152115\\\/consultorio.jpg\",\"keywords\":[\"Calp\",\"centro salud Calp\"],\"articleSection\":[\"Sanidad\"],\"inLanguage\":\"ca\",\"potentialAction\":[{\"@type\":\"CommentAction\",\"name\":\"Comment\",\"target\":[\"https:\\\/\\\/radiolitoral.com\\\/2023\\\/04\\\/ya-esta-en-marcha-el-consultorio-de-la-playa-de-la-fossa-de-calp\\\/#respond\"]}]},{\"@type\":[\"WebPage\",\"ItemPage\"],\"@id\":\"https:\\\/\\\/radiolitoral.com\\\/2023\\\/04\\\/ya-esta-en-marcha-el-consultorio-de-la-playa-de-la-fossa-de-calp\\\/\",\"url\":\"https:\\\/\\\/radiolitoral.com\\\/2023\\\/04\\\/ya-esta-en-marcha-el-consultorio-de-la-playa-de-la-fossa-de-calp\\\/\",\"name\":\"Ya est\u00e1 en marcha el consultorio de la Playa de La Fossa de Calp | R\u00e0dio Litoral\",\"isPartOf\":{\"@id\":\"https:\\\/\\\/radiolitoral.com\\\/#website\"},\"primaryImageOfPage\":{\"@id\":\"https:\\\/\\\/radiolitoral.com\\\/2023\\\/04\\\/ya-esta-en-marcha-el-consultorio-de-la-playa-de-la-fossa-de-calp\\\/#primaryimage\"},\"image\":{\"@id\":\"https:\\\/\\\/radiolitoral.com\\\/2023\\\/04\\\/ya-esta-en-marcha-el-consultorio-de-la-playa-de-la-fossa-de-calp\\\/#primaryimage\"},\"thumbnailUrl\":\"https:\\\/\\\/media.radiolitoral.com\\\/wp-content\\\/uploads\\\/2023\\\/04\\\/03152115\\\/consultorio.jpg\",\"datePublished\":\"2023-04-03T13:21:50+00:00\",\"dateModified\":\"2023-04-03T13:22:03+00:00\",\"description\":\"Se trata de llegar al aumento de la poblaci\u00f3n en Semana Santa Se trata de llegar al aumento de la poblaci\u00f3n en Semana Santa\",\"breadcrumb\":{\"@id\":\"https:\\\/\\\/radiolitoral.com\\\/2023\\\/04\\\/ya-esta-en-marcha-el-consultorio-de-la-playa-de-la-fossa-de-calp\\\/#breadcrumb\"},\"inLanguage\":\"ca\",\"potentialAction\":[{\"@type\":\"ReadAction\",\"target\":[\"https:\\\/\\\/radiolitoral.com\\\/2023\\\/04\\\/ya-esta-en-marcha-el-consultorio-de-la-playa-de-la-fossa-de-calp\\\/\"]}]},{\"@type\":\"ImageObject\",\"inLanguage\":\"ca\",\"@id\":\"https:\\\/\\\/radiolitoral.com\\\/2023\\\/04\\\/ya-esta-en-marcha-el-consultorio-de-la-playa-de-la-fossa-de-calp\\\/#primaryimage\",\"url\":\"https:\\\/\\\/media.radiolitoral.com\\\/wp-content\\\/uploads\\\/2023\\\/04\\\/03152115\\\/consultorio.jpg\",\"contentUrl\":\"https:\\\/\\\/media.radiolitoral.com\\\/wp-content\\\/uploads\\\/2023\\\/04\\\/03152115\\\/consultorio.jpg\",\"width\":327,\"height\":385},{\"@type\":\"BreadcrumbList\",\"@id\":\"https:\\\/\\\/radiolitoral.com\\\/2023\\\/04\\\/ya-esta-en-marcha-el-consultorio-de-la-playa-de-la-fossa-de-calp\\\/#breadcrumb\",\"itemListElement\":[{\"@type\":\"ListItem\",\"position\":1,\"name\":\"Portada\",\"item\":\"https:\\\/\\\/radiolitoral.com\\\/\"},{\"@type\":\"ListItem\",\"position\":2,\"name\":\"Ya est\u00e1 en marcha el consultorio de la Playa de La Fossa de Calp\"}]},{\"@type\":\"WebSite\",\"@id\":\"https:\\\/\\\/radiolitoral.com\\\/#website\",\"url\":\"https:\\\/\\\/radiolitoral.com\\\/\",\"name\":\"Radio Litoral\",\"description\":\"La radio local de la Marina Alta\",\"publisher\":{\"@id\":\"https:\\\/\\\/radiolitoral.com\\\/#organization\"},\"alternateName\":\"Litoral FM\",\"potentialAction\":[{\"@type\":\"SearchAction\",\"target\":{\"@type\":\"EntryPoint\",\"urlTemplate\":\"https:\\\/\\\/radiolitoral.com\\\/?s={search_term_string}\"},\"query-input\":{\"@type\":\"PropertyValueSpecification\",\"valueRequired\":true,\"valueName\":\"search_term_string\"}}],\"inLanguage\":\"ca\"},{\"@type\":\"Organization\",\"@id\":\"https:\\\/\\\/radiolitoral.com\\\/#organization\",\"name\":\"Radio Litoral\",\"url\":\"https:\\\/\\\/radiolitoral.com\\\/\",\"logo\":{\"@type\":\"ImageObject\",\"inLanguage\":\"ca\",\"@id\":\"https:\\\/\\\/radiolitoral.com\\\/#\\\/schema\\\/logo\\\/image\\\/\",\"url\":\"https:\\\/\\\/media.radiolitoral.com\\\/wp-content\\\/uploads\\\/2023\\\/02\\\/24143238\\\/CL-V-RadioLitoral696.png\",\"contentUrl\":\"https:\\\/\\\/media.radiolitoral.com\\\/wp-content\\\/uploads\\\/2023\\\/02\\\/24143238\\\/CL-V-RadioLitoral696.png\",\"width\":696,\"height\":696,\"caption\":\"Radio Litoral\"},\"image\":{\"@id\":\"https:\\\/\\\/radiolitoral.com\\\/#\\\/schema\\\/logo\\\/image\\\/\"},\"sameAs\":[\"https:\\\/\\\/www.facebook.com\\\/Laradiolitoral\\\/\"]},{\"@type\":\"Person\",\"@id\":\"https:\\\/\\\/radiolitoral.com\\\/#\\\/schema\\\/person\\\/aad4f72efa404f85b68e832d24cac059\",\"name\":\"Mel Pescuezo\",\"image\":{\"@type\":\"ImageObject\",\"inLanguage\":\"ca\",\"@id\":\"https:\\\/\\\/secure.gravatar.com\\\/avatar\\\/993975ae489c70cb0dd9bfa9413a082f0bd276582dac13661af7b33f161e7eea?s=96&d=mm&r=g\",\"url\":\"https:\\\/\\\/secure.gravatar.com\\\/avatar\\\/993975ae489c70cb0dd9bfa9413a082f0bd276582dac13661af7b33f161e7eea?s=96&d=mm&r=g\",\"contentUrl\":\"https:\\\/\\\/secure.gravatar.com\\\/avatar\\\/993975ae489c70cb0dd9bfa9413a082f0bd276582dac13661af7b33f161e7eea?s=96&d=mm&r=g\",\"caption\":\"Mel Pescuezo\"},\"url\":\"https:\\\/\\\/radiolitoral.com\\\/ca\\\/author\\\/serviciospararadios\\\/\"}]}<\/script>\n<!-- \/ Yoast SEO plugin. -->","yoast_head_json":{"title":"Ja est\u00e0 en marxa el consultori de la platja de la Fossa de Calp | R\u00e0dio Litoral","description":"Es tracta d&#039;arribar a l&#039;augment de la poblaci\u00f3 per Setmana Santa Es tracta d&#039;arribar a l&#039;augment de la poblaci\u00f3 per Setmana Santa","robots":{"index":"index","follow":"follow","max-snippet":"max-snippet:-1","max-image-preview":"max-image-preview:large","max-video-preview":"max-video-preview:-1"},"canonical":"https:\/\/radiolitoral.com\/ca\/2023\/04\/ja-esta-en-marxa-el-consultori-de-la-platja-de-la-fossa-de-calp\/","og_locale":"ca_ES","og_type":"article","og_title":"Ya est\u00e1 en marcha el consultorio de la Playa de La Fossa de Calp | R\u00e0dio Litoral","og_description":"Se trata de llegar al aumento de la poblaci\u00f3n en Semana Santa Se trata de llegar al aumento de la poblaci\u00f3n en Semana Santa","og_url":"https:\/\/radiolitoral.com\/ca\/2023\/04\/ja-esta-en-marxa-el-consultori-de-la-platja-de-la-fossa-de-calp\/","og_site_name":"R\u00e0dio Litoral","article_publisher":"https:\/\/www.facebook.com\/Laradiolitoral\/","article_published_time":"2023-04-03T13:21:50+00:00","article_modified_time":"2023-04-03T13:22:03+00:00","og_image":[{"width":327,"height":385,"url":"https:\/\/media.radiolitoral.com\/wp-content\/uploads\/2023\/04\/03152115\/consultorio.jpg","type":"image\/jpeg"}],"author":"Mel Pescuezo","twitter_card":"summary_large_image","twitter_misc":{"Escrit per":"Mel Pescuezo","Temps estimat de lectura":"1 minut"},"schema":{"@context":"https:\/\/schema.org","@graph":[{"@type":"NewsArticle","@id":"https:\/\/radiolitoral.com\/2023\/04\/ya-esta-en-marcha-el-consultorio-de-la-playa-de-la-fossa-de-calp\/#article","isPartOf":{"@id":"https:\/\/radiolitoral.com\/2023\/04\/ya-esta-en-marcha-el-consultorio-de-la-playa-de-la-fossa-de-calp\/"},"author":{"name":"Mel Pescuezo","@id":"https:\/\/radiolitoral.com\/#\/schema\/person\/aad4f72efa404f85b68e832d24cac059"},"headline":"Ya est\u00e1 en marcha el consultorio de la Playa de La Fossa de Calp","datePublished":"2023-04-03T13:21:50+00:00","dateModified":"2023-04-03T13:22:03+00:00","mainEntityOfPage":{"@id":"https:\/\/radiolitoral.com\/2023\/04\/ya-esta-en-marcha-el-consultorio-de-la-playa-de-la-fossa-de-calp\/"},"wordCount":181,"commentCount":0,"publisher":{"@id":"https:\/\/radiolitoral.com\/#organization"},"image":{"@id":"https:\/\/radiolitoral.com\/2023\/04\/ya-esta-en-marcha-el-consultorio-de-la-playa-de-la-fossa-de-calp\/#primaryimage"},"thumbnailUrl":"https:\/\/media.radiolitoral.com\/wp-content\/uploads\/2023\/04\/03152115\/consultorio.jpg","keywords":["Calp","centro salud Calp"],"articleSection":["Sanidad"],"inLanguage":"ca","potentialAction":[{"@type":"CommentAction","name":"Comment","target":["https:\/\/radiolitoral.com\/2023\/04\/ya-esta-en-marcha-el-consultorio-de-la-playa-de-la-fossa-de-calp\/#respond"]}]},{"@type":["WebPage","ItemPage"],"@id":"https:\/\/radiolitoral.com\/2023\/04\/ya-esta-en-marcha-el-consultorio-de-la-playa-de-la-fossa-de-calp\/","url":"https:\/\/radiolitoral.com\/2023\/04\/ya-esta-en-marcha-el-consultorio-de-la-playa-de-la-fossa-de-calp\/","name":"Ja est\u00e0 en marxa el consultori de la platja de la Fossa de Calp | R\u00e0dio Litoral","isPartOf":{"@id":"https:\/\/radiolitoral.com\/#website"},"primaryImageOfPage":{"@id":"https:\/\/radiolitoral.com\/2023\/04\/ya-esta-en-marcha-el-consultorio-de-la-playa-de-la-fossa-de-calp\/#primaryimage"},"image":{"@id":"https:\/\/radiolitoral.com\/2023\/04\/ya-esta-en-marcha-el-consultorio-de-la-playa-de-la-fossa-de-calp\/#primaryimage"},"thumbnailUrl":"https:\/\/media.radiolitoral.com\/wp-content\/uploads\/2023\/04\/03152115\/consultorio.jpg","datePublished":"2023-04-03T13:21:50+00:00","dateModified":"2023-04-03T13:22:03+00:00","description":"Es tracta d&#039;arribar a l&#039;augment de la poblaci\u00f3 per Setmana Santa Es tracta d&#039;arribar a l&#039;augment de la poblaci\u00f3 per Setmana Santa","breadcrumb":{"@id":"https:\/\/radiolitoral.com\/2023\/04\/ya-esta-en-marcha-el-consultorio-de-la-playa-de-la-fossa-de-calp\/#breadcrumb"},"inLanguage":"ca","potentialAction":[{"@type":"ReadAction","target":["https:\/\/radiolitoral.com\/2023\/04\/ya-esta-en-marcha-el-consultorio-de-la-playa-de-la-fossa-de-calp\/"]}]},{"@type":"ImageObject","inLanguage":"ca","@id":"https:\/\/radiolitoral.com\/2023\/04\/ya-esta-en-marcha-el-consultorio-de-la-playa-de-la-fossa-de-calp\/#primaryimage","url":"https:\/\/media.radiolitoral.com\/wp-content\/uploads\/2023\/04\/03152115\/consultorio.jpg","contentUrl":"https:\/\/media.radiolitoral.com\/wp-content\/uploads\/2023\/04\/03152115\/consultorio.jpg","width":327,"height":385},{"@type":"BreadcrumbList","@id":"https:\/\/radiolitoral.com\/2023\/04\/ya-esta-en-marcha-el-consultorio-de-la-playa-de-la-fossa-de-calp\/#breadcrumb","itemListElement":[{"@type":"ListItem","position":1,"name":"Portada","item":"https:\/\/radiolitoral.com\/"},{"@type":"ListItem","position":2,"name":"Ya est\u00e1 en marcha el consultorio de la Playa de La Fossa de Calp"}]},{"@type":"WebSite","@id":"https:\/\/radiolitoral.com\/#website","url":"https:\/\/radiolitoral.com\/","name":"R\u00e0dio Litoral","description":"La r\u00e0dio local de la Marina Alta","publisher":{"@id":"https:\/\/radiolitoral.com\/#organization"},"alternateName":"Litoral FM","potentialAction":[{"@type":"SearchAction","target":{"@type":"EntryPoint","urlTemplate":"https:\/\/radiolitoral.com\/?s={search_term_string}"},"query-input":{"@type":"PropertyValueSpecification","valueRequired":true,"valueName":"search_term_string"}}],"inLanguage":"ca"},{"@type":"Organization","@id":"https:\/\/radiolitoral.com\/#organization","name":"R\u00e0dio Litoral","url":"https:\/\/radiolitoral.com\/","logo":{"@type":"ImageObject","inLanguage":"ca","@id":"https:\/\/radiolitoral.com\/#\/schema\/logo\/image\/","url":"https:\/\/media.radiolitoral.com\/wp-content\/uploads\/2023\/02\/24143238\/CL-V-RadioLitoral696.png","contentUrl":"https:\/\/media.radiolitoral.com\/wp-content\/uploads\/2023\/02\/24143238\/CL-V-RadioLitoral696.png","width":696,"height":696,"caption":"Radio Litoral"},"image":{"@id":"https:\/\/radiolitoral.com\/#\/schema\/logo\/image\/"},"sameAs":["https:\/\/www.facebook.com\/Laradiolitoral\/"]},{"@type":"Person","@id":"https:\/\/radiolitoral.com\/#\/schema\/person\/aad4f72efa404f85b68e832d24cac059","name":"Mel Pescuezo","image":{"@type":"ImageObject","inLanguage":"ca","@id":"https:\/\/secure.gravatar.com\/avatar\/993975ae489c70cb0dd9bfa9413a082f0bd276582dac13661af7b33f161e7eea?s=96&d=mm&r=g","url":"https:\/\/secure.gravatar.com\/avatar\/993975ae489c70cb0dd9bfa9413a082f0bd276582dac13661af7b33f161e7eea?s=96&d=mm&r=g","contentUrl":"https:\/\/secure.gravatar.com\/avatar\/993975ae489c70cb0dd9bfa9413a082f0bd276582dac13661af7b33f161e7eea?s=96&d=mm&r=g","caption":"Mel Pescuezo"},"url":"https:\/\/radiolitoral.com\/ca\/author\/serviciospararadios\/"}]}},"_links":{"self":[{"href":"https:\/\/radiolitoral.com\/ca\/wp-json\/wp\/v2\/posts\/1917","targetHints":{"allow":["GET"]}}],"collection":[{"href":"https:\/\/radiolitoral.com\/ca\/wp-json\/wp\/v2\/posts"}],"about":[{"href":"https:\/\/radiolitoral.com\/ca\/wp-json\/wp\/v2\/types\/post"}],"author":[{"embeddable":true,"href":"https:\/\/radiolitoral.com\/ca\/wp-json\/wp\/v2\/users\/21"}],"replies":[{"embeddable":true,"href":"https:\/\/radiolitoral.com\/ca\/wp-json\/wp\/v2\/comments?post=1917"}],"version-history":[{"count":1,"href":"https:\/\/radiolitoral.com\/ca\/wp-json\/wp\/v2\/posts\/1917\/revisions"}],"predecessor-version":[{"id":1919,"href":"https:\/\/radiolitoral.com\/ca\/wp-json\/wp\/v2\/posts\/1917\/revisions\/1919"}],"wp:featuredmedia":[{"embeddable":true,"href":"https:\/\/radiolitoral.com\/ca\/wp-json\/wp\/v2\/media\/1918"}],"wp:attachment":[{"href":"https:\/\/radiolitoral.com\/ca\/wp-json\/wp\/v2\/media?parent=1917"}],"wp:term":[{"taxonomy":"category","embeddable":true,"href":"https:\/\/radiolitoral.com\/ca\/wp-json\/wp\/v2\/categories?post=1917"},{"taxonomy":"post_tag","embeddable":true,"href":"https:\/\/radiolitoral.com\/ca\/wp-json\/wp\/v2\/tags?post=1917"}],"curies":[{"name":"wp","href":"https:\/\/api.w.org\/{rel}","templated":true}]}}