{"id":1910,"date":"2023-04-03T15:06:53","date_gmt":"2023-04-03T13:06:53","guid":{"rendered":"https:\/\/radiolitoral.com\/?p=1910"},"modified":"2023-04-03T15:10:08","modified_gmt":"2023-04-03T13:10:08","slug":"1910","status":"publish","type":"post","link":"https:\/\/radiolitoral.com\/ca\/2023\/04\/1910\/","title":{"rendered":"El president dels populars acompanya les presentacions dels companys de la Marina Alta"},"content":{"rendered":"<p>Dels actes de precampanya electoral, comptem que el <strong>president del Partit Popular de la Comunitat Valenciana, Carlos Maz\u00f3n<\/strong> <strong>i el vicesecretari Institucional del PP, Esteban Gonz\u00e1lez Pons, van participar dissabte, a la presentaci\u00f3 dels candidats del PPCV a les alcaldies dels municipis de la Marina Alta<\/strong>.<\/p>\n<p>Una trobada amb militants i simpatitzants populars, una mostra de for\u00e7a del PP, en qu\u00e8 Maz\u00f3n tamb\u00e9 va fer campanya com a candidat a la presid\u00e8ncia de la Generalitat, assegurant que el PPCV \u201cs\u00ed t\u00e9 a la seva agenda els municipis de la Marina Alta, important\u00edssims per al turisme de la Comunitat tant de sol i platja com de l&#039;interior\u201d. Sobre aix\u00f2, va recordar la seva <strong>comprom\u00eds de \u201cderogar la Taxa Tur\u00edstica aix\u00ed que el PPCV governi<\/strong>\u201d, perqu\u00e8 segons va remarcar, no es pot gravar un sector creador de llocs de treball i fonamental per al creixement econ\u00f2mic de la Comunitat Valenciana.<\/p>\n<p><strong>Maz\u00f3n tamb\u00e9 va acusar Puig i S\u00e1nchez de no invertir a la comarca<\/strong>. I va denunciar l&#039;oblit dels governs socialistes del tren de la costa, dels aut\u00f2noms, pujant-los les quotes any rere any, i del tramvia Gandia-D\u00e9nia.<\/p>\n<audio class=\"wp-audio-shortcode\" id=\"audio-1910-1\" preload=\"none\" style=\"width: 100%;\" controls=\"controls\"><source type=\"audio\/mpeg\" src=\"https:\/\/media.radiolitoral.com\/wp-content\/uploads\/2023\/04\/03150040\/Carlos-Mazon-2.mp3?_=1\" \/><a href=\"https:\/\/media.radiolitoral.com\/wp-content\/uploads\/2023\/04\/03150040\/Carlos-Mazon-2.mp3\">https:\/\/media.radiolitoral.com\/wp-content\/uploads\/2023\/04\/03150040\/Carlos-Mazon-2.mp3<\/a><\/audio>\n<p>&nbsp;<\/p>","protected":false},"excerpt":{"rendered":"<p>De los actos de precampa\u00f1a electoral, contamos que el presidente del Partido Popular de la Comunitat Valenciana, Carlos Maz\u00f3n y el vicesecretario Institucional del PP, Esteban Gonz\u00e1lez Pons, participaron el s\u00e1bado, en la presentaci\u00f3n de los candidatos del PPCV a las alcald\u00edas de los municipios de la Marina Alta. Un encuentro con militantes y simpatizantes [&#8230;]<\/p>\n<p><a class=\"btn btn-secondary understrap-read-more-link\" href=\"https:\/\/radiolitoral.com\/ca\/2023\/04\/1910\/\">Continua llegint&#8230;<span class=\"screen-reader-text\"> from El presidente de los populares arropa las presentaciones de los compa\u00f1eros de la Marina Alta<\/span><\/a><\/p>\n","protected":false},"author":21,"featured_media":1912,"comment_status":"open","ping_status":"closed","sticky":false,"template":"","format":"standard","meta":{"_acf_changed":false,"inline_featured_image":false,"footnotes":""},"categories":[13],"tags":[418,161,416,314,417],"class_list":["post-1910","post","type-post","status-publish","format-standard","has-post-thumbnail","hentry","category-politica","tag-carlos-mazon","tag-elecciones-2023","tag-elecciones-marina-alta","tag-marina-alta","tag-proyectos-marina-alta","cobertura-marina-alta"],"acf":[],"yoast_head":"<!-- This site is optimized with the Yoast SEO plugin v27.5 - https:\/\/yoast.com\/product\/yoast-seo-wordpress\/ -->\n<title>El presidente de los populares arropa las presentaciones de los compa\u00f1eros de la Marina Alta | R\u00e0dio Litoral<\/title>\n<meta name=\"description\" content=\"Carlos Maz\u00f3n y el vicesecretario Institucional del PP, Esteban Gonz\u00e1lez Pons, han apoyado a su partido Carlos Maz\u00f3n y el vicesecretario Institucional del PP, Esteban Gonz\u00e1lez Pons, han apoyado a su partido\" \/>\n<meta name=\"robots\" content=\"index, follow, max-snippet:-1, max-image-preview:large, max-video-preview:-1\" \/>\n<link rel=\"canonical\" href=\"https:\/\/radiolitoral.com\/ca\/2023\/04\/1910\/\" \/>\n<meta property=\"og:locale\" content=\"ca_ES\" \/>\n<meta property=\"og:type\" content=\"article\" \/>\n<meta property=\"og:title\" content=\"El presidente de los populares arropa las presentaciones de los compa\u00f1eros de la Marina Alta | R\u00e0dio Litoral\" \/>\n<meta property=\"og:description\" content=\"Carlos Maz\u00f3n y el vicesecretario Institucional del PP, Esteban Gonz\u00e1lez Pons, han apoyado a su partido Carlos Maz\u00f3n y el vicesecretario Institucional del PP, Esteban Gonz\u00e1lez Pons, han apoyado a su partido\" \/>\n<meta property=\"og:url\" content=\"https:\/\/radiolitoral.com\/ca\/2023\/04\/1910\/\" \/>\n<meta property=\"og:site_name\" content=\"R\u00e0dio Litoral\" \/>\n<meta property=\"article:publisher\" content=\"https:\/\/www.facebook.com\/Laradiolitoral\/\" \/>\n<meta property=\"article:published_time\" content=\"2023-04-03T13:06:53+00:00\" \/>\n<meta property=\"article:modified_time\" content=\"2023-04-03T13:10:08+00:00\" \/>\n<meta property=\"og:image\" content=\"https:\/\/media.radiolitoral.com\/wp-content\/uploads\/2023\/04\/03150539\/mazon.jpeg\" \/>\n\t<meta property=\"og:image:width\" content=\"624\" \/>\n\t<meta property=\"og:image:height\" content=\"415\" \/>\n\t<meta property=\"og:image:type\" content=\"image\/jpeg\" \/>\n<meta name=\"author\" content=\"Mel Pescuezo\" \/>\n<meta name=\"twitter:card\" content=\"summary_large_image\" \/>\n<meta name=\"twitter:label1\" content=\"Escrit per\" \/>\n\t<meta name=\"twitter:data1\" content=\"Mel Pescuezo\" \/>\n\t<meta name=\"twitter:label2\" content=\"Temps estimat de lectura\" \/>\n\t<meta name=\"twitter:data2\" content=\"1 minut\" \/>\n<script type=\"application\/ld+json\" class=\"yoast-schema-graph\">{\"@context\":\"https:\\\/\\\/schema.org\",\"@graph\":[{\"@type\":\"NewsArticle\",\"@id\":\"https:\\\/\\\/radiolitoral.com\\\/2023\\\/04\\\/1910\\\/#article\",\"isPartOf\":{\"@id\":\"https:\\\/\\\/radiolitoral.com\\\/2023\\\/04\\\/1910\\\/\"},\"author\":{\"name\":\"Mel Pescuezo\",\"@id\":\"https:\\\/\\\/radiolitoral.com\\\/#\\\/schema\\\/person\\\/aad4f72efa404f85b68e832d24cac059\"},\"headline\":\"El presidente de los populares arropa las presentaciones de los compa\u00f1eros de la Marina Alta\",\"datePublished\":\"2023-04-03T13:06:53+00:00\",\"dateModified\":\"2023-04-03T13:10:08+00:00\",\"mainEntityOfPage\":{\"@id\":\"https:\\\/\\\/radiolitoral.com\\\/2023\\\/04\\\/1910\\\/\"},\"wordCount\":237,\"commentCount\":0,\"publisher\":{\"@id\":\"https:\\\/\\\/radiolitoral.com\\\/#organization\"},\"image\":{\"@id\":\"https:\\\/\\\/radiolitoral.com\\\/2023\\\/04\\\/1910\\\/#primaryimage\"},\"thumbnailUrl\":\"https:\\\/\\\/media.radiolitoral.com\\\/wp-content\\\/uploads\\\/2023\\\/04\\\/03150539\\\/mazon.jpeg\",\"keywords\":[\"Carlos Maz\u00f3n\",\"elecciones 2023\",\"elecciones Marina Alta\",\"Marina Alta\",\"proyectos Marina Alta\"],\"articleSection\":[\"Pol\u00edtica\"],\"inLanguage\":\"ca\",\"potentialAction\":[{\"@type\":\"CommentAction\",\"name\":\"Comment\",\"target\":[\"https:\\\/\\\/radiolitoral.com\\\/2023\\\/04\\\/1910\\\/#respond\"]}]},{\"@type\":[\"WebPage\",\"ItemPage\"],\"@id\":\"https:\\\/\\\/radiolitoral.com\\\/2023\\\/04\\\/1910\\\/\",\"url\":\"https:\\\/\\\/radiolitoral.com\\\/2023\\\/04\\\/1910\\\/\",\"name\":\"El presidente de los populares arropa las presentaciones de los compa\u00f1eros de la Marina Alta | R\u00e0dio Litoral\",\"isPartOf\":{\"@id\":\"https:\\\/\\\/radiolitoral.com\\\/#website\"},\"primaryImageOfPage\":{\"@id\":\"https:\\\/\\\/radiolitoral.com\\\/2023\\\/04\\\/1910\\\/#primaryimage\"},\"image\":{\"@id\":\"https:\\\/\\\/radiolitoral.com\\\/2023\\\/04\\\/1910\\\/#primaryimage\"},\"thumbnailUrl\":\"https:\\\/\\\/media.radiolitoral.com\\\/wp-content\\\/uploads\\\/2023\\\/04\\\/03150539\\\/mazon.jpeg\",\"datePublished\":\"2023-04-03T13:06:53+00:00\",\"dateModified\":\"2023-04-03T13:10:08+00:00\",\"description\":\"Carlos Maz\u00f3n y el vicesecretario Institucional del PP, Esteban Gonz\u00e1lez Pons, han apoyado a su partido Carlos Maz\u00f3n y el vicesecretario Institucional del PP, Esteban Gonz\u00e1lez Pons, han apoyado a su partido\",\"breadcrumb\":{\"@id\":\"https:\\\/\\\/radiolitoral.com\\\/2023\\\/04\\\/1910\\\/#breadcrumb\"},\"inLanguage\":\"ca\",\"potentialAction\":[{\"@type\":\"ReadAction\",\"target\":[\"https:\\\/\\\/radiolitoral.com\\\/2023\\\/04\\\/1910\\\/\"]}]},{\"@type\":\"ImageObject\",\"inLanguage\":\"ca\",\"@id\":\"https:\\\/\\\/radiolitoral.com\\\/2023\\\/04\\\/1910\\\/#primaryimage\",\"url\":\"https:\\\/\\\/media.radiolitoral.com\\\/wp-content\\\/uploads\\\/2023\\\/04\\\/03150539\\\/mazon.jpeg\",\"contentUrl\":\"https:\\\/\\\/media.radiolitoral.com\\\/wp-content\\\/uploads\\\/2023\\\/04\\\/03150539\\\/mazon.jpeg\",\"width\":624,\"height\":415},{\"@type\":\"BreadcrumbList\",\"@id\":\"https:\\\/\\\/radiolitoral.com\\\/2023\\\/04\\\/1910\\\/#breadcrumb\",\"itemListElement\":[{\"@type\":\"ListItem\",\"position\":1,\"name\":\"Portada\",\"item\":\"https:\\\/\\\/radiolitoral.com\\\/\"},{\"@type\":\"ListItem\",\"position\":2,\"name\":\"El presidente de los populares arropa las presentaciones de los compa\u00f1eros de la Marina Alta\"}]},{\"@type\":\"WebSite\",\"@id\":\"https:\\\/\\\/radiolitoral.com\\\/#website\",\"url\":\"https:\\\/\\\/radiolitoral.com\\\/\",\"name\":\"Radio Litoral\",\"description\":\"La radio local de la Marina Alta\",\"publisher\":{\"@id\":\"https:\\\/\\\/radiolitoral.com\\\/#organization\"},\"alternateName\":\"Litoral FM\",\"potentialAction\":[{\"@type\":\"SearchAction\",\"target\":{\"@type\":\"EntryPoint\",\"urlTemplate\":\"https:\\\/\\\/radiolitoral.com\\\/?s={search_term_string}\"},\"query-input\":{\"@type\":\"PropertyValueSpecification\",\"valueRequired\":true,\"valueName\":\"search_term_string\"}}],\"inLanguage\":\"ca\"},{\"@type\":\"Organization\",\"@id\":\"https:\\\/\\\/radiolitoral.com\\\/#organization\",\"name\":\"Radio Litoral\",\"url\":\"https:\\\/\\\/radiolitoral.com\\\/\",\"logo\":{\"@type\":\"ImageObject\",\"inLanguage\":\"ca\",\"@id\":\"https:\\\/\\\/radiolitoral.com\\\/#\\\/schema\\\/logo\\\/image\\\/\",\"url\":\"https:\\\/\\\/media.radiolitoral.com\\\/wp-content\\\/uploads\\\/2023\\\/02\\\/24143238\\\/CL-V-RadioLitoral696.png\",\"contentUrl\":\"https:\\\/\\\/media.radiolitoral.com\\\/wp-content\\\/uploads\\\/2023\\\/02\\\/24143238\\\/CL-V-RadioLitoral696.png\",\"width\":696,\"height\":696,\"caption\":\"Radio Litoral\"},\"image\":{\"@id\":\"https:\\\/\\\/radiolitoral.com\\\/#\\\/schema\\\/logo\\\/image\\\/\"},\"sameAs\":[\"https:\\\/\\\/www.facebook.com\\\/Laradiolitoral\\\/\"]},{\"@type\":\"Person\",\"@id\":\"https:\\\/\\\/radiolitoral.com\\\/#\\\/schema\\\/person\\\/aad4f72efa404f85b68e832d24cac059\",\"name\":\"Mel Pescuezo\",\"image\":{\"@type\":\"ImageObject\",\"inLanguage\":\"ca\",\"@id\":\"https:\\\/\\\/secure.gravatar.com\\\/avatar\\\/993975ae489c70cb0dd9bfa9413a082f0bd276582dac13661af7b33f161e7eea?s=96&d=mm&r=g\",\"url\":\"https:\\\/\\\/secure.gravatar.com\\\/avatar\\\/993975ae489c70cb0dd9bfa9413a082f0bd276582dac13661af7b33f161e7eea?s=96&d=mm&r=g\",\"contentUrl\":\"https:\\\/\\\/secure.gravatar.com\\\/avatar\\\/993975ae489c70cb0dd9bfa9413a082f0bd276582dac13661af7b33f161e7eea?s=96&d=mm&r=g\",\"caption\":\"Mel Pescuezo\"},\"url\":\"https:\\\/\\\/radiolitoral.com\\\/ca\\\/author\\\/serviciospararadios\\\/\"}]}<\/script>\n<!-- \/ Yoast SEO plugin. -->","yoast_head_json":{"title":"El president dels populars acompanya les presentacions dels companys de la Marina Alta | R\u00e0dio Litoral","description":"Carlos Maz\u00f3n i el vicesecretari Institucional del PP, Esteban Gonz\u00e1lez Pons, han donat suport al seu partit Carlos Maz\u00f3n i el vicesecretari Institucional del PP, Esteban Gonz\u00e1lez Pons, han donat suport al seu partit","robots":{"index":"index","follow":"follow","max-snippet":"max-snippet:-1","max-image-preview":"max-image-preview:large","max-video-preview":"max-video-preview:-1"},"canonical":"https:\/\/radiolitoral.com\/ca\/2023\/04\/1910\/","og_locale":"ca_ES","og_type":"article","og_title":"El presidente de los populares arropa las presentaciones de los compa\u00f1eros de la Marina Alta | R\u00e0dio Litoral","og_description":"Carlos Maz\u00f3n y el vicesecretario Institucional del PP, Esteban Gonz\u00e1lez Pons, han apoyado a su partido Carlos Maz\u00f3n y el vicesecretario Institucional del PP, Esteban Gonz\u00e1lez Pons, han apoyado a su partido","og_url":"https:\/\/radiolitoral.com\/ca\/2023\/04\/1910\/","og_site_name":"R\u00e0dio Litoral","article_publisher":"https:\/\/www.facebook.com\/Laradiolitoral\/","article_published_time":"2023-04-03T13:06:53+00:00","article_modified_time":"2023-04-03T13:10:08+00:00","og_image":[{"width":624,"height":415,"url":"https:\/\/media.radiolitoral.com\/wp-content\/uploads\/2023\/04\/03150539\/mazon.jpeg","type":"image\/jpeg"}],"author":"Mel Pescuezo","twitter_card":"summary_large_image","twitter_misc":{"Escrit per":"Mel Pescuezo","Temps estimat de lectura":"1 minut"},"schema":{"@context":"https:\/\/schema.org","@graph":[{"@type":"NewsArticle","@id":"https:\/\/radiolitoral.com\/2023\/04\/1910\/#article","isPartOf":{"@id":"https:\/\/radiolitoral.com\/2023\/04\/1910\/"},"author":{"name":"Mel Pescuezo","@id":"https:\/\/radiolitoral.com\/#\/schema\/person\/aad4f72efa404f85b68e832d24cac059"},"headline":"El presidente de los populares arropa las presentaciones de los compa\u00f1eros de la Marina Alta","datePublished":"2023-04-03T13:06:53+00:00","dateModified":"2023-04-03T13:10:08+00:00","mainEntityOfPage":{"@id":"https:\/\/radiolitoral.com\/2023\/04\/1910\/"},"wordCount":237,"commentCount":0,"publisher":{"@id":"https:\/\/radiolitoral.com\/#organization"},"image":{"@id":"https:\/\/radiolitoral.com\/2023\/04\/1910\/#primaryimage"},"thumbnailUrl":"https:\/\/media.radiolitoral.com\/wp-content\/uploads\/2023\/04\/03150539\/mazon.jpeg","keywords":["Carlos Maz\u00f3n","elecciones 2023","elecciones Marina Alta","Marina Alta","proyectos Marina Alta"],"articleSection":["Pol\u00edtica"],"inLanguage":"ca","potentialAction":[{"@type":"CommentAction","name":"Comment","target":["https:\/\/radiolitoral.com\/2023\/04\/1910\/#respond"]}]},{"@type":["WebPage","ItemPage"],"@id":"https:\/\/radiolitoral.com\/2023\/04\/1910\/","url":"https:\/\/radiolitoral.com\/2023\/04\/1910\/","name":"El president dels populars acompanya les presentacions dels companys de la Marina Alta | R\u00e0dio Litoral","isPartOf":{"@id":"https:\/\/radiolitoral.com\/#website"},"primaryImageOfPage":{"@id":"https:\/\/radiolitoral.com\/2023\/04\/1910\/#primaryimage"},"image":{"@id":"https:\/\/radiolitoral.com\/2023\/04\/1910\/#primaryimage"},"thumbnailUrl":"https:\/\/media.radiolitoral.com\/wp-content\/uploads\/2023\/04\/03150539\/mazon.jpeg","datePublished":"2023-04-03T13:06:53+00:00","dateModified":"2023-04-03T13:10:08+00:00","description":"Carlos Maz\u00f3n i el vicesecretari Institucional del PP, Esteban Gonz\u00e1lez Pons, han donat suport al seu partit Carlos Maz\u00f3n i el vicesecretari Institucional del PP, Esteban Gonz\u00e1lez Pons, han donat suport al seu partit","breadcrumb":{"@id":"https:\/\/radiolitoral.com\/2023\/04\/1910\/#breadcrumb"},"inLanguage":"ca","potentialAction":[{"@type":"ReadAction","target":["https:\/\/radiolitoral.com\/2023\/04\/1910\/"]}]},{"@type":"ImageObject","inLanguage":"ca","@id":"https:\/\/radiolitoral.com\/2023\/04\/1910\/#primaryimage","url":"https:\/\/media.radiolitoral.com\/wp-content\/uploads\/2023\/04\/03150539\/mazon.jpeg","contentUrl":"https:\/\/media.radiolitoral.com\/wp-content\/uploads\/2023\/04\/03150539\/mazon.jpeg","width":624,"height":415},{"@type":"BreadcrumbList","@id":"https:\/\/radiolitoral.com\/2023\/04\/1910\/#breadcrumb","itemListElement":[{"@type":"ListItem","position":1,"name":"Portada","item":"https:\/\/radiolitoral.com\/"},{"@type":"ListItem","position":2,"name":"El presidente de los populares arropa las presentaciones de los compa\u00f1eros de la Marina Alta"}]},{"@type":"WebSite","@id":"https:\/\/radiolitoral.com\/#website","url":"https:\/\/radiolitoral.com\/","name":"R\u00e0dio Litoral","description":"La r\u00e0dio local de la Marina Alta","publisher":{"@id":"https:\/\/radiolitoral.com\/#organization"},"alternateName":"Litoral FM","potentialAction":[{"@type":"SearchAction","target":{"@type":"EntryPoint","urlTemplate":"https:\/\/radiolitoral.com\/?s={search_term_string}"},"query-input":{"@type":"PropertyValueSpecification","valueRequired":true,"valueName":"search_term_string"}}],"inLanguage":"ca"},{"@type":"Organization","@id":"https:\/\/radiolitoral.com\/#organization","name":"R\u00e0dio Litoral","url":"https:\/\/radiolitoral.com\/","logo":{"@type":"ImageObject","inLanguage":"ca","@id":"https:\/\/radiolitoral.com\/#\/schema\/logo\/image\/","url":"https:\/\/media.radiolitoral.com\/wp-content\/uploads\/2023\/02\/24143238\/CL-V-RadioLitoral696.png","contentUrl":"https:\/\/media.radiolitoral.com\/wp-content\/uploads\/2023\/02\/24143238\/CL-V-RadioLitoral696.png","width":696,"height":696,"caption":"Radio Litoral"},"image":{"@id":"https:\/\/radiolitoral.com\/#\/schema\/logo\/image\/"},"sameAs":["https:\/\/www.facebook.com\/Laradiolitoral\/"]},{"@type":"Person","@id":"https:\/\/radiolitoral.com\/#\/schema\/person\/aad4f72efa404f85b68e832d24cac059","name":"Mel Pescuezo","image":{"@type":"ImageObject","inLanguage":"ca","@id":"https:\/\/secure.gravatar.com\/avatar\/993975ae489c70cb0dd9bfa9413a082f0bd276582dac13661af7b33f161e7eea?s=96&d=mm&r=g","url":"https:\/\/secure.gravatar.com\/avatar\/993975ae489c70cb0dd9bfa9413a082f0bd276582dac13661af7b33f161e7eea?s=96&d=mm&r=g","contentUrl":"https:\/\/secure.gravatar.com\/avatar\/993975ae489c70cb0dd9bfa9413a082f0bd276582dac13661af7b33f161e7eea?s=96&d=mm&r=g","caption":"Mel Pescuezo"},"url":"https:\/\/radiolitoral.com\/ca\/author\/serviciospararadios\/"}]}},"_links":{"self":[{"href":"https:\/\/radiolitoral.com\/ca\/wp-json\/wp\/v2\/posts\/1910","targetHints":{"allow":["GET"]}}],"collection":[{"href":"https:\/\/radiolitoral.com\/ca\/wp-json\/wp\/v2\/posts"}],"about":[{"href":"https:\/\/radiolitoral.com\/ca\/wp-json\/wp\/v2\/types\/post"}],"author":[{"embeddable":true,"href":"https:\/\/radiolitoral.com\/ca\/wp-json\/wp\/v2\/users\/21"}],"replies":[{"embeddable":true,"href":"https:\/\/radiolitoral.com\/ca\/wp-json\/wp\/v2\/comments?post=1910"}],"version-history":[{"count":3,"href":"https:\/\/radiolitoral.com\/ca\/wp-json\/wp\/v2\/posts\/1910\/revisions"}],"predecessor-version":[{"id":1915,"href":"https:\/\/radiolitoral.com\/ca\/wp-json\/wp\/v2\/posts\/1910\/revisions\/1915"}],"wp:featuredmedia":[{"embeddable":true,"href":"https:\/\/radiolitoral.com\/ca\/wp-json\/wp\/v2\/media\/1912"}],"wp:attachment":[{"href":"https:\/\/radiolitoral.com\/ca\/wp-json\/wp\/v2\/media?parent=1910"}],"wp:term":[{"taxonomy":"category","embeddable":true,"href":"https:\/\/radiolitoral.com\/ca\/wp-json\/wp\/v2\/categories?post=1910"},{"taxonomy":"post_tag","embeddable":true,"href":"https:\/\/radiolitoral.com\/ca\/wp-json\/wp\/v2\/tags?post=1910"}],"curies":[{"name":"wp","href":"https:\/\/api.w.org\/{rel}","templated":true}]}}