{"id":1906,"date":"2023-04-03T14:55:09","date_gmt":"2023-04-03T12:55:09","guid":{"rendered":"https:\/\/radiolitoral.com\/?p=1906"},"modified":"2023-04-03T14:58:08","modified_gmt":"2023-04-03T12:58:08","slug":"el-vent-ocasiona-desperfectes-a-linici-de-les-festes-de-tellada","status":"publish","type":"post","link":"https:\/\/radiolitoral.com\/ca\/2023\/04\/el-viento-ocasiona-desperfectos-en-el-inicio-de-las-fiestas-de-teulada\/","title":{"rendered":"El vent ocasiona desperfectes a l&#039;inici de les festes de Teulada"},"content":{"rendered":"<p>Les <strong>fortes r\u00e0fegues de vent<\/strong> registrades la nit de dissabte a diumenge <strong>van ocasionar la caiguda de la part posterior de l&#039;escenari que s&#039;havia instal\u00b7lat a la<\/strong> <strong>Pla\u00e7a VI Centenari de Teulada<\/strong>. Va passar cap a les 5 de la matinada, gaireb\u00e9 al tancament del <strong>espectacle que oferia el DJ Sergio P\u00e9rez<\/strong>, dins dels actes d&#039;arrencada de les festes patronals en honor de Sant Vicent Ferrer.<\/p>\n<p>El dissabte va ser el dia del preg\u00f3, a l&#039;esgl\u00e9sia Santa Catalina M\u00e0rtir, ia la nit la comissi\u00f3 de festes 2023 havia preparat una nit de m\u00fasica i ball. El punt de trobada era la c\u00e8ntrica pla\u00e7a VI\u00e9 Centenari. La vetllada va transc\u00f3rrer amb total normalitat, per\u00f2 en un moment de la matinada, el vent va comen\u00e7ar a bufar amb m\u00e9s for\u00e7a i la lona que cobria la part del darrere de l&#039;escenari, on es projectaven imatges, va actuar amb efecte de vela i va fer caure les columnes que la subjectaven desmuntant la part posterior de lescenari. Afortunadament, tot entramat va caure feia enrere i no va ocasionar danys ni al DJ ni al p\u00fablic que encara quedava a la pla\u00e7a gaudint de l&#039;espectacle.<\/p>\n<p>Tot va quedar en un ensurt, com indiquen des de la mateixa comissi\u00f3 de festes.<\/p>","protected":false},"excerpt":{"rendered":"<p>Las fuertes r\u00e1fagas de viento registradas la noche del s\u00e1bado al domingo ocasionaron la ca\u00edda de la parte trasera del escenario que se hab\u00eda instalado en la Plaza VI\u00e9 Centenari de Teulada. Ocurri\u00f3 sobre las 5 de la madrugada, casi al cierre del espect\u00e1culo que ofrec\u00eda el DJ Sergio P\u00e9rez, dentro de los actos de [&#8230;]<\/p>\n<p><a class=\"btn btn-secondary understrap-read-more-link\" href=\"https:\/\/radiolitoral.com\/ca\/2023\/04\/el-viento-ocasiona-desperfectos-en-el-inicio-de-las-fiestas-de-teulada\/\">Continua llegint&#8230;<span class=\"screen-reader-text\"> from El viento ocasiona desperfectos en el inicio de las fiestas de Teulada<\/span><\/a><\/p>\n","protected":false},"author":13,"featured_media":1907,"comment_status":"open","ping_status":"closed","sticky":false,"template":"","format":"standard","meta":{"_acf_changed":false,"inline_featured_image":false,"footnotes":""},"categories":[8],"tags":[414,413,415,412],"class_list":["post-1906","post","type-post","status-publish","format-standard","has-post-thumbnail","hentry","category-sucesos","tag-fiestas-teulada","tag-fuerte-viento","tag-sucesos-fiestas-teulada","tag-viento","cobertura-teulada-moraira"],"acf":[],"yoast_head":"<!-- This site is optimized with the Yoast SEO plugin v27.5 - https:\/\/yoast.com\/product\/yoast-seo-wordpress\/ -->\n<title>El viento ocasiona desperfectos en el inicio de las fiestas de Teulada | R\u00e0dio Litoral<\/title>\n<meta name=\"description\" content=\"Ocurri\u00f3 sobre las 5 de la madrugada, casi al cierre del espect\u00e1culo que ofrec\u00eda el DJ Sergio P\u00e9rez Ocurri\u00f3 sobre las 5 de la madrugada, casi al cierre del espect\u00e1culo que ofrec\u00eda el DJ Sergio P\u00e9rez\" \/>\n<meta name=\"robots\" content=\"index, follow, max-snippet:-1, max-image-preview:large, max-video-preview:-1\" \/>\n<link rel=\"canonical\" href=\"https:\/\/radiolitoral.com\/ca\/2023\/04\/el-vent-ocasiona-desperfectes-a-linici-de-les-festes-de-tellada\/\" \/>\n<meta property=\"og:locale\" content=\"ca_ES\" \/>\n<meta property=\"og:type\" content=\"article\" \/>\n<meta property=\"og:title\" content=\"El viento ocasiona desperfectos en el inicio de las fiestas de Teulada | R\u00e0dio Litoral\" \/>\n<meta property=\"og:description\" content=\"Ocurri\u00f3 sobre las 5 de la madrugada, casi al cierre del espect\u00e1culo que ofrec\u00eda el DJ Sergio P\u00e9rez Ocurri\u00f3 sobre las 5 de la madrugada, casi al cierre del espect\u00e1culo que ofrec\u00eda el DJ Sergio P\u00e9rez\" \/>\n<meta property=\"og:url\" content=\"https:\/\/radiolitoral.com\/ca\/2023\/04\/el-vent-ocasiona-desperfectes-a-linici-de-les-festes-de-tellada\/\" \/>\n<meta property=\"og:site_name\" content=\"R\u00e0dio Litoral\" \/>\n<meta property=\"article:publisher\" content=\"https:\/\/www.facebook.com\/Laradiolitoral\/\" \/>\n<meta property=\"article:published_time\" content=\"2023-04-03T12:55:09+00:00\" \/>\n<meta property=\"article:modified_time\" content=\"2023-04-03T12:58:08+00:00\" \/>\n<meta property=\"og:image\" content=\"https:\/\/media.radiolitoral.com\/wp-content\/uploads\/2023\/04\/03145239\/plaza.jpg\" \/>\n\t<meta property=\"og:image:width\" content=\"1895\" \/>\n\t<meta property=\"og:image:height\" content=\"999\" \/>\n\t<meta property=\"og:image:type\" content=\"image\/jpeg\" \/>\n<meta name=\"author\" content=\"Redacci\u00f3n\" \/>\n<meta name=\"twitter:card\" content=\"summary_large_image\" \/>\n<meta name=\"twitter:label1\" content=\"Escrit per\" \/>\n\t<meta name=\"twitter:data1\" content=\"Redacci\u00f3n\" \/>\n\t<meta name=\"twitter:label2\" content=\"Temps estimat de lectura\" \/>\n\t<meta name=\"twitter:data2\" content=\"1 minut\" \/>\n<script type=\"application\/ld+json\" class=\"yoast-schema-graph\">{\"@context\":\"https:\\\/\\\/schema.org\",\"@graph\":[{\"@type\":\"NewsArticle\",\"@id\":\"https:\\\/\\\/radiolitoral.com\\\/2023\\\/04\\\/el-viento-ocasiona-desperfectos-en-el-inicio-de-las-fiestas-de-teulada\\\/#article\",\"isPartOf\":{\"@id\":\"https:\\\/\\\/radiolitoral.com\\\/2023\\\/04\\\/el-viento-ocasiona-desperfectos-en-el-inicio-de-las-fiestas-de-teulada\\\/\"},\"author\":{\"name\":\"Redacci\u00f3n\",\"@id\":\"https:\\\/\\\/radiolitoral.com\\\/#\\\/schema\\\/person\\\/f2b2343c49b5d721857cc1002bfdb151\"},\"headline\":\"El viento ocasiona desperfectos en el inicio de las fiestas de Teulada\",\"datePublished\":\"2023-04-03T12:55:09+00:00\",\"dateModified\":\"2023-04-03T12:58:08+00:00\",\"mainEntityOfPage\":{\"@id\":\"https:\\\/\\\/radiolitoral.com\\\/2023\\\/04\\\/el-viento-ocasiona-desperfectos-en-el-inicio-de-las-fiestas-de-teulada\\\/\"},\"wordCount\":232,\"commentCount\":0,\"publisher\":{\"@id\":\"https:\\\/\\\/radiolitoral.com\\\/#organization\"},\"image\":{\"@id\":\"https:\\\/\\\/radiolitoral.com\\\/2023\\\/04\\\/el-viento-ocasiona-desperfectos-en-el-inicio-de-las-fiestas-de-teulada\\\/#primaryimage\"},\"thumbnailUrl\":\"https:\\\/\\\/media.radiolitoral.com\\\/wp-content\\\/uploads\\\/2023\\\/04\\\/03145239\\\/plaza.jpg\",\"keywords\":[\"fiestas Teulada\",\"fuerte viento\",\"sucesos fiestas Teulada\",\"viento\"],\"articleSection\":[\"Sucesos\"],\"inLanguage\":\"ca\",\"potentialAction\":[{\"@type\":\"CommentAction\",\"name\":\"Comment\",\"target\":[\"https:\\\/\\\/radiolitoral.com\\\/2023\\\/04\\\/el-viento-ocasiona-desperfectos-en-el-inicio-de-las-fiestas-de-teulada\\\/#respond\"]}]},{\"@type\":[\"WebPage\",\"ItemPage\"],\"@id\":\"https:\\\/\\\/radiolitoral.com\\\/2023\\\/04\\\/el-viento-ocasiona-desperfectos-en-el-inicio-de-las-fiestas-de-teulada\\\/\",\"url\":\"https:\\\/\\\/radiolitoral.com\\\/2023\\\/04\\\/el-viento-ocasiona-desperfectos-en-el-inicio-de-las-fiestas-de-teulada\\\/\",\"name\":\"El viento ocasiona desperfectos en el inicio de las fiestas de Teulada | R\u00e0dio Litoral\",\"isPartOf\":{\"@id\":\"https:\\\/\\\/radiolitoral.com\\\/#website\"},\"primaryImageOfPage\":{\"@id\":\"https:\\\/\\\/radiolitoral.com\\\/2023\\\/04\\\/el-viento-ocasiona-desperfectos-en-el-inicio-de-las-fiestas-de-teulada\\\/#primaryimage\"},\"image\":{\"@id\":\"https:\\\/\\\/radiolitoral.com\\\/2023\\\/04\\\/el-viento-ocasiona-desperfectos-en-el-inicio-de-las-fiestas-de-teulada\\\/#primaryimage\"},\"thumbnailUrl\":\"https:\\\/\\\/media.radiolitoral.com\\\/wp-content\\\/uploads\\\/2023\\\/04\\\/03145239\\\/plaza.jpg\",\"datePublished\":\"2023-04-03T12:55:09+00:00\",\"dateModified\":\"2023-04-03T12:58:08+00:00\",\"description\":\"Ocurri\u00f3 sobre las 5 de la madrugada, casi al cierre del espect\u00e1culo que ofrec\u00eda el DJ Sergio P\u00e9rez Ocurri\u00f3 sobre las 5 de la madrugada, casi al cierre del espect\u00e1culo que ofrec\u00eda el DJ Sergio P\u00e9rez\",\"breadcrumb\":{\"@id\":\"https:\\\/\\\/radiolitoral.com\\\/2023\\\/04\\\/el-viento-ocasiona-desperfectos-en-el-inicio-de-las-fiestas-de-teulada\\\/#breadcrumb\"},\"inLanguage\":\"ca\",\"potentialAction\":[{\"@type\":\"ReadAction\",\"target\":[\"https:\\\/\\\/radiolitoral.com\\\/2023\\\/04\\\/el-viento-ocasiona-desperfectos-en-el-inicio-de-las-fiestas-de-teulada\\\/\"]}]},{\"@type\":\"ImageObject\",\"inLanguage\":\"ca\",\"@id\":\"https:\\\/\\\/radiolitoral.com\\\/2023\\\/04\\\/el-viento-ocasiona-desperfectos-en-el-inicio-de-las-fiestas-de-teulada\\\/#primaryimage\",\"url\":\"https:\\\/\\\/media.radiolitoral.com\\\/wp-content\\\/uploads\\\/2023\\\/04\\\/03145239\\\/plaza.jpg\",\"contentUrl\":\"https:\\\/\\\/media.radiolitoral.com\\\/wp-content\\\/uploads\\\/2023\\\/04\\\/03145239\\\/plaza.jpg\",\"width\":1895,\"height\":999},{\"@type\":\"BreadcrumbList\",\"@id\":\"https:\\\/\\\/radiolitoral.com\\\/2023\\\/04\\\/el-viento-ocasiona-desperfectos-en-el-inicio-de-las-fiestas-de-teulada\\\/#breadcrumb\",\"itemListElement\":[{\"@type\":\"ListItem\",\"position\":1,\"name\":\"Portada\",\"item\":\"https:\\\/\\\/radiolitoral.com\\\/\"},{\"@type\":\"ListItem\",\"position\":2,\"name\":\"El viento ocasiona desperfectos en el inicio de las fiestas de Teulada\"}]},{\"@type\":\"WebSite\",\"@id\":\"https:\\\/\\\/radiolitoral.com\\\/#website\",\"url\":\"https:\\\/\\\/radiolitoral.com\\\/\",\"name\":\"Radio Litoral\",\"description\":\"La radio local de la Marina Alta\",\"publisher\":{\"@id\":\"https:\\\/\\\/radiolitoral.com\\\/#organization\"},\"alternateName\":\"Litoral FM\",\"potentialAction\":[{\"@type\":\"SearchAction\",\"target\":{\"@type\":\"EntryPoint\",\"urlTemplate\":\"https:\\\/\\\/radiolitoral.com\\\/?s={search_term_string}\"},\"query-input\":{\"@type\":\"PropertyValueSpecification\",\"valueRequired\":true,\"valueName\":\"search_term_string\"}}],\"inLanguage\":\"ca\"},{\"@type\":\"Organization\",\"@id\":\"https:\\\/\\\/radiolitoral.com\\\/#organization\",\"name\":\"Radio Litoral\",\"url\":\"https:\\\/\\\/radiolitoral.com\\\/\",\"logo\":{\"@type\":\"ImageObject\",\"inLanguage\":\"ca\",\"@id\":\"https:\\\/\\\/radiolitoral.com\\\/#\\\/schema\\\/logo\\\/image\\\/\",\"url\":\"https:\\\/\\\/media.radiolitoral.com\\\/wp-content\\\/uploads\\\/2023\\\/02\\\/24143238\\\/CL-V-RadioLitoral696.png\",\"contentUrl\":\"https:\\\/\\\/media.radiolitoral.com\\\/wp-content\\\/uploads\\\/2023\\\/02\\\/24143238\\\/CL-V-RadioLitoral696.png\",\"width\":696,\"height\":696,\"caption\":\"Radio Litoral\"},\"image\":{\"@id\":\"https:\\\/\\\/radiolitoral.com\\\/#\\\/schema\\\/logo\\\/image\\\/\"},\"sameAs\":[\"https:\\\/\\\/www.facebook.com\\\/Laradiolitoral\\\/\"]},{\"@type\":\"Person\",\"@id\":\"https:\\\/\\\/radiolitoral.com\\\/#\\\/schema\\\/person\\\/f2b2343c49b5d721857cc1002bfdb151\",\"name\":\"Redacci\u00f3n\",\"image\":{\"@type\":\"ImageObject\",\"inLanguage\":\"ca\",\"@id\":\"https:\\\/\\\/secure.gravatar.com\\\/avatar\\\/f771d896c203ad8b3382d7905cfcce5a5c9b008b84b3cd9114e9b9f4cb63f789?s=96&d=mm&r=g\",\"url\":\"https:\\\/\\\/secure.gravatar.com\\\/avatar\\\/f771d896c203ad8b3382d7905cfcce5a5c9b008b84b3cd9114e9b9f4cb63f789?s=96&d=mm&r=g\",\"contentUrl\":\"https:\\\/\\\/secure.gravatar.com\\\/avatar\\\/f771d896c203ad8b3382d7905cfcce5a5c9b008b84b3cd9114e9b9f4cb63f789?s=96&d=mm&r=g\",\"caption\":\"Redacci\u00f3n\"},\"url\":\"https:\\\/\\\/radiolitoral.com\\\/ca\\\/author\\\/miriam-pagan\\\/\"}]}<\/script>\n<!-- \/ Yoast SEO plugin. -->","yoast_head_json":{"title":"El vent ocasiona desperfectes a l&#039;inici de les festes de Teulada | R\u00e0dio Litoral","description":"Va passar cap a les 5 de la matinada, gaireb\u00e9 al tancament de l&#039;espectacle que oferia el DJ Sergio P\u00e9rez Va passar cap a les 5 de la matinada, gaireb\u00e9 al tancament de l&#039;espectacle que oferia el DJ Sergio P\u00e9rez","robots":{"index":"index","follow":"follow","max-snippet":"max-snippet:-1","max-image-preview":"max-image-preview:large","max-video-preview":"max-video-preview:-1"},"canonical":"https:\/\/radiolitoral.com\/ca\/2023\/04\/el-vent-ocasiona-desperfectes-a-linici-de-les-festes-de-tellada\/","og_locale":"ca_ES","og_type":"article","og_title":"El viento ocasiona desperfectos en el inicio de las fiestas de Teulada | R\u00e0dio Litoral","og_description":"Ocurri\u00f3 sobre las 5 de la madrugada, casi al cierre del espect\u00e1culo que ofrec\u00eda el DJ Sergio P\u00e9rez Ocurri\u00f3 sobre las 5 de la madrugada, casi al cierre del espect\u00e1culo que ofrec\u00eda el DJ Sergio P\u00e9rez","og_url":"https:\/\/radiolitoral.com\/ca\/2023\/04\/el-vent-ocasiona-desperfectes-a-linici-de-les-festes-de-tellada\/","og_site_name":"R\u00e0dio Litoral","article_publisher":"https:\/\/www.facebook.com\/Laradiolitoral\/","article_published_time":"2023-04-03T12:55:09+00:00","article_modified_time":"2023-04-03T12:58:08+00:00","og_image":[{"width":1895,"height":999,"url":"https:\/\/media.radiolitoral.com\/wp-content\/uploads\/2023\/04\/03145239\/plaza.jpg","type":"image\/jpeg"}],"author":"Redacci\u00f3n","twitter_card":"summary_large_image","twitter_misc":{"Escrit per":"Redacci\u00f3n","Temps estimat de lectura":"1 minut"},"schema":{"@context":"https:\/\/schema.org","@graph":[{"@type":"NewsArticle","@id":"https:\/\/radiolitoral.com\/2023\/04\/el-viento-ocasiona-desperfectos-en-el-inicio-de-las-fiestas-de-teulada\/#article","isPartOf":{"@id":"https:\/\/radiolitoral.com\/2023\/04\/el-viento-ocasiona-desperfectos-en-el-inicio-de-las-fiestas-de-teulada\/"},"author":{"name":"Redacci\u00f3n","@id":"https:\/\/radiolitoral.com\/#\/schema\/person\/f2b2343c49b5d721857cc1002bfdb151"},"headline":"El viento ocasiona desperfectos en el inicio de las fiestas de Teulada","datePublished":"2023-04-03T12:55:09+00:00","dateModified":"2023-04-03T12:58:08+00:00","mainEntityOfPage":{"@id":"https:\/\/radiolitoral.com\/2023\/04\/el-viento-ocasiona-desperfectos-en-el-inicio-de-las-fiestas-de-teulada\/"},"wordCount":232,"commentCount":0,"publisher":{"@id":"https:\/\/radiolitoral.com\/#organization"},"image":{"@id":"https:\/\/radiolitoral.com\/2023\/04\/el-viento-ocasiona-desperfectos-en-el-inicio-de-las-fiestas-de-teulada\/#primaryimage"},"thumbnailUrl":"https:\/\/media.radiolitoral.com\/wp-content\/uploads\/2023\/04\/03145239\/plaza.jpg","keywords":["fiestas Teulada","fuerte viento","sucesos fiestas Teulada","viento"],"articleSection":["Sucesos"],"inLanguage":"ca","potentialAction":[{"@type":"CommentAction","name":"Comment","target":["https:\/\/radiolitoral.com\/2023\/04\/el-viento-ocasiona-desperfectos-en-el-inicio-de-las-fiestas-de-teulada\/#respond"]}]},{"@type":["WebPage","ItemPage"],"@id":"https:\/\/radiolitoral.com\/2023\/04\/el-viento-ocasiona-desperfectos-en-el-inicio-de-las-fiestas-de-teulada\/","url":"https:\/\/radiolitoral.com\/2023\/04\/el-viento-ocasiona-desperfectos-en-el-inicio-de-las-fiestas-de-teulada\/","name":"El vent ocasiona desperfectes a l&#039;inici de les festes de Teulada | R\u00e0dio Litoral","isPartOf":{"@id":"https:\/\/radiolitoral.com\/#website"},"primaryImageOfPage":{"@id":"https:\/\/radiolitoral.com\/2023\/04\/el-viento-ocasiona-desperfectos-en-el-inicio-de-las-fiestas-de-teulada\/#primaryimage"},"image":{"@id":"https:\/\/radiolitoral.com\/2023\/04\/el-viento-ocasiona-desperfectos-en-el-inicio-de-las-fiestas-de-teulada\/#primaryimage"},"thumbnailUrl":"https:\/\/media.radiolitoral.com\/wp-content\/uploads\/2023\/04\/03145239\/plaza.jpg","datePublished":"2023-04-03T12:55:09+00:00","dateModified":"2023-04-03T12:58:08+00:00","description":"Va passar cap a les 5 de la matinada, gaireb\u00e9 al tancament de l&#039;espectacle que oferia el DJ Sergio P\u00e9rez Va passar cap a les 5 de la matinada, gaireb\u00e9 al tancament de l&#039;espectacle que oferia el DJ Sergio P\u00e9rez","breadcrumb":{"@id":"https:\/\/radiolitoral.com\/2023\/04\/el-viento-ocasiona-desperfectos-en-el-inicio-de-las-fiestas-de-teulada\/#breadcrumb"},"inLanguage":"ca","potentialAction":[{"@type":"ReadAction","target":["https:\/\/radiolitoral.com\/2023\/04\/el-viento-ocasiona-desperfectos-en-el-inicio-de-las-fiestas-de-teulada\/"]}]},{"@type":"ImageObject","inLanguage":"ca","@id":"https:\/\/radiolitoral.com\/2023\/04\/el-viento-ocasiona-desperfectos-en-el-inicio-de-las-fiestas-de-teulada\/#primaryimage","url":"https:\/\/media.radiolitoral.com\/wp-content\/uploads\/2023\/04\/03145239\/plaza.jpg","contentUrl":"https:\/\/media.radiolitoral.com\/wp-content\/uploads\/2023\/04\/03145239\/plaza.jpg","width":1895,"height":999},{"@type":"BreadcrumbList","@id":"https:\/\/radiolitoral.com\/2023\/04\/el-viento-ocasiona-desperfectos-en-el-inicio-de-las-fiestas-de-teulada\/#breadcrumb","itemListElement":[{"@type":"ListItem","position":1,"name":"Portada","item":"https:\/\/radiolitoral.com\/"},{"@type":"ListItem","position":2,"name":"El viento ocasiona desperfectos en el inicio de las fiestas de Teulada"}]},{"@type":"WebSite","@id":"https:\/\/radiolitoral.com\/#website","url":"https:\/\/radiolitoral.com\/","name":"R\u00e0dio Litoral","description":"La r\u00e0dio local de la Marina Alta","publisher":{"@id":"https:\/\/radiolitoral.com\/#organization"},"alternateName":"Litoral FM","potentialAction":[{"@type":"SearchAction","target":{"@type":"EntryPoint","urlTemplate":"https:\/\/radiolitoral.com\/?s={search_term_string}"},"query-input":{"@type":"PropertyValueSpecification","valueRequired":true,"valueName":"search_term_string"}}],"inLanguage":"ca"},{"@type":"Organization","@id":"https:\/\/radiolitoral.com\/#organization","name":"R\u00e0dio Litoral","url":"https:\/\/radiolitoral.com\/","logo":{"@type":"ImageObject","inLanguage":"ca","@id":"https:\/\/radiolitoral.com\/#\/schema\/logo\/image\/","url":"https:\/\/media.radiolitoral.com\/wp-content\/uploads\/2023\/02\/24143238\/CL-V-RadioLitoral696.png","contentUrl":"https:\/\/media.radiolitoral.com\/wp-content\/uploads\/2023\/02\/24143238\/CL-V-RadioLitoral696.png","width":696,"height":696,"caption":"Radio Litoral"},"image":{"@id":"https:\/\/radiolitoral.com\/#\/schema\/logo\/image\/"},"sameAs":["https:\/\/www.facebook.com\/Laradiolitoral\/"]},{"@type":"Person","@id":"https:\/\/radiolitoral.com\/#\/schema\/person\/f2b2343c49b5d721857cc1002bfdb151","name":"Redacci\u00f3","image":{"@type":"ImageObject","inLanguage":"ca","@id":"https:\/\/secure.gravatar.com\/avatar\/f771d896c203ad8b3382d7905cfcce5a5c9b008b84b3cd9114e9b9f4cb63f789?s=96&d=mm&r=g","url":"https:\/\/secure.gravatar.com\/avatar\/f771d896c203ad8b3382d7905cfcce5a5c9b008b84b3cd9114e9b9f4cb63f789?s=96&d=mm&r=g","contentUrl":"https:\/\/secure.gravatar.com\/avatar\/f771d896c203ad8b3382d7905cfcce5a5c9b008b84b3cd9114e9b9f4cb63f789?s=96&d=mm&r=g","caption":"Redacci\u00f3n"},"url":"https:\/\/radiolitoral.com\/ca\/author\/miriam-pagan\/"}]}},"_links":{"self":[{"href":"https:\/\/radiolitoral.com\/ca\/wp-json\/wp\/v2\/posts\/1906","targetHints":{"allow":["GET"]}}],"collection":[{"href":"https:\/\/radiolitoral.com\/ca\/wp-json\/wp\/v2\/posts"}],"about":[{"href":"https:\/\/radiolitoral.com\/ca\/wp-json\/wp\/v2\/types\/post"}],"author":[{"embeddable":true,"href":"https:\/\/radiolitoral.com\/ca\/wp-json\/wp\/v2\/users\/13"}],"replies":[{"embeddable":true,"href":"https:\/\/radiolitoral.com\/ca\/wp-json\/wp\/v2\/comments?post=1906"}],"version-history":[{"count":1,"href":"https:\/\/radiolitoral.com\/ca\/wp-json\/wp\/v2\/posts\/1906\/revisions"}],"predecessor-version":[{"id":1908,"href":"https:\/\/radiolitoral.com\/ca\/wp-json\/wp\/v2\/posts\/1906\/revisions\/1908"}],"wp:featuredmedia":[{"embeddable":true,"href":"https:\/\/radiolitoral.com\/ca\/wp-json\/wp\/v2\/media\/1907"}],"wp:attachment":[{"href":"https:\/\/radiolitoral.com\/ca\/wp-json\/wp\/v2\/media?parent=1906"}],"wp:term":[{"taxonomy":"category","embeddable":true,"href":"https:\/\/radiolitoral.com\/ca\/wp-json\/wp\/v2\/categories?post=1906"},{"taxonomy":"post_tag","embeddable":true,"href":"https:\/\/radiolitoral.com\/ca\/wp-json\/wp\/v2\/tags?post=1906"}],"curies":[{"name":"wp","href":"https:\/\/api.w.org\/{rel}","templated":true}]}}