{"id":19022,"date":"2025-10-27T08:01:38","date_gmt":"2025-10-27T07:01:38","guid":{"rendered":"https:\/\/radiolitoral.com\/?p=19022"},"modified":"2025-10-27T08:03:35","modified_gmt":"2025-10-27T07:03:35","slug":"servei-gratuit-dautobus-amb-motiu-de-tots-sants-a-tellada","status":"publish","type":"post","link":"https:\/\/radiolitoral.com\/ca\/2025\/10\/servicio-gratuito-de-autobus-con-motivo-de-tots-sants-en-teulada\/","title":{"rendered":"Servei gratu\u00eft d&#039;autob\u00fas amb motiu de Tots Sants a Teulada"},"content":{"rendered":"<p data-start=\"267\" data-end=\"568\">El <strong data-start=\"270\" data-end=\"297\">Ajuntament de Teulada<\/strong> ha anunciat un <strong data-start=\"314\" data-end=\"338\">dispositiu especial<\/strong> amb motiu de la celebraci\u00f3 de <strong data-start=\"372\" data-end=\"399\">Tots Sants<\/strong>, que inclour\u00e0 tant la <strong data-start=\"423\" data-end=\"459\">ampliaci\u00f3 d&#039;horaris d&#039;acc\u00e9s<\/strong> al cementiri municipal com un <strong data-start=\"492\" data-end=\"527\">servei gratu\u00eft de transport<\/strong> des del nucli urb\u00e0 de <strong data-start=\"554\" data-end=\"565\">Moraira<\/strong>.<\/p>\n<p data-start=\"570\" data-end=\"1016\">Durant les \u00faltimes setmanes, el consistori ha desenvolupat una <strong data-start=\"634\" data-end=\"666\">actuaci\u00f3 integral de millora<\/strong> al recinte. Entre els treballs realitzats figuren la <strong data-start=\"723\" data-end=\"762\">reparaci\u00f3 d&#039;esquerdes als n\u00ednxols<\/strong>, el <strong data-start=\"767\" data-end=\"815\">repintat de baranes i mobiliari urb\u00e0<\/strong>, la <strong data-start=\"820\" data-end=\"848\">renovaci\u00f3 de llumin\u00e0ries<\/strong> i diverses tasques de <strong data-start=\"870\" data-end=\"908\">jardineria i manteniment general<\/strong>, amb l&#039;objectiu que l&#039;espai llueixi en condicions \u00f2ptimes durant aquests dies d&#039;especial aflu\u00e8ncia.<\/p>\n<p data-start=\"570\" data-end=\"1016\"><a href=\"https:\/\/media.radiolitoral.com\/wp-content\/uploads\/2025\/10\/27075806\/NOTA-DE-PRENSA-El-Ayuntamiento-de-Teulada-habilita-el-servicio-de-transporte-y-horario-especial-del-cementerio-para-el-dia-de-Todos-los-Santos.png\"><img loading=\"lazy\" decoding=\"async\" class=\"size-full wp-image-19023 aligncenter\" src=\"https:\/\/media.radiolitoral.com\/wp-content\/uploads\/2025\/10\/27075806\/NOTA-DE-PRENSA-El-Ayuntamiento-de-Teulada-habilita-el-servicio-de-transporte-y-horario-especial-del-cementerio-para-el-dia-de-Todos-los-Santos.png\" alt=\"\" width=\"1080\" height=\"1350\" srcset=\"https:\/\/media.radiolitoral.com\/wp-content\/uploads\/2025\/10\/27075806\/NOTA-DE-PRENSA-El-Ayuntamiento-de-Teulada-habilita-el-servicio-de-transporte-y-horario-especial-del-cementerio-para-el-dia-de-Todos-los-Santos.png 1080w, https:\/\/media.radiolitoral.com\/wp-content\/uploads\/2025\/10\/27075806\/NOTA-DE-PRENSA-El-Ayuntamiento-de-Teulada-habilita-el-servicio-de-transporte-y-horario-especial-del-cementerio-para-el-dia-de-Todos-los-Santos-240x300.png 240w, https:\/\/media.radiolitoral.com\/wp-content\/uploads\/2025\/10\/27075806\/NOTA-DE-PRENSA-El-Ayuntamiento-de-Teulada-habilita-el-servicio-de-transporte-y-horario-especial-del-cementerio-para-el-dia-de-Todos-los-Santos-819x1024.png 819w, https:\/\/media.radiolitoral.com\/wp-content\/uploads\/2025\/10\/27075806\/NOTA-DE-PRENSA-El-Ayuntamiento-de-Teulada-habilita-el-servicio-de-transporte-y-horario-especial-del-cementerio-para-el-dia-de-Todos-los-Santos-768x960.png 768w, https:\/\/media.radiolitoral.com\/wp-content\/uploads\/2025\/10\/27075806\/NOTA-DE-PRENSA-El-Ayuntamiento-de-Teulada-habilita-el-servicio-de-transporte-y-horario-especial-del-cementerio-para-el-dia-de-Todos-los-Santos-10x12.png 10w, https:\/\/media.radiolitoral.com\/wp-content\/uploads\/2025\/10\/27075806\/NOTA-DE-PRENSA-El-Ayuntamiento-de-Teulada-habilita-el-servicio-de-transporte-y-horario-especial-del-cementerio-para-el-dia-de-Todos-los-Santos-800x1000.png 800w, https:\/\/media.radiolitoral.com\/wp-content\/uploads\/2025\/10\/27075806\/NOTA-DE-PRENSA-El-Ayuntamiento-de-Teulada-habilita-el-servicio-de-transporte-y-horario-especial-del-cementerio-para-el-dia-de-Todos-los-Santos-80x100.png 80w, https:\/\/media.radiolitoral.com\/wp-content\/uploads\/2025\/10\/27075806\/NOTA-DE-PRENSA-El-Ayuntamiento-de-Teulada-habilita-el-servicio-de-transporte-y-horario-especial-del-cementerio-para-el-dia-de-Todos-los-Santos-160x200.png 160w\" sizes=\"auto, (max-width: 1080px) 100vw, 1080px\" \/><\/a><\/p>\n<h3 data-start=\"1023\" data-end=\"1075\">Horaris per a la visita i col\u00b7locaci\u00f3 de flors<\/h3>\n<p data-start=\"1077\" data-end=\"1240\">L&#039;Ajuntament ha detallat els <strong data-start=\"1110\" data-end=\"1133\">horaris especials<\/strong> perqu\u00e8 els ve\u00efns puguin realitzar la <strong data-start=\"1174\" data-end=\"1208\">neteja i col\u00b7locaci\u00f3 de rams<\/strong> als n\u00ednxols amb antelaci\u00f3.<\/p>\n<ul>\n<li data-start=\"1243\" data-end=\"1339\">Els dies <strong data-start=\"1252\" data-end=\"1274\">30 i 31 d&#039;octubre<\/strong>, el cementiri romandr\u00e0 obert de 09:00 a 19:30 hores.<\/li>\n<li data-start=\"1342\" data-end=\"1535\">El <strong data-start=\"1345\" data-end=\"1363\">1 de novembre<\/strong>, l&#039;horari ser\u00e0 de 09:00 a 20:00 hores, encara que el tram de 09:00 a 12:00 hores es reservar\u00e0 \u00fanicament per retocar o col\u00b7locar flors pr\u00e8viament preparades.<\/li>\n<\/ul>\n<p data-start=\"1537\" data-end=\"1815\">El consistori recorda que les flors hauran de situar-se exclusivament als b\u00facars o gerros enganxats al n\u00ednxol, i que no es permetr\u00e0 l&#039;\u00fas de testos amb terra, torba o materials similars. En cas contrari, el personal de manteniment les retirar\u00e0.<\/p>\n<h3 data-start=\"1822\" data-end=\"1868\">Servei especial de transport gratu\u00eft<\/h3>\n<p data-start=\"1870\" data-end=\"2059\">Per facilitar l&#039;acc\u00e9s al cementiri, s&#039;ha disposat un <strong data-start=\"1929\" data-end=\"1949\">autob\u00fas gratu\u00eft<\/strong> que connectar\u00e0 <strong data-start=\"1964\" data-end=\"2003\">Moraira amb el cementiri municipal<\/strong> els dies <strong data-start=\"2013\" data-end=\"2035\">30 i 31 d&#039;octubre<\/strong> i <strong data-start=\"2038\" data-end=\"2056\">1 de novembre<\/strong>.<\/p>\n<p data-start=\"2061\" data-end=\"2205\">La parada s&#039;ubicar\u00e0 a la prolongaci\u00f3 de l&#039;Avinguda de Madrid, al costat de l&#039;Espai La Senieta. Els horaris seran els seg\u00fcents:<\/p>\n<ul>\n<li data-start=\"2208\" data-end=\"2310\"><strong data-start=\"2208\" data-end=\"2220\">Matins:<\/strong> sortida des de Moraira a les 11:00 hi tornada des del cementiri a les 13:30 h.<\/li>\n<li data-start=\"2313\" data-end=\"2394\">Tardes: sortida des de Moraira a les 15:30 hi tornada a les 18:00 h.<\/li>\n<\/ul>\n<h4 data-start=\"2401\" data-end=\"2456\">Comoditat i respecte en unes dates significatives<\/h4>\n<p data-start=\"2458\" data-end=\"2860\" data-is-last-node=\"\" data-is-only-node=\"\">Amb aquest dispositiu, l&#039;Ajuntament de Teulada cerca <strong data-start=\"2513\" data-end=\"2566\">facilitar la mobilitat i l&#039;acc\u00e9s dels ve\u00efns<\/strong>, a m\u00e9s de garantir el bon estat de les instal\u00b7lacions municipals.<\/p>\n<p data-start=\"2458\" data-end=\"2860\" data-is-last-node=\"\" data-is-only-node=\"\">Segons ha informat el consistori, l&#039;objectiu \u00e9s que les fam\u00edlies puguin acudir al cementiri &quot;amb tranquil\u00b7litat i en les millors condicions possibles&quot; durant una jornada d&#039;especial significat per a la comunitat.<\/p>","protected":false},"excerpt":{"rendered":"<p>El Ayuntamiento de Teulada ha anunciado un dispositivo especial con motivo de la celebraci\u00f3n de Tots Sants, que incluir\u00e1 tanto la ampliaci\u00f3n de horarios de acceso al cementerio municipal como un servicio gratuito de transporte desde el n\u00facleo urbano de Moraira. Durante las \u00faltimas semanas, el consistorio ha desarrollado una actuaci\u00f3n integral de mejora en [&#8230;]<\/p>\n<p><a class=\"btn btn-secondary understrap-read-more-link\" href=\"https:\/\/radiolitoral.com\/ca\/2025\/10\/servicio-gratuito-de-autobus-con-motivo-de-tots-sants-en-teulada\/\">Continua llegint&#8230;<span class=\"screen-reader-text\"> from Servicio gratuito de autob\u00fas con motivo de Tots Sants en Teulada<\/span><\/a><\/p>\n","protected":false},"author":14,"featured_media":19024,"comment_status":"open","ping_status":"closed","sticky":false,"template":"","format":"standard","meta":{"_acf_changed":false,"inline_featured_image":false,"footnotes":""},"categories":[85],"tags":[5056,195,5055,1618],"class_list":["post-19022","post","type-post","status-publish","format-standard","has-post-thumbnail","hentry","category-servicios-publicos","tag-dia-de-todos-los-santos","tag-teulada-moraira","tag-tots-sants","tag-transporte","cobertura-teulada-moraira"],"acf":[],"yoast_head":"<!-- This site is optimized with the Yoast SEO plugin v27.5 - https:\/\/yoast.com\/product\/yoast-seo-wordpress\/ -->\n<title>Servicio gratuito de autob\u00fas con motivo de Tots Sants en Teulada | R\u00e0dio Litoral<\/title>\n<meta name=\"description\" content=\"El Ayuntamiento ha desarrollado una actuaci\u00f3n integral de mejora en el cementerio\" \/>\n<meta name=\"robots\" content=\"index, follow, max-snippet:-1, max-image-preview:large, max-video-preview:-1\" \/>\n<link rel=\"canonical\" href=\"https:\/\/radiolitoral.com\/ca\/2025\/10\/servei-gratuit-dautobus-amb-motiu-de-tots-sants-a-tellada\/\" \/>\n<meta property=\"og:locale\" content=\"ca_ES\" \/>\n<meta property=\"og:type\" content=\"article\" \/>\n<meta property=\"og:title\" content=\"Servicio gratuito de autob\u00fas con motivo de Tots Sants en Teulada | R\u00e0dio Litoral\" \/>\n<meta property=\"og:description\" content=\"El Ayuntamiento ha desarrollado una actuaci\u00f3n integral de mejora en el cementerio\" \/>\n<meta property=\"og:url\" content=\"https:\/\/radiolitoral.com\/ca\/2025\/10\/servei-gratuit-dautobus-amb-motiu-de-tots-sants-a-tellada\/\" \/>\n<meta property=\"og:site_name\" content=\"R\u00e0dio Litoral\" \/>\n<meta property=\"article:publisher\" content=\"https:\/\/www.facebook.com\/Laradiolitoral\/\" \/>\n<meta property=\"article:published_time\" content=\"2025-10-27T07:01:38+00:00\" \/>\n<meta property=\"article:modified_time\" content=\"2025-10-27T07:03:35+00:00\" \/>\n<meta property=\"og:image\" content=\"https:\/\/media.radiolitoral.com\/wp-content\/uploads\/2025\/10\/27075959\/DESTACADAS-WEB-MARINAALTA.ES-6-1024x622.png\" \/>\n\t<meta property=\"og:image:width\" content=\"1024\" \/>\n\t<meta property=\"og:image:height\" content=\"622\" \/>\n\t<meta property=\"og:image:type\" content=\"image\/png\" \/>\n<meta name=\"author\" content=\"Redacci\u00f3n\" \/>\n<meta name=\"twitter:card\" content=\"summary_large_image\" \/>\n<meta name=\"twitter:label1\" content=\"Escrit per\" \/>\n\t<meta name=\"twitter:data1\" content=\"Redacci\u00f3n\" \/>\n\t<meta name=\"twitter:label2\" content=\"Temps estimat de lectura\" \/>\n\t<meta name=\"twitter:data2\" content=\"3 minuts\" \/>\n<script type=\"application\/ld+json\" class=\"yoast-schema-graph\">{\"@context\":\"https:\\\/\\\/schema.org\",\"@graph\":[{\"@type\":\"NewsArticle\",\"@id\":\"https:\\\/\\\/radiolitoral.com\\\/2025\\\/10\\\/servicio-gratuito-de-autobus-con-motivo-de-tots-sants-en-teulada\\\/#article\",\"isPartOf\":{\"@id\":\"https:\\\/\\\/radiolitoral.com\\\/2025\\\/10\\\/servicio-gratuito-de-autobus-con-motivo-de-tots-sants-en-teulada\\\/\"},\"author\":{\"name\":\"Redacci\u00f3n\",\"@id\":\"https:\\\/\\\/radiolitoral.com\\\/#\\\/schema\\\/person\\\/96b739642eb3bedb532aac3812d23307\"},\"headline\":\"Servicio gratuito de autob\u00fas con motivo de Tots Sants en Teulada\",\"datePublished\":\"2025-10-27T07:01:38+00:00\",\"dateModified\":\"2025-10-27T07:03:35+00:00\",\"mainEntityOfPage\":{\"@id\":\"https:\\\/\\\/radiolitoral.com\\\/2025\\\/10\\\/servicio-gratuito-de-autobus-con-motivo-de-tots-sants-en-teulada\\\/\"},\"wordCount\":396,\"commentCount\":0,\"publisher\":{\"@id\":\"https:\\\/\\\/radiolitoral.com\\\/#organization\"},\"image\":{\"@id\":\"https:\\\/\\\/radiolitoral.com\\\/2025\\\/10\\\/servicio-gratuito-de-autobus-con-motivo-de-tots-sants-en-teulada\\\/#primaryimage\"},\"thumbnailUrl\":\"https:\\\/\\\/media.radiolitoral.com\\\/wp-content\\\/uploads\\\/2025\\\/10\\\/27075959\\\/DESTACADAS-WEB-MARINAALTA.ES-6.png\",\"keywords\":[\"D\u00eda de Todos los Santos\",\"Teulada-Moraira\",\"Tots Sants\",\"transporte\"],\"articleSection\":[\"Servicios P\u00fablicos\"],\"inLanguage\":\"ca\",\"potentialAction\":[{\"@type\":\"CommentAction\",\"name\":\"Comment\",\"target\":[\"https:\\\/\\\/radiolitoral.com\\\/2025\\\/10\\\/servicio-gratuito-de-autobus-con-motivo-de-tots-sants-en-teulada\\\/#respond\"]}]},{\"@type\":[\"WebPage\",\"ItemPage\"],\"@id\":\"https:\\\/\\\/radiolitoral.com\\\/2025\\\/10\\\/servicio-gratuito-de-autobus-con-motivo-de-tots-sants-en-teulada\\\/\",\"url\":\"https:\\\/\\\/radiolitoral.com\\\/2025\\\/10\\\/servicio-gratuito-de-autobus-con-motivo-de-tots-sants-en-teulada\\\/\",\"name\":\"Servicio gratuito de autob\u00fas con motivo de Tots Sants en Teulada | R\u00e0dio Litoral\",\"isPartOf\":{\"@id\":\"https:\\\/\\\/radiolitoral.com\\\/#website\"},\"primaryImageOfPage\":{\"@id\":\"https:\\\/\\\/radiolitoral.com\\\/2025\\\/10\\\/servicio-gratuito-de-autobus-con-motivo-de-tots-sants-en-teulada\\\/#primaryimage\"},\"image\":{\"@id\":\"https:\\\/\\\/radiolitoral.com\\\/2025\\\/10\\\/servicio-gratuito-de-autobus-con-motivo-de-tots-sants-en-teulada\\\/#primaryimage\"},\"thumbnailUrl\":\"https:\\\/\\\/media.radiolitoral.com\\\/wp-content\\\/uploads\\\/2025\\\/10\\\/27075959\\\/DESTACADAS-WEB-MARINAALTA.ES-6.png\",\"datePublished\":\"2025-10-27T07:01:38+00:00\",\"dateModified\":\"2025-10-27T07:03:35+00:00\",\"description\":\"El Ayuntamiento ha desarrollado una actuaci\u00f3n integral de mejora en el cementerio\",\"breadcrumb\":{\"@id\":\"https:\\\/\\\/radiolitoral.com\\\/2025\\\/10\\\/servicio-gratuito-de-autobus-con-motivo-de-tots-sants-en-teulada\\\/#breadcrumb\"},\"inLanguage\":\"ca\",\"potentialAction\":[{\"@type\":\"ReadAction\",\"target\":[\"https:\\\/\\\/radiolitoral.com\\\/2025\\\/10\\\/servicio-gratuito-de-autobus-con-motivo-de-tots-sants-en-teulada\\\/\"]}]},{\"@type\":\"ImageObject\",\"inLanguage\":\"ca\",\"@id\":\"https:\\\/\\\/radiolitoral.com\\\/2025\\\/10\\\/servicio-gratuito-de-autobus-con-motivo-de-tots-sants-en-teulada\\\/#primaryimage\",\"url\":\"https:\\\/\\\/media.radiolitoral.com\\\/wp-content\\\/uploads\\\/2025\\\/10\\\/27075959\\\/DESTACADAS-WEB-MARINAALTA.ES-6.png\",\"contentUrl\":\"https:\\\/\\\/media.radiolitoral.com\\\/wp-content\\\/uploads\\\/2025\\\/10\\\/27075959\\\/DESTACADAS-WEB-MARINAALTA.ES-6.png\",\"width\":1920,\"height\":1166},{\"@type\":\"BreadcrumbList\",\"@id\":\"https:\\\/\\\/radiolitoral.com\\\/2025\\\/10\\\/servicio-gratuito-de-autobus-con-motivo-de-tots-sants-en-teulada\\\/#breadcrumb\",\"itemListElement\":[{\"@type\":\"ListItem\",\"position\":1,\"name\":\"Portada\",\"item\":\"https:\\\/\\\/radiolitoral.com\\\/\"},{\"@type\":\"ListItem\",\"position\":2,\"name\":\"Servicio gratuito de autob\u00fas con motivo de Tots Sants en Teulada\"}]},{\"@type\":\"WebSite\",\"@id\":\"https:\\\/\\\/radiolitoral.com\\\/#website\",\"url\":\"https:\\\/\\\/radiolitoral.com\\\/\",\"name\":\"Radio Litoral\",\"description\":\"La radio local de la Marina Alta\",\"publisher\":{\"@id\":\"https:\\\/\\\/radiolitoral.com\\\/#organization\"},\"alternateName\":\"Litoral FM\",\"potentialAction\":[{\"@type\":\"SearchAction\",\"target\":{\"@type\":\"EntryPoint\",\"urlTemplate\":\"https:\\\/\\\/radiolitoral.com\\\/?s={search_term_string}\"},\"query-input\":{\"@type\":\"PropertyValueSpecification\",\"valueRequired\":true,\"valueName\":\"search_term_string\"}}],\"inLanguage\":\"ca\"},{\"@type\":\"Organization\",\"@id\":\"https:\\\/\\\/radiolitoral.com\\\/#organization\",\"name\":\"Radio Litoral\",\"url\":\"https:\\\/\\\/radiolitoral.com\\\/\",\"logo\":{\"@type\":\"ImageObject\",\"inLanguage\":\"ca\",\"@id\":\"https:\\\/\\\/radiolitoral.com\\\/#\\\/schema\\\/logo\\\/image\\\/\",\"url\":\"https:\\\/\\\/media.radiolitoral.com\\\/wp-content\\\/uploads\\\/2023\\\/02\\\/24143238\\\/CL-V-RadioLitoral696.png\",\"contentUrl\":\"https:\\\/\\\/media.radiolitoral.com\\\/wp-content\\\/uploads\\\/2023\\\/02\\\/24143238\\\/CL-V-RadioLitoral696.png\",\"width\":696,\"height\":696,\"caption\":\"Radio Litoral\"},\"image\":{\"@id\":\"https:\\\/\\\/radiolitoral.com\\\/#\\\/schema\\\/logo\\\/image\\\/\"},\"sameAs\":[\"https:\\\/\\\/www.facebook.com\\\/Laradiolitoral\\\/\"]},{\"@type\":\"Person\",\"@id\":\"https:\\\/\\\/radiolitoral.com\\\/#\\\/schema\\\/person\\\/96b739642eb3bedb532aac3812d23307\",\"name\":\"Redacci\u00f3n\",\"image\":{\"@type\":\"ImageObject\",\"inLanguage\":\"ca\",\"@id\":\"https:\\\/\\\/secure.gravatar.com\\\/avatar\\\/30cd06129ee90411dd9c7cbdcf17464181d1a3c7b072e92070ea75a25cf0097e?s=96&d=mm&r=g\",\"url\":\"https:\\\/\\\/secure.gravatar.com\\\/avatar\\\/30cd06129ee90411dd9c7cbdcf17464181d1a3c7b072e92070ea75a25cf0097e?s=96&d=mm&r=g\",\"contentUrl\":\"https:\\\/\\\/secure.gravatar.com\\\/avatar\\\/30cd06129ee90411dd9c7cbdcf17464181d1a3c7b072e92070ea75a25cf0097e?s=96&d=mm&r=g\",\"caption\":\"Redacci\u00f3n\"},\"url\":\"https:\\\/\\\/radiolitoral.com\\\/ca\\\/author\\\/kevin-carrio\\\/\"}]}<\/script>\n<!-- \/ Yoast SEO plugin. -->","yoast_head_json":{"title":"Servei gratu\u00eft d&#039;autob\u00fas amb motiu de Tots Sants a Teulada | R\u00e0dio Litoral","description":"L&#039;Ajuntament ha desenvolupat una actuaci\u00f3 integral de millora al cementiri","robots":{"index":"index","follow":"follow","max-snippet":"max-snippet:-1","max-image-preview":"max-image-preview:large","max-video-preview":"max-video-preview:-1"},"canonical":"https:\/\/radiolitoral.com\/ca\/2025\/10\/servei-gratuit-dautobus-amb-motiu-de-tots-sants-a-tellada\/","og_locale":"ca_ES","og_type":"article","og_title":"Servicio gratuito de autob\u00fas con motivo de Tots Sants en Teulada | R\u00e0dio Litoral","og_description":"El Ayuntamiento ha desarrollado una actuaci\u00f3n integral de mejora en el cementerio","og_url":"https:\/\/radiolitoral.com\/ca\/2025\/10\/servei-gratuit-dautobus-amb-motiu-de-tots-sants-a-tellada\/","og_site_name":"R\u00e0dio Litoral","article_publisher":"https:\/\/www.facebook.com\/Laradiolitoral\/","article_published_time":"2025-10-27T07:01:38+00:00","article_modified_time":"2025-10-27T07:03:35+00:00","og_image":[{"width":1024,"height":622,"url":"https:\/\/media.radiolitoral.com\/wp-content\/uploads\/2025\/10\/27075959\/DESTACADAS-WEB-MARINAALTA.ES-6-1024x622.png","type":"image\/png"}],"author":"Redacci\u00f3n","twitter_card":"summary_large_image","twitter_misc":{"Escrit per":"Redacci\u00f3n","Temps estimat de lectura":"3 minuts"},"schema":{"@context":"https:\/\/schema.org","@graph":[{"@type":"NewsArticle","@id":"https:\/\/radiolitoral.com\/2025\/10\/servicio-gratuito-de-autobus-con-motivo-de-tots-sants-en-teulada\/#article","isPartOf":{"@id":"https:\/\/radiolitoral.com\/2025\/10\/servicio-gratuito-de-autobus-con-motivo-de-tots-sants-en-teulada\/"},"author":{"name":"Redacci\u00f3n","@id":"https:\/\/radiolitoral.com\/#\/schema\/person\/96b739642eb3bedb532aac3812d23307"},"headline":"Servicio gratuito de autob\u00fas con motivo de Tots Sants en Teulada","datePublished":"2025-10-27T07:01:38+00:00","dateModified":"2025-10-27T07:03:35+00:00","mainEntityOfPage":{"@id":"https:\/\/radiolitoral.com\/2025\/10\/servicio-gratuito-de-autobus-con-motivo-de-tots-sants-en-teulada\/"},"wordCount":396,"commentCount":0,"publisher":{"@id":"https:\/\/radiolitoral.com\/#organization"},"image":{"@id":"https:\/\/radiolitoral.com\/2025\/10\/servicio-gratuito-de-autobus-con-motivo-de-tots-sants-en-teulada\/#primaryimage"},"thumbnailUrl":"https:\/\/media.radiolitoral.com\/wp-content\/uploads\/2025\/10\/27075959\/DESTACADAS-WEB-MARINAALTA.ES-6.png","keywords":["D\u00eda de Todos los Santos","Teulada-Moraira","Tots Sants","transporte"],"articleSection":["Servicios P\u00fablicos"],"inLanguage":"ca","potentialAction":[{"@type":"CommentAction","name":"Comment","target":["https:\/\/radiolitoral.com\/2025\/10\/servicio-gratuito-de-autobus-con-motivo-de-tots-sants-en-teulada\/#respond"]}]},{"@type":["WebPage","ItemPage"],"@id":"https:\/\/radiolitoral.com\/2025\/10\/servicio-gratuito-de-autobus-con-motivo-de-tots-sants-en-teulada\/","url":"https:\/\/radiolitoral.com\/2025\/10\/servicio-gratuito-de-autobus-con-motivo-de-tots-sants-en-teulada\/","name":"Servei gratu\u00eft d&#039;autob\u00fas amb motiu de Tots Sants a Teulada | R\u00e0dio Litoral","isPartOf":{"@id":"https:\/\/radiolitoral.com\/#website"},"primaryImageOfPage":{"@id":"https:\/\/radiolitoral.com\/2025\/10\/servicio-gratuito-de-autobus-con-motivo-de-tots-sants-en-teulada\/#primaryimage"},"image":{"@id":"https:\/\/radiolitoral.com\/2025\/10\/servicio-gratuito-de-autobus-con-motivo-de-tots-sants-en-teulada\/#primaryimage"},"thumbnailUrl":"https:\/\/media.radiolitoral.com\/wp-content\/uploads\/2025\/10\/27075959\/DESTACADAS-WEB-MARINAALTA.ES-6.png","datePublished":"2025-10-27T07:01:38+00:00","dateModified":"2025-10-27T07:03:35+00:00","description":"L&#039;Ajuntament ha desenvolupat una actuaci\u00f3 integral de millora al cementiri","breadcrumb":{"@id":"https:\/\/radiolitoral.com\/2025\/10\/servicio-gratuito-de-autobus-con-motivo-de-tots-sants-en-teulada\/#breadcrumb"},"inLanguage":"ca","potentialAction":[{"@type":"ReadAction","target":["https:\/\/radiolitoral.com\/2025\/10\/servicio-gratuito-de-autobus-con-motivo-de-tots-sants-en-teulada\/"]}]},{"@type":"ImageObject","inLanguage":"ca","@id":"https:\/\/radiolitoral.com\/2025\/10\/servicio-gratuito-de-autobus-con-motivo-de-tots-sants-en-teulada\/#primaryimage","url":"https:\/\/media.radiolitoral.com\/wp-content\/uploads\/2025\/10\/27075959\/DESTACADAS-WEB-MARINAALTA.ES-6.png","contentUrl":"https:\/\/media.radiolitoral.com\/wp-content\/uploads\/2025\/10\/27075959\/DESTACADAS-WEB-MARINAALTA.ES-6.png","width":1920,"height":1166},{"@type":"BreadcrumbList","@id":"https:\/\/radiolitoral.com\/2025\/10\/servicio-gratuito-de-autobus-con-motivo-de-tots-sants-en-teulada\/#breadcrumb","itemListElement":[{"@type":"ListItem","position":1,"name":"Portada","item":"https:\/\/radiolitoral.com\/"},{"@type":"ListItem","position":2,"name":"Servicio gratuito de autob\u00fas con motivo de Tots Sants en Teulada"}]},{"@type":"WebSite","@id":"https:\/\/radiolitoral.com\/#website","url":"https:\/\/radiolitoral.com\/","name":"R\u00e0dio Litoral","description":"La r\u00e0dio local de la Marina Alta","publisher":{"@id":"https:\/\/radiolitoral.com\/#organization"},"alternateName":"Litoral FM","potentialAction":[{"@type":"SearchAction","target":{"@type":"EntryPoint","urlTemplate":"https:\/\/radiolitoral.com\/?s={search_term_string}"},"query-input":{"@type":"PropertyValueSpecification","valueRequired":true,"valueName":"search_term_string"}}],"inLanguage":"ca"},{"@type":"Organization","@id":"https:\/\/radiolitoral.com\/#organization","name":"R\u00e0dio Litoral","url":"https:\/\/radiolitoral.com\/","logo":{"@type":"ImageObject","inLanguage":"ca","@id":"https:\/\/radiolitoral.com\/#\/schema\/logo\/image\/","url":"https:\/\/media.radiolitoral.com\/wp-content\/uploads\/2023\/02\/24143238\/CL-V-RadioLitoral696.png","contentUrl":"https:\/\/media.radiolitoral.com\/wp-content\/uploads\/2023\/02\/24143238\/CL-V-RadioLitoral696.png","width":696,"height":696,"caption":"Radio Litoral"},"image":{"@id":"https:\/\/radiolitoral.com\/#\/schema\/logo\/image\/"},"sameAs":["https:\/\/www.facebook.com\/Laradiolitoral\/"]},{"@type":"Person","@id":"https:\/\/radiolitoral.com\/#\/schema\/person\/96b739642eb3bedb532aac3812d23307","name":"Redacci\u00f3","image":{"@type":"ImageObject","inLanguage":"ca","@id":"https:\/\/secure.gravatar.com\/avatar\/30cd06129ee90411dd9c7cbdcf17464181d1a3c7b072e92070ea75a25cf0097e?s=96&d=mm&r=g","url":"https:\/\/secure.gravatar.com\/avatar\/30cd06129ee90411dd9c7cbdcf17464181d1a3c7b072e92070ea75a25cf0097e?s=96&d=mm&r=g","contentUrl":"https:\/\/secure.gravatar.com\/avatar\/30cd06129ee90411dd9c7cbdcf17464181d1a3c7b072e92070ea75a25cf0097e?s=96&d=mm&r=g","caption":"Redacci\u00f3n"},"url":"https:\/\/radiolitoral.com\/ca\/author\/kevin-carrio\/"}]}},"_links":{"self":[{"href":"https:\/\/radiolitoral.com\/ca\/wp-json\/wp\/v2\/posts\/19022","targetHints":{"allow":["GET"]}}],"collection":[{"href":"https:\/\/radiolitoral.com\/ca\/wp-json\/wp\/v2\/posts"}],"about":[{"href":"https:\/\/radiolitoral.com\/ca\/wp-json\/wp\/v2\/types\/post"}],"author":[{"embeddable":true,"href":"https:\/\/radiolitoral.com\/ca\/wp-json\/wp\/v2\/users\/14"}],"replies":[{"embeddable":true,"href":"https:\/\/radiolitoral.com\/ca\/wp-json\/wp\/v2\/comments?post=19022"}],"version-history":[{"count":2,"href":"https:\/\/radiolitoral.com\/ca\/wp-json\/wp\/v2\/posts\/19022\/revisions"}],"predecessor-version":[{"id":19026,"href":"https:\/\/radiolitoral.com\/ca\/wp-json\/wp\/v2\/posts\/19022\/revisions\/19026"}],"wp:featuredmedia":[{"embeddable":true,"href":"https:\/\/radiolitoral.com\/ca\/wp-json\/wp\/v2\/media\/19024"}],"wp:attachment":[{"href":"https:\/\/radiolitoral.com\/ca\/wp-json\/wp\/v2\/media?parent=19022"}],"wp:term":[{"taxonomy":"category","embeddable":true,"href":"https:\/\/radiolitoral.com\/ca\/wp-json\/wp\/v2\/categories?post=19022"},{"taxonomy":"post_tag","embeddable":true,"href":"https:\/\/radiolitoral.com\/ca\/wp-json\/wp\/v2\/tags?post=19022"}],"curies":[{"name":"wp","href":"https:\/\/api.w.org\/{rel}","templated":true}]}}