{"id":19006,"date":"2025-10-24T10:22:19","date_gmt":"2025-10-24T08:22:19","guid":{"rendered":"https:\/\/radiolitoral.com\/?p=19006"},"modified":"2025-10-24T10:22:59","modified_gmt":"2025-10-24T08:22:59","slug":"mes-dun-98-docupacio-durant-el-mes-dagost-a-teulada-moraira","status":"publish","type":"post","link":"https:\/\/radiolitoral.com\/ca\/2025\/10\/mas-de-un-98-de-ocupacion-durante-el-mes-de-agosto-en-teulada-moraira\/","title":{"rendered":"M\u00e9s d&#039;un 98% d&#039;ocupaci\u00f3 durant el mes d&#039;agost a Teulada Moraira"},"content":{"rendered":"<p data-start=\"258\" data-end=\"733\">Segons l&#039;informe de la regidoria de Turisme de\u00a0<strong>Teulada Moraira<\/strong>, liderada per Ver\u00f3nica Mart\u00ednez, el municipi ha registrat\u00a0<strong>una ocupaci\u00f3 mitjana superior al 95%<\/strong>\u00a0durant els mesos d&#039;estiu del 2025. Les dades, obtingudes per la Tourist Info Teulada Moraira, reflecteixen una tend\u00e8ncia positiva de creixement a l&#039;aflu\u00e8ncia de turistes, amb augments sostinguts mes a mes, malgrat les t\u00edpiques fluctuacions del mercat.<\/p>\n<p data-start=\"740\" data-end=\"1385\">El mes de juliol va comen\u00e7ar amb una ocupaci\u00f3 del 89% els primers dies, ascendint al 95% a la segona quinzena, amb una mitjana final de 92%. Les festes patronals de Moraira tamb\u00e9 van jugar un paper important, aconseguint un 92% docupaci\u00f3 en aquests dies.<\/p>\n<p data-start=\"740\" data-end=\"1385\">Els turistes que m\u00e9s van visitar la zona van ser principalment de la Comunitat Valenciana, Madrid, Andalusia, i altres comunitats com Castella-la Manxa i el Pa\u00eds Basc. Pel que fa al turisme internacional, els visitants m\u00e9s freq\u00fcents van provenir del Regne Unit, B\u00e8lgica, Pa\u00efsos Baixos, Fran\u00e7a, Alemanya, Estats Units i Su\u00efssa.<\/p>\n<h2 data-start=\"1392\" data-end=\"1921\"><strong data-start=\"1392\" data-end=\"1437\">R\u00e8cord docupaci\u00f3 amb un 98,17%<\/strong><\/h2>\n<p data-start=\"1392\" data-end=\"1921\"><strong>El mes d&#039;agost va registrar un 98.17% d&#039;ocupaci\u00f3 mitjana<\/strong>, aconseguint el 99% en els primers 17 dies del mes. Les estades, que van continuar sent principalment de fam\u00edlies i parelles, es van mantenir semblants a les del mes anterior. Aquest mes, el turisme nacional es va expandir amb l&#039;arribada de visitants des de Catalunya i Ast\u00faries, mentre que l&#039;\u00e0mbit internacional es va enriquir amb turistes procedents d&#039;It\u00e0lia, Vietnam, Nova Zelanda, Brasil, Irlanda i \u00c0ustria.<\/p>\n<p data-start=\"1928\" data-end=\"2417\">Setembre va tancar amb una ocupaci\u00f3 mitjana del 94,83%, destacant a la primera quinzena un 95% i un 94,67% a la segona. Els visitants van continuar predominant en fam\u00edlies i parelles, amb un notable nombre de turistes provinents de la Comunitat Valenciana, Madrid, Pa\u00eds Basc i altres regions, mentre que el turisme internacional va continuar destacant-se per la pres\u00e8ncia de viatgers del Regne Unit, Fran\u00e7a, els Pa\u00efsos Baixos, B\u00e8lgica i Col\u00f2mbia.<\/p>\n<h2 data-start=\"2424\" data-end=\"2834\"><strong data-start=\"2424\" data-end=\"2472\">Lloguers tur\u00edstics en creixement<\/strong><\/h2>\n<p data-start=\"2424\" data-end=\"2834\">El sector dels\u00a0<strong>lloguers tur\u00edstics<\/strong>\u00a0no es va quedar enrere, amb una ocupaci\u00f3 del 73.63% al juliol, que va augmentar significativament a un 87,88% a l&#039;agost i va tancar l&#039;estiu amb un 92,38% al setembre. L&#039;estada mitjana va ser entre una setmana i quinze dies, amb un perfil tur\u00edstic molt semblant al dels establiments hotelers, centrat en fam\u00edlies i parelles.<\/p>\n<p data-start=\"2841\" data-end=\"3325\">L&#039;auge del turisme a Teulada Moraira tamb\u00e9 es va reflectir als espais culturals. El Centre d&#039;Estudis Vicentins va registrar 627 visites a la temporada estival, destacant agost amb 288 visites. Des de la seva obertura el 2018, ha rebut m\u00e9s de 22.000 visites. Altres espais com el Riurau i el Castell de Moraira tamb\u00e9 han vist increments en les xifres d&#039;assist\u00e8ncia, amb m\u00e9s de 5.000 visites en el cas del castell.<\/p>\n<h2 data-start=\"3332\" data-end=\"3786\"><strong data-start=\"3332\" data-end=\"3420\">Sostenibilitat i turisme responsable<\/strong><\/h2>\n<p data-start=\"3332\" data-end=\"3786\">Ver\u00f3nica Mart\u00ednez, regidora de Turisme, va subratllar que l&#039;objectiu \u00e9s continuar oferint-ne una\u00a0<strong data-start=\"3516\" data-end=\"3552\">experi\u00e8ncia tur\u00edstica de qualitat<\/strong>, basada en la\u00a0<strong data-start=\"3567\" data-end=\"3626\">sostenibilitat, respecte a l&#039;entorn i autenticitat<\/strong>\u00a0de Teulada Moraira. &quot;Apostem per un model de turisme que preservi la nostra identitat i permeti als que ens visiten gaudir d\u00b4una destinaci\u00f3 \u00fanica&quot;, va afirmar.<\/p>\n<p data-start=\"3788\" data-end=\"4065\">Per part seva, l&#039;alcalde, Ra\u00fal Llobell, ha assenyalat que aquests resultats s\u00f3n fruit d&#039;una s\u00f2lida estrat\u00e8gia tur\u00edstica. &quot;Seguirem impulsant pol\u00edtiques que afavoreixin un turisme responsable, que dinamitzi l&#039;economia local i preservi sempre l&#039;ess\u00e8ncia de Teulada Moraira&quot;, va concloure.<\/p>","protected":false},"excerpt":{"rendered":"<p>Seg\u00fan el informe de la concejal\u00eda de Turismo de\u00a0Teulada Moraira, liderada por Ver\u00f3nica Mart\u00ednez, el municipio ha registrado\u00a0una ocupaci\u00f3n media superior al 95%\u00a0durante los meses de verano de 2025. Los datos, obtenidos por la Tourist Info Teulada Moraira, reflejan una tendencia positiva de crecimiento en la afluencia de turistas, con aumentos sostenidos mes a mes, [&#8230;]<\/p>\n<p><a class=\"btn btn-secondary understrap-read-more-link\" href=\"https:\/\/radiolitoral.com\/ca\/2025\/10\/mas-de-un-98-de-ocupacion-durante-el-mes-de-agosto-en-teulada-moraira\/\">Continua llegint&#8230;<span class=\"screen-reader-text\"> from M\u00e1s de un 98% de ocupaci\u00f3n durante el mes de agosto en Teulada Moraira<\/span><\/a><\/p>\n","protected":false},"author":14,"featured_media":19009,"comment_status":"open","ping_status":"closed","sticky":false,"template":"","format":"standard","meta":{"_acf_changed":false,"inline_featured_image":false,"footnotes":""},"categories":[144],"tags":[4407,195,163],"class_list":["post-19006","post","type-post","status-publish","format-standard","has-post-thumbnail","hentry","category-turismo","tag-ocupacion-turistica","tag-teulada-moraira","tag-turismo","cobertura-teulada-moraira"],"acf":[],"yoast_head":"<!-- This site is optimized with the Yoast SEO plugin v27.5 - https:\/\/yoast.com\/product\/yoast-seo-wordpress\/ -->\n<title>M\u00e1s de un 98% de ocupaci\u00f3n durante el mes de agosto en Teulada Moraira | R\u00e0dio Litoral<\/title>\n<meta name=\"description\" content=\"El sector de los alquileres tur\u00edsticos lleg\u00f3 al un 92,38% en septiembre\" \/>\n<meta name=\"robots\" content=\"index, follow, max-snippet:-1, max-image-preview:large, max-video-preview:-1\" \/>\n<link rel=\"canonical\" href=\"https:\/\/radiolitoral.com\/ca\/2025\/10\/mes-dun-98-docupacio-durant-el-mes-dagost-a-teulada-moraira\/\" \/>\n<meta property=\"og:locale\" content=\"ca_ES\" \/>\n<meta property=\"og:type\" content=\"article\" \/>\n<meta property=\"og:title\" content=\"M\u00e1s de un 98% de ocupaci\u00f3n durante el mes de agosto en Teulada Moraira | R\u00e0dio Litoral\" \/>\n<meta property=\"og:description\" content=\"El sector de los alquileres tur\u00edsticos lleg\u00f3 al un 92,38% en septiembre\" \/>\n<meta property=\"og:url\" content=\"https:\/\/radiolitoral.com\/ca\/2025\/10\/mes-dun-98-docupacio-durant-el-mes-dagost-a-teulada-moraira\/\" \/>\n<meta property=\"og:site_name\" content=\"R\u00e0dio Litoral\" \/>\n<meta property=\"article:publisher\" content=\"https:\/\/www.facebook.com\/Laradiolitoral\/\" \/>\n<meta property=\"article:published_time\" content=\"2025-10-24T08:22:19+00:00\" \/>\n<meta property=\"article:modified_time\" content=\"2025-10-24T08:22:59+00:00\" \/>\n<meta property=\"og:image\" content=\"https:\/\/media.radiolitoral.com\/wp-content\/uploads\/2025\/10\/24102148\/NOTA-DE-PRENSA-Teulada-Moraira-supera-el-95_-de-ocupacion-durante-la-temporada-estival-de-2025-1-scaled-e1761294129543.jpg\" \/>\n\t<meta property=\"og:image:width\" content=\"1707\" \/>\n\t<meta property=\"og:image:height\" content=\"1148\" \/>\n\t<meta property=\"og:image:type\" content=\"image\/jpeg\" \/>\n<meta name=\"author\" content=\"Redacci\u00f3n\" \/>\n<meta name=\"twitter:card\" content=\"summary_large_image\" \/>\n<meta name=\"twitter:label1\" content=\"Escrit per\" \/>\n\t<meta name=\"twitter:data1\" content=\"Redacci\u00f3n\" \/>\n\t<meta name=\"twitter:label2\" content=\"Temps estimat de lectura\" \/>\n\t<meta name=\"twitter:data2\" content=\"3 minuts\" \/>\n<script type=\"application\/ld+json\" class=\"yoast-schema-graph\">{\"@context\":\"https:\\\/\\\/schema.org\",\"@graph\":[{\"@type\":\"NewsArticle\",\"@id\":\"https:\\\/\\\/radiolitoral.com\\\/2025\\\/10\\\/mas-de-un-98-de-ocupacion-durante-el-mes-de-agosto-en-teulada-moraira\\\/#article\",\"isPartOf\":{\"@id\":\"https:\\\/\\\/radiolitoral.com\\\/2025\\\/10\\\/mas-de-un-98-de-ocupacion-durante-el-mes-de-agosto-en-teulada-moraira\\\/\"},\"author\":{\"name\":\"Redacci\u00f3n\",\"@id\":\"https:\\\/\\\/radiolitoral.com\\\/#\\\/schema\\\/person\\\/96b739642eb3bedb532aac3812d23307\"},\"headline\":\"M\u00e1s de un 98% de ocupaci\u00f3n durante el mes de agosto en Teulada Moraira\",\"datePublished\":\"2025-10-24T08:22:19+00:00\",\"dateModified\":\"2025-10-24T08:22:59+00:00\",\"mainEntityOfPage\":{\"@id\":\"https:\\\/\\\/radiolitoral.com\\\/2025\\\/10\\\/mas-de-un-98-de-ocupacion-durante-el-mes-de-agosto-en-teulada-moraira\\\/\"},\"wordCount\":578,\"commentCount\":0,\"publisher\":{\"@id\":\"https:\\\/\\\/radiolitoral.com\\\/#organization\"},\"image\":{\"@id\":\"https:\\\/\\\/radiolitoral.com\\\/2025\\\/10\\\/mas-de-un-98-de-ocupacion-durante-el-mes-de-agosto-en-teulada-moraira\\\/#primaryimage\"},\"thumbnailUrl\":\"https:\\\/\\\/media.radiolitoral.com\\\/wp-content\\\/uploads\\\/2025\\\/10\\\/24102148\\\/NOTA-DE-PRENSA-Teulada-Moraira-supera-el-95_-de-ocupacion-durante-la-temporada-estival-de-2025-1-scaled-e1761294129543.jpg\",\"keywords\":[\"ocupaci\u00f3n tur\u00edstica\",\"Teulada-Moraira\",\"turismo\"],\"articleSection\":[\"Turismo\"],\"inLanguage\":\"ca\",\"potentialAction\":[{\"@type\":\"CommentAction\",\"name\":\"Comment\",\"target\":[\"https:\\\/\\\/radiolitoral.com\\\/2025\\\/10\\\/mas-de-un-98-de-ocupacion-durante-el-mes-de-agosto-en-teulada-moraira\\\/#respond\"]}]},{\"@type\":[\"WebPage\",\"ItemPage\"],\"@id\":\"https:\\\/\\\/radiolitoral.com\\\/2025\\\/10\\\/mas-de-un-98-de-ocupacion-durante-el-mes-de-agosto-en-teulada-moraira\\\/\",\"url\":\"https:\\\/\\\/radiolitoral.com\\\/2025\\\/10\\\/mas-de-un-98-de-ocupacion-durante-el-mes-de-agosto-en-teulada-moraira\\\/\",\"name\":\"M\u00e1s de un 98% de ocupaci\u00f3n durante el mes de agosto en Teulada Moraira | R\u00e0dio Litoral\",\"isPartOf\":{\"@id\":\"https:\\\/\\\/radiolitoral.com\\\/#website\"},\"primaryImageOfPage\":{\"@id\":\"https:\\\/\\\/radiolitoral.com\\\/2025\\\/10\\\/mas-de-un-98-de-ocupacion-durante-el-mes-de-agosto-en-teulada-moraira\\\/#primaryimage\"},\"image\":{\"@id\":\"https:\\\/\\\/radiolitoral.com\\\/2025\\\/10\\\/mas-de-un-98-de-ocupacion-durante-el-mes-de-agosto-en-teulada-moraira\\\/#primaryimage\"},\"thumbnailUrl\":\"https:\\\/\\\/media.radiolitoral.com\\\/wp-content\\\/uploads\\\/2025\\\/10\\\/24102148\\\/NOTA-DE-PRENSA-Teulada-Moraira-supera-el-95_-de-ocupacion-durante-la-temporada-estival-de-2025-1-scaled-e1761294129543.jpg\",\"datePublished\":\"2025-10-24T08:22:19+00:00\",\"dateModified\":\"2025-10-24T08:22:59+00:00\",\"description\":\"El sector de los alquileres tur\u00edsticos lleg\u00f3 al un 92,38% en septiembre\",\"breadcrumb\":{\"@id\":\"https:\\\/\\\/radiolitoral.com\\\/2025\\\/10\\\/mas-de-un-98-de-ocupacion-durante-el-mes-de-agosto-en-teulada-moraira\\\/#breadcrumb\"},\"inLanguage\":\"ca\",\"potentialAction\":[{\"@type\":\"ReadAction\",\"target\":[\"https:\\\/\\\/radiolitoral.com\\\/2025\\\/10\\\/mas-de-un-98-de-ocupacion-durante-el-mes-de-agosto-en-teulada-moraira\\\/\"]}]},{\"@type\":\"ImageObject\",\"inLanguage\":\"ca\",\"@id\":\"https:\\\/\\\/radiolitoral.com\\\/2025\\\/10\\\/mas-de-un-98-de-ocupacion-durante-el-mes-de-agosto-en-teulada-moraira\\\/#primaryimage\",\"url\":\"https:\\\/\\\/media.radiolitoral.com\\\/wp-content\\\/uploads\\\/2025\\\/10\\\/24102148\\\/NOTA-DE-PRENSA-Teulada-Moraira-supera-el-95_-de-ocupacion-durante-la-temporada-estival-de-2025-1-scaled-e1761294129543.jpg\",\"contentUrl\":\"https:\\\/\\\/media.radiolitoral.com\\\/wp-content\\\/uploads\\\/2025\\\/10\\\/24102148\\\/NOTA-DE-PRENSA-Teulada-Moraira-supera-el-95_-de-ocupacion-durante-la-temporada-estival-de-2025-1-scaled-e1761294129543.jpg\",\"width\":1707,\"height\":1148},{\"@type\":\"BreadcrumbList\",\"@id\":\"https:\\\/\\\/radiolitoral.com\\\/2025\\\/10\\\/mas-de-un-98-de-ocupacion-durante-el-mes-de-agosto-en-teulada-moraira\\\/#breadcrumb\",\"itemListElement\":[{\"@type\":\"ListItem\",\"position\":1,\"name\":\"Portada\",\"item\":\"https:\\\/\\\/radiolitoral.com\\\/\"},{\"@type\":\"ListItem\",\"position\":2,\"name\":\"M\u00e1s de un 98% de ocupaci\u00f3n durante el mes de agosto en Teulada Moraira\"}]},{\"@type\":\"WebSite\",\"@id\":\"https:\\\/\\\/radiolitoral.com\\\/#website\",\"url\":\"https:\\\/\\\/radiolitoral.com\\\/\",\"name\":\"Radio Litoral\",\"description\":\"La radio local de la Marina Alta\",\"publisher\":{\"@id\":\"https:\\\/\\\/radiolitoral.com\\\/#organization\"},\"alternateName\":\"Litoral FM\",\"potentialAction\":[{\"@type\":\"SearchAction\",\"target\":{\"@type\":\"EntryPoint\",\"urlTemplate\":\"https:\\\/\\\/radiolitoral.com\\\/?s={search_term_string}\"},\"query-input\":{\"@type\":\"PropertyValueSpecification\",\"valueRequired\":true,\"valueName\":\"search_term_string\"}}],\"inLanguage\":\"ca\"},{\"@type\":\"Organization\",\"@id\":\"https:\\\/\\\/radiolitoral.com\\\/#organization\",\"name\":\"Radio Litoral\",\"url\":\"https:\\\/\\\/radiolitoral.com\\\/\",\"logo\":{\"@type\":\"ImageObject\",\"inLanguage\":\"ca\",\"@id\":\"https:\\\/\\\/radiolitoral.com\\\/#\\\/schema\\\/logo\\\/image\\\/\",\"url\":\"https:\\\/\\\/media.radiolitoral.com\\\/wp-content\\\/uploads\\\/2023\\\/02\\\/24143238\\\/CL-V-RadioLitoral696.png\",\"contentUrl\":\"https:\\\/\\\/media.radiolitoral.com\\\/wp-content\\\/uploads\\\/2023\\\/02\\\/24143238\\\/CL-V-RadioLitoral696.png\",\"width\":696,\"height\":696,\"caption\":\"Radio Litoral\"},\"image\":{\"@id\":\"https:\\\/\\\/radiolitoral.com\\\/#\\\/schema\\\/logo\\\/image\\\/\"},\"sameAs\":[\"https:\\\/\\\/www.facebook.com\\\/Laradiolitoral\\\/\"]},{\"@type\":\"Person\",\"@id\":\"https:\\\/\\\/radiolitoral.com\\\/#\\\/schema\\\/person\\\/96b739642eb3bedb532aac3812d23307\",\"name\":\"Redacci\u00f3n\",\"image\":{\"@type\":\"ImageObject\",\"inLanguage\":\"ca\",\"@id\":\"https:\\\/\\\/secure.gravatar.com\\\/avatar\\\/30cd06129ee90411dd9c7cbdcf17464181d1a3c7b072e92070ea75a25cf0097e?s=96&d=mm&r=g\",\"url\":\"https:\\\/\\\/secure.gravatar.com\\\/avatar\\\/30cd06129ee90411dd9c7cbdcf17464181d1a3c7b072e92070ea75a25cf0097e?s=96&d=mm&r=g\",\"contentUrl\":\"https:\\\/\\\/secure.gravatar.com\\\/avatar\\\/30cd06129ee90411dd9c7cbdcf17464181d1a3c7b072e92070ea75a25cf0097e?s=96&d=mm&r=g\",\"caption\":\"Redacci\u00f3n\"},\"url\":\"https:\\\/\\\/radiolitoral.com\\\/ca\\\/author\\\/kevin-carrio\\\/\"}]}<\/script>\n<!-- \/ Yoast SEO plugin. -->","yoast_head_json":{"title":"M\u00e9s d&#039;un 98% d&#039;ocupaci\u00f3 durant el mes d&#039;agost a Teulada Moraira | R\u00e0dio Litoral","description":"El sector dels lloguers tur\u00edstics va arribar a un 92,38% al setembre","robots":{"index":"index","follow":"follow","max-snippet":"max-snippet:-1","max-image-preview":"max-image-preview:large","max-video-preview":"max-video-preview:-1"},"canonical":"https:\/\/radiolitoral.com\/ca\/2025\/10\/mes-dun-98-docupacio-durant-el-mes-dagost-a-teulada-moraira\/","og_locale":"ca_ES","og_type":"article","og_title":"M\u00e1s de un 98% de ocupaci\u00f3n durante el mes de agosto en Teulada Moraira | R\u00e0dio Litoral","og_description":"El sector de los alquileres tur\u00edsticos lleg\u00f3 al un 92,38% en septiembre","og_url":"https:\/\/radiolitoral.com\/ca\/2025\/10\/mes-dun-98-docupacio-durant-el-mes-dagost-a-teulada-moraira\/","og_site_name":"R\u00e0dio Litoral","article_publisher":"https:\/\/www.facebook.com\/Laradiolitoral\/","article_published_time":"2025-10-24T08:22:19+00:00","article_modified_time":"2025-10-24T08:22:59+00:00","og_image":[{"width":1707,"height":1148,"url":"https:\/\/media.radiolitoral.com\/wp-content\/uploads\/2025\/10\/24102148\/NOTA-DE-PRENSA-Teulada-Moraira-supera-el-95_-de-ocupacion-durante-la-temporada-estival-de-2025-1-scaled-e1761294129543.jpg","type":"image\/jpeg"}],"author":"Redacci\u00f3n","twitter_card":"summary_large_image","twitter_misc":{"Escrit per":"Redacci\u00f3n","Temps estimat de lectura":"3 minuts"},"schema":{"@context":"https:\/\/schema.org","@graph":[{"@type":"NewsArticle","@id":"https:\/\/radiolitoral.com\/2025\/10\/mas-de-un-98-de-ocupacion-durante-el-mes-de-agosto-en-teulada-moraira\/#article","isPartOf":{"@id":"https:\/\/radiolitoral.com\/2025\/10\/mas-de-un-98-de-ocupacion-durante-el-mes-de-agosto-en-teulada-moraira\/"},"author":{"name":"Redacci\u00f3n","@id":"https:\/\/radiolitoral.com\/#\/schema\/person\/96b739642eb3bedb532aac3812d23307"},"headline":"M\u00e1s de un 98% de ocupaci\u00f3n durante el mes de agosto en Teulada Moraira","datePublished":"2025-10-24T08:22:19+00:00","dateModified":"2025-10-24T08:22:59+00:00","mainEntityOfPage":{"@id":"https:\/\/radiolitoral.com\/2025\/10\/mas-de-un-98-de-ocupacion-durante-el-mes-de-agosto-en-teulada-moraira\/"},"wordCount":578,"commentCount":0,"publisher":{"@id":"https:\/\/radiolitoral.com\/#organization"},"image":{"@id":"https:\/\/radiolitoral.com\/2025\/10\/mas-de-un-98-de-ocupacion-durante-el-mes-de-agosto-en-teulada-moraira\/#primaryimage"},"thumbnailUrl":"https:\/\/media.radiolitoral.com\/wp-content\/uploads\/2025\/10\/24102148\/NOTA-DE-PRENSA-Teulada-Moraira-supera-el-95_-de-ocupacion-durante-la-temporada-estival-de-2025-1-scaled-e1761294129543.jpg","keywords":["ocupaci\u00f3n tur\u00edstica","Teulada-Moraira","turismo"],"articleSection":["Turismo"],"inLanguage":"ca","potentialAction":[{"@type":"CommentAction","name":"Comment","target":["https:\/\/radiolitoral.com\/2025\/10\/mas-de-un-98-de-ocupacion-durante-el-mes-de-agosto-en-teulada-moraira\/#respond"]}]},{"@type":["WebPage","ItemPage"],"@id":"https:\/\/radiolitoral.com\/2025\/10\/mas-de-un-98-de-ocupacion-durante-el-mes-de-agosto-en-teulada-moraira\/","url":"https:\/\/radiolitoral.com\/2025\/10\/mas-de-un-98-de-ocupacion-durante-el-mes-de-agosto-en-teulada-moraira\/","name":"M\u00e9s d&#039;un 98% d&#039;ocupaci\u00f3 durant el mes d&#039;agost a Teulada Moraira | R\u00e0dio Litoral","isPartOf":{"@id":"https:\/\/radiolitoral.com\/#website"},"primaryImageOfPage":{"@id":"https:\/\/radiolitoral.com\/2025\/10\/mas-de-un-98-de-ocupacion-durante-el-mes-de-agosto-en-teulada-moraira\/#primaryimage"},"image":{"@id":"https:\/\/radiolitoral.com\/2025\/10\/mas-de-un-98-de-ocupacion-durante-el-mes-de-agosto-en-teulada-moraira\/#primaryimage"},"thumbnailUrl":"https:\/\/media.radiolitoral.com\/wp-content\/uploads\/2025\/10\/24102148\/NOTA-DE-PRENSA-Teulada-Moraira-supera-el-95_-de-ocupacion-durante-la-temporada-estival-de-2025-1-scaled-e1761294129543.jpg","datePublished":"2025-10-24T08:22:19+00:00","dateModified":"2025-10-24T08:22:59+00:00","description":"El sector dels lloguers tur\u00edstics va arribar a un 92,38% al setembre","breadcrumb":{"@id":"https:\/\/radiolitoral.com\/2025\/10\/mas-de-un-98-de-ocupacion-durante-el-mes-de-agosto-en-teulada-moraira\/#breadcrumb"},"inLanguage":"ca","potentialAction":[{"@type":"ReadAction","target":["https:\/\/radiolitoral.com\/2025\/10\/mas-de-un-98-de-ocupacion-durante-el-mes-de-agosto-en-teulada-moraira\/"]}]},{"@type":"ImageObject","inLanguage":"ca","@id":"https:\/\/radiolitoral.com\/2025\/10\/mas-de-un-98-de-ocupacion-durante-el-mes-de-agosto-en-teulada-moraira\/#primaryimage","url":"https:\/\/media.radiolitoral.com\/wp-content\/uploads\/2025\/10\/24102148\/NOTA-DE-PRENSA-Teulada-Moraira-supera-el-95_-de-ocupacion-durante-la-temporada-estival-de-2025-1-scaled-e1761294129543.jpg","contentUrl":"https:\/\/media.radiolitoral.com\/wp-content\/uploads\/2025\/10\/24102148\/NOTA-DE-PRENSA-Teulada-Moraira-supera-el-95_-de-ocupacion-durante-la-temporada-estival-de-2025-1-scaled-e1761294129543.jpg","width":1707,"height":1148},{"@type":"BreadcrumbList","@id":"https:\/\/radiolitoral.com\/2025\/10\/mas-de-un-98-de-ocupacion-durante-el-mes-de-agosto-en-teulada-moraira\/#breadcrumb","itemListElement":[{"@type":"ListItem","position":1,"name":"Portada","item":"https:\/\/radiolitoral.com\/"},{"@type":"ListItem","position":2,"name":"M\u00e1s de un 98% de ocupaci\u00f3n durante el mes de agosto en Teulada Moraira"}]},{"@type":"WebSite","@id":"https:\/\/radiolitoral.com\/#website","url":"https:\/\/radiolitoral.com\/","name":"R\u00e0dio Litoral","description":"La r\u00e0dio local de la Marina Alta","publisher":{"@id":"https:\/\/radiolitoral.com\/#organization"},"alternateName":"Litoral FM","potentialAction":[{"@type":"SearchAction","target":{"@type":"EntryPoint","urlTemplate":"https:\/\/radiolitoral.com\/?s={search_term_string}"},"query-input":{"@type":"PropertyValueSpecification","valueRequired":true,"valueName":"search_term_string"}}],"inLanguage":"ca"},{"@type":"Organization","@id":"https:\/\/radiolitoral.com\/#organization","name":"R\u00e0dio Litoral","url":"https:\/\/radiolitoral.com\/","logo":{"@type":"ImageObject","inLanguage":"ca","@id":"https:\/\/radiolitoral.com\/#\/schema\/logo\/image\/","url":"https:\/\/media.radiolitoral.com\/wp-content\/uploads\/2023\/02\/24143238\/CL-V-RadioLitoral696.png","contentUrl":"https:\/\/media.radiolitoral.com\/wp-content\/uploads\/2023\/02\/24143238\/CL-V-RadioLitoral696.png","width":696,"height":696,"caption":"Radio Litoral"},"image":{"@id":"https:\/\/radiolitoral.com\/#\/schema\/logo\/image\/"},"sameAs":["https:\/\/www.facebook.com\/Laradiolitoral\/"]},{"@type":"Person","@id":"https:\/\/radiolitoral.com\/#\/schema\/person\/96b739642eb3bedb532aac3812d23307","name":"Redacci\u00f3","image":{"@type":"ImageObject","inLanguage":"ca","@id":"https:\/\/secure.gravatar.com\/avatar\/30cd06129ee90411dd9c7cbdcf17464181d1a3c7b072e92070ea75a25cf0097e?s=96&d=mm&r=g","url":"https:\/\/secure.gravatar.com\/avatar\/30cd06129ee90411dd9c7cbdcf17464181d1a3c7b072e92070ea75a25cf0097e?s=96&d=mm&r=g","contentUrl":"https:\/\/secure.gravatar.com\/avatar\/30cd06129ee90411dd9c7cbdcf17464181d1a3c7b072e92070ea75a25cf0097e?s=96&d=mm&r=g","caption":"Redacci\u00f3n"},"url":"https:\/\/radiolitoral.com\/ca\/author\/kevin-carrio\/"}]}},"_links":{"self":[{"href":"https:\/\/radiolitoral.com\/ca\/wp-json\/wp\/v2\/posts\/19006","targetHints":{"allow":["GET"]}}],"collection":[{"href":"https:\/\/radiolitoral.com\/ca\/wp-json\/wp\/v2\/posts"}],"about":[{"href":"https:\/\/radiolitoral.com\/ca\/wp-json\/wp\/v2\/types\/post"}],"author":[{"embeddable":true,"href":"https:\/\/radiolitoral.com\/ca\/wp-json\/wp\/v2\/users\/14"}],"replies":[{"embeddable":true,"href":"https:\/\/radiolitoral.com\/ca\/wp-json\/wp\/v2\/comments?post=19006"}],"version-history":[{"count":2,"href":"https:\/\/radiolitoral.com\/ca\/wp-json\/wp\/v2\/posts\/19006\/revisions"}],"predecessor-version":[{"id":19011,"href":"https:\/\/radiolitoral.com\/ca\/wp-json\/wp\/v2\/posts\/19006\/revisions\/19011"}],"wp:featuredmedia":[{"embeddable":true,"href":"https:\/\/radiolitoral.com\/ca\/wp-json\/wp\/v2\/media\/19009"}],"wp:attachment":[{"href":"https:\/\/radiolitoral.com\/ca\/wp-json\/wp\/v2\/media?parent=19006"}],"wp:term":[{"taxonomy":"category","embeddable":true,"href":"https:\/\/radiolitoral.com\/ca\/wp-json\/wp\/v2\/categories?post=19006"},{"taxonomy":"post_tag","embeddable":true,"href":"https:\/\/radiolitoral.com\/ca\/wp-json\/wp\/v2\/tags?post=19006"}],"curies":[{"name":"wp","href":"https:\/\/api.w.org\/{rel}","templated":true}]}}