{"id":18993,"date":"2025-10-24T09:19:16","date_gmt":"2025-10-24T07:19:16","guid":{"rendered":"https:\/\/radiolitoral.com\/?p=18993"},"modified":"2025-10-24T09:19:16","modified_gmt":"2025-10-24T07:19:16","slug":"teulada-ampliara-la-seva-oferta-dhabitatges-publics-amb-la-compra-dun-solar","status":"publish","type":"post","link":"https:\/\/radiolitoral.com\/ca\/2025\/10\/teulada-ampliara-su-oferta-de-viviendas-publicas-con-la-compra-de-un-solar\/","title":{"rendered":"Teulada ampliar\u00e0 la vostra oferta d&#039;habitatges p\u00fablics amb la compra d&#039;un solar"},"content":{"rendered":"<p data-start=\"312\" data-end=\"645\">L&#039;Ajuntament de <strong data-start=\"331\" data-end=\"342\">Teulada<\/strong> ha adquirit recentment un solar que albergar\u00e0 la construcci\u00f3 de noves <strong data-start=\"419\" data-end=\"441\">habitatges p\u00fablics<\/strong> al municipi. Aquesta acci\u00f3 forma part del <strong data-start=\"487\" data-end=\"500\">Pla VIU<\/strong> de la <strong data-start=\"507\" data-end=\"533\">Generalitat Valenciana<\/strong>, impulsat per un conveni de col\u00b7laboraci\u00f3 amb la <strong data-start=\"584\" data-end=\"643\">Federaci\u00f3 Valenciana de Municipis i Prov\u00edncies (FVMP)<\/strong>.<\/p>\n<p data-start=\"647\" data-end=\"837\">Amb aquesta iniciativa, l&#039;administraci\u00f3 local d\u00f3na compliment a un dels seus compromisos m\u00e9s rellevants: garantir l&#039;acc\u00e9s a habitatges assequibles per als residents de <strong data-start=\"816\" data-end=\"835\">Teulada Moraira<\/strong>.<\/p>\n<h3 data-start=\"1293\" data-end=\"1337\">Caracter\u00edstiques dels futurs habitatges<\/h3>\n<p data-start=\"1339\" data-end=\"1742\">Els habitatges, que formaran part de la <strong data-start=\"1379\" data-end=\"1420\">protecci\u00f3 p\u00fablica de r\u00e8gim general<\/strong>, tindran una superf\u00edcie \u00fatil m\u00e0xima de <strong data-start=\"1460\" data-end=\"1469\">90 m\u00b2<\/strong>. No obstant aix\u00f2, es permetr\u00e0 que fins a un 4% dels habitatges sobrepassin aquesta mesura, aconseguint els <strong data-start=\"1569\" data-end=\"1579\">120 m\u00b2<\/strong>. A m\u00e9s, els habitatges dirigits al col\u00b7lectiu juvenil, especialment per a joves de fins a 35 anys i fam\u00edlies monoparentals, tindran una mida m\u00e0xima de <strong data-start=\"1732\" data-end=\"1741\">60 m\u00b2<\/strong>.<\/p>\n<p data-start=\"1802\" data-end=\"2241\">L&#039;alcalde de <strong data-start=\"1816\" data-end=\"1835\">Teulada Moraira<\/strong>, <strong data-start=\"1837\" data-end=\"1853\">Ra\u00fal Llobell<\/strong>, va mostrar la seva satisfacci\u00f3 davant l&#039;aven\u00e7 del projecte. En les seves paraules, \u201cAvui veiem feta realitat, nom\u00e9s un any despr\u00e9s d&#039;haver sol\u00b7licitat l&#039;inici del tr\u00e0mit, una prioritat per a aquest govern local i una demanda hist\u00f2rica dels nostres ve\u00efns, sobretot els joves. Amb l&#039;adquisici\u00f3 del solar, fem un pas m\u00e9s en mat\u00e8ria d&#039;habitatge, un problema greu a la nostra societat\u00bb.<\/p>\n<p data-start=\"2243\" data-end=\"2585\">Llobell tamb\u00e9 va destacar el valor de la seva tasca com a representant del municipi, afegint: &quot;Som conscients que la nostra funci\u00f3 com a c\u00e0rrecs p\u00fablics no \u00e9s m\u00e9s que facilitar i millorar la vida de les persones. En el nostre cas, la vida dels nostres ve\u00efns de Teulada Moraira. Poder ajudar la meva gent \u00e9s un orgull per a mi com a alcalde&quot;.<\/p>\n<p data-start=\"878\" data-end=\"1291\">L&#039;adquisici\u00f3 del terreny respon a una de les demandes m\u00e9s reclamades pels ciutadans al llarg dels anys, especialment pels m\u00e9s joves, que han sol\u00b7licitat solucions habitacionals adequades. L&#039;objectiu d&#039;aquesta construcci\u00f3 \u00e9s donar resposta a un <strong data-start=\"1144\" data-end=\"1167\">dret fonamental<\/strong> que est\u00e0 protegit tant per la <strong data-start=\"1200\" data-end=\"1225\">Constituci\u00f3 Espanyola<\/strong> com pel <strong data-start=\"1238\" data-end=\"1290\">Estatut d&#039;Autonomia de la Comunitat Valenciana<\/strong>.<\/p>","protected":false},"excerpt":{"rendered":"<p>El Ayuntamiento de Teulada ha adquirido recientemente un solar que albergar\u00e1 la construcci\u00f3n de nuevas viviendas p\u00fablicas en el municipio. Esta acci\u00f3n forma parte del Plan VIVE de la Generalitat Valenciana, impulsado por un convenio de colaboraci\u00f3n con la Federaci\u00f3n Valenciana de Municipios y Provincias (FVMP). Con esta iniciativa, la administraci\u00f3n local da cumplimiento a [&#8230;]<\/p>\n<p><a class=\"btn btn-secondary understrap-read-more-link\" href=\"https:\/\/radiolitoral.com\/ca\/2025\/10\/teulada-ampliara-su-oferta-de-viviendas-publicas-con-la-compra-de-un-solar\/\">Continua llegint&#8230;<span class=\"screen-reader-text\"> from Teulada ampliar\u00e1 su oferta de viviendas p\u00fablicas con la compra de un solar<\/span><\/a><\/p>\n","protected":false},"author":14,"featured_media":3050,"comment_status":"open","ping_status":"closed","sticky":false,"template":"","format":"standard","meta":{"_acf_changed":false,"inline_featured_image":false,"footnotes":""},"categories":[1257],"tags":[195,495,5052],"class_list":["post-18993","post","type-post","status-publish","format-standard","has-post-thumbnail","hentry","category-vivienda","tag-teulada-moraira","tag-vivienda","tag-vivienda-publica","cobertura-teulada-moraira"],"acf":[],"yoast_head":"<!-- This site is optimized with the Yoast SEO plugin v27.5 - https:\/\/yoast.com\/product\/yoast-seo-wordpress\/ -->\n<title>Teulada ampliar\u00e1 su oferta de viviendas p\u00fablicas con la compra de un solar | R\u00e0dio Litoral<\/title>\n<meta name=\"description\" content=\"Los pisos, en r\u00e9gimen general, tendr\u00e1n una superficie \u00fatil de 90 m\u00b2\" \/>\n<meta name=\"robots\" content=\"index, follow, max-snippet:-1, max-image-preview:large, max-video-preview:-1\" \/>\n<link rel=\"canonical\" href=\"https:\/\/radiolitoral.com\/ca\/2025\/10\/teulada-ampliara-la-seva-oferta-dhabitatges-publics-amb-la-compra-dun-solar\/\" \/>\n<meta property=\"og:locale\" content=\"ca_ES\" \/>\n<meta property=\"og:type\" content=\"article\" \/>\n<meta property=\"og:title\" content=\"Teulada ampliar\u00e1 su oferta de viviendas p\u00fablicas con la compra de un solar | R\u00e0dio Litoral\" \/>\n<meta property=\"og:description\" content=\"Los pisos, en r\u00e9gimen general, tendr\u00e1n una superficie \u00fatil de 90 m\u00b2\" \/>\n<meta property=\"og:url\" content=\"https:\/\/radiolitoral.com\/ca\/2025\/10\/teulada-ampliara-la-seva-oferta-dhabitatges-publics-amb-la-compra-dun-solar\/\" \/>\n<meta property=\"og:site_name\" content=\"R\u00e0dio Litoral\" \/>\n<meta property=\"article:publisher\" content=\"https:\/\/www.facebook.com\/Laradiolitoral\/\" \/>\n<meta property=\"article:published_time\" content=\"2025-10-24T07:19:16+00:00\" \/>\n<meta property=\"og:image\" content=\"https:\/\/media.radiolitoral.com\/wp-content\/uploads\/2023\/05\/12173656\/Teulada-Moraira.jpeg\" \/>\n\t<meta property=\"og:image:width\" content=\"1024\" \/>\n\t<meta property=\"og:image:height\" content=\"576\" \/>\n\t<meta property=\"og:image:type\" content=\"image\/jpeg\" \/>\n<meta name=\"author\" content=\"Redacci\u00f3n\" \/>\n<meta name=\"twitter:card\" content=\"summary_large_image\" \/>\n<meta name=\"twitter:label1\" content=\"Escrit per\" \/>\n\t<meta name=\"twitter:data1\" content=\"Redacci\u00f3n\" \/>\n\t<meta name=\"twitter:label2\" content=\"Temps estimat de lectura\" \/>\n\t<meta name=\"twitter:data2\" content=\"2 minuts\" \/>\n<script type=\"application\/ld+json\" class=\"yoast-schema-graph\">{\"@context\":\"https:\\\/\\\/schema.org\",\"@graph\":[{\"@type\":\"NewsArticle\",\"@id\":\"https:\\\/\\\/radiolitoral.com\\\/2025\\\/10\\\/teulada-ampliara-su-oferta-de-viviendas-publicas-con-la-compra-de-un-solar\\\/#article\",\"isPartOf\":{\"@id\":\"https:\\\/\\\/radiolitoral.com\\\/2025\\\/10\\\/teulada-ampliara-su-oferta-de-viviendas-publicas-con-la-compra-de-un-solar\\\/\"},\"author\":{\"name\":\"Redacci\u00f3n\",\"@id\":\"https:\\\/\\\/radiolitoral.com\\\/#\\\/schema\\\/person\\\/96b739642eb3bedb532aac3812d23307\"},\"headline\":\"Teulada ampliar\u00e1 su oferta de viviendas p\u00fablicas con la compra de un solar\",\"datePublished\":\"2025-10-24T07:19:16+00:00\",\"mainEntityOfPage\":{\"@id\":\"https:\\\/\\\/radiolitoral.com\\\/2025\\\/10\\\/teulada-ampliara-su-oferta-de-viviendas-publicas-con-la-compra-de-un-solar\\\/\"},\"wordCount\":382,\"commentCount\":0,\"publisher\":{\"@id\":\"https:\\\/\\\/radiolitoral.com\\\/#organization\"},\"image\":{\"@id\":\"https:\\\/\\\/radiolitoral.com\\\/2025\\\/10\\\/teulada-ampliara-su-oferta-de-viviendas-publicas-con-la-compra-de-un-solar\\\/#primaryimage\"},\"thumbnailUrl\":\"https:\\\/\\\/media.radiolitoral.com\\\/wp-content\\\/uploads\\\/2023\\\/05\\\/12173656\\\/Teulada-Moraira.jpeg\",\"keywords\":[\"Teulada-Moraira\",\"Vivienda\",\"vivienda p\u00fablica\"],\"articleSection\":[\"Vivienda\"],\"inLanguage\":\"ca\",\"potentialAction\":[{\"@type\":\"CommentAction\",\"name\":\"Comment\",\"target\":[\"https:\\\/\\\/radiolitoral.com\\\/2025\\\/10\\\/teulada-ampliara-su-oferta-de-viviendas-publicas-con-la-compra-de-un-solar\\\/#respond\"]}]},{\"@type\":[\"WebPage\",\"ItemPage\"],\"@id\":\"https:\\\/\\\/radiolitoral.com\\\/2025\\\/10\\\/teulada-ampliara-su-oferta-de-viviendas-publicas-con-la-compra-de-un-solar\\\/\",\"url\":\"https:\\\/\\\/radiolitoral.com\\\/2025\\\/10\\\/teulada-ampliara-su-oferta-de-viviendas-publicas-con-la-compra-de-un-solar\\\/\",\"name\":\"Teulada ampliar\u00e1 su oferta de viviendas p\u00fablicas con la compra de un solar | R\u00e0dio Litoral\",\"isPartOf\":{\"@id\":\"https:\\\/\\\/radiolitoral.com\\\/#website\"},\"primaryImageOfPage\":{\"@id\":\"https:\\\/\\\/radiolitoral.com\\\/2025\\\/10\\\/teulada-ampliara-su-oferta-de-viviendas-publicas-con-la-compra-de-un-solar\\\/#primaryimage\"},\"image\":{\"@id\":\"https:\\\/\\\/radiolitoral.com\\\/2025\\\/10\\\/teulada-ampliara-su-oferta-de-viviendas-publicas-con-la-compra-de-un-solar\\\/#primaryimage\"},\"thumbnailUrl\":\"https:\\\/\\\/media.radiolitoral.com\\\/wp-content\\\/uploads\\\/2023\\\/05\\\/12173656\\\/Teulada-Moraira.jpeg\",\"datePublished\":\"2025-10-24T07:19:16+00:00\",\"description\":\"Los pisos, en r\u00e9gimen general, tendr\u00e1n una superficie \u00fatil de 90 m\u00b2\",\"breadcrumb\":{\"@id\":\"https:\\\/\\\/radiolitoral.com\\\/2025\\\/10\\\/teulada-ampliara-su-oferta-de-viviendas-publicas-con-la-compra-de-un-solar\\\/#breadcrumb\"},\"inLanguage\":\"ca\",\"potentialAction\":[{\"@type\":\"ReadAction\",\"target\":[\"https:\\\/\\\/radiolitoral.com\\\/2025\\\/10\\\/teulada-ampliara-su-oferta-de-viviendas-publicas-con-la-compra-de-un-solar\\\/\"]}]},{\"@type\":\"ImageObject\",\"inLanguage\":\"ca\",\"@id\":\"https:\\\/\\\/radiolitoral.com\\\/2025\\\/10\\\/teulada-ampliara-su-oferta-de-viviendas-publicas-con-la-compra-de-un-solar\\\/#primaryimage\",\"url\":\"https:\\\/\\\/media.radiolitoral.com\\\/wp-content\\\/uploads\\\/2023\\\/05\\\/12173656\\\/Teulada-Moraira.jpeg\",\"contentUrl\":\"https:\\\/\\\/media.radiolitoral.com\\\/wp-content\\\/uploads\\\/2023\\\/05\\\/12173656\\\/Teulada-Moraira.jpeg\",\"width\":1024,\"height\":576},{\"@type\":\"BreadcrumbList\",\"@id\":\"https:\\\/\\\/radiolitoral.com\\\/2025\\\/10\\\/teulada-ampliara-su-oferta-de-viviendas-publicas-con-la-compra-de-un-solar\\\/#breadcrumb\",\"itemListElement\":[{\"@type\":\"ListItem\",\"position\":1,\"name\":\"Portada\",\"item\":\"https:\\\/\\\/radiolitoral.com\\\/\"},{\"@type\":\"ListItem\",\"position\":2,\"name\":\"Teulada ampliar\u00e1 su oferta de viviendas p\u00fablicas con la compra de un solar\"}]},{\"@type\":\"WebSite\",\"@id\":\"https:\\\/\\\/radiolitoral.com\\\/#website\",\"url\":\"https:\\\/\\\/radiolitoral.com\\\/\",\"name\":\"Radio Litoral\",\"description\":\"La radio local de la Marina Alta\",\"publisher\":{\"@id\":\"https:\\\/\\\/radiolitoral.com\\\/#organization\"},\"alternateName\":\"Litoral FM\",\"potentialAction\":[{\"@type\":\"SearchAction\",\"target\":{\"@type\":\"EntryPoint\",\"urlTemplate\":\"https:\\\/\\\/radiolitoral.com\\\/?s={search_term_string}\"},\"query-input\":{\"@type\":\"PropertyValueSpecification\",\"valueRequired\":true,\"valueName\":\"search_term_string\"}}],\"inLanguage\":\"ca\"},{\"@type\":\"Organization\",\"@id\":\"https:\\\/\\\/radiolitoral.com\\\/#organization\",\"name\":\"Radio Litoral\",\"url\":\"https:\\\/\\\/radiolitoral.com\\\/\",\"logo\":{\"@type\":\"ImageObject\",\"inLanguage\":\"ca\",\"@id\":\"https:\\\/\\\/radiolitoral.com\\\/#\\\/schema\\\/logo\\\/image\\\/\",\"url\":\"https:\\\/\\\/media.radiolitoral.com\\\/wp-content\\\/uploads\\\/2023\\\/02\\\/24143238\\\/CL-V-RadioLitoral696.png\",\"contentUrl\":\"https:\\\/\\\/media.radiolitoral.com\\\/wp-content\\\/uploads\\\/2023\\\/02\\\/24143238\\\/CL-V-RadioLitoral696.png\",\"width\":696,\"height\":696,\"caption\":\"Radio Litoral\"},\"image\":{\"@id\":\"https:\\\/\\\/radiolitoral.com\\\/#\\\/schema\\\/logo\\\/image\\\/\"},\"sameAs\":[\"https:\\\/\\\/www.facebook.com\\\/Laradiolitoral\\\/\"]},{\"@type\":\"Person\",\"@id\":\"https:\\\/\\\/radiolitoral.com\\\/#\\\/schema\\\/person\\\/96b739642eb3bedb532aac3812d23307\",\"name\":\"Redacci\u00f3n\",\"image\":{\"@type\":\"ImageObject\",\"inLanguage\":\"ca\",\"@id\":\"https:\\\/\\\/secure.gravatar.com\\\/avatar\\\/30cd06129ee90411dd9c7cbdcf17464181d1a3c7b072e92070ea75a25cf0097e?s=96&d=mm&r=g\",\"url\":\"https:\\\/\\\/secure.gravatar.com\\\/avatar\\\/30cd06129ee90411dd9c7cbdcf17464181d1a3c7b072e92070ea75a25cf0097e?s=96&d=mm&r=g\",\"contentUrl\":\"https:\\\/\\\/secure.gravatar.com\\\/avatar\\\/30cd06129ee90411dd9c7cbdcf17464181d1a3c7b072e92070ea75a25cf0097e?s=96&d=mm&r=g\",\"caption\":\"Redacci\u00f3n\"},\"url\":\"https:\\\/\\\/radiolitoral.com\\\/ca\\\/author\\\/kevin-carrio\\\/\"}]}<\/script>\n<!-- \/ Yoast SEO plugin. -->","yoast_head_json":{"title":"Teulada ampliar\u00e0 l&#039;oferta d&#039;habitatges p\u00fablics amb la compra d&#039;un solar | R\u00e0dio Litoral","description":"Els pisos, en r\u00e8gim general, tindran una superf\u00edcie \u00fatil de 90 m2","robots":{"index":"index","follow":"follow","max-snippet":"max-snippet:-1","max-image-preview":"max-image-preview:large","max-video-preview":"max-video-preview:-1"},"canonical":"https:\/\/radiolitoral.com\/ca\/2025\/10\/teulada-ampliara-la-seva-oferta-dhabitatges-publics-amb-la-compra-dun-solar\/","og_locale":"ca_ES","og_type":"article","og_title":"Teulada ampliar\u00e1 su oferta de viviendas p\u00fablicas con la compra de un solar | R\u00e0dio Litoral","og_description":"Los pisos, en r\u00e9gimen general, tendr\u00e1n una superficie \u00fatil de 90 m\u00b2","og_url":"https:\/\/radiolitoral.com\/ca\/2025\/10\/teulada-ampliara-la-seva-oferta-dhabitatges-publics-amb-la-compra-dun-solar\/","og_site_name":"R\u00e0dio Litoral","article_publisher":"https:\/\/www.facebook.com\/Laradiolitoral\/","article_published_time":"2025-10-24T07:19:16+00:00","og_image":[{"width":1024,"height":576,"url":"https:\/\/media.radiolitoral.com\/wp-content\/uploads\/2023\/05\/12173656\/Teulada-Moraira.jpeg","type":"image\/jpeg"}],"author":"Redacci\u00f3n","twitter_card":"summary_large_image","twitter_misc":{"Escrit per":"Redacci\u00f3n","Temps estimat de lectura":"2 minuts"},"schema":{"@context":"https:\/\/schema.org","@graph":[{"@type":"NewsArticle","@id":"https:\/\/radiolitoral.com\/2025\/10\/teulada-ampliara-su-oferta-de-viviendas-publicas-con-la-compra-de-un-solar\/#article","isPartOf":{"@id":"https:\/\/radiolitoral.com\/2025\/10\/teulada-ampliara-su-oferta-de-viviendas-publicas-con-la-compra-de-un-solar\/"},"author":{"name":"Redacci\u00f3n","@id":"https:\/\/radiolitoral.com\/#\/schema\/person\/96b739642eb3bedb532aac3812d23307"},"headline":"Teulada ampliar\u00e1 su oferta de viviendas p\u00fablicas con la compra de un solar","datePublished":"2025-10-24T07:19:16+00:00","mainEntityOfPage":{"@id":"https:\/\/radiolitoral.com\/2025\/10\/teulada-ampliara-su-oferta-de-viviendas-publicas-con-la-compra-de-un-solar\/"},"wordCount":382,"commentCount":0,"publisher":{"@id":"https:\/\/radiolitoral.com\/#organization"},"image":{"@id":"https:\/\/radiolitoral.com\/2025\/10\/teulada-ampliara-su-oferta-de-viviendas-publicas-con-la-compra-de-un-solar\/#primaryimage"},"thumbnailUrl":"https:\/\/media.radiolitoral.com\/wp-content\/uploads\/2023\/05\/12173656\/Teulada-Moraira.jpeg","keywords":["Teulada-Moraira","Vivienda","vivienda p\u00fablica"],"articleSection":["Vivienda"],"inLanguage":"ca","potentialAction":[{"@type":"CommentAction","name":"Comment","target":["https:\/\/radiolitoral.com\/2025\/10\/teulada-ampliara-su-oferta-de-viviendas-publicas-con-la-compra-de-un-solar\/#respond"]}]},{"@type":["WebPage","ItemPage"],"@id":"https:\/\/radiolitoral.com\/2025\/10\/teulada-ampliara-su-oferta-de-viviendas-publicas-con-la-compra-de-un-solar\/","url":"https:\/\/radiolitoral.com\/2025\/10\/teulada-ampliara-su-oferta-de-viviendas-publicas-con-la-compra-de-un-solar\/","name":"Teulada ampliar\u00e0 l&#039;oferta d&#039;habitatges p\u00fablics amb la compra d&#039;un solar | R\u00e0dio Litoral","isPartOf":{"@id":"https:\/\/radiolitoral.com\/#website"},"primaryImageOfPage":{"@id":"https:\/\/radiolitoral.com\/2025\/10\/teulada-ampliara-su-oferta-de-viviendas-publicas-con-la-compra-de-un-solar\/#primaryimage"},"image":{"@id":"https:\/\/radiolitoral.com\/2025\/10\/teulada-ampliara-su-oferta-de-viviendas-publicas-con-la-compra-de-un-solar\/#primaryimage"},"thumbnailUrl":"https:\/\/media.radiolitoral.com\/wp-content\/uploads\/2023\/05\/12173656\/Teulada-Moraira.jpeg","datePublished":"2025-10-24T07:19:16+00:00","description":"Els pisos, en r\u00e8gim general, tindran una superf\u00edcie \u00fatil de 90 m2","breadcrumb":{"@id":"https:\/\/radiolitoral.com\/2025\/10\/teulada-ampliara-su-oferta-de-viviendas-publicas-con-la-compra-de-un-solar\/#breadcrumb"},"inLanguage":"ca","potentialAction":[{"@type":"ReadAction","target":["https:\/\/radiolitoral.com\/2025\/10\/teulada-ampliara-su-oferta-de-viviendas-publicas-con-la-compra-de-un-solar\/"]}]},{"@type":"ImageObject","inLanguage":"ca","@id":"https:\/\/radiolitoral.com\/2025\/10\/teulada-ampliara-su-oferta-de-viviendas-publicas-con-la-compra-de-un-solar\/#primaryimage","url":"https:\/\/media.radiolitoral.com\/wp-content\/uploads\/2023\/05\/12173656\/Teulada-Moraira.jpeg","contentUrl":"https:\/\/media.radiolitoral.com\/wp-content\/uploads\/2023\/05\/12173656\/Teulada-Moraira.jpeg","width":1024,"height":576},{"@type":"BreadcrumbList","@id":"https:\/\/radiolitoral.com\/2025\/10\/teulada-ampliara-su-oferta-de-viviendas-publicas-con-la-compra-de-un-solar\/#breadcrumb","itemListElement":[{"@type":"ListItem","position":1,"name":"Portada","item":"https:\/\/radiolitoral.com\/"},{"@type":"ListItem","position":2,"name":"Teulada ampliar\u00e1 su oferta de viviendas p\u00fablicas con la compra de un solar"}]},{"@type":"WebSite","@id":"https:\/\/radiolitoral.com\/#website","url":"https:\/\/radiolitoral.com\/","name":"R\u00e0dio Litoral","description":"La r\u00e0dio local de la Marina Alta","publisher":{"@id":"https:\/\/radiolitoral.com\/#organization"},"alternateName":"Litoral FM","potentialAction":[{"@type":"SearchAction","target":{"@type":"EntryPoint","urlTemplate":"https:\/\/radiolitoral.com\/?s={search_term_string}"},"query-input":{"@type":"PropertyValueSpecification","valueRequired":true,"valueName":"search_term_string"}}],"inLanguage":"ca"},{"@type":"Organization","@id":"https:\/\/radiolitoral.com\/#organization","name":"R\u00e0dio Litoral","url":"https:\/\/radiolitoral.com\/","logo":{"@type":"ImageObject","inLanguage":"ca","@id":"https:\/\/radiolitoral.com\/#\/schema\/logo\/image\/","url":"https:\/\/media.radiolitoral.com\/wp-content\/uploads\/2023\/02\/24143238\/CL-V-RadioLitoral696.png","contentUrl":"https:\/\/media.radiolitoral.com\/wp-content\/uploads\/2023\/02\/24143238\/CL-V-RadioLitoral696.png","width":696,"height":696,"caption":"Radio Litoral"},"image":{"@id":"https:\/\/radiolitoral.com\/#\/schema\/logo\/image\/"},"sameAs":["https:\/\/www.facebook.com\/Laradiolitoral\/"]},{"@type":"Person","@id":"https:\/\/radiolitoral.com\/#\/schema\/person\/96b739642eb3bedb532aac3812d23307","name":"Redacci\u00f3","image":{"@type":"ImageObject","inLanguage":"ca","@id":"https:\/\/secure.gravatar.com\/avatar\/30cd06129ee90411dd9c7cbdcf17464181d1a3c7b072e92070ea75a25cf0097e?s=96&d=mm&r=g","url":"https:\/\/secure.gravatar.com\/avatar\/30cd06129ee90411dd9c7cbdcf17464181d1a3c7b072e92070ea75a25cf0097e?s=96&d=mm&r=g","contentUrl":"https:\/\/secure.gravatar.com\/avatar\/30cd06129ee90411dd9c7cbdcf17464181d1a3c7b072e92070ea75a25cf0097e?s=96&d=mm&r=g","caption":"Redacci\u00f3n"},"url":"https:\/\/radiolitoral.com\/ca\/author\/kevin-carrio\/"}]}},"_links":{"self":[{"href":"https:\/\/radiolitoral.com\/ca\/wp-json\/wp\/v2\/posts\/18993","targetHints":{"allow":["GET"]}}],"collection":[{"href":"https:\/\/radiolitoral.com\/ca\/wp-json\/wp\/v2\/posts"}],"about":[{"href":"https:\/\/radiolitoral.com\/ca\/wp-json\/wp\/v2\/types\/post"}],"author":[{"embeddable":true,"href":"https:\/\/radiolitoral.com\/ca\/wp-json\/wp\/v2\/users\/14"}],"replies":[{"embeddable":true,"href":"https:\/\/radiolitoral.com\/ca\/wp-json\/wp\/v2\/comments?post=18993"}],"version-history":[{"count":1,"href":"https:\/\/radiolitoral.com\/ca\/wp-json\/wp\/v2\/posts\/18993\/revisions"}],"predecessor-version":[{"id":18994,"href":"https:\/\/radiolitoral.com\/ca\/wp-json\/wp\/v2\/posts\/18993\/revisions\/18994"}],"wp:featuredmedia":[{"embeddable":true,"href":"https:\/\/radiolitoral.com\/ca\/wp-json\/wp\/v2\/media\/3050"}],"wp:attachment":[{"href":"https:\/\/radiolitoral.com\/ca\/wp-json\/wp\/v2\/media?parent=18993"}],"wp:term":[{"taxonomy":"category","embeddable":true,"href":"https:\/\/radiolitoral.com\/ca\/wp-json\/wp\/v2\/categories?post=18993"},{"taxonomy":"post_tag","embeddable":true,"href":"https:\/\/radiolitoral.com\/ca\/wp-json\/wp\/v2\/tags?post=18993"}],"curies":[{"name":"wp","href":"https:\/\/api.w.org\/{rel}","templated":true}]}}