{"id":18893,"date":"2025-10-14T10:40:04","date_gmt":"2025-10-14T08:40:04","guid":{"rendered":"https:\/\/radiolitoral.com\/?p=18893"},"modified":"2025-10-14T10:40:04","modified_gmt":"2025-10-14T08:40:04","slug":"el-solgreen-campio-de-la-lliga-iberdrola-de-vela-a-calp","status":"publish","type":"post","link":"https:\/\/radiolitoral.com\/ca\/2025\/10\/el-solgreen-campeon-de-la-liga-iberdrola-de-vela-en-calpe\/","title":{"rendered":"El \u00abSolgreen\u00bb campi\u00f3 de la Lliga Iberdrola de Vela a Calp"},"content":{"rendered":"<p data-start=\"243\" data-end=\"606\"><span data-start=\"267\" data-end=\"276\">Les aig\u00fces de la badia de <\/span>Calp van ser l&#039;epicentre de la vela femenina espanyola, en albergar la final de la<strong data-start=\"344\" data-end=\"379\"> Lliga Iberdrola 2025<\/strong>. L&#039;esdeveniment es va tancar amb una gran jornada maratoniana que va coronar l&#039;equip.<strong data-start=\"500\" data-end=\"512\">Solgreen\u00bb<\/strong> com <strong data-start=\"518\" data-end=\"541\">campiones d&#039;Espanya<\/strong> en una competici\u00f3 que ha batut r\u00e8cords de participaci\u00f3.<\/p>\n<p data-start=\"608\" data-end=\"1371\">La tripulaci\u00f3 del <strong data-start=\"608\" data-end=\"620\">\u00abSolgreen\u00bb<\/strong>, composta per <strong data-start=\"636\" data-end=\"654\">Elena de Tom\u00e0s<\/strong> com a patrona i un equip de regatistes d&#039;alt nivell, es va imposar amb solv\u00e8ncia a la final, malgrat la forta compet\u00e8ncia. Elena de Tom\u00e1s i la seva tripulaci\u00f3 van aconseguir mantenir la seva regularitat durant les <strong data-start=\"869\" data-end=\"884\">Medal Races<\/strong>, obtenint dos segons llocs i un quart, cosa que els va permetre al\u00e7ar-se amb el t\u00edtol de campiones d&#039;Espanya. Aquest triomf suposa una gran vict\u00f2ria per a Elena i el seu equip, que s&#039;han destacat per la seva excel\u00b7lent comunicaci\u00f3 i treball en equip, cosa que Tom\u00e1s va destacar en les declaracions despr\u00e9s de la vict\u00f2ria:<br data-start=\"1216\" data-end=\"1219\" \/><em data-start=\"1219\" data-end=\"1331\">\u00abLa clau de l?\u00e8xit ha estat traslladar l?amistat que tenim fora de l?aigua a una bona comunicaci\u00f3 a bord,\u00bb<\/em> va afirmar la patrona de l?equip guanyador.<\/p>\n<p data-start=\"1373\" data-end=\"1690\">El segon lloc a la classificaci\u00f3 general va ser per al<strong data-start=\"1435\" data-end=\"1444\">Unisa\u00bb<\/strong>, equip del <strong data-start=\"1457\" data-end=\"1484\">Reial Club N\u00e0utic Calp<\/strong> patronejat per <strong data-start=\"1500\" data-end=\"1516\">Sara Momplet<\/strong>, que va realitzar una gran actuaci\u00f3, lluitant pel t\u00edtol fins al final. El \u00ab<strong data-start=\"1596\" data-end=\"1610\">Team RCNGC\u00bb<\/strong>, amb <strong data-start=\"1616\" data-end=\"1636\">In\u00e9s Mart\u00edn-Urda<\/strong> al capdavant, va completar el podi amb el tercer lloc.<\/p>\n<figure id=\"attachment_18895\" aria-describedby=\"caption-attachment-18895\" style=\"width: 2048px\" class=\"wp-caption alignnone\"><img loading=\"lazy\" decoding=\"async\" class=\"wp-image-18895 size-full\" src=\"https:\/\/media.radiolitoral.com\/wp-content\/uploads\/2025\/10\/14103922\/Veleros-en-Calpe.jpg\" alt=\"\" width=\"2048\" height=\"1365\" srcset=\"https:\/\/media.radiolitoral.com\/wp-content\/uploads\/2025\/10\/14103922\/Veleros-en-Calpe.jpg 2048w, https:\/\/media.radiolitoral.com\/wp-content\/uploads\/2025\/10\/14103922\/Veleros-en-Calpe-300x200.jpg 300w, https:\/\/media.radiolitoral.com\/wp-content\/uploads\/2025\/10\/14103922\/Veleros-en-Calpe-1024x683.jpg 1024w, https:\/\/media.radiolitoral.com\/wp-content\/uploads\/2025\/10\/14103922\/Veleros-en-Calpe-768x512.jpg 768w, https:\/\/media.radiolitoral.com\/wp-content\/uploads\/2025\/10\/14103922\/Veleros-en-Calpe-1536x1024.jpg 1536w, https:\/\/media.radiolitoral.com\/wp-content\/uploads\/2025\/10\/14103922\/Veleros-en-Calpe-18x12.jpg 18w, https:\/\/media.radiolitoral.com\/wp-content\/uploads\/2025\/10\/14103922\/Veleros-en-Calpe-1000x667.jpg 1000w, https:\/\/media.radiolitoral.com\/wp-content\/uploads\/2025\/10\/14103922\/Veleros-en-Calpe-100x67.jpg 100w, https:\/\/media.radiolitoral.com\/wp-content\/uploads\/2025\/10\/14103922\/Veleros-en-Calpe-200x133.jpg 200w\" sizes=\"auto, (max-width: 2048px) 100vw, 2048px\" \/><figcaption id=\"caption-attachment-18895\" class=\"wp-caption-text\">Velers en aig\u00fces de Calp |RCN Calp<\/figcaption><\/figure>\n<h4 data-start=\"1830\" data-end=\"1863\">R\u00e8cord de participaci\u00f3<\/h4>\n<p data-start=\"1865\" data-end=\"2306\">La final a Calp no nom\u00e9s va ser un esdeveniment esportiu, sin\u00f3 tamb\u00e9 un homenatge al creixement de la vela femenina a Espanya. <strong data-start=\"1995\" data-end=\"2022\">Joaqu\u00edn Gonz\u00e1lez Devesa<\/strong>, president de la <strong data-start=\"2041\" data-end=\"2084\">Real Federaci\u00f3 Espanyola de Vela (RFEV)<\/strong>, va destacar que el<strong data-start=\"2101\" data-end=\"2128\"> r\u00e8cord de participaci\u00f3<\/strong> confirma que la Lliga Iberdrola est\u00e0 guanyant cada cop m\u00e9s adeptes i que est\u00e0 atraient m\u00e9s dones a la vela, proporcionant-los una plataforma de millora i desenvolupament.<\/p>\n<p data-start=\"2308\" data-end=\"2586\">Per la seva banda, <strong data-start=\"2322\" data-end=\"2351\">Magdalena Mart\u00ednez Ferrer<\/strong>, directora del RCN Calp, va reafirmar el comprom\u00eds del club amb la igualtat i el seu paper com a destinaci\u00f3 n\u00e0utica de refer\u00e8ncia, destacant la import\u00e0ncia d&#039;acollir aquest tipus d&#039;esdeveniments per impulsar l&#039;esport femen\u00ed.<\/p>\n<p><script src=\"chrome-extension:\/\/flbolonkboilcbnohjlchlfgdalomdpl\/iFrame.js\" type=\"text\/javascript\"><\/script><\/p>","protected":false},"excerpt":{"rendered":"<p>Las aguas de la bah\u00eda de Calpe fueron el epicentro de la vela femenina espa\u00f1ola, al albergar la final de la Liga Iberdrola 2025. El evento, se cerr\u00f3 con una gran jornada maratoniana que coron\u00f3 al equipo \u00abSolgreen\u00bb como campeonas de Espa\u00f1a en una competici\u00f3n que ha batido r\u00e9cords de participaci\u00f3n. La tripulacion del \u00abSolgreen\u00bb, [&#8230;]<\/p>\n<p><a class=\"btn btn-secondary understrap-read-more-link\" href=\"https:\/\/radiolitoral.com\/ca\/2025\/10\/el-solgreen-campeon-de-la-liga-iberdrola-de-vela-en-calpe\/\">Continua llegint&#8230;<span class=\"screen-reader-text\"> from El \u00abSolgreen\u00bb campe\u00f3n de la Liga Iberdrola de Vela en Calpe<\/span><\/a><\/p>\n","protected":false},"author":12,"featured_media":18894,"comment_status":"open","ping_status":"closed","sticky":false,"template":"","format":"standard","meta":{"_acf_changed":false,"inline_featured_image":false,"footnotes":""},"categories":[5],"tags":[6,5036,5038,5039,5041,1048,5040,5037],"class_list":["post-18893","post","type-post","status-publish","format-standard","has-post-thumbnail","hentry","category-deportes","tag-deportes","tag-elena-de-tomas","tag-ines-martin-urda","tag-joaquin-gonzalez-devesa","tag-magdalena-martinez-ferrer","tag-real-club-nautico-calpe","tag-real-federacion-espanola-de-vela","tag-sara-momplet","cobertura-calp"],"acf":[],"yoast_head":"<!-- This site is optimized with the Yoast SEO plugin v27.5 - https:\/\/yoast.com\/product\/yoast-seo-wordpress\/ -->\n<title>El &quot;Solgreen&quot; campe\u00f3n de la Liga Iberdrola de Vela en Calpe | R\u00e0dio Litoral<\/title>\n<meta name=\"description\" content=\"El equipo de la Real Club N\u00e1utico Valencia y Club N\u00e1utico Arenal se impuso en una jornada maratoniana de regatas en aguas calpinasEl equipo de la Real Club N\u00e1utico Valencia y Club N\u00e1utico Arenal se impuso en una jornada maratoniana de regatas en aguas calpinas\" \/>\n<meta name=\"robots\" content=\"index, follow, max-snippet:-1, max-image-preview:large, max-video-preview:-1\" \/>\n<link rel=\"canonical\" href=\"https:\/\/radiolitoral.com\/ca\/2025\/10\/el-solgreen-campio-de-la-lliga-iberdrola-de-vela-a-calp\/\" \/>\n<meta property=\"og:locale\" content=\"ca_ES\" \/>\n<meta property=\"og:type\" content=\"article\" \/>\n<meta property=\"og:title\" content=\"El &quot;Solgreen&quot; campe\u00f3n de la Liga Iberdrola de Vela en Calpe | R\u00e0dio Litoral\" \/>\n<meta property=\"og:description\" content=\"El equipo de la Real Club N\u00e1utico Valencia y Club N\u00e1utico Arenal se impuso en una jornada maratoniana de regatas en aguas calpinasEl equipo de la Real Club N\u00e1utico Valencia y Club N\u00e1utico Arenal se impuso en una jornada maratoniana de regatas en aguas calpinas\" \/>\n<meta property=\"og:url\" content=\"https:\/\/radiolitoral.com\/ca\/2025\/10\/el-solgreen-campio-de-la-lliga-iberdrola-de-vela-a-calp\/\" \/>\n<meta property=\"og:site_name\" content=\"R\u00e0dio Litoral\" \/>\n<meta property=\"article:publisher\" content=\"https:\/\/www.facebook.com\/Laradiolitoral\/\" \/>\n<meta property=\"article:published_time\" content=\"2025-10-14T08:40:04+00:00\" \/>\n<meta property=\"og:image\" content=\"https:\/\/media.radiolitoral.com\/wp-content\/uploads\/2025\/10\/14103905\/Las-campeonas-celebran-su-titulo.jpg\" \/>\n\t<meta property=\"og:image:width\" content=\"995\" \/>\n\t<meta property=\"og:image:height\" content=\"700\" \/>\n\t<meta property=\"og:image:type\" content=\"image\/jpeg\" \/>\n<meta name=\"author\" content=\"Javier Zamora\" \/>\n<meta name=\"twitter:card\" content=\"summary_large_image\" \/>\n<meta name=\"twitter:label1\" content=\"Escrit per\" \/>\n\t<meta name=\"twitter:data1\" content=\"Javier Zamora\" \/>\n\t<meta name=\"twitter:label2\" content=\"Temps estimat de lectura\" \/>\n\t<meta name=\"twitter:data2\" content=\"3 minuts\" \/>\n<script type=\"application\/ld+json\" class=\"yoast-schema-graph\">{\"@context\":\"https:\\\/\\\/schema.org\",\"@graph\":[{\"@type\":\"NewsArticle\",\"@id\":\"https:\\\/\\\/radiolitoral.com\\\/2025\\\/10\\\/el-solgreen-campeon-de-la-liga-iberdrola-de-vela-en-calpe\\\/#article\",\"isPartOf\":{\"@id\":\"https:\\\/\\\/radiolitoral.com\\\/2025\\\/10\\\/el-solgreen-campeon-de-la-liga-iberdrola-de-vela-en-calpe\\\/\"},\"author\":{\"name\":\"Javier Zamora\",\"@id\":\"https:\\\/\\\/radiolitoral.com\\\/#\\\/schema\\\/person\\\/7b1480b5caeb5acdd4ec6379caf62b22\"},\"headline\":\"El \u00abSolgreen\u00bb campe\u00f3n de la Liga Iberdrola de Vela en Calpe\",\"datePublished\":\"2025-10-14T08:40:04+00:00\",\"mainEntityOfPage\":{\"@id\":\"https:\\\/\\\/radiolitoral.com\\\/2025\\\/10\\\/el-solgreen-campeon-de-la-liga-iberdrola-de-vela-en-calpe\\\/\"},\"wordCount\":394,\"commentCount\":0,\"publisher\":{\"@id\":\"https:\\\/\\\/radiolitoral.com\\\/#organization\"},\"image\":{\"@id\":\"https:\\\/\\\/radiolitoral.com\\\/2025\\\/10\\\/el-solgreen-campeon-de-la-liga-iberdrola-de-vela-en-calpe\\\/#primaryimage\"},\"thumbnailUrl\":\"https:\\\/\\\/media.radiolitoral.com\\\/wp-content\\\/uploads\\\/2025\\\/10\\\/14103905\\\/Las-campeonas-celebran-su-titulo.jpg\",\"keywords\":[\"deportes\",\"Elena de Tom\u00e1s\",\"In\u00e9s Mart\u00edn-Urda\",\"Joaqu\u00edn Gonz\u00e1lez Devesa\",\"Magdalena Mart\u00ednez Ferrer\",\"Real Club N\u00e1utico Calpe\",\"Real Federaci\u00f3n Espa\u00f1ola de Vela\",\"Sara Momplet\"],\"articleSection\":[\"Deportes\"],\"inLanguage\":\"ca\",\"potentialAction\":[{\"@type\":\"CommentAction\",\"name\":\"Comment\",\"target\":[\"https:\\\/\\\/radiolitoral.com\\\/2025\\\/10\\\/el-solgreen-campeon-de-la-liga-iberdrola-de-vela-en-calpe\\\/#respond\"]}]},{\"@type\":[\"WebPage\",\"ItemPage\"],\"@id\":\"https:\\\/\\\/radiolitoral.com\\\/2025\\\/10\\\/el-solgreen-campeon-de-la-liga-iberdrola-de-vela-en-calpe\\\/\",\"url\":\"https:\\\/\\\/radiolitoral.com\\\/2025\\\/10\\\/el-solgreen-campeon-de-la-liga-iberdrola-de-vela-en-calpe\\\/\",\"name\":\"El \\\"Solgreen\\\" campe\u00f3n de la Liga Iberdrola de Vela en Calpe | R\u00e0dio Litoral\",\"isPartOf\":{\"@id\":\"https:\\\/\\\/radiolitoral.com\\\/#website\"},\"primaryImageOfPage\":{\"@id\":\"https:\\\/\\\/radiolitoral.com\\\/2025\\\/10\\\/el-solgreen-campeon-de-la-liga-iberdrola-de-vela-en-calpe\\\/#primaryimage\"},\"image\":{\"@id\":\"https:\\\/\\\/radiolitoral.com\\\/2025\\\/10\\\/el-solgreen-campeon-de-la-liga-iberdrola-de-vela-en-calpe\\\/#primaryimage\"},\"thumbnailUrl\":\"https:\\\/\\\/media.radiolitoral.com\\\/wp-content\\\/uploads\\\/2025\\\/10\\\/14103905\\\/Las-campeonas-celebran-su-titulo.jpg\",\"datePublished\":\"2025-10-14T08:40:04+00:00\",\"description\":\"El equipo de la Real Club N\u00e1utico Valencia y Club N\u00e1utico Arenal se impuso en una jornada maratoniana de regatas en aguas calpinasEl equipo de la Real Club N\u00e1utico Valencia y Club N\u00e1utico Arenal se impuso en una jornada maratoniana de regatas en aguas calpinas\",\"breadcrumb\":{\"@id\":\"https:\\\/\\\/radiolitoral.com\\\/2025\\\/10\\\/el-solgreen-campeon-de-la-liga-iberdrola-de-vela-en-calpe\\\/#breadcrumb\"},\"inLanguage\":\"ca\",\"potentialAction\":[{\"@type\":\"ReadAction\",\"target\":[\"https:\\\/\\\/radiolitoral.com\\\/2025\\\/10\\\/el-solgreen-campeon-de-la-liga-iberdrola-de-vela-en-calpe\\\/\"]}]},{\"@type\":\"ImageObject\",\"inLanguage\":\"ca\",\"@id\":\"https:\\\/\\\/radiolitoral.com\\\/2025\\\/10\\\/el-solgreen-campeon-de-la-liga-iberdrola-de-vela-en-calpe\\\/#primaryimage\",\"url\":\"https:\\\/\\\/media.radiolitoral.com\\\/wp-content\\\/uploads\\\/2025\\\/10\\\/14103905\\\/Las-campeonas-celebran-su-titulo.jpg\",\"contentUrl\":\"https:\\\/\\\/media.radiolitoral.com\\\/wp-content\\\/uploads\\\/2025\\\/10\\\/14103905\\\/Las-campeonas-celebran-su-titulo.jpg\",\"width\":995,\"height\":700},{\"@type\":\"BreadcrumbList\",\"@id\":\"https:\\\/\\\/radiolitoral.com\\\/2025\\\/10\\\/el-solgreen-campeon-de-la-liga-iberdrola-de-vela-en-calpe\\\/#breadcrumb\",\"itemListElement\":[{\"@type\":\"ListItem\",\"position\":1,\"name\":\"Portada\",\"item\":\"https:\\\/\\\/radiolitoral.com\\\/\"},{\"@type\":\"ListItem\",\"position\":2,\"name\":\"El \u00abSolgreen\u00bb campe\u00f3n de la Liga Iberdrola de Vela en Calpe\"}]},{\"@type\":\"WebSite\",\"@id\":\"https:\\\/\\\/radiolitoral.com\\\/#website\",\"url\":\"https:\\\/\\\/radiolitoral.com\\\/\",\"name\":\"Radio Litoral\",\"description\":\"La radio local de la Marina Alta\",\"publisher\":{\"@id\":\"https:\\\/\\\/radiolitoral.com\\\/#organization\"},\"alternateName\":\"Litoral FM\",\"potentialAction\":[{\"@type\":\"SearchAction\",\"target\":{\"@type\":\"EntryPoint\",\"urlTemplate\":\"https:\\\/\\\/radiolitoral.com\\\/?s={search_term_string}\"},\"query-input\":{\"@type\":\"PropertyValueSpecification\",\"valueRequired\":true,\"valueName\":\"search_term_string\"}}],\"inLanguage\":\"ca\"},{\"@type\":\"Organization\",\"@id\":\"https:\\\/\\\/radiolitoral.com\\\/#organization\",\"name\":\"Radio Litoral\",\"url\":\"https:\\\/\\\/radiolitoral.com\\\/\",\"logo\":{\"@type\":\"ImageObject\",\"inLanguage\":\"ca\",\"@id\":\"https:\\\/\\\/radiolitoral.com\\\/#\\\/schema\\\/logo\\\/image\\\/\",\"url\":\"https:\\\/\\\/media.radiolitoral.com\\\/wp-content\\\/uploads\\\/2023\\\/02\\\/24143238\\\/CL-V-RadioLitoral696.png\",\"contentUrl\":\"https:\\\/\\\/media.radiolitoral.com\\\/wp-content\\\/uploads\\\/2023\\\/02\\\/24143238\\\/CL-V-RadioLitoral696.png\",\"width\":696,\"height\":696,\"caption\":\"Radio Litoral\"},\"image\":{\"@id\":\"https:\\\/\\\/radiolitoral.com\\\/#\\\/schema\\\/logo\\\/image\\\/\"},\"sameAs\":[\"https:\\\/\\\/www.facebook.com\\\/Laradiolitoral\\\/\"]},{\"@type\":\"Person\",\"@id\":\"https:\\\/\\\/radiolitoral.com\\\/#\\\/schema\\\/person\\\/7b1480b5caeb5acdd4ec6379caf62b22\",\"name\":\"Javier Zamora\",\"image\":{\"@type\":\"ImageObject\",\"inLanguage\":\"ca\",\"@id\":\"https:\\\/\\\/secure.gravatar.com\\\/avatar\\\/467a11f6918c7d619c4043fc6fa2d3853053107973f05b6e9c04ea6c4e3a7b3f?s=96&d=mm&r=g\",\"url\":\"https:\\\/\\\/secure.gravatar.com\\\/avatar\\\/467a11f6918c7d619c4043fc6fa2d3853053107973f05b6e9c04ea6c4e3a7b3f?s=96&d=mm&r=g\",\"contentUrl\":\"https:\\\/\\\/secure.gravatar.com\\\/avatar\\\/467a11f6918c7d619c4043fc6fa2d3853053107973f05b6e9c04ea6c4e3a7b3f?s=96&d=mm&r=g\",\"caption\":\"Javier Zamora\"},\"url\":\"https:\\\/\\\/radiolitoral.com\\\/ca\\\/author\\\/javier-zamora\\\/\"}]}<\/script>\n<!-- \/ Yoast SEO plugin. -->","yoast_head_json":{"title":"El &quot;Solgreen&quot; campi\u00f3 de la Lliga Iberdrola de Vela a Calp | R\u00e0dio Litoral","description":"L&#039;equip de la Reial Club N\u00e0utic Val\u00e8ncia i Club N\u00e0utic Arenal es va imposar en una jornada maratoniana de regates en aig\u00fces calpines L&#039;equip de la Reial Club N\u00e0utic Val\u00e8ncia i Club N\u00e0utic Arenal es va imposar en una jornada maratoniana de regates en aig\u00fces calpines","robots":{"index":"index","follow":"follow","max-snippet":"max-snippet:-1","max-image-preview":"max-image-preview:large","max-video-preview":"max-video-preview:-1"},"canonical":"https:\/\/radiolitoral.com\/ca\/2025\/10\/el-solgreen-campio-de-la-lliga-iberdrola-de-vela-a-calp\/","og_locale":"ca_ES","og_type":"article","og_title":"El \"Solgreen\" campe\u00f3n de la Liga Iberdrola de Vela en Calpe | R\u00e0dio Litoral","og_description":"El equipo de la Real Club N\u00e1utico Valencia y Club N\u00e1utico Arenal se impuso en una jornada maratoniana de regatas en aguas calpinasEl equipo de la Real Club N\u00e1utico Valencia y Club N\u00e1utico Arenal se impuso en una jornada maratoniana de regatas en aguas calpinas","og_url":"https:\/\/radiolitoral.com\/ca\/2025\/10\/el-solgreen-campio-de-la-lliga-iberdrola-de-vela-a-calp\/","og_site_name":"R\u00e0dio Litoral","article_publisher":"https:\/\/www.facebook.com\/Laradiolitoral\/","article_published_time":"2025-10-14T08:40:04+00:00","og_image":[{"width":995,"height":700,"url":"https:\/\/media.radiolitoral.com\/wp-content\/uploads\/2025\/10\/14103905\/Las-campeonas-celebran-su-titulo.jpg","type":"image\/jpeg"}],"author":"Javier Zamora","twitter_card":"summary_large_image","twitter_misc":{"Escrit per":"Javier Zamora","Temps estimat de lectura":"3 minuts"},"schema":{"@context":"https:\/\/schema.org","@graph":[{"@type":"NewsArticle","@id":"https:\/\/radiolitoral.com\/2025\/10\/el-solgreen-campeon-de-la-liga-iberdrola-de-vela-en-calpe\/#article","isPartOf":{"@id":"https:\/\/radiolitoral.com\/2025\/10\/el-solgreen-campeon-de-la-liga-iberdrola-de-vela-en-calpe\/"},"author":{"name":"Javier Zamora","@id":"https:\/\/radiolitoral.com\/#\/schema\/person\/7b1480b5caeb5acdd4ec6379caf62b22"},"headline":"El \u00abSolgreen\u00bb campe\u00f3n de la Liga Iberdrola de Vela en Calpe","datePublished":"2025-10-14T08:40:04+00:00","mainEntityOfPage":{"@id":"https:\/\/radiolitoral.com\/2025\/10\/el-solgreen-campeon-de-la-liga-iberdrola-de-vela-en-calpe\/"},"wordCount":394,"commentCount":0,"publisher":{"@id":"https:\/\/radiolitoral.com\/#organization"},"image":{"@id":"https:\/\/radiolitoral.com\/2025\/10\/el-solgreen-campeon-de-la-liga-iberdrola-de-vela-en-calpe\/#primaryimage"},"thumbnailUrl":"https:\/\/media.radiolitoral.com\/wp-content\/uploads\/2025\/10\/14103905\/Las-campeonas-celebran-su-titulo.jpg","keywords":["deportes","Elena de Tom\u00e1s","In\u00e9s Mart\u00edn-Urda","Joaqu\u00edn Gonz\u00e1lez Devesa","Magdalena Mart\u00ednez Ferrer","Real Club N\u00e1utico Calpe","Real Federaci\u00f3n Espa\u00f1ola de Vela","Sara Momplet"],"articleSection":["Deportes"],"inLanguage":"ca","potentialAction":[{"@type":"CommentAction","name":"Comment","target":["https:\/\/radiolitoral.com\/2025\/10\/el-solgreen-campeon-de-la-liga-iberdrola-de-vela-en-calpe\/#respond"]}]},{"@type":["WebPage","ItemPage"],"@id":"https:\/\/radiolitoral.com\/2025\/10\/el-solgreen-campeon-de-la-liga-iberdrola-de-vela-en-calpe\/","url":"https:\/\/radiolitoral.com\/2025\/10\/el-solgreen-campeon-de-la-liga-iberdrola-de-vela-en-calpe\/","name":"El &quot;Solgreen&quot; campi\u00f3 de la Lliga Iberdrola de Vela a Calp | R\u00e0dio Litoral","isPartOf":{"@id":"https:\/\/radiolitoral.com\/#website"},"primaryImageOfPage":{"@id":"https:\/\/radiolitoral.com\/2025\/10\/el-solgreen-campeon-de-la-liga-iberdrola-de-vela-en-calpe\/#primaryimage"},"image":{"@id":"https:\/\/radiolitoral.com\/2025\/10\/el-solgreen-campeon-de-la-liga-iberdrola-de-vela-en-calpe\/#primaryimage"},"thumbnailUrl":"https:\/\/media.radiolitoral.com\/wp-content\/uploads\/2025\/10\/14103905\/Las-campeonas-celebran-su-titulo.jpg","datePublished":"2025-10-14T08:40:04+00:00","description":"L&#039;equip de la Reial Club N\u00e0utic Val\u00e8ncia i Club N\u00e0utic Arenal es va imposar en una jornada maratoniana de regates en aig\u00fces calpines L&#039;equip de la Reial Club N\u00e0utic Val\u00e8ncia i Club N\u00e0utic Arenal es va imposar en una jornada maratoniana de regates en aig\u00fces calpines","breadcrumb":{"@id":"https:\/\/radiolitoral.com\/2025\/10\/el-solgreen-campeon-de-la-liga-iberdrola-de-vela-en-calpe\/#breadcrumb"},"inLanguage":"ca","potentialAction":[{"@type":"ReadAction","target":["https:\/\/radiolitoral.com\/2025\/10\/el-solgreen-campeon-de-la-liga-iberdrola-de-vela-en-calpe\/"]}]},{"@type":"ImageObject","inLanguage":"ca","@id":"https:\/\/radiolitoral.com\/2025\/10\/el-solgreen-campeon-de-la-liga-iberdrola-de-vela-en-calpe\/#primaryimage","url":"https:\/\/media.radiolitoral.com\/wp-content\/uploads\/2025\/10\/14103905\/Las-campeonas-celebran-su-titulo.jpg","contentUrl":"https:\/\/media.radiolitoral.com\/wp-content\/uploads\/2025\/10\/14103905\/Las-campeonas-celebran-su-titulo.jpg","width":995,"height":700},{"@type":"BreadcrumbList","@id":"https:\/\/radiolitoral.com\/2025\/10\/el-solgreen-campeon-de-la-liga-iberdrola-de-vela-en-calpe\/#breadcrumb","itemListElement":[{"@type":"ListItem","position":1,"name":"Portada","item":"https:\/\/radiolitoral.com\/"},{"@type":"ListItem","position":2,"name":"El \u00abSolgreen\u00bb campe\u00f3n de la Liga Iberdrola de Vela en Calpe"}]},{"@type":"WebSite","@id":"https:\/\/radiolitoral.com\/#website","url":"https:\/\/radiolitoral.com\/","name":"R\u00e0dio Litoral","description":"La r\u00e0dio local de la Marina Alta","publisher":{"@id":"https:\/\/radiolitoral.com\/#organization"},"alternateName":"Litoral FM","potentialAction":[{"@type":"SearchAction","target":{"@type":"EntryPoint","urlTemplate":"https:\/\/radiolitoral.com\/?s={search_term_string}"},"query-input":{"@type":"PropertyValueSpecification","valueRequired":true,"valueName":"search_term_string"}}],"inLanguage":"ca"},{"@type":"Organization","@id":"https:\/\/radiolitoral.com\/#organization","name":"R\u00e0dio Litoral","url":"https:\/\/radiolitoral.com\/","logo":{"@type":"ImageObject","inLanguage":"ca","@id":"https:\/\/radiolitoral.com\/#\/schema\/logo\/image\/","url":"https:\/\/media.radiolitoral.com\/wp-content\/uploads\/2023\/02\/24143238\/CL-V-RadioLitoral696.png","contentUrl":"https:\/\/media.radiolitoral.com\/wp-content\/uploads\/2023\/02\/24143238\/CL-V-RadioLitoral696.png","width":696,"height":696,"caption":"Radio Litoral"},"image":{"@id":"https:\/\/radiolitoral.com\/#\/schema\/logo\/image\/"},"sameAs":["https:\/\/www.facebook.com\/Laradiolitoral\/"]},{"@type":"Person","@id":"https:\/\/radiolitoral.com\/#\/schema\/person\/7b1480b5caeb5acdd4ec6379caf62b22","name":"Javier Zamora","image":{"@type":"ImageObject","inLanguage":"ca","@id":"https:\/\/secure.gravatar.com\/avatar\/467a11f6918c7d619c4043fc6fa2d3853053107973f05b6e9c04ea6c4e3a7b3f?s=96&d=mm&r=g","url":"https:\/\/secure.gravatar.com\/avatar\/467a11f6918c7d619c4043fc6fa2d3853053107973f05b6e9c04ea6c4e3a7b3f?s=96&d=mm&r=g","contentUrl":"https:\/\/secure.gravatar.com\/avatar\/467a11f6918c7d619c4043fc6fa2d3853053107973f05b6e9c04ea6c4e3a7b3f?s=96&d=mm&r=g","caption":"Javier Zamora"},"url":"https:\/\/radiolitoral.com\/ca\/author\/javier-zamora\/"}]}},"_links":{"self":[{"href":"https:\/\/radiolitoral.com\/ca\/wp-json\/wp\/v2\/posts\/18893","targetHints":{"allow":["GET"]}}],"collection":[{"href":"https:\/\/radiolitoral.com\/ca\/wp-json\/wp\/v2\/posts"}],"about":[{"href":"https:\/\/radiolitoral.com\/ca\/wp-json\/wp\/v2\/types\/post"}],"author":[{"embeddable":true,"href":"https:\/\/radiolitoral.com\/ca\/wp-json\/wp\/v2\/users\/12"}],"replies":[{"embeddable":true,"href":"https:\/\/radiolitoral.com\/ca\/wp-json\/wp\/v2\/comments?post=18893"}],"version-history":[{"count":2,"href":"https:\/\/radiolitoral.com\/ca\/wp-json\/wp\/v2\/posts\/18893\/revisions"}],"predecessor-version":[{"id":18897,"href":"https:\/\/radiolitoral.com\/ca\/wp-json\/wp\/v2\/posts\/18893\/revisions\/18897"}],"wp:featuredmedia":[{"embeddable":true,"href":"https:\/\/radiolitoral.com\/ca\/wp-json\/wp\/v2\/media\/18894"}],"wp:attachment":[{"href":"https:\/\/radiolitoral.com\/ca\/wp-json\/wp\/v2\/media?parent=18893"}],"wp:term":[{"taxonomy":"category","embeddable":true,"href":"https:\/\/radiolitoral.com\/ca\/wp-json\/wp\/v2\/categories?post=18893"},{"taxonomy":"post_tag","embeddable":true,"href":"https:\/\/radiolitoral.com\/ca\/wp-json\/wp\/v2\/tags?post=18893"}],"curies":[{"name":"wp","href":"https:\/\/api.w.org\/{rel}","templated":true}]}}