{"id":18851,"date":"2025-10-08T19:20:57","date_gmt":"2025-10-08T17:20:57","guid":{"rendered":"https:\/\/radiolitoral.com\/?p=18851"},"modified":"2025-10-08T19:22:08","modified_gmt":"2025-10-08T17:22:08","slug":"la-nostra-copa-suspesa-pel-mal-temps","status":"publish","type":"post","link":"https:\/\/radiolitoral.com\/ca\/2025\/10\/la-nostra-copa-suspendida-por-el-mal-tiempo\/","title":{"rendered":"La nostra Copa suspesa pel mal temps"},"content":{"rendered":"<p>La\u00a0<strong>Federaci\u00f3 de Futbol de la Comunitat Valenciana<\/strong>\u00a0informa de la suspensi\u00f3 de tots els partits programats per dijous, 9 d&#039;octubre, festivitat de la\u00a0<strong>Comunitat Valenciana<\/strong>, a les prov\u00edncies de\u00a0<strong>Val\u00e8ncia<\/strong>\u00a0i\u00a0<strong>Alacant<\/strong>\u00a0amb motiu de l&#039;alerta taronja decretada per\u00a0<strong>AEMET<\/strong>.<\/p>\n<p>La suspensi\u00f3 afecta eliminat\u00f2ries de\u00a0<strong>La nostra Copa -masculina i valenta-<\/strong>, trobades ajornades de jornades anteriors i altres avan\u00e7ats a la jornada del cap de setmana.<\/p>\n<p>Els partits de\u00a0<strong>categoria nacional organitzats per FFCV<\/strong>\u00a0tamb\u00e9 queden suspesos dem\u00e0 en aquestes dues prov\u00edncies.<\/p>\n<p><script src=\"chrome-extension:\/\/flbolonkboilcbnohjlchlfgdalomdpl\/iFrame.js\" type=\"text\/javascript\"><\/script><\/p>\n<p><script src=\"chrome-extension:\/\/flbolonkboilcbnohjlchlfgdalomdpl\/iFrame.js\" type=\"text\/javascript\"><\/script><\/p>","protected":false},"excerpt":{"rendered":"<p>La\u00a0Federaci\u00f3 de Futbol de la Comunitat Valenciana\u00a0informa de la suspensi\u00f3n de todos los partidos programados para el jueves, 9 de octubre, festividad de la\u00a0Comunitat Valenciana, en las provincias de\u00a0Valencia\u00a0y\u00a0Alicante\u00a0con motivo de la alerta naranja decretada por\u00a0AEMET. La suspensi\u00f3n afecta a eliminatorias de\u00a0La Nostra Copa -masculina y Valenta-, encuentros aplazados de jornadas anteriores y otros adelantados [&#8230;]<\/p>\n<p><a class=\"btn btn-secondary understrap-read-more-link\" href=\"https:\/\/radiolitoral.com\/ca\/2025\/10\/la-nostra-copa-suspendida-por-el-mal-tiempo\/\">Continua llegint&#8230;<span class=\"screen-reader-text\"> from La Nostra Copa suspendida por el mal tiempo<\/span><\/a><\/p>\n","protected":false},"author":12,"featured_media":18855,"comment_status":"open","ping_status":"closed","sticky":false,"template":"","format":"standard","meta":{"_acf_changed":false,"inline_featured_image":false,"footnotes":""},"categories":[5],"tags":[6,4208],"class_list":["post-18851","post","type-post","status-publish","format-standard","has-post-thumbnail","hentry","category-deportes","tag-deportes","tag-federacion-de-futbol-de-la-comunitat-valenciana","cobertura-marina-alta"],"acf":[],"yoast_head":"<!-- This site is optimized with the Yoast SEO plugin v27.5 - https:\/\/yoast.com\/product\/yoast-seo-wordpress\/ -->\n<title>La Nostra Copa suspendida por el mal tiempo | R\u00e0dio Litoral<\/title>\n<meta name=\"description\" content=\"La Federaci\u00f3n de F\u00fatbol de la Comunidad Valenciana ha optado por suspender la jornada en Valencia y Alicante por la alerta naranja La Federaci\u00f3n de F\u00fatbol de la Comunidad Valenciana ha optado por suspender la jornada en Valencia y Alicante por la alerta naranja\" \/>\n<meta name=\"robots\" content=\"index, follow, max-snippet:-1, max-image-preview:large, max-video-preview:-1\" \/>\n<link rel=\"canonical\" href=\"https:\/\/radiolitoral.com\/ca\/2025\/10\/la-nostra-copa-suspesa-pel-mal-temps\/\" \/>\n<meta property=\"og:locale\" content=\"ca_ES\" \/>\n<meta property=\"og:type\" content=\"article\" \/>\n<meta property=\"og:title\" content=\"La Nostra Copa suspendida por el mal tiempo | R\u00e0dio Litoral\" \/>\n<meta property=\"og:description\" content=\"La Federaci\u00f3n de F\u00fatbol de la Comunidad Valenciana ha optado por suspender la jornada en Valencia y Alicante por la alerta naranja La Federaci\u00f3n de F\u00fatbol de la Comunidad Valenciana ha optado por suspender la jornada en Valencia y Alicante por la alerta naranja\" \/>\n<meta property=\"og:url\" content=\"https:\/\/radiolitoral.com\/ca\/2025\/10\/la-nostra-copa-suspesa-pel-mal-temps\/\" \/>\n<meta property=\"og:site_name\" content=\"R\u00e0dio Litoral\" \/>\n<meta property=\"article:publisher\" content=\"https:\/\/www.facebook.com\/Laradiolitoral\/\" \/>\n<meta property=\"article:published_time\" content=\"2025-10-08T17:20:57+00:00\" \/>\n<meta property=\"article:modified_time\" content=\"2025-10-08T17:22:08+00:00\" \/>\n<meta property=\"og:image\" content=\"https:\/\/media.radiolitoral.com\/wp-content\/uploads\/2025\/10\/08192156\/DSC_0357-scaled.jpg\" \/>\n\t<meta property=\"og:image:width\" content=\"2560\" \/>\n\t<meta property=\"og:image:height\" content=\"1651\" \/>\n\t<meta property=\"og:image:type\" content=\"image\/jpeg\" \/>\n<meta name=\"author\" content=\"Javier Zamora\" \/>\n<meta name=\"twitter:card\" content=\"summary_large_image\" \/>\n<meta name=\"twitter:label1\" content=\"Escrit per\" \/>\n\t<meta name=\"twitter:data1\" content=\"Javier Zamora\" \/>\n\t<meta name=\"twitter:label2\" content=\"Temps estimat de lectura\" \/>\n\t<meta name=\"twitter:data2\" content=\"1 minut\" \/>\n<script type=\"application\/ld+json\" class=\"yoast-schema-graph\">{\"@context\":\"https:\\\/\\\/schema.org\",\"@graph\":[{\"@type\":\"NewsArticle\",\"@id\":\"https:\\\/\\\/radiolitoral.com\\\/2025\\\/10\\\/la-nostra-copa-suspendida-por-el-mal-tiempo\\\/#article\",\"isPartOf\":{\"@id\":\"https:\\\/\\\/radiolitoral.com\\\/2025\\\/10\\\/la-nostra-copa-suspendida-por-el-mal-tiempo\\\/\"},\"author\":{\"name\":\"Javier Zamora\",\"@id\":\"https:\\\/\\\/radiolitoral.com\\\/#\\\/schema\\\/person\\\/7b1480b5caeb5acdd4ec6379caf62b22\"},\"headline\":\"La Nostra Copa suspendida por el mal tiempo\",\"datePublished\":\"2025-10-08T17:20:57+00:00\",\"dateModified\":\"2025-10-08T17:22:08+00:00\",\"mainEntityOfPage\":{\"@id\":\"https:\\\/\\\/radiolitoral.com\\\/2025\\\/10\\\/la-nostra-copa-suspendida-por-el-mal-tiempo\\\/\"},\"wordCount\":99,\"commentCount\":0,\"publisher\":{\"@id\":\"https:\\\/\\\/radiolitoral.com\\\/#organization\"},\"image\":{\"@id\":\"https:\\\/\\\/radiolitoral.com\\\/2025\\\/10\\\/la-nostra-copa-suspendida-por-el-mal-tiempo\\\/#primaryimage\"},\"thumbnailUrl\":\"https:\\\/\\\/media.radiolitoral.com\\\/wp-content\\\/uploads\\\/2025\\\/10\\\/08192156\\\/DSC_0357-scaled.jpg\",\"keywords\":[\"deportes\",\"Federaci\u00f3n de Futbol de la Comunitat Valenciana\"],\"articleSection\":[\"Deportes\"],\"inLanguage\":\"ca\",\"potentialAction\":[{\"@type\":\"CommentAction\",\"name\":\"Comment\",\"target\":[\"https:\\\/\\\/radiolitoral.com\\\/2025\\\/10\\\/la-nostra-copa-suspendida-por-el-mal-tiempo\\\/#respond\"]}]},{\"@type\":[\"WebPage\",\"ItemPage\"],\"@id\":\"https:\\\/\\\/radiolitoral.com\\\/2025\\\/10\\\/la-nostra-copa-suspendida-por-el-mal-tiempo\\\/\",\"url\":\"https:\\\/\\\/radiolitoral.com\\\/2025\\\/10\\\/la-nostra-copa-suspendida-por-el-mal-tiempo\\\/\",\"name\":\"La Nostra Copa suspendida por el mal tiempo | R\u00e0dio Litoral\",\"isPartOf\":{\"@id\":\"https:\\\/\\\/radiolitoral.com\\\/#website\"},\"primaryImageOfPage\":{\"@id\":\"https:\\\/\\\/radiolitoral.com\\\/2025\\\/10\\\/la-nostra-copa-suspendida-por-el-mal-tiempo\\\/#primaryimage\"},\"image\":{\"@id\":\"https:\\\/\\\/radiolitoral.com\\\/2025\\\/10\\\/la-nostra-copa-suspendida-por-el-mal-tiempo\\\/#primaryimage\"},\"thumbnailUrl\":\"https:\\\/\\\/media.radiolitoral.com\\\/wp-content\\\/uploads\\\/2025\\\/10\\\/08192156\\\/DSC_0357-scaled.jpg\",\"datePublished\":\"2025-10-08T17:20:57+00:00\",\"dateModified\":\"2025-10-08T17:22:08+00:00\",\"description\":\"La Federaci\u00f3n de F\u00fatbol de la Comunidad Valenciana ha optado por suspender la jornada en Valencia y Alicante por la alerta naranja La Federaci\u00f3n de F\u00fatbol de la Comunidad Valenciana ha optado por suspender la jornada en Valencia y Alicante por la alerta naranja\",\"breadcrumb\":{\"@id\":\"https:\\\/\\\/radiolitoral.com\\\/2025\\\/10\\\/la-nostra-copa-suspendida-por-el-mal-tiempo\\\/#breadcrumb\"},\"inLanguage\":\"ca\",\"potentialAction\":[{\"@type\":\"ReadAction\",\"target\":[\"https:\\\/\\\/radiolitoral.com\\\/2025\\\/10\\\/la-nostra-copa-suspendida-por-el-mal-tiempo\\\/\"]}]},{\"@type\":\"ImageObject\",\"inLanguage\":\"ca\",\"@id\":\"https:\\\/\\\/radiolitoral.com\\\/2025\\\/10\\\/la-nostra-copa-suspendida-por-el-mal-tiempo\\\/#primaryimage\",\"url\":\"https:\\\/\\\/media.radiolitoral.com\\\/wp-content\\\/uploads\\\/2025\\\/10\\\/08192156\\\/DSC_0357-scaled.jpg\",\"contentUrl\":\"https:\\\/\\\/media.radiolitoral.com\\\/wp-content\\\/uploads\\\/2025\\\/10\\\/08192156\\\/DSC_0357-scaled.jpg\",\"width\":2560,\"height\":1651},{\"@type\":\"BreadcrumbList\",\"@id\":\"https:\\\/\\\/radiolitoral.com\\\/2025\\\/10\\\/la-nostra-copa-suspendida-por-el-mal-tiempo\\\/#breadcrumb\",\"itemListElement\":[{\"@type\":\"ListItem\",\"position\":1,\"name\":\"Portada\",\"item\":\"https:\\\/\\\/radiolitoral.com\\\/\"},{\"@type\":\"ListItem\",\"position\":2,\"name\":\"La Nostra Copa suspendida por el mal tiempo\"}]},{\"@type\":\"WebSite\",\"@id\":\"https:\\\/\\\/radiolitoral.com\\\/#website\",\"url\":\"https:\\\/\\\/radiolitoral.com\\\/\",\"name\":\"Radio Litoral\",\"description\":\"La radio local de la Marina Alta\",\"publisher\":{\"@id\":\"https:\\\/\\\/radiolitoral.com\\\/#organization\"},\"alternateName\":\"Litoral FM\",\"potentialAction\":[{\"@type\":\"SearchAction\",\"target\":{\"@type\":\"EntryPoint\",\"urlTemplate\":\"https:\\\/\\\/radiolitoral.com\\\/?s={search_term_string}\"},\"query-input\":{\"@type\":\"PropertyValueSpecification\",\"valueRequired\":true,\"valueName\":\"search_term_string\"}}],\"inLanguage\":\"ca\"},{\"@type\":\"Organization\",\"@id\":\"https:\\\/\\\/radiolitoral.com\\\/#organization\",\"name\":\"Radio Litoral\",\"url\":\"https:\\\/\\\/radiolitoral.com\\\/\",\"logo\":{\"@type\":\"ImageObject\",\"inLanguage\":\"ca\",\"@id\":\"https:\\\/\\\/radiolitoral.com\\\/#\\\/schema\\\/logo\\\/image\\\/\",\"url\":\"https:\\\/\\\/media.radiolitoral.com\\\/wp-content\\\/uploads\\\/2023\\\/02\\\/24143238\\\/CL-V-RadioLitoral696.png\",\"contentUrl\":\"https:\\\/\\\/media.radiolitoral.com\\\/wp-content\\\/uploads\\\/2023\\\/02\\\/24143238\\\/CL-V-RadioLitoral696.png\",\"width\":696,\"height\":696,\"caption\":\"Radio Litoral\"},\"image\":{\"@id\":\"https:\\\/\\\/radiolitoral.com\\\/#\\\/schema\\\/logo\\\/image\\\/\"},\"sameAs\":[\"https:\\\/\\\/www.facebook.com\\\/Laradiolitoral\\\/\"]},{\"@type\":\"Person\",\"@id\":\"https:\\\/\\\/radiolitoral.com\\\/#\\\/schema\\\/person\\\/7b1480b5caeb5acdd4ec6379caf62b22\",\"name\":\"Javier Zamora\",\"image\":{\"@type\":\"ImageObject\",\"inLanguage\":\"ca\",\"@id\":\"https:\\\/\\\/secure.gravatar.com\\\/avatar\\\/467a11f6918c7d619c4043fc6fa2d3853053107973f05b6e9c04ea6c4e3a7b3f?s=96&d=mm&r=g\",\"url\":\"https:\\\/\\\/secure.gravatar.com\\\/avatar\\\/467a11f6918c7d619c4043fc6fa2d3853053107973f05b6e9c04ea6c4e3a7b3f?s=96&d=mm&r=g\",\"contentUrl\":\"https:\\\/\\\/secure.gravatar.com\\\/avatar\\\/467a11f6918c7d619c4043fc6fa2d3853053107973f05b6e9c04ea6c4e3a7b3f?s=96&d=mm&r=g\",\"caption\":\"Javier Zamora\"},\"url\":\"https:\\\/\\\/radiolitoral.com\\\/ca\\\/author\\\/javier-zamora\\\/\"}]}<\/script>\n<!-- \/ Yoast SEO plugin. -->","yoast_head_json":{"title":"La Nostra Copa suspesa pel mal temps | R\u00e0dio Litoral","description":"La Federaci\u00f3 de Futbol de la Comunitat Valenciana ha optat per suspendre la jornada a Val\u00e8ncia i Alacant per l&#039;alerta taronja La Federaci\u00f3 de Futbol de la Comunitat Valenciana ha optat per suspendre la jornada a Val\u00e8ncia i Alacant per l&#039;alerta taronja","robots":{"index":"index","follow":"follow","max-snippet":"max-snippet:-1","max-image-preview":"max-image-preview:large","max-video-preview":"max-video-preview:-1"},"canonical":"https:\/\/radiolitoral.com\/ca\/2025\/10\/la-nostra-copa-suspesa-pel-mal-temps\/","og_locale":"ca_ES","og_type":"article","og_title":"La Nostra Copa suspendida por el mal tiempo | R\u00e0dio Litoral","og_description":"La Federaci\u00f3n de F\u00fatbol de la Comunidad Valenciana ha optado por suspender la jornada en Valencia y Alicante por la alerta naranja La Federaci\u00f3n de F\u00fatbol de la Comunidad Valenciana ha optado por suspender la jornada en Valencia y Alicante por la alerta naranja","og_url":"https:\/\/radiolitoral.com\/ca\/2025\/10\/la-nostra-copa-suspesa-pel-mal-temps\/","og_site_name":"R\u00e0dio Litoral","article_publisher":"https:\/\/www.facebook.com\/Laradiolitoral\/","article_published_time":"2025-10-08T17:20:57+00:00","article_modified_time":"2025-10-08T17:22:08+00:00","og_image":[{"width":2560,"height":1651,"url":"https:\/\/media.radiolitoral.com\/wp-content\/uploads\/2025\/10\/08192156\/DSC_0357-scaled.jpg","type":"image\/jpeg"}],"author":"Javier Zamora","twitter_card":"summary_large_image","twitter_misc":{"Escrit per":"Javier Zamora","Temps estimat de lectura":"1 minut"},"schema":{"@context":"https:\/\/schema.org","@graph":[{"@type":"NewsArticle","@id":"https:\/\/radiolitoral.com\/2025\/10\/la-nostra-copa-suspendida-por-el-mal-tiempo\/#article","isPartOf":{"@id":"https:\/\/radiolitoral.com\/2025\/10\/la-nostra-copa-suspendida-por-el-mal-tiempo\/"},"author":{"name":"Javier Zamora","@id":"https:\/\/radiolitoral.com\/#\/schema\/person\/7b1480b5caeb5acdd4ec6379caf62b22"},"headline":"La Nostra Copa suspendida por el mal tiempo","datePublished":"2025-10-08T17:20:57+00:00","dateModified":"2025-10-08T17:22:08+00:00","mainEntityOfPage":{"@id":"https:\/\/radiolitoral.com\/2025\/10\/la-nostra-copa-suspendida-por-el-mal-tiempo\/"},"wordCount":99,"commentCount":0,"publisher":{"@id":"https:\/\/radiolitoral.com\/#organization"},"image":{"@id":"https:\/\/radiolitoral.com\/2025\/10\/la-nostra-copa-suspendida-por-el-mal-tiempo\/#primaryimage"},"thumbnailUrl":"https:\/\/media.radiolitoral.com\/wp-content\/uploads\/2025\/10\/08192156\/DSC_0357-scaled.jpg","keywords":["deportes","Federaci\u00f3n de Futbol de la Comunitat Valenciana"],"articleSection":["Deportes"],"inLanguage":"ca","potentialAction":[{"@type":"CommentAction","name":"Comment","target":["https:\/\/radiolitoral.com\/2025\/10\/la-nostra-copa-suspendida-por-el-mal-tiempo\/#respond"]}]},{"@type":["WebPage","ItemPage"],"@id":"https:\/\/radiolitoral.com\/2025\/10\/la-nostra-copa-suspendida-por-el-mal-tiempo\/","url":"https:\/\/radiolitoral.com\/2025\/10\/la-nostra-copa-suspendida-por-el-mal-tiempo\/","name":"La Nostra Copa suspesa pel mal temps | R\u00e0dio Litoral","isPartOf":{"@id":"https:\/\/radiolitoral.com\/#website"},"primaryImageOfPage":{"@id":"https:\/\/radiolitoral.com\/2025\/10\/la-nostra-copa-suspendida-por-el-mal-tiempo\/#primaryimage"},"image":{"@id":"https:\/\/radiolitoral.com\/2025\/10\/la-nostra-copa-suspendida-por-el-mal-tiempo\/#primaryimage"},"thumbnailUrl":"https:\/\/media.radiolitoral.com\/wp-content\/uploads\/2025\/10\/08192156\/DSC_0357-scaled.jpg","datePublished":"2025-10-08T17:20:57+00:00","dateModified":"2025-10-08T17:22:08+00:00","description":"La Federaci\u00f3 de Futbol de la Comunitat Valenciana ha optat per suspendre la jornada a Val\u00e8ncia i Alacant per l&#039;alerta taronja La Federaci\u00f3 de Futbol de la Comunitat Valenciana ha optat per suspendre la jornada a Val\u00e8ncia i Alacant per l&#039;alerta taronja","breadcrumb":{"@id":"https:\/\/radiolitoral.com\/2025\/10\/la-nostra-copa-suspendida-por-el-mal-tiempo\/#breadcrumb"},"inLanguage":"ca","potentialAction":[{"@type":"ReadAction","target":["https:\/\/radiolitoral.com\/2025\/10\/la-nostra-copa-suspendida-por-el-mal-tiempo\/"]}]},{"@type":"ImageObject","inLanguage":"ca","@id":"https:\/\/radiolitoral.com\/2025\/10\/la-nostra-copa-suspendida-por-el-mal-tiempo\/#primaryimage","url":"https:\/\/media.radiolitoral.com\/wp-content\/uploads\/2025\/10\/08192156\/DSC_0357-scaled.jpg","contentUrl":"https:\/\/media.radiolitoral.com\/wp-content\/uploads\/2025\/10\/08192156\/DSC_0357-scaled.jpg","width":2560,"height":1651},{"@type":"BreadcrumbList","@id":"https:\/\/radiolitoral.com\/2025\/10\/la-nostra-copa-suspendida-por-el-mal-tiempo\/#breadcrumb","itemListElement":[{"@type":"ListItem","position":1,"name":"Portada","item":"https:\/\/radiolitoral.com\/"},{"@type":"ListItem","position":2,"name":"La Nostra Copa suspendida por el mal tiempo"}]},{"@type":"WebSite","@id":"https:\/\/radiolitoral.com\/#website","url":"https:\/\/radiolitoral.com\/","name":"R\u00e0dio Litoral","description":"La r\u00e0dio local de la Marina Alta","publisher":{"@id":"https:\/\/radiolitoral.com\/#organization"},"alternateName":"Litoral FM","potentialAction":[{"@type":"SearchAction","target":{"@type":"EntryPoint","urlTemplate":"https:\/\/radiolitoral.com\/?s={search_term_string}"},"query-input":{"@type":"PropertyValueSpecification","valueRequired":true,"valueName":"search_term_string"}}],"inLanguage":"ca"},{"@type":"Organization","@id":"https:\/\/radiolitoral.com\/#organization","name":"R\u00e0dio Litoral","url":"https:\/\/radiolitoral.com\/","logo":{"@type":"ImageObject","inLanguage":"ca","@id":"https:\/\/radiolitoral.com\/#\/schema\/logo\/image\/","url":"https:\/\/media.radiolitoral.com\/wp-content\/uploads\/2023\/02\/24143238\/CL-V-RadioLitoral696.png","contentUrl":"https:\/\/media.radiolitoral.com\/wp-content\/uploads\/2023\/02\/24143238\/CL-V-RadioLitoral696.png","width":696,"height":696,"caption":"Radio Litoral"},"image":{"@id":"https:\/\/radiolitoral.com\/#\/schema\/logo\/image\/"},"sameAs":["https:\/\/www.facebook.com\/Laradiolitoral\/"]},{"@type":"Person","@id":"https:\/\/radiolitoral.com\/#\/schema\/person\/7b1480b5caeb5acdd4ec6379caf62b22","name":"Javier Zamora","image":{"@type":"ImageObject","inLanguage":"ca","@id":"https:\/\/secure.gravatar.com\/avatar\/467a11f6918c7d619c4043fc6fa2d3853053107973f05b6e9c04ea6c4e3a7b3f?s=96&d=mm&r=g","url":"https:\/\/secure.gravatar.com\/avatar\/467a11f6918c7d619c4043fc6fa2d3853053107973f05b6e9c04ea6c4e3a7b3f?s=96&d=mm&r=g","contentUrl":"https:\/\/secure.gravatar.com\/avatar\/467a11f6918c7d619c4043fc6fa2d3853053107973f05b6e9c04ea6c4e3a7b3f?s=96&d=mm&r=g","caption":"Javier Zamora"},"url":"https:\/\/radiolitoral.com\/ca\/author\/javier-zamora\/"}]}},"_links":{"self":[{"href":"https:\/\/radiolitoral.com\/ca\/wp-json\/wp\/v2\/posts\/18851","targetHints":{"allow":["GET"]}}],"collection":[{"href":"https:\/\/radiolitoral.com\/ca\/wp-json\/wp\/v2\/posts"}],"about":[{"href":"https:\/\/radiolitoral.com\/ca\/wp-json\/wp\/v2\/types\/post"}],"author":[{"embeddable":true,"href":"https:\/\/radiolitoral.com\/ca\/wp-json\/wp\/v2\/users\/12"}],"replies":[{"embeddable":true,"href":"https:\/\/radiolitoral.com\/ca\/wp-json\/wp\/v2\/comments?post=18851"}],"version-history":[{"count":3,"href":"https:\/\/radiolitoral.com\/ca\/wp-json\/wp\/v2\/posts\/18851\/revisions"}],"predecessor-version":[{"id":18856,"href":"https:\/\/radiolitoral.com\/ca\/wp-json\/wp\/v2\/posts\/18851\/revisions\/18856"}],"wp:featuredmedia":[{"embeddable":true,"href":"https:\/\/radiolitoral.com\/ca\/wp-json\/wp\/v2\/media\/18855"}],"wp:attachment":[{"href":"https:\/\/radiolitoral.com\/ca\/wp-json\/wp\/v2\/media?parent=18851"}],"wp:term":[{"taxonomy":"category","embeddable":true,"href":"https:\/\/radiolitoral.com\/ca\/wp-json\/wp\/v2\/categories?post=18851"},{"taxonomy":"post_tag","embeddable":true,"href":"https:\/\/radiolitoral.com\/ca\/wp-json\/wp\/v2\/tags?post=18851"}],"curies":[{"name":"wp","href":"https:\/\/api.w.org\/{rel}","templated":true}]}}