{"id":18837,"date":"2025-10-08T12:22:53","date_gmt":"2025-10-08T10:22:53","guid":{"rendered":"https:\/\/radiolitoral.com\/?p=18837"},"modified":"2025-10-08T12:24:22","modified_gmt":"2025-10-08T10:24:22","slug":"un-or-i-quatre-bronzes-per-al-cg-les-marines-de-calp","status":"publish","type":"post","link":"https:\/\/radiolitoral.com\/ca\/2025\/10\/un-oro-y-cuatro-bronces-para-el-cg-les-marines-de-calp\/","title":{"rendered":"Un or i quatre bronzes per al CG Les Marines de Calp"},"content":{"rendered":"<p>El dissabte 4 d&#039;octubre comen\u00e7ava la temporada de manera oficial amb el <strong>provincial base de conjunts<\/strong>, el <strong>Club Gimn\u00e0stica Les Marines de Calp<\/strong> presentava 31 gimnastes repartides en les categories prebenjam\u00ed, benjam\u00ed, alev\u00ed, infantil, cadet i juvenil. Sent aix\u00ed un dels clubs amb m\u00e9s representaci\u00f3 de la Comunitat Valenciana.<\/p>\n<p>Durant aquesta fase provincial es repartien 20 places per categoria per passar a l&#039;auton\u00f2mic, la competici\u00f3 comen\u00e7ava amb la categoria cadet i juvenil. Ambd\u00f3s conjunts del club calp\u00ed van defensar el treball malgrat els nervis que suposa aquesta competici\u00f3, malgrat alguns errors ambd\u00f3s conjunts van aconseguir penjar-se la medalla de bronze i proclamar-se terceres provincials, aix\u00ed es classifiquen per a la fase auton\u00f2mica.<\/p>\n<h4>Conjunt benjam\u00ed, campi\u00f3 provincial<\/h4>\n<p>El mat\u00ed va continuar amb els conjunts m\u00e9s petits, el prebenjam\u00ed i benjam\u00ed. Dues actuacions netes, sense grans errors i amb la simpatia que caracteritza les m\u00e9s petites del club. El conjunt benjam\u00ed va aconseguir ser el millor de la seva categoria i proclamar-se campi\u00f3 provincial. Mentre el prebenjam\u00ed es va proclamar tercer provincial.<\/p>\n<figure id=\"attachment_18839\" aria-describedby=\"caption-attachment-18839\" style=\"width: 2560px\" class=\"wp-caption alignnone\"><img loading=\"lazy\" decoding=\"async\" class=\"wp-image-18839 size-full\" src=\"https:\/\/media.radiolitoral.com\/wp-content\/uploads\/2025\/10\/08121623\/ALEVIN-E-INFANTIL-1-scaled.jpg\" alt=\"\" width=\"2560\" height=\"1986\" srcset=\"https:\/\/media.radiolitoral.com\/wp-content\/uploads\/2025\/10\/08121623\/ALEVIN-E-INFANTIL-1-scaled.jpg 2560w, https:\/\/media.radiolitoral.com\/wp-content\/uploads\/2025\/10\/08121623\/ALEVIN-E-INFANTIL-1-300x233.jpg 300w, https:\/\/media.radiolitoral.com\/wp-content\/uploads\/2025\/10\/08121623\/ALEVIN-E-INFANTIL-1-1024x794.jpg 1024w, https:\/\/media.radiolitoral.com\/wp-content\/uploads\/2025\/10\/08121623\/ALEVIN-E-INFANTIL-1-768x596.jpg 768w, https:\/\/media.radiolitoral.com\/wp-content\/uploads\/2025\/10\/08121623\/ALEVIN-E-INFANTIL-1-1536x1192.jpg 1536w, https:\/\/media.radiolitoral.com\/wp-content\/uploads\/2025\/10\/08121623\/ALEVIN-E-INFANTIL-1-2048x1589.jpg 2048w, https:\/\/media.radiolitoral.com\/wp-content\/uploads\/2025\/10\/08121623\/ALEVIN-E-INFANTIL-1-15x12.jpg 15w, https:\/\/media.radiolitoral.com\/wp-content\/uploads\/2025\/10\/08121623\/ALEVIN-E-INFANTIL-1-1000x776.jpg 1000w, https:\/\/media.radiolitoral.com\/wp-content\/uploads\/2025\/10\/08121623\/ALEVIN-E-INFANTIL-1-100x78.jpg 100w, https:\/\/media.radiolitoral.com\/wp-content\/uploads\/2025\/10\/08121623\/ALEVIN-E-INFANTIL-1-200x155.jpg 200w\" sizes=\"auto, (max-width: 2560px) 100vw, 2560px\" \/><figcaption id=\"caption-attachment-18839\" class=\"wp-caption-text\">Conjunts alev\u00ed i infantil | CG Les Marines<\/figcaption><\/figure>\n<p>La jornada va finalitzar amb les categories infantil i alev\u00ed, sent aquesta darrera la m\u00e9s nombrosa de la competici\u00f3. El conjunt infantil amb 5 cordes va aconseguir fer un exercici sense caigudes que els va servir per penjar-se el bronze provincial. Mentre les alevins, es col\u00b7locaven entre les cinc millors de la seva categoria malgrat l&#039;alt nivell.<\/p>\n<figure id=\"attachment_18840\" aria-describedby=\"caption-attachment-18840\" style=\"width: 1200px\" class=\"wp-caption alignnone\"><img loading=\"lazy\" decoding=\"async\" class=\"wp-image-18840 size-full\" src=\"https:\/\/media.radiolitoral.com\/wp-content\/uploads\/2025\/10\/08121704\/CADETE-Y-JUVENIL-1.jpg\" alt=\"\" width=\"1200\" height=\"965\" srcset=\"https:\/\/media.radiolitoral.com\/wp-content\/uploads\/2025\/10\/08121704\/CADETE-Y-JUVENIL-1.jpg 1200w, https:\/\/media.radiolitoral.com\/wp-content\/uploads\/2025\/10\/08121704\/CADETE-Y-JUVENIL-1-300x241.jpg 300w, https:\/\/media.radiolitoral.com\/wp-content\/uploads\/2025\/10\/08121704\/CADETE-Y-JUVENIL-1-1024x823.jpg 1024w, https:\/\/media.radiolitoral.com\/wp-content\/uploads\/2025\/10\/08121704\/CADETE-Y-JUVENIL-1-768x618.jpg 768w, https:\/\/media.radiolitoral.com\/wp-content\/uploads\/2025\/10\/08121704\/CADETE-Y-JUVENIL-1-15x12.jpg 15w, https:\/\/media.radiolitoral.com\/wp-content\/uploads\/2025\/10\/08121704\/CADETE-Y-JUVENIL-1-1000x804.jpg 1000w, https:\/\/media.radiolitoral.com\/wp-content\/uploads\/2025\/10\/08121704\/CADETE-Y-JUVENIL-1-100x80.jpg 100w, https:\/\/media.radiolitoral.com\/wp-content\/uploads\/2025\/10\/08121704\/CADETE-Y-JUVENIL-1-200x161.jpg 200w\" sizes=\"auto, (max-width: 1200px) 100vw, 1200px\" \/><figcaption id=\"caption-attachment-18840\" class=\"wp-caption-text\">Conjunts cadet i juvenil |CG Les Marines<\/figcaption><\/figure>\n<p>D&#039;aquesta manera, el Club Gimn\u00e0stica Les Marines de Calp aconsegueix cinc t\u00edtols provincials i complir amb l&#039;objectiu d&#039;aquesta competici\u00f3, classificar tots els conjunts per a la fase auton\u00f2mica que se celebrar\u00e0 el proper 18 d&#039;octubre a X\u00e0bia on nom\u00e9s es repartiran 15 places per al Campionat d&#039;Espanya que es dur\u00e0 a terme a Castellon.<\/p>\n<p><script src=\"chrome-extension:\/\/flbolonkboilcbnohjlchlfgdalomdpl\/iFrame.js\" type=\"text\/javascript\"><\/script><\/p>\n<p><script src=\"chrome-extension:\/\/flbolonkboilcbnohjlchlfgdalomdpl\/iFrame.js\" type=\"text\/javascript\"><\/script><\/p>","protected":false},"excerpt":{"rendered":"<p>El s\u00e1bado 4 de octubre daba inicio la temporada de manera oficial con el provincial base de conjuntos, el Club Gimnasia Les Marines de Calp presentaba a 31 gimnastas repartidas en las categor\u00edas prebenjam\u00edn, benjam\u00edn, alev\u00edn, infantil, cadete y juvenil. Siendo as\u00ed uno de los clubes con m\u00e1s representaci\u00f3n de la Comunidad Valenciana. Durante esta [&#8230;]<\/p>\n<p><a class=\"btn btn-secondary understrap-read-more-link\" href=\"https:\/\/radiolitoral.com\/ca\/2025\/10\/un-oro-y-cuatro-bronces-para-el-cg-les-marines-de-calp\/\">Continua llegint&#8230;<span class=\"screen-reader-text\"> from Un oro y cuatro bronces para el CG Les Marines de Calp<\/span><\/a><\/p>\n","protected":false},"author":12,"featured_media":18843,"comment_status":"open","ping_status":"closed","sticky":false,"template":"","format":"standard","meta":{"_acf_changed":false,"inline_featured_image":false,"footnotes":""},"categories":[5],"tags":[5028,6],"class_list":["post-18837","post","type-post","status-publish","format-standard","has-post-thumbnail","hentry","category-deportes","tag-club-gimnasia-les-marines-de-calp","tag-deportes","cobertura-calp"],"acf":[],"yoast_head":"<!-- This site is optimized with the Yoast SEO plugin v27.5 - https:\/\/yoast.com\/product\/yoast-seo-wordpress\/ -->\n<title>Un oro y cuatro bronces para el CG Les Marines de Calp | R\u00e0dio Litoral<\/title>\n<meta name=\"description\" content=\"El club clasific\u00f3 conjuntos en todas las categor\u00edas posibles para la cita con el Campeonato Auton\u00f3mico El club clasific\u00f3 conjuntos en todas las categor\u00edas posibles para la cita con el Campeonato Auton\u00f3mico\" \/>\n<meta name=\"robots\" content=\"index, follow, max-snippet:-1, max-image-preview:large, max-video-preview:-1\" \/>\n<link rel=\"canonical\" href=\"https:\/\/radiolitoral.com\/ca\/2025\/10\/un-or-i-quatre-bronzes-per-al-cg-les-marines-de-calp\/\" \/>\n<meta property=\"og:locale\" content=\"ca_ES\" \/>\n<meta property=\"og:type\" content=\"article\" \/>\n<meta property=\"og:title\" content=\"Un oro y cuatro bronces para el CG Les Marines de Calp | R\u00e0dio Litoral\" \/>\n<meta property=\"og:description\" content=\"El club clasific\u00f3 conjuntos en todas las categor\u00edas posibles para la cita con el Campeonato Auton\u00f3mico El club clasific\u00f3 conjuntos en todas las categor\u00edas posibles para la cita con el Campeonato Auton\u00f3mico\" \/>\n<meta property=\"og:url\" content=\"https:\/\/radiolitoral.com\/ca\/2025\/10\/un-or-i-quatre-bronzes-per-al-cg-les-marines-de-calp\/\" \/>\n<meta property=\"og:site_name\" content=\"R\u00e0dio Litoral\" \/>\n<meta property=\"article:publisher\" content=\"https:\/\/www.facebook.com\/Laradiolitoral\/\" \/>\n<meta property=\"article:published_time\" content=\"2025-10-08T10:22:53+00:00\" \/>\n<meta property=\"article:modified_time\" content=\"2025-10-08T10:24:22+00:00\" \/>\n<meta property=\"og:image\" content=\"https:\/\/media.radiolitoral.com\/wp-content\/uploads\/2025\/10\/08122124\/PREBENJAMIN-Y-BENJAMI-1-1.jpg\" \/>\n\t<meta property=\"og:image:width\" content=\"1170\" \/>\n\t<meta property=\"og:image:height\" content=\"875\" \/>\n\t<meta property=\"og:image:type\" content=\"image\/jpeg\" \/>\n<meta name=\"author\" content=\"Javier Zamora\" \/>\n<meta name=\"twitter:card\" content=\"summary_large_image\" \/>\n<meta name=\"twitter:label1\" content=\"Escrit per\" \/>\n\t<meta name=\"twitter:data1\" content=\"Javier Zamora\" \/>\n\t<meta name=\"twitter:label2\" content=\"Temps estimat de lectura\" \/>\n\t<meta name=\"twitter:data2\" content=\"3 minuts\" \/>\n<script type=\"application\/ld+json\" class=\"yoast-schema-graph\">{\"@context\":\"https:\\\/\\\/schema.org\",\"@graph\":[{\"@type\":\"NewsArticle\",\"@id\":\"https:\\\/\\\/radiolitoral.com\\\/2025\\\/10\\\/un-oro-y-cuatro-bronces-para-el-cg-les-marines-de-calp\\\/#article\",\"isPartOf\":{\"@id\":\"https:\\\/\\\/radiolitoral.com\\\/2025\\\/10\\\/un-oro-y-cuatro-bronces-para-el-cg-les-marines-de-calp\\\/\"},\"author\":{\"name\":\"Javier Zamora\",\"@id\":\"https:\\\/\\\/radiolitoral.com\\\/#\\\/schema\\\/person\\\/7b1480b5caeb5acdd4ec6379caf62b22\"},\"headline\":\"Un oro y cuatro bronces para el CG Les Marines de Calp\",\"datePublished\":\"2025-10-08T10:22:53+00:00\",\"dateModified\":\"2025-10-08T10:24:22+00:00\",\"mainEntityOfPage\":{\"@id\":\"https:\\\/\\\/radiolitoral.com\\\/2025\\\/10\\\/un-oro-y-cuatro-bronces-para-el-cg-les-marines-de-calp\\\/\"},\"wordCount\":365,\"commentCount\":0,\"publisher\":{\"@id\":\"https:\\\/\\\/radiolitoral.com\\\/#organization\"},\"image\":{\"@id\":\"https:\\\/\\\/radiolitoral.com\\\/2025\\\/10\\\/un-oro-y-cuatro-bronces-para-el-cg-les-marines-de-calp\\\/#primaryimage\"},\"thumbnailUrl\":\"https:\\\/\\\/media.radiolitoral.com\\\/wp-content\\\/uploads\\\/2025\\\/10\\\/08122124\\\/PREBENJAMIN-Y-BENJAMI-1-1.jpg\",\"keywords\":[\"Club Gimnasia Les Marines de Calp\",\"deportes\"],\"articleSection\":[\"Deportes\"],\"inLanguage\":\"ca\",\"potentialAction\":[{\"@type\":\"CommentAction\",\"name\":\"Comment\",\"target\":[\"https:\\\/\\\/radiolitoral.com\\\/2025\\\/10\\\/un-oro-y-cuatro-bronces-para-el-cg-les-marines-de-calp\\\/#respond\"]}]},{\"@type\":[\"WebPage\",\"ItemPage\"],\"@id\":\"https:\\\/\\\/radiolitoral.com\\\/2025\\\/10\\\/un-oro-y-cuatro-bronces-para-el-cg-les-marines-de-calp\\\/\",\"url\":\"https:\\\/\\\/radiolitoral.com\\\/2025\\\/10\\\/un-oro-y-cuatro-bronces-para-el-cg-les-marines-de-calp\\\/\",\"name\":\"Un oro y cuatro bronces para el CG Les Marines de Calp | R\u00e0dio Litoral\",\"isPartOf\":{\"@id\":\"https:\\\/\\\/radiolitoral.com\\\/#website\"},\"primaryImageOfPage\":{\"@id\":\"https:\\\/\\\/radiolitoral.com\\\/2025\\\/10\\\/un-oro-y-cuatro-bronces-para-el-cg-les-marines-de-calp\\\/#primaryimage\"},\"image\":{\"@id\":\"https:\\\/\\\/radiolitoral.com\\\/2025\\\/10\\\/un-oro-y-cuatro-bronces-para-el-cg-les-marines-de-calp\\\/#primaryimage\"},\"thumbnailUrl\":\"https:\\\/\\\/media.radiolitoral.com\\\/wp-content\\\/uploads\\\/2025\\\/10\\\/08122124\\\/PREBENJAMIN-Y-BENJAMI-1-1.jpg\",\"datePublished\":\"2025-10-08T10:22:53+00:00\",\"dateModified\":\"2025-10-08T10:24:22+00:00\",\"description\":\"El club clasific\u00f3 conjuntos en todas las categor\u00edas posibles para la cita con el Campeonato Auton\u00f3mico El club clasific\u00f3 conjuntos en todas las categor\u00edas posibles para la cita con el Campeonato Auton\u00f3mico\",\"breadcrumb\":{\"@id\":\"https:\\\/\\\/radiolitoral.com\\\/2025\\\/10\\\/un-oro-y-cuatro-bronces-para-el-cg-les-marines-de-calp\\\/#breadcrumb\"},\"inLanguage\":\"ca\",\"potentialAction\":[{\"@type\":\"ReadAction\",\"target\":[\"https:\\\/\\\/radiolitoral.com\\\/2025\\\/10\\\/un-oro-y-cuatro-bronces-para-el-cg-les-marines-de-calp\\\/\"]}]},{\"@type\":\"ImageObject\",\"inLanguage\":\"ca\",\"@id\":\"https:\\\/\\\/radiolitoral.com\\\/2025\\\/10\\\/un-oro-y-cuatro-bronces-para-el-cg-les-marines-de-calp\\\/#primaryimage\",\"url\":\"https:\\\/\\\/media.radiolitoral.com\\\/wp-content\\\/uploads\\\/2025\\\/10\\\/08122124\\\/PREBENJAMIN-Y-BENJAMI-1-1.jpg\",\"contentUrl\":\"https:\\\/\\\/media.radiolitoral.com\\\/wp-content\\\/uploads\\\/2025\\\/10\\\/08122124\\\/PREBENJAMIN-Y-BENJAMI-1-1.jpg\",\"width\":1170,\"height\":875},{\"@type\":\"BreadcrumbList\",\"@id\":\"https:\\\/\\\/radiolitoral.com\\\/2025\\\/10\\\/un-oro-y-cuatro-bronces-para-el-cg-les-marines-de-calp\\\/#breadcrumb\",\"itemListElement\":[{\"@type\":\"ListItem\",\"position\":1,\"name\":\"Portada\",\"item\":\"https:\\\/\\\/radiolitoral.com\\\/\"},{\"@type\":\"ListItem\",\"position\":2,\"name\":\"Un oro y cuatro bronces para el CG Les Marines de Calp\"}]},{\"@type\":\"WebSite\",\"@id\":\"https:\\\/\\\/radiolitoral.com\\\/#website\",\"url\":\"https:\\\/\\\/radiolitoral.com\\\/\",\"name\":\"Radio Litoral\",\"description\":\"La radio local de la Marina Alta\",\"publisher\":{\"@id\":\"https:\\\/\\\/radiolitoral.com\\\/#organization\"},\"alternateName\":\"Litoral FM\",\"potentialAction\":[{\"@type\":\"SearchAction\",\"target\":{\"@type\":\"EntryPoint\",\"urlTemplate\":\"https:\\\/\\\/radiolitoral.com\\\/?s={search_term_string}\"},\"query-input\":{\"@type\":\"PropertyValueSpecification\",\"valueRequired\":true,\"valueName\":\"search_term_string\"}}],\"inLanguage\":\"ca\"},{\"@type\":\"Organization\",\"@id\":\"https:\\\/\\\/radiolitoral.com\\\/#organization\",\"name\":\"Radio Litoral\",\"url\":\"https:\\\/\\\/radiolitoral.com\\\/\",\"logo\":{\"@type\":\"ImageObject\",\"inLanguage\":\"ca\",\"@id\":\"https:\\\/\\\/radiolitoral.com\\\/#\\\/schema\\\/logo\\\/image\\\/\",\"url\":\"https:\\\/\\\/media.radiolitoral.com\\\/wp-content\\\/uploads\\\/2023\\\/02\\\/24143238\\\/CL-V-RadioLitoral696.png\",\"contentUrl\":\"https:\\\/\\\/media.radiolitoral.com\\\/wp-content\\\/uploads\\\/2023\\\/02\\\/24143238\\\/CL-V-RadioLitoral696.png\",\"width\":696,\"height\":696,\"caption\":\"Radio Litoral\"},\"image\":{\"@id\":\"https:\\\/\\\/radiolitoral.com\\\/#\\\/schema\\\/logo\\\/image\\\/\"},\"sameAs\":[\"https:\\\/\\\/www.facebook.com\\\/Laradiolitoral\\\/\"]},{\"@type\":\"Person\",\"@id\":\"https:\\\/\\\/radiolitoral.com\\\/#\\\/schema\\\/person\\\/7b1480b5caeb5acdd4ec6379caf62b22\",\"name\":\"Javier Zamora\",\"image\":{\"@type\":\"ImageObject\",\"inLanguage\":\"ca\",\"@id\":\"https:\\\/\\\/secure.gravatar.com\\\/avatar\\\/467a11f6918c7d619c4043fc6fa2d3853053107973f05b6e9c04ea6c4e3a7b3f?s=96&d=mm&r=g\",\"url\":\"https:\\\/\\\/secure.gravatar.com\\\/avatar\\\/467a11f6918c7d619c4043fc6fa2d3853053107973f05b6e9c04ea6c4e3a7b3f?s=96&d=mm&r=g\",\"contentUrl\":\"https:\\\/\\\/secure.gravatar.com\\\/avatar\\\/467a11f6918c7d619c4043fc6fa2d3853053107973f05b6e9c04ea6c4e3a7b3f?s=96&d=mm&r=g\",\"caption\":\"Javier Zamora\"},\"url\":\"https:\\\/\\\/radiolitoral.com\\\/ca\\\/author\\\/javier-zamora\\\/\"}]}<\/script>\n<!-- \/ Yoast SEO plugin. -->","yoast_head_json":{"title":"Un or i quatre bronzes per al CG Les Marines de Calp | R\u00e0dio Litoral","description":"El club va classificar conjunts en totes les categories possibles per a la cita amb el Campionat Auton\u00f2mic El club va classificar conjunts en totes les categories possibles per a la cita amb el Campionat Auton\u00f2mic","robots":{"index":"index","follow":"follow","max-snippet":"max-snippet:-1","max-image-preview":"max-image-preview:large","max-video-preview":"max-video-preview:-1"},"canonical":"https:\/\/radiolitoral.com\/ca\/2025\/10\/un-or-i-quatre-bronzes-per-al-cg-les-marines-de-calp\/","og_locale":"ca_ES","og_type":"article","og_title":"Un oro y cuatro bronces para el CG Les Marines de Calp | R\u00e0dio Litoral","og_description":"El club clasific\u00f3 conjuntos en todas las categor\u00edas posibles para la cita con el Campeonato Auton\u00f3mico El club clasific\u00f3 conjuntos en todas las categor\u00edas posibles para la cita con el Campeonato Auton\u00f3mico","og_url":"https:\/\/radiolitoral.com\/ca\/2025\/10\/un-or-i-quatre-bronzes-per-al-cg-les-marines-de-calp\/","og_site_name":"R\u00e0dio Litoral","article_publisher":"https:\/\/www.facebook.com\/Laradiolitoral\/","article_published_time":"2025-10-08T10:22:53+00:00","article_modified_time":"2025-10-08T10:24:22+00:00","og_image":[{"width":1170,"height":875,"url":"https:\/\/media.radiolitoral.com\/wp-content\/uploads\/2025\/10\/08122124\/PREBENJAMIN-Y-BENJAMI-1-1.jpg","type":"image\/jpeg"}],"author":"Javier Zamora","twitter_card":"summary_large_image","twitter_misc":{"Escrit per":"Javier Zamora","Temps estimat de lectura":"3 minuts"},"schema":{"@context":"https:\/\/schema.org","@graph":[{"@type":"NewsArticle","@id":"https:\/\/radiolitoral.com\/2025\/10\/un-oro-y-cuatro-bronces-para-el-cg-les-marines-de-calp\/#article","isPartOf":{"@id":"https:\/\/radiolitoral.com\/2025\/10\/un-oro-y-cuatro-bronces-para-el-cg-les-marines-de-calp\/"},"author":{"name":"Javier Zamora","@id":"https:\/\/radiolitoral.com\/#\/schema\/person\/7b1480b5caeb5acdd4ec6379caf62b22"},"headline":"Un oro y cuatro bronces para el CG Les Marines de Calp","datePublished":"2025-10-08T10:22:53+00:00","dateModified":"2025-10-08T10:24:22+00:00","mainEntityOfPage":{"@id":"https:\/\/radiolitoral.com\/2025\/10\/un-oro-y-cuatro-bronces-para-el-cg-les-marines-de-calp\/"},"wordCount":365,"commentCount":0,"publisher":{"@id":"https:\/\/radiolitoral.com\/#organization"},"image":{"@id":"https:\/\/radiolitoral.com\/2025\/10\/un-oro-y-cuatro-bronces-para-el-cg-les-marines-de-calp\/#primaryimage"},"thumbnailUrl":"https:\/\/media.radiolitoral.com\/wp-content\/uploads\/2025\/10\/08122124\/PREBENJAMIN-Y-BENJAMI-1-1.jpg","keywords":["Club Gimnasia Les Marines de Calp","deportes"],"articleSection":["Deportes"],"inLanguage":"ca","potentialAction":[{"@type":"CommentAction","name":"Comment","target":["https:\/\/radiolitoral.com\/2025\/10\/un-oro-y-cuatro-bronces-para-el-cg-les-marines-de-calp\/#respond"]}]},{"@type":["WebPage","ItemPage"],"@id":"https:\/\/radiolitoral.com\/2025\/10\/un-oro-y-cuatro-bronces-para-el-cg-les-marines-de-calp\/","url":"https:\/\/radiolitoral.com\/2025\/10\/un-oro-y-cuatro-bronces-para-el-cg-les-marines-de-calp\/","name":"Un or i quatre bronzes per al CG Les Marines de Calp | R\u00e0dio Litoral","isPartOf":{"@id":"https:\/\/radiolitoral.com\/#website"},"primaryImageOfPage":{"@id":"https:\/\/radiolitoral.com\/2025\/10\/un-oro-y-cuatro-bronces-para-el-cg-les-marines-de-calp\/#primaryimage"},"image":{"@id":"https:\/\/radiolitoral.com\/2025\/10\/un-oro-y-cuatro-bronces-para-el-cg-les-marines-de-calp\/#primaryimage"},"thumbnailUrl":"https:\/\/media.radiolitoral.com\/wp-content\/uploads\/2025\/10\/08122124\/PREBENJAMIN-Y-BENJAMI-1-1.jpg","datePublished":"2025-10-08T10:22:53+00:00","dateModified":"2025-10-08T10:24:22+00:00","description":"El club va classificar conjunts en totes les categories possibles per a la cita amb el Campionat Auton\u00f2mic El club va classificar conjunts en totes les categories possibles per a la cita amb el Campionat Auton\u00f2mic","breadcrumb":{"@id":"https:\/\/radiolitoral.com\/2025\/10\/un-oro-y-cuatro-bronces-para-el-cg-les-marines-de-calp\/#breadcrumb"},"inLanguage":"ca","potentialAction":[{"@type":"ReadAction","target":["https:\/\/radiolitoral.com\/2025\/10\/un-oro-y-cuatro-bronces-para-el-cg-les-marines-de-calp\/"]}]},{"@type":"ImageObject","inLanguage":"ca","@id":"https:\/\/radiolitoral.com\/2025\/10\/un-oro-y-cuatro-bronces-para-el-cg-les-marines-de-calp\/#primaryimage","url":"https:\/\/media.radiolitoral.com\/wp-content\/uploads\/2025\/10\/08122124\/PREBENJAMIN-Y-BENJAMI-1-1.jpg","contentUrl":"https:\/\/media.radiolitoral.com\/wp-content\/uploads\/2025\/10\/08122124\/PREBENJAMIN-Y-BENJAMI-1-1.jpg","width":1170,"height":875},{"@type":"BreadcrumbList","@id":"https:\/\/radiolitoral.com\/2025\/10\/un-oro-y-cuatro-bronces-para-el-cg-les-marines-de-calp\/#breadcrumb","itemListElement":[{"@type":"ListItem","position":1,"name":"Portada","item":"https:\/\/radiolitoral.com\/"},{"@type":"ListItem","position":2,"name":"Un oro y cuatro bronces para el CG Les Marines de Calp"}]},{"@type":"WebSite","@id":"https:\/\/radiolitoral.com\/#website","url":"https:\/\/radiolitoral.com\/","name":"R\u00e0dio Litoral","description":"La r\u00e0dio local de la Marina Alta","publisher":{"@id":"https:\/\/radiolitoral.com\/#organization"},"alternateName":"Litoral FM","potentialAction":[{"@type":"SearchAction","target":{"@type":"EntryPoint","urlTemplate":"https:\/\/radiolitoral.com\/?s={search_term_string}"},"query-input":{"@type":"PropertyValueSpecification","valueRequired":true,"valueName":"search_term_string"}}],"inLanguage":"ca"},{"@type":"Organization","@id":"https:\/\/radiolitoral.com\/#organization","name":"R\u00e0dio Litoral","url":"https:\/\/radiolitoral.com\/","logo":{"@type":"ImageObject","inLanguage":"ca","@id":"https:\/\/radiolitoral.com\/#\/schema\/logo\/image\/","url":"https:\/\/media.radiolitoral.com\/wp-content\/uploads\/2023\/02\/24143238\/CL-V-RadioLitoral696.png","contentUrl":"https:\/\/media.radiolitoral.com\/wp-content\/uploads\/2023\/02\/24143238\/CL-V-RadioLitoral696.png","width":696,"height":696,"caption":"Radio Litoral"},"image":{"@id":"https:\/\/radiolitoral.com\/#\/schema\/logo\/image\/"},"sameAs":["https:\/\/www.facebook.com\/Laradiolitoral\/"]},{"@type":"Person","@id":"https:\/\/radiolitoral.com\/#\/schema\/person\/7b1480b5caeb5acdd4ec6379caf62b22","name":"Javier Zamora","image":{"@type":"ImageObject","inLanguage":"ca","@id":"https:\/\/secure.gravatar.com\/avatar\/467a11f6918c7d619c4043fc6fa2d3853053107973f05b6e9c04ea6c4e3a7b3f?s=96&d=mm&r=g","url":"https:\/\/secure.gravatar.com\/avatar\/467a11f6918c7d619c4043fc6fa2d3853053107973f05b6e9c04ea6c4e3a7b3f?s=96&d=mm&r=g","contentUrl":"https:\/\/secure.gravatar.com\/avatar\/467a11f6918c7d619c4043fc6fa2d3853053107973f05b6e9c04ea6c4e3a7b3f?s=96&d=mm&r=g","caption":"Javier Zamora"},"url":"https:\/\/radiolitoral.com\/ca\/author\/javier-zamora\/"}]}},"_links":{"self":[{"href":"https:\/\/radiolitoral.com\/ca\/wp-json\/wp\/v2\/posts\/18837","targetHints":{"allow":["GET"]}}],"collection":[{"href":"https:\/\/radiolitoral.com\/ca\/wp-json\/wp\/v2\/posts"}],"about":[{"href":"https:\/\/radiolitoral.com\/ca\/wp-json\/wp\/v2\/types\/post"}],"author":[{"embeddable":true,"href":"https:\/\/radiolitoral.com\/ca\/wp-json\/wp\/v2\/users\/12"}],"replies":[{"embeddable":true,"href":"https:\/\/radiolitoral.com\/ca\/wp-json\/wp\/v2\/comments?post=18837"}],"version-history":[{"count":5,"href":"https:\/\/radiolitoral.com\/ca\/wp-json\/wp\/v2\/posts\/18837\/revisions"}],"predecessor-version":[{"id":18847,"href":"https:\/\/radiolitoral.com\/ca\/wp-json\/wp\/v2\/posts\/18837\/revisions\/18847"}],"wp:featuredmedia":[{"embeddable":true,"href":"https:\/\/radiolitoral.com\/ca\/wp-json\/wp\/v2\/media\/18843"}],"wp:attachment":[{"href":"https:\/\/radiolitoral.com\/ca\/wp-json\/wp\/v2\/media?parent=18837"}],"wp:term":[{"taxonomy":"category","embeddable":true,"href":"https:\/\/radiolitoral.com\/ca\/wp-json\/wp\/v2\/categories?post=18837"},{"taxonomy":"post_tag","embeddable":true,"href":"https:\/\/radiolitoral.com\/ca\/wp-json\/wp\/v2\/tags?post=18837"}],"curies":[{"name":"wp","href":"https:\/\/api.w.org\/{rel}","templated":true}]}}