{"id":18817,"date":"2025-10-07T09:34:43","date_gmt":"2025-10-07T07:34:43","guid":{"rendered":"https:\/\/radiolitoral.com\/?p=18817"},"modified":"2025-10-07T09:34:43","modified_gmt":"2025-10-07T07:34:43","slug":"el-9-doctubre-arriba-carregat-dactivitats-culturals-a-teulada-moraira","status":"publish","type":"post","link":"https:\/\/radiolitoral.com\/ca\/2025\/10\/el-9-doctubre-llega-cargado-de-actividades-culturales-a-teulada-moraira\/","title":{"rendered":"El 9 d&#039;octubre arriba carregat d&#039;activitats culturals a Teulada Moraira"},"content":{"rendered":"<p data-start=\"256\" data-end=\"587\">El <strong>9 d&#039;octubre<\/strong> \u00e9s un dia assenyalat per a tots els valencians i valencianes. Una jornada festiva per reivindicar els valors i la identitat de la nostra terra que des de <strong>Teulada Moraira<\/strong> vol aprofitar-se amb multitud d&#039;ofertes culturals.<\/p>\n<p data-start=\"256\" data-end=\"587\">Fins al 10 d&#039;octubre, Teulada n&#039;oferir\u00e0 una <strong data-start=\"301\" data-end=\"325\">exposici\u00f3 de llibres<\/strong> relacionats amb Jaume I, que podran ser consultats a la Biblioteca Municipal de Teulada ia la <strong data-start=\"425\" data-end=\"458\">Ag\u00e8ncia de Lectura de Moraira<\/strong>. A m\u00e9s, es realitzar\u00e0 el repartiment del <strong data-start=\"496\" data-end=\"515\">Auca de Jaume I<\/strong>, un document que commemora la hist\u00f2ria del Rei de la Corona d&#039;Arag\u00f3.<\/p>\n<p data-start=\"256\" data-end=\"587\"><a href=\"https:\/\/media.radiolitoral.com\/wp-content\/uploads\/2025\/10\/07093356\/PROGRAMACION-9-OCTUBRE-DIA-DE-LA-COMUNITAT-VALENCIANA-2025.png\"><img loading=\"lazy\" decoding=\"async\" class=\"aligncenter wp-image-18818 size-full\" src=\"https:\/\/media.radiolitoral.com\/wp-content\/uploads\/2025\/10\/07093356\/PROGRAMACION-9-OCTUBRE-DIA-DE-LA-COMUNITAT-VALENCIANA-2025.png\" alt=\"\" width=\"1080\" height=\"1350\" srcset=\"https:\/\/media.radiolitoral.com\/wp-content\/uploads\/2025\/10\/07093356\/PROGRAMACION-9-OCTUBRE-DIA-DE-LA-COMUNITAT-VALENCIANA-2025.png 1080w, https:\/\/media.radiolitoral.com\/wp-content\/uploads\/2025\/10\/07093356\/PROGRAMACION-9-OCTUBRE-DIA-DE-LA-COMUNITAT-VALENCIANA-2025-240x300.png 240w, https:\/\/media.radiolitoral.com\/wp-content\/uploads\/2025\/10\/07093356\/PROGRAMACION-9-OCTUBRE-DIA-DE-LA-COMUNITAT-VALENCIANA-2025-819x1024.png 819w, https:\/\/media.radiolitoral.com\/wp-content\/uploads\/2025\/10\/07093356\/PROGRAMACION-9-OCTUBRE-DIA-DE-LA-COMUNITAT-VALENCIANA-2025-768x960.png 768w, https:\/\/media.radiolitoral.com\/wp-content\/uploads\/2025\/10\/07093356\/PROGRAMACION-9-OCTUBRE-DIA-DE-LA-COMUNITAT-VALENCIANA-2025-10x12.png 10w, https:\/\/media.radiolitoral.com\/wp-content\/uploads\/2025\/10\/07093356\/PROGRAMACION-9-OCTUBRE-DIA-DE-LA-COMUNITAT-VALENCIANA-2025-800x1000.png 800w, https:\/\/media.radiolitoral.com\/wp-content\/uploads\/2025\/10\/07093356\/PROGRAMACION-9-OCTUBRE-DIA-DE-LA-COMUNITAT-VALENCIANA-2025-80x100.png 80w, https:\/\/media.radiolitoral.com\/wp-content\/uploads\/2025\/10\/07093356\/PROGRAMACION-9-OCTUBRE-DIA-DE-LA-COMUNITAT-VALENCIANA-2025-160x200.png 160w\" sizes=\"auto, (max-width: 1080px) 100vw, 1080px\" \/><\/a><\/p>\n<h4 data-start=\"589\" data-end=\"627\"><strong data-start=\"589\" data-end=\"627\">Actes institucionals i culturals<\/strong><\/h4>\n<p data-start=\"629\" data-end=\"1096\">El dijous 9 d&#039;octubre, al <strong data-start=\"659\" data-end=\"693\">Dia de la Comunitat Valenciana<\/strong>, a les 12:00 h, se celebrar\u00e0 l&#039;acte institucional a la <strong data-start=\"751\" data-end=\"778\">Pla\u00e7a de la Constituci\u00f3<\/strong>. Aquest esdeveniment comptar\u00e0 amb la <strong data-start=\"807\" data-end=\"833\">lectura del manifest<\/strong> per part de l&#039;alcalde de Teulada, Ra\u00fcl Llobell, i s&#039;acompanyar\u00e0 amb actuacions de diverses associacions culturals locals, entre les quals la <strong data-start=\"972\" data-end=\"990\">Colla El Falc\u00f3<\/strong>, la <strong data-start=\"995\" data-end=\"1014\">Coral Teuladina<\/strong>, el <strong data-start=\"1019\" data-end=\"1048\">Grup de Dansa Font Santa<\/strong> i la <strong data-start=\"1054\" data-end=\"1095\">Agrupaci\u00f3 Musical Cultural de Teulada<\/strong>.<\/p>\n<p data-start=\"1157\" data-end=\"1371\">A les 17:00 h del mateix dia, es dur\u00e0 a terme la representaci\u00f3 del teatre <strong data-start=\"1233\" data-end=\"1263\">Dorotea i un 9 d&#039;octubre<\/strong> a la <strong data-start=\"1270\" data-end=\"1298\">Pla\u00e7a de la Constituci\u00f3<\/strong>, amb un esdeveniment posterior que inclour\u00e0 un refrigeri per als assistents.<\/p>\n<p data-start=\"1399\" data-end=\"1588\">Per tancar la jornada, a les 17:00 h, es repetir\u00e0 l&#039;obra de teatre al <strong data-start=\"1474\" data-end=\"1499\">Esplanada del Castell<\/strong>. Com a l&#039;anterior, se servir\u00e0 un <strong data-start=\"1536\" data-end=\"1550\">refrigeri<\/strong> als assistents despr\u00e9s de l?espectacle.<\/p>","protected":false},"excerpt":{"rendered":"<p>El 9 d&#8217;Octubre es un d\u00eda se\u00f1alado para todos los valencianos y valencianas. Una jornada festiva para reivindicar los valores y la identidad de nuestra tierra que desde Teulada Moraira se quiere aprovechar con multitud de ofertas culturales. Hasta el 10 de octubre, Teulada ofrecer\u00e1 una exposici\u00f3n de libros relacionados con Jaume I, que podr\u00e1n [&#8230;]<\/p>\n<p><a class=\"btn btn-secondary understrap-read-more-link\" href=\"https:\/\/radiolitoral.com\/ca\/2025\/10\/el-9-doctubre-llega-cargado-de-actividades-culturales-a-teulada-moraira\/\">Continua llegint&#8230;<span class=\"screen-reader-text\"> from El 9 d&#8217;Octubre llega cargado de actividades culturales a Teulada Moraira<\/span><\/a><\/p>\n","protected":false},"author":14,"featured_media":12085,"comment_status":"open","ping_status":"closed","sticky":false,"template":"","format":"standard","meta":{"_acf_changed":false,"inline_featured_image":false,"footnotes":""},"categories":[55],"tags":[2463,1564,112,195],"class_list":["post-18817","post","type-post","status-publish","format-standard","has-post-thumbnail","hentry","category-cultura","tag-9-doctubre","tag-comunitat-valenciana","tag-cultura","tag-teulada-moraira","cobertura-teulada-moraira"],"acf":[],"yoast_head":"<!-- This site is optimized with the Yoast SEO plugin v27.5 - https:\/\/yoast.com\/product\/yoast-seo-wordpress\/ -->\n<title>El 9 d&#039;Octubre llega cargado de actividades culturales a Teulada Moraira | R\u00e0dio Litoral<\/title>\n<meta name=\"description\" content=\"El D\u00eda de la Comunitat Valenciana, a las 12:00 h, se celebrar\u00e1 el acto institucional en la Pla\u00e7a de la Constituci\u00f3\" \/>\n<meta name=\"robots\" content=\"index, follow, max-snippet:-1, max-image-preview:large, max-video-preview:-1\" \/>\n<link rel=\"canonical\" href=\"https:\/\/radiolitoral.com\/ca\/2025\/10\/el-9-doctubre-arriba-carregat-dactivitats-culturals-a-teulada-moraira\/\" \/>\n<meta property=\"og:locale\" content=\"ca_ES\" \/>\n<meta property=\"og:type\" content=\"article\" \/>\n<meta property=\"og:title\" content=\"El 9 d&#039;Octubre llega cargado de actividades culturales a Teulada Moraira | R\u00e0dio Litoral\" \/>\n<meta property=\"og:description\" content=\"El D\u00eda de la Comunitat Valenciana, a las 12:00 h, se celebrar\u00e1 el acto institucional en la Pla\u00e7a de la Constituci\u00f3\" \/>\n<meta property=\"og:url\" content=\"https:\/\/radiolitoral.com\/ca\/2025\/10\/el-9-doctubre-arriba-carregat-dactivitats-culturals-a-teulada-moraira\/\" \/>\n<meta property=\"og:site_name\" content=\"R\u00e0dio Litoral\" \/>\n<meta property=\"article:publisher\" content=\"https:\/\/www.facebook.com\/Laradiolitoral\/\" \/>\n<meta property=\"article:published_time\" content=\"2025-10-07T07:34:43+00:00\" \/>\n<meta property=\"og:image\" content=\"https:\/\/media.radiolitoral.com\/wp-content\/uploads\/2024\/10\/03125416\/Bandera_de_la_ciutat_de_Valencia_Senyera_Coronada_a_les_Torres_de_Serrans.jpg\" \/>\n\t<meta property=\"og:image:width\" content=\"666\" \/>\n\t<meta property=\"og:image:height\" content=\"448\" \/>\n\t<meta property=\"og:image:type\" content=\"image\/jpeg\" \/>\n<meta name=\"author\" content=\"Redacci\u00f3n\" \/>\n<meta name=\"twitter:card\" content=\"summary_large_image\" \/>\n<meta name=\"twitter:label1\" content=\"Escrit per\" \/>\n\t<meta name=\"twitter:data1\" content=\"Redacci\u00f3n\" \/>\n\t<meta name=\"twitter:label2\" content=\"Temps estimat de lectura\" \/>\n\t<meta name=\"twitter:data2\" content=\"2 minuts\" \/>\n<script type=\"application\/ld+json\" class=\"yoast-schema-graph\">{\"@context\":\"https:\\\/\\\/schema.org\",\"@graph\":[{\"@type\":\"NewsArticle\",\"@id\":\"https:\\\/\\\/radiolitoral.com\\\/2025\\\/10\\\/el-9-doctubre-llega-cargado-de-actividades-culturales-a-teulada-moraira\\\/#article\",\"isPartOf\":{\"@id\":\"https:\\\/\\\/radiolitoral.com\\\/2025\\\/10\\\/el-9-doctubre-llega-cargado-de-actividades-culturales-a-teulada-moraira\\\/\"},\"author\":{\"name\":\"Redacci\u00f3n\",\"@id\":\"https:\\\/\\\/radiolitoral.com\\\/#\\\/schema\\\/person\\\/96b739642eb3bedb532aac3812d23307\"},\"headline\":\"El 9 d&#8217;Octubre llega cargado de actividades culturales a Teulada Moraira\",\"datePublished\":\"2025-10-07T07:34:43+00:00\",\"mainEntityOfPage\":{\"@id\":\"https:\\\/\\\/radiolitoral.com\\\/2025\\\/10\\\/el-9-doctubre-llega-cargado-de-actividades-culturales-a-teulada-moraira\\\/\"},\"wordCount\":264,\"commentCount\":0,\"publisher\":{\"@id\":\"https:\\\/\\\/radiolitoral.com\\\/#organization\"},\"image\":{\"@id\":\"https:\\\/\\\/radiolitoral.com\\\/2025\\\/10\\\/el-9-doctubre-llega-cargado-de-actividades-culturales-a-teulada-moraira\\\/#primaryimage\"},\"thumbnailUrl\":\"https:\\\/\\\/media.radiolitoral.com\\\/wp-content\\\/uploads\\\/2024\\\/10\\\/03125416\\\/Bandera_de_la_ciutat_de_Valencia_Senyera_Coronada_a_les_Torres_de_Serrans.jpg\",\"keywords\":[\"9 d\u2019octubre\",\"comunitat valenciana\",\"cultura\",\"Teulada-Moraira\"],\"articleSection\":[\"Cultura\"],\"inLanguage\":\"ca\",\"potentialAction\":[{\"@type\":\"CommentAction\",\"name\":\"Comment\",\"target\":[\"https:\\\/\\\/radiolitoral.com\\\/2025\\\/10\\\/el-9-doctubre-llega-cargado-de-actividades-culturales-a-teulada-moraira\\\/#respond\"]}]},{\"@type\":[\"WebPage\",\"ItemPage\"],\"@id\":\"https:\\\/\\\/radiolitoral.com\\\/2025\\\/10\\\/el-9-doctubre-llega-cargado-de-actividades-culturales-a-teulada-moraira\\\/\",\"url\":\"https:\\\/\\\/radiolitoral.com\\\/2025\\\/10\\\/el-9-doctubre-llega-cargado-de-actividades-culturales-a-teulada-moraira\\\/\",\"name\":\"El 9 d'Octubre llega cargado de actividades culturales a Teulada Moraira | R\u00e0dio Litoral\",\"isPartOf\":{\"@id\":\"https:\\\/\\\/radiolitoral.com\\\/#website\"},\"primaryImageOfPage\":{\"@id\":\"https:\\\/\\\/radiolitoral.com\\\/2025\\\/10\\\/el-9-doctubre-llega-cargado-de-actividades-culturales-a-teulada-moraira\\\/#primaryimage\"},\"image\":{\"@id\":\"https:\\\/\\\/radiolitoral.com\\\/2025\\\/10\\\/el-9-doctubre-llega-cargado-de-actividades-culturales-a-teulada-moraira\\\/#primaryimage\"},\"thumbnailUrl\":\"https:\\\/\\\/media.radiolitoral.com\\\/wp-content\\\/uploads\\\/2024\\\/10\\\/03125416\\\/Bandera_de_la_ciutat_de_Valencia_Senyera_Coronada_a_les_Torres_de_Serrans.jpg\",\"datePublished\":\"2025-10-07T07:34:43+00:00\",\"description\":\"El D\u00eda de la Comunitat Valenciana, a las 12:00 h, se celebrar\u00e1 el acto institucional en la Pla\u00e7a de la Constituci\u00f3\",\"breadcrumb\":{\"@id\":\"https:\\\/\\\/radiolitoral.com\\\/2025\\\/10\\\/el-9-doctubre-llega-cargado-de-actividades-culturales-a-teulada-moraira\\\/#breadcrumb\"},\"inLanguage\":\"ca\",\"potentialAction\":[{\"@type\":\"ReadAction\",\"target\":[\"https:\\\/\\\/radiolitoral.com\\\/2025\\\/10\\\/el-9-doctubre-llega-cargado-de-actividades-culturales-a-teulada-moraira\\\/\"]}]},{\"@type\":\"ImageObject\",\"inLanguage\":\"ca\",\"@id\":\"https:\\\/\\\/radiolitoral.com\\\/2025\\\/10\\\/el-9-doctubre-llega-cargado-de-actividades-culturales-a-teulada-moraira\\\/#primaryimage\",\"url\":\"https:\\\/\\\/media.radiolitoral.com\\\/wp-content\\\/uploads\\\/2024\\\/10\\\/03125416\\\/Bandera_de_la_ciutat_de_Valencia_Senyera_Coronada_a_les_Torres_de_Serrans.jpg\",\"contentUrl\":\"https:\\\/\\\/media.radiolitoral.com\\\/wp-content\\\/uploads\\\/2024\\\/10\\\/03125416\\\/Bandera_de_la_ciutat_de_Valencia_Senyera_Coronada_a_les_Torres_de_Serrans.jpg\",\"width\":666,\"height\":448},{\"@type\":\"BreadcrumbList\",\"@id\":\"https:\\\/\\\/radiolitoral.com\\\/2025\\\/10\\\/el-9-doctubre-llega-cargado-de-actividades-culturales-a-teulada-moraira\\\/#breadcrumb\",\"itemListElement\":[{\"@type\":\"ListItem\",\"position\":1,\"name\":\"Portada\",\"item\":\"https:\\\/\\\/radiolitoral.com\\\/\"},{\"@type\":\"ListItem\",\"position\":2,\"name\":\"El 9 d&#8217;Octubre llega cargado de actividades culturales a Teulada Moraira\"}]},{\"@type\":\"WebSite\",\"@id\":\"https:\\\/\\\/radiolitoral.com\\\/#website\",\"url\":\"https:\\\/\\\/radiolitoral.com\\\/\",\"name\":\"Radio Litoral\",\"description\":\"La radio local de la Marina Alta\",\"publisher\":{\"@id\":\"https:\\\/\\\/radiolitoral.com\\\/#organization\"},\"alternateName\":\"Litoral FM\",\"potentialAction\":[{\"@type\":\"SearchAction\",\"target\":{\"@type\":\"EntryPoint\",\"urlTemplate\":\"https:\\\/\\\/radiolitoral.com\\\/?s={search_term_string}\"},\"query-input\":{\"@type\":\"PropertyValueSpecification\",\"valueRequired\":true,\"valueName\":\"search_term_string\"}}],\"inLanguage\":\"ca\"},{\"@type\":\"Organization\",\"@id\":\"https:\\\/\\\/radiolitoral.com\\\/#organization\",\"name\":\"Radio Litoral\",\"url\":\"https:\\\/\\\/radiolitoral.com\\\/\",\"logo\":{\"@type\":\"ImageObject\",\"inLanguage\":\"ca\",\"@id\":\"https:\\\/\\\/radiolitoral.com\\\/#\\\/schema\\\/logo\\\/image\\\/\",\"url\":\"https:\\\/\\\/media.radiolitoral.com\\\/wp-content\\\/uploads\\\/2023\\\/02\\\/24143238\\\/CL-V-RadioLitoral696.png\",\"contentUrl\":\"https:\\\/\\\/media.radiolitoral.com\\\/wp-content\\\/uploads\\\/2023\\\/02\\\/24143238\\\/CL-V-RadioLitoral696.png\",\"width\":696,\"height\":696,\"caption\":\"Radio Litoral\"},\"image\":{\"@id\":\"https:\\\/\\\/radiolitoral.com\\\/#\\\/schema\\\/logo\\\/image\\\/\"},\"sameAs\":[\"https:\\\/\\\/www.facebook.com\\\/Laradiolitoral\\\/\"]},{\"@type\":\"Person\",\"@id\":\"https:\\\/\\\/radiolitoral.com\\\/#\\\/schema\\\/person\\\/96b739642eb3bedb532aac3812d23307\",\"name\":\"Redacci\u00f3n\",\"image\":{\"@type\":\"ImageObject\",\"inLanguage\":\"ca\",\"@id\":\"https:\\\/\\\/secure.gravatar.com\\\/avatar\\\/30cd06129ee90411dd9c7cbdcf17464181d1a3c7b072e92070ea75a25cf0097e?s=96&d=mm&r=g\",\"url\":\"https:\\\/\\\/secure.gravatar.com\\\/avatar\\\/30cd06129ee90411dd9c7cbdcf17464181d1a3c7b072e92070ea75a25cf0097e?s=96&d=mm&r=g\",\"contentUrl\":\"https:\\\/\\\/secure.gravatar.com\\\/avatar\\\/30cd06129ee90411dd9c7cbdcf17464181d1a3c7b072e92070ea75a25cf0097e?s=96&d=mm&r=g\",\"caption\":\"Redacci\u00f3n\"},\"url\":\"https:\\\/\\\/radiolitoral.com\\\/ca\\\/author\\\/kevin-carrio\\\/\"}]}<\/script>\n<!-- \/ Yoast SEO plugin. -->","yoast_head_json":{"title":"El 9 d&#039;octubre arriba carregat activitats culturals a Teulada Moraira | R\u00e0dio Litoral","description":"El Dia de la Comunitat Valenciana, a les 12:00 h, se celebrar\u00e0 l&#039;acte institucional a la Pla\u00e7a de la Constituci\u00f3","robots":{"index":"index","follow":"follow","max-snippet":"max-snippet:-1","max-image-preview":"max-image-preview:large","max-video-preview":"max-video-preview:-1"},"canonical":"https:\/\/radiolitoral.com\/ca\/2025\/10\/el-9-doctubre-arriba-carregat-dactivitats-culturals-a-teulada-moraira\/","og_locale":"ca_ES","og_type":"article","og_title":"El 9 d'Octubre llega cargado de actividades culturales a Teulada Moraira | R\u00e0dio Litoral","og_description":"El D\u00eda de la Comunitat Valenciana, a las 12:00 h, se celebrar\u00e1 el acto institucional en la Pla\u00e7a de la Constituci\u00f3","og_url":"https:\/\/radiolitoral.com\/ca\/2025\/10\/el-9-doctubre-arriba-carregat-dactivitats-culturals-a-teulada-moraira\/","og_site_name":"R\u00e0dio Litoral","article_publisher":"https:\/\/www.facebook.com\/Laradiolitoral\/","article_published_time":"2025-10-07T07:34:43+00:00","og_image":[{"width":666,"height":448,"url":"https:\/\/media.radiolitoral.com\/wp-content\/uploads\/2024\/10\/03125416\/Bandera_de_la_ciutat_de_Valencia_Senyera_Coronada_a_les_Torres_de_Serrans.jpg","type":"image\/jpeg"}],"author":"Redacci\u00f3n","twitter_card":"summary_large_image","twitter_misc":{"Escrit per":"Redacci\u00f3n","Temps estimat de lectura":"2 minuts"},"schema":{"@context":"https:\/\/schema.org","@graph":[{"@type":"NewsArticle","@id":"https:\/\/radiolitoral.com\/2025\/10\/el-9-doctubre-llega-cargado-de-actividades-culturales-a-teulada-moraira\/#article","isPartOf":{"@id":"https:\/\/radiolitoral.com\/2025\/10\/el-9-doctubre-llega-cargado-de-actividades-culturales-a-teulada-moraira\/"},"author":{"name":"Redacci\u00f3n","@id":"https:\/\/radiolitoral.com\/#\/schema\/person\/96b739642eb3bedb532aac3812d23307"},"headline":"El 9 d&#8217;Octubre llega cargado de actividades culturales a Teulada Moraira","datePublished":"2025-10-07T07:34:43+00:00","mainEntityOfPage":{"@id":"https:\/\/radiolitoral.com\/2025\/10\/el-9-doctubre-llega-cargado-de-actividades-culturales-a-teulada-moraira\/"},"wordCount":264,"commentCount":0,"publisher":{"@id":"https:\/\/radiolitoral.com\/#organization"},"image":{"@id":"https:\/\/radiolitoral.com\/2025\/10\/el-9-doctubre-llega-cargado-de-actividades-culturales-a-teulada-moraira\/#primaryimage"},"thumbnailUrl":"https:\/\/media.radiolitoral.com\/wp-content\/uploads\/2024\/10\/03125416\/Bandera_de_la_ciutat_de_Valencia_Senyera_Coronada_a_les_Torres_de_Serrans.jpg","keywords":["9 d\u2019octubre","comunitat valenciana","cultura","Teulada-Moraira"],"articleSection":["Cultura"],"inLanguage":"ca","potentialAction":[{"@type":"CommentAction","name":"Comment","target":["https:\/\/radiolitoral.com\/2025\/10\/el-9-doctubre-llega-cargado-de-actividades-culturales-a-teulada-moraira\/#respond"]}]},{"@type":["WebPage","ItemPage"],"@id":"https:\/\/radiolitoral.com\/2025\/10\/el-9-doctubre-llega-cargado-de-actividades-culturales-a-teulada-moraira\/","url":"https:\/\/radiolitoral.com\/2025\/10\/el-9-doctubre-llega-cargado-de-actividades-culturales-a-teulada-moraira\/","name":"El 9 d&#039;octubre arriba carregat activitats culturals a Teulada Moraira | R\u00e0dio Litoral","isPartOf":{"@id":"https:\/\/radiolitoral.com\/#website"},"primaryImageOfPage":{"@id":"https:\/\/radiolitoral.com\/2025\/10\/el-9-doctubre-llega-cargado-de-actividades-culturales-a-teulada-moraira\/#primaryimage"},"image":{"@id":"https:\/\/radiolitoral.com\/2025\/10\/el-9-doctubre-llega-cargado-de-actividades-culturales-a-teulada-moraira\/#primaryimage"},"thumbnailUrl":"https:\/\/media.radiolitoral.com\/wp-content\/uploads\/2024\/10\/03125416\/Bandera_de_la_ciutat_de_Valencia_Senyera_Coronada_a_les_Torres_de_Serrans.jpg","datePublished":"2025-10-07T07:34:43+00:00","description":"El Dia de la Comunitat Valenciana, a les 12:00 h, se celebrar\u00e0 l&#039;acte institucional a la Pla\u00e7a de la Constituci\u00f3","breadcrumb":{"@id":"https:\/\/radiolitoral.com\/2025\/10\/el-9-doctubre-llega-cargado-de-actividades-culturales-a-teulada-moraira\/#breadcrumb"},"inLanguage":"ca","potentialAction":[{"@type":"ReadAction","target":["https:\/\/radiolitoral.com\/2025\/10\/el-9-doctubre-llega-cargado-de-actividades-culturales-a-teulada-moraira\/"]}]},{"@type":"ImageObject","inLanguage":"ca","@id":"https:\/\/radiolitoral.com\/2025\/10\/el-9-doctubre-llega-cargado-de-actividades-culturales-a-teulada-moraira\/#primaryimage","url":"https:\/\/media.radiolitoral.com\/wp-content\/uploads\/2024\/10\/03125416\/Bandera_de_la_ciutat_de_Valencia_Senyera_Coronada_a_les_Torres_de_Serrans.jpg","contentUrl":"https:\/\/media.radiolitoral.com\/wp-content\/uploads\/2024\/10\/03125416\/Bandera_de_la_ciutat_de_Valencia_Senyera_Coronada_a_les_Torres_de_Serrans.jpg","width":666,"height":448},{"@type":"BreadcrumbList","@id":"https:\/\/radiolitoral.com\/2025\/10\/el-9-doctubre-llega-cargado-de-actividades-culturales-a-teulada-moraira\/#breadcrumb","itemListElement":[{"@type":"ListItem","position":1,"name":"Portada","item":"https:\/\/radiolitoral.com\/"},{"@type":"ListItem","position":2,"name":"El 9 d&#8217;Octubre llega cargado de actividades culturales a Teulada Moraira"}]},{"@type":"WebSite","@id":"https:\/\/radiolitoral.com\/#website","url":"https:\/\/radiolitoral.com\/","name":"R\u00e0dio Litoral","description":"La r\u00e0dio local de la Marina Alta","publisher":{"@id":"https:\/\/radiolitoral.com\/#organization"},"alternateName":"Litoral FM","potentialAction":[{"@type":"SearchAction","target":{"@type":"EntryPoint","urlTemplate":"https:\/\/radiolitoral.com\/?s={search_term_string}"},"query-input":{"@type":"PropertyValueSpecification","valueRequired":true,"valueName":"search_term_string"}}],"inLanguage":"ca"},{"@type":"Organization","@id":"https:\/\/radiolitoral.com\/#organization","name":"R\u00e0dio Litoral","url":"https:\/\/radiolitoral.com\/","logo":{"@type":"ImageObject","inLanguage":"ca","@id":"https:\/\/radiolitoral.com\/#\/schema\/logo\/image\/","url":"https:\/\/media.radiolitoral.com\/wp-content\/uploads\/2023\/02\/24143238\/CL-V-RadioLitoral696.png","contentUrl":"https:\/\/media.radiolitoral.com\/wp-content\/uploads\/2023\/02\/24143238\/CL-V-RadioLitoral696.png","width":696,"height":696,"caption":"Radio Litoral"},"image":{"@id":"https:\/\/radiolitoral.com\/#\/schema\/logo\/image\/"},"sameAs":["https:\/\/www.facebook.com\/Laradiolitoral\/"]},{"@type":"Person","@id":"https:\/\/radiolitoral.com\/#\/schema\/person\/96b739642eb3bedb532aac3812d23307","name":"Redacci\u00f3","image":{"@type":"ImageObject","inLanguage":"ca","@id":"https:\/\/secure.gravatar.com\/avatar\/30cd06129ee90411dd9c7cbdcf17464181d1a3c7b072e92070ea75a25cf0097e?s=96&d=mm&r=g","url":"https:\/\/secure.gravatar.com\/avatar\/30cd06129ee90411dd9c7cbdcf17464181d1a3c7b072e92070ea75a25cf0097e?s=96&d=mm&r=g","contentUrl":"https:\/\/secure.gravatar.com\/avatar\/30cd06129ee90411dd9c7cbdcf17464181d1a3c7b072e92070ea75a25cf0097e?s=96&d=mm&r=g","caption":"Redacci\u00f3n"},"url":"https:\/\/radiolitoral.com\/ca\/author\/kevin-carrio\/"}]}},"_links":{"self":[{"href":"https:\/\/radiolitoral.com\/ca\/wp-json\/wp\/v2\/posts\/18817","targetHints":{"allow":["GET"]}}],"collection":[{"href":"https:\/\/radiolitoral.com\/ca\/wp-json\/wp\/v2\/posts"}],"about":[{"href":"https:\/\/radiolitoral.com\/ca\/wp-json\/wp\/v2\/types\/post"}],"author":[{"embeddable":true,"href":"https:\/\/radiolitoral.com\/ca\/wp-json\/wp\/v2\/users\/14"}],"replies":[{"embeddable":true,"href":"https:\/\/radiolitoral.com\/ca\/wp-json\/wp\/v2\/comments?post=18817"}],"version-history":[{"count":1,"href":"https:\/\/radiolitoral.com\/ca\/wp-json\/wp\/v2\/posts\/18817\/revisions"}],"predecessor-version":[{"id":18819,"href":"https:\/\/radiolitoral.com\/ca\/wp-json\/wp\/v2\/posts\/18817\/revisions\/18819"}],"wp:featuredmedia":[{"embeddable":true,"href":"https:\/\/radiolitoral.com\/ca\/wp-json\/wp\/v2\/media\/12085"}],"wp:attachment":[{"href":"https:\/\/radiolitoral.com\/ca\/wp-json\/wp\/v2\/media?parent=18817"}],"wp:term":[{"taxonomy":"category","embeddable":true,"href":"https:\/\/radiolitoral.com\/ca\/wp-json\/wp\/v2\/categories?post=18817"},{"taxonomy":"post_tag","embeddable":true,"href":"https:\/\/radiolitoral.com\/ca\/wp-json\/wp\/v2\/tags?post=18817"}],"curies":[{"name":"wp","href":"https:\/\/api.w.org\/{rel}","templated":true}]}}