{"id":18813,"date":"2025-10-07T09:13:45","date_gmt":"2025-10-07T07:13:45","guid":{"rendered":"https:\/\/radiolitoral.com\/?p=18813"},"modified":"2025-10-07T09:13:45","modified_gmt":"2025-10-07T07:13:45","slug":"finalitzen-les-obres-de-millora-de-lies-teulada","status":"publish","type":"post","link":"https:\/\/radiolitoral.com\/ca\/2025\/10\/finalizan-las-obras-de-mejora-del-ies-teulada\/","title":{"rendered":"Finalitzen les obres de millora de l&#039;IES Teulada"},"content":{"rendered":"<p data-start=\"325\" data-end=\"779\">L&#039;Ajuntament de <strong data-start=\"344\" data-end=\"355\">Teulada<\/strong> ha donat per finalitzades les obres de reforma i adequaci\u00f3 del <strong data-start=\"418\" data-end=\"433\">IES Teulada<\/strong>, que han estat executades des de l&#039;any passat en el marc del programa <strong data-start=\"504\" data-end=\"517\">EDIFICANT<\/strong>, promogut per la <strong data-start=\"536\" data-end=\"562\">Generalitat Valenciana<\/strong>. Aquest pla t\u00e9 com a objectiu millorar la infraestructura educativa de la Comunitat Valenciana i, en aquest cas, s&#039;ha centrat a oferir un entorn m\u00e9s segur i adaptat a les necessitats de l&#039;alumnat i del professorat.<\/p>\n<p data-start=\"781\" data-end=\"1105\">Les intervencions, amb un cost total de <strong data-start=\"823\" data-end=\"839\">586.018,73 \u20ac<\/strong> (IVA incl\u00f2s), m\u00e9s una ampliaci\u00f3 de <strong data-start=\"878\" data-end=\"893\">14.357,49 \u20ac<\/strong>, han perm\u00e8s la creaci\u00f3 de nous espais al centre, a m\u00e9s de la reparaci\u00f3 de diverses estructures clau. En aquest sentit, s&#039;ha donat resposta a una de les demandes principals de la comunitat educativa.<\/p>\n<p data-start=\"1112\" data-end=\"1154\"><strong data-start=\"1112\" data-end=\"1154\">Nous espais i millores en seguretat<\/strong><\/p>\n<p data-start=\"1156\" data-end=\"1684\">Entre les obres realitzades destaca la construcci\u00f3 de nous despatxos per a l&#039;orientaci\u00f3 i l&#039;atenci\u00f3 a les fam\u00edlies, aix\u00ed com la reparaci\u00f3 de les cobertes de les aules i del gimn\u00e0s. A m\u00e9s, s&#039;ha procedit a la substituci\u00f3 completa del mur de tancament, un pas important per garantir una seguretat m\u00e9s gran en l&#039;entorn escolar. Amb aquestes millores, l&#039;IES Teulada estar\u00e0 en millors condicions per oferir un espai d&#039;aprenentatge m\u00e9s adequat per als estudiants durant aquest curs escolar i els propers anys.<\/p>\n<p data-start=\"1691\" data-end=\"1722\"><strong data-start=\"1691\" data-end=\"1722\">Comprom\u00eds amb l&#039;educaci\u00f3<\/strong><\/p>\n<p data-start=\"1724\" data-end=\"2016\">La <strong data-start=\"1727\" data-end=\"1752\">regidor d&#039;Educaci\u00f3<\/strong> de Teulada, <strong data-start=\"1765\" data-end=\"1784\">Rosana Caselles<\/strong>, va subratllar que &quot;amb aquestes actuacions donem resposta a una demanda hist\u00f2rica del centre i de la comunitat educativa, dotant l\u00b4IES Teulada d\u00b4infraestructures educatives de qualitat, segures i adaptades a les necessitats actuals&quot;.<\/p>\n<p data-start=\"2018\" data-end=\"2274\">Per la seva banda, el <strong data-start=\"2035\" data-end=\"2059\">alcalde Ra\u00fal Llobell<\/strong> ha destacat que &quot;l&#039;educaci\u00f3 \u00e9s una prioritat per a aquest equip de govern i la finalitzaci\u00f3 d&#039;aquestes obres n&#039;\u00e9s una mostra. Invertir als nostres centres educatius \u00e9s invertir en el futur de Teulada Moraira&quot;.<\/p>","protected":false},"excerpt":{"rendered":"<p>El Ayuntamiento de Teulada ha dado por finalizadas las obras de reforma y adecuaci\u00f3n del IES Teulada, que han sido ejecutadas desde el a\u00f1o pasado en el marco del programa EDIFICANT, promovido por la Generalitat Valenciana. Este plan tiene como objetivo mejorar la infraestructura educativa de la Comunitat Valenciana, y en este caso, se ha [&#8230;]<\/p>\n<p><a class=\"btn btn-secondary understrap-read-more-link\" href=\"https:\/\/radiolitoral.com\/ca\/2025\/10\/finalizan-las-obras-de-mejora-del-ies-teulada\/\">Continua llegint&#8230;<span class=\"screen-reader-text\"> from Finalizan las obras de mejora del IES Teulada<\/span><\/a><\/p>\n","protected":false},"author":14,"featured_media":18814,"comment_status":"open","ping_status":"closed","sticky":false,"template":"","format":"standard","meta":{"_acf_changed":false,"inline_featured_image":false,"footnotes":""},"categories":[100],"tags":[134,5022,835,195],"class_list":["post-18813","post","type-post","status-publish","format-standard","has-post-thumbnail","hentry","category-obras","tag-educacion","tag-ies-teulada","tag-obras","tag-teulada-moraira","cobertura-teulada-moraira"],"acf":[],"yoast_head":"<!-- This site is optimized with the Yoast SEO plugin v27.5 - https:\/\/yoast.com\/product\/yoast-seo-wordpress\/ -->\n<title>Finalizan las obras de mejora del IES Teulada | R\u00e0dio Litoral<\/title>\n<meta name=\"description\" content=\"El Ayuntamiento concluye las obras de mejora en el centro educativo dentro del marco del proyecto EDIFICANT\" \/>\n<meta name=\"robots\" content=\"index, follow, max-snippet:-1, max-image-preview:large, max-video-preview:-1\" \/>\n<link rel=\"canonical\" href=\"https:\/\/radiolitoral.com\/ca\/2025\/10\/finalitzen-les-obres-de-millora-de-lies-teulada\/\" \/>\n<meta property=\"og:locale\" content=\"ca_ES\" \/>\n<meta property=\"og:type\" content=\"article\" \/>\n<meta property=\"og:title\" content=\"Finalizan las obras de mejora del IES Teulada | R\u00e0dio Litoral\" \/>\n<meta property=\"og:description\" content=\"El Ayuntamiento concluye las obras de mejora en el centro educativo dentro del marco del proyecto EDIFICANT\" \/>\n<meta property=\"og:url\" content=\"https:\/\/radiolitoral.com\/ca\/2025\/10\/finalitzen-les-obres-de-millora-de-lies-teulada\/\" \/>\n<meta property=\"og:site_name\" content=\"R\u00e0dio Litoral\" \/>\n<meta property=\"article:publisher\" content=\"https:\/\/www.facebook.com\/Laradiolitoral\/\" \/>\n<meta property=\"article:published_time\" content=\"2025-10-07T07:13:45+00:00\" \/>\n<meta property=\"og:image\" content=\"https:\/\/media.radiolitoral.com\/wp-content\/uploads\/2025\/10\/07090718\/IES-TEULADA.jpg\" \/>\n\t<meta property=\"og:image:width\" content=\"2048\" \/>\n\t<meta property=\"og:image:height\" content=\"1536\" \/>\n\t<meta property=\"og:image:type\" content=\"image\/jpeg\" \/>\n<meta name=\"author\" content=\"Redacci\u00f3n\" \/>\n<meta name=\"twitter:card\" content=\"summary_large_image\" \/>\n<meta name=\"twitter:label1\" content=\"Escrit per\" \/>\n\t<meta name=\"twitter:data1\" content=\"Redacci\u00f3n\" \/>\n\t<meta name=\"twitter:label2\" content=\"Temps estimat de lectura\" \/>\n\t<meta name=\"twitter:data2\" content=\"2 minuts\" \/>\n<script type=\"application\/ld+json\" class=\"yoast-schema-graph\">{\"@context\":\"https:\\\/\\\/schema.org\",\"@graph\":[{\"@type\":\"NewsArticle\",\"@id\":\"https:\\\/\\\/radiolitoral.com\\\/2025\\\/10\\\/finalizan-las-obras-de-mejora-del-ies-teulada\\\/#article\",\"isPartOf\":{\"@id\":\"https:\\\/\\\/radiolitoral.com\\\/2025\\\/10\\\/finalizan-las-obras-de-mejora-del-ies-teulada\\\/\"},\"author\":{\"name\":\"Redacci\u00f3n\",\"@id\":\"https:\\\/\\\/radiolitoral.com\\\/#\\\/schema\\\/person\\\/96b739642eb3bedb532aac3812d23307\"},\"headline\":\"Finalizan las obras de mejora del IES Teulada\",\"datePublished\":\"2025-10-07T07:13:45+00:00\",\"mainEntityOfPage\":{\"@id\":\"https:\\\/\\\/radiolitoral.com\\\/2025\\\/10\\\/finalizan-las-obras-de-mejora-del-ies-teulada\\\/\"},\"wordCount\":329,\"commentCount\":0,\"publisher\":{\"@id\":\"https:\\\/\\\/radiolitoral.com\\\/#organization\"},\"image\":{\"@id\":\"https:\\\/\\\/radiolitoral.com\\\/2025\\\/10\\\/finalizan-las-obras-de-mejora-del-ies-teulada\\\/#primaryimage\"},\"thumbnailUrl\":\"https:\\\/\\\/media.radiolitoral.com\\\/wp-content\\\/uploads\\\/2025\\\/10\\\/07090718\\\/IES-TEULADA.jpg\",\"keywords\":[\"educaci\u00f3n\",\"IES Teulada\",\"obras\",\"Teulada-Moraira\"],\"articleSection\":[\"Obras\"],\"inLanguage\":\"ca\",\"potentialAction\":[{\"@type\":\"CommentAction\",\"name\":\"Comment\",\"target\":[\"https:\\\/\\\/radiolitoral.com\\\/2025\\\/10\\\/finalizan-las-obras-de-mejora-del-ies-teulada\\\/#respond\"]}]},{\"@type\":[\"WebPage\",\"ItemPage\"],\"@id\":\"https:\\\/\\\/radiolitoral.com\\\/2025\\\/10\\\/finalizan-las-obras-de-mejora-del-ies-teulada\\\/\",\"url\":\"https:\\\/\\\/radiolitoral.com\\\/2025\\\/10\\\/finalizan-las-obras-de-mejora-del-ies-teulada\\\/\",\"name\":\"Finalizan las obras de mejora del IES Teulada | R\u00e0dio Litoral\",\"isPartOf\":{\"@id\":\"https:\\\/\\\/radiolitoral.com\\\/#website\"},\"primaryImageOfPage\":{\"@id\":\"https:\\\/\\\/radiolitoral.com\\\/2025\\\/10\\\/finalizan-las-obras-de-mejora-del-ies-teulada\\\/#primaryimage\"},\"image\":{\"@id\":\"https:\\\/\\\/radiolitoral.com\\\/2025\\\/10\\\/finalizan-las-obras-de-mejora-del-ies-teulada\\\/#primaryimage\"},\"thumbnailUrl\":\"https:\\\/\\\/media.radiolitoral.com\\\/wp-content\\\/uploads\\\/2025\\\/10\\\/07090718\\\/IES-TEULADA.jpg\",\"datePublished\":\"2025-10-07T07:13:45+00:00\",\"description\":\"El Ayuntamiento concluye las obras de mejora en el centro educativo dentro del marco del proyecto EDIFICANT\",\"breadcrumb\":{\"@id\":\"https:\\\/\\\/radiolitoral.com\\\/2025\\\/10\\\/finalizan-las-obras-de-mejora-del-ies-teulada\\\/#breadcrumb\"},\"inLanguage\":\"ca\",\"potentialAction\":[{\"@type\":\"ReadAction\",\"target\":[\"https:\\\/\\\/radiolitoral.com\\\/2025\\\/10\\\/finalizan-las-obras-de-mejora-del-ies-teulada\\\/\"]}]},{\"@type\":\"ImageObject\",\"inLanguage\":\"ca\",\"@id\":\"https:\\\/\\\/radiolitoral.com\\\/2025\\\/10\\\/finalizan-las-obras-de-mejora-del-ies-teulada\\\/#primaryimage\",\"url\":\"https:\\\/\\\/media.radiolitoral.com\\\/wp-content\\\/uploads\\\/2025\\\/10\\\/07090718\\\/IES-TEULADA.jpg\",\"contentUrl\":\"https:\\\/\\\/media.radiolitoral.com\\\/wp-content\\\/uploads\\\/2025\\\/10\\\/07090718\\\/IES-TEULADA.jpg\",\"width\":2048,\"height\":1536},{\"@type\":\"BreadcrumbList\",\"@id\":\"https:\\\/\\\/radiolitoral.com\\\/2025\\\/10\\\/finalizan-las-obras-de-mejora-del-ies-teulada\\\/#breadcrumb\",\"itemListElement\":[{\"@type\":\"ListItem\",\"position\":1,\"name\":\"Portada\",\"item\":\"https:\\\/\\\/radiolitoral.com\\\/\"},{\"@type\":\"ListItem\",\"position\":2,\"name\":\"Finalizan las obras de mejora del IES Teulada\"}]},{\"@type\":\"WebSite\",\"@id\":\"https:\\\/\\\/radiolitoral.com\\\/#website\",\"url\":\"https:\\\/\\\/radiolitoral.com\\\/\",\"name\":\"Radio Litoral\",\"description\":\"La radio local de la Marina Alta\",\"publisher\":{\"@id\":\"https:\\\/\\\/radiolitoral.com\\\/#organization\"},\"alternateName\":\"Litoral FM\",\"potentialAction\":[{\"@type\":\"SearchAction\",\"target\":{\"@type\":\"EntryPoint\",\"urlTemplate\":\"https:\\\/\\\/radiolitoral.com\\\/?s={search_term_string}\"},\"query-input\":{\"@type\":\"PropertyValueSpecification\",\"valueRequired\":true,\"valueName\":\"search_term_string\"}}],\"inLanguage\":\"ca\"},{\"@type\":\"Organization\",\"@id\":\"https:\\\/\\\/radiolitoral.com\\\/#organization\",\"name\":\"Radio Litoral\",\"url\":\"https:\\\/\\\/radiolitoral.com\\\/\",\"logo\":{\"@type\":\"ImageObject\",\"inLanguage\":\"ca\",\"@id\":\"https:\\\/\\\/radiolitoral.com\\\/#\\\/schema\\\/logo\\\/image\\\/\",\"url\":\"https:\\\/\\\/media.radiolitoral.com\\\/wp-content\\\/uploads\\\/2023\\\/02\\\/24143238\\\/CL-V-RadioLitoral696.png\",\"contentUrl\":\"https:\\\/\\\/media.radiolitoral.com\\\/wp-content\\\/uploads\\\/2023\\\/02\\\/24143238\\\/CL-V-RadioLitoral696.png\",\"width\":696,\"height\":696,\"caption\":\"Radio Litoral\"},\"image\":{\"@id\":\"https:\\\/\\\/radiolitoral.com\\\/#\\\/schema\\\/logo\\\/image\\\/\"},\"sameAs\":[\"https:\\\/\\\/www.facebook.com\\\/Laradiolitoral\\\/\"]},{\"@type\":\"Person\",\"@id\":\"https:\\\/\\\/radiolitoral.com\\\/#\\\/schema\\\/person\\\/96b739642eb3bedb532aac3812d23307\",\"name\":\"Redacci\u00f3n\",\"image\":{\"@type\":\"ImageObject\",\"inLanguage\":\"ca\",\"@id\":\"https:\\\/\\\/secure.gravatar.com\\\/avatar\\\/30cd06129ee90411dd9c7cbdcf17464181d1a3c7b072e92070ea75a25cf0097e?s=96&d=mm&r=g\",\"url\":\"https:\\\/\\\/secure.gravatar.com\\\/avatar\\\/30cd06129ee90411dd9c7cbdcf17464181d1a3c7b072e92070ea75a25cf0097e?s=96&d=mm&r=g\",\"contentUrl\":\"https:\\\/\\\/secure.gravatar.com\\\/avatar\\\/30cd06129ee90411dd9c7cbdcf17464181d1a3c7b072e92070ea75a25cf0097e?s=96&d=mm&r=g\",\"caption\":\"Redacci\u00f3n\"},\"url\":\"https:\\\/\\\/radiolitoral.com\\\/ca\\\/author\\\/kevin-carrio\\\/\"}]}<\/script>\n<!-- \/ Yoast SEO plugin. -->","yoast_head_json":{"title":"Finalitzen les obres de millora de l&#039;IES Teulada R\u00e0dio Litoral","description":"L&#039;Ajuntament conclou les obres de millora al centre educatiu dins del marc del projecte EDIFICANT","robots":{"index":"index","follow":"follow","max-snippet":"max-snippet:-1","max-image-preview":"max-image-preview:large","max-video-preview":"max-video-preview:-1"},"canonical":"https:\/\/radiolitoral.com\/ca\/2025\/10\/finalitzen-les-obres-de-millora-de-lies-teulada\/","og_locale":"ca_ES","og_type":"article","og_title":"Finalizan las obras de mejora del IES Teulada | R\u00e0dio Litoral","og_description":"El Ayuntamiento concluye las obras de mejora en el centro educativo dentro del marco del proyecto EDIFICANT","og_url":"https:\/\/radiolitoral.com\/ca\/2025\/10\/finalitzen-les-obres-de-millora-de-lies-teulada\/","og_site_name":"R\u00e0dio Litoral","article_publisher":"https:\/\/www.facebook.com\/Laradiolitoral\/","article_published_time":"2025-10-07T07:13:45+00:00","og_image":[{"width":2048,"height":1536,"url":"https:\/\/media.radiolitoral.com\/wp-content\/uploads\/2025\/10\/07090718\/IES-TEULADA.jpg","type":"image\/jpeg"}],"author":"Redacci\u00f3n","twitter_card":"summary_large_image","twitter_misc":{"Escrit per":"Redacci\u00f3n","Temps estimat de lectura":"2 minuts"},"schema":{"@context":"https:\/\/schema.org","@graph":[{"@type":"NewsArticle","@id":"https:\/\/radiolitoral.com\/2025\/10\/finalizan-las-obras-de-mejora-del-ies-teulada\/#article","isPartOf":{"@id":"https:\/\/radiolitoral.com\/2025\/10\/finalizan-las-obras-de-mejora-del-ies-teulada\/"},"author":{"name":"Redacci\u00f3n","@id":"https:\/\/radiolitoral.com\/#\/schema\/person\/96b739642eb3bedb532aac3812d23307"},"headline":"Finalizan las obras de mejora del IES Teulada","datePublished":"2025-10-07T07:13:45+00:00","mainEntityOfPage":{"@id":"https:\/\/radiolitoral.com\/2025\/10\/finalizan-las-obras-de-mejora-del-ies-teulada\/"},"wordCount":329,"commentCount":0,"publisher":{"@id":"https:\/\/radiolitoral.com\/#organization"},"image":{"@id":"https:\/\/radiolitoral.com\/2025\/10\/finalizan-las-obras-de-mejora-del-ies-teulada\/#primaryimage"},"thumbnailUrl":"https:\/\/media.radiolitoral.com\/wp-content\/uploads\/2025\/10\/07090718\/IES-TEULADA.jpg","keywords":["educaci\u00f3n","IES Teulada","obras","Teulada-Moraira"],"articleSection":["Obras"],"inLanguage":"ca","potentialAction":[{"@type":"CommentAction","name":"Comment","target":["https:\/\/radiolitoral.com\/2025\/10\/finalizan-las-obras-de-mejora-del-ies-teulada\/#respond"]}]},{"@type":["WebPage","ItemPage"],"@id":"https:\/\/radiolitoral.com\/2025\/10\/finalizan-las-obras-de-mejora-del-ies-teulada\/","url":"https:\/\/radiolitoral.com\/2025\/10\/finalizan-las-obras-de-mejora-del-ies-teulada\/","name":"Finalitzen les obres de millora de l&#039;IES Teulada R\u00e0dio Litoral","isPartOf":{"@id":"https:\/\/radiolitoral.com\/#website"},"primaryImageOfPage":{"@id":"https:\/\/radiolitoral.com\/2025\/10\/finalizan-las-obras-de-mejora-del-ies-teulada\/#primaryimage"},"image":{"@id":"https:\/\/radiolitoral.com\/2025\/10\/finalizan-las-obras-de-mejora-del-ies-teulada\/#primaryimage"},"thumbnailUrl":"https:\/\/media.radiolitoral.com\/wp-content\/uploads\/2025\/10\/07090718\/IES-TEULADA.jpg","datePublished":"2025-10-07T07:13:45+00:00","description":"L&#039;Ajuntament conclou les obres de millora al centre educatiu dins del marc del projecte EDIFICANT","breadcrumb":{"@id":"https:\/\/radiolitoral.com\/2025\/10\/finalizan-las-obras-de-mejora-del-ies-teulada\/#breadcrumb"},"inLanguage":"ca","potentialAction":[{"@type":"ReadAction","target":["https:\/\/radiolitoral.com\/2025\/10\/finalizan-las-obras-de-mejora-del-ies-teulada\/"]}]},{"@type":"ImageObject","inLanguage":"ca","@id":"https:\/\/radiolitoral.com\/2025\/10\/finalizan-las-obras-de-mejora-del-ies-teulada\/#primaryimage","url":"https:\/\/media.radiolitoral.com\/wp-content\/uploads\/2025\/10\/07090718\/IES-TEULADA.jpg","contentUrl":"https:\/\/media.radiolitoral.com\/wp-content\/uploads\/2025\/10\/07090718\/IES-TEULADA.jpg","width":2048,"height":1536},{"@type":"BreadcrumbList","@id":"https:\/\/radiolitoral.com\/2025\/10\/finalizan-las-obras-de-mejora-del-ies-teulada\/#breadcrumb","itemListElement":[{"@type":"ListItem","position":1,"name":"Portada","item":"https:\/\/radiolitoral.com\/"},{"@type":"ListItem","position":2,"name":"Finalizan las obras de mejora del IES Teulada"}]},{"@type":"WebSite","@id":"https:\/\/radiolitoral.com\/#website","url":"https:\/\/radiolitoral.com\/","name":"R\u00e0dio Litoral","description":"La r\u00e0dio local de la Marina Alta","publisher":{"@id":"https:\/\/radiolitoral.com\/#organization"},"alternateName":"Litoral FM","potentialAction":[{"@type":"SearchAction","target":{"@type":"EntryPoint","urlTemplate":"https:\/\/radiolitoral.com\/?s={search_term_string}"},"query-input":{"@type":"PropertyValueSpecification","valueRequired":true,"valueName":"search_term_string"}}],"inLanguage":"ca"},{"@type":"Organization","@id":"https:\/\/radiolitoral.com\/#organization","name":"R\u00e0dio Litoral","url":"https:\/\/radiolitoral.com\/","logo":{"@type":"ImageObject","inLanguage":"ca","@id":"https:\/\/radiolitoral.com\/#\/schema\/logo\/image\/","url":"https:\/\/media.radiolitoral.com\/wp-content\/uploads\/2023\/02\/24143238\/CL-V-RadioLitoral696.png","contentUrl":"https:\/\/media.radiolitoral.com\/wp-content\/uploads\/2023\/02\/24143238\/CL-V-RadioLitoral696.png","width":696,"height":696,"caption":"Radio Litoral"},"image":{"@id":"https:\/\/radiolitoral.com\/#\/schema\/logo\/image\/"},"sameAs":["https:\/\/www.facebook.com\/Laradiolitoral\/"]},{"@type":"Person","@id":"https:\/\/radiolitoral.com\/#\/schema\/person\/96b739642eb3bedb532aac3812d23307","name":"Redacci\u00f3","image":{"@type":"ImageObject","inLanguage":"ca","@id":"https:\/\/secure.gravatar.com\/avatar\/30cd06129ee90411dd9c7cbdcf17464181d1a3c7b072e92070ea75a25cf0097e?s=96&d=mm&r=g","url":"https:\/\/secure.gravatar.com\/avatar\/30cd06129ee90411dd9c7cbdcf17464181d1a3c7b072e92070ea75a25cf0097e?s=96&d=mm&r=g","contentUrl":"https:\/\/secure.gravatar.com\/avatar\/30cd06129ee90411dd9c7cbdcf17464181d1a3c7b072e92070ea75a25cf0097e?s=96&d=mm&r=g","caption":"Redacci\u00f3n"},"url":"https:\/\/radiolitoral.com\/ca\/author\/kevin-carrio\/"}]}},"_links":{"self":[{"href":"https:\/\/radiolitoral.com\/ca\/wp-json\/wp\/v2\/posts\/18813","targetHints":{"allow":["GET"]}}],"collection":[{"href":"https:\/\/radiolitoral.com\/ca\/wp-json\/wp\/v2\/posts"}],"about":[{"href":"https:\/\/radiolitoral.com\/ca\/wp-json\/wp\/v2\/types\/post"}],"author":[{"embeddable":true,"href":"https:\/\/radiolitoral.com\/ca\/wp-json\/wp\/v2\/users\/14"}],"replies":[{"embeddable":true,"href":"https:\/\/radiolitoral.com\/ca\/wp-json\/wp\/v2\/comments?post=18813"}],"version-history":[{"count":1,"href":"https:\/\/radiolitoral.com\/ca\/wp-json\/wp\/v2\/posts\/18813\/revisions"}],"predecessor-version":[{"id":18815,"href":"https:\/\/radiolitoral.com\/ca\/wp-json\/wp\/v2\/posts\/18813\/revisions\/18815"}],"wp:featuredmedia":[{"embeddable":true,"href":"https:\/\/radiolitoral.com\/ca\/wp-json\/wp\/v2\/media\/18814"}],"wp:attachment":[{"href":"https:\/\/radiolitoral.com\/ca\/wp-json\/wp\/v2\/media?parent=18813"}],"wp:term":[{"taxonomy":"category","embeddable":true,"href":"https:\/\/radiolitoral.com\/ca\/wp-json\/wp\/v2\/categories?post=18813"},{"taxonomy":"post_tag","embeddable":true,"href":"https:\/\/radiolitoral.com\/ca\/wp-json\/wp\/v2\/tags?post=18813"}],"curies":[{"name":"wp","href":"https:\/\/api.w.org\/{rel}","templated":true}]}}