{"id":18809,"date":"2025-10-07T08:59:41","date_gmt":"2025-10-07T06:59:41","guid":{"rendered":"https:\/\/radiolitoral.com\/?p=18809"},"modified":"2025-10-07T08:59:41","modified_gmt":"2025-10-07T06:59:41","slug":"benissa-facilita-la-tramitacio-de-permisos-de-cremes-agricoles","status":"publish","type":"post","link":"https:\/\/radiolitoral.com\/ca\/2025\/10\/benissa-facilita-la-tramitacion-de-permisos-de-quemas-agricolas\/","title":{"rendered":"Benissa facilita la tramitaci\u00f3 de permisos de cremes agr\u00edcoles"},"content":{"rendered":"<p data-start=\"175\" data-end=\"657\">L&#039;Ajuntament de <strong>Benissa<\/strong> ha aprovat una reforma al <strong>Pla Local de Cremes<\/strong> (PLC) durant el ple ordinari de setembre. Aquest canvi simplificar\u00e0 els tr\u00e0mits per als agricultors al <strong>eliminar processos burocr\u00e0tics<\/strong> innecessaris.<\/p>\n<p data-start=\"175\" data-end=\"657\">A partir de finals de novembre, les autoritzacions per a les cremes agr\u00edcoles es poden gestionar mitjan\u00e7ant una declaraci\u00f3 responsable, sense necessitat d&#039;esperar una autoritzaci\u00f3 pr\u00e8via.<\/p>\n<p data-start=\"659\" data-end=\"1189\">Celia Ausias, regidora d&#039;Agricultura, Ramaderia i Medi Rural, va destacar que aquesta modificaci\u00f3 respon a una sol\u00b7licitud expressada al Consell Agrari. &quot;Aquest canvi suposa un aven\u00e7 significatiu en la relaci\u00f3 entre l&#039;ajuntament i el sector agr\u00edcola, responent a una reivindicaci\u00f3 plantejada al Consell Agrari&quot;, va explicar. Ausias va afegir que, amb aquesta mesura, es busca recon\u00e8ixer la responsabilitat dels agricultors en el compliment de les normatives de seguretat.<\/p>\n<h4 data-start=\"659\" data-end=\"1189\">Requisits de seguretat<\/h4>\n<p data-start=\"1191\" data-end=\"1564\">Tot i que s&#039;eliminaran tr\u00e0mits, el nou sistema <strong>no reduir\u00e0 els requisits de seguretat<\/strong>. &quot;Es mantenen els mateixos requisits de prevenci\u00f3 i control establerts al Pla Local de Cremes&quot;, va afirmar Ausias, que va subratllar que, malgrat l&#039;agilitat del proc\u00e9s, les garanties de seguretat seguiran sent una prioritat.<\/p>\n<p data-start=\"1566\" data-end=\"2073\">Per part seva, l&#039;alcalde de Benissa, <strong>Arturo Poquet<\/strong>, va ressaltar que la modificaci\u00f3 \u00e9s una mostra del comprom\u00eds del municipi amb el sector agr\u00edcola. &quot;Aquesta nova mesura \u00e9s una mostra del nostre comprom\u00eds amb el sector agr\u00edcola, ja que hem at\u00e8s la seva petici\u00f3 de reduir tr\u00e0mits i simplificar gestions. I, alhora, seguim treballant per una administraci\u00f3 m\u00e9s eficient i adaptada a les necessitats dels nostres ve\u00efns&quot;, va explicar Poquet.<\/p>\n<p data-start=\"2075\" data-end=\"2359\">Una de les mesures destacades \u00e9s que els permisos ja atorgats no necessitaran ser renovats una vegada entri en vigor el nou sistema. Aix\u00f2 contribuir\u00e0 a una transici\u00f3 m\u00e9s fluida per als agricultors que ja compten amb autoritzacions.<\/p>","protected":false},"excerpt":{"rendered":"<p>El Ayuntamiento de Benissa ha aprobado una reforma en el Plan Local de Quemas (PLC) durante el pleno ordinario de septiembre. Este cambio simplificar\u00e1 los tr\u00e1mites para los agricultores al eliminar procesos burocr\u00e1ticos innecesarios. A partir de finales de noviembre, las autorizaciones para las quemas agr\u00edcolas podr\u00e1n gestionarse mediante una declaraci\u00f3n responsable, sin la necesidad [&#8230;]<\/p>\n<p><a class=\"btn btn-secondary understrap-read-more-link\" href=\"https:\/\/radiolitoral.com\/ca\/2025\/10\/benissa-facilita-la-tramitacion-de-permisos-de-quemas-agricolas\/\">Continua llegint&#8230;<span class=\"screen-reader-text\"> from Benissa facilita la tramitaci\u00f3n de permisos de quemas agr\u00edcolas<\/span><\/a><\/p>\n","protected":false},"author":14,"featured_media":18810,"comment_status":"open","ping_status":"closed","sticky":false,"template":"","format":"standard","meta":{"_acf_changed":false,"inline_featured_image":false,"footnotes":""},"categories":[13],"tags":[268,126,269,5021,5020],"class_list":["post-18809","post","type-post","status-publish","format-standard","has-post-thumbnail","hentry","category-politica","tag-agricultura","tag-benissa","tag-medioambiente","tag-quemas","tag-quemas-agricolas","cobertura-benissa"],"acf":[],"yoast_head":"<!-- This site is optimized with the Yoast SEO plugin v27.5 - https:\/\/yoast.com\/product\/yoast-seo-wordpress\/ -->\n<title>Benissa facilita la tramitaci\u00f3n de permisos de quemas agr\u00edcolas | R\u00e0dio Litoral<\/title>\n<meta name=\"description\" content=\"Las autorizaciones para las quemas agr\u00edcolas podr\u00e1n gestionarse mediante una declaraci\u00f3n responsable\" \/>\n<meta name=\"robots\" content=\"index, follow, max-snippet:-1, max-image-preview:large, max-video-preview:-1\" \/>\n<link rel=\"canonical\" href=\"https:\/\/radiolitoral.com\/ca\/2025\/10\/benissa-facilita-la-tramitacio-de-permisos-de-cremes-agricoles\/\" \/>\n<meta property=\"og:locale\" content=\"ca_ES\" \/>\n<meta property=\"og:type\" content=\"article\" \/>\n<meta property=\"og:title\" content=\"Benissa facilita la tramitaci\u00f3n de permisos de quemas agr\u00edcolas | R\u00e0dio Litoral\" \/>\n<meta property=\"og:description\" content=\"Las autorizaciones para las quemas agr\u00edcolas podr\u00e1n gestionarse mediante una declaraci\u00f3n responsable\" \/>\n<meta property=\"og:url\" content=\"https:\/\/radiolitoral.com\/ca\/2025\/10\/benissa-facilita-la-tramitacio-de-permisos-de-cremes-agricoles\/\" \/>\n<meta property=\"og:site_name\" content=\"R\u00e0dio Litoral\" \/>\n<meta property=\"article:publisher\" content=\"https:\/\/www.facebook.com\/Laradiolitoral\/\" \/>\n<meta property=\"article:published_time\" content=\"2025-10-07T06:59:41+00:00\" \/>\n<meta property=\"og:image\" content=\"https:\/\/media.radiolitoral.com\/wp-content\/uploads\/2025\/10\/07085836\/quema-agricola.jpg\" \/>\n\t<meta property=\"og:image:width\" content=\"800\" \/>\n\t<meta property=\"og:image:height\" content=\"600\" \/>\n\t<meta property=\"og:image:type\" content=\"image\/jpeg\" \/>\n<meta name=\"author\" content=\"Redacci\u00f3n\" \/>\n<meta name=\"twitter:card\" content=\"summary_large_image\" \/>\n<meta name=\"twitter:label1\" content=\"Escrit per\" \/>\n\t<meta name=\"twitter:data1\" content=\"Redacci\u00f3n\" \/>\n\t<meta name=\"twitter:label2\" content=\"Temps estimat de lectura\" \/>\n\t<meta name=\"twitter:data2\" content=\"2 minuts\" \/>\n<script type=\"application\/ld+json\" class=\"yoast-schema-graph\">{\"@context\":\"https:\\\/\\\/schema.org\",\"@graph\":[{\"@type\":\"NewsArticle\",\"@id\":\"https:\\\/\\\/radiolitoral.com\\\/2025\\\/10\\\/benissa-facilita-la-tramitacion-de-permisos-de-quemas-agricolas\\\/#article\",\"isPartOf\":{\"@id\":\"https:\\\/\\\/radiolitoral.com\\\/2025\\\/10\\\/benissa-facilita-la-tramitacion-de-permisos-de-quemas-agricolas\\\/\"},\"author\":{\"name\":\"Redacci\u00f3n\",\"@id\":\"https:\\\/\\\/radiolitoral.com\\\/#\\\/schema\\\/person\\\/96b739642eb3bedb532aac3812d23307\"},\"headline\":\"Benissa facilita la tramitaci\u00f3n de permisos de quemas agr\u00edcolas\",\"datePublished\":\"2025-10-07T06:59:41+00:00\",\"mainEntityOfPage\":{\"@id\":\"https:\\\/\\\/radiolitoral.com\\\/2025\\\/10\\\/benissa-facilita-la-tramitacion-de-permisos-de-quemas-agricolas\\\/\"},\"wordCount\":328,\"commentCount\":0,\"publisher\":{\"@id\":\"https:\\\/\\\/radiolitoral.com\\\/#organization\"},\"image\":{\"@id\":\"https:\\\/\\\/radiolitoral.com\\\/2025\\\/10\\\/benissa-facilita-la-tramitacion-de-permisos-de-quemas-agricolas\\\/#primaryimage\"},\"thumbnailUrl\":\"https:\\\/\\\/media.radiolitoral.com\\\/wp-content\\\/uploads\\\/2025\\\/10\\\/07085836\\\/quema-agricola.jpg\",\"keywords\":[\"agricultura\",\"Benissa\",\"medioambiente\",\"quemas\",\"quemas agr\u00edcolas\"],\"articleSection\":[\"Pol\u00edtica\"],\"inLanguage\":\"ca\",\"potentialAction\":[{\"@type\":\"CommentAction\",\"name\":\"Comment\",\"target\":[\"https:\\\/\\\/radiolitoral.com\\\/2025\\\/10\\\/benissa-facilita-la-tramitacion-de-permisos-de-quemas-agricolas\\\/#respond\"]}]},{\"@type\":[\"WebPage\",\"ItemPage\"],\"@id\":\"https:\\\/\\\/radiolitoral.com\\\/2025\\\/10\\\/benissa-facilita-la-tramitacion-de-permisos-de-quemas-agricolas\\\/\",\"url\":\"https:\\\/\\\/radiolitoral.com\\\/2025\\\/10\\\/benissa-facilita-la-tramitacion-de-permisos-de-quemas-agricolas\\\/\",\"name\":\"Benissa facilita la tramitaci\u00f3n de permisos de quemas agr\u00edcolas | R\u00e0dio Litoral\",\"isPartOf\":{\"@id\":\"https:\\\/\\\/radiolitoral.com\\\/#website\"},\"primaryImageOfPage\":{\"@id\":\"https:\\\/\\\/radiolitoral.com\\\/2025\\\/10\\\/benissa-facilita-la-tramitacion-de-permisos-de-quemas-agricolas\\\/#primaryimage\"},\"image\":{\"@id\":\"https:\\\/\\\/radiolitoral.com\\\/2025\\\/10\\\/benissa-facilita-la-tramitacion-de-permisos-de-quemas-agricolas\\\/#primaryimage\"},\"thumbnailUrl\":\"https:\\\/\\\/media.radiolitoral.com\\\/wp-content\\\/uploads\\\/2025\\\/10\\\/07085836\\\/quema-agricola.jpg\",\"datePublished\":\"2025-10-07T06:59:41+00:00\",\"description\":\"Las autorizaciones para las quemas agr\u00edcolas podr\u00e1n gestionarse mediante una declaraci\u00f3n responsable\",\"breadcrumb\":{\"@id\":\"https:\\\/\\\/radiolitoral.com\\\/2025\\\/10\\\/benissa-facilita-la-tramitacion-de-permisos-de-quemas-agricolas\\\/#breadcrumb\"},\"inLanguage\":\"ca\",\"potentialAction\":[{\"@type\":\"ReadAction\",\"target\":[\"https:\\\/\\\/radiolitoral.com\\\/2025\\\/10\\\/benissa-facilita-la-tramitacion-de-permisos-de-quemas-agricolas\\\/\"]}]},{\"@type\":\"ImageObject\",\"inLanguage\":\"ca\",\"@id\":\"https:\\\/\\\/radiolitoral.com\\\/2025\\\/10\\\/benissa-facilita-la-tramitacion-de-permisos-de-quemas-agricolas\\\/#primaryimage\",\"url\":\"https:\\\/\\\/media.radiolitoral.com\\\/wp-content\\\/uploads\\\/2025\\\/10\\\/07085836\\\/quema-agricola.jpg\",\"contentUrl\":\"https:\\\/\\\/media.radiolitoral.com\\\/wp-content\\\/uploads\\\/2025\\\/10\\\/07085836\\\/quema-agricola.jpg\",\"width\":800,\"height\":600},{\"@type\":\"BreadcrumbList\",\"@id\":\"https:\\\/\\\/radiolitoral.com\\\/2025\\\/10\\\/benissa-facilita-la-tramitacion-de-permisos-de-quemas-agricolas\\\/#breadcrumb\",\"itemListElement\":[{\"@type\":\"ListItem\",\"position\":1,\"name\":\"Portada\",\"item\":\"https:\\\/\\\/radiolitoral.com\\\/\"},{\"@type\":\"ListItem\",\"position\":2,\"name\":\"Benissa facilita la tramitaci\u00f3n de permisos de quemas agr\u00edcolas\"}]},{\"@type\":\"WebSite\",\"@id\":\"https:\\\/\\\/radiolitoral.com\\\/#website\",\"url\":\"https:\\\/\\\/radiolitoral.com\\\/\",\"name\":\"Radio Litoral\",\"description\":\"La radio local de la Marina Alta\",\"publisher\":{\"@id\":\"https:\\\/\\\/radiolitoral.com\\\/#organization\"},\"alternateName\":\"Litoral FM\",\"potentialAction\":[{\"@type\":\"SearchAction\",\"target\":{\"@type\":\"EntryPoint\",\"urlTemplate\":\"https:\\\/\\\/radiolitoral.com\\\/?s={search_term_string}\"},\"query-input\":{\"@type\":\"PropertyValueSpecification\",\"valueRequired\":true,\"valueName\":\"search_term_string\"}}],\"inLanguage\":\"ca\"},{\"@type\":\"Organization\",\"@id\":\"https:\\\/\\\/radiolitoral.com\\\/#organization\",\"name\":\"Radio Litoral\",\"url\":\"https:\\\/\\\/radiolitoral.com\\\/\",\"logo\":{\"@type\":\"ImageObject\",\"inLanguage\":\"ca\",\"@id\":\"https:\\\/\\\/radiolitoral.com\\\/#\\\/schema\\\/logo\\\/image\\\/\",\"url\":\"https:\\\/\\\/media.radiolitoral.com\\\/wp-content\\\/uploads\\\/2023\\\/02\\\/24143238\\\/CL-V-RadioLitoral696.png\",\"contentUrl\":\"https:\\\/\\\/media.radiolitoral.com\\\/wp-content\\\/uploads\\\/2023\\\/02\\\/24143238\\\/CL-V-RadioLitoral696.png\",\"width\":696,\"height\":696,\"caption\":\"Radio Litoral\"},\"image\":{\"@id\":\"https:\\\/\\\/radiolitoral.com\\\/#\\\/schema\\\/logo\\\/image\\\/\"},\"sameAs\":[\"https:\\\/\\\/www.facebook.com\\\/Laradiolitoral\\\/\"]},{\"@type\":\"Person\",\"@id\":\"https:\\\/\\\/radiolitoral.com\\\/#\\\/schema\\\/person\\\/96b739642eb3bedb532aac3812d23307\",\"name\":\"Redacci\u00f3n\",\"image\":{\"@type\":\"ImageObject\",\"inLanguage\":\"ca\",\"@id\":\"https:\\\/\\\/secure.gravatar.com\\\/avatar\\\/30cd06129ee90411dd9c7cbdcf17464181d1a3c7b072e92070ea75a25cf0097e?s=96&d=mm&r=g\",\"url\":\"https:\\\/\\\/secure.gravatar.com\\\/avatar\\\/30cd06129ee90411dd9c7cbdcf17464181d1a3c7b072e92070ea75a25cf0097e?s=96&d=mm&r=g\",\"contentUrl\":\"https:\\\/\\\/secure.gravatar.com\\\/avatar\\\/30cd06129ee90411dd9c7cbdcf17464181d1a3c7b072e92070ea75a25cf0097e?s=96&d=mm&r=g\",\"caption\":\"Redacci\u00f3n\"},\"url\":\"https:\\\/\\\/radiolitoral.com\\\/ca\\\/author\\\/kevin-carrio\\\/\"}]}<\/script>\n<!-- \/ Yoast SEO plugin. -->","yoast_head_json":{"title":"Benissa facilita la tramitaci\u00f3 de permisos de cremes agr\u00edcoles | R\u00e0dio Litoral","description":"Les autoritzacions per a les cremes agr\u00edcoles es poden gestionar mitjan\u00e7ant una declaraci\u00f3 responsable","robots":{"index":"index","follow":"follow","max-snippet":"max-snippet:-1","max-image-preview":"max-image-preview:large","max-video-preview":"max-video-preview:-1"},"canonical":"https:\/\/radiolitoral.com\/ca\/2025\/10\/benissa-facilita-la-tramitacio-de-permisos-de-cremes-agricoles\/","og_locale":"ca_ES","og_type":"article","og_title":"Benissa facilita la tramitaci\u00f3n de permisos de quemas agr\u00edcolas | R\u00e0dio Litoral","og_description":"Las autorizaciones para las quemas agr\u00edcolas podr\u00e1n gestionarse mediante una declaraci\u00f3n responsable","og_url":"https:\/\/radiolitoral.com\/ca\/2025\/10\/benissa-facilita-la-tramitacio-de-permisos-de-cremes-agricoles\/","og_site_name":"R\u00e0dio Litoral","article_publisher":"https:\/\/www.facebook.com\/Laradiolitoral\/","article_published_time":"2025-10-07T06:59:41+00:00","og_image":[{"width":800,"height":600,"url":"https:\/\/media.radiolitoral.com\/wp-content\/uploads\/2025\/10\/07085836\/quema-agricola.jpg","type":"image\/jpeg"}],"author":"Redacci\u00f3n","twitter_card":"summary_large_image","twitter_misc":{"Escrit per":"Redacci\u00f3n","Temps estimat de lectura":"2 minuts"},"schema":{"@context":"https:\/\/schema.org","@graph":[{"@type":"NewsArticle","@id":"https:\/\/radiolitoral.com\/2025\/10\/benissa-facilita-la-tramitacion-de-permisos-de-quemas-agricolas\/#article","isPartOf":{"@id":"https:\/\/radiolitoral.com\/2025\/10\/benissa-facilita-la-tramitacion-de-permisos-de-quemas-agricolas\/"},"author":{"name":"Redacci\u00f3n","@id":"https:\/\/radiolitoral.com\/#\/schema\/person\/96b739642eb3bedb532aac3812d23307"},"headline":"Benissa facilita la tramitaci\u00f3n de permisos de quemas agr\u00edcolas","datePublished":"2025-10-07T06:59:41+00:00","mainEntityOfPage":{"@id":"https:\/\/radiolitoral.com\/2025\/10\/benissa-facilita-la-tramitacion-de-permisos-de-quemas-agricolas\/"},"wordCount":328,"commentCount":0,"publisher":{"@id":"https:\/\/radiolitoral.com\/#organization"},"image":{"@id":"https:\/\/radiolitoral.com\/2025\/10\/benissa-facilita-la-tramitacion-de-permisos-de-quemas-agricolas\/#primaryimage"},"thumbnailUrl":"https:\/\/media.radiolitoral.com\/wp-content\/uploads\/2025\/10\/07085836\/quema-agricola.jpg","keywords":["agricultura","Benissa","medioambiente","quemas","quemas agr\u00edcolas"],"articleSection":["Pol\u00edtica"],"inLanguage":"ca","potentialAction":[{"@type":"CommentAction","name":"Comment","target":["https:\/\/radiolitoral.com\/2025\/10\/benissa-facilita-la-tramitacion-de-permisos-de-quemas-agricolas\/#respond"]}]},{"@type":["WebPage","ItemPage"],"@id":"https:\/\/radiolitoral.com\/2025\/10\/benissa-facilita-la-tramitacion-de-permisos-de-quemas-agricolas\/","url":"https:\/\/radiolitoral.com\/2025\/10\/benissa-facilita-la-tramitacion-de-permisos-de-quemas-agricolas\/","name":"Benissa facilita la tramitaci\u00f3 de permisos de cremes agr\u00edcoles | R\u00e0dio Litoral","isPartOf":{"@id":"https:\/\/radiolitoral.com\/#website"},"primaryImageOfPage":{"@id":"https:\/\/radiolitoral.com\/2025\/10\/benissa-facilita-la-tramitacion-de-permisos-de-quemas-agricolas\/#primaryimage"},"image":{"@id":"https:\/\/radiolitoral.com\/2025\/10\/benissa-facilita-la-tramitacion-de-permisos-de-quemas-agricolas\/#primaryimage"},"thumbnailUrl":"https:\/\/media.radiolitoral.com\/wp-content\/uploads\/2025\/10\/07085836\/quema-agricola.jpg","datePublished":"2025-10-07T06:59:41+00:00","description":"Les autoritzacions per a les cremes agr\u00edcoles es poden gestionar mitjan\u00e7ant una declaraci\u00f3 responsable","breadcrumb":{"@id":"https:\/\/radiolitoral.com\/2025\/10\/benissa-facilita-la-tramitacion-de-permisos-de-quemas-agricolas\/#breadcrumb"},"inLanguage":"ca","potentialAction":[{"@type":"ReadAction","target":["https:\/\/radiolitoral.com\/2025\/10\/benissa-facilita-la-tramitacion-de-permisos-de-quemas-agricolas\/"]}]},{"@type":"ImageObject","inLanguage":"ca","@id":"https:\/\/radiolitoral.com\/2025\/10\/benissa-facilita-la-tramitacion-de-permisos-de-quemas-agricolas\/#primaryimage","url":"https:\/\/media.radiolitoral.com\/wp-content\/uploads\/2025\/10\/07085836\/quema-agricola.jpg","contentUrl":"https:\/\/media.radiolitoral.com\/wp-content\/uploads\/2025\/10\/07085836\/quema-agricola.jpg","width":800,"height":600},{"@type":"BreadcrumbList","@id":"https:\/\/radiolitoral.com\/2025\/10\/benissa-facilita-la-tramitacion-de-permisos-de-quemas-agricolas\/#breadcrumb","itemListElement":[{"@type":"ListItem","position":1,"name":"Portada","item":"https:\/\/radiolitoral.com\/"},{"@type":"ListItem","position":2,"name":"Benissa facilita la tramitaci\u00f3n de permisos de quemas agr\u00edcolas"}]},{"@type":"WebSite","@id":"https:\/\/radiolitoral.com\/#website","url":"https:\/\/radiolitoral.com\/","name":"R\u00e0dio Litoral","description":"La r\u00e0dio local de la Marina Alta","publisher":{"@id":"https:\/\/radiolitoral.com\/#organization"},"alternateName":"Litoral FM","potentialAction":[{"@type":"SearchAction","target":{"@type":"EntryPoint","urlTemplate":"https:\/\/radiolitoral.com\/?s={search_term_string}"},"query-input":{"@type":"PropertyValueSpecification","valueRequired":true,"valueName":"search_term_string"}}],"inLanguage":"ca"},{"@type":"Organization","@id":"https:\/\/radiolitoral.com\/#organization","name":"R\u00e0dio Litoral","url":"https:\/\/radiolitoral.com\/","logo":{"@type":"ImageObject","inLanguage":"ca","@id":"https:\/\/radiolitoral.com\/#\/schema\/logo\/image\/","url":"https:\/\/media.radiolitoral.com\/wp-content\/uploads\/2023\/02\/24143238\/CL-V-RadioLitoral696.png","contentUrl":"https:\/\/media.radiolitoral.com\/wp-content\/uploads\/2023\/02\/24143238\/CL-V-RadioLitoral696.png","width":696,"height":696,"caption":"Radio Litoral"},"image":{"@id":"https:\/\/radiolitoral.com\/#\/schema\/logo\/image\/"},"sameAs":["https:\/\/www.facebook.com\/Laradiolitoral\/"]},{"@type":"Person","@id":"https:\/\/radiolitoral.com\/#\/schema\/person\/96b739642eb3bedb532aac3812d23307","name":"Redacci\u00f3","image":{"@type":"ImageObject","inLanguage":"ca","@id":"https:\/\/secure.gravatar.com\/avatar\/30cd06129ee90411dd9c7cbdcf17464181d1a3c7b072e92070ea75a25cf0097e?s=96&d=mm&r=g","url":"https:\/\/secure.gravatar.com\/avatar\/30cd06129ee90411dd9c7cbdcf17464181d1a3c7b072e92070ea75a25cf0097e?s=96&d=mm&r=g","contentUrl":"https:\/\/secure.gravatar.com\/avatar\/30cd06129ee90411dd9c7cbdcf17464181d1a3c7b072e92070ea75a25cf0097e?s=96&d=mm&r=g","caption":"Redacci\u00f3n"},"url":"https:\/\/radiolitoral.com\/ca\/author\/kevin-carrio\/"}]}},"_links":{"self":[{"href":"https:\/\/radiolitoral.com\/ca\/wp-json\/wp\/v2\/posts\/18809","targetHints":{"allow":["GET"]}}],"collection":[{"href":"https:\/\/radiolitoral.com\/ca\/wp-json\/wp\/v2\/posts"}],"about":[{"href":"https:\/\/radiolitoral.com\/ca\/wp-json\/wp\/v2\/types\/post"}],"author":[{"embeddable":true,"href":"https:\/\/radiolitoral.com\/ca\/wp-json\/wp\/v2\/users\/14"}],"replies":[{"embeddable":true,"href":"https:\/\/radiolitoral.com\/ca\/wp-json\/wp\/v2\/comments?post=18809"}],"version-history":[{"count":1,"href":"https:\/\/radiolitoral.com\/ca\/wp-json\/wp\/v2\/posts\/18809\/revisions"}],"predecessor-version":[{"id":18811,"href":"https:\/\/radiolitoral.com\/ca\/wp-json\/wp\/v2\/posts\/18809\/revisions\/18811"}],"wp:featuredmedia":[{"embeddable":true,"href":"https:\/\/radiolitoral.com\/ca\/wp-json\/wp\/v2\/media\/18810"}],"wp:attachment":[{"href":"https:\/\/radiolitoral.com\/ca\/wp-json\/wp\/v2\/media?parent=18809"}],"wp:term":[{"taxonomy":"category","embeddable":true,"href":"https:\/\/radiolitoral.com\/ca\/wp-json\/wp\/v2\/categories?post=18809"},{"taxonomy":"post_tag","embeddable":true,"href":"https:\/\/radiolitoral.com\/ca\/wp-json\/wp\/v2\/tags?post=18809"}],"curies":[{"name":"wp","href":"https:\/\/api.w.org\/{rel}","templated":true}]}}