{"id":18793,"date":"2025-10-06T11:11:56","date_gmt":"2025-10-06T09:11:56","guid":{"rendered":"https:\/\/radiolitoral.com\/?p=18793"},"modified":"2025-10-06T11:11:56","modified_gmt":"2025-10-06T09:11:56","slug":"el-mur-cf-fre-al-fb-teulada","status":"publish","type":"post","link":"https:\/\/radiolitoral.com\/ca\/2025\/10\/el-muro-cf-freno-al-fb-teulada\/","title":{"rendered":"El Muro CF va frenar l&#039;FB Teulada"},"content":{"rendered":"<p>La primera derrota per al <strong>FB Teulada<\/strong> va arribar a la quarta jornada de la lliga de <strong>Primera FFCV<\/strong>, el <strong>Mur CF<\/strong> va frenar la gran arrencada de l&#039;equip de <strong>\u201cCoca\u201d<\/strong>, en v\u00e8ncer per <strong>2 a 1<\/strong>.<\/p>\n<p>Partit intens entre dos equips que van buscar la vict\u00f2ria, amb els locals molt motivats per rebre el l\u00edder, que van posar molt \u00edmpetu en totes les seves accions. Despr\u00e9s d&#039;una primera meitat controlada molt b\u00e9 per l&#039;FB Teulada, es va arribar al descans amb l&#039;empat a zero.<\/p>\n<p>L&#039;arrencada de la segona meitat va ser de control local, al minut051 es va avan\u00e7ar amb un gol de Steven. Un gol que va crear desconcert als teuladinos, aprofitat pel Muro CF per posar-se amb 2 a 0 despr\u00e9s de marcar, Joan.<\/p>\n<p>La reacci\u00f3 visitant va arribar passant a controlar la possessi\u00f3 de la pilota i Moreno va escur\u00e7ar difer\u00e8ncies amb el 2 a 1. L?expulsi\u00f3 d?un jugador local va augmentar el domini de l?FB Teulada que malgrat el seu esfor\u00e7 no va trobar el premi del gol.<\/p>\n<p>Despr\u00e9s de quatre jornades l&#039;FB Teulada ocupa la quarta pla\u00e7a a la classificaci\u00f3 a un sol punt del l\u00edder.<\/p>\n<p><script src=\"chrome-extension:\/\/flbolonkboilcbnohjlchlfgdalomdpl\/iFrame.js\" type=\"text\/javascript\"><\/script><\/p>","protected":false},"excerpt":{"rendered":"<p>La primera derrota para el FB Teulada lleg\u00f3 en la cuarta jornada de la liga de Primera FFCV, el Muro CF fren\u00f3 el gran arranque del equipo de \u201cCoca\u201d, al vencer por 2 a 1. Partido intenso entre dos equipos que buscaron la victoria, con los locales muy motivados por recibir al l\u00edder, que pusieron [&#8230;]<\/p>\n<p><a class=\"btn btn-secondary understrap-read-more-link\" href=\"https:\/\/radiolitoral.com\/ca\/2025\/10\/el-muro-cf-freno-al-fb-teulada\/\">Continua llegint&#8230;<span class=\"screen-reader-text\"> from El Muro CF fren\u00f3 al FB Teulada<\/span><\/a><\/p>\n","protected":false},"author":12,"featured_media":18794,"comment_status":"open","ping_status":"closed","sticky":false,"template":"","format":"standard","meta":{"_acf_changed":false,"inline_featured_image":false,"footnotes":""},"categories":[5],"tags":[3338,4651,1915],"class_list":["post-18793","post","type-post","status-publish","format-standard","has-post-thumbnail","hentry","category-deportes","tag-fb-teulada","tag-muro-cf","tag-primera-ffcv","cobertura-teulada-moraira"],"acf":[],"yoast_head":"<!-- This site is optimized with the Yoast SEO plugin v27.5 - https:\/\/yoast.com\/product\/yoast-seo-wordpress\/ -->\n<title>El Muro CF fren\u00f3 al FB Teulada | R\u00e0dio Litoral<\/title>\n<meta name=\"description\" content=\"Los teuladinos cayeron por primera vez en liga por 2 a 1 en un partido entretenidoLos teuladinos cayeron por primera vez en liga por 2 a 1 en un partido entretenido\" \/>\n<meta name=\"robots\" content=\"index, follow, max-snippet:-1, max-image-preview:large, max-video-preview:-1\" \/>\n<link rel=\"canonical\" href=\"https:\/\/radiolitoral.com\/ca\/2025\/10\/el-mur-cf-fre-al-fb-teulada\/\" \/>\n<meta property=\"og:locale\" content=\"ca_ES\" \/>\n<meta property=\"og:type\" content=\"article\" \/>\n<meta property=\"og:title\" content=\"El Muro CF fren\u00f3 al FB Teulada | R\u00e0dio Litoral\" \/>\n<meta property=\"og:description\" content=\"Los teuladinos cayeron por primera vez en liga por 2 a 1 en un partido entretenidoLos teuladinos cayeron por primera vez en liga por 2 a 1 en un partido entretenido\" \/>\n<meta property=\"og:url\" content=\"https:\/\/radiolitoral.com\/ca\/2025\/10\/el-mur-cf-fre-al-fb-teulada\/\" \/>\n<meta property=\"og:site_name\" content=\"R\u00e0dio Litoral\" \/>\n<meta property=\"article:publisher\" content=\"https:\/\/www.facebook.com\/Laradiolitoral\/\" \/>\n<meta property=\"article:published_time\" content=\"2025-10-06T09:11:56+00:00\" \/>\n<meta property=\"og:image\" content=\"https:\/\/media.radiolitoral.com\/wp-content\/uploads\/2025\/10\/06111133\/40901f1456ef2d1831fc7697fb00b8f4-1536x1024-1.jpg\" \/>\n\t<meta property=\"og:image:width\" content=\"1536\" \/>\n\t<meta property=\"og:image:height\" content=\"939\" \/>\n\t<meta property=\"og:image:type\" content=\"image\/jpeg\" \/>\n<meta name=\"author\" content=\"Javier Zamora\" \/>\n<meta name=\"twitter:card\" content=\"summary_large_image\" \/>\n<meta name=\"twitter:label1\" content=\"Escrit per\" \/>\n\t<meta name=\"twitter:data1\" content=\"Javier Zamora\" \/>\n\t<meta name=\"twitter:label2\" content=\"Temps estimat de lectura\" \/>\n\t<meta name=\"twitter:data2\" content=\"2 minuts\" \/>\n<script type=\"application\/ld+json\" class=\"yoast-schema-graph\">{\"@context\":\"https:\\\/\\\/schema.org\",\"@graph\":[{\"@type\":\"NewsArticle\",\"@id\":\"https:\\\/\\\/radiolitoral.com\\\/2025\\\/10\\\/el-muro-cf-freno-al-fb-teulada\\\/#article\",\"isPartOf\":{\"@id\":\"https:\\\/\\\/radiolitoral.com\\\/2025\\\/10\\\/el-muro-cf-freno-al-fb-teulada\\\/\"},\"author\":{\"name\":\"Javier Zamora\",\"@id\":\"https:\\\/\\\/radiolitoral.com\\\/#\\\/schema\\\/person\\\/7b1480b5caeb5acdd4ec6379caf62b22\"},\"headline\":\"El Muro CF fren\u00f3 al FB Teulada\",\"datePublished\":\"2025-10-06T09:11:56+00:00\",\"mainEntityOfPage\":{\"@id\":\"https:\\\/\\\/radiolitoral.com\\\/2025\\\/10\\\/el-muro-cf-freno-al-fb-teulada\\\/\"},\"wordCount\":195,\"commentCount\":0,\"publisher\":{\"@id\":\"https:\\\/\\\/radiolitoral.com\\\/#organization\"},\"image\":{\"@id\":\"https:\\\/\\\/radiolitoral.com\\\/2025\\\/10\\\/el-muro-cf-freno-al-fb-teulada\\\/#primaryimage\"},\"thumbnailUrl\":\"https:\\\/\\\/media.radiolitoral.com\\\/wp-content\\\/uploads\\\/2025\\\/10\\\/06111133\\\/40901f1456ef2d1831fc7697fb00b8f4-1536x1024-1.jpg\",\"keywords\":[\"FB Teulada\",\"Muro CF\",\"Primera\u00a0FFCV\"],\"articleSection\":[\"Deportes\"],\"inLanguage\":\"ca\",\"potentialAction\":[{\"@type\":\"CommentAction\",\"name\":\"Comment\",\"target\":[\"https:\\\/\\\/radiolitoral.com\\\/2025\\\/10\\\/el-muro-cf-freno-al-fb-teulada\\\/#respond\"]}]},{\"@type\":[\"WebPage\",\"ItemPage\"],\"@id\":\"https:\\\/\\\/radiolitoral.com\\\/2025\\\/10\\\/el-muro-cf-freno-al-fb-teulada\\\/\",\"url\":\"https:\\\/\\\/radiolitoral.com\\\/2025\\\/10\\\/el-muro-cf-freno-al-fb-teulada\\\/\",\"name\":\"El Muro CF fren\u00f3 al FB Teulada | R\u00e0dio Litoral\",\"isPartOf\":{\"@id\":\"https:\\\/\\\/radiolitoral.com\\\/#website\"},\"primaryImageOfPage\":{\"@id\":\"https:\\\/\\\/radiolitoral.com\\\/2025\\\/10\\\/el-muro-cf-freno-al-fb-teulada\\\/#primaryimage\"},\"image\":{\"@id\":\"https:\\\/\\\/radiolitoral.com\\\/2025\\\/10\\\/el-muro-cf-freno-al-fb-teulada\\\/#primaryimage\"},\"thumbnailUrl\":\"https:\\\/\\\/media.radiolitoral.com\\\/wp-content\\\/uploads\\\/2025\\\/10\\\/06111133\\\/40901f1456ef2d1831fc7697fb00b8f4-1536x1024-1.jpg\",\"datePublished\":\"2025-10-06T09:11:56+00:00\",\"description\":\"Los teuladinos cayeron por primera vez en liga por 2 a 1 en un partido entretenidoLos teuladinos cayeron por primera vez en liga por 2 a 1 en un partido entretenido\",\"breadcrumb\":{\"@id\":\"https:\\\/\\\/radiolitoral.com\\\/2025\\\/10\\\/el-muro-cf-freno-al-fb-teulada\\\/#breadcrumb\"},\"inLanguage\":\"ca\",\"potentialAction\":[{\"@type\":\"ReadAction\",\"target\":[\"https:\\\/\\\/radiolitoral.com\\\/2025\\\/10\\\/el-muro-cf-freno-al-fb-teulada\\\/\"]}]},{\"@type\":\"ImageObject\",\"inLanguage\":\"ca\",\"@id\":\"https:\\\/\\\/radiolitoral.com\\\/2025\\\/10\\\/el-muro-cf-freno-al-fb-teulada\\\/#primaryimage\",\"url\":\"https:\\\/\\\/media.radiolitoral.com\\\/wp-content\\\/uploads\\\/2025\\\/10\\\/06111133\\\/40901f1456ef2d1831fc7697fb00b8f4-1536x1024-1.jpg\",\"contentUrl\":\"https:\\\/\\\/media.radiolitoral.com\\\/wp-content\\\/uploads\\\/2025\\\/10\\\/06111133\\\/40901f1456ef2d1831fc7697fb00b8f4-1536x1024-1.jpg\",\"width\":1536,\"height\":939},{\"@type\":\"BreadcrumbList\",\"@id\":\"https:\\\/\\\/radiolitoral.com\\\/2025\\\/10\\\/el-muro-cf-freno-al-fb-teulada\\\/#breadcrumb\",\"itemListElement\":[{\"@type\":\"ListItem\",\"position\":1,\"name\":\"Portada\",\"item\":\"https:\\\/\\\/radiolitoral.com\\\/\"},{\"@type\":\"ListItem\",\"position\":2,\"name\":\"El Muro CF fren\u00f3 al FB Teulada\"}]},{\"@type\":\"WebSite\",\"@id\":\"https:\\\/\\\/radiolitoral.com\\\/#website\",\"url\":\"https:\\\/\\\/radiolitoral.com\\\/\",\"name\":\"Radio Litoral\",\"description\":\"La radio local de la Marina Alta\",\"publisher\":{\"@id\":\"https:\\\/\\\/radiolitoral.com\\\/#organization\"},\"alternateName\":\"Litoral FM\",\"potentialAction\":[{\"@type\":\"SearchAction\",\"target\":{\"@type\":\"EntryPoint\",\"urlTemplate\":\"https:\\\/\\\/radiolitoral.com\\\/?s={search_term_string}\"},\"query-input\":{\"@type\":\"PropertyValueSpecification\",\"valueRequired\":true,\"valueName\":\"search_term_string\"}}],\"inLanguage\":\"ca\"},{\"@type\":\"Organization\",\"@id\":\"https:\\\/\\\/radiolitoral.com\\\/#organization\",\"name\":\"Radio Litoral\",\"url\":\"https:\\\/\\\/radiolitoral.com\\\/\",\"logo\":{\"@type\":\"ImageObject\",\"inLanguage\":\"ca\",\"@id\":\"https:\\\/\\\/radiolitoral.com\\\/#\\\/schema\\\/logo\\\/image\\\/\",\"url\":\"https:\\\/\\\/media.radiolitoral.com\\\/wp-content\\\/uploads\\\/2023\\\/02\\\/24143238\\\/CL-V-RadioLitoral696.png\",\"contentUrl\":\"https:\\\/\\\/media.radiolitoral.com\\\/wp-content\\\/uploads\\\/2023\\\/02\\\/24143238\\\/CL-V-RadioLitoral696.png\",\"width\":696,\"height\":696,\"caption\":\"Radio Litoral\"},\"image\":{\"@id\":\"https:\\\/\\\/radiolitoral.com\\\/#\\\/schema\\\/logo\\\/image\\\/\"},\"sameAs\":[\"https:\\\/\\\/www.facebook.com\\\/Laradiolitoral\\\/\"]},{\"@type\":\"Person\",\"@id\":\"https:\\\/\\\/radiolitoral.com\\\/#\\\/schema\\\/person\\\/7b1480b5caeb5acdd4ec6379caf62b22\",\"name\":\"Javier Zamora\",\"image\":{\"@type\":\"ImageObject\",\"inLanguage\":\"ca\",\"@id\":\"https:\\\/\\\/secure.gravatar.com\\\/avatar\\\/467a11f6918c7d619c4043fc6fa2d3853053107973f05b6e9c04ea6c4e3a7b3f?s=96&d=mm&r=g\",\"url\":\"https:\\\/\\\/secure.gravatar.com\\\/avatar\\\/467a11f6918c7d619c4043fc6fa2d3853053107973f05b6e9c04ea6c4e3a7b3f?s=96&d=mm&r=g\",\"contentUrl\":\"https:\\\/\\\/secure.gravatar.com\\\/avatar\\\/467a11f6918c7d619c4043fc6fa2d3853053107973f05b6e9c04ea6c4e3a7b3f?s=96&d=mm&r=g\",\"caption\":\"Javier Zamora\"},\"url\":\"https:\\\/\\\/radiolitoral.com\\\/ca\\\/author\\\/javier-zamora\\\/\"}]}<\/script>\n<!-- \/ Yoast SEO plugin. -->","yoast_head_json":{"title":"El Muro CF va frenar l&#039;FB Teulada | R\u00e0dio Litoral","description":"Els teuladinos van caure per primera vegada en lliga per 2 a 1 en un partit entretingutEls teuladinos van caure per primera vegada en lliga per 2 a 1 en un partit entretingut","robots":{"index":"index","follow":"follow","max-snippet":"max-snippet:-1","max-image-preview":"max-image-preview:large","max-video-preview":"max-video-preview:-1"},"canonical":"https:\/\/radiolitoral.com\/ca\/2025\/10\/el-mur-cf-fre-al-fb-teulada\/","og_locale":"ca_ES","og_type":"article","og_title":"El Muro CF fren\u00f3 al FB Teulada | R\u00e0dio Litoral","og_description":"Los teuladinos cayeron por primera vez en liga por 2 a 1 en un partido entretenidoLos teuladinos cayeron por primera vez en liga por 2 a 1 en un partido entretenido","og_url":"https:\/\/radiolitoral.com\/ca\/2025\/10\/el-mur-cf-fre-al-fb-teulada\/","og_site_name":"R\u00e0dio Litoral","article_publisher":"https:\/\/www.facebook.com\/Laradiolitoral\/","article_published_time":"2025-10-06T09:11:56+00:00","og_image":[{"width":1536,"height":939,"url":"https:\/\/media.radiolitoral.com\/wp-content\/uploads\/2025\/10\/06111133\/40901f1456ef2d1831fc7697fb00b8f4-1536x1024-1.jpg","type":"image\/jpeg"}],"author":"Javier Zamora","twitter_card":"summary_large_image","twitter_misc":{"Escrit per":"Javier Zamora","Temps estimat de lectura":"2 minuts"},"schema":{"@context":"https:\/\/schema.org","@graph":[{"@type":"NewsArticle","@id":"https:\/\/radiolitoral.com\/2025\/10\/el-muro-cf-freno-al-fb-teulada\/#article","isPartOf":{"@id":"https:\/\/radiolitoral.com\/2025\/10\/el-muro-cf-freno-al-fb-teulada\/"},"author":{"name":"Javier Zamora","@id":"https:\/\/radiolitoral.com\/#\/schema\/person\/7b1480b5caeb5acdd4ec6379caf62b22"},"headline":"El Muro CF fren\u00f3 al FB Teulada","datePublished":"2025-10-06T09:11:56+00:00","mainEntityOfPage":{"@id":"https:\/\/radiolitoral.com\/2025\/10\/el-muro-cf-freno-al-fb-teulada\/"},"wordCount":195,"commentCount":0,"publisher":{"@id":"https:\/\/radiolitoral.com\/#organization"},"image":{"@id":"https:\/\/radiolitoral.com\/2025\/10\/el-muro-cf-freno-al-fb-teulada\/#primaryimage"},"thumbnailUrl":"https:\/\/media.radiolitoral.com\/wp-content\/uploads\/2025\/10\/06111133\/40901f1456ef2d1831fc7697fb00b8f4-1536x1024-1.jpg","keywords":["FB Teulada","Muro CF","Primera\u00a0FFCV"],"articleSection":["Deportes"],"inLanguage":"ca","potentialAction":[{"@type":"CommentAction","name":"Comment","target":["https:\/\/radiolitoral.com\/2025\/10\/el-muro-cf-freno-al-fb-teulada\/#respond"]}]},{"@type":["WebPage","ItemPage"],"@id":"https:\/\/radiolitoral.com\/2025\/10\/el-muro-cf-freno-al-fb-teulada\/","url":"https:\/\/radiolitoral.com\/2025\/10\/el-muro-cf-freno-al-fb-teulada\/","name":"El Muro CF va frenar l&#039;FB Teulada | R\u00e0dio Litoral","isPartOf":{"@id":"https:\/\/radiolitoral.com\/#website"},"primaryImageOfPage":{"@id":"https:\/\/radiolitoral.com\/2025\/10\/el-muro-cf-freno-al-fb-teulada\/#primaryimage"},"image":{"@id":"https:\/\/radiolitoral.com\/2025\/10\/el-muro-cf-freno-al-fb-teulada\/#primaryimage"},"thumbnailUrl":"https:\/\/media.radiolitoral.com\/wp-content\/uploads\/2025\/10\/06111133\/40901f1456ef2d1831fc7697fb00b8f4-1536x1024-1.jpg","datePublished":"2025-10-06T09:11:56+00:00","description":"Els teuladinos van caure per primera vegada en lliga per 2 a 1 en un partit entretingutEls teuladinos van caure per primera vegada en lliga per 2 a 1 en un partit entretingut","breadcrumb":{"@id":"https:\/\/radiolitoral.com\/2025\/10\/el-muro-cf-freno-al-fb-teulada\/#breadcrumb"},"inLanguage":"ca","potentialAction":[{"@type":"ReadAction","target":["https:\/\/radiolitoral.com\/2025\/10\/el-muro-cf-freno-al-fb-teulada\/"]}]},{"@type":"ImageObject","inLanguage":"ca","@id":"https:\/\/radiolitoral.com\/2025\/10\/el-muro-cf-freno-al-fb-teulada\/#primaryimage","url":"https:\/\/media.radiolitoral.com\/wp-content\/uploads\/2025\/10\/06111133\/40901f1456ef2d1831fc7697fb00b8f4-1536x1024-1.jpg","contentUrl":"https:\/\/media.radiolitoral.com\/wp-content\/uploads\/2025\/10\/06111133\/40901f1456ef2d1831fc7697fb00b8f4-1536x1024-1.jpg","width":1536,"height":939},{"@type":"BreadcrumbList","@id":"https:\/\/radiolitoral.com\/2025\/10\/el-muro-cf-freno-al-fb-teulada\/#breadcrumb","itemListElement":[{"@type":"ListItem","position":1,"name":"Portada","item":"https:\/\/radiolitoral.com\/"},{"@type":"ListItem","position":2,"name":"El Muro CF fren\u00f3 al FB Teulada"}]},{"@type":"WebSite","@id":"https:\/\/radiolitoral.com\/#website","url":"https:\/\/radiolitoral.com\/","name":"R\u00e0dio Litoral","description":"La r\u00e0dio local de la Marina Alta","publisher":{"@id":"https:\/\/radiolitoral.com\/#organization"},"alternateName":"Litoral FM","potentialAction":[{"@type":"SearchAction","target":{"@type":"EntryPoint","urlTemplate":"https:\/\/radiolitoral.com\/?s={search_term_string}"},"query-input":{"@type":"PropertyValueSpecification","valueRequired":true,"valueName":"search_term_string"}}],"inLanguage":"ca"},{"@type":"Organization","@id":"https:\/\/radiolitoral.com\/#organization","name":"R\u00e0dio Litoral","url":"https:\/\/radiolitoral.com\/","logo":{"@type":"ImageObject","inLanguage":"ca","@id":"https:\/\/radiolitoral.com\/#\/schema\/logo\/image\/","url":"https:\/\/media.radiolitoral.com\/wp-content\/uploads\/2023\/02\/24143238\/CL-V-RadioLitoral696.png","contentUrl":"https:\/\/media.radiolitoral.com\/wp-content\/uploads\/2023\/02\/24143238\/CL-V-RadioLitoral696.png","width":696,"height":696,"caption":"Radio Litoral"},"image":{"@id":"https:\/\/radiolitoral.com\/#\/schema\/logo\/image\/"},"sameAs":["https:\/\/www.facebook.com\/Laradiolitoral\/"]},{"@type":"Person","@id":"https:\/\/radiolitoral.com\/#\/schema\/person\/7b1480b5caeb5acdd4ec6379caf62b22","name":"Javier Zamora","image":{"@type":"ImageObject","inLanguage":"ca","@id":"https:\/\/secure.gravatar.com\/avatar\/467a11f6918c7d619c4043fc6fa2d3853053107973f05b6e9c04ea6c4e3a7b3f?s=96&d=mm&r=g","url":"https:\/\/secure.gravatar.com\/avatar\/467a11f6918c7d619c4043fc6fa2d3853053107973f05b6e9c04ea6c4e3a7b3f?s=96&d=mm&r=g","contentUrl":"https:\/\/secure.gravatar.com\/avatar\/467a11f6918c7d619c4043fc6fa2d3853053107973f05b6e9c04ea6c4e3a7b3f?s=96&d=mm&r=g","caption":"Javier Zamora"},"url":"https:\/\/radiolitoral.com\/ca\/author\/javier-zamora\/"}]}},"_links":{"self":[{"href":"https:\/\/radiolitoral.com\/ca\/wp-json\/wp\/v2\/posts\/18793","targetHints":{"allow":["GET"]}}],"collection":[{"href":"https:\/\/radiolitoral.com\/ca\/wp-json\/wp\/v2\/posts"}],"about":[{"href":"https:\/\/radiolitoral.com\/ca\/wp-json\/wp\/v2\/types\/post"}],"author":[{"embeddable":true,"href":"https:\/\/radiolitoral.com\/ca\/wp-json\/wp\/v2\/users\/12"}],"replies":[{"embeddable":true,"href":"https:\/\/radiolitoral.com\/ca\/wp-json\/wp\/v2\/comments?post=18793"}],"version-history":[{"count":2,"href":"https:\/\/radiolitoral.com\/ca\/wp-json\/wp\/v2\/posts\/18793\/revisions"}],"predecessor-version":[{"id":18796,"href":"https:\/\/radiolitoral.com\/ca\/wp-json\/wp\/v2\/posts\/18793\/revisions\/18796"}],"wp:featuredmedia":[{"embeddable":true,"href":"https:\/\/radiolitoral.com\/ca\/wp-json\/wp\/v2\/media\/18794"}],"wp:attachment":[{"href":"https:\/\/radiolitoral.com\/ca\/wp-json\/wp\/v2\/media?parent=18793"}],"wp:term":[{"taxonomy":"category","embeddable":true,"href":"https:\/\/radiolitoral.com\/ca\/wp-json\/wp\/v2\/categories?post=18793"},{"taxonomy":"post_tag","embeddable":true,"href":"https:\/\/radiolitoral.com\/ca\/wp-json\/wp\/v2\/tags?post=18793"}],"curies":[{"name":"wp","href":"https:\/\/api.w.org\/{rel}","templated":true}]}}