{"id":18643,"date":"2025-09-23T10:04:21","date_gmt":"2025-09-23T08:04:21","guid":{"rendered":"https:\/\/radiolitoral.com\/?p=18643"},"modified":"2025-09-23T10:04:21","modified_gmt":"2025-09-23T08:04:21","slug":"record-de-participacio-en-la-xi-travessa-al-peno-difac","status":"publish","type":"post","link":"https:\/\/radiolitoral.com\/ca\/2025\/09\/record-de-participacion-en-la-xi-travesia-al-penon-de-ifach\/","title":{"rendered":"R\u00e8cord de participaci\u00f3 a la XI Travessia al Penyal d&#039;Ifac"},"content":{"rendered":"<p>La <strong data-start=\"222\" data-end=\"256\">Travessia a Nedo Penyal d&#039;Ifac<\/strong>, celebrada aquest diumenge a la seva edici\u00f3 n\u00famero onze, va tornar a consolidar-se com una de les proves m\u00e9s emblem\u00e0tiques de la nataci\u00f3 en aig\u00fces obertes de la Costa Blanca, batent el seu r\u00e8cord d&#039;inscrits amb 898 participants. Organitzada pel <strong data-start=\"509\" data-end=\"538\">Reial Club N\u00e0utic de Calp<\/strong> i amb la col\u00b7laboraci\u00f3 de l&#039;Ajuntament, la travessia va desafiar els nedadors a cobrir <strong data-start=\"628\" data-end=\"644\">3.800 metres<\/strong> al mar Mediterrani, amb l&#039;imponent <strong data-start=\"686\" data-end=\"704\">Penyal d&#039;Ifac<\/strong> com a testimoni de lespectacle esportiu.<\/p>\n<figure id=\"attachment_18649\" aria-describedby=\"caption-attachment-18649\" style=\"width: 2048px\" class=\"wp-caption alignnone\"><img loading=\"lazy\" decoding=\"async\" class=\"wp-image-18649 size-full\" src=\"https:\/\/media.radiolitoral.com\/wp-content\/uploads\/2025\/09\/23100113\/Uno-de-los-podios-masculino.jpg\" alt=\"\" width=\"2048\" height=\"1536\" srcset=\"https:\/\/media.radiolitoral.com\/wp-content\/uploads\/2025\/09\/23100113\/Uno-de-los-podios-masculino.jpg 2048w, https:\/\/media.radiolitoral.com\/wp-content\/uploads\/2025\/09\/23100113\/Uno-de-los-podios-masculino-300x225.jpg 300w, https:\/\/media.radiolitoral.com\/wp-content\/uploads\/2025\/09\/23100113\/Uno-de-los-podios-masculino-1024x768.jpg 1024w, https:\/\/media.radiolitoral.com\/wp-content\/uploads\/2025\/09\/23100113\/Uno-de-los-podios-masculino-768x576.jpg 768w, https:\/\/media.radiolitoral.com\/wp-content\/uploads\/2025\/09\/23100113\/Uno-de-los-podios-masculino-1536x1152.jpg 1536w, https:\/\/media.radiolitoral.com\/wp-content\/uploads\/2025\/09\/23100113\/Uno-de-los-podios-masculino-16x12.jpg 16w, https:\/\/media.radiolitoral.com\/wp-content\/uploads\/2025\/09\/23100113\/Uno-de-los-podios-masculino-1000x750.jpg 1000w, https:\/\/media.radiolitoral.com\/wp-content\/uploads\/2025\/09\/23100113\/Uno-de-los-podios-masculino-100x75.jpg 100w, https:\/\/media.radiolitoral.com\/wp-content\/uploads\/2025\/09\/23100113\/Uno-de-los-podios-masculino-200x150.jpg 200w\" sizes=\"auto, (max-width: 2048px) 100vw, 2048px\" \/><figcaption id=\"caption-attachment-18649\" class=\"wp-caption-text\">Un dels podis masculins. | Ayto Calp<\/figcaption><\/figure>\n<h4>Gran ambient<\/h4>\n<p data-start=\"748\" data-end=\"965\">Des de primeres hores, l&#039;ambient va ser vibrant i festiu, amb nedadors de totes les edats i nivells compartint l&#039;experi\u00e8ncia, conscients que cada bra\u00e7ada tamb\u00e9 era un recorregut paisatg\u00edstic \u00fanic.<\/p>\n<p data-start=\"967\" data-end=\"1418\">A la competici\u00f3 masculina, el triomf absolut va correspondre a <strong data-start=\"1035\" data-end=\"1058\">Miguel Bou Bernabeu<\/strong>, qui va completar la travessia a <strong data-start=\"1090\" data-end=\"1118\">47 minuts i 45 segons<\/strong>, seguit molt de prop per <strong data-start=\"1145\" data-end=\"1184\">Francisco Jos\u00e9 Herv\u00e1s J\u00f3dar <\/strong>(47:51) i <strong data-start=\"1187\" data-end=\"1219\">Aaron Ledesma \u00c1lvaro <\/strong>(48:04).<\/p>\n<p data-start=\"967\" data-end=\"1418\">A la categoria femenina, la vict\u00f2ria va ser per <strong data-start=\"1272\" data-end=\"1295\">Rosa Mart\u00ednez Rogl\u00e1<\/strong> amb un temps de <strong data-start=\"1313\" data-end=\"1322\">52:26<\/strong>, mentre que el podi el van completar <strong data-start=\"1361\" data-end=\"1395\">Claudia Fandos Barreda <\/strong>(56:31) i <strong data-start=\"1398\" data-end=\"1415\">Andrea Smycek<\/strong>.<\/p>\n<figure id=\"attachment_18650\" aria-describedby=\"caption-attachment-18650\" style=\"width: 2048px\" class=\"wp-caption alignnone\"><img loading=\"lazy\" decoding=\"async\" class=\"wp-image-18650 size-full\" src=\"https:\/\/media.radiolitoral.com\/wp-content\/uploads\/2025\/09\/23100153\/Uno-de-los-podios-femenino.jpg\" alt=\"\" width=\"2048\" height=\"1536\" srcset=\"https:\/\/media.radiolitoral.com\/wp-content\/uploads\/2025\/09\/23100153\/Uno-de-los-podios-femenino.jpg 2048w, https:\/\/media.radiolitoral.com\/wp-content\/uploads\/2025\/09\/23100153\/Uno-de-los-podios-femenino-300x225.jpg 300w, https:\/\/media.radiolitoral.com\/wp-content\/uploads\/2025\/09\/23100153\/Uno-de-los-podios-femenino-1024x768.jpg 1024w, https:\/\/media.radiolitoral.com\/wp-content\/uploads\/2025\/09\/23100153\/Uno-de-los-podios-femenino-768x576.jpg 768w, https:\/\/media.radiolitoral.com\/wp-content\/uploads\/2025\/09\/23100153\/Uno-de-los-podios-femenino-1536x1152.jpg 1536w, https:\/\/media.radiolitoral.com\/wp-content\/uploads\/2025\/09\/23100153\/Uno-de-los-podios-femenino-16x12.jpg 16w, https:\/\/media.radiolitoral.com\/wp-content\/uploads\/2025\/09\/23100153\/Uno-de-los-podios-femenino-1000x750.jpg 1000w, https:\/\/media.radiolitoral.com\/wp-content\/uploads\/2025\/09\/23100153\/Uno-de-los-podios-femenino-100x75.jpg 100w, https:\/\/media.radiolitoral.com\/wp-content\/uploads\/2025\/09\/23100153\/Uno-de-los-podios-femenino-200x150.jpg 200w\" sizes=\"auto, (max-width: 2048px) 100vw, 2048px\" \/><figcaption id=\"caption-attachment-18650\" class=\"wp-caption-text\">Un dels podis femen\u00ed.| Ayto Calp<\/figcaption><\/figure>\n<h4 data-start=\"967\" data-end=\"1418\">Gran organitzaci\u00f3<\/h4>\n<p data-start=\"1420\" data-end=\"1750\">L&#039;\u00e8xit de l&#039;esdeveniment no hauria estat possible sense la col\u00b7laboraci\u00f3 de prop de 200 voluntaris, distribu\u00efts a mar i terra, que van garantir la seguretat i l&#039;organitzaci\u00f3. Caiaquistes, embarcacions de suport, personal sanitari i col\u00b7laboradors van treballar en conjunt perqu\u00e8 la jornada transcorregu\u00e9s amb total normalitat.<\/p>\n<h4 data-start=\"1420\" data-end=\"1750\">Reconeixements<\/h4>\n<p data-start=\"1752\" data-end=\"2035\">Un dels moments m\u00e9s emotius de la jornada va ser el <strong data-start=\"1806\" data-end=\"1889\">r<\/strong>reconeixement als nedadors que han completat les deu edicions anteriors, entre ells <strong data-start=\"1903\" data-end=\"1971\">Antonio Tur, Demetrio Fern\u00e1ndez, Francisco Mart\u00edn <\/strong>i<strong data-start=\"1903\" data-end=\"1971\"> Patricia Mas<\/strong>, homenatjats per la seva const\u00e0ncia i comprom\u00eds amb la travessia.<\/p>\n<figure id=\"attachment_18651\" aria-describedby=\"caption-attachment-18651\" style=\"width: 2048px\" class=\"wp-caption alignnone\"><img loading=\"lazy\" decoding=\"async\" class=\"wp-image-18651 size-full\" src=\"https:\/\/media.radiolitoral.com\/wp-content\/uploads\/2025\/09\/23100346\/nadadores-en-el-agua.jpg\" alt=\"\" width=\"2048\" height=\"1536\" srcset=\"https:\/\/media.radiolitoral.com\/wp-content\/uploads\/2025\/09\/23100346\/nadadores-en-el-agua.jpg 2048w, https:\/\/media.radiolitoral.com\/wp-content\/uploads\/2025\/09\/23100346\/nadadores-en-el-agua-300x225.jpg 300w, https:\/\/media.radiolitoral.com\/wp-content\/uploads\/2025\/09\/23100346\/nadadores-en-el-agua-1024x768.jpg 1024w, https:\/\/media.radiolitoral.com\/wp-content\/uploads\/2025\/09\/23100346\/nadadores-en-el-agua-768x576.jpg 768w, https:\/\/media.radiolitoral.com\/wp-content\/uploads\/2025\/09\/23100346\/nadadores-en-el-agua-1536x1152.jpg 1536w, https:\/\/media.radiolitoral.com\/wp-content\/uploads\/2025\/09\/23100346\/nadadores-en-el-agua-16x12.jpg 16w, https:\/\/media.radiolitoral.com\/wp-content\/uploads\/2025\/09\/23100346\/nadadores-en-el-agua-1000x750.jpg 1000w, https:\/\/media.radiolitoral.com\/wp-content\/uploads\/2025\/09\/23100346\/nadadores-en-el-agua-100x75.jpg 100w, https:\/\/media.radiolitoral.com\/wp-content\/uploads\/2025\/09\/23100346\/nadadores-en-el-agua-200x150.jpg 200w\" sizes=\"auto, (max-width: 2048px) 100vw, 2048px\" \/><figcaption id=\"caption-attachment-18651\" class=\"wp-caption-text\">Nedadors a l&#039;aigua.| Aj. Calp.<\/figcaption><\/figure>\n<p data-start=\"2037\" data-end=\"2433\">El president del RCN Calp<strong data-start=\"2055\" data-end=\"2082\">, Juan Belliure<\/strong>, va valorar l&#039;edici\u00f3 com un \u00e8xit total, destacant el r\u00e8cord de nedadors i voluntaris i la qualitat dels participants. Per la seva banda, la gerent del club, <strong data-start=\"2245\" data-end=\"2262\">Mada Mart\u00ednez<\/strong>, va subratllar la import\u00e0ncia de la implicaci\u00f3 de la comunitat local, patrocinadors i equip organitzador perqu\u00e8 la travessia segueixi creixent en prestigi i arrelament a Calp.<\/p>\n<p data-start=\"2435\" data-end=\"2714\" data-is-last-node=\"\" data-is-only-node=\"\">Amb aquesta edici\u00f3, la Travessia nadant Penyal d&#039;Ifac confirma la seva posici\u00f3 com una de les cites m\u00e9s esperades i respectades del calendari de nataci\u00f3 en aig\u00fces obertes, combinant competici\u00f3 d&#039;alt nivell, bellesa paisatg\u00edstica i un gran esperit de comunitat.<\/p>\n<p>&nbsp;<\/p>\n<p><script src=\"chrome-extension:\/\/flbolonkboilcbnohjlchlfgdalomdpl\/iFrame.js\" type=\"text\/javascript\"><\/script><\/p>","protected":false},"excerpt":{"rendered":"<p>La Traves\u00eda a Nado Pe\u00f1\u00f3n de Ifach, celebrada este domingo en su edici\u00f3n n\u00famero once, volvi\u00f3 a consolidarse como una de las pruebas m\u00e1s emblem\u00e1ticas de la nataci\u00f3n en aguas abiertas de la Costa Blanca, batiendo su r\u00e9cord de inscritos con 898 participantes. Organizada por el Real Club N\u00e1utico de Calp y con la colaboraci\u00f3n [&#8230;]<\/p>\n<p><a class=\"btn btn-secondary understrap-read-more-link\" href=\"https:\/\/radiolitoral.com\/ca\/2025\/09\/record-de-participacion-en-la-xi-travesia-al-penon-de-ifach\/\">Continua llegint&#8230;<span class=\"screen-reader-text\"> from R\u00e9cord de participaci\u00f3n en la XI Traves\u00eda al Pe\u00f1\u00f3n de Ifach<\/span><\/a><\/p>\n","protected":false},"author":12,"featured_media":18644,"comment_status":"open","ping_status":"closed","sticky":false,"template":"","format":"standard","meta":{"_acf_changed":false,"inline_featured_image":false,"footnotes":""},"categories":[5],"tags":[4983,2289,4986,4985,4987,6,4982,4988,4990,4991,4981,4989,1301,4980,4984,4979],"class_list":["post-18643","post","type-post","status-publish","format-standard","has-post-thumbnail","hentry","category-deportes","tag-aaron-ledesma-alvaro","tag-andrea-smycek","tag-antonio-tur","tag-claudia-fandos-barreda","tag-demetrio-fernandez","tag-deportes","tag-francisco-jose-hervas-jodar","tag-francisco-martin","tag-juan-belliure","tag-mada-martinez","tag-miguel-bou-bernabeu","tag-patricia-mas","tag-penon-de-ifach","tag-real-club-nautico-de-calp","tag-rosa-martinez-rogla","tag-travesia-a-nado-penon-de-ifach","cobertura-calp"],"acf":[],"yoast_head":"<!-- This site is optimized with the Yoast SEO plugin v27.5 - https:\/\/yoast.com\/product\/yoast-seo-wordpress\/ -->\n<title>R\u00e9cord de participaci\u00f3n en la XI Traves\u00eda al Pe\u00f1\u00f3n de Ifach | R\u00e0dio Litoral<\/title>\n<meta name=\"description\" content=\"La emblem\u00e1tica prueba que tuvo en Miguel Bou como vencedor reuni\u00f3 a 898 nadadoresLa emblem\u00e1tica prueba que tuvo en Miguel Bou como vencedor reuni\u00f3 a 898 nadadores\" \/>\n<meta name=\"robots\" content=\"index, follow, max-snippet:-1, max-image-preview:large, max-video-preview:-1\" \/>\n<link rel=\"canonical\" href=\"https:\/\/radiolitoral.com\/ca\/2025\/09\/record-de-participacio-en-la-xi-travessa-al-peno-difac\/\" \/>\n<meta property=\"og:locale\" content=\"ca_ES\" \/>\n<meta property=\"og:type\" content=\"article\" \/>\n<meta property=\"og:title\" content=\"R\u00e9cord de participaci\u00f3n en la XI Traves\u00eda al Pe\u00f1\u00f3n de Ifach | R\u00e0dio Litoral\" \/>\n<meta property=\"og:description\" content=\"La emblem\u00e1tica prueba que tuvo en Miguel Bou como vencedor reuni\u00f3 a 898 nadadoresLa emblem\u00e1tica prueba que tuvo en Miguel Bou como vencedor reuni\u00f3 a 898 nadadores\" \/>\n<meta property=\"og:url\" content=\"https:\/\/radiolitoral.com\/ca\/2025\/09\/record-de-participacio-en-la-xi-travessa-al-peno-difac\/\" \/>\n<meta property=\"og:site_name\" content=\"R\u00e0dio Litoral\" \/>\n<meta property=\"article:publisher\" content=\"https:\/\/www.facebook.com\/Laradiolitoral\/\" \/>\n<meta property=\"article:published_time\" content=\"2025-09-23T08:04:21+00:00\" \/>\n<meta property=\"og:image\" content=\"https:\/\/media.radiolitoral.com\/wp-content\/uploads\/2025\/09\/23095129\/Travesia-penon-de-Ifach.jpg\" \/>\n\t<meta property=\"og:image:width\" content=\"1024\" \/>\n\t<meta property=\"og:image:height\" content=\"611\" \/>\n\t<meta property=\"og:image:type\" content=\"image\/jpeg\" \/>\n<meta name=\"author\" content=\"Javier Zamora\" \/>\n<meta name=\"twitter:card\" content=\"summary_large_image\" \/>\n<meta name=\"twitter:label1\" content=\"Escrit per\" \/>\n\t<meta name=\"twitter:data1\" content=\"Javier Zamora\" \/>\n\t<meta name=\"twitter:label2\" content=\"Temps estimat de lectura\" \/>\n\t<meta name=\"twitter:data2\" content=\"3 minuts\" \/>\n<script type=\"application\/ld+json\" class=\"yoast-schema-graph\">{\"@context\":\"https:\\\/\\\/schema.org\",\"@graph\":[{\"@type\":\"NewsArticle\",\"@id\":\"https:\\\/\\\/radiolitoral.com\\\/2025\\\/09\\\/record-de-participacion-en-la-xi-travesia-al-penon-de-ifach\\\/#article\",\"isPartOf\":{\"@id\":\"https:\\\/\\\/radiolitoral.com\\\/2025\\\/09\\\/record-de-participacion-en-la-xi-travesia-al-penon-de-ifach\\\/\"},\"author\":{\"name\":\"Javier Zamora\",\"@id\":\"https:\\\/\\\/radiolitoral.com\\\/#\\\/schema\\\/person\\\/7b1480b5caeb5acdd4ec6379caf62b22\"},\"headline\":\"R\u00e9cord de participaci\u00f3n en la XI Traves\u00eda al Pe\u00f1\u00f3n de Ifach\",\"datePublished\":\"2025-09-23T08:04:21+00:00\",\"mainEntityOfPage\":{\"@id\":\"https:\\\/\\\/radiolitoral.com\\\/2025\\\/09\\\/record-de-participacion-en-la-xi-travesia-al-penon-de-ifach\\\/\"},\"wordCount\":469,\"commentCount\":0,\"publisher\":{\"@id\":\"https:\\\/\\\/radiolitoral.com\\\/#organization\"},\"image\":{\"@id\":\"https:\\\/\\\/radiolitoral.com\\\/2025\\\/09\\\/record-de-participacion-en-la-xi-travesia-al-penon-de-ifach\\\/#primaryimage\"},\"thumbnailUrl\":\"https:\\\/\\\/media.radiolitoral.com\\\/wp-content\\\/uploads\\\/2025\\\/09\\\/23095129\\\/Travesia-penon-de-Ifach.jpg\",\"keywords\":[\"Aaron Ledesma \u00c1lvaro\",\"Andrea\u00a0Smycek\",\"Antonio Tur\",\"Claudia Fandos Barreda\",\"Demetrio Fern\u00e1ndez\",\"deportes\",\"Francisco Jos\u00e9 Herv\u00e1s J\u00f3dar\",\"Francisco Mart\u00edn\",\"Juan Belliure\",\"Mada Mart\u00ednez\",\"Miguel Bou Bernabeu\",\"Patricia Mas\",\"Pe\u00f1\u00f3n de Ifach\",\"Real Club N\u00e1utico de Calp\",\"Rosa Mart\u00ednez Rogl\u00e1\",\"Traves\u00eda a Nado Pe\u00f1\u00f3n de Ifach\"],\"articleSection\":[\"Deportes\"],\"inLanguage\":\"ca\",\"potentialAction\":[{\"@type\":\"CommentAction\",\"name\":\"Comment\",\"target\":[\"https:\\\/\\\/radiolitoral.com\\\/2025\\\/09\\\/record-de-participacion-en-la-xi-travesia-al-penon-de-ifach\\\/#respond\"]}]},{\"@type\":[\"WebPage\",\"ItemPage\"],\"@id\":\"https:\\\/\\\/radiolitoral.com\\\/2025\\\/09\\\/record-de-participacion-en-la-xi-travesia-al-penon-de-ifach\\\/\",\"url\":\"https:\\\/\\\/radiolitoral.com\\\/2025\\\/09\\\/record-de-participacion-en-la-xi-travesia-al-penon-de-ifach\\\/\",\"name\":\"R\u00e9cord de participaci\u00f3n en la XI Traves\u00eda al Pe\u00f1\u00f3n de Ifach | R\u00e0dio Litoral\",\"isPartOf\":{\"@id\":\"https:\\\/\\\/radiolitoral.com\\\/#website\"},\"primaryImageOfPage\":{\"@id\":\"https:\\\/\\\/radiolitoral.com\\\/2025\\\/09\\\/record-de-participacion-en-la-xi-travesia-al-penon-de-ifach\\\/#primaryimage\"},\"image\":{\"@id\":\"https:\\\/\\\/radiolitoral.com\\\/2025\\\/09\\\/record-de-participacion-en-la-xi-travesia-al-penon-de-ifach\\\/#primaryimage\"},\"thumbnailUrl\":\"https:\\\/\\\/media.radiolitoral.com\\\/wp-content\\\/uploads\\\/2025\\\/09\\\/23095129\\\/Travesia-penon-de-Ifach.jpg\",\"datePublished\":\"2025-09-23T08:04:21+00:00\",\"description\":\"La emblem\u00e1tica prueba que tuvo en Miguel Bou como vencedor reuni\u00f3 a 898 nadadoresLa emblem\u00e1tica prueba que tuvo en Miguel Bou como vencedor reuni\u00f3 a 898 nadadores\",\"breadcrumb\":{\"@id\":\"https:\\\/\\\/radiolitoral.com\\\/2025\\\/09\\\/record-de-participacion-en-la-xi-travesia-al-penon-de-ifach\\\/#breadcrumb\"},\"inLanguage\":\"ca\",\"potentialAction\":[{\"@type\":\"ReadAction\",\"target\":[\"https:\\\/\\\/radiolitoral.com\\\/2025\\\/09\\\/record-de-participacion-en-la-xi-travesia-al-penon-de-ifach\\\/\"]}]},{\"@type\":\"ImageObject\",\"inLanguage\":\"ca\",\"@id\":\"https:\\\/\\\/radiolitoral.com\\\/2025\\\/09\\\/record-de-participacion-en-la-xi-travesia-al-penon-de-ifach\\\/#primaryimage\",\"url\":\"https:\\\/\\\/media.radiolitoral.com\\\/wp-content\\\/uploads\\\/2025\\\/09\\\/23095129\\\/Travesia-penon-de-Ifach.jpg\",\"contentUrl\":\"https:\\\/\\\/media.radiolitoral.com\\\/wp-content\\\/uploads\\\/2025\\\/09\\\/23095129\\\/Travesia-penon-de-Ifach.jpg\",\"width\":1024,\"height\":611},{\"@type\":\"BreadcrumbList\",\"@id\":\"https:\\\/\\\/radiolitoral.com\\\/2025\\\/09\\\/record-de-participacion-en-la-xi-travesia-al-penon-de-ifach\\\/#breadcrumb\",\"itemListElement\":[{\"@type\":\"ListItem\",\"position\":1,\"name\":\"Portada\",\"item\":\"https:\\\/\\\/radiolitoral.com\\\/\"},{\"@type\":\"ListItem\",\"position\":2,\"name\":\"R\u00e9cord de participaci\u00f3n en la XI Traves\u00eda al Pe\u00f1\u00f3n de Ifach\"}]},{\"@type\":\"WebSite\",\"@id\":\"https:\\\/\\\/radiolitoral.com\\\/#website\",\"url\":\"https:\\\/\\\/radiolitoral.com\\\/\",\"name\":\"Radio Litoral\",\"description\":\"La radio local de la Marina Alta\",\"publisher\":{\"@id\":\"https:\\\/\\\/radiolitoral.com\\\/#organization\"},\"alternateName\":\"Litoral FM\",\"potentialAction\":[{\"@type\":\"SearchAction\",\"target\":{\"@type\":\"EntryPoint\",\"urlTemplate\":\"https:\\\/\\\/radiolitoral.com\\\/?s={search_term_string}\"},\"query-input\":{\"@type\":\"PropertyValueSpecification\",\"valueRequired\":true,\"valueName\":\"search_term_string\"}}],\"inLanguage\":\"ca\"},{\"@type\":\"Organization\",\"@id\":\"https:\\\/\\\/radiolitoral.com\\\/#organization\",\"name\":\"Radio Litoral\",\"url\":\"https:\\\/\\\/radiolitoral.com\\\/\",\"logo\":{\"@type\":\"ImageObject\",\"inLanguage\":\"ca\",\"@id\":\"https:\\\/\\\/radiolitoral.com\\\/#\\\/schema\\\/logo\\\/image\\\/\",\"url\":\"https:\\\/\\\/media.radiolitoral.com\\\/wp-content\\\/uploads\\\/2023\\\/02\\\/24143238\\\/CL-V-RadioLitoral696.png\",\"contentUrl\":\"https:\\\/\\\/media.radiolitoral.com\\\/wp-content\\\/uploads\\\/2023\\\/02\\\/24143238\\\/CL-V-RadioLitoral696.png\",\"width\":696,\"height\":696,\"caption\":\"Radio Litoral\"},\"image\":{\"@id\":\"https:\\\/\\\/radiolitoral.com\\\/#\\\/schema\\\/logo\\\/image\\\/\"},\"sameAs\":[\"https:\\\/\\\/www.facebook.com\\\/Laradiolitoral\\\/\"]},{\"@type\":\"Person\",\"@id\":\"https:\\\/\\\/radiolitoral.com\\\/#\\\/schema\\\/person\\\/7b1480b5caeb5acdd4ec6379caf62b22\",\"name\":\"Javier Zamora\",\"image\":{\"@type\":\"ImageObject\",\"inLanguage\":\"ca\",\"@id\":\"https:\\\/\\\/secure.gravatar.com\\\/avatar\\\/467a11f6918c7d619c4043fc6fa2d3853053107973f05b6e9c04ea6c4e3a7b3f?s=96&d=mm&r=g\",\"url\":\"https:\\\/\\\/secure.gravatar.com\\\/avatar\\\/467a11f6918c7d619c4043fc6fa2d3853053107973f05b6e9c04ea6c4e3a7b3f?s=96&d=mm&r=g\",\"contentUrl\":\"https:\\\/\\\/secure.gravatar.com\\\/avatar\\\/467a11f6918c7d619c4043fc6fa2d3853053107973f05b6e9c04ea6c4e3a7b3f?s=96&d=mm&r=g\",\"caption\":\"Javier Zamora\"},\"url\":\"https:\\\/\\\/radiolitoral.com\\\/ca\\\/author\\\/javier-zamora\\\/\"}]}<\/script>\n<!-- \/ Yoast SEO plugin. -->","yoast_head_json":{"title":"R\u00e8cord de participaci\u00f3 a la XI Travessia al Penyal d&#039;Ifac | R\u00e0dio Litoral","description":"L&#039;emblem\u00e0tica prova que va tenir a Miguel Bou com a vencedor va reunir 898 nedadorsL&#039;emblem\u00e0tica prova que va tenir a Miguel Bou com a vencedor va reunir 898 nedadors","robots":{"index":"index","follow":"follow","max-snippet":"max-snippet:-1","max-image-preview":"max-image-preview:large","max-video-preview":"max-video-preview:-1"},"canonical":"https:\/\/radiolitoral.com\/ca\/2025\/09\/record-de-participacio-en-la-xi-travessa-al-peno-difac\/","og_locale":"ca_ES","og_type":"article","og_title":"R\u00e9cord de participaci\u00f3n en la XI Traves\u00eda al Pe\u00f1\u00f3n de Ifach | R\u00e0dio Litoral","og_description":"La emblem\u00e1tica prueba que tuvo en Miguel Bou como vencedor reuni\u00f3 a 898 nadadoresLa emblem\u00e1tica prueba que tuvo en Miguel Bou como vencedor reuni\u00f3 a 898 nadadores","og_url":"https:\/\/radiolitoral.com\/ca\/2025\/09\/record-de-participacio-en-la-xi-travessa-al-peno-difac\/","og_site_name":"R\u00e0dio Litoral","article_publisher":"https:\/\/www.facebook.com\/Laradiolitoral\/","article_published_time":"2025-09-23T08:04:21+00:00","og_image":[{"width":1024,"height":611,"url":"https:\/\/media.radiolitoral.com\/wp-content\/uploads\/2025\/09\/23095129\/Travesia-penon-de-Ifach.jpg","type":"image\/jpeg"}],"author":"Javier Zamora","twitter_card":"summary_large_image","twitter_misc":{"Escrit per":"Javier Zamora","Temps estimat de lectura":"3 minuts"},"schema":{"@context":"https:\/\/schema.org","@graph":[{"@type":"NewsArticle","@id":"https:\/\/radiolitoral.com\/2025\/09\/record-de-participacion-en-la-xi-travesia-al-penon-de-ifach\/#article","isPartOf":{"@id":"https:\/\/radiolitoral.com\/2025\/09\/record-de-participacion-en-la-xi-travesia-al-penon-de-ifach\/"},"author":{"name":"Javier Zamora","@id":"https:\/\/radiolitoral.com\/#\/schema\/person\/7b1480b5caeb5acdd4ec6379caf62b22"},"headline":"R\u00e9cord de participaci\u00f3n en la XI Traves\u00eda al Pe\u00f1\u00f3n de Ifach","datePublished":"2025-09-23T08:04:21+00:00","mainEntityOfPage":{"@id":"https:\/\/radiolitoral.com\/2025\/09\/record-de-participacion-en-la-xi-travesia-al-penon-de-ifach\/"},"wordCount":469,"commentCount":0,"publisher":{"@id":"https:\/\/radiolitoral.com\/#organization"},"image":{"@id":"https:\/\/radiolitoral.com\/2025\/09\/record-de-participacion-en-la-xi-travesia-al-penon-de-ifach\/#primaryimage"},"thumbnailUrl":"https:\/\/media.radiolitoral.com\/wp-content\/uploads\/2025\/09\/23095129\/Travesia-penon-de-Ifach.jpg","keywords":["Aaron Ledesma \u00c1lvaro","Andrea\u00a0Smycek","Antonio Tur","Claudia Fandos Barreda","Demetrio Fern\u00e1ndez","deportes","Francisco Jos\u00e9 Herv\u00e1s J\u00f3dar","Francisco Mart\u00edn","Juan Belliure","Mada Mart\u00ednez","Miguel Bou Bernabeu","Patricia Mas","Pe\u00f1\u00f3n de Ifach","Real Club N\u00e1utico de Calp","Rosa Mart\u00ednez Rogl\u00e1","Traves\u00eda a Nado Pe\u00f1\u00f3n de Ifach"],"articleSection":["Deportes"],"inLanguage":"ca","potentialAction":[{"@type":"CommentAction","name":"Comment","target":["https:\/\/radiolitoral.com\/2025\/09\/record-de-participacion-en-la-xi-travesia-al-penon-de-ifach\/#respond"]}]},{"@type":["WebPage","ItemPage"],"@id":"https:\/\/radiolitoral.com\/2025\/09\/record-de-participacion-en-la-xi-travesia-al-penon-de-ifach\/","url":"https:\/\/radiolitoral.com\/2025\/09\/record-de-participacion-en-la-xi-travesia-al-penon-de-ifach\/","name":"R\u00e8cord de participaci\u00f3 a la XI Travessia al Penyal d&#039;Ifac | R\u00e0dio Litoral","isPartOf":{"@id":"https:\/\/radiolitoral.com\/#website"},"primaryImageOfPage":{"@id":"https:\/\/radiolitoral.com\/2025\/09\/record-de-participacion-en-la-xi-travesia-al-penon-de-ifach\/#primaryimage"},"image":{"@id":"https:\/\/radiolitoral.com\/2025\/09\/record-de-participacion-en-la-xi-travesia-al-penon-de-ifach\/#primaryimage"},"thumbnailUrl":"https:\/\/media.radiolitoral.com\/wp-content\/uploads\/2025\/09\/23095129\/Travesia-penon-de-Ifach.jpg","datePublished":"2025-09-23T08:04:21+00:00","description":"L&#039;emblem\u00e0tica prova que va tenir a Miguel Bou com a vencedor va reunir 898 nedadorsL&#039;emblem\u00e0tica prova que va tenir a Miguel Bou com a vencedor va reunir 898 nedadors","breadcrumb":{"@id":"https:\/\/radiolitoral.com\/2025\/09\/record-de-participacion-en-la-xi-travesia-al-penon-de-ifach\/#breadcrumb"},"inLanguage":"ca","potentialAction":[{"@type":"ReadAction","target":["https:\/\/radiolitoral.com\/2025\/09\/record-de-participacion-en-la-xi-travesia-al-penon-de-ifach\/"]}]},{"@type":"ImageObject","inLanguage":"ca","@id":"https:\/\/radiolitoral.com\/2025\/09\/record-de-participacion-en-la-xi-travesia-al-penon-de-ifach\/#primaryimage","url":"https:\/\/media.radiolitoral.com\/wp-content\/uploads\/2025\/09\/23095129\/Travesia-penon-de-Ifach.jpg","contentUrl":"https:\/\/media.radiolitoral.com\/wp-content\/uploads\/2025\/09\/23095129\/Travesia-penon-de-Ifach.jpg","width":1024,"height":611},{"@type":"BreadcrumbList","@id":"https:\/\/radiolitoral.com\/2025\/09\/record-de-participacion-en-la-xi-travesia-al-penon-de-ifach\/#breadcrumb","itemListElement":[{"@type":"ListItem","position":1,"name":"Portada","item":"https:\/\/radiolitoral.com\/"},{"@type":"ListItem","position":2,"name":"R\u00e9cord de participaci\u00f3n en la XI Traves\u00eda al Pe\u00f1\u00f3n de Ifach"}]},{"@type":"WebSite","@id":"https:\/\/radiolitoral.com\/#website","url":"https:\/\/radiolitoral.com\/","name":"R\u00e0dio Litoral","description":"La r\u00e0dio local de la Marina Alta","publisher":{"@id":"https:\/\/radiolitoral.com\/#organization"},"alternateName":"Litoral FM","potentialAction":[{"@type":"SearchAction","target":{"@type":"EntryPoint","urlTemplate":"https:\/\/radiolitoral.com\/?s={search_term_string}"},"query-input":{"@type":"PropertyValueSpecification","valueRequired":true,"valueName":"search_term_string"}}],"inLanguage":"ca"},{"@type":"Organization","@id":"https:\/\/radiolitoral.com\/#organization","name":"R\u00e0dio Litoral","url":"https:\/\/radiolitoral.com\/","logo":{"@type":"ImageObject","inLanguage":"ca","@id":"https:\/\/radiolitoral.com\/#\/schema\/logo\/image\/","url":"https:\/\/media.radiolitoral.com\/wp-content\/uploads\/2023\/02\/24143238\/CL-V-RadioLitoral696.png","contentUrl":"https:\/\/media.radiolitoral.com\/wp-content\/uploads\/2023\/02\/24143238\/CL-V-RadioLitoral696.png","width":696,"height":696,"caption":"Radio Litoral"},"image":{"@id":"https:\/\/radiolitoral.com\/#\/schema\/logo\/image\/"},"sameAs":["https:\/\/www.facebook.com\/Laradiolitoral\/"]},{"@type":"Person","@id":"https:\/\/radiolitoral.com\/#\/schema\/person\/7b1480b5caeb5acdd4ec6379caf62b22","name":"Javier Zamora","image":{"@type":"ImageObject","inLanguage":"ca","@id":"https:\/\/secure.gravatar.com\/avatar\/467a11f6918c7d619c4043fc6fa2d3853053107973f05b6e9c04ea6c4e3a7b3f?s=96&d=mm&r=g","url":"https:\/\/secure.gravatar.com\/avatar\/467a11f6918c7d619c4043fc6fa2d3853053107973f05b6e9c04ea6c4e3a7b3f?s=96&d=mm&r=g","contentUrl":"https:\/\/secure.gravatar.com\/avatar\/467a11f6918c7d619c4043fc6fa2d3853053107973f05b6e9c04ea6c4e3a7b3f?s=96&d=mm&r=g","caption":"Javier Zamora"},"url":"https:\/\/radiolitoral.com\/ca\/author\/javier-zamora\/"}]}},"_links":{"self":[{"href":"https:\/\/radiolitoral.com\/ca\/wp-json\/wp\/v2\/posts\/18643","targetHints":{"allow":["GET"]}}],"collection":[{"href":"https:\/\/radiolitoral.com\/ca\/wp-json\/wp\/v2\/posts"}],"about":[{"href":"https:\/\/radiolitoral.com\/ca\/wp-json\/wp\/v2\/types\/post"}],"author":[{"embeddable":true,"href":"https:\/\/radiolitoral.com\/ca\/wp-json\/wp\/v2\/users\/12"}],"replies":[{"embeddable":true,"href":"https:\/\/radiolitoral.com\/ca\/wp-json\/wp\/v2\/comments?post=18643"}],"version-history":[{"count":2,"href":"https:\/\/radiolitoral.com\/ca\/wp-json\/wp\/v2\/posts\/18643\/revisions"}],"predecessor-version":[{"id":18653,"href":"https:\/\/radiolitoral.com\/ca\/wp-json\/wp\/v2\/posts\/18643\/revisions\/18653"}],"wp:featuredmedia":[{"embeddable":true,"href":"https:\/\/radiolitoral.com\/ca\/wp-json\/wp\/v2\/media\/18644"}],"wp:attachment":[{"href":"https:\/\/radiolitoral.com\/ca\/wp-json\/wp\/v2\/media?parent=18643"}],"wp:term":[{"taxonomy":"category","embeddable":true,"href":"https:\/\/radiolitoral.com\/ca\/wp-json\/wp\/v2\/categories?post=18643"},{"taxonomy":"post_tag","embeddable":true,"href":"https:\/\/radiolitoral.com\/ca\/wp-json\/wp\/v2\/tags?post=18643"}],"curies":[{"name":"wp","href":"https:\/\/api.w.org\/{rel}","templated":true}]}}