{"id":18613,"date":"2025-09-18T16:57:56","date_gmt":"2025-09-18T14:57:56","guid":{"rendered":"https:\/\/radiolitoral.com\/?p=18613"},"modified":"2025-09-18T16:57:56","modified_gmt":"2025-09-18T14:57:56","slug":"teulada-moraira-es-prepara-per-estrenar-el-museu-a-laire-lliure","status":"publish","type":"post","link":"https:\/\/radiolitoral.com\/ca\/2025\/09\/teulada-moraira-se-prepara-para-estrenar-su-museo-al-aire-libre\/","title":{"rendered":"Teulada Moraira es prepara per estrenar el museu a l&#039;aire lliure"},"content":{"rendered":"<p data-start=\"381\" data-end=\"786\">Dimecres passat 17 de setembre, el <strong data-start=\"422\" data-end=\"459\">Cercle de Belles Arts de Madrid<\/strong> va acollir la presentaci\u00f3 oficial de <em data-start=\"494\" data-end=\"544\">\u201cTeulada Moraira, Ciutat de Cultura i Escultura\u201d<\/em>, un projecte que busca convertir el municipi en un referent art\u00edstic a la <strong data-start=\"623\" data-end=\"639\">Costa Blanca<\/strong> i m\u00e9s enll\u00e0.<\/p>\n<p data-start=\"381\" data-end=\"786\">La iniciativa, impulsada per l&#039;Ajuntament, s&#039;inaugurar\u00e0 el proper <strong data-start=\"723\" data-end=\"748\">18 d&#039;octubre del 2025<\/strong> al <strong data-start=\"755\" data-end=\"783\">Auditori Teulada Moraira<\/strong>.<\/p>\n<h3 data-start=\"788\" data-end=\"839\">Escultures monumentals a l&#039;espai p\u00fablic<\/h3>\n<p data-start=\"840\" data-end=\"1213\">El recorregut escult\u00f2ric comptar\u00e0 amb <strong data-start=\"877\" data-end=\"906\">set peces monumentals<\/strong> signades per creadors nacionals i internacionals de gran projecci\u00f3. S&#039;hi afegir\u00e0 el conegut <strong data-start=\"1010\" data-end=\"1030\">\u201cGegant de Sal\u201d<\/strong>, ja empla\u00e7at al costat del Castell de Moraira. Les obres estaran situades a punts estrat\u00e8gics de carrers i places, generant un di\u00e0leg entre art contemporani i patrimoni urb\u00e0.<\/p>\n<p data-start=\"1215\" data-end=\"1384\">Per enriquir lexperi\u00e8ncia, cada escultura disposar\u00e0 de <strong data-start=\"1275\" data-end=\"1289\">codis QR<\/strong> que oferiran informaci\u00f3 detallada sobre l&#039;autor, el significat i el context de l&#039;obra.<\/p>\n<h3 data-start=\"1386\" data-end=\"1435\">Cultura accessible per a ve\u00efns i visitants<\/h3>\n<p data-start=\"1436\" data-end=\"1895\">La regidora de Cultura, <strong data-start=\"1461\" data-end=\"1482\">Ver\u00f3nica Mart\u00ednez<\/strong>, ha explicat que &quot;aquest projecte neix amb la vocaci\u00f3 de situar Teulada Moraira al mapa cultural de refer\u00e8ncia, no nom\u00e9s de la Comunitat Valenciana sin\u00f3 tamb\u00e9 de l&#039;\u00e0mbit nacional i internacional. La ruta escult\u00f2rica \u00e9s un di\u00e0leg obert entre l&#039;art contemporani i el nostre patrimoni urb\u00e0, i est\u00e0 pensada perqu\u00e8 ve\u00efns i visitants visquin la cultura en primera persona&quot;, creant un museu a l&#039;aire lliure.<\/p>\n<p data-start=\"1940\" data-end=\"2585\">L&#039;alcalde, <strong data-start=\"1952\" data-end=\"1968\">Ra\u00fal Llobell<\/strong>, va posar en relleu la import\u00e0ncia de la iniciativa per al municipi: \u201cTeulada Moraira, Ciutat de Cultura i Escultura \u00e9s exemple clar de com Teulada Moraira es transforma en un espai viu on l&#039;art monumental no nom\u00e9s embelleix, sin\u00f3 que potencia el turisme cultural al nostre municipi, millorant la nostra economia i preservant sempre la nostra identitat local\u201d.<\/p>\n<p data-start=\"1940\" data-end=\"2585\">Aix\u00ed mateix, va considerar que &quot;la inauguraci\u00f3 del proper 18 d&#039;octubre ser\u00e0 un moment hist\u00f2ric per al nostre municipi, una jornada en qu\u00e8 es descobrir\u00e0 per primera vegada aquesta ruta escult\u00f2rica que marcar\u00e0 un abans i un despr\u00e9s a Teulada Moraira&quot;.<\/p>\n<p data-start=\"2627\" data-end=\"2836\">L&#039;acte inaugural est\u00e0 previst per al <strong data-start=\"2667\" data-end=\"2709\">dissabte 18 d&#039;octubre a les 12.00 hores<\/strong> al <strong data-start=\"2716\" data-end=\"2744\">Auditori Teulada Moraira<\/strong>, on tamb\u00e9 s&#039;obrir\u00e0 una exposici\u00f3 temporal complement\u00e0ria al recorregut escult\u00f2ric.<\/p>","protected":false},"excerpt":{"rendered":"<p>El pasado mi\u00e9rcoles 17 de septiembre, el C\u00edrculo de Bellas Artes de Madrid acogi\u00f3 la presentaci\u00f3n oficial de \u201cTeulada Moraira, Ciudad de Cultura y Escultura\u201d, un proyecto que busca convertir al municipio en un referente art\u00edstico en la Costa Blanca y m\u00e1s all\u00e1. La iniciativa, impulsada por el Ayuntamiento, se inaugurar\u00e1 el pr\u00f3ximo 18 de [&#8230;]<\/p>\n<p><a class=\"btn btn-secondary understrap-read-more-link\" href=\"https:\/\/radiolitoral.com\/ca\/2025\/09\/teulada-moraira-se-prepara-para-estrenar-su-museo-al-aire-libre\/\">Continua llegint&#8230;<span class=\"screen-reader-text\"> from Teulada Moraira se prepara para estrenar su museo al aire libre<\/span><\/a><\/p>\n","protected":false},"author":14,"featured_media":18615,"comment_status":"open","ping_status":"closed","sticky":false,"template":"","format":"standard","meta":{"_acf_changed":false,"inline_featured_image":false,"footnotes":""},"categories":[55],"tags":[4977,4976,195],"class_list":["post-18613","post","type-post","status-publish","format-standard","has-post-thumbnail","hentry","category-cultura","tag-gigante-de-sal","tag-madrid","tag-teulada-moraira","cobertura-teulada-moraira"],"acf":[],"yoast_head":"<!-- This site is optimized with the Yoast SEO plugin v27.5 - https:\/\/yoast.com\/product\/yoast-seo-wordpress\/ -->\n<title>Teulada Moraira se prepara para estrenar su museo al aire libre | R\u00e0dio Litoral<\/title>\n<meta name=\"description\" content=\"El municipio present\u00f3 en Madrid la primera edici\u00f3n de la ruta escult\u00f3rica \u201cCiudad de Cultura y Escultura\u201d\" \/>\n<meta name=\"robots\" content=\"index, follow, max-snippet:-1, max-image-preview:large, max-video-preview:-1\" \/>\n<link rel=\"canonical\" href=\"https:\/\/radiolitoral.com\/ca\/2025\/09\/teulada-moraira-es-prepara-per-estrenar-el-museu-a-laire-lliure\/\" \/>\n<meta property=\"og:locale\" content=\"ca_ES\" \/>\n<meta property=\"og:type\" content=\"article\" \/>\n<meta property=\"og:title\" content=\"Teulada Moraira se prepara para estrenar su museo al aire libre | R\u00e0dio Litoral\" \/>\n<meta property=\"og:description\" content=\"El municipio present\u00f3 en Madrid la primera edici\u00f3n de la ruta escult\u00f3rica \u201cCiudad de Cultura y Escultura\u201d\" \/>\n<meta property=\"og:url\" content=\"https:\/\/radiolitoral.com\/ca\/2025\/09\/teulada-moraira-es-prepara-per-estrenar-el-museu-a-laire-lliure\/\" \/>\n<meta property=\"og:site_name\" content=\"R\u00e0dio Litoral\" \/>\n<meta property=\"article:publisher\" content=\"https:\/\/www.facebook.com\/Laradiolitoral\/\" \/>\n<meta property=\"article:published_time\" content=\"2025-09-18T14:57:56+00:00\" \/>\n<meta property=\"og:image\" content=\"https:\/\/media.radiolitoral.com\/wp-content\/uploads\/2025\/09\/18165738\/NOTA-DE-PRENSA-Teulada-Moraira-presenta-en-el-Circulo-de-Bellas-Artes-de-Madrid-el-proyecto-Teulada-Moraira-Ciudad-de-Cultura-y-Escultura-scaled.jpeg\" \/>\n\t<meta property=\"og:image:width\" content=\"2560\" \/>\n\t<meta property=\"og:image:height\" content=\"1920\" \/>\n\t<meta property=\"og:image:type\" content=\"image\/jpeg\" \/>\n<meta name=\"author\" content=\"Redacci\u00f3n\" \/>\n<meta name=\"twitter:card\" content=\"summary_large_image\" \/>\n<meta name=\"twitter:label1\" content=\"Escrit per\" \/>\n\t<meta name=\"twitter:data1\" content=\"Redacci\u00f3n\" \/>\n\t<meta name=\"twitter:label2\" content=\"Temps estimat de lectura\" \/>\n\t<meta name=\"twitter:data2\" content=\"2 minuts\" \/>\n<script type=\"application\/ld+json\" class=\"yoast-schema-graph\">{\"@context\":\"https:\\\/\\\/schema.org\",\"@graph\":[{\"@type\":\"NewsArticle\",\"@id\":\"https:\\\/\\\/radiolitoral.com\\\/2025\\\/09\\\/teulada-moraira-se-prepara-para-estrenar-su-museo-al-aire-libre\\\/#article\",\"isPartOf\":{\"@id\":\"https:\\\/\\\/radiolitoral.com\\\/2025\\\/09\\\/teulada-moraira-se-prepara-para-estrenar-su-museo-al-aire-libre\\\/\"},\"author\":{\"name\":\"Redacci\u00f3n\",\"@id\":\"https:\\\/\\\/radiolitoral.com\\\/#\\\/schema\\\/person\\\/96b739642eb3bedb532aac3812d23307\"},\"headline\":\"Teulada Moraira se prepara para estrenar su museo al aire libre\",\"datePublished\":\"2025-09-18T14:57:56+00:00\",\"mainEntityOfPage\":{\"@id\":\"https:\\\/\\\/radiolitoral.com\\\/2025\\\/09\\\/teulada-moraira-se-prepara-para-estrenar-su-museo-al-aire-libre\\\/\"},\"wordCount\":398,\"commentCount\":0,\"publisher\":{\"@id\":\"https:\\\/\\\/radiolitoral.com\\\/#organization\"},\"image\":{\"@id\":\"https:\\\/\\\/radiolitoral.com\\\/2025\\\/09\\\/teulada-moraira-se-prepara-para-estrenar-su-museo-al-aire-libre\\\/#primaryimage\"},\"thumbnailUrl\":\"https:\\\/\\\/media.radiolitoral.com\\\/wp-content\\\/uploads\\\/2025\\\/09\\\/18165738\\\/NOTA-DE-PRENSA-Teulada-Moraira-presenta-en-el-Circulo-de-Bellas-Artes-de-Madrid-el-proyecto-Teulada-Moraira-Ciudad-de-Cultura-y-Escultura-scaled.jpeg\",\"keywords\":[\"Gigante de Sal\",\"Madrid\",\"Teulada-Moraira\"],\"articleSection\":[\"Cultura\"],\"inLanguage\":\"ca\",\"potentialAction\":[{\"@type\":\"CommentAction\",\"name\":\"Comment\",\"target\":[\"https:\\\/\\\/radiolitoral.com\\\/2025\\\/09\\\/teulada-moraira-se-prepara-para-estrenar-su-museo-al-aire-libre\\\/#respond\"]}]},{\"@type\":[\"WebPage\",\"ItemPage\"],\"@id\":\"https:\\\/\\\/radiolitoral.com\\\/2025\\\/09\\\/teulada-moraira-se-prepara-para-estrenar-su-museo-al-aire-libre\\\/\",\"url\":\"https:\\\/\\\/radiolitoral.com\\\/2025\\\/09\\\/teulada-moraira-se-prepara-para-estrenar-su-museo-al-aire-libre\\\/\",\"name\":\"Teulada Moraira se prepara para estrenar su museo al aire libre | R\u00e0dio Litoral\",\"isPartOf\":{\"@id\":\"https:\\\/\\\/radiolitoral.com\\\/#website\"},\"primaryImageOfPage\":{\"@id\":\"https:\\\/\\\/radiolitoral.com\\\/2025\\\/09\\\/teulada-moraira-se-prepara-para-estrenar-su-museo-al-aire-libre\\\/#primaryimage\"},\"image\":{\"@id\":\"https:\\\/\\\/radiolitoral.com\\\/2025\\\/09\\\/teulada-moraira-se-prepara-para-estrenar-su-museo-al-aire-libre\\\/#primaryimage\"},\"thumbnailUrl\":\"https:\\\/\\\/media.radiolitoral.com\\\/wp-content\\\/uploads\\\/2025\\\/09\\\/18165738\\\/NOTA-DE-PRENSA-Teulada-Moraira-presenta-en-el-Circulo-de-Bellas-Artes-de-Madrid-el-proyecto-Teulada-Moraira-Ciudad-de-Cultura-y-Escultura-scaled.jpeg\",\"datePublished\":\"2025-09-18T14:57:56+00:00\",\"description\":\"El municipio present\u00f3 en Madrid la primera edici\u00f3n de la ruta escult\u00f3rica \u201cCiudad de Cultura y Escultura\u201d\",\"breadcrumb\":{\"@id\":\"https:\\\/\\\/radiolitoral.com\\\/2025\\\/09\\\/teulada-moraira-se-prepara-para-estrenar-su-museo-al-aire-libre\\\/#breadcrumb\"},\"inLanguage\":\"ca\",\"potentialAction\":[{\"@type\":\"ReadAction\",\"target\":[\"https:\\\/\\\/radiolitoral.com\\\/2025\\\/09\\\/teulada-moraira-se-prepara-para-estrenar-su-museo-al-aire-libre\\\/\"]}]},{\"@type\":\"ImageObject\",\"inLanguage\":\"ca\",\"@id\":\"https:\\\/\\\/radiolitoral.com\\\/2025\\\/09\\\/teulada-moraira-se-prepara-para-estrenar-su-museo-al-aire-libre\\\/#primaryimage\",\"url\":\"https:\\\/\\\/media.radiolitoral.com\\\/wp-content\\\/uploads\\\/2025\\\/09\\\/18165738\\\/NOTA-DE-PRENSA-Teulada-Moraira-presenta-en-el-Circulo-de-Bellas-Artes-de-Madrid-el-proyecto-Teulada-Moraira-Ciudad-de-Cultura-y-Escultura-scaled.jpeg\",\"contentUrl\":\"https:\\\/\\\/media.radiolitoral.com\\\/wp-content\\\/uploads\\\/2025\\\/09\\\/18165738\\\/NOTA-DE-PRENSA-Teulada-Moraira-presenta-en-el-Circulo-de-Bellas-Artes-de-Madrid-el-proyecto-Teulada-Moraira-Ciudad-de-Cultura-y-Escultura-scaled.jpeg\",\"width\":2560,\"height\":1920},{\"@type\":\"BreadcrumbList\",\"@id\":\"https:\\\/\\\/radiolitoral.com\\\/2025\\\/09\\\/teulada-moraira-se-prepara-para-estrenar-su-museo-al-aire-libre\\\/#breadcrumb\",\"itemListElement\":[{\"@type\":\"ListItem\",\"position\":1,\"name\":\"Portada\",\"item\":\"https:\\\/\\\/radiolitoral.com\\\/\"},{\"@type\":\"ListItem\",\"position\":2,\"name\":\"Teulada Moraira se prepara para estrenar su museo al aire libre\"}]},{\"@type\":\"WebSite\",\"@id\":\"https:\\\/\\\/radiolitoral.com\\\/#website\",\"url\":\"https:\\\/\\\/radiolitoral.com\\\/\",\"name\":\"Radio Litoral\",\"description\":\"La radio local de la Marina Alta\",\"publisher\":{\"@id\":\"https:\\\/\\\/radiolitoral.com\\\/#organization\"},\"alternateName\":\"Litoral FM\",\"potentialAction\":[{\"@type\":\"SearchAction\",\"target\":{\"@type\":\"EntryPoint\",\"urlTemplate\":\"https:\\\/\\\/radiolitoral.com\\\/?s={search_term_string}\"},\"query-input\":{\"@type\":\"PropertyValueSpecification\",\"valueRequired\":true,\"valueName\":\"search_term_string\"}}],\"inLanguage\":\"ca\"},{\"@type\":\"Organization\",\"@id\":\"https:\\\/\\\/radiolitoral.com\\\/#organization\",\"name\":\"Radio Litoral\",\"url\":\"https:\\\/\\\/radiolitoral.com\\\/\",\"logo\":{\"@type\":\"ImageObject\",\"inLanguage\":\"ca\",\"@id\":\"https:\\\/\\\/radiolitoral.com\\\/#\\\/schema\\\/logo\\\/image\\\/\",\"url\":\"https:\\\/\\\/media.radiolitoral.com\\\/wp-content\\\/uploads\\\/2023\\\/02\\\/24143238\\\/CL-V-RadioLitoral696.png\",\"contentUrl\":\"https:\\\/\\\/media.radiolitoral.com\\\/wp-content\\\/uploads\\\/2023\\\/02\\\/24143238\\\/CL-V-RadioLitoral696.png\",\"width\":696,\"height\":696,\"caption\":\"Radio Litoral\"},\"image\":{\"@id\":\"https:\\\/\\\/radiolitoral.com\\\/#\\\/schema\\\/logo\\\/image\\\/\"},\"sameAs\":[\"https:\\\/\\\/www.facebook.com\\\/Laradiolitoral\\\/\"]},{\"@type\":\"Person\",\"@id\":\"https:\\\/\\\/radiolitoral.com\\\/#\\\/schema\\\/person\\\/96b739642eb3bedb532aac3812d23307\",\"name\":\"Redacci\u00f3n\",\"image\":{\"@type\":\"ImageObject\",\"inLanguage\":\"ca\",\"@id\":\"https:\\\/\\\/secure.gravatar.com\\\/avatar\\\/30cd06129ee90411dd9c7cbdcf17464181d1a3c7b072e92070ea75a25cf0097e?s=96&d=mm&r=g\",\"url\":\"https:\\\/\\\/secure.gravatar.com\\\/avatar\\\/30cd06129ee90411dd9c7cbdcf17464181d1a3c7b072e92070ea75a25cf0097e?s=96&d=mm&r=g\",\"contentUrl\":\"https:\\\/\\\/secure.gravatar.com\\\/avatar\\\/30cd06129ee90411dd9c7cbdcf17464181d1a3c7b072e92070ea75a25cf0097e?s=96&d=mm&r=g\",\"caption\":\"Redacci\u00f3n\"},\"url\":\"https:\\\/\\\/radiolitoral.com\\\/ca\\\/author\\\/kevin-carrio\\\/\"}]}<\/script>\n<!-- \/ Yoast SEO plugin. -->","yoast_head_json":{"title":"Teulada Moraira es prepara per estrenar el museu a l&#039;aire lliure | R\u00e0dio Litoral","description":"El municipi va presentar a Madrid la primera edici\u00f3 de la ruta escult\u00f2rica \u201cCiutat de Cultura i Escultura\u201d","robots":{"index":"index","follow":"follow","max-snippet":"max-snippet:-1","max-image-preview":"max-image-preview:large","max-video-preview":"max-video-preview:-1"},"canonical":"https:\/\/radiolitoral.com\/ca\/2025\/09\/teulada-moraira-es-prepara-per-estrenar-el-museu-a-laire-lliure\/","og_locale":"ca_ES","og_type":"article","og_title":"Teulada Moraira se prepara para estrenar su museo al aire libre | R\u00e0dio Litoral","og_description":"El municipio present\u00f3 en Madrid la primera edici\u00f3n de la ruta escult\u00f3rica \u201cCiudad de Cultura y Escultura\u201d","og_url":"https:\/\/radiolitoral.com\/ca\/2025\/09\/teulada-moraira-es-prepara-per-estrenar-el-museu-a-laire-lliure\/","og_site_name":"R\u00e0dio Litoral","article_publisher":"https:\/\/www.facebook.com\/Laradiolitoral\/","article_published_time":"2025-09-18T14:57:56+00:00","og_image":[{"width":2560,"height":1920,"url":"https:\/\/media.radiolitoral.com\/wp-content\/uploads\/2025\/09\/18165738\/NOTA-DE-PRENSA-Teulada-Moraira-presenta-en-el-Circulo-de-Bellas-Artes-de-Madrid-el-proyecto-Teulada-Moraira-Ciudad-de-Cultura-y-Escultura-scaled.jpeg","type":"image\/jpeg"}],"author":"Redacci\u00f3n","twitter_card":"summary_large_image","twitter_misc":{"Escrit per":"Redacci\u00f3n","Temps estimat de lectura":"2 minuts"},"schema":{"@context":"https:\/\/schema.org","@graph":[{"@type":"NewsArticle","@id":"https:\/\/radiolitoral.com\/2025\/09\/teulada-moraira-se-prepara-para-estrenar-su-museo-al-aire-libre\/#article","isPartOf":{"@id":"https:\/\/radiolitoral.com\/2025\/09\/teulada-moraira-se-prepara-para-estrenar-su-museo-al-aire-libre\/"},"author":{"name":"Redacci\u00f3n","@id":"https:\/\/radiolitoral.com\/#\/schema\/person\/96b739642eb3bedb532aac3812d23307"},"headline":"Teulada Moraira se prepara para estrenar su museo al aire libre","datePublished":"2025-09-18T14:57:56+00:00","mainEntityOfPage":{"@id":"https:\/\/radiolitoral.com\/2025\/09\/teulada-moraira-se-prepara-para-estrenar-su-museo-al-aire-libre\/"},"wordCount":398,"commentCount":0,"publisher":{"@id":"https:\/\/radiolitoral.com\/#organization"},"image":{"@id":"https:\/\/radiolitoral.com\/2025\/09\/teulada-moraira-se-prepara-para-estrenar-su-museo-al-aire-libre\/#primaryimage"},"thumbnailUrl":"https:\/\/media.radiolitoral.com\/wp-content\/uploads\/2025\/09\/18165738\/NOTA-DE-PRENSA-Teulada-Moraira-presenta-en-el-Circulo-de-Bellas-Artes-de-Madrid-el-proyecto-Teulada-Moraira-Ciudad-de-Cultura-y-Escultura-scaled.jpeg","keywords":["Gigante de Sal","Madrid","Teulada-Moraira"],"articleSection":["Cultura"],"inLanguage":"ca","potentialAction":[{"@type":"CommentAction","name":"Comment","target":["https:\/\/radiolitoral.com\/2025\/09\/teulada-moraira-se-prepara-para-estrenar-su-museo-al-aire-libre\/#respond"]}]},{"@type":["WebPage","ItemPage"],"@id":"https:\/\/radiolitoral.com\/2025\/09\/teulada-moraira-se-prepara-para-estrenar-su-museo-al-aire-libre\/","url":"https:\/\/radiolitoral.com\/2025\/09\/teulada-moraira-se-prepara-para-estrenar-su-museo-al-aire-libre\/","name":"Teulada Moraira es prepara per estrenar el museu a l&#039;aire lliure | R\u00e0dio Litoral","isPartOf":{"@id":"https:\/\/radiolitoral.com\/#website"},"primaryImageOfPage":{"@id":"https:\/\/radiolitoral.com\/2025\/09\/teulada-moraira-se-prepara-para-estrenar-su-museo-al-aire-libre\/#primaryimage"},"image":{"@id":"https:\/\/radiolitoral.com\/2025\/09\/teulada-moraira-se-prepara-para-estrenar-su-museo-al-aire-libre\/#primaryimage"},"thumbnailUrl":"https:\/\/media.radiolitoral.com\/wp-content\/uploads\/2025\/09\/18165738\/NOTA-DE-PRENSA-Teulada-Moraira-presenta-en-el-Circulo-de-Bellas-Artes-de-Madrid-el-proyecto-Teulada-Moraira-Ciudad-de-Cultura-y-Escultura-scaled.jpeg","datePublished":"2025-09-18T14:57:56+00:00","description":"El municipi va presentar a Madrid la primera edici\u00f3 de la ruta escult\u00f2rica \u201cCiutat de Cultura i Escultura\u201d","breadcrumb":{"@id":"https:\/\/radiolitoral.com\/2025\/09\/teulada-moraira-se-prepara-para-estrenar-su-museo-al-aire-libre\/#breadcrumb"},"inLanguage":"ca","potentialAction":[{"@type":"ReadAction","target":["https:\/\/radiolitoral.com\/2025\/09\/teulada-moraira-se-prepara-para-estrenar-su-museo-al-aire-libre\/"]}]},{"@type":"ImageObject","inLanguage":"ca","@id":"https:\/\/radiolitoral.com\/2025\/09\/teulada-moraira-se-prepara-para-estrenar-su-museo-al-aire-libre\/#primaryimage","url":"https:\/\/media.radiolitoral.com\/wp-content\/uploads\/2025\/09\/18165738\/NOTA-DE-PRENSA-Teulada-Moraira-presenta-en-el-Circulo-de-Bellas-Artes-de-Madrid-el-proyecto-Teulada-Moraira-Ciudad-de-Cultura-y-Escultura-scaled.jpeg","contentUrl":"https:\/\/media.radiolitoral.com\/wp-content\/uploads\/2025\/09\/18165738\/NOTA-DE-PRENSA-Teulada-Moraira-presenta-en-el-Circulo-de-Bellas-Artes-de-Madrid-el-proyecto-Teulada-Moraira-Ciudad-de-Cultura-y-Escultura-scaled.jpeg","width":2560,"height":1920},{"@type":"BreadcrumbList","@id":"https:\/\/radiolitoral.com\/2025\/09\/teulada-moraira-se-prepara-para-estrenar-su-museo-al-aire-libre\/#breadcrumb","itemListElement":[{"@type":"ListItem","position":1,"name":"Portada","item":"https:\/\/radiolitoral.com\/"},{"@type":"ListItem","position":2,"name":"Teulada Moraira se prepara para estrenar su museo al aire libre"}]},{"@type":"WebSite","@id":"https:\/\/radiolitoral.com\/#website","url":"https:\/\/radiolitoral.com\/","name":"R\u00e0dio Litoral","description":"La r\u00e0dio local de la Marina Alta","publisher":{"@id":"https:\/\/radiolitoral.com\/#organization"},"alternateName":"Litoral FM","potentialAction":[{"@type":"SearchAction","target":{"@type":"EntryPoint","urlTemplate":"https:\/\/radiolitoral.com\/?s={search_term_string}"},"query-input":{"@type":"PropertyValueSpecification","valueRequired":true,"valueName":"search_term_string"}}],"inLanguage":"ca"},{"@type":"Organization","@id":"https:\/\/radiolitoral.com\/#organization","name":"R\u00e0dio Litoral","url":"https:\/\/radiolitoral.com\/","logo":{"@type":"ImageObject","inLanguage":"ca","@id":"https:\/\/radiolitoral.com\/#\/schema\/logo\/image\/","url":"https:\/\/media.radiolitoral.com\/wp-content\/uploads\/2023\/02\/24143238\/CL-V-RadioLitoral696.png","contentUrl":"https:\/\/media.radiolitoral.com\/wp-content\/uploads\/2023\/02\/24143238\/CL-V-RadioLitoral696.png","width":696,"height":696,"caption":"Radio Litoral"},"image":{"@id":"https:\/\/radiolitoral.com\/#\/schema\/logo\/image\/"},"sameAs":["https:\/\/www.facebook.com\/Laradiolitoral\/"]},{"@type":"Person","@id":"https:\/\/radiolitoral.com\/#\/schema\/person\/96b739642eb3bedb532aac3812d23307","name":"Redacci\u00f3","image":{"@type":"ImageObject","inLanguage":"ca","@id":"https:\/\/secure.gravatar.com\/avatar\/30cd06129ee90411dd9c7cbdcf17464181d1a3c7b072e92070ea75a25cf0097e?s=96&d=mm&r=g","url":"https:\/\/secure.gravatar.com\/avatar\/30cd06129ee90411dd9c7cbdcf17464181d1a3c7b072e92070ea75a25cf0097e?s=96&d=mm&r=g","contentUrl":"https:\/\/secure.gravatar.com\/avatar\/30cd06129ee90411dd9c7cbdcf17464181d1a3c7b072e92070ea75a25cf0097e?s=96&d=mm&r=g","caption":"Redacci\u00f3n"},"url":"https:\/\/radiolitoral.com\/ca\/author\/kevin-carrio\/"}]}},"_links":{"self":[{"href":"https:\/\/radiolitoral.com\/ca\/wp-json\/wp\/v2\/posts\/18613","targetHints":{"allow":["GET"]}}],"collection":[{"href":"https:\/\/radiolitoral.com\/ca\/wp-json\/wp\/v2\/posts"}],"about":[{"href":"https:\/\/radiolitoral.com\/ca\/wp-json\/wp\/v2\/types\/post"}],"author":[{"embeddable":true,"href":"https:\/\/radiolitoral.com\/ca\/wp-json\/wp\/v2\/users\/14"}],"replies":[{"embeddable":true,"href":"https:\/\/radiolitoral.com\/ca\/wp-json\/wp\/v2\/comments?post=18613"}],"version-history":[{"count":1,"href":"https:\/\/radiolitoral.com\/ca\/wp-json\/wp\/v2\/posts\/18613\/revisions"}],"predecessor-version":[{"id":18614,"href":"https:\/\/radiolitoral.com\/ca\/wp-json\/wp\/v2\/posts\/18613\/revisions\/18614"}],"wp:featuredmedia":[{"embeddable":true,"href":"https:\/\/radiolitoral.com\/ca\/wp-json\/wp\/v2\/media\/18615"}],"wp:attachment":[{"href":"https:\/\/radiolitoral.com\/ca\/wp-json\/wp\/v2\/media?parent=18613"}],"wp:term":[{"taxonomy":"category","embeddable":true,"href":"https:\/\/radiolitoral.com\/ca\/wp-json\/wp\/v2\/categories?post=18613"},{"taxonomy":"post_tag","embeddable":true,"href":"https:\/\/radiolitoral.com\/ca\/wp-json\/wp\/v2\/tags?post=18613"}],"curies":[{"name":"wp","href":"https:\/\/api.w.org\/{rel}","templated":true}]}}