{"id":18594,"date":"2025-09-17T10:49:45","date_gmt":"2025-09-17T08:49:45","guid":{"rendered":"https:\/\/radiolitoral.com\/?p=18594"},"modified":"2025-09-17T10:49:45","modified_gmt":"2025-09-17T08:49:45","slug":"joselina-valls-teulada-es-sinonim-de-moscatell-te-un-paper-fonamental-perque-es-tradicio-cultura-origen","status":"publish","type":"post","link":"https:\/\/radiolitoral.com\/ca\/2025\/09\/joselina-valles-teulada-es-sinonimo-de-moscatel-tiene-un-papel-fundamental-porque-es-tradicion-cultura-origen\/","title":{"rendered":"Joselina Vall\u00e9s: \u201cTeulada \u00e9s sin\u00f2nim de moscatell, t\u00e9 un paper fonamental, perqu\u00e8 \u00e9s tradici\u00f3, cultura, origen\u201d"},"content":{"rendered":"<p>En aquesta jornada de dimecres, 17 de setembre, en qu\u00e8 els agricultors de la comarca ja estan donant per tancada la <strong>campanya de la verema 2025<\/strong>, hem compartit el nostre <strong>Primer Caf\u00e8<\/strong> d&#039;avui amb la <strong>gerent de Cellers Teulada, Joselina Vall\u00e9s<\/strong>. Amb ella hem fet balan\u00e7 de la campanya d&#039;aquest any, marcada per la recuperaci\u00f3 despr\u00e9s d&#039;un 2024, especialment dur per al sector. A m\u00e9s, hem conegut com ha transcorregut la verema, quins reptes afronta el sector i qu\u00e8 ens espera en els propers mesos amb els vins que encara han d&#039;arribar.<\/p>\n<p>La campanya d&#039;aquest any a Teulada ha estat beneficiada per pluges m\u00e9s generoses que en temporades anteriors, cosa que ha afavorit la qualitat del producte. Tot i que el calibre del fruit no ha assolit la mida desitjada, el ra\u00efm ha ofert un rendiment excel\u00b7lent, amb un increment del 5% en producci\u00f3 respecte al 2022, que ja va ser considerat un bon any.<\/p>\n<p>Tampoc cal lamentar els problemes derivats de les plagues, tot i que ha estat una campanya que s&#039;ha viscut amb incertesa, despr\u00e9s de la sequera que tant de mal va ocasionar als camps de vinya ia la seva producci\u00f3 el 2024. Un cultiu que est\u00e0 exposat no nom\u00e9s a la climatologia sin\u00f3 tamb\u00e9 a la fauna salvatge, com ens ha explicat la nostra convidada.<\/p>\n<p>Tot i aix\u00f2, Bodegas Teulada mant\u00e9 la seva aposta per la innovaci\u00f3 i la tradici\u00f3, combinant noves tecnologies amb m\u00e8todes de fermentaci\u00f3 cl\u00e0ssics que respecten l&#039;ess\u00e8ncia del producte.<\/p>\n<p>Un cop m\u00e9s, vins blancs, misteles, negres, caves i cervesa arribaran a les nostres taules des de Bodegas Teulada. I entre les novetats que aportar\u00e0 la campanya del 2025, un rosat de la varietat va girar, amb la qual donar resposta a la demanda del mercat.<\/p>\n<p>Gr\u00e0cies a tot aquest treball, podrem continuar brindant amb productes de proximitat, de qualitat i amb el sabor aut\u00e8ntic de la nostra terra. Podeu tornar a escoltar l&#039;entrevista completa aqu\u00ed.<\/p>\n<audio class=\"wp-audio-shortcode\" id=\"audio-18594-1\" preload=\"none\" style=\"width: 100%;\" controls=\"controls\"><source type=\"audio\/mpeg\" src=\"https:\/\/media.radiolitoral.com\/wp-content\/uploads\/2025\/09\/17104330\/Primer-Cafe-Bodegas-Teulada.mp3?_=1\" \/><a href=\"https:\/\/media.radiolitoral.com\/wp-content\/uploads\/2025\/09\/17104330\/Primer-Cafe-Bodegas-Teulada.mp3\">https:\/\/media.radiolitoral.com\/wp-content\/uploads\/2025\/09\/17104330\/Primer-Cafe-Bodegas-Teulada.mp3<\/a><\/audio>","protected":false},"excerpt":{"rendered":"<p>En esta jornada de mi\u00e9rcoles, 17 de septiembre, en la que los agricultores de la comarca ya est\u00e1n dando por cerrada la campa\u00f1a de la vendimia 2025, hemos compartido nuestro Primer Caf\u00e9 de hoy con la gerente de Bodegas Teulada, Joselina Vall\u00e9s. Con ella hemos hecho balance de la campa\u00f1a de este a\u00f1o, marcada por [&#8230;]<\/p>\n<p><a class=\"btn btn-secondary understrap-read-more-link\" href=\"https:\/\/radiolitoral.com\/ca\/2025\/09\/joselina-valles-teulada-es-sinonimo-de-moscatel-tiene-un-papel-fundamental-porque-es-tradicion-cultura-origen\/\">Continua llegint&#8230;<span class=\"screen-reader-text\"> from Joselina Vall\u00e9s: \u201cTeulada es sin\u00f3nimo de moscatel, tiene un papel fundamental, porque es tradici\u00f3n, cultura, origen\u201d<\/span><\/a><\/p>\n","protected":false},"author":13,"featured_media":18596,"comment_status":"open","ping_status":"closed","sticky":false,"template":"","format":"standard","meta":{"_acf_changed":false,"inline_featured_image":false,"footnotes":""},"categories":[859,2753],"tags":[4970,4972,4903,310,2312,4971,308],"class_list":["post-18594","post","type-post","status-publish","format-standard","has-post-thumbnail","hentry","category-agricultura-2","category-entrevistas","tag-bodegas-teulada","tag-cosecha","tag-joselina-valles","tag-moscatell","tag-primer-cafe","tag-vendimia","tag-vinos","cobertura-teulada-moraira"],"acf":[],"yoast_head":"<!-- This site is optimized with the Yoast SEO plugin v27.5 - https:\/\/yoast.com\/product\/yoast-seo-wordpress\/ -->\n<title>Joselina Vall\u00e9s: \u201cTeulada es sin\u00f3nimo de moscatel, tiene un papel fundamental, porque es tradici\u00f3n, cultura, origen\u201d | R\u00e0dio Litoral<\/title>\n<meta name=\"description\" content=\"Bodegas Teulada cierra la vendimia 2025 con una cosecha de gran calidad y un incremento en la producci\u00f3n respecto 2024\" \/>\n<meta name=\"robots\" content=\"index, follow, max-snippet:-1, max-image-preview:large, max-video-preview:-1\" \/>\n<link rel=\"canonical\" href=\"https:\/\/radiolitoral.com\/ca\/2025\/09\/joselina-valls-teulada-es-sinonim-de-moscatell-te-un-paper-fonamental-perque-es-tradicio-cultura-origen\/\" \/>\n<meta property=\"og:locale\" content=\"ca_ES\" \/>\n<meta property=\"og:type\" content=\"article\" \/>\n<meta property=\"og:title\" content=\"Joselina Vall\u00e9s: \u201cTeulada es sin\u00f3nimo de moscatel, tiene un papel fundamental, porque es tradici\u00f3n, cultura, origen\u201d | R\u00e0dio Litoral\" \/>\n<meta property=\"og:description\" content=\"Bodegas Teulada cierra la vendimia 2025 con una cosecha de gran calidad y un incremento en la producci\u00f3n respecto 2024\" \/>\n<meta property=\"og:url\" content=\"https:\/\/radiolitoral.com\/ca\/2025\/09\/joselina-valls-teulada-es-sinonim-de-moscatell-te-un-paper-fonamental-perque-es-tradicio-cultura-origen\/\" \/>\n<meta property=\"og:site_name\" content=\"R\u00e0dio Litoral\" \/>\n<meta property=\"article:publisher\" content=\"https:\/\/www.facebook.com\/Laradiolitoral\/\" \/>\n<meta property=\"article:published_time\" content=\"2025-09-17T08:49:45+00:00\" \/>\n<meta property=\"og:image\" content=\"https:\/\/media.radiolitoral.com\/wp-content\/uploads\/2025\/09\/17104612\/Joselina-Valles-Bodegas-Teulada.jpg\" \/>\n\t<meta property=\"og:image:width\" content=\"2000\" \/>\n\t<meta property=\"og:image:height\" content=\"1500\" \/>\n\t<meta property=\"og:image:type\" content=\"image\/jpeg\" \/>\n<meta name=\"author\" content=\"Redacci\u00f3n\" \/>\n<meta name=\"twitter:card\" content=\"summary_large_image\" \/>\n<meta name=\"twitter:label1\" content=\"Escrit per\" \/>\n\t<meta name=\"twitter:data1\" content=\"Redacci\u00f3n\" \/>\n\t<meta name=\"twitter:label2\" content=\"Temps estimat de lectura\" \/>\n\t<meta name=\"twitter:data2\" content=\"2 minuts\" \/>\n<script type=\"application\/ld+json\" class=\"yoast-schema-graph\">{\"@context\":\"https:\\\/\\\/schema.org\",\"@graph\":[{\"@type\":\"NewsArticle\",\"@id\":\"https:\\\/\\\/radiolitoral.com\\\/2025\\\/09\\\/joselina-valles-teulada-es-sinonimo-de-moscatel-tiene-un-papel-fundamental-porque-es-tradicion-cultura-origen\\\/#article\",\"isPartOf\":{\"@id\":\"https:\\\/\\\/radiolitoral.com\\\/2025\\\/09\\\/joselina-valles-teulada-es-sinonimo-de-moscatel-tiene-un-papel-fundamental-porque-es-tradicion-cultura-origen\\\/\"},\"author\":{\"name\":\"Redacci\u00f3n\",\"@id\":\"https:\\\/\\\/radiolitoral.com\\\/#\\\/schema\\\/person\\\/f2b2343c49b5d721857cc1002bfdb151\"},\"headline\":\"Joselina Vall\u00e9s: \u201cTeulada es sin\u00f3nimo de moscatel, tiene un papel fundamental, porque es tradici\u00f3n, cultura, origen\u201d\",\"datePublished\":\"2025-09-17T08:49:45+00:00\",\"mainEntityOfPage\":{\"@id\":\"https:\\\/\\\/radiolitoral.com\\\/2025\\\/09\\\/joselina-valles-teulada-es-sinonimo-de-moscatel-tiene-un-papel-fundamental-porque-es-tradicion-cultura-origen\\\/\"},\"wordCount\":372,\"commentCount\":0,\"publisher\":{\"@id\":\"https:\\\/\\\/radiolitoral.com\\\/#organization\"},\"image\":{\"@id\":\"https:\\\/\\\/radiolitoral.com\\\/2025\\\/09\\\/joselina-valles-teulada-es-sinonimo-de-moscatel-tiene-un-papel-fundamental-porque-es-tradicion-cultura-origen\\\/#primaryimage\"},\"thumbnailUrl\":\"https:\\\/\\\/media.radiolitoral.com\\\/wp-content\\\/uploads\\\/2025\\\/09\\\/17104612\\\/Joselina-Valles-Bodegas-Teulada.jpg\",\"keywords\":[\"Bodegas Teulada\",\"cosecha\",\"Joselina Vall\u00e9s\",\"moscatell\",\"Primer Caf\u00e9\",\"vendimia\",\"vinos\"],\"articleSection\":[\"Agricultura\",\"Entrevistas\"],\"inLanguage\":\"ca\",\"potentialAction\":[{\"@type\":\"CommentAction\",\"name\":\"Comment\",\"target\":[\"https:\\\/\\\/radiolitoral.com\\\/2025\\\/09\\\/joselina-valles-teulada-es-sinonimo-de-moscatel-tiene-un-papel-fundamental-porque-es-tradicion-cultura-origen\\\/#respond\"]}]},{\"@type\":[\"WebPage\",\"ItemPage\"],\"@id\":\"https:\\\/\\\/radiolitoral.com\\\/2025\\\/09\\\/joselina-valles-teulada-es-sinonimo-de-moscatel-tiene-un-papel-fundamental-porque-es-tradicion-cultura-origen\\\/\",\"url\":\"https:\\\/\\\/radiolitoral.com\\\/2025\\\/09\\\/joselina-valles-teulada-es-sinonimo-de-moscatel-tiene-un-papel-fundamental-porque-es-tradicion-cultura-origen\\\/\",\"name\":\"Joselina Vall\u00e9s: \u201cTeulada es sin\u00f3nimo de moscatel, tiene un papel fundamental, porque es tradici\u00f3n, cultura, origen\u201d | R\u00e0dio Litoral\",\"isPartOf\":{\"@id\":\"https:\\\/\\\/radiolitoral.com\\\/#website\"},\"primaryImageOfPage\":{\"@id\":\"https:\\\/\\\/radiolitoral.com\\\/2025\\\/09\\\/joselina-valles-teulada-es-sinonimo-de-moscatel-tiene-un-papel-fundamental-porque-es-tradicion-cultura-origen\\\/#primaryimage\"},\"image\":{\"@id\":\"https:\\\/\\\/radiolitoral.com\\\/2025\\\/09\\\/joselina-valles-teulada-es-sinonimo-de-moscatel-tiene-un-papel-fundamental-porque-es-tradicion-cultura-origen\\\/#primaryimage\"},\"thumbnailUrl\":\"https:\\\/\\\/media.radiolitoral.com\\\/wp-content\\\/uploads\\\/2025\\\/09\\\/17104612\\\/Joselina-Valles-Bodegas-Teulada.jpg\",\"datePublished\":\"2025-09-17T08:49:45+00:00\",\"description\":\"Bodegas Teulada cierra la vendimia 2025 con una cosecha de gran calidad y un incremento en la producci\u00f3n respecto 2024\",\"breadcrumb\":{\"@id\":\"https:\\\/\\\/radiolitoral.com\\\/2025\\\/09\\\/joselina-valles-teulada-es-sinonimo-de-moscatel-tiene-un-papel-fundamental-porque-es-tradicion-cultura-origen\\\/#breadcrumb\"},\"inLanguage\":\"ca\",\"potentialAction\":[{\"@type\":\"ReadAction\",\"target\":[\"https:\\\/\\\/radiolitoral.com\\\/2025\\\/09\\\/joselina-valles-teulada-es-sinonimo-de-moscatel-tiene-un-papel-fundamental-porque-es-tradicion-cultura-origen\\\/\"]}]},{\"@type\":\"ImageObject\",\"inLanguage\":\"ca\",\"@id\":\"https:\\\/\\\/radiolitoral.com\\\/2025\\\/09\\\/joselina-valles-teulada-es-sinonimo-de-moscatel-tiene-un-papel-fundamental-porque-es-tradicion-cultura-origen\\\/#primaryimage\",\"url\":\"https:\\\/\\\/media.radiolitoral.com\\\/wp-content\\\/uploads\\\/2025\\\/09\\\/17104612\\\/Joselina-Valles-Bodegas-Teulada.jpg\",\"contentUrl\":\"https:\\\/\\\/media.radiolitoral.com\\\/wp-content\\\/uploads\\\/2025\\\/09\\\/17104612\\\/Joselina-Valles-Bodegas-Teulada.jpg\",\"width\":2000,\"height\":1500},{\"@type\":\"BreadcrumbList\",\"@id\":\"https:\\\/\\\/radiolitoral.com\\\/2025\\\/09\\\/joselina-valles-teulada-es-sinonimo-de-moscatel-tiene-un-papel-fundamental-porque-es-tradicion-cultura-origen\\\/#breadcrumb\",\"itemListElement\":[{\"@type\":\"ListItem\",\"position\":1,\"name\":\"Portada\",\"item\":\"https:\\\/\\\/radiolitoral.com\\\/\"},{\"@type\":\"ListItem\",\"position\":2,\"name\":\"Joselina Vall\u00e9s: \u201cTeulada es sin\u00f3nimo de moscatel, tiene un papel fundamental, porque es tradici\u00f3n, cultura, origen\u201d\"}]},{\"@type\":\"WebSite\",\"@id\":\"https:\\\/\\\/radiolitoral.com\\\/#website\",\"url\":\"https:\\\/\\\/radiolitoral.com\\\/\",\"name\":\"Radio Litoral\",\"description\":\"La radio local de la Marina Alta\",\"publisher\":{\"@id\":\"https:\\\/\\\/radiolitoral.com\\\/#organization\"},\"alternateName\":\"Litoral FM\",\"potentialAction\":[{\"@type\":\"SearchAction\",\"target\":{\"@type\":\"EntryPoint\",\"urlTemplate\":\"https:\\\/\\\/radiolitoral.com\\\/?s={search_term_string}\"},\"query-input\":{\"@type\":\"PropertyValueSpecification\",\"valueRequired\":true,\"valueName\":\"search_term_string\"}}],\"inLanguage\":\"ca\"},{\"@type\":\"Organization\",\"@id\":\"https:\\\/\\\/radiolitoral.com\\\/#organization\",\"name\":\"Radio Litoral\",\"url\":\"https:\\\/\\\/radiolitoral.com\\\/\",\"logo\":{\"@type\":\"ImageObject\",\"inLanguage\":\"ca\",\"@id\":\"https:\\\/\\\/radiolitoral.com\\\/#\\\/schema\\\/logo\\\/image\\\/\",\"url\":\"https:\\\/\\\/media.radiolitoral.com\\\/wp-content\\\/uploads\\\/2023\\\/02\\\/24143238\\\/CL-V-RadioLitoral696.png\",\"contentUrl\":\"https:\\\/\\\/media.radiolitoral.com\\\/wp-content\\\/uploads\\\/2023\\\/02\\\/24143238\\\/CL-V-RadioLitoral696.png\",\"width\":696,\"height\":696,\"caption\":\"Radio Litoral\"},\"image\":{\"@id\":\"https:\\\/\\\/radiolitoral.com\\\/#\\\/schema\\\/logo\\\/image\\\/\"},\"sameAs\":[\"https:\\\/\\\/www.facebook.com\\\/Laradiolitoral\\\/\"]},{\"@type\":\"Person\",\"@id\":\"https:\\\/\\\/radiolitoral.com\\\/#\\\/schema\\\/person\\\/f2b2343c49b5d721857cc1002bfdb151\",\"name\":\"Redacci\u00f3n\",\"image\":{\"@type\":\"ImageObject\",\"inLanguage\":\"ca\",\"@id\":\"https:\\\/\\\/secure.gravatar.com\\\/avatar\\\/f771d896c203ad8b3382d7905cfcce5a5c9b008b84b3cd9114e9b9f4cb63f789?s=96&d=mm&r=g\",\"url\":\"https:\\\/\\\/secure.gravatar.com\\\/avatar\\\/f771d896c203ad8b3382d7905cfcce5a5c9b008b84b3cd9114e9b9f4cb63f789?s=96&d=mm&r=g\",\"contentUrl\":\"https:\\\/\\\/secure.gravatar.com\\\/avatar\\\/f771d896c203ad8b3382d7905cfcce5a5c9b008b84b3cd9114e9b9f4cb63f789?s=96&d=mm&r=g\",\"caption\":\"Redacci\u00f3n\"},\"url\":\"https:\\\/\\\/radiolitoral.com\\\/ca\\\/author\\\/miriam-pagan\\\/\"}]}<\/script>\n<!-- \/ Yoast SEO plugin. -->","yoast_head_json":{"title":"Joselina Vall\u00e9s: \u201cTeulada \u00e9s sin\u00f2nim de moscatell, hi t\u00e9 un paper fonamental, perqu\u00e8 \u00e9s tradici\u00f3, cultura, origen\u201d | R\u00e0dio Litoral","description":"Cellers Teulada tanca la verema 2025 amb una collita de gran qualitat i un increment en la producci\u00f3 respecte 2024","robots":{"index":"index","follow":"follow","max-snippet":"max-snippet:-1","max-image-preview":"max-image-preview:large","max-video-preview":"max-video-preview:-1"},"canonical":"https:\/\/radiolitoral.com\/ca\/2025\/09\/joselina-valls-teulada-es-sinonim-de-moscatell-te-un-paper-fonamental-perque-es-tradicio-cultura-origen\/","og_locale":"ca_ES","og_type":"article","og_title":"Joselina Vall\u00e9s: \u201cTeulada es sin\u00f3nimo de moscatel, tiene un papel fundamental, porque es tradici\u00f3n, cultura, origen\u201d | R\u00e0dio Litoral","og_description":"Bodegas Teulada cierra la vendimia 2025 con una cosecha de gran calidad y un incremento en la producci\u00f3n respecto 2024","og_url":"https:\/\/radiolitoral.com\/ca\/2025\/09\/joselina-valls-teulada-es-sinonim-de-moscatell-te-un-paper-fonamental-perque-es-tradicio-cultura-origen\/","og_site_name":"R\u00e0dio Litoral","article_publisher":"https:\/\/www.facebook.com\/Laradiolitoral\/","article_published_time":"2025-09-17T08:49:45+00:00","og_image":[{"width":2000,"height":1500,"url":"https:\/\/media.radiolitoral.com\/wp-content\/uploads\/2025\/09\/17104612\/Joselina-Valles-Bodegas-Teulada.jpg","type":"image\/jpeg"}],"author":"Redacci\u00f3n","twitter_card":"summary_large_image","twitter_misc":{"Escrit per":"Redacci\u00f3n","Temps estimat de lectura":"2 minuts"},"schema":{"@context":"https:\/\/schema.org","@graph":[{"@type":"NewsArticle","@id":"https:\/\/radiolitoral.com\/2025\/09\/joselina-valles-teulada-es-sinonimo-de-moscatel-tiene-un-papel-fundamental-porque-es-tradicion-cultura-origen\/#article","isPartOf":{"@id":"https:\/\/radiolitoral.com\/2025\/09\/joselina-valles-teulada-es-sinonimo-de-moscatel-tiene-un-papel-fundamental-porque-es-tradicion-cultura-origen\/"},"author":{"name":"Redacci\u00f3n","@id":"https:\/\/radiolitoral.com\/#\/schema\/person\/f2b2343c49b5d721857cc1002bfdb151"},"headline":"Joselina Vall\u00e9s: \u201cTeulada es sin\u00f3nimo de moscatel, tiene un papel fundamental, porque es tradici\u00f3n, cultura, origen\u201d","datePublished":"2025-09-17T08:49:45+00:00","mainEntityOfPage":{"@id":"https:\/\/radiolitoral.com\/2025\/09\/joselina-valles-teulada-es-sinonimo-de-moscatel-tiene-un-papel-fundamental-porque-es-tradicion-cultura-origen\/"},"wordCount":372,"commentCount":0,"publisher":{"@id":"https:\/\/radiolitoral.com\/#organization"},"image":{"@id":"https:\/\/radiolitoral.com\/2025\/09\/joselina-valles-teulada-es-sinonimo-de-moscatel-tiene-un-papel-fundamental-porque-es-tradicion-cultura-origen\/#primaryimage"},"thumbnailUrl":"https:\/\/media.radiolitoral.com\/wp-content\/uploads\/2025\/09\/17104612\/Joselina-Valles-Bodegas-Teulada.jpg","keywords":["Bodegas Teulada","cosecha","Joselina Vall\u00e9s","moscatell","Primer Caf\u00e9","vendimia","vinos"],"articleSection":["Agricultura","Entrevistas"],"inLanguage":"ca","potentialAction":[{"@type":"CommentAction","name":"Comment","target":["https:\/\/radiolitoral.com\/2025\/09\/joselina-valles-teulada-es-sinonimo-de-moscatel-tiene-un-papel-fundamental-porque-es-tradicion-cultura-origen\/#respond"]}]},{"@type":["WebPage","ItemPage"],"@id":"https:\/\/radiolitoral.com\/2025\/09\/joselina-valles-teulada-es-sinonimo-de-moscatel-tiene-un-papel-fundamental-porque-es-tradicion-cultura-origen\/","url":"https:\/\/radiolitoral.com\/2025\/09\/joselina-valles-teulada-es-sinonimo-de-moscatel-tiene-un-papel-fundamental-porque-es-tradicion-cultura-origen\/","name":"Joselina Vall\u00e9s: \u201cTeulada \u00e9s sin\u00f2nim de moscatell, hi t\u00e9 un paper fonamental, perqu\u00e8 \u00e9s tradici\u00f3, cultura, origen\u201d | R\u00e0dio Litoral","isPartOf":{"@id":"https:\/\/radiolitoral.com\/#website"},"primaryImageOfPage":{"@id":"https:\/\/radiolitoral.com\/2025\/09\/joselina-valles-teulada-es-sinonimo-de-moscatel-tiene-un-papel-fundamental-porque-es-tradicion-cultura-origen\/#primaryimage"},"image":{"@id":"https:\/\/radiolitoral.com\/2025\/09\/joselina-valles-teulada-es-sinonimo-de-moscatel-tiene-un-papel-fundamental-porque-es-tradicion-cultura-origen\/#primaryimage"},"thumbnailUrl":"https:\/\/media.radiolitoral.com\/wp-content\/uploads\/2025\/09\/17104612\/Joselina-Valles-Bodegas-Teulada.jpg","datePublished":"2025-09-17T08:49:45+00:00","description":"Cellers Teulada tanca la verema 2025 amb una collita de gran qualitat i un increment en la producci\u00f3 respecte 2024","breadcrumb":{"@id":"https:\/\/radiolitoral.com\/2025\/09\/joselina-valles-teulada-es-sinonimo-de-moscatel-tiene-un-papel-fundamental-porque-es-tradicion-cultura-origen\/#breadcrumb"},"inLanguage":"ca","potentialAction":[{"@type":"ReadAction","target":["https:\/\/radiolitoral.com\/2025\/09\/joselina-valles-teulada-es-sinonimo-de-moscatel-tiene-un-papel-fundamental-porque-es-tradicion-cultura-origen\/"]}]},{"@type":"ImageObject","inLanguage":"ca","@id":"https:\/\/radiolitoral.com\/2025\/09\/joselina-valles-teulada-es-sinonimo-de-moscatel-tiene-un-papel-fundamental-porque-es-tradicion-cultura-origen\/#primaryimage","url":"https:\/\/media.radiolitoral.com\/wp-content\/uploads\/2025\/09\/17104612\/Joselina-Valles-Bodegas-Teulada.jpg","contentUrl":"https:\/\/media.radiolitoral.com\/wp-content\/uploads\/2025\/09\/17104612\/Joselina-Valles-Bodegas-Teulada.jpg","width":2000,"height":1500},{"@type":"BreadcrumbList","@id":"https:\/\/radiolitoral.com\/2025\/09\/joselina-valles-teulada-es-sinonimo-de-moscatel-tiene-un-papel-fundamental-porque-es-tradicion-cultura-origen\/#breadcrumb","itemListElement":[{"@type":"ListItem","position":1,"name":"Portada","item":"https:\/\/radiolitoral.com\/"},{"@type":"ListItem","position":2,"name":"Joselina Vall\u00e9s: \u201cTeulada es sin\u00f3nimo de moscatel, tiene un papel fundamental, porque es tradici\u00f3n, cultura, origen\u201d"}]},{"@type":"WebSite","@id":"https:\/\/radiolitoral.com\/#website","url":"https:\/\/radiolitoral.com\/","name":"R\u00e0dio Litoral","description":"La r\u00e0dio local de la Marina Alta","publisher":{"@id":"https:\/\/radiolitoral.com\/#organization"},"alternateName":"Litoral FM","potentialAction":[{"@type":"SearchAction","target":{"@type":"EntryPoint","urlTemplate":"https:\/\/radiolitoral.com\/?s={search_term_string}"},"query-input":{"@type":"PropertyValueSpecification","valueRequired":true,"valueName":"search_term_string"}}],"inLanguage":"ca"},{"@type":"Organization","@id":"https:\/\/radiolitoral.com\/#organization","name":"R\u00e0dio Litoral","url":"https:\/\/radiolitoral.com\/","logo":{"@type":"ImageObject","inLanguage":"ca","@id":"https:\/\/radiolitoral.com\/#\/schema\/logo\/image\/","url":"https:\/\/media.radiolitoral.com\/wp-content\/uploads\/2023\/02\/24143238\/CL-V-RadioLitoral696.png","contentUrl":"https:\/\/media.radiolitoral.com\/wp-content\/uploads\/2023\/02\/24143238\/CL-V-RadioLitoral696.png","width":696,"height":696,"caption":"Radio Litoral"},"image":{"@id":"https:\/\/radiolitoral.com\/#\/schema\/logo\/image\/"},"sameAs":["https:\/\/www.facebook.com\/Laradiolitoral\/"]},{"@type":"Person","@id":"https:\/\/radiolitoral.com\/#\/schema\/person\/f2b2343c49b5d721857cc1002bfdb151","name":"Redacci\u00f3","image":{"@type":"ImageObject","inLanguage":"ca","@id":"https:\/\/secure.gravatar.com\/avatar\/f771d896c203ad8b3382d7905cfcce5a5c9b008b84b3cd9114e9b9f4cb63f789?s=96&d=mm&r=g","url":"https:\/\/secure.gravatar.com\/avatar\/f771d896c203ad8b3382d7905cfcce5a5c9b008b84b3cd9114e9b9f4cb63f789?s=96&d=mm&r=g","contentUrl":"https:\/\/secure.gravatar.com\/avatar\/f771d896c203ad8b3382d7905cfcce5a5c9b008b84b3cd9114e9b9f4cb63f789?s=96&d=mm&r=g","caption":"Redacci\u00f3n"},"url":"https:\/\/radiolitoral.com\/ca\/author\/miriam-pagan\/"}]}},"_links":{"self":[{"href":"https:\/\/radiolitoral.com\/ca\/wp-json\/wp\/v2\/posts\/18594","targetHints":{"allow":["GET"]}}],"collection":[{"href":"https:\/\/radiolitoral.com\/ca\/wp-json\/wp\/v2\/posts"}],"about":[{"href":"https:\/\/radiolitoral.com\/ca\/wp-json\/wp\/v2\/types\/post"}],"author":[{"embeddable":true,"href":"https:\/\/radiolitoral.com\/ca\/wp-json\/wp\/v2\/users\/13"}],"replies":[{"embeddable":true,"href":"https:\/\/radiolitoral.com\/ca\/wp-json\/wp\/v2\/comments?post=18594"}],"version-history":[{"count":2,"href":"https:\/\/radiolitoral.com\/ca\/wp-json\/wp\/v2\/posts\/18594\/revisions"}],"predecessor-version":[{"id":18598,"href":"https:\/\/radiolitoral.com\/ca\/wp-json\/wp\/v2\/posts\/18594\/revisions\/18598"}],"wp:featuredmedia":[{"embeddable":true,"href":"https:\/\/radiolitoral.com\/ca\/wp-json\/wp\/v2\/media\/18596"}],"wp:attachment":[{"href":"https:\/\/radiolitoral.com\/ca\/wp-json\/wp\/v2\/media?parent=18594"}],"wp:term":[{"taxonomy":"category","embeddable":true,"href":"https:\/\/radiolitoral.com\/ca\/wp-json\/wp\/v2\/categories?post=18594"},{"taxonomy":"post_tag","embeddable":true,"href":"https:\/\/radiolitoral.com\/ca\/wp-json\/wp\/v2\/tags?post=18594"}],"curies":[{"name":"wp","href":"https:\/\/api.w.org\/{rel}","templated":true}]}}