{"id":18571,"date":"2025-09-15T11:00:08","date_gmt":"2025-09-15T09:00:08","guid":{"rendered":"https:\/\/radiolitoral.com\/?p=18571"},"modified":"2025-09-15T11:00:08","modified_gmt":"2025-09-15T09:00:08","slug":"teresa-de-la-creu-totes-tenim-dret-a-decidir-sobre-els-nostres-cossos-a-coneixer-nos-millor-a-cuidar-nos-i-gaudir","status":"publish","type":"post","link":"https:\/\/radiolitoral.com\/ca\/2025\/09\/teresa-de-la-cruz-todas-tenemos-derecho-a-decidir-sobre-nuestros-cuerpos-a-conocernos-mejor-a-cuidarnos-y-disfrutar\/","title":{"rendered":"Teresa de La Cruz: \u201cTotes tenim dret a decidir sobre els nostres cossos, a con\u00e8ixer-nos millor, a cuidar-nos i gaudir\u201d"},"content":{"rendered":"<p>Al nostre Primer Caf\u00e8 d&#039;avui, ens hem fixat en un <strong>taller itinerant sobre sexualitat femenina<\/strong> que recorrer\u00e0 diferents municipis de la comarca de la m\u00e0 de la <strong>Massma, la Mancomunitat de Serveis Socials de la Marina Alta,<\/strong> adre\u00e7at a dones adultes de totes les edats. Una proposta on abordar q\u00fcestions com la sexualitat positiva, l&#039;autoconeixement, l&#039;apropiaci\u00f3 del plaer i l&#039;autocura, amb una atenci\u00f3 especial als canvis i reptes que sorgeixen en diferents etapes de la vida, com la perimenopausa i la menopausa. Per parlar d\u00b4aquest interessant taller ens ha acompanyat la <strong>sex\u00f2loga de la Naturadora, Teresa de La Cruz<\/strong>, que dirigir\u00e0 aquest espai de trobada i conversa entre dones.<\/p>\n<p>Un projecte que va n\u00e9ixer despr\u00e9s de detectar la manca d&#039;espais per a la reflexi\u00f3 cr\u00edtica sobre la sexualitat dominant i apropar informaci\u00f3 d&#039;inter\u00e8s a dones de totes les edats, especialment per a aquelles que resideixen a les poblacions petites.<\/p>\n<p>L&#039;itinerari programat va arrencar la setmana passada a Parcent, i seguir\u00e0 el seu periple amb tallers a Alcalal\u00ed, Pedreguer, Sanet i Negrals, Benidoleig i el Verger, on se celebrar\u00e0 el darrer taller el 30 de setembre. Aquesta setmana la convocat\u00f2ria \u00e9s dimecres, dia 17, a l&#039;edifici multiusos d&#039;Alcalal\u00ed a les 19 hores. Tots els tallers s\u00f3n d&#039;acc\u00e9s lliure i gratu\u00eft, tot i que us recomanem inscripci\u00f3 pr\u00e8via per facilitar l&#039;organitzaci\u00f3.<\/p>\n<p>Un espai molt necessari, que s&#039;ofereix amb proximitat i respecte, amb qu\u00e8 trencar tab\u00fas, desmuntar mites i oferir informaci\u00f3 clara sobre els canvis que pateixen les dones en les diferents etapes de la vida.<\/p>\n<p>Un taller amb qu\u00e8 es busca tornar a les dones el protagonisme sobre la seva sexualitat, des d&#039;una mirada lliure de judicis i centrada en el benestar propi, on s&#039;intercalen din\u00e0miques o activitats tant te\u00f2riques com vivencials.<\/p>\n<p>Una trobada que desperta l&#039;inter\u00e8s de les dones sobre com funciona el cos femen\u00ed, com fer front a certs canvis hormonals i com cultivar el plaer com a part de l&#039;autocura. Amb aquest taller, la Massma i La Naturadora obren una porta a la conversa honesta, a l&#039;apoderament femen\u00ed ia la construcci\u00f3 d&#039;una sexualitat m\u00e9s justa, diversa i saludable. Podeu tornar a escoltar l&#039;entrevista completa aqu\u00ed.<\/p>\n<audio class=\"wp-audio-shortcode\" id=\"audio-18571-1\" preload=\"none\" style=\"width: 100%;\" controls=\"controls\"><source type=\"audio\/mpeg\" src=\"https:\/\/media.radiolitoral.com\/wp-content\/uploads\/2025\/09\/15105510\/Primer-Cafe-Taller-Sexologia.mp3?_=1\" \/><a href=\"https:\/\/media.radiolitoral.com\/wp-content\/uploads\/2025\/09\/15105510\/Primer-Cafe-Taller-Sexologia.mp3\">https:\/\/media.radiolitoral.com\/wp-content\/uploads\/2025\/09\/15105510\/Primer-Cafe-Taller-Sexologia.mp3<\/a><\/audio>","protected":false},"excerpt":{"rendered":"<p>En nuestro Primer Caf\u00e9 de hoy, nos hemos fijado en un taller itinerante sobre sexualidad femenina que recorrer\u00e1 distintos municipios de la comarca de la mano de la Massma, la Mancomunitat de Serveis Social de la Marina Alta, dirigido a mujeres adultas de todas las edades. Una propuesta en la que abordar cuestiones como la [&#8230;]<\/p>\n<p><a class=\"btn btn-secondary understrap-read-more-link\" href=\"https:\/\/radiolitoral.com\/ca\/2025\/09\/teresa-de-la-cruz-todas-tenemos-derecho-a-decidir-sobre-nuestros-cuerpos-a-conocernos-mejor-a-cuidarnos-y-disfrutar\/\">Continua llegint&#8230;<span class=\"screen-reader-text\"> from Teresa de La Cruz: \u201cTodas tenemos derecho a decidir sobre nuestros cuerpos, a conocernos mejor, a cuidarnos y disfrutar\u201d<\/span><\/a><\/p>\n","protected":false},"author":13,"featured_media":18573,"comment_status":"open","ping_status":"closed","sticky":false,"template":"","format":"standard","meta":{"_acf_changed":false,"inline_featured_image":false,"footnotes":""},"categories":[2753,114],"tags":[586,2552,2338,3931,2312,4966,3628,3933],"class_list":["post-18571","post","type-post","status-publish","format-standard","has-post-thumbnail","hentry","category-entrevistas","category-igualdad","tag-educacion-sexual","tag-massma","tag-mujeres","tag-naturadora","tag-primer-cafe","tag-sexualidad-femenina","tag-talleres","tag-teresa-de-la-cruz","cobertura-alcalali","cobertura-benigembla","cobertura-el-verger","cobertura-lliber","cobertura-marina-alta","cobertura-parcent","cobertura-pedreguer","cobertura-senija","cobertura-xalo"],"acf":[],"yoast_head":"<!-- This site is optimized with the Yoast SEO plugin v27.5 - https:\/\/yoast.com\/product\/yoast-seo-wordpress\/ -->\n<title>Teresa de La Cruz: \u201cTodas tenemos derecho a decidir sobre nuestros cuerpos, a conocernos mejor, a cuidarnos y disfrutar\u201d | R\u00e0dio Litoral<\/title>\n<meta name=\"description\" content=\"La Massma y la Naturadora ponen en marcha un taller itinerante sobre sexualidad femenina sin tab\u00faes en septiembre\" \/>\n<meta name=\"robots\" content=\"index, follow, max-snippet:-1, max-image-preview:large, max-video-preview:-1\" \/>\n<link rel=\"canonical\" href=\"https:\/\/radiolitoral.com\/ca\/2025\/09\/teresa-de-la-creu-totes-tenim-dret-a-decidir-sobre-els-nostres-cossos-a-coneixer-nos-millor-a-cuidar-nos-i-gaudir\/\" \/>\n<meta property=\"og:locale\" content=\"ca_ES\" \/>\n<meta property=\"og:type\" content=\"article\" \/>\n<meta property=\"og:title\" content=\"Teresa de La Cruz: \u201cTodas tenemos derecho a decidir sobre nuestros cuerpos, a conocernos mejor, a cuidarnos y disfrutar\u201d | R\u00e0dio Litoral\" \/>\n<meta property=\"og:description\" content=\"La Massma y la Naturadora ponen en marcha un taller itinerante sobre sexualidad femenina sin tab\u00faes en septiembre\" \/>\n<meta property=\"og:url\" content=\"https:\/\/radiolitoral.com\/ca\/2025\/09\/teresa-de-la-creu-totes-tenim-dret-a-decidir-sobre-els-nostres-cossos-a-coneixer-nos-millor-a-cuidar-nos-i-gaudir\/\" \/>\n<meta property=\"og:site_name\" content=\"R\u00e0dio Litoral\" \/>\n<meta property=\"article:publisher\" content=\"https:\/\/www.facebook.com\/Laradiolitoral\/\" \/>\n<meta property=\"article:published_time\" content=\"2025-09-15T09:00:08+00:00\" \/>\n<meta property=\"og:image\" content=\"https:\/\/media.radiolitoral.com\/wp-content\/uploads\/2025\/09\/15105643\/Teresa-de-la-Cruz-Primer-Cafe.jpg\" \/>\n\t<meta property=\"og:image:width\" content=\"2000\" \/>\n\t<meta property=\"og:image:height\" content=\"1500\" \/>\n\t<meta property=\"og:image:type\" content=\"image\/jpeg\" \/>\n<meta name=\"author\" content=\"Redacci\u00f3n\" \/>\n<meta name=\"twitter:card\" content=\"summary_large_image\" \/>\n<meta name=\"twitter:label1\" content=\"Escrit per\" \/>\n\t<meta name=\"twitter:data1\" content=\"Redacci\u00f3n\" \/>\n\t<meta name=\"twitter:label2\" content=\"Temps estimat de lectura\" \/>\n\t<meta name=\"twitter:data2\" content=\"3 minuts\" \/>\n<script type=\"application\/ld+json\" class=\"yoast-schema-graph\">{\"@context\":\"https:\\\/\\\/schema.org\",\"@graph\":[{\"@type\":\"NewsArticle\",\"@id\":\"https:\\\/\\\/radiolitoral.com\\\/2025\\\/09\\\/teresa-de-la-cruz-todas-tenemos-derecho-a-decidir-sobre-nuestros-cuerpos-a-conocernos-mejor-a-cuidarnos-y-disfrutar\\\/#article\",\"isPartOf\":{\"@id\":\"https:\\\/\\\/radiolitoral.com\\\/2025\\\/09\\\/teresa-de-la-cruz-todas-tenemos-derecho-a-decidir-sobre-nuestros-cuerpos-a-conocernos-mejor-a-cuidarnos-y-disfrutar\\\/\"},\"author\":{\"name\":\"Redacci\u00f3n\",\"@id\":\"https:\\\/\\\/radiolitoral.com\\\/#\\\/schema\\\/person\\\/f2b2343c49b5d721857cc1002bfdb151\"},\"headline\":\"Teresa de La Cruz: \u201cTodas tenemos derecho a decidir sobre nuestros cuerpos, a conocernos mejor, a cuidarnos y disfrutar\u201d\",\"datePublished\":\"2025-09-15T09:00:08+00:00\",\"mainEntityOfPage\":{\"@id\":\"https:\\\/\\\/radiolitoral.com\\\/2025\\\/09\\\/teresa-de-la-cruz-todas-tenemos-derecho-a-decidir-sobre-nuestros-cuerpos-a-conocernos-mejor-a-cuidarnos-y-disfrutar\\\/\"},\"wordCount\":419,\"commentCount\":0,\"publisher\":{\"@id\":\"https:\\\/\\\/radiolitoral.com\\\/#organization\"},\"image\":{\"@id\":\"https:\\\/\\\/radiolitoral.com\\\/2025\\\/09\\\/teresa-de-la-cruz-todas-tenemos-derecho-a-decidir-sobre-nuestros-cuerpos-a-conocernos-mejor-a-cuidarnos-y-disfrutar\\\/#primaryimage\"},\"thumbnailUrl\":\"https:\\\/\\\/media.radiolitoral.com\\\/wp-content\\\/uploads\\\/2025\\\/09\\\/15105643\\\/Teresa-de-la-Cruz-Primer-Cafe.jpg\",\"keywords\":[\"educaci\u00f3n sexual\",\"Massma\",\"Mujeres\",\"Naturadora\",\"Primer Caf\u00e9\",\"Sexualidad femenina\",\"Talleres\",\"Teresa de la Cruz\"],\"articleSection\":[\"Entrevistas\",\"Igualdad\"],\"inLanguage\":\"ca\",\"potentialAction\":[{\"@type\":\"CommentAction\",\"name\":\"Comment\",\"target\":[\"https:\\\/\\\/radiolitoral.com\\\/2025\\\/09\\\/teresa-de-la-cruz-todas-tenemos-derecho-a-decidir-sobre-nuestros-cuerpos-a-conocernos-mejor-a-cuidarnos-y-disfrutar\\\/#respond\"]}]},{\"@type\":[\"WebPage\",\"ItemPage\"],\"@id\":\"https:\\\/\\\/radiolitoral.com\\\/2025\\\/09\\\/teresa-de-la-cruz-todas-tenemos-derecho-a-decidir-sobre-nuestros-cuerpos-a-conocernos-mejor-a-cuidarnos-y-disfrutar\\\/\",\"url\":\"https:\\\/\\\/radiolitoral.com\\\/2025\\\/09\\\/teresa-de-la-cruz-todas-tenemos-derecho-a-decidir-sobre-nuestros-cuerpos-a-conocernos-mejor-a-cuidarnos-y-disfrutar\\\/\",\"name\":\"Teresa de La Cruz: \u201cTodas tenemos derecho a decidir sobre nuestros cuerpos, a conocernos mejor, a cuidarnos y disfrutar\u201d | R\u00e0dio Litoral\",\"isPartOf\":{\"@id\":\"https:\\\/\\\/radiolitoral.com\\\/#website\"},\"primaryImageOfPage\":{\"@id\":\"https:\\\/\\\/radiolitoral.com\\\/2025\\\/09\\\/teresa-de-la-cruz-todas-tenemos-derecho-a-decidir-sobre-nuestros-cuerpos-a-conocernos-mejor-a-cuidarnos-y-disfrutar\\\/#primaryimage\"},\"image\":{\"@id\":\"https:\\\/\\\/radiolitoral.com\\\/2025\\\/09\\\/teresa-de-la-cruz-todas-tenemos-derecho-a-decidir-sobre-nuestros-cuerpos-a-conocernos-mejor-a-cuidarnos-y-disfrutar\\\/#primaryimage\"},\"thumbnailUrl\":\"https:\\\/\\\/media.radiolitoral.com\\\/wp-content\\\/uploads\\\/2025\\\/09\\\/15105643\\\/Teresa-de-la-Cruz-Primer-Cafe.jpg\",\"datePublished\":\"2025-09-15T09:00:08+00:00\",\"description\":\"La Massma y la Naturadora ponen en marcha un taller itinerante sobre sexualidad femenina sin tab\u00faes en septiembre\",\"breadcrumb\":{\"@id\":\"https:\\\/\\\/radiolitoral.com\\\/2025\\\/09\\\/teresa-de-la-cruz-todas-tenemos-derecho-a-decidir-sobre-nuestros-cuerpos-a-conocernos-mejor-a-cuidarnos-y-disfrutar\\\/#breadcrumb\"},\"inLanguage\":\"ca\",\"potentialAction\":[{\"@type\":\"ReadAction\",\"target\":[\"https:\\\/\\\/radiolitoral.com\\\/2025\\\/09\\\/teresa-de-la-cruz-todas-tenemos-derecho-a-decidir-sobre-nuestros-cuerpos-a-conocernos-mejor-a-cuidarnos-y-disfrutar\\\/\"]}]},{\"@type\":\"ImageObject\",\"inLanguage\":\"ca\",\"@id\":\"https:\\\/\\\/radiolitoral.com\\\/2025\\\/09\\\/teresa-de-la-cruz-todas-tenemos-derecho-a-decidir-sobre-nuestros-cuerpos-a-conocernos-mejor-a-cuidarnos-y-disfrutar\\\/#primaryimage\",\"url\":\"https:\\\/\\\/media.radiolitoral.com\\\/wp-content\\\/uploads\\\/2025\\\/09\\\/15105643\\\/Teresa-de-la-Cruz-Primer-Cafe.jpg\",\"contentUrl\":\"https:\\\/\\\/media.radiolitoral.com\\\/wp-content\\\/uploads\\\/2025\\\/09\\\/15105643\\\/Teresa-de-la-Cruz-Primer-Cafe.jpg\",\"width\":2000,\"height\":1500},{\"@type\":\"BreadcrumbList\",\"@id\":\"https:\\\/\\\/radiolitoral.com\\\/2025\\\/09\\\/teresa-de-la-cruz-todas-tenemos-derecho-a-decidir-sobre-nuestros-cuerpos-a-conocernos-mejor-a-cuidarnos-y-disfrutar\\\/#breadcrumb\",\"itemListElement\":[{\"@type\":\"ListItem\",\"position\":1,\"name\":\"Portada\",\"item\":\"https:\\\/\\\/radiolitoral.com\\\/\"},{\"@type\":\"ListItem\",\"position\":2,\"name\":\"Teresa de La Cruz: \u201cTodas tenemos derecho a decidir sobre nuestros cuerpos, a conocernos mejor, a cuidarnos y disfrutar\u201d\"}]},{\"@type\":\"WebSite\",\"@id\":\"https:\\\/\\\/radiolitoral.com\\\/#website\",\"url\":\"https:\\\/\\\/radiolitoral.com\\\/\",\"name\":\"Radio Litoral\",\"description\":\"La radio local de la Marina Alta\",\"publisher\":{\"@id\":\"https:\\\/\\\/radiolitoral.com\\\/#organization\"},\"alternateName\":\"Litoral FM\",\"potentialAction\":[{\"@type\":\"SearchAction\",\"target\":{\"@type\":\"EntryPoint\",\"urlTemplate\":\"https:\\\/\\\/radiolitoral.com\\\/?s={search_term_string}\"},\"query-input\":{\"@type\":\"PropertyValueSpecification\",\"valueRequired\":true,\"valueName\":\"search_term_string\"}}],\"inLanguage\":\"ca\"},{\"@type\":\"Organization\",\"@id\":\"https:\\\/\\\/radiolitoral.com\\\/#organization\",\"name\":\"Radio Litoral\",\"url\":\"https:\\\/\\\/radiolitoral.com\\\/\",\"logo\":{\"@type\":\"ImageObject\",\"inLanguage\":\"ca\",\"@id\":\"https:\\\/\\\/radiolitoral.com\\\/#\\\/schema\\\/logo\\\/image\\\/\",\"url\":\"https:\\\/\\\/media.radiolitoral.com\\\/wp-content\\\/uploads\\\/2023\\\/02\\\/24143238\\\/CL-V-RadioLitoral696.png\",\"contentUrl\":\"https:\\\/\\\/media.radiolitoral.com\\\/wp-content\\\/uploads\\\/2023\\\/02\\\/24143238\\\/CL-V-RadioLitoral696.png\",\"width\":696,\"height\":696,\"caption\":\"Radio Litoral\"},\"image\":{\"@id\":\"https:\\\/\\\/radiolitoral.com\\\/#\\\/schema\\\/logo\\\/image\\\/\"},\"sameAs\":[\"https:\\\/\\\/www.facebook.com\\\/Laradiolitoral\\\/\"]},{\"@type\":\"Person\",\"@id\":\"https:\\\/\\\/radiolitoral.com\\\/#\\\/schema\\\/person\\\/f2b2343c49b5d721857cc1002bfdb151\",\"name\":\"Redacci\u00f3n\",\"image\":{\"@type\":\"ImageObject\",\"inLanguage\":\"ca\",\"@id\":\"https:\\\/\\\/secure.gravatar.com\\\/avatar\\\/f771d896c203ad8b3382d7905cfcce5a5c9b008b84b3cd9114e9b9f4cb63f789?s=96&d=mm&r=g\",\"url\":\"https:\\\/\\\/secure.gravatar.com\\\/avatar\\\/f771d896c203ad8b3382d7905cfcce5a5c9b008b84b3cd9114e9b9f4cb63f789?s=96&d=mm&r=g\",\"contentUrl\":\"https:\\\/\\\/secure.gravatar.com\\\/avatar\\\/f771d896c203ad8b3382d7905cfcce5a5c9b008b84b3cd9114e9b9f4cb63f789?s=96&d=mm&r=g\",\"caption\":\"Redacci\u00f3n\"},\"url\":\"https:\\\/\\\/radiolitoral.com\\\/ca\\\/author\\\/miriam-pagan\\\/\"}]}<\/script>\n<!-- \/ Yoast SEO plugin. -->","yoast_head_json":{"title":"Teresa de La Cruz: \u201cTotes tenim dret a decidir sobre els nostres cossos, a con\u00e8ixer-nos millor, a cuidar-nos i gaudir\u201d | R\u00e0dio Litoral","description":"La Massma i la Naturadora posen en marxa un taller itinerant sobre sexualitat femenina sense tab\u00fas al setembre","robots":{"index":"index","follow":"follow","max-snippet":"max-snippet:-1","max-image-preview":"max-image-preview:large","max-video-preview":"max-video-preview:-1"},"canonical":"https:\/\/radiolitoral.com\/ca\/2025\/09\/teresa-de-la-creu-totes-tenim-dret-a-decidir-sobre-els-nostres-cossos-a-coneixer-nos-millor-a-cuidar-nos-i-gaudir\/","og_locale":"ca_ES","og_type":"article","og_title":"Teresa de La Cruz: \u201cTodas tenemos derecho a decidir sobre nuestros cuerpos, a conocernos mejor, a cuidarnos y disfrutar\u201d | R\u00e0dio Litoral","og_description":"La Massma y la Naturadora ponen en marcha un taller itinerante sobre sexualidad femenina sin tab\u00faes en septiembre","og_url":"https:\/\/radiolitoral.com\/ca\/2025\/09\/teresa-de-la-creu-totes-tenim-dret-a-decidir-sobre-els-nostres-cossos-a-coneixer-nos-millor-a-cuidar-nos-i-gaudir\/","og_site_name":"R\u00e0dio Litoral","article_publisher":"https:\/\/www.facebook.com\/Laradiolitoral\/","article_published_time":"2025-09-15T09:00:08+00:00","og_image":[{"width":2000,"height":1500,"url":"https:\/\/media.radiolitoral.com\/wp-content\/uploads\/2025\/09\/15105643\/Teresa-de-la-Cruz-Primer-Cafe.jpg","type":"image\/jpeg"}],"author":"Redacci\u00f3n","twitter_card":"summary_large_image","twitter_misc":{"Escrit per":"Redacci\u00f3n","Temps estimat de lectura":"3 minuts"},"schema":{"@context":"https:\/\/schema.org","@graph":[{"@type":"NewsArticle","@id":"https:\/\/radiolitoral.com\/2025\/09\/teresa-de-la-cruz-todas-tenemos-derecho-a-decidir-sobre-nuestros-cuerpos-a-conocernos-mejor-a-cuidarnos-y-disfrutar\/#article","isPartOf":{"@id":"https:\/\/radiolitoral.com\/2025\/09\/teresa-de-la-cruz-todas-tenemos-derecho-a-decidir-sobre-nuestros-cuerpos-a-conocernos-mejor-a-cuidarnos-y-disfrutar\/"},"author":{"name":"Redacci\u00f3n","@id":"https:\/\/radiolitoral.com\/#\/schema\/person\/f2b2343c49b5d721857cc1002bfdb151"},"headline":"Teresa de La Cruz: \u201cTodas tenemos derecho a decidir sobre nuestros cuerpos, a conocernos mejor, a cuidarnos y disfrutar\u201d","datePublished":"2025-09-15T09:00:08+00:00","mainEntityOfPage":{"@id":"https:\/\/radiolitoral.com\/2025\/09\/teresa-de-la-cruz-todas-tenemos-derecho-a-decidir-sobre-nuestros-cuerpos-a-conocernos-mejor-a-cuidarnos-y-disfrutar\/"},"wordCount":419,"commentCount":0,"publisher":{"@id":"https:\/\/radiolitoral.com\/#organization"},"image":{"@id":"https:\/\/radiolitoral.com\/2025\/09\/teresa-de-la-cruz-todas-tenemos-derecho-a-decidir-sobre-nuestros-cuerpos-a-conocernos-mejor-a-cuidarnos-y-disfrutar\/#primaryimage"},"thumbnailUrl":"https:\/\/media.radiolitoral.com\/wp-content\/uploads\/2025\/09\/15105643\/Teresa-de-la-Cruz-Primer-Cafe.jpg","keywords":["educaci\u00f3n sexual","Massma","Mujeres","Naturadora","Primer Caf\u00e9","Sexualidad femenina","Talleres","Teresa de la Cruz"],"articleSection":["Entrevistas","Igualdad"],"inLanguage":"ca","potentialAction":[{"@type":"CommentAction","name":"Comment","target":["https:\/\/radiolitoral.com\/2025\/09\/teresa-de-la-cruz-todas-tenemos-derecho-a-decidir-sobre-nuestros-cuerpos-a-conocernos-mejor-a-cuidarnos-y-disfrutar\/#respond"]}]},{"@type":["WebPage","ItemPage"],"@id":"https:\/\/radiolitoral.com\/2025\/09\/teresa-de-la-cruz-todas-tenemos-derecho-a-decidir-sobre-nuestros-cuerpos-a-conocernos-mejor-a-cuidarnos-y-disfrutar\/","url":"https:\/\/radiolitoral.com\/2025\/09\/teresa-de-la-cruz-todas-tenemos-derecho-a-decidir-sobre-nuestros-cuerpos-a-conocernos-mejor-a-cuidarnos-y-disfrutar\/","name":"Teresa de La Cruz: \u201cTotes tenim dret a decidir sobre els nostres cossos, a con\u00e8ixer-nos millor, a cuidar-nos i gaudir\u201d | R\u00e0dio Litoral","isPartOf":{"@id":"https:\/\/radiolitoral.com\/#website"},"primaryImageOfPage":{"@id":"https:\/\/radiolitoral.com\/2025\/09\/teresa-de-la-cruz-todas-tenemos-derecho-a-decidir-sobre-nuestros-cuerpos-a-conocernos-mejor-a-cuidarnos-y-disfrutar\/#primaryimage"},"image":{"@id":"https:\/\/radiolitoral.com\/2025\/09\/teresa-de-la-cruz-todas-tenemos-derecho-a-decidir-sobre-nuestros-cuerpos-a-conocernos-mejor-a-cuidarnos-y-disfrutar\/#primaryimage"},"thumbnailUrl":"https:\/\/media.radiolitoral.com\/wp-content\/uploads\/2025\/09\/15105643\/Teresa-de-la-Cruz-Primer-Cafe.jpg","datePublished":"2025-09-15T09:00:08+00:00","description":"La Massma i la Naturadora posen en marxa un taller itinerant sobre sexualitat femenina sense tab\u00fas al setembre","breadcrumb":{"@id":"https:\/\/radiolitoral.com\/2025\/09\/teresa-de-la-cruz-todas-tenemos-derecho-a-decidir-sobre-nuestros-cuerpos-a-conocernos-mejor-a-cuidarnos-y-disfrutar\/#breadcrumb"},"inLanguage":"ca","potentialAction":[{"@type":"ReadAction","target":["https:\/\/radiolitoral.com\/2025\/09\/teresa-de-la-cruz-todas-tenemos-derecho-a-decidir-sobre-nuestros-cuerpos-a-conocernos-mejor-a-cuidarnos-y-disfrutar\/"]}]},{"@type":"ImageObject","inLanguage":"ca","@id":"https:\/\/radiolitoral.com\/2025\/09\/teresa-de-la-cruz-todas-tenemos-derecho-a-decidir-sobre-nuestros-cuerpos-a-conocernos-mejor-a-cuidarnos-y-disfrutar\/#primaryimage","url":"https:\/\/media.radiolitoral.com\/wp-content\/uploads\/2025\/09\/15105643\/Teresa-de-la-Cruz-Primer-Cafe.jpg","contentUrl":"https:\/\/media.radiolitoral.com\/wp-content\/uploads\/2025\/09\/15105643\/Teresa-de-la-Cruz-Primer-Cafe.jpg","width":2000,"height":1500},{"@type":"BreadcrumbList","@id":"https:\/\/radiolitoral.com\/2025\/09\/teresa-de-la-cruz-todas-tenemos-derecho-a-decidir-sobre-nuestros-cuerpos-a-conocernos-mejor-a-cuidarnos-y-disfrutar\/#breadcrumb","itemListElement":[{"@type":"ListItem","position":1,"name":"Portada","item":"https:\/\/radiolitoral.com\/"},{"@type":"ListItem","position":2,"name":"Teresa de La Cruz: \u201cTodas tenemos derecho a decidir sobre nuestros cuerpos, a conocernos mejor, a cuidarnos y disfrutar\u201d"}]},{"@type":"WebSite","@id":"https:\/\/radiolitoral.com\/#website","url":"https:\/\/radiolitoral.com\/","name":"R\u00e0dio Litoral","description":"La r\u00e0dio local de la Marina Alta","publisher":{"@id":"https:\/\/radiolitoral.com\/#organization"},"alternateName":"Litoral FM","potentialAction":[{"@type":"SearchAction","target":{"@type":"EntryPoint","urlTemplate":"https:\/\/radiolitoral.com\/?s={search_term_string}"},"query-input":{"@type":"PropertyValueSpecification","valueRequired":true,"valueName":"search_term_string"}}],"inLanguage":"ca"},{"@type":"Organization","@id":"https:\/\/radiolitoral.com\/#organization","name":"R\u00e0dio Litoral","url":"https:\/\/radiolitoral.com\/","logo":{"@type":"ImageObject","inLanguage":"ca","@id":"https:\/\/radiolitoral.com\/#\/schema\/logo\/image\/","url":"https:\/\/media.radiolitoral.com\/wp-content\/uploads\/2023\/02\/24143238\/CL-V-RadioLitoral696.png","contentUrl":"https:\/\/media.radiolitoral.com\/wp-content\/uploads\/2023\/02\/24143238\/CL-V-RadioLitoral696.png","width":696,"height":696,"caption":"Radio Litoral"},"image":{"@id":"https:\/\/radiolitoral.com\/#\/schema\/logo\/image\/"},"sameAs":["https:\/\/www.facebook.com\/Laradiolitoral\/"]},{"@type":"Person","@id":"https:\/\/radiolitoral.com\/#\/schema\/person\/f2b2343c49b5d721857cc1002bfdb151","name":"Redacci\u00f3","image":{"@type":"ImageObject","inLanguage":"ca","@id":"https:\/\/secure.gravatar.com\/avatar\/f771d896c203ad8b3382d7905cfcce5a5c9b008b84b3cd9114e9b9f4cb63f789?s=96&d=mm&r=g","url":"https:\/\/secure.gravatar.com\/avatar\/f771d896c203ad8b3382d7905cfcce5a5c9b008b84b3cd9114e9b9f4cb63f789?s=96&d=mm&r=g","contentUrl":"https:\/\/secure.gravatar.com\/avatar\/f771d896c203ad8b3382d7905cfcce5a5c9b008b84b3cd9114e9b9f4cb63f789?s=96&d=mm&r=g","caption":"Redacci\u00f3n"},"url":"https:\/\/radiolitoral.com\/ca\/author\/miriam-pagan\/"}]}},"_links":{"self":[{"href":"https:\/\/radiolitoral.com\/ca\/wp-json\/wp\/v2\/posts\/18571","targetHints":{"allow":["GET"]}}],"collection":[{"href":"https:\/\/radiolitoral.com\/ca\/wp-json\/wp\/v2\/posts"}],"about":[{"href":"https:\/\/radiolitoral.com\/ca\/wp-json\/wp\/v2\/types\/post"}],"author":[{"embeddable":true,"href":"https:\/\/radiolitoral.com\/ca\/wp-json\/wp\/v2\/users\/13"}],"replies":[{"embeddable":true,"href":"https:\/\/radiolitoral.com\/ca\/wp-json\/wp\/v2\/comments?post=18571"}],"version-history":[{"count":2,"href":"https:\/\/radiolitoral.com\/ca\/wp-json\/wp\/v2\/posts\/18571\/revisions"}],"predecessor-version":[{"id":18575,"href":"https:\/\/radiolitoral.com\/ca\/wp-json\/wp\/v2\/posts\/18571\/revisions\/18575"}],"wp:featuredmedia":[{"embeddable":true,"href":"https:\/\/radiolitoral.com\/ca\/wp-json\/wp\/v2\/media\/18573"}],"wp:attachment":[{"href":"https:\/\/radiolitoral.com\/ca\/wp-json\/wp\/v2\/media?parent=18571"}],"wp:term":[{"taxonomy":"category","embeddable":true,"href":"https:\/\/radiolitoral.com\/ca\/wp-json\/wp\/v2\/categories?post=18571"},{"taxonomy":"post_tag","embeddable":true,"href":"https:\/\/radiolitoral.com\/ca\/wp-json\/wp\/v2\/tags?post=18571"}],"curies":[{"name":"wp","href":"https:\/\/api.w.org\/{rel}","templated":true}]}}