{"id":18567,"date":"2025-09-12T17:38:07","date_gmt":"2025-09-12T15:38:07","guid":{"rendered":"https:\/\/radiolitoral.com\/?p=18567"},"modified":"2025-09-12T17:38:07","modified_gmt":"2025-09-12T15:38:07","slug":"lajuntament-de-teulada-inicies-noves-obres-de-renovacio-a-la-xarxa-de-sanejament","status":"publish","type":"post","link":"https:\/\/radiolitoral.com\/ca\/2025\/09\/el-ayuntamiento-de-teulada-iniciara-nuevas-obras-de-renovacion-en-la-red-de-saneamiento\/","title":{"rendered":"L&#039;Ajuntament de Teulada iniciar\u00e0 noves obres de renovaci\u00f3 a la xarxa de sanejament"},"content":{"rendered":"<p data-start=\"207\" data-end=\"555\">A partir del dilluns 15 de setembre de 2025, l&#039;Ajuntament de <strong>Teulada<\/strong> iniciar\u00e0 noves obres de renovaci\u00f3 a la xarxa de sanejament. Amb aquesta actuaci\u00f3, es donar\u00e0 continu\u00eftat al projecte de millora de les infraestructures municipals que ja es desenvolupa a la localitat.<\/p>\n<p data-start=\"557\" data-end=\"928\">Les obres, que afectaran els carrers <strong data-start=\"637\" data-end=\"654\">Mar de Bering<\/strong>, <strong data-start=\"656\" data-end=\"670\">Mar Blanc<\/strong>, <strong data-start=\"672\" data-end=\"685\">Mar Negre<\/strong> i <strong data-start=\"688\" data-end=\"702\">Mar J\u00f2nic<\/strong>, consisteixen en la renovaci\u00f3 de m\u00e9s de 615 metres de col\u00b7lector d&#039;aig\u00fces residuals. Aquest projecte s\u201femmarca en el proc\u00e9s d\u201factualitzaci\u00f3 de la xarxa de sanejament de la carretera <strong data-start=\"882\" data-end=\"892\" data-is-only-node=\"\">CV-743<\/strong>, que continua fins a la <strong data-start=\"916\" data-end=\"926\">CV-737<\/strong>.<\/p>\n<p data-start=\"557\" data-end=\"928\"><a href=\"https:\/\/media.radiolitoral.com\/wp-content\/uploads\/2025\/09\/12173741\/obras-alcantarillado.jpg\"><img loading=\"lazy\" decoding=\"async\" class=\"size-full wp-image-18568 aligncenter\" src=\"https:\/\/media.radiolitoral.com\/wp-content\/uploads\/2025\/09\/12173741\/obras-alcantarillado.jpg\" alt=\"\" width=\"2114\" height=\"1398\" srcset=\"https:\/\/media.radiolitoral.com\/wp-content\/uploads\/2025\/09\/12173741\/obras-alcantarillado.jpg 2114w, https:\/\/media.radiolitoral.com\/wp-content\/uploads\/2025\/09\/12173741\/obras-alcantarillado-300x198.jpg 300w, https:\/\/media.radiolitoral.com\/wp-content\/uploads\/2025\/09\/12173741\/obras-alcantarillado-1024x677.jpg 1024w, https:\/\/media.radiolitoral.com\/wp-content\/uploads\/2025\/09\/12173741\/obras-alcantarillado-768x508.jpg 768w, https:\/\/media.radiolitoral.com\/wp-content\/uploads\/2025\/09\/12173741\/obras-alcantarillado-1536x1016.jpg 1536w, https:\/\/media.radiolitoral.com\/wp-content\/uploads\/2025\/09\/12173741\/obras-alcantarillado-2048x1354.jpg 2048w, https:\/\/media.radiolitoral.com\/wp-content\/uploads\/2025\/09\/12173741\/obras-alcantarillado-18x12.jpg 18w, https:\/\/media.radiolitoral.com\/wp-content\/uploads\/2025\/09\/12173741\/obras-alcantarillado-1000x661.jpg 1000w, https:\/\/media.radiolitoral.com\/wp-content\/uploads\/2025\/09\/12173741\/obras-alcantarillado-100x66.jpg 100w, https:\/\/media.radiolitoral.com\/wp-content\/uploads\/2025\/09\/12173741\/obras-alcantarillado-200x132.jpg 200w\" sizes=\"auto, (max-width: 2114px) 100vw, 2114px\" \/><\/a><\/p>\n<h2 data-start=\"557\" data-end=\"928\">Nous conductes<\/h2>\n<p data-start=\"930\" data-end=\"1153\">A m\u00e9s de la substituci\u00f3 del col\u00b7lector, es milloraran diversos pous i arquetes, i s&#039;instal\u00b7laran nous conductes que ampliaran la capacitat de la xarxa, cosa que millorar\u00e0 el servei als habitatges i parcel\u00b7les ubicades a la zona.<\/p>\n<p data-start=\"1155\" data-end=\"1414\">El cost total dels treballs puja a <strong data-start=\"1234\" data-end=\"1251\">286.720 euros<\/strong> (IVA incl\u00f2s), fons que provenen \u00edntegrament de les arques municipals. La previsi\u00f3 \u00e9s que les obres es completin en un termini de <strong data-start=\"1386\" data-end=\"1397\">4 mesos<\/strong> des del comen\u00e7ament.<\/p>\n<p data-start=\"1416\" data-end=\"1974\">La regidora de Serveis Generals, <strong data-start=\"1505\" data-end=\"1519\">Mari Cant\u00f3<\/strong>, va subratllar la import\u00e0ncia d&#039;aquestes actuacions per al benestar dels ve\u00efns i la sostenibilitat de l&#039;entorn: &quot;La millora de la xarxa de sanejament \u00e9s una prioritat per a aquest equip de govern, ja que en dep\u00e8n el benestar dels nostres ve\u00efns i ve\u00efnes i la sostenibilitat del nostre entorn. Amb aquesta actuaci\u00f3 seguim avan\u00e7ant en la renovaci\u00f3 d&#039;unes infraestructures b\u00e0siques per garantir un servei m\u00e9s eficient i.<\/p>\n<p data-start=\"1976\" data-end=\"2449\" data-is-last-node=\"\" data-is-only-node=\"\">Per part seva, l&#039;alcalde <strong data-start=\"2043\" data-end=\"2059\">Ra\u00fal Llobell<\/strong> ha destacat que aquestes obres no nom\u00e9s representen una inversi\u00f3 de futur, sin\u00f3 que responen a una necessitat de la ciutadania: &quot;El nostre objectiu \u00e9s clar: seguir complint el nostre comprom\u00eds de dotar Teulada Moraira d&#039;una xarxa de sanejament moderna, que eviti incid\u00e8ncies i que estigui preparada per al creixement i les necessitats del municipi en els propers anys&quot;, va afirmar l&#039;alcalde.<\/p>","protected":false},"excerpt":{"rendered":"<p>A partir del lunes 15 de septiembre de 2025, el Ayuntamiento de Teulada iniciar\u00e1 nuevas obras de renovaci\u00f3n en la red de saneamiento. Con esta actuaci\u00f3n, se dar\u00e1 continuidad al proyecto de mejora de las infraestructuras municipales que ya se viene desarrollando en la localidad. Las obras, que afectar\u00e1n a las calles Mar de Bering, [&#8230;]<\/p>\n<p><a class=\"btn btn-secondary understrap-read-more-link\" href=\"https:\/\/radiolitoral.com\/ca\/2025\/09\/el-ayuntamiento-de-teulada-iniciara-nuevas-obras-de-renovacion-en-la-red-de-saneamiento\/\">Continua llegint&#8230;<span class=\"screen-reader-text\"> from El Ayuntamiento de Teulada iniciar\u00e1 nuevas obras de renovaci\u00f3n en la red de saneamiento<\/span><\/a><\/p>\n","protected":false},"author":14,"featured_media":3011,"comment_status":"open","ping_status":"closed","sticky":false,"template":"","format":"standard","meta":{"_acf_changed":false,"inline_featured_image":false,"footnotes":""},"categories":[100],"tags":[4965,195],"class_list":["post-18567","post","type-post","status-publish","format-standard","has-post-thumbnail","hentry","category-obras","tag-red-saneamiento","tag-teulada-moraira","cobertura-teulada-moraira"],"acf":[],"yoast_head":"<!-- This site is optimized with the Yoast SEO plugin v27.5 - https:\/\/yoast.com\/product\/yoast-seo-wordpress\/ -->\n<title>El Ayuntamiento de Teulada iniciar\u00e1 nuevas obras de renovaci\u00f3n en la red de saneamiento | R\u00e0dio Litoral<\/title>\n<meta name=\"description\" content=\"La mejora del sistema de aguas residuales se extender\u00e1 por varias calles del municipio\" \/>\n<meta name=\"robots\" content=\"index, follow, max-snippet:-1, max-image-preview:large, max-video-preview:-1\" \/>\n<link rel=\"canonical\" href=\"https:\/\/radiolitoral.com\/ca\/2025\/09\/lajuntament-de-teulada-inicies-noves-obres-de-renovacio-a-la-xarxa-de-sanejament\/\" \/>\n<meta property=\"og:locale\" content=\"ca_ES\" \/>\n<meta property=\"og:type\" content=\"article\" \/>\n<meta property=\"og:title\" content=\"El Ayuntamiento de Teulada iniciar\u00e1 nuevas obras de renovaci\u00f3n en la red de saneamiento | R\u00e0dio Litoral\" \/>\n<meta property=\"og:description\" content=\"La mejora del sistema de aguas residuales se extender\u00e1 por varias calles del municipio\" \/>\n<meta property=\"og:url\" content=\"https:\/\/radiolitoral.com\/ca\/2025\/09\/lajuntament-de-teulada-inicies-noves-obres-de-renovacio-a-la-xarxa-de-sanejament\/\" \/>\n<meta property=\"og:site_name\" content=\"R\u00e0dio Litoral\" \/>\n<meta property=\"article:publisher\" content=\"https:\/\/www.facebook.com\/Laradiolitoral\/\" \/>\n<meta property=\"article:published_time\" content=\"2025-09-12T15:38:07+00:00\" \/>\n<meta property=\"og:image\" content=\"https:\/\/media.radiolitoral.com\/wp-content\/uploads\/2023\/05\/11223326\/Cascourbano.jpg\" \/>\n\t<meta property=\"og:image:width\" content=\"1920\" \/>\n\t<meta property=\"og:image:height\" content=\"1280\" \/>\n\t<meta property=\"og:image:type\" content=\"image\/jpeg\" \/>\n<meta name=\"author\" content=\"Redacci\u00f3n\" \/>\n<meta name=\"twitter:card\" content=\"summary_large_image\" \/>\n<meta name=\"twitter:label1\" content=\"Escrit per\" \/>\n\t<meta name=\"twitter:data1\" content=\"Redacci\u00f3n\" \/>\n\t<meta name=\"twitter:label2\" content=\"Temps estimat de lectura\" \/>\n\t<meta name=\"twitter:data2\" content=\"2 minuts\" \/>\n<script type=\"application\/ld+json\" class=\"yoast-schema-graph\">{\"@context\":\"https:\\\/\\\/schema.org\",\"@graph\":[{\"@type\":\"NewsArticle\",\"@id\":\"https:\\\/\\\/radiolitoral.com\\\/2025\\\/09\\\/el-ayuntamiento-de-teulada-iniciara-nuevas-obras-de-renovacion-en-la-red-de-saneamiento\\\/#article\",\"isPartOf\":{\"@id\":\"https:\\\/\\\/radiolitoral.com\\\/2025\\\/09\\\/el-ayuntamiento-de-teulada-iniciara-nuevas-obras-de-renovacion-en-la-red-de-saneamiento\\\/\"},\"author\":{\"name\":\"Redacci\u00f3n\",\"@id\":\"https:\\\/\\\/radiolitoral.com\\\/#\\\/schema\\\/person\\\/96b739642eb3bedb532aac3812d23307\"},\"headline\":\"El Ayuntamiento de Teulada iniciar\u00e1 nuevas obras de renovaci\u00f3n en la red de saneamiento\",\"datePublished\":\"2025-09-12T15:38:07+00:00\",\"mainEntityOfPage\":{\"@id\":\"https:\\\/\\\/radiolitoral.com\\\/2025\\\/09\\\/el-ayuntamiento-de-teulada-iniciara-nuevas-obras-de-renovacion-en-la-red-de-saneamiento\\\/\"},\"wordCount\":358,\"commentCount\":0,\"publisher\":{\"@id\":\"https:\\\/\\\/radiolitoral.com\\\/#organization\"},\"image\":{\"@id\":\"https:\\\/\\\/radiolitoral.com\\\/2025\\\/09\\\/el-ayuntamiento-de-teulada-iniciara-nuevas-obras-de-renovacion-en-la-red-de-saneamiento\\\/#primaryimage\"},\"thumbnailUrl\":\"https:\\\/\\\/media.radiolitoral.com\\\/wp-content\\\/uploads\\\/2023\\\/05\\\/11223326\\\/Cascourbano.jpg\",\"keywords\":[\"red saneamiento\",\"Teulada-Moraira\"],\"articleSection\":[\"Obras\"],\"inLanguage\":\"ca\",\"potentialAction\":[{\"@type\":\"CommentAction\",\"name\":\"Comment\",\"target\":[\"https:\\\/\\\/radiolitoral.com\\\/2025\\\/09\\\/el-ayuntamiento-de-teulada-iniciara-nuevas-obras-de-renovacion-en-la-red-de-saneamiento\\\/#respond\"]}]},{\"@type\":[\"WebPage\",\"ItemPage\"],\"@id\":\"https:\\\/\\\/radiolitoral.com\\\/2025\\\/09\\\/el-ayuntamiento-de-teulada-iniciara-nuevas-obras-de-renovacion-en-la-red-de-saneamiento\\\/\",\"url\":\"https:\\\/\\\/radiolitoral.com\\\/2025\\\/09\\\/el-ayuntamiento-de-teulada-iniciara-nuevas-obras-de-renovacion-en-la-red-de-saneamiento\\\/\",\"name\":\"El Ayuntamiento de Teulada iniciar\u00e1 nuevas obras de renovaci\u00f3n en la red de saneamiento | R\u00e0dio Litoral\",\"isPartOf\":{\"@id\":\"https:\\\/\\\/radiolitoral.com\\\/#website\"},\"primaryImageOfPage\":{\"@id\":\"https:\\\/\\\/radiolitoral.com\\\/2025\\\/09\\\/el-ayuntamiento-de-teulada-iniciara-nuevas-obras-de-renovacion-en-la-red-de-saneamiento\\\/#primaryimage\"},\"image\":{\"@id\":\"https:\\\/\\\/radiolitoral.com\\\/2025\\\/09\\\/el-ayuntamiento-de-teulada-iniciara-nuevas-obras-de-renovacion-en-la-red-de-saneamiento\\\/#primaryimage\"},\"thumbnailUrl\":\"https:\\\/\\\/media.radiolitoral.com\\\/wp-content\\\/uploads\\\/2023\\\/05\\\/11223326\\\/Cascourbano.jpg\",\"datePublished\":\"2025-09-12T15:38:07+00:00\",\"description\":\"La mejora del sistema de aguas residuales se extender\u00e1 por varias calles del municipio\",\"breadcrumb\":{\"@id\":\"https:\\\/\\\/radiolitoral.com\\\/2025\\\/09\\\/el-ayuntamiento-de-teulada-iniciara-nuevas-obras-de-renovacion-en-la-red-de-saneamiento\\\/#breadcrumb\"},\"inLanguage\":\"ca\",\"potentialAction\":[{\"@type\":\"ReadAction\",\"target\":[\"https:\\\/\\\/radiolitoral.com\\\/2025\\\/09\\\/el-ayuntamiento-de-teulada-iniciara-nuevas-obras-de-renovacion-en-la-red-de-saneamiento\\\/\"]}]},{\"@type\":\"ImageObject\",\"inLanguage\":\"ca\",\"@id\":\"https:\\\/\\\/radiolitoral.com\\\/2025\\\/09\\\/el-ayuntamiento-de-teulada-iniciara-nuevas-obras-de-renovacion-en-la-red-de-saneamiento\\\/#primaryimage\",\"url\":\"https:\\\/\\\/media.radiolitoral.com\\\/wp-content\\\/uploads\\\/2023\\\/05\\\/11223326\\\/Cascourbano.jpg\",\"contentUrl\":\"https:\\\/\\\/media.radiolitoral.com\\\/wp-content\\\/uploads\\\/2023\\\/05\\\/11223326\\\/Cascourbano.jpg\",\"width\":1920,\"height\":1280,\"caption\":\"Teulada (Alicante),\"},{\"@type\":\"BreadcrumbList\",\"@id\":\"https:\\\/\\\/radiolitoral.com\\\/2025\\\/09\\\/el-ayuntamiento-de-teulada-iniciara-nuevas-obras-de-renovacion-en-la-red-de-saneamiento\\\/#breadcrumb\",\"itemListElement\":[{\"@type\":\"ListItem\",\"position\":1,\"name\":\"Portada\",\"item\":\"https:\\\/\\\/radiolitoral.com\\\/\"},{\"@type\":\"ListItem\",\"position\":2,\"name\":\"El Ayuntamiento de Teulada iniciar\u00e1 nuevas obras de renovaci\u00f3n en la red de saneamiento\"}]},{\"@type\":\"WebSite\",\"@id\":\"https:\\\/\\\/radiolitoral.com\\\/#website\",\"url\":\"https:\\\/\\\/radiolitoral.com\\\/\",\"name\":\"Radio Litoral\",\"description\":\"La radio local de la Marina Alta\",\"publisher\":{\"@id\":\"https:\\\/\\\/radiolitoral.com\\\/#organization\"},\"alternateName\":\"Litoral FM\",\"potentialAction\":[{\"@type\":\"SearchAction\",\"target\":{\"@type\":\"EntryPoint\",\"urlTemplate\":\"https:\\\/\\\/radiolitoral.com\\\/?s={search_term_string}\"},\"query-input\":{\"@type\":\"PropertyValueSpecification\",\"valueRequired\":true,\"valueName\":\"search_term_string\"}}],\"inLanguage\":\"ca\"},{\"@type\":\"Organization\",\"@id\":\"https:\\\/\\\/radiolitoral.com\\\/#organization\",\"name\":\"Radio Litoral\",\"url\":\"https:\\\/\\\/radiolitoral.com\\\/\",\"logo\":{\"@type\":\"ImageObject\",\"inLanguage\":\"ca\",\"@id\":\"https:\\\/\\\/radiolitoral.com\\\/#\\\/schema\\\/logo\\\/image\\\/\",\"url\":\"https:\\\/\\\/media.radiolitoral.com\\\/wp-content\\\/uploads\\\/2023\\\/02\\\/24143238\\\/CL-V-RadioLitoral696.png\",\"contentUrl\":\"https:\\\/\\\/media.radiolitoral.com\\\/wp-content\\\/uploads\\\/2023\\\/02\\\/24143238\\\/CL-V-RadioLitoral696.png\",\"width\":696,\"height\":696,\"caption\":\"Radio Litoral\"},\"image\":{\"@id\":\"https:\\\/\\\/radiolitoral.com\\\/#\\\/schema\\\/logo\\\/image\\\/\"},\"sameAs\":[\"https:\\\/\\\/www.facebook.com\\\/Laradiolitoral\\\/\"]},{\"@type\":\"Person\",\"@id\":\"https:\\\/\\\/radiolitoral.com\\\/#\\\/schema\\\/person\\\/96b739642eb3bedb532aac3812d23307\",\"name\":\"Redacci\u00f3n\",\"image\":{\"@type\":\"ImageObject\",\"inLanguage\":\"ca\",\"@id\":\"https:\\\/\\\/secure.gravatar.com\\\/avatar\\\/30cd06129ee90411dd9c7cbdcf17464181d1a3c7b072e92070ea75a25cf0097e?s=96&d=mm&r=g\",\"url\":\"https:\\\/\\\/secure.gravatar.com\\\/avatar\\\/30cd06129ee90411dd9c7cbdcf17464181d1a3c7b072e92070ea75a25cf0097e?s=96&d=mm&r=g\",\"contentUrl\":\"https:\\\/\\\/secure.gravatar.com\\\/avatar\\\/30cd06129ee90411dd9c7cbdcf17464181d1a3c7b072e92070ea75a25cf0097e?s=96&d=mm&r=g\",\"caption\":\"Redacci\u00f3n\"},\"url\":\"https:\\\/\\\/radiolitoral.com\\\/ca\\\/author\\\/kevin-carrio\\\/\"}]}<\/script>\n<!-- \/ Yoast SEO plugin. -->","yoast_head_json":{"title":"L&#039;Ajuntament de Teulada iniciar\u00e0 noves obres de renovaci\u00f3 a la xarxa de sanejament | R\u00e0dio Litoral","description":"La millora del sistema d\u201faig\u00fces residuals s\u201festendr\u00e0 per diversos carrers del municipi","robots":{"index":"index","follow":"follow","max-snippet":"max-snippet:-1","max-image-preview":"max-image-preview:large","max-video-preview":"max-video-preview:-1"},"canonical":"https:\/\/radiolitoral.com\/ca\/2025\/09\/lajuntament-de-teulada-inicies-noves-obres-de-renovacio-a-la-xarxa-de-sanejament\/","og_locale":"ca_ES","og_type":"article","og_title":"El Ayuntamiento de Teulada iniciar\u00e1 nuevas obras de renovaci\u00f3n en la red de saneamiento | R\u00e0dio Litoral","og_description":"La mejora del sistema de aguas residuales se extender\u00e1 por varias calles del municipio","og_url":"https:\/\/radiolitoral.com\/ca\/2025\/09\/lajuntament-de-teulada-inicies-noves-obres-de-renovacio-a-la-xarxa-de-sanejament\/","og_site_name":"R\u00e0dio Litoral","article_publisher":"https:\/\/www.facebook.com\/Laradiolitoral\/","article_published_time":"2025-09-12T15:38:07+00:00","og_image":[{"width":1920,"height":1280,"url":"https:\/\/media.radiolitoral.com\/wp-content\/uploads\/2023\/05\/11223326\/Cascourbano.jpg","type":"image\/jpeg"}],"author":"Redacci\u00f3n","twitter_card":"summary_large_image","twitter_misc":{"Escrit per":"Redacci\u00f3n","Temps estimat de lectura":"2 minuts"},"schema":{"@context":"https:\/\/schema.org","@graph":[{"@type":"NewsArticle","@id":"https:\/\/radiolitoral.com\/2025\/09\/el-ayuntamiento-de-teulada-iniciara-nuevas-obras-de-renovacion-en-la-red-de-saneamiento\/#article","isPartOf":{"@id":"https:\/\/radiolitoral.com\/2025\/09\/el-ayuntamiento-de-teulada-iniciara-nuevas-obras-de-renovacion-en-la-red-de-saneamiento\/"},"author":{"name":"Redacci\u00f3n","@id":"https:\/\/radiolitoral.com\/#\/schema\/person\/96b739642eb3bedb532aac3812d23307"},"headline":"El Ayuntamiento de Teulada iniciar\u00e1 nuevas obras de renovaci\u00f3n en la red de saneamiento","datePublished":"2025-09-12T15:38:07+00:00","mainEntityOfPage":{"@id":"https:\/\/radiolitoral.com\/2025\/09\/el-ayuntamiento-de-teulada-iniciara-nuevas-obras-de-renovacion-en-la-red-de-saneamiento\/"},"wordCount":358,"commentCount":0,"publisher":{"@id":"https:\/\/radiolitoral.com\/#organization"},"image":{"@id":"https:\/\/radiolitoral.com\/2025\/09\/el-ayuntamiento-de-teulada-iniciara-nuevas-obras-de-renovacion-en-la-red-de-saneamiento\/#primaryimage"},"thumbnailUrl":"https:\/\/media.radiolitoral.com\/wp-content\/uploads\/2023\/05\/11223326\/Cascourbano.jpg","keywords":["red saneamiento","Teulada-Moraira"],"articleSection":["Obras"],"inLanguage":"ca","potentialAction":[{"@type":"CommentAction","name":"Comment","target":["https:\/\/radiolitoral.com\/2025\/09\/el-ayuntamiento-de-teulada-iniciara-nuevas-obras-de-renovacion-en-la-red-de-saneamiento\/#respond"]}]},{"@type":["WebPage","ItemPage"],"@id":"https:\/\/radiolitoral.com\/2025\/09\/el-ayuntamiento-de-teulada-iniciara-nuevas-obras-de-renovacion-en-la-red-de-saneamiento\/","url":"https:\/\/radiolitoral.com\/2025\/09\/el-ayuntamiento-de-teulada-iniciara-nuevas-obras-de-renovacion-en-la-red-de-saneamiento\/","name":"L&#039;Ajuntament de Teulada iniciar\u00e0 noves obres de renovaci\u00f3 a la xarxa de sanejament | R\u00e0dio Litoral","isPartOf":{"@id":"https:\/\/radiolitoral.com\/#website"},"primaryImageOfPage":{"@id":"https:\/\/radiolitoral.com\/2025\/09\/el-ayuntamiento-de-teulada-iniciara-nuevas-obras-de-renovacion-en-la-red-de-saneamiento\/#primaryimage"},"image":{"@id":"https:\/\/radiolitoral.com\/2025\/09\/el-ayuntamiento-de-teulada-iniciara-nuevas-obras-de-renovacion-en-la-red-de-saneamiento\/#primaryimage"},"thumbnailUrl":"https:\/\/media.radiolitoral.com\/wp-content\/uploads\/2023\/05\/11223326\/Cascourbano.jpg","datePublished":"2025-09-12T15:38:07+00:00","description":"La millora del sistema d\u201faig\u00fces residuals s\u201festendr\u00e0 per diversos carrers del municipi","breadcrumb":{"@id":"https:\/\/radiolitoral.com\/2025\/09\/el-ayuntamiento-de-teulada-iniciara-nuevas-obras-de-renovacion-en-la-red-de-saneamiento\/#breadcrumb"},"inLanguage":"ca","potentialAction":[{"@type":"ReadAction","target":["https:\/\/radiolitoral.com\/2025\/09\/el-ayuntamiento-de-teulada-iniciara-nuevas-obras-de-renovacion-en-la-red-de-saneamiento\/"]}]},{"@type":"ImageObject","inLanguage":"ca","@id":"https:\/\/radiolitoral.com\/2025\/09\/el-ayuntamiento-de-teulada-iniciara-nuevas-obras-de-renovacion-en-la-red-de-saneamiento\/#primaryimage","url":"https:\/\/media.radiolitoral.com\/wp-content\/uploads\/2023\/05\/11223326\/Cascourbano.jpg","contentUrl":"https:\/\/media.radiolitoral.com\/wp-content\/uploads\/2023\/05\/11223326\/Cascourbano.jpg","width":1920,"height":1280,"caption":"Teulada (Alicante),"},{"@type":"BreadcrumbList","@id":"https:\/\/radiolitoral.com\/2025\/09\/el-ayuntamiento-de-teulada-iniciara-nuevas-obras-de-renovacion-en-la-red-de-saneamiento\/#breadcrumb","itemListElement":[{"@type":"ListItem","position":1,"name":"Portada","item":"https:\/\/radiolitoral.com\/"},{"@type":"ListItem","position":2,"name":"El Ayuntamiento de Teulada iniciar\u00e1 nuevas obras de renovaci\u00f3n en la red de saneamiento"}]},{"@type":"WebSite","@id":"https:\/\/radiolitoral.com\/#website","url":"https:\/\/radiolitoral.com\/","name":"R\u00e0dio Litoral","description":"La r\u00e0dio local de la Marina Alta","publisher":{"@id":"https:\/\/radiolitoral.com\/#organization"},"alternateName":"Litoral FM","potentialAction":[{"@type":"SearchAction","target":{"@type":"EntryPoint","urlTemplate":"https:\/\/radiolitoral.com\/?s={search_term_string}"},"query-input":{"@type":"PropertyValueSpecification","valueRequired":true,"valueName":"search_term_string"}}],"inLanguage":"ca"},{"@type":"Organization","@id":"https:\/\/radiolitoral.com\/#organization","name":"R\u00e0dio Litoral","url":"https:\/\/radiolitoral.com\/","logo":{"@type":"ImageObject","inLanguage":"ca","@id":"https:\/\/radiolitoral.com\/#\/schema\/logo\/image\/","url":"https:\/\/media.radiolitoral.com\/wp-content\/uploads\/2023\/02\/24143238\/CL-V-RadioLitoral696.png","contentUrl":"https:\/\/media.radiolitoral.com\/wp-content\/uploads\/2023\/02\/24143238\/CL-V-RadioLitoral696.png","width":696,"height":696,"caption":"Radio Litoral"},"image":{"@id":"https:\/\/radiolitoral.com\/#\/schema\/logo\/image\/"},"sameAs":["https:\/\/www.facebook.com\/Laradiolitoral\/"]},{"@type":"Person","@id":"https:\/\/radiolitoral.com\/#\/schema\/person\/96b739642eb3bedb532aac3812d23307","name":"Redacci\u00f3","image":{"@type":"ImageObject","inLanguage":"ca","@id":"https:\/\/secure.gravatar.com\/avatar\/30cd06129ee90411dd9c7cbdcf17464181d1a3c7b072e92070ea75a25cf0097e?s=96&d=mm&r=g","url":"https:\/\/secure.gravatar.com\/avatar\/30cd06129ee90411dd9c7cbdcf17464181d1a3c7b072e92070ea75a25cf0097e?s=96&d=mm&r=g","contentUrl":"https:\/\/secure.gravatar.com\/avatar\/30cd06129ee90411dd9c7cbdcf17464181d1a3c7b072e92070ea75a25cf0097e?s=96&d=mm&r=g","caption":"Redacci\u00f3n"},"url":"https:\/\/radiolitoral.com\/ca\/author\/kevin-carrio\/"}]}},"_links":{"self":[{"href":"https:\/\/radiolitoral.com\/ca\/wp-json\/wp\/v2\/posts\/18567","targetHints":{"allow":["GET"]}}],"collection":[{"href":"https:\/\/radiolitoral.com\/ca\/wp-json\/wp\/v2\/posts"}],"about":[{"href":"https:\/\/radiolitoral.com\/ca\/wp-json\/wp\/v2\/types\/post"}],"author":[{"embeddable":true,"href":"https:\/\/radiolitoral.com\/ca\/wp-json\/wp\/v2\/users\/14"}],"replies":[{"embeddable":true,"href":"https:\/\/radiolitoral.com\/ca\/wp-json\/wp\/v2\/comments?post=18567"}],"version-history":[{"count":1,"href":"https:\/\/radiolitoral.com\/ca\/wp-json\/wp\/v2\/posts\/18567\/revisions"}],"predecessor-version":[{"id":18569,"href":"https:\/\/radiolitoral.com\/ca\/wp-json\/wp\/v2\/posts\/18567\/revisions\/18569"}],"wp:featuredmedia":[{"embeddable":true,"href":"https:\/\/radiolitoral.com\/ca\/wp-json\/wp\/v2\/media\/3011"}],"wp:attachment":[{"href":"https:\/\/radiolitoral.com\/ca\/wp-json\/wp\/v2\/media?parent=18567"}],"wp:term":[{"taxonomy":"category","embeddable":true,"href":"https:\/\/radiolitoral.com\/ca\/wp-json\/wp\/v2\/categories?post=18567"},{"taxonomy":"post_tag","embeddable":true,"href":"https:\/\/radiolitoral.com\/ca\/wp-json\/wp\/v2\/tags?post=18567"}],"curies":[{"name":"wp","href":"https:\/\/api.w.org\/{rel}","templated":true}]}}