{"id":18506,"date":"2025-09-10T10:10:18","date_gmt":"2025-09-10T08:10:18","guid":{"rendered":"https:\/\/radiolitoral.com\/?p=18506"},"modified":"2025-09-10T10:10:18","modified_gmt":"2025-09-10T08:10:18","slug":"kabeya-i-kerley-fitxats-pel-cb-ifach-calp","status":"publish","type":"post","link":"https:\/\/radiolitoral.com\/ca\/2025\/09\/kabeya-y-kerley-fichados-por-el-cb-ifach-calpe\/","title":{"rendered":"Kabeya i Kerley fitxats pel CB Ifach Calpe"},"content":{"rendered":"<p data-start=\"268\" data-end=\"573\">El <strong data-start=\"271\" data-end=\"289\">CB Ifach Calp<\/strong> inicia la temporada amb moviments estrat\u00e8gics que busquen refor\u00e7ar tant la solidesa com la m\u00e0gia del joc. La gran novetat arriba amb la incorporaci\u00f3 del pivot congol\u00e8s<strong data-start=\"450\" data-end=\"492\"> Daniel Kabeya (2,03 m)<\/strong>, procedent del <strong data-start=\"509\" data-end=\"520\">CB Elda<\/strong>, amb experi\u00e8ncia a la Lliga EBA (actual Tercera FEB).<\/p>\n<p data-start=\"575\" data-end=\"1258\">Kabeya es caracteritza per la seva intensitat f\u00edsica i pres\u00e8ncia a les dues zones, destacant en defensa amb marcatges ferris, recuperaci\u00f3 de pilotes i fermesa en els contactes. El seu poder al rebot, tant ofensiu com defensiu, i la seva capacitat per finalitzar prop del c\u00e8rcol i penetrar amb for\u00e7a seran armes clau per al conjunt calp\u00ed. A m\u00e9s, la seva versatilitat permet adaptar-se a diferents aparellaments i contribuir tant al pal com en situacions de transici\u00f3 r\u00e0pida. El mateix jugador es va mostrar motivat: <em data-start=\"1103\" data-end=\"1255\">\u00abArribo amb la il\u00b7lusi\u00f3 d?afrontar aquest nou repte, per aprendre del coach i dels meus companys per aconseguir tots els objectius que ens proposem\u00bb<\/em>.<\/p>\n<h2 data-start=\"575\" data-end=\"1258\">Refor\u00e7 al joc interior<\/h2>\n<div class=\"x14z9mp xat24cr x1lziwak x1vvkbs xtlvy1s x126k92a\">\n<div dir=\"auto\"><strong>Elliot Kerley<\/strong>, ala pivot irland\u00e8s d&#039;1,97m ja \u00e9s a Calp per refor\u00e7ar la plantilla. Amb un gran desplegament f\u00edsic, talent sota els c\u00e8rcols i capacitat per obrir el camp, Kerley destaca per la intensitat en defensa i la polival\u00e8ncia en atac.<\/div>\n<div dir=\"auto\"><\/div>\n<\/div>\n<div class=\"x14z9mp xat24cr x1lziwak x1vvkbs xtlvy1s x126k92a\">\n<div dir=\"auto\">Kerley afronta aquesta nova etapa amb la il\u00b7lusi\u00f3 de deixar empremta a la lliga i convertir-se en una pe\u00e7a important dins del projecte del club. L\u00b4afici\u00f3 podr\u00e0 gaudir d\u00b4un jugador lliurat, amb car\u00e0cter competitiu i disposat a donar-ho tot per l\u00b4equip.<\/div>\n<\/div>\n<h2 data-start=\"575\" data-end=\"1258\">Renovat Kiko Corona<\/h2>\n<p data-start=\"1260\" data-end=\"1829\">D&#039;altra banda, el club ha confirmat la renovaci\u00f3<strong data-start=\"1300\" data-end=\"1329\"> de Kiko Corona<\/strong>, escorta d&#039;1,80 m, un jugador el\u00e8ctric i imprevisible que torna a comprometre&#039;s amb la marea verda. Amb la seva capacitat per als triples i les penetracions sorprenents, Corona s&#039;ha consolidat com a referent dins i fora de la pista, aportant lideratge, experi\u00e8ncia i passi\u00f3 al vestidor. El jugador va expressar el seu entusiasme per continuar a casa: <em data-start=\"1684\" data-end=\"1826\">\u00abUn altre any m\u00e9s, nova era, mateixa fam\u00edlia. Esperem seguir gaudint amb la nostra marea verda i complir els objectius que ens marquem\u00bb<\/em>.<\/p>\n<p data-start=\"1831\" data-end=\"2130\">Amb aquestes incorporacions i renovacions, el CB Ifach Calpe refor\u00e7a la seva plantilla de cara a la nova temporada, combinant la for\u00e7a i pres\u00e8ncia a la pintura de Kabeya i Kerley, amb l&#039;electricitat i la creativitat de Corona, preparant aix\u00ed un equip competitiu i capa\u00e7 d&#039;il\u00b7lusionar la seva afici\u00f3.<\/p>\n<p><script src=\"chrome-extension:\/\/flbolonkboilcbnohjlchlfgdalomdpl\/iFrame.js\" type=\"text\/javascript\"><\/script><\/p>","protected":false},"excerpt":{"rendered":"<p>El CB Ifach Calpe inicia la temporada con movimientos estrat\u00e9gicos que buscan reforzar tanto la solidez como la magia de su juego. La gran novedad llega con la incorporaci\u00f3n del p\u00edvot congole\u00f1o Daniel Kabeya (2,03 m), procedente del CB Elda, con experiencia en Liga EBA (actual Tercera FEB). Kabeya se caracteriza por su intensidad f\u00edsica [&#8230;]<\/p>\n<p><a class=\"btn btn-secondary understrap-read-more-link\" href=\"https:\/\/radiolitoral.com\/ca\/2025\/09\/kabeya-y-kerley-fichados-por-el-cb-ifach-calpe\/\">Continua llegint&#8230;<span class=\"screen-reader-text\"> from Kabeya y Kerley fichados por el CB Ifach Calpe<\/span><\/a><\/p>\n","protected":false},"author":12,"featured_media":18509,"comment_status":"open","ping_status":"closed","sticky":false,"template":"","format":"standard","meta":{"_acf_changed":false,"inline_featured_image":false,"footnotes":""},"categories":[5],"tags":[1238,952,4939,6,4940,2406,2079],"class_list":["post-18506","post","type-post","status-publish","format-standard","has-post-thumbnail","hentry","category-deportes","tag-cb-elda","tag-cb-ifach-calpe","tag-daniel-kabeya","tag-deportes","tag-elliot-kerley","tag-kike-valle","tag-kiko-corona","cobertura-calp"],"acf":[],"yoast_head":"<!-- This site is optimized with the Yoast SEO plugin v27.5 - https:\/\/yoast.com\/product\/yoast-seo-wordpress\/ -->\n<title>Kabeya y Kerley fichados por el CB Ifach Calpe | R\u00e0dio Litoral<\/title>\n<meta name=\"description\" content=\"Son dos jugadores que llegan para reforzar el juego dentro de la pintura del conjunto de Kike ValleSon dos jugadores que llegan para reforzar el juego dentro de la pintura del conjunto de Kike Valle\" \/>\n<meta name=\"robots\" content=\"index, follow, max-snippet:-1, max-image-preview:large, max-video-preview:-1\" \/>\n<link rel=\"canonical\" href=\"https:\/\/radiolitoral.com\/ca\/2025\/09\/kabeya-i-kerley-fitxats-pel-cb-ifach-calp\/\" \/>\n<meta property=\"og:locale\" content=\"ca_ES\" \/>\n<meta property=\"og:type\" content=\"article\" \/>\n<meta property=\"og:title\" content=\"Kabeya y Kerley fichados por el CB Ifach Calpe | R\u00e0dio Litoral\" \/>\n<meta property=\"og:description\" content=\"Son dos jugadores que llegan para reforzar el juego dentro de la pintura del conjunto de Kike ValleSon dos jugadores que llegan para reforzar el juego dentro de la pintura del conjunto de Kike Valle\" \/>\n<meta property=\"og:url\" content=\"https:\/\/radiolitoral.com\/ca\/2025\/09\/kabeya-i-kerley-fitxats-pel-cb-ifach-calp\/\" \/>\n<meta property=\"og:site_name\" content=\"R\u00e0dio Litoral\" \/>\n<meta property=\"article:publisher\" content=\"https:\/\/www.facebook.com\/Laradiolitoral\/\" \/>\n<meta property=\"article:published_time\" content=\"2025-09-10T08:10:18+00:00\" \/>\n<meta property=\"og:image\" content=\"https:\/\/media.radiolitoral.com\/wp-content\/uploads\/2025\/09\/10100831\/497889879_1319362579629191_6823268003433385062_n.jpg\" \/>\n\t<meta property=\"og:image:width\" content=\"2048\" \/>\n\t<meta property=\"og:image:height\" content=\"1369\" \/>\n\t<meta property=\"og:image:type\" content=\"image\/jpeg\" \/>\n<meta name=\"author\" content=\"Javier Zamora\" \/>\n<meta name=\"twitter:card\" content=\"summary_large_image\" \/>\n<meta name=\"twitter:label1\" content=\"Escrit per\" \/>\n\t<meta name=\"twitter:data1\" content=\"Javier Zamora\" \/>\n\t<meta name=\"twitter:label2\" content=\"Temps estimat de lectura\" \/>\n\t<meta name=\"twitter:data2\" content=\"3 minuts\" \/>\n<script type=\"application\/ld+json\" class=\"yoast-schema-graph\">{\"@context\":\"https:\\\/\\\/schema.org\",\"@graph\":[{\"@type\":\"NewsArticle\",\"@id\":\"https:\\\/\\\/radiolitoral.com\\\/2025\\\/09\\\/kabeya-y-kerley-fichados-por-el-cb-ifach-calpe\\\/#article\",\"isPartOf\":{\"@id\":\"https:\\\/\\\/radiolitoral.com\\\/2025\\\/09\\\/kabeya-y-kerley-fichados-por-el-cb-ifach-calpe\\\/\"},\"author\":{\"name\":\"Javier Zamora\",\"@id\":\"https:\\\/\\\/radiolitoral.com\\\/#\\\/schema\\\/person\\\/7b1480b5caeb5acdd4ec6379caf62b22\"},\"headline\":\"Kabeya y Kerley fichados por el CB Ifach Calpe\",\"datePublished\":\"2025-09-10T08:10:18+00:00\",\"mainEntityOfPage\":{\"@id\":\"https:\\\/\\\/radiolitoral.com\\\/2025\\\/09\\\/kabeya-y-kerley-fichados-por-el-cb-ifach-calpe\\\/\"},\"wordCount\":419,\"commentCount\":0,\"publisher\":{\"@id\":\"https:\\\/\\\/radiolitoral.com\\\/#organization\"},\"image\":{\"@id\":\"https:\\\/\\\/radiolitoral.com\\\/2025\\\/09\\\/kabeya-y-kerley-fichados-por-el-cb-ifach-calpe\\\/#primaryimage\"},\"thumbnailUrl\":\"https:\\\/\\\/media.radiolitoral.com\\\/wp-content\\\/uploads\\\/2025\\\/09\\\/10100831\\\/497889879_1319362579629191_6823268003433385062_n.jpg\",\"keywords\":[\"CB Elda\",\"CB Ifach Calpe\",\"Daniel Kabeya\",\"deportes\",\"Elliot Kerley\",\"Kike\u00a0Valle\",\"Kiko\u00a0Corona\"],\"articleSection\":[\"Deportes\"],\"inLanguage\":\"ca\",\"potentialAction\":[{\"@type\":\"CommentAction\",\"name\":\"Comment\",\"target\":[\"https:\\\/\\\/radiolitoral.com\\\/2025\\\/09\\\/kabeya-y-kerley-fichados-por-el-cb-ifach-calpe\\\/#respond\"]}]},{\"@type\":[\"WebPage\",\"ItemPage\"],\"@id\":\"https:\\\/\\\/radiolitoral.com\\\/2025\\\/09\\\/kabeya-y-kerley-fichados-por-el-cb-ifach-calpe\\\/\",\"url\":\"https:\\\/\\\/radiolitoral.com\\\/2025\\\/09\\\/kabeya-y-kerley-fichados-por-el-cb-ifach-calpe\\\/\",\"name\":\"Kabeya y Kerley fichados por el CB Ifach Calpe | R\u00e0dio Litoral\",\"isPartOf\":{\"@id\":\"https:\\\/\\\/radiolitoral.com\\\/#website\"},\"primaryImageOfPage\":{\"@id\":\"https:\\\/\\\/radiolitoral.com\\\/2025\\\/09\\\/kabeya-y-kerley-fichados-por-el-cb-ifach-calpe\\\/#primaryimage\"},\"image\":{\"@id\":\"https:\\\/\\\/radiolitoral.com\\\/2025\\\/09\\\/kabeya-y-kerley-fichados-por-el-cb-ifach-calpe\\\/#primaryimage\"},\"thumbnailUrl\":\"https:\\\/\\\/media.radiolitoral.com\\\/wp-content\\\/uploads\\\/2025\\\/09\\\/10100831\\\/497889879_1319362579629191_6823268003433385062_n.jpg\",\"datePublished\":\"2025-09-10T08:10:18+00:00\",\"description\":\"Son dos jugadores que llegan para reforzar el juego dentro de la pintura del conjunto de Kike ValleSon dos jugadores que llegan para reforzar el juego dentro de la pintura del conjunto de Kike Valle\",\"breadcrumb\":{\"@id\":\"https:\\\/\\\/radiolitoral.com\\\/2025\\\/09\\\/kabeya-y-kerley-fichados-por-el-cb-ifach-calpe\\\/#breadcrumb\"},\"inLanguage\":\"ca\",\"potentialAction\":[{\"@type\":\"ReadAction\",\"target\":[\"https:\\\/\\\/radiolitoral.com\\\/2025\\\/09\\\/kabeya-y-kerley-fichados-por-el-cb-ifach-calpe\\\/\"]}]},{\"@type\":\"ImageObject\",\"inLanguage\":\"ca\",\"@id\":\"https:\\\/\\\/radiolitoral.com\\\/2025\\\/09\\\/kabeya-y-kerley-fichados-por-el-cb-ifach-calpe\\\/#primaryimage\",\"url\":\"https:\\\/\\\/media.radiolitoral.com\\\/wp-content\\\/uploads\\\/2025\\\/09\\\/10100831\\\/497889879_1319362579629191_6823268003433385062_n.jpg\",\"contentUrl\":\"https:\\\/\\\/media.radiolitoral.com\\\/wp-content\\\/uploads\\\/2025\\\/09\\\/10100831\\\/497889879_1319362579629191_6823268003433385062_n.jpg\",\"width\":2048,\"height\":1369},{\"@type\":\"BreadcrumbList\",\"@id\":\"https:\\\/\\\/radiolitoral.com\\\/2025\\\/09\\\/kabeya-y-kerley-fichados-por-el-cb-ifach-calpe\\\/#breadcrumb\",\"itemListElement\":[{\"@type\":\"ListItem\",\"position\":1,\"name\":\"Portada\",\"item\":\"https:\\\/\\\/radiolitoral.com\\\/\"},{\"@type\":\"ListItem\",\"position\":2,\"name\":\"Kabeya y Kerley fichados por el CB Ifach Calpe\"}]},{\"@type\":\"WebSite\",\"@id\":\"https:\\\/\\\/radiolitoral.com\\\/#website\",\"url\":\"https:\\\/\\\/radiolitoral.com\\\/\",\"name\":\"Radio Litoral\",\"description\":\"La radio local de la Marina Alta\",\"publisher\":{\"@id\":\"https:\\\/\\\/radiolitoral.com\\\/#organization\"},\"alternateName\":\"Litoral FM\",\"potentialAction\":[{\"@type\":\"SearchAction\",\"target\":{\"@type\":\"EntryPoint\",\"urlTemplate\":\"https:\\\/\\\/radiolitoral.com\\\/?s={search_term_string}\"},\"query-input\":{\"@type\":\"PropertyValueSpecification\",\"valueRequired\":true,\"valueName\":\"search_term_string\"}}],\"inLanguage\":\"ca\"},{\"@type\":\"Organization\",\"@id\":\"https:\\\/\\\/radiolitoral.com\\\/#organization\",\"name\":\"Radio Litoral\",\"url\":\"https:\\\/\\\/radiolitoral.com\\\/\",\"logo\":{\"@type\":\"ImageObject\",\"inLanguage\":\"ca\",\"@id\":\"https:\\\/\\\/radiolitoral.com\\\/#\\\/schema\\\/logo\\\/image\\\/\",\"url\":\"https:\\\/\\\/media.radiolitoral.com\\\/wp-content\\\/uploads\\\/2023\\\/02\\\/24143238\\\/CL-V-RadioLitoral696.png\",\"contentUrl\":\"https:\\\/\\\/media.radiolitoral.com\\\/wp-content\\\/uploads\\\/2023\\\/02\\\/24143238\\\/CL-V-RadioLitoral696.png\",\"width\":696,\"height\":696,\"caption\":\"Radio Litoral\"},\"image\":{\"@id\":\"https:\\\/\\\/radiolitoral.com\\\/#\\\/schema\\\/logo\\\/image\\\/\"},\"sameAs\":[\"https:\\\/\\\/www.facebook.com\\\/Laradiolitoral\\\/\"]},{\"@type\":\"Person\",\"@id\":\"https:\\\/\\\/radiolitoral.com\\\/#\\\/schema\\\/person\\\/7b1480b5caeb5acdd4ec6379caf62b22\",\"name\":\"Javier Zamora\",\"image\":{\"@type\":\"ImageObject\",\"inLanguage\":\"ca\",\"@id\":\"https:\\\/\\\/secure.gravatar.com\\\/avatar\\\/467a11f6918c7d619c4043fc6fa2d3853053107973f05b6e9c04ea6c4e3a7b3f?s=96&d=mm&r=g\",\"url\":\"https:\\\/\\\/secure.gravatar.com\\\/avatar\\\/467a11f6918c7d619c4043fc6fa2d3853053107973f05b6e9c04ea6c4e3a7b3f?s=96&d=mm&r=g\",\"contentUrl\":\"https:\\\/\\\/secure.gravatar.com\\\/avatar\\\/467a11f6918c7d619c4043fc6fa2d3853053107973f05b6e9c04ea6c4e3a7b3f?s=96&d=mm&r=g\",\"caption\":\"Javier Zamora\"},\"url\":\"https:\\\/\\\/radiolitoral.com\\\/ca\\\/author\\\/javier-zamora\\\/\"}]}<\/script>\n<!-- \/ Yoast SEO plugin. -->","yoast_head_json":{"title":"Kabeya i Kerley fitxats pel CB Ifach Calpe | R\u00e0dio Litoral","description":"S\u00f3n dos jugadors que arriben per refor\u00e7ar el joc dins de la pintura del conjunt de Kike ValleS\u00f3n dos jugadors que arriben per refor\u00e7ar el joc dins de la pintura del conjunt de Kike Valle","robots":{"index":"index","follow":"follow","max-snippet":"max-snippet:-1","max-image-preview":"max-image-preview:large","max-video-preview":"max-video-preview:-1"},"canonical":"https:\/\/radiolitoral.com\/ca\/2025\/09\/kabeya-i-kerley-fitxats-pel-cb-ifach-calp\/","og_locale":"ca_ES","og_type":"article","og_title":"Kabeya y Kerley fichados por el CB Ifach Calpe | R\u00e0dio Litoral","og_description":"Son dos jugadores que llegan para reforzar el juego dentro de la pintura del conjunto de Kike ValleSon dos jugadores que llegan para reforzar el juego dentro de la pintura del conjunto de Kike Valle","og_url":"https:\/\/radiolitoral.com\/ca\/2025\/09\/kabeya-i-kerley-fitxats-pel-cb-ifach-calp\/","og_site_name":"R\u00e0dio Litoral","article_publisher":"https:\/\/www.facebook.com\/Laradiolitoral\/","article_published_time":"2025-09-10T08:10:18+00:00","og_image":[{"width":2048,"height":1369,"url":"https:\/\/media.radiolitoral.com\/wp-content\/uploads\/2025\/09\/10100831\/497889879_1319362579629191_6823268003433385062_n.jpg","type":"image\/jpeg"}],"author":"Javier Zamora","twitter_card":"summary_large_image","twitter_misc":{"Escrit per":"Javier Zamora","Temps estimat de lectura":"3 minuts"},"schema":{"@context":"https:\/\/schema.org","@graph":[{"@type":"NewsArticle","@id":"https:\/\/radiolitoral.com\/2025\/09\/kabeya-y-kerley-fichados-por-el-cb-ifach-calpe\/#article","isPartOf":{"@id":"https:\/\/radiolitoral.com\/2025\/09\/kabeya-y-kerley-fichados-por-el-cb-ifach-calpe\/"},"author":{"name":"Javier Zamora","@id":"https:\/\/radiolitoral.com\/#\/schema\/person\/7b1480b5caeb5acdd4ec6379caf62b22"},"headline":"Kabeya y Kerley fichados por el CB Ifach Calpe","datePublished":"2025-09-10T08:10:18+00:00","mainEntityOfPage":{"@id":"https:\/\/radiolitoral.com\/2025\/09\/kabeya-y-kerley-fichados-por-el-cb-ifach-calpe\/"},"wordCount":419,"commentCount":0,"publisher":{"@id":"https:\/\/radiolitoral.com\/#organization"},"image":{"@id":"https:\/\/radiolitoral.com\/2025\/09\/kabeya-y-kerley-fichados-por-el-cb-ifach-calpe\/#primaryimage"},"thumbnailUrl":"https:\/\/media.radiolitoral.com\/wp-content\/uploads\/2025\/09\/10100831\/497889879_1319362579629191_6823268003433385062_n.jpg","keywords":["CB Elda","CB Ifach Calpe","Daniel Kabeya","deportes","Elliot Kerley","Kike\u00a0Valle","Kiko\u00a0Corona"],"articleSection":["Deportes"],"inLanguage":"ca","potentialAction":[{"@type":"CommentAction","name":"Comment","target":["https:\/\/radiolitoral.com\/2025\/09\/kabeya-y-kerley-fichados-por-el-cb-ifach-calpe\/#respond"]}]},{"@type":["WebPage","ItemPage"],"@id":"https:\/\/radiolitoral.com\/2025\/09\/kabeya-y-kerley-fichados-por-el-cb-ifach-calpe\/","url":"https:\/\/radiolitoral.com\/2025\/09\/kabeya-y-kerley-fichados-por-el-cb-ifach-calpe\/","name":"Kabeya i Kerley fitxats pel CB Ifach Calpe | R\u00e0dio Litoral","isPartOf":{"@id":"https:\/\/radiolitoral.com\/#website"},"primaryImageOfPage":{"@id":"https:\/\/radiolitoral.com\/2025\/09\/kabeya-y-kerley-fichados-por-el-cb-ifach-calpe\/#primaryimage"},"image":{"@id":"https:\/\/radiolitoral.com\/2025\/09\/kabeya-y-kerley-fichados-por-el-cb-ifach-calpe\/#primaryimage"},"thumbnailUrl":"https:\/\/media.radiolitoral.com\/wp-content\/uploads\/2025\/09\/10100831\/497889879_1319362579629191_6823268003433385062_n.jpg","datePublished":"2025-09-10T08:10:18+00:00","description":"S\u00f3n dos jugadors que arriben per refor\u00e7ar el joc dins de la pintura del conjunt de Kike ValleS\u00f3n dos jugadors que arriben per refor\u00e7ar el joc dins de la pintura del conjunt de Kike Valle","breadcrumb":{"@id":"https:\/\/radiolitoral.com\/2025\/09\/kabeya-y-kerley-fichados-por-el-cb-ifach-calpe\/#breadcrumb"},"inLanguage":"ca","potentialAction":[{"@type":"ReadAction","target":["https:\/\/radiolitoral.com\/2025\/09\/kabeya-y-kerley-fichados-por-el-cb-ifach-calpe\/"]}]},{"@type":"ImageObject","inLanguage":"ca","@id":"https:\/\/radiolitoral.com\/2025\/09\/kabeya-y-kerley-fichados-por-el-cb-ifach-calpe\/#primaryimage","url":"https:\/\/media.radiolitoral.com\/wp-content\/uploads\/2025\/09\/10100831\/497889879_1319362579629191_6823268003433385062_n.jpg","contentUrl":"https:\/\/media.radiolitoral.com\/wp-content\/uploads\/2025\/09\/10100831\/497889879_1319362579629191_6823268003433385062_n.jpg","width":2048,"height":1369},{"@type":"BreadcrumbList","@id":"https:\/\/radiolitoral.com\/2025\/09\/kabeya-y-kerley-fichados-por-el-cb-ifach-calpe\/#breadcrumb","itemListElement":[{"@type":"ListItem","position":1,"name":"Portada","item":"https:\/\/radiolitoral.com\/"},{"@type":"ListItem","position":2,"name":"Kabeya y Kerley fichados por el CB Ifach Calpe"}]},{"@type":"WebSite","@id":"https:\/\/radiolitoral.com\/#website","url":"https:\/\/radiolitoral.com\/","name":"R\u00e0dio Litoral","description":"La r\u00e0dio local de la Marina Alta","publisher":{"@id":"https:\/\/radiolitoral.com\/#organization"},"alternateName":"Litoral FM","potentialAction":[{"@type":"SearchAction","target":{"@type":"EntryPoint","urlTemplate":"https:\/\/radiolitoral.com\/?s={search_term_string}"},"query-input":{"@type":"PropertyValueSpecification","valueRequired":true,"valueName":"search_term_string"}}],"inLanguage":"ca"},{"@type":"Organization","@id":"https:\/\/radiolitoral.com\/#organization","name":"R\u00e0dio Litoral","url":"https:\/\/radiolitoral.com\/","logo":{"@type":"ImageObject","inLanguage":"ca","@id":"https:\/\/radiolitoral.com\/#\/schema\/logo\/image\/","url":"https:\/\/media.radiolitoral.com\/wp-content\/uploads\/2023\/02\/24143238\/CL-V-RadioLitoral696.png","contentUrl":"https:\/\/media.radiolitoral.com\/wp-content\/uploads\/2023\/02\/24143238\/CL-V-RadioLitoral696.png","width":696,"height":696,"caption":"Radio Litoral"},"image":{"@id":"https:\/\/radiolitoral.com\/#\/schema\/logo\/image\/"},"sameAs":["https:\/\/www.facebook.com\/Laradiolitoral\/"]},{"@type":"Person","@id":"https:\/\/radiolitoral.com\/#\/schema\/person\/7b1480b5caeb5acdd4ec6379caf62b22","name":"Javier Zamora","image":{"@type":"ImageObject","inLanguage":"ca","@id":"https:\/\/secure.gravatar.com\/avatar\/467a11f6918c7d619c4043fc6fa2d3853053107973f05b6e9c04ea6c4e3a7b3f?s=96&d=mm&r=g","url":"https:\/\/secure.gravatar.com\/avatar\/467a11f6918c7d619c4043fc6fa2d3853053107973f05b6e9c04ea6c4e3a7b3f?s=96&d=mm&r=g","contentUrl":"https:\/\/secure.gravatar.com\/avatar\/467a11f6918c7d619c4043fc6fa2d3853053107973f05b6e9c04ea6c4e3a7b3f?s=96&d=mm&r=g","caption":"Javier Zamora"},"url":"https:\/\/radiolitoral.com\/ca\/author\/javier-zamora\/"}]}},"_links":{"self":[{"href":"https:\/\/radiolitoral.com\/ca\/wp-json\/wp\/v2\/posts\/18506","targetHints":{"allow":["GET"]}}],"collection":[{"href":"https:\/\/radiolitoral.com\/ca\/wp-json\/wp\/v2\/posts"}],"about":[{"href":"https:\/\/radiolitoral.com\/ca\/wp-json\/wp\/v2\/types\/post"}],"author":[{"embeddable":true,"href":"https:\/\/radiolitoral.com\/ca\/wp-json\/wp\/v2\/users\/12"}],"replies":[{"embeddable":true,"href":"https:\/\/radiolitoral.com\/ca\/wp-json\/wp\/v2\/comments?post=18506"}],"version-history":[{"count":2,"href":"https:\/\/radiolitoral.com\/ca\/wp-json\/wp\/v2\/posts\/18506\/revisions"}],"predecessor-version":[{"id":18510,"href":"https:\/\/radiolitoral.com\/ca\/wp-json\/wp\/v2\/posts\/18506\/revisions\/18510"}],"wp:featuredmedia":[{"embeddable":true,"href":"https:\/\/radiolitoral.com\/ca\/wp-json\/wp\/v2\/media\/18509"}],"wp:attachment":[{"href":"https:\/\/radiolitoral.com\/ca\/wp-json\/wp\/v2\/media?parent=18506"}],"wp:term":[{"taxonomy":"category","embeddable":true,"href":"https:\/\/radiolitoral.com\/ca\/wp-json\/wp\/v2\/categories?post=18506"},{"taxonomy":"post_tag","embeddable":true,"href":"https:\/\/radiolitoral.com\/ca\/wp-json\/wp\/v2\/tags?post=18506"}],"curies":[{"name":"wp","href":"https:\/\/api.w.org\/{rel}","templated":true}]}}