{"id":18423,"date":"2025-09-02T11:13:11","date_gmt":"2025-09-02T09:13:11","guid":{"rendered":"https:\/\/radiolitoral.com\/?p=18423"},"modified":"2025-09-02T11:13:11","modified_gmt":"2025-09-02T09:13:11","slug":"derrota-del-campio-colombians-fc-davant-veterans-el-verger","status":"publish","type":"post","link":"https:\/\/radiolitoral.com\/ca\/2025\/09\/derrota-del-campeon-colombianos-f-c-ante-veterans-el-verger\/","title":{"rendered":"Derrota del campi\u00f3 Colombians FC davant Veterans El Verger"},"content":{"rendered":"<p>La primera jornada de la <strong>lliga comarcal de Futbol Veter\u00e0<\/strong> ens va deixar la gran sorpresa amb la derrota de l&#039;actual campi\u00f3, <strong>Colombians FC<\/strong>. davant <strong>Veterans El Verger<\/strong> per 3 a 2.<\/p>\n<p>A l&#039;arrencada de la competici\u00f3, el campi\u00f3 de <strong>Trofeu d&#039;Estiu<\/strong>, <strong>Kamarca<\/strong> no va perdonar al <strong>D\u00e9nia Veterans<\/strong> a qui va v\u00e8ncer per <strong>0 a 3<\/strong>. La formaci\u00f3 de <strong>El meu poblet<\/strong>, va guanyar per <strong>0 a 3<\/strong> al <strong>Orange-Dorian Gray<\/strong>, un marcador que permet compartir el lideratge amb el mateix Kamarca.<\/p>\n<p>Altres equips que van sumar 3 punts van ser, <strong>Oliva Veterans<\/strong> que es va imposar al <strong>Calp Veterans<\/strong> per <strong>2 a 1.<\/strong> El conjunt del <strong>Canvicon Beniarbeig<\/strong> va ser un altre dels triomfadors d&#039;aquest inici de lliga i va derrotar en un xoc molt disputat al <strong>Benissa Veterans<\/strong> per <strong>3 a 2<\/strong>. El <strong>Gorgos<\/strong> tamb\u00e9 va sortir air\u00f3s despr\u00e9s del seu enfrontament davant el <strong>Llatins Dankol<\/strong> per <strong>3 a 4<\/strong>.<\/p>\n<p>L&#039;\u00fanic empat de la jornada va arribar amb el dos a dos que es va donar entre el <strong>Veterans Pedreguer<\/strong> i <strong>Meraki Mediterrani<\/strong>.<\/p>\n<p>La classificaci\u00f3 de m\u00e0xim golejador queda encap\u00e7alat per, <strong>Jos\u00e9 M\u00aa P\u00e9rez<\/strong> del Cambicon Beniarbeig amb 3 gols.<\/p>\n<p><script src=\"chrome-extension:\/\/flbolonkboilcbnohjlchlfgdalomdpl\/iFrame.js\" type=\"text\/javascript\"><\/script><\/p>","protected":false},"excerpt":{"rendered":"<p>La primera jornada de la liga comarcal de F\u00fatbol Veterano nos dej\u00f3 la gran sorpresa con la derrota del actual campe\u00f3n, Colombianos F.C. ante Veterans El Verger por 3 a 2. En el arranque de la competici\u00f3n, el campe\u00f3n de Trofeo de Verano, Kamarca no perdon\u00f3 al D\u00e9nia Veteranos al que venci\u00f3 por 0 a [&#8230;]<\/p>\n<p><a class=\"btn btn-secondary understrap-read-more-link\" href=\"https:\/\/radiolitoral.com\/ca\/2025\/09\/derrota-del-campeon-colombianos-f-c-ante-veterans-el-verger\/\">Continua llegint&#8230;<span class=\"screen-reader-text\"> from Derrota del campe\u00f3n Colombianos F. C. ante Veterans El Verger<\/span><\/a><\/p>\n","protected":false},"author":12,"featured_media":18424,"comment_status":"open","ping_status":"closed","sticky":false,"template":"","format":"standard","meta":{"_acf_changed":false,"inline_featured_image":false,"footnotes":""},"categories":[5],"tags":[4915,4913,4914,4907,4909,6,4916,4919,4889,2077,4906,4918,4910,4912,4911,4908,4917],"class_list":["post-18423","post","type-post","status-publish","format-standard","has-post-thumbnail","hentry","category-deportes","tag-benissa-veteranos","tag-calpe-veteranos","tag-cambicon-beniarbeig","tag-colombianos-f-c","tag-denia-veteranos","tag-deportes","tag-gorgos","tag-jose-ma-perez","tag-kamarca","tag-latinos-dankol","tag-liga-comarcal-de-futbol-veterano","tag-meraki-mediterraneo","tag-mi-pueblito","tag-oliva-veteranos","tag-orange-dorian-gray","tag-veterans-el-verger","tag-veterans-pedreguer","cobertura-marina-alta"],"acf":[],"yoast_head":"<!-- This site is optimized with the Yoast SEO plugin v27.5 - https:\/\/yoast.com\/product\/yoast-seo-wordpress\/ -->\n<title>Derrota del campe\u00f3n Colombianos F. C. ante Veterans El Verger | R\u00e0dio Litoral<\/title>\n<meta name=\"description\" content=\"En la primera jornada de la liga comarcal de F\u00fatbol Veterano Kamarca no perdon\u00f3 a D\u00e9nia VeteranosEn la primera jornada de la liga comarcal de F\u00fatbol Veterano Kamarca no perdon\u00f3 a D\u00e9nia Veteranos\" \/>\n<meta name=\"robots\" content=\"index, follow, max-snippet:-1, max-image-preview:large, max-video-preview:-1\" \/>\n<link rel=\"canonical\" href=\"https:\/\/radiolitoral.com\/ca\/2025\/09\/derrota-del-campio-colombians-fc-davant-veterans-el-verger\/\" \/>\n<meta property=\"og:locale\" content=\"ca_ES\" \/>\n<meta property=\"og:type\" content=\"article\" \/>\n<meta property=\"og:title\" content=\"Derrota del campe\u00f3n Colombianos F. C. ante Veterans El Verger | R\u00e0dio Litoral\" \/>\n<meta property=\"og:description\" content=\"En la primera jornada de la liga comarcal de F\u00fatbol Veterano Kamarca no perdon\u00f3 a D\u00e9nia VeteranosEn la primera jornada de la liga comarcal de F\u00fatbol Veterano Kamarca no perdon\u00f3 a D\u00e9nia Veteranos\" \/>\n<meta property=\"og:url\" content=\"https:\/\/radiolitoral.com\/ca\/2025\/09\/derrota-del-campio-colombians-fc-davant-veterans-el-verger\/\" \/>\n<meta property=\"og:site_name\" content=\"R\u00e0dio Litoral\" \/>\n<meta property=\"article:publisher\" content=\"https:\/\/www.facebook.com\/Laradiolitoral\/\" \/>\n<meta property=\"article:published_time\" content=\"2025-09-02T09:13:11+00:00\" \/>\n<meta property=\"og:image\" content=\"https:\/\/media.radiolitoral.com\/wp-content\/uploads\/2025\/09\/02111133\/UD-Benissa-Veteranos.jpg\" \/>\n\t<meta property=\"og:image:width\" content=\"800\" \/>\n\t<meta property=\"og:image:height\" content=\"479\" \/>\n\t<meta property=\"og:image:type\" content=\"image\/jpeg\" \/>\n<meta name=\"author\" content=\"Javier Zamora\" \/>\n<meta name=\"twitter:card\" content=\"summary_large_image\" \/>\n<meta name=\"twitter:label1\" content=\"Escrit per\" \/>\n\t<meta name=\"twitter:data1\" content=\"Javier Zamora\" \/>\n\t<meta name=\"twitter:label2\" content=\"Temps estimat de lectura\" \/>\n\t<meta name=\"twitter:data2\" content=\"2 minuts\" \/>\n<script type=\"application\/ld+json\" class=\"yoast-schema-graph\">{\"@context\":\"https:\\\/\\\/schema.org\",\"@graph\":[{\"@type\":\"NewsArticle\",\"@id\":\"https:\\\/\\\/radiolitoral.com\\\/2025\\\/09\\\/derrota-del-campeon-colombianos-f-c-ante-veterans-el-verger\\\/#article\",\"isPartOf\":{\"@id\":\"https:\\\/\\\/radiolitoral.com\\\/2025\\\/09\\\/derrota-del-campeon-colombianos-f-c-ante-veterans-el-verger\\\/\"},\"author\":{\"name\":\"Javier Zamora\",\"@id\":\"https:\\\/\\\/radiolitoral.com\\\/#\\\/schema\\\/person\\\/7b1480b5caeb5acdd4ec6379caf62b22\"},\"headline\":\"Derrota del campe\u00f3n Colombianos F. C. ante Veterans El Verger\",\"datePublished\":\"2025-09-02T09:13:11+00:00\",\"mainEntityOfPage\":{\"@id\":\"https:\\\/\\\/radiolitoral.com\\\/2025\\\/09\\\/derrota-del-campeon-colombianos-f-c-ante-veterans-el-verger\\\/\"},\"wordCount\":192,\"commentCount\":0,\"publisher\":{\"@id\":\"https:\\\/\\\/radiolitoral.com\\\/#organization\"},\"image\":{\"@id\":\"https:\\\/\\\/radiolitoral.com\\\/2025\\\/09\\\/derrota-del-campeon-colombianos-f-c-ante-veterans-el-verger\\\/#primaryimage\"},\"thumbnailUrl\":\"https:\\\/\\\/media.radiolitoral.com\\\/wp-content\\\/uploads\\\/2025\\\/09\\\/02111133\\\/UD-Benissa-Veteranos.jpg\",\"keywords\":[\"Benissa Veteranos\",\"Calpe Veteranos\",\"Cambicon Beniarbeig\",\"Colombianos F.C\",\"D\u00e9nia Veteranos\",\"deportes\",\"Gorgos\",\"Jos\u00e9 M\u00aa P\u00e9rez\",\"Kamarca\",\"Latinos\u00a0Dankol\",\"liga comarcal de F\u00fatbol Veterano\",\"Meraki Mediterr\u00e1neo\",\"Mi Pueblito\",\"Oliva Veteranos\",\"Orange-Dorian Gray\",\"Veterans El Verger\",\"Veterans Pedreguer\"],\"articleSection\":[\"Deportes\"],\"inLanguage\":\"ca\",\"potentialAction\":[{\"@type\":\"CommentAction\",\"name\":\"Comment\",\"target\":[\"https:\\\/\\\/radiolitoral.com\\\/2025\\\/09\\\/derrota-del-campeon-colombianos-f-c-ante-veterans-el-verger\\\/#respond\"]}]},{\"@type\":[\"WebPage\",\"ItemPage\"],\"@id\":\"https:\\\/\\\/radiolitoral.com\\\/2025\\\/09\\\/derrota-del-campeon-colombianos-f-c-ante-veterans-el-verger\\\/\",\"url\":\"https:\\\/\\\/radiolitoral.com\\\/2025\\\/09\\\/derrota-del-campeon-colombianos-f-c-ante-veterans-el-verger\\\/\",\"name\":\"Derrota del campe\u00f3n Colombianos F. C. ante Veterans El Verger | R\u00e0dio Litoral\",\"isPartOf\":{\"@id\":\"https:\\\/\\\/radiolitoral.com\\\/#website\"},\"primaryImageOfPage\":{\"@id\":\"https:\\\/\\\/radiolitoral.com\\\/2025\\\/09\\\/derrota-del-campeon-colombianos-f-c-ante-veterans-el-verger\\\/#primaryimage\"},\"image\":{\"@id\":\"https:\\\/\\\/radiolitoral.com\\\/2025\\\/09\\\/derrota-del-campeon-colombianos-f-c-ante-veterans-el-verger\\\/#primaryimage\"},\"thumbnailUrl\":\"https:\\\/\\\/media.radiolitoral.com\\\/wp-content\\\/uploads\\\/2025\\\/09\\\/02111133\\\/UD-Benissa-Veteranos.jpg\",\"datePublished\":\"2025-09-02T09:13:11+00:00\",\"description\":\"En la primera jornada de la liga comarcal de F\u00fatbol Veterano Kamarca no perdon\u00f3 a D\u00e9nia VeteranosEn la primera jornada de la liga comarcal de F\u00fatbol Veterano Kamarca no perdon\u00f3 a D\u00e9nia Veteranos\",\"breadcrumb\":{\"@id\":\"https:\\\/\\\/radiolitoral.com\\\/2025\\\/09\\\/derrota-del-campeon-colombianos-f-c-ante-veterans-el-verger\\\/#breadcrumb\"},\"inLanguage\":\"ca\",\"potentialAction\":[{\"@type\":\"ReadAction\",\"target\":[\"https:\\\/\\\/radiolitoral.com\\\/2025\\\/09\\\/derrota-del-campeon-colombianos-f-c-ante-veterans-el-verger\\\/\"]}]},{\"@type\":\"ImageObject\",\"inLanguage\":\"ca\",\"@id\":\"https:\\\/\\\/radiolitoral.com\\\/2025\\\/09\\\/derrota-del-campeon-colombianos-f-c-ante-veterans-el-verger\\\/#primaryimage\",\"url\":\"https:\\\/\\\/media.radiolitoral.com\\\/wp-content\\\/uploads\\\/2025\\\/09\\\/02111133\\\/UD-Benissa-Veteranos.jpg\",\"contentUrl\":\"https:\\\/\\\/media.radiolitoral.com\\\/wp-content\\\/uploads\\\/2025\\\/09\\\/02111133\\\/UD-Benissa-Veteranos.jpg\",\"width\":800,\"height\":479},{\"@type\":\"BreadcrumbList\",\"@id\":\"https:\\\/\\\/radiolitoral.com\\\/2025\\\/09\\\/derrota-del-campeon-colombianos-f-c-ante-veterans-el-verger\\\/#breadcrumb\",\"itemListElement\":[{\"@type\":\"ListItem\",\"position\":1,\"name\":\"Portada\",\"item\":\"https:\\\/\\\/radiolitoral.com\\\/\"},{\"@type\":\"ListItem\",\"position\":2,\"name\":\"Derrota del campe\u00f3n Colombianos F. C. ante Veterans El Verger\"}]},{\"@type\":\"WebSite\",\"@id\":\"https:\\\/\\\/radiolitoral.com\\\/#website\",\"url\":\"https:\\\/\\\/radiolitoral.com\\\/\",\"name\":\"Radio Litoral\",\"description\":\"La radio local de la Marina Alta\",\"publisher\":{\"@id\":\"https:\\\/\\\/radiolitoral.com\\\/#organization\"},\"alternateName\":\"Litoral FM\",\"potentialAction\":[{\"@type\":\"SearchAction\",\"target\":{\"@type\":\"EntryPoint\",\"urlTemplate\":\"https:\\\/\\\/radiolitoral.com\\\/?s={search_term_string}\"},\"query-input\":{\"@type\":\"PropertyValueSpecification\",\"valueRequired\":true,\"valueName\":\"search_term_string\"}}],\"inLanguage\":\"ca\"},{\"@type\":\"Organization\",\"@id\":\"https:\\\/\\\/radiolitoral.com\\\/#organization\",\"name\":\"Radio Litoral\",\"url\":\"https:\\\/\\\/radiolitoral.com\\\/\",\"logo\":{\"@type\":\"ImageObject\",\"inLanguage\":\"ca\",\"@id\":\"https:\\\/\\\/radiolitoral.com\\\/#\\\/schema\\\/logo\\\/image\\\/\",\"url\":\"https:\\\/\\\/media.radiolitoral.com\\\/wp-content\\\/uploads\\\/2023\\\/02\\\/24143238\\\/CL-V-RadioLitoral696.png\",\"contentUrl\":\"https:\\\/\\\/media.radiolitoral.com\\\/wp-content\\\/uploads\\\/2023\\\/02\\\/24143238\\\/CL-V-RadioLitoral696.png\",\"width\":696,\"height\":696,\"caption\":\"Radio Litoral\"},\"image\":{\"@id\":\"https:\\\/\\\/radiolitoral.com\\\/#\\\/schema\\\/logo\\\/image\\\/\"},\"sameAs\":[\"https:\\\/\\\/www.facebook.com\\\/Laradiolitoral\\\/\"]},{\"@type\":\"Person\",\"@id\":\"https:\\\/\\\/radiolitoral.com\\\/#\\\/schema\\\/person\\\/7b1480b5caeb5acdd4ec6379caf62b22\",\"name\":\"Javier Zamora\",\"image\":{\"@type\":\"ImageObject\",\"inLanguage\":\"ca\",\"@id\":\"https:\\\/\\\/secure.gravatar.com\\\/avatar\\\/467a11f6918c7d619c4043fc6fa2d3853053107973f05b6e9c04ea6c4e3a7b3f?s=96&d=mm&r=g\",\"url\":\"https:\\\/\\\/secure.gravatar.com\\\/avatar\\\/467a11f6918c7d619c4043fc6fa2d3853053107973f05b6e9c04ea6c4e3a7b3f?s=96&d=mm&r=g\",\"contentUrl\":\"https:\\\/\\\/secure.gravatar.com\\\/avatar\\\/467a11f6918c7d619c4043fc6fa2d3853053107973f05b6e9c04ea6c4e3a7b3f?s=96&d=mm&r=g\",\"caption\":\"Javier Zamora\"},\"url\":\"https:\\\/\\\/radiolitoral.com\\\/ca\\\/author\\\/javier-zamora\\\/\"}]}<\/script>\n<!-- \/ Yoast SEO plugin. -->","yoast_head_json":{"title":"Derrota del campi\u00f3 Colombians FC davant Veterans El Verger | R\u00e0dio Litoral","description":"A la primera jornada de la lliga comarcal de Futbol Veter\u00e0 Kamarca no va perdonar D\u00e9nia VeteransA la primera jornada de la lliga comarcal de Futbol Veter\u00e0 Kamarca no va perdonar D\u00e9nia Veterans","robots":{"index":"index","follow":"follow","max-snippet":"max-snippet:-1","max-image-preview":"max-image-preview:large","max-video-preview":"max-video-preview:-1"},"canonical":"https:\/\/radiolitoral.com\/ca\/2025\/09\/derrota-del-campio-colombians-fc-davant-veterans-el-verger\/","og_locale":"ca_ES","og_type":"article","og_title":"Derrota del campe\u00f3n Colombianos F. C. ante Veterans El Verger | R\u00e0dio Litoral","og_description":"En la primera jornada de la liga comarcal de F\u00fatbol Veterano Kamarca no perdon\u00f3 a D\u00e9nia VeteranosEn la primera jornada de la liga comarcal de F\u00fatbol Veterano Kamarca no perdon\u00f3 a D\u00e9nia Veteranos","og_url":"https:\/\/radiolitoral.com\/ca\/2025\/09\/derrota-del-campio-colombians-fc-davant-veterans-el-verger\/","og_site_name":"R\u00e0dio Litoral","article_publisher":"https:\/\/www.facebook.com\/Laradiolitoral\/","article_published_time":"2025-09-02T09:13:11+00:00","og_image":[{"width":800,"height":479,"url":"https:\/\/media.radiolitoral.com\/wp-content\/uploads\/2025\/09\/02111133\/UD-Benissa-Veteranos.jpg","type":"image\/jpeg"}],"author":"Javier Zamora","twitter_card":"summary_large_image","twitter_misc":{"Escrit per":"Javier Zamora","Temps estimat de lectura":"2 minuts"},"schema":{"@context":"https:\/\/schema.org","@graph":[{"@type":"NewsArticle","@id":"https:\/\/radiolitoral.com\/2025\/09\/derrota-del-campeon-colombianos-f-c-ante-veterans-el-verger\/#article","isPartOf":{"@id":"https:\/\/radiolitoral.com\/2025\/09\/derrota-del-campeon-colombianos-f-c-ante-veterans-el-verger\/"},"author":{"name":"Javier Zamora","@id":"https:\/\/radiolitoral.com\/#\/schema\/person\/7b1480b5caeb5acdd4ec6379caf62b22"},"headline":"Derrota del campe\u00f3n Colombianos F. C. ante Veterans El Verger","datePublished":"2025-09-02T09:13:11+00:00","mainEntityOfPage":{"@id":"https:\/\/radiolitoral.com\/2025\/09\/derrota-del-campeon-colombianos-f-c-ante-veterans-el-verger\/"},"wordCount":192,"commentCount":0,"publisher":{"@id":"https:\/\/radiolitoral.com\/#organization"},"image":{"@id":"https:\/\/radiolitoral.com\/2025\/09\/derrota-del-campeon-colombianos-f-c-ante-veterans-el-verger\/#primaryimage"},"thumbnailUrl":"https:\/\/media.radiolitoral.com\/wp-content\/uploads\/2025\/09\/02111133\/UD-Benissa-Veteranos.jpg","keywords":["Benissa Veteranos","Calpe Veteranos","Cambicon Beniarbeig","Colombianos F.C","D\u00e9nia Veteranos","deportes","Gorgos","Jos\u00e9 M\u00aa P\u00e9rez","Kamarca","Latinos\u00a0Dankol","liga comarcal de F\u00fatbol Veterano","Meraki Mediterr\u00e1neo","Mi Pueblito","Oliva Veteranos","Orange-Dorian Gray","Veterans El Verger","Veterans Pedreguer"],"articleSection":["Deportes"],"inLanguage":"ca","potentialAction":[{"@type":"CommentAction","name":"Comment","target":["https:\/\/radiolitoral.com\/2025\/09\/derrota-del-campeon-colombianos-f-c-ante-veterans-el-verger\/#respond"]}]},{"@type":["WebPage","ItemPage"],"@id":"https:\/\/radiolitoral.com\/2025\/09\/derrota-del-campeon-colombianos-f-c-ante-veterans-el-verger\/","url":"https:\/\/radiolitoral.com\/2025\/09\/derrota-del-campeon-colombianos-f-c-ante-veterans-el-verger\/","name":"Derrota del campi\u00f3 Colombians FC davant Veterans El Verger | R\u00e0dio Litoral","isPartOf":{"@id":"https:\/\/radiolitoral.com\/#website"},"primaryImageOfPage":{"@id":"https:\/\/radiolitoral.com\/2025\/09\/derrota-del-campeon-colombianos-f-c-ante-veterans-el-verger\/#primaryimage"},"image":{"@id":"https:\/\/radiolitoral.com\/2025\/09\/derrota-del-campeon-colombianos-f-c-ante-veterans-el-verger\/#primaryimage"},"thumbnailUrl":"https:\/\/media.radiolitoral.com\/wp-content\/uploads\/2025\/09\/02111133\/UD-Benissa-Veteranos.jpg","datePublished":"2025-09-02T09:13:11+00:00","description":"A la primera jornada de la lliga comarcal de Futbol Veter\u00e0 Kamarca no va perdonar D\u00e9nia VeteransA la primera jornada de la lliga comarcal de Futbol Veter\u00e0 Kamarca no va perdonar D\u00e9nia Veterans","breadcrumb":{"@id":"https:\/\/radiolitoral.com\/2025\/09\/derrota-del-campeon-colombianos-f-c-ante-veterans-el-verger\/#breadcrumb"},"inLanguage":"ca","potentialAction":[{"@type":"ReadAction","target":["https:\/\/radiolitoral.com\/2025\/09\/derrota-del-campeon-colombianos-f-c-ante-veterans-el-verger\/"]}]},{"@type":"ImageObject","inLanguage":"ca","@id":"https:\/\/radiolitoral.com\/2025\/09\/derrota-del-campeon-colombianos-f-c-ante-veterans-el-verger\/#primaryimage","url":"https:\/\/media.radiolitoral.com\/wp-content\/uploads\/2025\/09\/02111133\/UD-Benissa-Veteranos.jpg","contentUrl":"https:\/\/media.radiolitoral.com\/wp-content\/uploads\/2025\/09\/02111133\/UD-Benissa-Veteranos.jpg","width":800,"height":479},{"@type":"BreadcrumbList","@id":"https:\/\/radiolitoral.com\/2025\/09\/derrota-del-campeon-colombianos-f-c-ante-veterans-el-verger\/#breadcrumb","itemListElement":[{"@type":"ListItem","position":1,"name":"Portada","item":"https:\/\/radiolitoral.com\/"},{"@type":"ListItem","position":2,"name":"Derrota del campe\u00f3n Colombianos F. C. ante Veterans El Verger"}]},{"@type":"WebSite","@id":"https:\/\/radiolitoral.com\/#website","url":"https:\/\/radiolitoral.com\/","name":"R\u00e0dio Litoral","description":"La r\u00e0dio local de la Marina Alta","publisher":{"@id":"https:\/\/radiolitoral.com\/#organization"},"alternateName":"Litoral FM","potentialAction":[{"@type":"SearchAction","target":{"@type":"EntryPoint","urlTemplate":"https:\/\/radiolitoral.com\/?s={search_term_string}"},"query-input":{"@type":"PropertyValueSpecification","valueRequired":true,"valueName":"search_term_string"}}],"inLanguage":"ca"},{"@type":"Organization","@id":"https:\/\/radiolitoral.com\/#organization","name":"R\u00e0dio Litoral","url":"https:\/\/radiolitoral.com\/","logo":{"@type":"ImageObject","inLanguage":"ca","@id":"https:\/\/radiolitoral.com\/#\/schema\/logo\/image\/","url":"https:\/\/media.radiolitoral.com\/wp-content\/uploads\/2023\/02\/24143238\/CL-V-RadioLitoral696.png","contentUrl":"https:\/\/media.radiolitoral.com\/wp-content\/uploads\/2023\/02\/24143238\/CL-V-RadioLitoral696.png","width":696,"height":696,"caption":"Radio Litoral"},"image":{"@id":"https:\/\/radiolitoral.com\/#\/schema\/logo\/image\/"},"sameAs":["https:\/\/www.facebook.com\/Laradiolitoral\/"]},{"@type":"Person","@id":"https:\/\/radiolitoral.com\/#\/schema\/person\/7b1480b5caeb5acdd4ec6379caf62b22","name":"Javier Zamora","image":{"@type":"ImageObject","inLanguage":"ca","@id":"https:\/\/secure.gravatar.com\/avatar\/467a11f6918c7d619c4043fc6fa2d3853053107973f05b6e9c04ea6c4e3a7b3f?s=96&d=mm&r=g","url":"https:\/\/secure.gravatar.com\/avatar\/467a11f6918c7d619c4043fc6fa2d3853053107973f05b6e9c04ea6c4e3a7b3f?s=96&d=mm&r=g","contentUrl":"https:\/\/secure.gravatar.com\/avatar\/467a11f6918c7d619c4043fc6fa2d3853053107973f05b6e9c04ea6c4e3a7b3f?s=96&d=mm&r=g","caption":"Javier Zamora"},"url":"https:\/\/radiolitoral.com\/ca\/author\/javier-zamora\/"}]}},"_links":{"self":[{"href":"https:\/\/radiolitoral.com\/ca\/wp-json\/wp\/v2\/posts\/18423","targetHints":{"allow":["GET"]}}],"collection":[{"href":"https:\/\/radiolitoral.com\/ca\/wp-json\/wp\/v2\/posts"}],"about":[{"href":"https:\/\/radiolitoral.com\/ca\/wp-json\/wp\/v2\/types\/post"}],"author":[{"embeddable":true,"href":"https:\/\/radiolitoral.com\/ca\/wp-json\/wp\/v2\/users\/12"}],"replies":[{"embeddable":true,"href":"https:\/\/radiolitoral.com\/ca\/wp-json\/wp\/v2\/comments?post=18423"}],"version-history":[{"count":2,"href":"https:\/\/radiolitoral.com\/ca\/wp-json\/wp\/v2\/posts\/18423\/revisions"}],"predecessor-version":[{"id":18426,"href":"https:\/\/radiolitoral.com\/ca\/wp-json\/wp\/v2\/posts\/18423\/revisions\/18426"}],"wp:featuredmedia":[{"embeddable":true,"href":"https:\/\/radiolitoral.com\/ca\/wp-json\/wp\/v2\/media\/18424"}],"wp:attachment":[{"href":"https:\/\/radiolitoral.com\/ca\/wp-json\/wp\/v2\/media?parent=18423"}],"wp:term":[{"taxonomy":"category","embeddable":true,"href":"https:\/\/radiolitoral.com\/ca\/wp-json\/wp\/v2\/categories?post=18423"},{"taxonomy":"post_tag","embeddable":true,"href":"https:\/\/radiolitoral.com\/ca\/wp-json\/wp\/v2\/tags?post=18423"}],"curies":[{"name":"wp","href":"https:\/\/api.w.org\/{rel}","templated":true}]}}