{"id":18409,"date":"2025-09-02T09:31:00","date_gmt":"2025-09-02T07:31:00","guid":{"rendered":"https:\/\/radiolitoral.com\/?p=18409"},"modified":"2025-09-02T09:31:00","modified_gmt":"2025-09-02T07:31:00","slug":"teulada-comptara-amb-entitats-col%c2%b7laboradores-urbanisticas-de-verificacio","status":"publish","type":"post","link":"https:\/\/radiolitoral.com\/ca\/2025\/09\/teulada-contara-con-entidades-colaboradoras-urbanisticas-de-verificacion\/","title":{"rendered":"Teulada comptar\u00e0 amb Entitats Col\u00b7laboradores Urban\u00edstiques de Verificaci\u00f3"},"content":{"rendered":"<p data-start=\"0\" data-end=\"410\"><strong>Teulada<\/strong> ha fet un pas significatiu a la <strong>modernitzaci\u00f3 de la gesti\u00f3 urban\u00edstica<\/strong> amb la creaci\u00f3 de les <strong>Entitats Col\u00b7laboradores Urban\u00edstiques de Verificaci\u00f3<\/strong> (ECUV). Aquesta nova eina administrativa t\u00e9 com a finalitat accelerar els processos relacionats amb les llic\u00e8ncies d&#039;obra, facilitant un acc\u00e9s m\u00e9s \u00e0gil i efectiu a la construcci\u00f3 i la renovaci\u00f3 d&#039;habitatges a la localitat.<\/p>\n<p data-start=\"412\" data-end=\"794\">A trav\u00e9s de les ECUV, els promotors de projectes podran comptar amb el suport d&#039;entitats especialitzades per assegurar-se que tota la documentaci\u00f3 requerida compleixi les normatives urban\u00edstiques i t\u00e8cniques vigents. D&#039;aquesta manera, l&#039;Ajuntament podr\u00e0 concedir les llic\u00e8ncies de manera m\u00e9s r\u00e0pida, sense posar en risc la seguretat jur\u00eddica ni la qualitat dels controls t\u00e8cnics.<\/p>\n<p data-start=\"827\" data-end=\"1126\">Aix\u00ed mateix, des del consistori s&#039;ha recordat que el visat col\u00b7legial atorgat pel Col\u00b7legi Oficial d&#039;Arquitectes continua sent l&#039;opci\u00f3 que garanteix m\u00e9s qualitat t\u00e8cnica i professional, afegint un plus de seguretat i confian\u00e7a tant per als promotors com per a la pr\u00f2pia administraci\u00f3.<\/p>\n<p data-start=\"1128\" data-end=\"1398\" data-is-last-node=\"\" data-is-only-node=\"\">El regidor d&#039;Urbanisme, Tony Reig, va destacar que aquesta iniciativa &quot;benefici\u00e0 de forma directa els ve\u00efns de Teulada Moraira, ja que redueix els terminis d&#039;espera, evita tr\u00e0mits innecessaris i afavoreix el desenvolupament econ\u00f2mic local d&#039;una manera responsable i sostenible&quot;.<\/p>","protected":false},"excerpt":{"rendered":"<p>Teulada ha dado un paso significativo en la modernizaci\u00f3n de la gesti\u00f3n urban\u00edstica con la creaci\u00f3n de las Entidades Colaboradoras Urban\u00edsticas de Verificaci\u00f3n (ECUV). Esta nueva herramienta administrativa tiene como finalidad acelerar los procesos relacionados con las licencias de obra, facilitando un acceso m\u00e1s \u00e1gil y efectivo a la construcci\u00f3n y renovaci\u00f3n de viviendas en [&#8230;]<\/p>\n<p><a class=\"btn btn-secondary understrap-read-more-link\" href=\"https:\/\/radiolitoral.com\/ca\/2025\/09\/teulada-contara-con-entidades-colaboradoras-urbanisticas-de-verificacion\/\">Continua llegint&#8230;<span class=\"screen-reader-text\"> from Teulada contar\u00e1 con Entidades Colaboradoras Urban\u00edsticas de Verificaci\u00f3n<\/span><\/a><\/p>\n","protected":false},"author":14,"featured_media":2011,"comment_status":"open","ping_status":"closed","sticky":false,"template":"","format":"standard","meta":{"_acf_changed":false,"inline_featured_image":false,"footnotes":""},"categories":[81],"tags":[708,195,83],"class_list":["post-18409","post","type-post","status-publish","format-standard","has-post-thumbnail","hentry","category-urbanismo","tag-politica","tag-teulada-moraira","tag-urbanismo","cobertura-teulada-moraira"],"acf":[],"yoast_head":"<!-- This site is optimized with the Yoast SEO plugin v27.5 - https:\/\/yoast.com\/product\/yoast-seo-wordpress\/ -->\n<title>Teulada contar\u00e1 con Entidades Colaboradoras Urban\u00edsticas de Verificaci\u00f3n | R\u00e0dio Litoral<\/title>\n<meta name=\"description\" content=\"Esta medida permitir\u00e1 al Ayuntamiento otorgar las licencias de manera m\u00e1s r\u00e1pida\" \/>\n<meta name=\"robots\" content=\"index, follow, max-snippet:-1, max-image-preview:large, max-video-preview:-1\" \/>\n<link rel=\"canonical\" href=\"https:\/\/radiolitoral.com\/ca\/2025\/09\/teulada-comptara-amb-entitats-col\u00b7laboradores-urbanisticas-de-verificacio\/\" \/>\n<meta property=\"og:locale\" content=\"ca_ES\" \/>\n<meta property=\"og:type\" content=\"article\" \/>\n<meta property=\"og:title\" content=\"Teulada contar\u00e1 con Entidades Colaboradoras Urban\u00edsticas de Verificaci\u00f3n | R\u00e0dio Litoral\" \/>\n<meta property=\"og:description\" content=\"Esta medida permitir\u00e1 al Ayuntamiento otorgar las licencias de manera m\u00e1s r\u00e1pida\" \/>\n<meta property=\"og:url\" content=\"https:\/\/radiolitoral.com\/ca\/2025\/09\/teulada-comptara-amb-entitats-col\u00b7laboradores-urbanisticas-de-verificacio\/\" \/>\n<meta property=\"og:site_name\" content=\"R\u00e0dio Litoral\" \/>\n<meta property=\"article:publisher\" content=\"https:\/\/www.facebook.com\/Laradiolitoral\/\" \/>\n<meta property=\"article:published_time\" content=\"2025-09-02T07:31:00+00:00\" \/>\n<meta property=\"og:image\" content=\"https:\/\/media.radiolitoral.com\/wp-content\/uploads\/2023\/04\/05160948\/teulada.jpg\" \/>\n\t<meta property=\"og:image:width\" content=\"872\" \/>\n\t<meta property=\"og:image:height\" content=\"508\" \/>\n\t<meta property=\"og:image:type\" content=\"image\/jpeg\" \/>\n<meta name=\"author\" content=\"Redacci\u00f3n\" \/>\n<meta name=\"twitter:card\" content=\"summary_large_image\" \/>\n<meta name=\"twitter:label1\" content=\"Escrit per\" \/>\n\t<meta name=\"twitter:data1\" content=\"Redacci\u00f3n\" \/>\n\t<meta name=\"twitter:label2\" content=\"Temps estimat de lectura\" \/>\n\t<meta name=\"twitter:data2\" content=\"2 minuts\" \/>\n<script type=\"application\/ld+json\" class=\"yoast-schema-graph\">{\"@context\":\"https:\\\/\\\/schema.org\",\"@graph\":[{\"@type\":\"NewsArticle\",\"@id\":\"https:\\\/\\\/radiolitoral.com\\\/2025\\\/09\\\/teulada-contara-con-entidades-colaboradoras-urbanisticas-de-verificacion\\\/#article\",\"isPartOf\":{\"@id\":\"https:\\\/\\\/radiolitoral.com\\\/2025\\\/09\\\/teulada-contara-con-entidades-colaboradoras-urbanisticas-de-verificacion\\\/\"},\"author\":{\"name\":\"Redacci\u00f3n\",\"@id\":\"https:\\\/\\\/radiolitoral.com\\\/#\\\/schema\\\/person\\\/96b739642eb3bedb532aac3812d23307\"},\"headline\":\"Teulada contar\u00e1 con Entidades Colaboradoras Urban\u00edsticas de Verificaci\u00f3n\",\"datePublished\":\"2025-09-02T07:31:00+00:00\",\"mainEntityOfPage\":{\"@id\":\"https:\\\/\\\/radiolitoral.com\\\/2025\\\/09\\\/teulada-contara-con-entidades-colaboradoras-urbanisticas-de-verificacion\\\/\"},\"wordCount\":238,\"commentCount\":0,\"publisher\":{\"@id\":\"https:\\\/\\\/radiolitoral.com\\\/#organization\"},\"image\":{\"@id\":\"https:\\\/\\\/radiolitoral.com\\\/2025\\\/09\\\/teulada-contara-con-entidades-colaboradoras-urbanisticas-de-verificacion\\\/#primaryimage\"},\"thumbnailUrl\":\"https:\\\/\\\/media.radiolitoral.com\\\/wp-content\\\/uploads\\\/2023\\\/04\\\/05160948\\\/teulada.jpg\",\"keywords\":[\"pol\u00edtica\",\"Teulada-Moraira\",\"Urbanismo\"],\"articleSection\":[\"Urbanismo\"],\"inLanguage\":\"ca\",\"potentialAction\":[{\"@type\":\"CommentAction\",\"name\":\"Comment\",\"target\":[\"https:\\\/\\\/radiolitoral.com\\\/2025\\\/09\\\/teulada-contara-con-entidades-colaboradoras-urbanisticas-de-verificacion\\\/#respond\"]}]},{\"@type\":[\"WebPage\",\"ItemPage\"],\"@id\":\"https:\\\/\\\/radiolitoral.com\\\/2025\\\/09\\\/teulada-contara-con-entidades-colaboradoras-urbanisticas-de-verificacion\\\/\",\"url\":\"https:\\\/\\\/radiolitoral.com\\\/2025\\\/09\\\/teulada-contara-con-entidades-colaboradoras-urbanisticas-de-verificacion\\\/\",\"name\":\"Teulada contar\u00e1 con Entidades Colaboradoras Urban\u00edsticas de Verificaci\u00f3n | R\u00e0dio Litoral\",\"isPartOf\":{\"@id\":\"https:\\\/\\\/radiolitoral.com\\\/#website\"},\"primaryImageOfPage\":{\"@id\":\"https:\\\/\\\/radiolitoral.com\\\/2025\\\/09\\\/teulada-contara-con-entidades-colaboradoras-urbanisticas-de-verificacion\\\/#primaryimage\"},\"image\":{\"@id\":\"https:\\\/\\\/radiolitoral.com\\\/2025\\\/09\\\/teulada-contara-con-entidades-colaboradoras-urbanisticas-de-verificacion\\\/#primaryimage\"},\"thumbnailUrl\":\"https:\\\/\\\/media.radiolitoral.com\\\/wp-content\\\/uploads\\\/2023\\\/04\\\/05160948\\\/teulada.jpg\",\"datePublished\":\"2025-09-02T07:31:00+00:00\",\"description\":\"Esta medida permitir\u00e1 al Ayuntamiento otorgar las licencias de manera m\u00e1s r\u00e1pida\",\"breadcrumb\":{\"@id\":\"https:\\\/\\\/radiolitoral.com\\\/2025\\\/09\\\/teulada-contara-con-entidades-colaboradoras-urbanisticas-de-verificacion\\\/#breadcrumb\"},\"inLanguage\":\"ca\",\"potentialAction\":[{\"@type\":\"ReadAction\",\"target\":[\"https:\\\/\\\/radiolitoral.com\\\/2025\\\/09\\\/teulada-contara-con-entidades-colaboradoras-urbanisticas-de-verificacion\\\/\"]}]},{\"@type\":\"ImageObject\",\"inLanguage\":\"ca\",\"@id\":\"https:\\\/\\\/radiolitoral.com\\\/2025\\\/09\\\/teulada-contara-con-entidades-colaboradoras-urbanisticas-de-verificacion\\\/#primaryimage\",\"url\":\"https:\\\/\\\/media.radiolitoral.com\\\/wp-content\\\/uploads\\\/2023\\\/04\\\/05160948\\\/teulada.jpg\",\"contentUrl\":\"https:\\\/\\\/media.radiolitoral.com\\\/wp-content\\\/uploads\\\/2023\\\/04\\\/05160948\\\/teulada.jpg\",\"width\":872,\"height\":508},{\"@type\":\"BreadcrumbList\",\"@id\":\"https:\\\/\\\/radiolitoral.com\\\/2025\\\/09\\\/teulada-contara-con-entidades-colaboradoras-urbanisticas-de-verificacion\\\/#breadcrumb\",\"itemListElement\":[{\"@type\":\"ListItem\",\"position\":1,\"name\":\"Portada\",\"item\":\"https:\\\/\\\/radiolitoral.com\\\/\"},{\"@type\":\"ListItem\",\"position\":2,\"name\":\"Teulada contar\u00e1 con Entidades Colaboradoras Urban\u00edsticas de Verificaci\u00f3n\"}]},{\"@type\":\"WebSite\",\"@id\":\"https:\\\/\\\/radiolitoral.com\\\/#website\",\"url\":\"https:\\\/\\\/radiolitoral.com\\\/\",\"name\":\"Radio Litoral\",\"description\":\"La radio local de la Marina Alta\",\"publisher\":{\"@id\":\"https:\\\/\\\/radiolitoral.com\\\/#organization\"},\"alternateName\":\"Litoral FM\",\"potentialAction\":[{\"@type\":\"SearchAction\",\"target\":{\"@type\":\"EntryPoint\",\"urlTemplate\":\"https:\\\/\\\/radiolitoral.com\\\/?s={search_term_string}\"},\"query-input\":{\"@type\":\"PropertyValueSpecification\",\"valueRequired\":true,\"valueName\":\"search_term_string\"}}],\"inLanguage\":\"ca\"},{\"@type\":\"Organization\",\"@id\":\"https:\\\/\\\/radiolitoral.com\\\/#organization\",\"name\":\"Radio Litoral\",\"url\":\"https:\\\/\\\/radiolitoral.com\\\/\",\"logo\":{\"@type\":\"ImageObject\",\"inLanguage\":\"ca\",\"@id\":\"https:\\\/\\\/radiolitoral.com\\\/#\\\/schema\\\/logo\\\/image\\\/\",\"url\":\"https:\\\/\\\/media.radiolitoral.com\\\/wp-content\\\/uploads\\\/2023\\\/02\\\/24143238\\\/CL-V-RadioLitoral696.png\",\"contentUrl\":\"https:\\\/\\\/media.radiolitoral.com\\\/wp-content\\\/uploads\\\/2023\\\/02\\\/24143238\\\/CL-V-RadioLitoral696.png\",\"width\":696,\"height\":696,\"caption\":\"Radio Litoral\"},\"image\":{\"@id\":\"https:\\\/\\\/radiolitoral.com\\\/#\\\/schema\\\/logo\\\/image\\\/\"},\"sameAs\":[\"https:\\\/\\\/www.facebook.com\\\/Laradiolitoral\\\/\"]},{\"@type\":\"Person\",\"@id\":\"https:\\\/\\\/radiolitoral.com\\\/#\\\/schema\\\/person\\\/96b739642eb3bedb532aac3812d23307\",\"name\":\"Redacci\u00f3n\",\"image\":{\"@type\":\"ImageObject\",\"inLanguage\":\"ca\",\"@id\":\"https:\\\/\\\/secure.gravatar.com\\\/avatar\\\/30cd06129ee90411dd9c7cbdcf17464181d1a3c7b072e92070ea75a25cf0097e?s=96&d=mm&r=g\",\"url\":\"https:\\\/\\\/secure.gravatar.com\\\/avatar\\\/30cd06129ee90411dd9c7cbdcf17464181d1a3c7b072e92070ea75a25cf0097e?s=96&d=mm&r=g\",\"contentUrl\":\"https:\\\/\\\/secure.gravatar.com\\\/avatar\\\/30cd06129ee90411dd9c7cbdcf17464181d1a3c7b072e92070ea75a25cf0097e?s=96&d=mm&r=g\",\"caption\":\"Redacci\u00f3n\"},\"url\":\"https:\\\/\\\/radiolitoral.com\\\/ca\\\/author\\\/kevin-carrio\\\/\"}]}<\/script>\n<!-- \/ Yoast SEO plugin. -->","yoast_head_json":{"title":"Teulada comptar\u00e0 amb Entitats Col\u00b7laboradores Urban\u00edstiques de Verificaci\u00f3 | R\u00e0dio Litoral","description":"Aquesta mesura permetr\u00e0 a l&#039;Ajuntament atorgar les llic\u00e8ncies de manera m\u00e9s r\u00e0pida","robots":{"index":"index","follow":"follow","max-snippet":"max-snippet:-1","max-image-preview":"max-image-preview:large","max-video-preview":"max-video-preview:-1"},"canonical":"https:\/\/radiolitoral.com\/ca\/2025\/09\/teulada-comptara-amb-entitats-col\u00b7laboradores-urbanisticas-de-verificacio\/","og_locale":"ca_ES","og_type":"article","og_title":"Teulada contar\u00e1 con Entidades Colaboradoras Urban\u00edsticas de Verificaci\u00f3n | R\u00e0dio Litoral","og_description":"Esta medida permitir\u00e1 al Ayuntamiento otorgar las licencias de manera m\u00e1s r\u00e1pida","og_url":"https:\/\/radiolitoral.com\/ca\/2025\/09\/teulada-comptara-amb-entitats-col\u00b7laboradores-urbanisticas-de-verificacio\/","og_site_name":"R\u00e0dio Litoral","article_publisher":"https:\/\/www.facebook.com\/Laradiolitoral\/","article_published_time":"2025-09-02T07:31:00+00:00","og_image":[{"width":872,"height":508,"url":"https:\/\/media.radiolitoral.com\/wp-content\/uploads\/2023\/04\/05160948\/teulada.jpg","type":"image\/jpeg"}],"author":"Redacci\u00f3n","twitter_card":"summary_large_image","twitter_misc":{"Escrit per":"Redacci\u00f3n","Temps estimat de lectura":"2 minuts"},"schema":{"@context":"https:\/\/schema.org","@graph":[{"@type":"NewsArticle","@id":"https:\/\/radiolitoral.com\/2025\/09\/teulada-contara-con-entidades-colaboradoras-urbanisticas-de-verificacion\/#article","isPartOf":{"@id":"https:\/\/radiolitoral.com\/2025\/09\/teulada-contara-con-entidades-colaboradoras-urbanisticas-de-verificacion\/"},"author":{"name":"Redacci\u00f3n","@id":"https:\/\/radiolitoral.com\/#\/schema\/person\/96b739642eb3bedb532aac3812d23307"},"headline":"Teulada contar\u00e1 con Entidades Colaboradoras Urban\u00edsticas de Verificaci\u00f3n","datePublished":"2025-09-02T07:31:00+00:00","mainEntityOfPage":{"@id":"https:\/\/radiolitoral.com\/2025\/09\/teulada-contara-con-entidades-colaboradoras-urbanisticas-de-verificacion\/"},"wordCount":238,"commentCount":0,"publisher":{"@id":"https:\/\/radiolitoral.com\/#organization"},"image":{"@id":"https:\/\/radiolitoral.com\/2025\/09\/teulada-contara-con-entidades-colaboradoras-urbanisticas-de-verificacion\/#primaryimage"},"thumbnailUrl":"https:\/\/media.radiolitoral.com\/wp-content\/uploads\/2023\/04\/05160948\/teulada.jpg","keywords":["pol\u00edtica","Teulada-Moraira","Urbanismo"],"articleSection":["Urbanismo"],"inLanguage":"ca","potentialAction":[{"@type":"CommentAction","name":"Comment","target":["https:\/\/radiolitoral.com\/2025\/09\/teulada-contara-con-entidades-colaboradoras-urbanisticas-de-verificacion\/#respond"]}]},{"@type":["WebPage","ItemPage"],"@id":"https:\/\/radiolitoral.com\/2025\/09\/teulada-contara-con-entidades-colaboradoras-urbanisticas-de-verificacion\/","url":"https:\/\/radiolitoral.com\/2025\/09\/teulada-contara-con-entidades-colaboradoras-urbanisticas-de-verificacion\/","name":"Teulada comptar\u00e0 amb Entitats Col\u00b7laboradores Urban\u00edstiques de Verificaci\u00f3 | R\u00e0dio Litoral","isPartOf":{"@id":"https:\/\/radiolitoral.com\/#website"},"primaryImageOfPage":{"@id":"https:\/\/radiolitoral.com\/2025\/09\/teulada-contara-con-entidades-colaboradoras-urbanisticas-de-verificacion\/#primaryimage"},"image":{"@id":"https:\/\/radiolitoral.com\/2025\/09\/teulada-contara-con-entidades-colaboradoras-urbanisticas-de-verificacion\/#primaryimage"},"thumbnailUrl":"https:\/\/media.radiolitoral.com\/wp-content\/uploads\/2023\/04\/05160948\/teulada.jpg","datePublished":"2025-09-02T07:31:00+00:00","description":"Aquesta mesura permetr\u00e0 a l&#039;Ajuntament atorgar les llic\u00e8ncies de manera m\u00e9s r\u00e0pida","breadcrumb":{"@id":"https:\/\/radiolitoral.com\/2025\/09\/teulada-contara-con-entidades-colaboradoras-urbanisticas-de-verificacion\/#breadcrumb"},"inLanguage":"ca","potentialAction":[{"@type":"ReadAction","target":["https:\/\/radiolitoral.com\/2025\/09\/teulada-contara-con-entidades-colaboradoras-urbanisticas-de-verificacion\/"]}]},{"@type":"ImageObject","inLanguage":"ca","@id":"https:\/\/radiolitoral.com\/2025\/09\/teulada-contara-con-entidades-colaboradoras-urbanisticas-de-verificacion\/#primaryimage","url":"https:\/\/media.radiolitoral.com\/wp-content\/uploads\/2023\/04\/05160948\/teulada.jpg","contentUrl":"https:\/\/media.radiolitoral.com\/wp-content\/uploads\/2023\/04\/05160948\/teulada.jpg","width":872,"height":508},{"@type":"BreadcrumbList","@id":"https:\/\/radiolitoral.com\/2025\/09\/teulada-contara-con-entidades-colaboradoras-urbanisticas-de-verificacion\/#breadcrumb","itemListElement":[{"@type":"ListItem","position":1,"name":"Portada","item":"https:\/\/radiolitoral.com\/"},{"@type":"ListItem","position":2,"name":"Teulada contar\u00e1 con Entidades Colaboradoras Urban\u00edsticas de Verificaci\u00f3n"}]},{"@type":"WebSite","@id":"https:\/\/radiolitoral.com\/#website","url":"https:\/\/radiolitoral.com\/","name":"R\u00e0dio Litoral","description":"La r\u00e0dio local de la Marina Alta","publisher":{"@id":"https:\/\/radiolitoral.com\/#organization"},"alternateName":"Litoral FM","potentialAction":[{"@type":"SearchAction","target":{"@type":"EntryPoint","urlTemplate":"https:\/\/radiolitoral.com\/?s={search_term_string}"},"query-input":{"@type":"PropertyValueSpecification","valueRequired":true,"valueName":"search_term_string"}}],"inLanguage":"ca"},{"@type":"Organization","@id":"https:\/\/radiolitoral.com\/#organization","name":"R\u00e0dio Litoral","url":"https:\/\/radiolitoral.com\/","logo":{"@type":"ImageObject","inLanguage":"ca","@id":"https:\/\/radiolitoral.com\/#\/schema\/logo\/image\/","url":"https:\/\/media.radiolitoral.com\/wp-content\/uploads\/2023\/02\/24143238\/CL-V-RadioLitoral696.png","contentUrl":"https:\/\/media.radiolitoral.com\/wp-content\/uploads\/2023\/02\/24143238\/CL-V-RadioLitoral696.png","width":696,"height":696,"caption":"Radio Litoral"},"image":{"@id":"https:\/\/radiolitoral.com\/#\/schema\/logo\/image\/"},"sameAs":["https:\/\/www.facebook.com\/Laradiolitoral\/"]},{"@type":"Person","@id":"https:\/\/radiolitoral.com\/#\/schema\/person\/96b739642eb3bedb532aac3812d23307","name":"Redacci\u00f3","image":{"@type":"ImageObject","inLanguage":"ca","@id":"https:\/\/secure.gravatar.com\/avatar\/30cd06129ee90411dd9c7cbdcf17464181d1a3c7b072e92070ea75a25cf0097e?s=96&d=mm&r=g","url":"https:\/\/secure.gravatar.com\/avatar\/30cd06129ee90411dd9c7cbdcf17464181d1a3c7b072e92070ea75a25cf0097e?s=96&d=mm&r=g","contentUrl":"https:\/\/secure.gravatar.com\/avatar\/30cd06129ee90411dd9c7cbdcf17464181d1a3c7b072e92070ea75a25cf0097e?s=96&d=mm&r=g","caption":"Redacci\u00f3n"},"url":"https:\/\/radiolitoral.com\/ca\/author\/kevin-carrio\/"}]}},"_links":{"self":[{"href":"https:\/\/radiolitoral.com\/ca\/wp-json\/wp\/v2\/posts\/18409","targetHints":{"allow":["GET"]}}],"collection":[{"href":"https:\/\/radiolitoral.com\/ca\/wp-json\/wp\/v2\/posts"}],"about":[{"href":"https:\/\/radiolitoral.com\/ca\/wp-json\/wp\/v2\/types\/post"}],"author":[{"embeddable":true,"href":"https:\/\/radiolitoral.com\/ca\/wp-json\/wp\/v2\/users\/14"}],"replies":[{"embeddable":true,"href":"https:\/\/radiolitoral.com\/ca\/wp-json\/wp\/v2\/comments?post=18409"}],"version-history":[{"count":2,"href":"https:\/\/radiolitoral.com\/ca\/wp-json\/wp\/v2\/posts\/18409\/revisions"}],"predecessor-version":[{"id":18411,"href":"https:\/\/radiolitoral.com\/ca\/wp-json\/wp\/v2\/posts\/18409\/revisions\/18411"}],"wp:featuredmedia":[{"embeddable":true,"href":"https:\/\/radiolitoral.com\/ca\/wp-json\/wp\/v2\/media\/2011"}],"wp:attachment":[{"href":"https:\/\/radiolitoral.com\/ca\/wp-json\/wp\/v2\/media?parent=18409"}],"wp:term":[{"taxonomy":"category","embeddable":true,"href":"https:\/\/radiolitoral.com\/ca\/wp-json\/wp\/v2\/categories?post=18409"},{"taxonomy":"post_tag","embeddable":true,"href":"https:\/\/radiolitoral.com\/ca\/wp-json\/wp\/v2\/tags?post=18409"}],"curies":[{"name":"wp","href":"https:\/\/api.w.org\/{rel}","templated":true}]}}