{"id":1840,"date":"2023-03-30T15:44:40","date_gmt":"2023-03-30T13:44:40","guid":{"rendered":"https:\/\/radiolitoral.com\/?p=1840"},"modified":"2023-03-30T15:45:18","modified_gmt":"2023-03-30T13:45:18","slug":"el-ceip-el-carrascar-de-parcent-sera-amfitrio-de-la-trobada-multicultural","status":"publish","type":"post","link":"https:\/\/radiolitoral.com\/ca\/2023\/03\/el-ceip-el-carrascal-de-parcent-sera-anfitrion-de-la-trobada-multicultural\/","title":{"rendered":"El CEIP El Carrascar de Parcent ser\u00e0 amfitri\u00f3 de la \u201cTrobada Multicultural\u201d"},"content":{"rendered":"<p><strong>El CEIP El Carrascar de Parcent<\/strong> es converteix en el <strong>amfitri\u00f3 de la \u201cTrobada Multicultural\u201d<\/strong> anual. Una trobada que <strong>reunir\u00e0<\/strong> a nens i nenes de les <strong>escoles de Benigembla, Murla, Senija, Tormos, la Vall de Gallinera-Benial\u00ed i la Vall de Laguar<\/strong>. Una jornada plena d&#039;activitats per fomentar la conviv\u00e8ncia entre els alumnes i docents dels diferents col\u00b7legis de l&#039;interior de la comarca, compartir experi\u00e8ncies i aprenentatges.<\/p>\n<p>Dins la programaci\u00f3 s&#039;han previst diferents tallers, una cercavila, l&#039;actuaci\u00f3 de l&#039;Estranya Companyia de Teatre, animaci\u00f3 musical i per concloure amb molt de color, una festa Holly.<\/p>\n<p>Aix\u00ed ens ho han avan\u00e7at <strong>els alumnes del CEIP El Carrascal de Parcent:<\/strong><\/p>\n<audio class=\"wp-audio-shortcode\" id=\"audio-1840-1\" preload=\"none\" style=\"width: 100%;\" controls=\"controls\"><source type=\"audio\/mpeg\" src=\"https:\/\/media.radiolitoral.com\/wp-content\/uploads\/2023\/03\/30154012\/Xiquets-Parcent.mp3?_=1\" \/><a href=\"https:\/\/media.radiolitoral.com\/wp-content\/uploads\/2023\/03\/30154012\/Xiquets-Parcent.mp3\">https:\/\/media.radiolitoral.com\/wp-content\/uploads\/2023\/03\/30154012\/Xiquets-Parcent.mp3<\/a><\/audio>","protected":false},"excerpt":{"rendered":"<p>El CEIP El Carrascal de Parcent se convierte en el anfitri\u00f3n de la \u201cTrobada Multicultural\u201d anual. Un encuentro que reunir\u00e1 a ni\u00f1os y ni\u00f1as de las escuelas de Benigembla, Murla, Senija, Tormos, La Vall de Gallinera-Benial\u00ed y La Vall de Laguar. Una jornada repleta de actividades con la que fomentar la convivencia entre los alumnos [&#8230;]<\/p>\n<p><a class=\"btn btn-secondary understrap-read-more-link\" href=\"https:\/\/radiolitoral.com\/ca\/2023\/03\/el-ceip-el-carrascal-de-parcent-sera-anfitrion-de-la-trobada-multicultural\/\">Continua llegint&#8230;<span class=\"screen-reader-text\"> from El CEIP El Carrascal de Parcent ser\u00e1 anfitri\u00f3n de la \u201cTrobada Multicultural\u201d<\/span><\/a><\/p>\n","protected":false},"author":13,"featured_media":1842,"comment_status":"open","ping_status":"closed","sticky":false,"template":"","format":"standard","meta":{"_acf_changed":false,"inline_featured_image":false,"footnotes":""},"categories":[276],"tags":[398,373,397],"class_list":["post-1840","post","type-post","status-publish","format-standard","has-post-thumbnail","hentry","category-fiestas","tag-agenda-cultural-marina-alta","tag-parcent","tag-trobada-multicultural","cobertura-parcent"],"acf":[],"yoast_head":"<!-- This site is optimized with the Yoast SEO plugin v27.5 - https:\/\/yoast.com\/product\/yoast-seo-wordpress\/ -->\n<title>El CEIP El Carrascal de Parcent ser\u00e1 anfitri\u00f3n de la \u201cTrobada Multicultural\u201d | R\u00e0dio Litoral<\/title>\n<meta name=\"description\" content=\"Reunir\u00e1 a las escuelas de Benigembla, Murla, Senija, Tormos, La Vall de Gallinera-Benial\u00ed y La Vall de Laguar\" \/>\n<meta name=\"robots\" content=\"index, follow, max-snippet:-1, max-image-preview:large, max-video-preview:-1\" \/>\n<link rel=\"canonical\" href=\"https:\/\/radiolitoral.com\/ca\/2023\/03\/el-ceip-el-carrascar-de-parcent-sera-amfitrio-de-la-trobada-multicultural\/\" \/>\n<meta property=\"og:locale\" content=\"ca_ES\" \/>\n<meta property=\"og:type\" content=\"article\" \/>\n<meta property=\"og:title\" content=\"El CEIP El Carrascal de Parcent ser\u00e1 anfitri\u00f3n de la \u201cTrobada Multicultural\u201d | R\u00e0dio Litoral\" \/>\n<meta property=\"og:description\" content=\"Reunir\u00e1 a las escuelas de Benigembla, Murla, Senija, Tormos, La Vall de Gallinera-Benial\u00ed y La Vall de Laguar\" \/>\n<meta property=\"og:url\" content=\"https:\/\/radiolitoral.com\/ca\/2023\/03\/el-ceip-el-carrascar-de-parcent-sera-amfitrio-de-la-trobada-multicultural\/\" \/>\n<meta property=\"og:site_name\" content=\"R\u00e0dio Litoral\" \/>\n<meta property=\"article:publisher\" content=\"https:\/\/www.facebook.com\/Laradiolitoral\/\" \/>\n<meta property=\"article:published_time\" content=\"2023-03-30T13:44:40+00:00\" \/>\n<meta property=\"article:modified_time\" content=\"2023-03-30T13:45:18+00:00\" \/>\n<meta property=\"og:image\" content=\"https:\/\/media.radiolitoral.com\/wp-content\/uploads\/2023\/03\/30154345\/desc.jpg\" \/>\n\t<meta property=\"og:image:width\" content=\"1280\" \/>\n\t<meta property=\"og:image:height\" content=\"720\" \/>\n\t<meta property=\"og:image:type\" content=\"image\/jpeg\" \/>\n<meta name=\"author\" content=\"Redacci\u00f3n\" \/>\n<meta name=\"twitter:card\" content=\"summary_large_image\" \/>\n<meta name=\"twitter:label1\" content=\"Escrit per\" \/>\n\t<meta name=\"twitter:data1\" content=\"Redacci\u00f3n\" \/>\n\t<meta name=\"twitter:label2\" content=\"Temps estimat de lectura\" \/>\n\t<meta name=\"twitter:data2\" content=\"1 minut\" \/>\n<script type=\"application\/ld+json\" class=\"yoast-schema-graph\">{\"@context\":\"https:\\\/\\\/schema.org\",\"@graph\":[{\"@type\":\"NewsArticle\",\"@id\":\"https:\\\/\\\/radiolitoral.com\\\/2023\\\/03\\\/el-ceip-el-carrascal-de-parcent-sera-anfitrion-de-la-trobada-multicultural\\\/#article\",\"isPartOf\":{\"@id\":\"https:\\\/\\\/radiolitoral.com\\\/2023\\\/03\\\/el-ceip-el-carrascal-de-parcent-sera-anfitrion-de-la-trobada-multicultural\\\/\"},\"author\":{\"name\":\"Redacci\u00f3n\",\"@id\":\"https:\\\/\\\/radiolitoral.com\\\/#\\\/schema\\\/person\\\/f2b2343c49b5d721857cc1002bfdb151\"},\"headline\":\"El CEIP El Carrascal de Parcent ser\u00e1 anfitri\u00f3n de la \u201cTrobada Multicultural\u201d\",\"datePublished\":\"2023-03-30T13:44:40+00:00\",\"dateModified\":\"2023-03-30T13:45:18+00:00\",\"mainEntityOfPage\":{\"@id\":\"https:\\\/\\\/radiolitoral.com\\\/2023\\\/03\\\/el-ceip-el-carrascal-de-parcent-sera-anfitrion-de-la-trobada-multicultural\\\/\"},\"wordCount\":142,\"commentCount\":0,\"publisher\":{\"@id\":\"https:\\\/\\\/radiolitoral.com\\\/#organization\"},\"image\":{\"@id\":\"https:\\\/\\\/radiolitoral.com\\\/2023\\\/03\\\/el-ceip-el-carrascal-de-parcent-sera-anfitrion-de-la-trobada-multicultural\\\/#primaryimage\"},\"thumbnailUrl\":\"https:\\\/\\\/media.radiolitoral.com\\\/wp-content\\\/uploads\\\/2023\\\/03\\\/30154345\\\/desc.jpg\",\"keywords\":[\"agenda cultural Marina Alta\",\"Parcent\",\"Trobada Multicultural\"],\"articleSection\":[\"Fiestas\"],\"inLanguage\":\"ca\",\"potentialAction\":[{\"@type\":\"CommentAction\",\"name\":\"Comment\",\"target\":[\"https:\\\/\\\/radiolitoral.com\\\/2023\\\/03\\\/el-ceip-el-carrascal-de-parcent-sera-anfitrion-de-la-trobada-multicultural\\\/#respond\"]}]},{\"@type\":[\"WebPage\",\"ItemPage\"],\"@id\":\"https:\\\/\\\/radiolitoral.com\\\/2023\\\/03\\\/el-ceip-el-carrascal-de-parcent-sera-anfitrion-de-la-trobada-multicultural\\\/\",\"url\":\"https:\\\/\\\/radiolitoral.com\\\/2023\\\/03\\\/el-ceip-el-carrascal-de-parcent-sera-anfitrion-de-la-trobada-multicultural\\\/\",\"name\":\"El CEIP El Carrascal de Parcent ser\u00e1 anfitri\u00f3n de la \u201cTrobada Multicultural\u201d | R\u00e0dio Litoral\",\"isPartOf\":{\"@id\":\"https:\\\/\\\/radiolitoral.com\\\/#website\"},\"primaryImageOfPage\":{\"@id\":\"https:\\\/\\\/radiolitoral.com\\\/2023\\\/03\\\/el-ceip-el-carrascal-de-parcent-sera-anfitrion-de-la-trobada-multicultural\\\/#primaryimage\"},\"image\":{\"@id\":\"https:\\\/\\\/radiolitoral.com\\\/2023\\\/03\\\/el-ceip-el-carrascal-de-parcent-sera-anfitrion-de-la-trobada-multicultural\\\/#primaryimage\"},\"thumbnailUrl\":\"https:\\\/\\\/media.radiolitoral.com\\\/wp-content\\\/uploads\\\/2023\\\/03\\\/30154345\\\/desc.jpg\",\"datePublished\":\"2023-03-30T13:44:40+00:00\",\"dateModified\":\"2023-03-30T13:45:18+00:00\",\"description\":\"Reunir\u00e1 a las escuelas de Benigembla, Murla, Senija, Tormos, La Vall de Gallinera-Benial\u00ed y La Vall de Laguar\",\"breadcrumb\":{\"@id\":\"https:\\\/\\\/radiolitoral.com\\\/2023\\\/03\\\/el-ceip-el-carrascal-de-parcent-sera-anfitrion-de-la-trobada-multicultural\\\/#breadcrumb\"},\"inLanguage\":\"ca\",\"potentialAction\":[{\"@type\":\"ReadAction\",\"target\":[\"https:\\\/\\\/radiolitoral.com\\\/2023\\\/03\\\/el-ceip-el-carrascal-de-parcent-sera-anfitrion-de-la-trobada-multicultural\\\/\"]}]},{\"@type\":\"ImageObject\",\"inLanguage\":\"ca\",\"@id\":\"https:\\\/\\\/radiolitoral.com\\\/2023\\\/03\\\/el-ceip-el-carrascal-de-parcent-sera-anfitrion-de-la-trobada-multicultural\\\/#primaryimage\",\"url\":\"https:\\\/\\\/media.radiolitoral.com\\\/wp-content\\\/uploads\\\/2023\\\/03\\\/30154345\\\/desc.jpg\",\"contentUrl\":\"https:\\\/\\\/media.radiolitoral.com\\\/wp-content\\\/uploads\\\/2023\\\/03\\\/30154345\\\/desc.jpg\",\"width\":1280,\"height\":720},{\"@type\":\"BreadcrumbList\",\"@id\":\"https:\\\/\\\/radiolitoral.com\\\/2023\\\/03\\\/el-ceip-el-carrascal-de-parcent-sera-anfitrion-de-la-trobada-multicultural\\\/#breadcrumb\",\"itemListElement\":[{\"@type\":\"ListItem\",\"position\":1,\"name\":\"Portada\",\"item\":\"https:\\\/\\\/radiolitoral.com\\\/\"},{\"@type\":\"ListItem\",\"position\":2,\"name\":\"El CEIP El Carrascal de Parcent ser\u00e1 anfitri\u00f3n de la \u201cTrobada Multicultural\u201d\"}]},{\"@type\":\"WebSite\",\"@id\":\"https:\\\/\\\/radiolitoral.com\\\/#website\",\"url\":\"https:\\\/\\\/radiolitoral.com\\\/\",\"name\":\"Radio Litoral\",\"description\":\"La radio local de la Marina Alta\",\"publisher\":{\"@id\":\"https:\\\/\\\/radiolitoral.com\\\/#organization\"},\"alternateName\":\"Litoral FM\",\"potentialAction\":[{\"@type\":\"SearchAction\",\"target\":{\"@type\":\"EntryPoint\",\"urlTemplate\":\"https:\\\/\\\/radiolitoral.com\\\/?s={search_term_string}\"},\"query-input\":{\"@type\":\"PropertyValueSpecification\",\"valueRequired\":true,\"valueName\":\"search_term_string\"}}],\"inLanguage\":\"ca\"},{\"@type\":\"Organization\",\"@id\":\"https:\\\/\\\/radiolitoral.com\\\/#organization\",\"name\":\"Radio Litoral\",\"url\":\"https:\\\/\\\/radiolitoral.com\\\/\",\"logo\":{\"@type\":\"ImageObject\",\"inLanguage\":\"ca\",\"@id\":\"https:\\\/\\\/radiolitoral.com\\\/#\\\/schema\\\/logo\\\/image\\\/\",\"url\":\"https:\\\/\\\/media.radiolitoral.com\\\/wp-content\\\/uploads\\\/2023\\\/02\\\/24143238\\\/CL-V-RadioLitoral696.png\",\"contentUrl\":\"https:\\\/\\\/media.radiolitoral.com\\\/wp-content\\\/uploads\\\/2023\\\/02\\\/24143238\\\/CL-V-RadioLitoral696.png\",\"width\":696,\"height\":696,\"caption\":\"Radio Litoral\"},\"image\":{\"@id\":\"https:\\\/\\\/radiolitoral.com\\\/#\\\/schema\\\/logo\\\/image\\\/\"},\"sameAs\":[\"https:\\\/\\\/www.facebook.com\\\/Laradiolitoral\\\/\"]},{\"@type\":\"Person\",\"@id\":\"https:\\\/\\\/radiolitoral.com\\\/#\\\/schema\\\/person\\\/f2b2343c49b5d721857cc1002bfdb151\",\"name\":\"Redacci\u00f3n\",\"image\":{\"@type\":\"ImageObject\",\"inLanguage\":\"ca\",\"@id\":\"https:\\\/\\\/secure.gravatar.com\\\/avatar\\\/f771d896c203ad8b3382d7905cfcce5a5c9b008b84b3cd9114e9b9f4cb63f789?s=96&d=mm&r=g\",\"url\":\"https:\\\/\\\/secure.gravatar.com\\\/avatar\\\/f771d896c203ad8b3382d7905cfcce5a5c9b008b84b3cd9114e9b9f4cb63f789?s=96&d=mm&r=g\",\"contentUrl\":\"https:\\\/\\\/secure.gravatar.com\\\/avatar\\\/f771d896c203ad8b3382d7905cfcce5a5c9b008b84b3cd9114e9b9f4cb63f789?s=96&d=mm&r=g\",\"caption\":\"Redacci\u00f3n\"},\"url\":\"https:\\\/\\\/radiolitoral.com\\\/ca\\\/author\\\/miriam-pagan\\\/\"}]}<\/script>\n<!-- \/ Yoast SEO plugin. -->","yoast_head_json":{"title":"El CEIP El Carrascar de Parcent ser\u00e0 amfitri\u00f3 de la \u201cTrobada Multicultural\u201d | R\u00e0dio Litoral","description":"Reunir\u00e0 a les escoles de Benigembla, Murla, Senija, Tormos, La Vall de Gallinera-Benial\u00ed i La Vall de Laguar","robots":{"index":"index","follow":"follow","max-snippet":"max-snippet:-1","max-image-preview":"max-image-preview:large","max-video-preview":"max-video-preview:-1"},"canonical":"https:\/\/radiolitoral.com\/ca\/2023\/03\/el-ceip-el-carrascar-de-parcent-sera-amfitrio-de-la-trobada-multicultural\/","og_locale":"ca_ES","og_type":"article","og_title":"El CEIP El Carrascal de Parcent ser\u00e1 anfitri\u00f3n de la \u201cTrobada Multicultural\u201d | R\u00e0dio Litoral","og_description":"Reunir\u00e1 a las escuelas de Benigembla, Murla, Senija, Tormos, La Vall de Gallinera-Benial\u00ed y La Vall de Laguar","og_url":"https:\/\/radiolitoral.com\/ca\/2023\/03\/el-ceip-el-carrascar-de-parcent-sera-amfitrio-de-la-trobada-multicultural\/","og_site_name":"R\u00e0dio Litoral","article_publisher":"https:\/\/www.facebook.com\/Laradiolitoral\/","article_published_time":"2023-03-30T13:44:40+00:00","article_modified_time":"2023-03-30T13:45:18+00:00","og_image":[{"width":1280,"height":720,"url":"https:\/\/media.radiolitoral.com\/wp-content\/uploads\/2023\/03\/30154345\/desc.jpg","type":"image\/jpeg"}],"author":"Redacci\u00f3n","twitter_card":"summary_large_image","twitter_misc":{"Escrit per":"Redacci\u00f3n","Temps estimat de lectura":"1 minut"},"schema":{"@context":"https:\/\/schema.org","@graph":[{"@type":"NewsArticle","@id":"https:\/\/radiolitoral.com\/2023\/03\/el-ceip-el-carrascal-de-parcent-sera-anfitrion-de-la-trobada-multicultural\/#article","isPartOf":{"@id":"https:\/\/radiolitoral.com\/2023\/03\/el-ceip-el-carrascal-de-parcent-sera-anfitrion-de-la-trobada-multicultural\/"},"author":{"name":"Redacci\u00f3n","@id":"https:\/\/radiolitoral.com\/#\/schema\/person\/f2b2343c49b5d721857cc1002bfdb151"},"headline":"El CEIP El Carrascal de Parcent ser\u00e1 anfitri\u00f3n de la \u201cTrobada Multicultural\u201d","datePublished":"2023-03-30T13:44:40+00:00","dateModified":"2023-03-30T13:45:18+00:00","mainEntityOfPage":{"@id":"https:\/\/radiolitoral.com\/2023\/03\/el-ceip-el-carrascal-de-parcent-sera-anfitrion-de-la-trobada-multicultural\/"},"wordCount":142,"commentCount":0,"publisher":{"@id":"https:\/\/radiolitoral.com\/#organization"},"image":{"@id":"https:\/\/radiolitoral.com\/2023\/03\/el-ceip-el-carrascal-de-parcent-sera-anfitrion-de-la-trobada-multicultural\/#primaryimage"},"thumbnailUrl":"https:\/\/media.radiolitoral.com\/wp-content\/uploads\/2023\/03\/30154345\/desc.jpg","keywords":["agenda cultural Marina Alta","Parcent","Trobada Multicultural"],"articleSection":["Fiestas"],"inLanguage":"ca","potentialAction":[{"@type":"CommentAction","name":"Comment","target":["https:\/\/radiolitoral.com\/2023\/03\/el-ceip-el-carrascal-de-parcent-sera-anfitrion-de-la-trobada-multicultural\/#respond"]}]},{"@type":["WebPage","ItemPage"],"@id":"https:\/\/radiolitoral.com\/2023\/03\/el-ceip-el-carrascal-de-parcent-sera-anfitrion-de-la-trobada-multicultural\/","url":"https:\/\/radiolitoral.com\/2023\/03\/el-ceip-el-carrascal-de-parcent-sera-anfitrion-de-la-trobada-multicultural\/","name":"El CEIP El Carrascar de Parcent ser\u00e0 amfitri\u00f3 de la \u201cTrobada Multicultural\u201d | R\u00e0dio Litoral","isPartOf":{"@id":"https:\/\/radiolitoral.com\/#website"},"primaryImageOfPage":{"@id":"https:\/\/radiolitoral.com\/2023\/03\/el-ceip-el-carrascal-de-parcent-sera-anfitrion-de-la-trobada-multicultural\/#primaryimage"},"image":{"@id":"https:\/\/radiolitoral.com\/2023\/03\/el-ceip-el-carrascal-de-parcent-sera-anfitrion-de-la-trobada-multicultural\/#primaryimage"},"thumbnailUrl":"https:\/\/media.radiolitoral.com\/wp-content\/uploads\/2023\/03\/30154345\/desc.jpg","datePublished":"2023-03-30T13:44:40+00:00","dateModified":"2023-03-30T13:45:18+00:00","description":"Reunir\u00e0 a les escoles de Benigembla, Murla, Senija, Tormos, La Vall de Gallinera-Benial\u00ed i La Vall de Laguar","breadcrumb":{"@id":"https:\/\/radiolitoral.com\/2023\/03\/el-ceip-el-carrascal-de-parcent-sera-anfitrion-de-la-trobada-multicultural\/#breadcrumb"},"inLanguage":"ca","potentialAction":[{"@type":"ReadAction","target":["https:\/\/radiolitoral.com\/2023\/03\/el-ceip-el-carrascal-de-parcent-sera-anfitrion-de-la-trobada-multicultural\/"]}]},{"@type":"ImageObject","inLanguage":"ca","@id":"https:\/\/radiolitoral.com\/2023\/03\/el-ceip-el-carrascal-de-parcent-sera-anfitrion-de-la-trobada-multicultural\/#primaryimage","url":"https:\/\/media.radiolitoral.com\/wp-content\/uploads\/2023\/03\/30154345\/desc.jpg","contentUrl":"https:\/\/media.radiolitoral.com\/wp-content\/uploads\/2023\/03\/30154345\/desc.jpg","width":1280,"height":720},{"@type":"BreadcrumbList","@id":"https:\/\/radiolitoral.com\/2023\/03\/el-ceip-el-carrascal-de-parcent-sera-anfitrion-de-la-trobada-multicultural\/#breadcrumb","itemListElement":[{"@type":"ListItem","position":1,"name":"Portada","item":"https:\/\/radiolitoral.com\/"},{"@type":"ListItem","position":2,"name":"El CEIP El Carrascal de Parcent ser\u00e1 anfitri\u00f3n de la \u201cTrobada Multicultural\u201d"}]},{"@type":"WebSite","@id":"https:\/\/radiolitoral.com\/#website","url":"https:\/\/radiolitoral.com\/","name":"R\u00e0dio Litoral","description":"La r\u00e0dio local de la Marina Alta","publisher":{"@id":"https:\/\/radiolitoral.com\/#organization"},"alternateName":"Litoral FM","potentialAction":[{"@type":"SearchAction","target":{"@type":"EntryPoint","urlTemplate":"https:\/\/radiolitoral.com\/?s={search_term_string}"},"query-input":{"@type":"PropertyValueSpecification","valueRequired":true,"valueName":"search_term_string"}}],"inLanguage":"ca"},{"@type":"Organization","@id":"https:\/\/radiolitoral.com\/#organization","name":"R\u00e0dio Litoral","url":"https:\/\/radiolitoral.com\/","logo":{"@type":"ImageObject","inLanguage":"ca","@id":"https:\/\/radiolitoral.com\/#\/schema\/logo\/image\/","url":"https:\/\/media.radiolitoral.com\/wp-content\/uploads\/2023\/02\/24143238\/CL-V-RadioLitoral696.png","contentUrl":"https:\/\/media.radiolitoral.com\/wp-content\/uploads\/2023\/02\/24143238\/CL-V-RadioLitoral696.png","width":696,"height":696,"caption":"Radio Litoral"},"image":{"@id":"https:\/\/radiolitoral.com\/#\/schema\/logo\/image\/"},"sameAs":["https:\/\/www.facebook.com\/Laradiolitoral\/"]},{"@type":"Person","@id":"https:\/\/radiolitoral.com\/#\/schema\/person\/f2b2343c49b5d721857cc1002bfdb151","name":"Redacci\u00f3","image":{"@type":"ImageObject","inLanguage":"ca","@id":"https:\/\/secure.gravatar.com\/avatar\/f771d896c203ad8b3382d7905cfcce5a5c9b008b84b3cd9114e9b9f4cb63f789?s=96&d=mm&r=g","url":"https:\/\/secure.gravatar.com\/avatar\/f771d896c203ad8b3382d7905cfcce5a5c9b008b84b3cd9114e9b9f4cb63f789?s=96&d=mm&r=g","contentUrl":"https:\/\/secure.gravatar.com\/avatar\/f771d896c203ad8b3382d7905cfcce5a5c9b008b84b3cd9114e9b9f4cb63f789?s=96&d=mm&r=g","caption":"Redacci\u00f3n"},"url":"https:\/\/radiolitoral.com\/ca\/author\/miriam-pagan\/"}]}},"_links":{"self":[{"href":"https:\/\/radiolitoral.com\/ca\/wp-json\/wp\/v2\/posts\/1840","targetHints":{"allow":["GET"]}}],"collection":[{"href":"https:\/\/radiolitoral.com\/ca\/wp-json\/wp\/v2\/posts"}],"about":[{"href":"https:\/\/radiolitoral.com\/ca\/wp-json\/wp\/v2\/types\/post"}],"author":[{"embeddable":true,"href":"https:\/\/radiolitoral.com\/ca\/wp-json\/wp\/v2\/users\/13"}],"replies":[{"embeddable":true,"href":"https:\/\/radiolitoral.com\/ca\/wp-json\/wp\/v2\/comments?post=1840"}],"version-history":[{"count":1,"href":"https:\/\/radiolitoral.com\/ca\/wp-json\/wp\/v2\/posts\/1840\/revisions"}],"predecessor-version":[{"id":1843,"href":"https:\/\/radiolitoral.com\/ca\/wp-json\/wp\/v2\/posts\/1840\/revisions\/1843"}],"wp:featuredmedia":[{"embeddable":true,"href":"https:\/\/radiolitoral.com\/ca\/wp-json\/wp\/v2\/media\/1842"}],"wp:attachment":[{"href":"https:\/\/radiolitoral.com\/ca\/wp-json\/wp\/v2\/media?parent=1840"}],"wp:term":[{"taxonomy":"category","embeddable":true,"href":"https:\/\/radiolitoral.com\/ca\/wp-json\/wp\/v2\/categories?post=1840"},{"taxonomy":"post_tag","embeddable":true,"href":"https:\/\/radiolitoral.com\/ca\/wp-json\/wp\/v2\/tags?post=1840"}],"curies":[{"name":"wp","href":"https:\/\/api.w.org\/{rel}","templated":true}]}}