{"id":18379,"date":"2025-08-29T10:18:58","date_gmt":"2025-08-29T08:18:58","guid":{"rendered":"https:\/\/radiolitoral.com\/?p=18379"},"modified":"2025-08-29T10:19:44","modified_gmt":"2025-08-29T08:19:44","slug":"juan-jose-reus-aquesta-fira-te-un-encant-especial-ja-que-fem-participar-els-que-ens-visiten","status":"publish","type":"post","link":"https:\/\/radiolitoral.com\/ca\/2025\/08\/juan-jose-reus-esta-feria-tiene-un-encanto-especial-ya-que-hacemos-participar-a-los-que-nos-visitan\/","title":{"rendered":"Juan Jos\u00e9 Reus: \u201cAquesta fira t\u00e9 un encant especial ja que fem participar els que ens visiten\u201d"},"content":{"rendered":"<p>Al primer Caf\u00e8 de <em>R\u00e0dio Litoral<\/em>, hem comptat amb la pres\u00e8ncia de l&#039;alcalde de Ll\u00edber, <strong>Juan Jos\u00e9 Reus<\/strong>, i el regidor de festes, <strong>Daniel Paniego<\/strong>, els qui ens han avan\u00e7at tots els detalls d&#039;una de les cites m\u00e9s esperades a la Marina Alta: la <strong>Fira del Llaurador i l&#039;Escald\u00e0 de la Pansa<\/strong>, que se celebrar\u00e0 els propers <strong>30 i 31 d&#039;agost del 2025<\/strong>.<\/p>\n<p>Aquesta fira, que se celebra des del 2017 ja ha esdevingut un referent cultural i etnol\u00f2gic de la comarca, ret homenatge al <strong>ofici agr\u00edcola<\/strong> ia una de les tradicions m\u00e9s arrelades del territori: la <strong>transformaci\u00f3 del ra\u00efm moscatell en passa<\/strong> mitjan\u00e7ant la t\u00e8cnica ancestral de la <em>escald\u00e0<\/em>. Durant l&#039;esdeveniment, els visitants no nom\u00e9s podran observar el proc\u00e9s, sin\u00f3 tamb\u00e9 <strong>participar activament<\/strong>, tal com ha destacat l&#039;alcalde Reus: <em>\u201cAquesta fira t\u00e9 un encant especial ja que fem participar els que ens visiten\u201d<\/em>.<\/p>\n<p>A m\u00e9s de les demostracions agr\u00edcoles, la fira comptar\u00e0 amb m\u00fasica en directe, gastronomia local, tallers, exposicions i activitats per a totes les edats. El regidor Paniego ha subratllat l\u02bbesfor\u00e7 de l\u02bbajuntament per mantenir viva aquesta tradici\u00f3 i convertir-la en una experi\u00e8ncia educativa i festiva per a ve\u00efns i turistes.<\/p>\n<p>Ll\u00edber es prepara aix\u00ed per obrir les portes i compartir amb orgull la seva hist\u00f2ria, la seva cultura i el sabor de la passa moscatell, en un cap de setmana que promet ser inoblidable.<\/p>\n<audio class=\"wp-audio-shortcode\" id=\"audio-18379-1\" preload=\"none\" style=\"width: 100%;\" controls=\"controls\"><source type=\"audio\/mpeg\" src=\"https:\/\/media.radiolitoral.com\/wp-content\/uploads\/2025\/08\/29101548\/CAFE_mezcla-12.mp3?_=1\" \/><a href=\"https:\/\/media.radiolitoral.com\/wp-content\/uploads\/2025\/08\/29101548\/CAFE_mezcla-12.mp3\">https:\/\/media.radiolitoral.com\/wp-content\/uploads\/2025\/08\/29101548\/CAFE_mezcla-12.mp3<\/a><\/audio>","protected":false},"excerpt":{"rendered":"<p>En el primer Caf\u00e9 de Radio Litoral, hemos contado con la presencia del alcalde de Ll\u00edber, Juan Jos\u00e9 Reus, y el concejal de fiestas, Daniel Paniego, quienes nos han adelantado todos los detalles de una de las citas m\u00e1s esperadas en la Marina Alta: la Fira del Llaurador i l\u2019Escald\u00e0 de la Pansa, que se [&#8230;]<\/p>\n<p><a class=\"btn btn-secondary understrap-read-more-link\" href=\"https:\/\/radiolitoral.com\/ca\/2025\/08\/juan-jose-reus-esta-feria-tiene-un-encanto-especial-ya-que-hacemos-participar-a-los-que-nos-visitan\/\">Continua llegint&#8230;<span class=\"screen-reader-text\"> from Juan Jos\u00e9 Reus: \u201cEsta feria tiene un encanto especial ya que hacemos participar a los que nos visitan\u201d<\/span><\/a><\/p>\n","protected":false},"author":13,"featured_media":18382,"comment_status":"open","ping_status":"closed","sticky":false,"template":"","format":"standard","meta":{"_acf_changed":false,"inline_featured_image":false,"footnotes":""},"categories":[55,2753],"tags":[4892,2277,314,4877,4891,2488],"class_list":["post-18379","post","type-post","status-publish","format-standard","has-post-thumbnail","hentry","category-cultura","category-entrevistas","tag-juan-jose-reus","tag-lliber","tag-marina-alta","tag-moscatel","tag-pasa","tag-tradiciones","cobertura-lliber"],"acf":[],"yoast_head":"<!-- This site is optimized with the Yoast SEO plugin v27.5 - https:\/\/yoast.com\/product\/yoast-seo-wordpress\/ -->\n<title>Juan Jos\u00e9 Reus: \u201cEsta feria tiene un encanto especial ya que hacemos participar a los que nos visitan\u201d | R\u00e0dio Litoral<\/title>\n<meta name=\"description\" content=\"Esta feria rinde homenaje al oficio agr\u00edcola y a una de las tradiciones m\u00e1s arraigadas del territorio: la transformaci\u00f3n de la uva moscatel Esta feria rinde homenaje al oficio agr\u00edcola y a una de las tradiciones m\u00e1s arraigadas del territorio: la transformaci\u00f3n de la uva moscatel\" \/>\n<meta name=\"robots\" content=\"index, follow, max-snippet:-1, max-image-preview:large, max-video-preview:-1\" \/>\n<link rel=\"canonical\" href=\"https:\/\/radiolitoral.com\/ca\/2025\/08\/juan-jose-reus-aquesta-fira-te-un-encant-especial-ja-que-fem-participar-els-que-ens-visiten\/\" \/>\n<meta property=\"og:locale\" content=\"ca_ES\" \/>\n<meta property=\"og:type\" content=\"article\" \/>\n<meta property=\"og:title\" content=\"Juan Jos\u00e9 Reus: \u201cEsta feria tiene un encanto especial ya que hacemos participar a los que nos visitan\u201d | R\u00e0dio Litoral\" \/>\n<meta property=\"og:description\" content=\"Esta feria rinde homenaje al oficio agr\u00edcola y a una de las tradiciones m\u00e1s arraigadas del territorio: la transformaci\u00f3n de la uva moscatel Esta feria rinde homenaje al oficio agr\u00edcola y a una de las tradiciones m\u00e1s arraigadas del territorio: la transformaci\u00f3n de la uva moscatel\" \/>\n<meta property=\"og:url\" content=\"https:\/\/radiolitoral.com\/ca\/2025\/08\/juan-jose-reus-aquesta-fira-te-un-encant-especial-ja-que-fem-participar-els-que-ens-visiten\/\" \/>\n<meta property=\"og:site_name\" content=\"R\u00e0dio Litoral\" \/>\n<meta property=\"article:publisher\" content=\"https:\/\/www.facebook.com\/Laradiolitoral\/\" \/>\n<meta property=\"article:published_time\" content=\"2025-08-29T08:18:58+00:00\" \/>\n<meta property=\"article:modified_time\" content=\"2025-08-29T08:19:44+00:00\" \/>\n<meta property=\"og:image\" content=\"https:\/\/media.radiolitoral.com\/wp-content\/uploads\/2025\/08\/29101839\/IMG_0376-scaled.jpg\" \/>\n\t<meta property=\"og:image:width\" content=\"2560\" \/>\n\t<meta property=\"og:image:height\" content=\"1920\" \/>\n\t<meta property=\"og:image:type\" content=\"image\/jpeg\" \/>\n<meta name=\"author\" content=\"Redacci\u00f3n\" \/>\n<meta name=\"twitter:card\" content=\"summary_large_image\" \/>\n<meta name=\"twitter:label1\" content=\"Escrit per\" \/>\n\t<meta name=\"twitter:data1\" content=\"Redacci\u00f3n\" \/>\n\t<meta name=\"twitter:label2\" content=\"Temps estimat de lectura\" \/>\n\t<meta name=\"twitter:data2\" content=\"2 minuts\" \/>\n<script type=\"application\/ld+json\" class=\"yoast-schema-graph\">{\"@context\":\"https:\\\/\\\/schema.org\",\"@graph\":[{\"@type\":\"NewsArticle\",\"@id\":\"https:\\\/\\\/radiolitoral.com\\\/2025\\\/08\\\/juan-jose-reus-esta-feria-tiene-un-encanto-especial-ya-que-hacemos-participar-a-los-que-nos-visitan\\\/#article\",\"isPartOf\":{\"@id\":\"https:\\\/\\\/radiolitoral.com\\\/2025\\\/08\\\/juan-jose-reus-esta-feria-tiene-un-encanto-especial-ya-que-hacemos-participar-a-los-que-nos-visitan\\\/\"},\"author\":{\"name\":\"Redacci\u00f3n\",\"@id\":\"https:\\\/\\\/radiolitoral.com\\\/#\\\/schema\\\/person\\\/f2b2343c49b5d721857cc1002bfdb151\"},\"headline\":\"Juan Jos\u00e9 Reus: \u201cEsta feria tiene un encanto especial ya que hacemos participar a los que nos visitan\u201d\",\"datePublished\":\"2025-08-29T08:18:58+00:00\",\"dateModified\":\"2025-08-29T08:19:44+00:00\",\"mainEntityOfPage\":{\"@id\":\"https:\\\/\\\/radiolitoral.com\\\/2025\\\/08\\\/juan-jose-reus-esta-feria-tiene-un-encanto-especial-ya-que-hacemos-participar-a-los-que-nos-visitan\\\/\"},\"wordCount\":275,\"commentCount\":0,\"publisher\":{\"@id\":\"https:\\\/\\\/radiolitoral.com\\\/#organization\"},\"image\":{\"@id\":\"https:\\\/\\\/radiolitoral.com\\\/2025\\\/08\\\/juan-jose-reus-esta-feria-tiene-un-encanto-especial-ya-que-hacemos-participar-a-los-que-nos-visitan\\\/#primaryimage\"},\"thumbnailUrl\":\"https:\\\/\\\/media.radiolitoral.com\\\/wp-content\\\/uploads\\\/2025\\\/08\\\/29101839\\\/IMG_0376-scaled.jpg\",\"keywords\":[\"Juan Jos\u00e9 Reus\",\"Lliber\",\"Marina Alta\",\"moscatel\",\"pasa\",\"Tradiciones\"],\"articleSection\":[\"Cultura\",\"Entrevistas\"],\"inLanguage\":\"ca\",\"potentialAction\":[{\"@type\":\"CommentAction\",\"name\":\"Comment\",\"target\":[\"https:\\\/\\\/radiolitoral.com\\\/2025\\\/08\\\/juan-jose-reus-esta-feria-tiene-un-encanto-especial-ya-que-hacemos-participar-a-los-que-nos-visitan\\\/#respond\"]}]},{\"@type\":[\"WebPage\",\"ItemPage\"],\"@id\":\"https:\\\/\\\/radiolitoral.com\\\/2025\\\/08\\\/juan-jose-reus-esta-feria-tiene-un-encanto-especial-ya-que-hacemos-participar-a-los-que-nos-visitan\\\/\",\"url\":\"https:\\\/\\\/radiolitoral.com\\\/2025\\\/08\\\/juan-jose-reus-esta-feria-tiene-un-encanto-especial-ya-que-hacemos-participar-a-los-que-nos-visitan\\\/\",\"name\":\"Juan Jos\u00e9 Reus: \u201cEsta feria tiene un encanto especial ya que hacemos participar a los que nos visitan\u201d | R\u00e0dio Litoral\",\"isPartOf\":{\"@id\":\"https:\\\/\\\/radiolitoral.com\\\/#website\"},\"primaryImageOfPage\":{\"@id\":\"https:\\\/\\\/radiolitoral.com\\\/2025\\\/08\\\/juan-jose-reus-esta-feria-tiene-un-encanto-especial-ya-que-hacemos-participar-a-los-que-nos-visitan\\\/#primaryimage\"},\"image\":{\"@id\":\"https:\\\/\\\/radiolitoral.com\\\/2025\\\/08\\\/juan-jose-reus-esta-feria-tiene-un-encanto-especial-ya-que-hacemos-participar-a-los-que-nos-visitan\\\/#primaryimage\"},\"thumbnailUrl\":\"https:\\\/\\\/media.radiolitoral.com\\\/wp-content\\\/uploads\\\/2025\\\/08\\\/29101839\\\/IMG_0376-scaled.jpg\",\"datePublished\":\"2025-08-29T08:18:58+00:00\",\"dateModified\":\"2025-08-29T08:19:44+00:00\",\"description\":\"Esta feria rinde homenaje al oficio agr\u00edcola y a una de las tradiciones m\u00e1s arraigadas del territorio: la transformaci\u00f3n de la uva moscatel Esta feria rinde homenaje al oficio agr\u00edcola y a una de las tradiciones m\u00e1s arraigadas del territorio: la transformaci\u00f3n de la uva moscatel\",\"breadcrumb\":{\"@id\":\"https:\\\/\\\/radiolitoral.com\\\/2025\\\/08\\\/juan-jose-reus-esta-feria-tiene-un-encanto-especial-ya-que-hacemos-participar-a-los-que-nos-visitan\\\/#breadcrumb\"},\"inLanguage\":\"ca\",\"potentialAction\":[{\"@type\":\"ReadAction\",\"target\":[\"https:\\\/\\\/radiolitoral.com\\\/2025\\\/08\\\/juan-jose-reus-esta-feria-tiene-un-encanto-especial-ya-que-hacemos-participar-a-los-que-nos-visitan\\\/\"]}]},{\"@type\":\"ImageObject\",\"inLanguage\":\"ca\",\"@id\":\"https:\\\/\\\/radiolitoral.com\\\/2025\\\/08\\\/juan-jose-reus-esta-feria-tiene-un-encanto-especial-ya-que-hacemos-participar-a-los-que-nos-visitan\\\/#primaryimage\",\"url\":\"https:\\\/\\\/media.radiolitoral.com\\\/wp-content\\\/uploads\\\/2025\\\/08\\\/29101839\\\/IMG_0376-scaled.jpg\",\"contentUrl\":\"https:\\\/\\\/media.radiolitoral.com\\\/wp-content\\\/uploads\\\/2025\\\/08\\\/29101839\\\/IMG_0376-scaled.jpg\",\"width\":2560,\"height\":1920},{\"@type\":\"BreadcrumbList\",\"@id\":\"https:\\\/\\\/radiolitoral.com\\\/2025\\\/08\\\/juan-jose-reus-esta-feria-tiene-un-encanto-especial-ya-que-hacemos-participar-a-los-que-nos-visitan\\\/#breadcrumb\",\"itemListElement\":[{\"@type\":\"ListItem\",\"position\":1,\"name\":\"Portada\",\"item\":\"https:\\\/\\\/radiolitoral.com\\\/\"},{\"@type\":\"ListItem\",\"position\":2,\"name\":\"Juan Jos\u00e9 Reus: \u201cEsta feria tiene un encanto especial ya que hacemos participar a los que nos visitan\u201d\"}]},{\"@type\":\"WebSite\",\"@id\":\"https:\\\/\\\/radiolitoral.com\\\/#website\",\"url\":\"https:\\\/\\\/radiolitoral.com\\\/\",\"name\":\"Radio Litoral\",\"description\":\"La radio local de la Marina Alta\",\"publisher\":{\"@id\":\"https:\\\/\\\/radiolitoral.com\\\/#organization\"},\"alternateName\":\"Litoral FM\",\"potentialAction\":[{\"@type\":\"SearchAction\",\"target\":{\"@type\":\"EntryPoint\",\"urlTemplate\":\"https:\\\/\\\/radiolitoral.com\\\/?s={search_term_string}\"},\"query-input\":{\"@type\":\"PropertyValueSpecification\",\"valueRequired\":true,\"valueName\":\"search_term_string\"}}],\"inLanguage\":\"ca\"},{\"@type\":\"Organization\",\"@id\":\"https:\\\/\\\/radiolitoral.com\\\/#organization\",\"name\":\"Radio Litoral\",\"url\":\"https:\\\/\\\/radiolitoral.com\\\/\",\"logo\":{\"@type\":\"ImageObject\",\"inLanguage\":\"ca\",\"@id\":\"https:\\\/\\\/radiolitoral.com\\\/#\\\/schema\\\/logo\\\/image\\\/\",\"url\":\"https:\\\/\\\/media.radiolitoral.com\\\/wp-content\\\/uploads\\\/2023\\\/02\\\/24143238\\\/CL-V-RadioLitoral696.png\",\"contentUrl\":\"https:\\\/\\\/media.radiolitoral.com\\\/wp-content\\\/uploads\\\/2023\\\/02\\\/24143238\\\/CL-V-RadioLitoral696.png\",\"width\":696,\"height\":696,\"caption\":\"Radio Litoral\"},\"image\":{\"@id\":\"https:\\\/\\\/radiolitoral.com\\\/#\\\/schema\\\/logo\\\/image\\\/\"},\"sameAs\":[\"https:\\\/\\\/www.facebook.com\\\/Laradiolitoral\\\/\"]},{\"@type\":\"Person\",\"@id\":\"https:\\\/\\\/radiolitoral.com\\\/#\\\/schema\\\/person\\\/f2b2343c49b5d721857cc1002bfdb151\",\"name\":\"Redacci\u00f3n\",\"image\":{\"@type\":\"ImageObject\",\"inLanguage\":\"ca\",\"@id\":\"https:\\\/\\\/secure.gravatar.com\\\/avatar\\\/f771d896c203ad8b3382d7905cfcce5a5c9b008b84b3cd9114e9b9f4cb63f789?s=96&d=mm&r=g\",\"url\":\"https:\\\/\\\/secure.gravatar.com\\\/avatar\\\/f771d896c203ad8b3382d7905cfcce5a5c9b008b84b3cd9114e9b9f4cb63f789?s=96&d=mm&r=g\",\"contentUrl\":\"https:\\\/\\\/secure.gravatar.com\\\/avatar\\\/f771d896c203ad8b3382d7905cfcce5a5c9b008b84b3cd9114e9b9f4cb63f789?s=96&d=mm&r=g\",\"caption\":\"Redacci\u00f3n\"},\"url\":\"https:\\\/\\\/radiolitoral.com\\\/ca\\\/author\\\/miriam-pagan\\\/\"}]}<\/script>\n<!-- \/ Yoast SEO plugin. -->","yoast_head_json":{"title":"Juan Jos\u00e9 Reus: \u201cAquesta fira t\u00e9 un encant especial ja que fem participar els que ens visiten\u201d | R\u00e0dio Litoral","description":"Aquesta fira ret homenatge a l&#039;ofici agr\u00edcola ia una de les tradicions m\u00e9s arrelades del territori: la transformaci\u00f3 del ra\u00efm moscatell Aquesta fira ret homenatge a l&#039;ofici agr\u00edcola ia una de les tradicions m\u00e9s arrelades del territori: la transformaci\u00f3 del ra\u00efm moscatell","robots":{"index":"index","follow":"follow","max-snippet":"max-snippet:-1","max-image-preview":"max-image-preview:large","max-video-preview":"max-video-preview:-1"},"canonical":"https:\/\/radiolitoral.com\/ca\/2025\/08\/juan-jose-reus-aquesta-fira-te-un-encant-especial-ja-que-fem-participar-els-que-ens-visiten\/","og_locale":"ca_ES","og_type":"article","og_title":"Juan Jos\u00e9 Reus: \u201cEsta feria tiene un encanto especial ya que hacemos participar a los que nos visitan\u201d | R\u00e0dio Litoral","og_description":"Esta feria rinde homenaje al oficio agr\u00edcola y a una de las tradiciones m\u00e1s arraigadas del territorio: la transformaci\u00f3n de la uva moscatel Esta feria rinde homenaje al oficio agr\u00edcola y a una de las tradiciones m\u00e1s arraigadas del territorio: la transformaci\u00f3n de la uva moscatel","og_url":"https:\/\/radiolitoral.com\/ca\/2025\/08\/juan-jose-reus-aquesta-fira-te-un-encant-especial-ja-que-fem-participar-els-que-ens-visiten\/","og_site_name":"R\u00e0dio Litoral","article_publisher":"https:\/\/www.facebook.com\/Laradiolitoral\/","article_published_time":"2025-08-29T08:18:58+00:00","article_modified_time":"2025-08-29T08:19:44+00:00","og_image":[{"width":2560,"height":1920,"url":"https:\/\/media.radiolitoral.com\/wp-content\/uploads\/2025\/08\/29101839\/IMG_0376-scaled.jpg","type":"image\/jpeg"}],"author":"Redacci\u00f3n","twitter_card":"summary_large_image","twitter_misc":{"Escrit per":"Redacci\u00f3n","Temps estimat de lectura":"2 minuts"},"schema":{"@context":"https:\/\/schema.org","@graph":[{"@type":"NewsArticle","@id":"https:\/\/radiolitoral.com\/2025\/08\/juan-jose-reus-esta-feria-tiene-un-encanto-especial-ya-que-hacemos-participar-a-los-que-nos-visitan\/#article","isPartOf":{"@id":"https:\/\/radiolitoral.com\/2025\/08\/juan-jose-reus-esta-feria-tiene-un-encanto-especial-ya-que-hacemos-participar-a-los-que-nos-visitan\/"},"author":{"name":"Redacci\u00f3n","@id":"https:\/\/radiolitoral.com\/#\/schema\/person\/f2b2343c49b5d721857cc1002bfdb151"},"headline":"Juan Jos\u00e9 Reus: \u201cEsta feria tiene un encanto especial ya que hacemos participar a los que nos visitan\u201d","datePublished":"2025-08-29T08:18:58+00:00","dateModified":"2025-08-29T08:19:44+00:00","mainEntityOfPage":{"@id":"https:\/\/radiolitoral.com\/2025\/08\/juan-jose-reus-esta-feria-tiene-un-encanto-especial-ya-que-hacemos-participar-a-los-que-nos-visitan\/"},"wordCount":275,"commentCount":0,"publisher":{"@id":"https:\/\/radiolitoral.com\/#organization"},"image":{"@id":"https:\/\/radiolitoral.com\/2025\/08\/juan-jose-reus-esta-feria-tiene-un-encanto-especial-ya-que-hacemos-participar-a-los-que-nos-visitan\/#primaryimage"},"thumbnailUrl":"https:\/\/media.radiolitoral.com\/wp-content\/uploads\/2025\/08\/29101839\/IMG_0376-scaled.jpg","keywords":["Juan Jos\u00e9 Reus","Lliber","Marina Alta","moscatel","pasa","Tradiciones"],"articleSection":["Cultura","Entrevistas"],"inLanguage":"ca","potentialAction":[{"@type":"CommentAction","name":"Comment","target":["https:\/\/radiolitoral.com\/2025\/08\/juan-jose-reus-esta-feria-tiene-un-encanto-especial-ya-que-hacemos-participar-a-los-que-nos-visitan\/#respond"]}]},{"@type":["WebPage","ItemPage"],"@id":"https:\/\/radiolitoral.com\/2025\/08\/juan-jose-reus-esta-feria-tiene-un-encanto-especial-ya-que-hacemos-participar-a-los-que-nos-visitan\/","url":"https:\/\/radiolitoral.com\/2025\/08\/juan-jose-reus-esta-feria-tiene-un-encanto-especial-ya-que-hacemos-participar-a-los-que-nos-visitan\/","name":"Juan Jos\u00e9 Reus: \u201cAquesta fira t\u00e9 un encant especial ja que fem participar els que ens visiten\u201d | R\u00e0dio Litoral","isPartOf":{"@id":"https:\/\/radiolitoral.com\/#website"},"primaryImageOfPage":{"@id":"https:\/\/radiolitoral.com\/2025\/08\/juan-jose-reus-esta-feria-tiene-un-encanto-especial-ya-que-hacemos-participar-a-los-que-nos-visitan\/#primaryimage"},"image":{"@id":"https:\/\/radiolitoral.com\/2025\/08\/juan-jose-reus-esta-feria-tiene-un-encanto-especial-ya-que-hacemos-participar-a-los-que-nos-visitan\/#primaryimage"},"thumbnailUrl":"https:\/\/media.radiolitoral.com\/wp-content\/uploads\/2025\/08\/29101839\/IMG_0376-scaled.jpg","datePublished":"2025-08-29T08:18:58+00:00","dateModified":"2025-08-29T08:19:44+00:00","description":"Aquesta fira ret homenatge a l&#039;ofici agr\u00edcola ia una de les tradicions m\u00e9s arrelades del territori: la transformaci\u00f3 del ra\u00efm moscatell Aquesta fira ret homenatge a l&#039;ofici agr\u00edcola ia una de les tradicions m\u00e9s arrelades del territori: la transformaci\u00f3 del ra\u00efm moscatell","breadcrumb":{"@id":"https:\/\/radiolitoral.com\/2025\/08\/juan-jose-reus-esta-feria-tiene-un-encanto-especial-ya-que-hacemos-participar-a-los-que-nos-visitan\/#breadcrumb"},"inLanguage":"ca","potentialAction":[{"@type":"ReadAction","target":["https:\/\/radiolitoral.com\/2025\/08\/juan-jose-reus-esta-feria-tiene-un-encanto-especial-ya-que-hacemos-participar-a-los-que-nos-visitan\/"]}]},{"@type":"ImageObject","inLanguage":"ca","@id":"https:\/\/radiolitoral.com\/2025\/08\/juan-jose-reus-esta-feria-tiene-un-encanto-especial-ya-que-hacemos-participar-a-los-que-nos-visitan\/#primaryimage","url":"https:\/\/media.radiolitoral.com\/wp-content\/uploads\/2025\/08\/29101839\/IMG_0376-scaled.jpg","contentUrl":"https:\/\/media.radiolitoral.com\/wp-content\/uploads\/2025\/08\/29101839\/IMG_0376-scaled.jpg","width":2560,"height":1920},{"@type":"BreadcrumbList","@id":"https:\/\/radiolitoral.com\/2025\/08\/juan-jose-reus-esta-feria-tiene-un-encanto-especial-ya-que-hacemos-participar-a-los-que-nos-visitan\/#breadcrumb","itemListElement":[{"@type":"ListItem","position":1,"name":"Portada","item":"https:\/\/radiolitoral.com\/"},{"@type":"ListItem","position":2,"name":"Juan Jos\u00e9 Reus: \u201cEsta feria tiene un encanto especial ya que hacemos participar a los que nos visitan\u201d"}]},{"@type":"WebSite","@id":"https:\/\/radiolitoral.com\/#website","url":"https:\/\/radiolitoral.com\/","name":"R\u00e0dio Litoral","description":"La r\u00e0dio local de la Marina Alta","publisher":{"@id":"https:\/\/radiolitoral.com\/#organization"},"alternateName":"Litoral FM","potentialAction":[{"@type":"SearchAction","target":{"@type":"EntryPoint","urlTemplate":"https:\/\/radiolitoral.com\/?s={search_term_string}"},"query-input":{"@type":"PropertyValueSpecification","valueRequired":true,"valueName":"search_term_string"}}],"inLanguage":"ca"},{"@type":"Organization","@id":"https:\/\/radiolitoral.com\/#organization","name":"R\u00e0dio Litoral","url":"https:\/\/radiolitoral.com\/","logo":{"@type":"ImageObject","inLanguage":"ca","@id":"https:\/\/radiolitoral.com\/#\/schema\/logo\/image\/","url":"https:\/\/media.radiolitoral.com\/wp-content\/uploads\/2023\/02\/24143238\/CL-V-RadioLitoral696.png","contentUrl":"https:\/\/media.radiolitoral.com\/wp-content\/uploads\/2023\/02\/24143238\/CL-V-RadioLitoral696.png","width":696,"height":696,"caption":"Radio Litoral"},"image":{"@id":"https:\/\/radiolitoral.com\/#\/schema\/logo\/image\/"},"sameAs":["https:\/\/www.facebook.com\/Laradiolitoral\/"]},{"@type":"Person","@id":"https:\/\/radiolitoral.com\/#\/schema\/person\/f2b2343c49b5d721857cc1002bfdb151","name":"Redacci\u00f3","image":{"@type":"ImageObject","inLanguage":"ca","@id":"https:\/\/secure.gravatar.com\/avatar\/f771d896c203ad8b3382d7905cfcce5a5c9b008b84b3cd9114e9b9f4cb63f789?s=96&d=mm&r=g","url":"https:\/\/secure.gravatar.com\/avatar\/f771d896c203ad8b3382d7905cfcce5a5c9b008b84b3cd9114e9b9f4cb63f789?s=96&d=mm&r=g","contentUrl":"https:\/\/secure.gravatar.com\/avatar\/f771d896c203ad8b3382d7905cfcce5a5c9b008b84b3cd9114e9b9f4cb63f789?s=96&d=mm&r=g","caption":"Redacci\u00f3n"},"url":"https:\/\/radiolitoral.com\/ca\/author\/miriam-pagan\/"}]}},"_links":{"self":[{"href":"https:\/\/radiolitoral.com\/ca\/wp-json\/wp\/v2\/posts\/18379","targetHints":{"allow":["GET"]}}],"collection":[{"href":"https:\/\/radiolitoral.com\/ca\/wp-json\/wp\/v2\/posts"}],"about":[{"href":"https:\/\/radiolitoral.com\/ca\/wp-json\/wp\/v2\/types\/post"}],"author":[{"embeddable":true,"href":"https:\/\/radiolitoral.com\/ca\/wp-json\/wp\/v2\/users\/13"}],"replies":[{"embeddable":true,"href":"https:\/\/radiolitoral.com\/ca\/wp-json\/wp\/v2\/comments?post=18379"}],"version-history":[{"count":1,"href":"https:\/\/radiolitoral.com\/ca\/wp-json\/wp\/v2\/posts\/18379\/revisions"}],"predecessor-version":[{"id":18383,"href":"https:\/\/radiolitoral.com\/ca\/wp-json\/wp\/v2\/posts\/18379\/revisions\/18383"}],"wp:featuredmedia":[{"embeddable":true,"href":"https:\/\/radiolitoral.com\/ca\/wp-json\/wp\/v2\/media\/18382"}],"wp:attachment":[{"href":"https:\/\/radiolitoral.com\/ca\/wp-json\/wp\/v2\/media?parent=18379"}],"wp:term":[{"taxonomy":"category","embeddable":true,"href":"https:\/\/radiolitoral.com\/ca\/wp-json\/wp\/v2\/categories?post=18379"},{"taxonomy":"post_tag","embeddable":true,"href":"https:\/\/radiolitoral.com\/ca\/wp-json\/wp\/v2\/tags?post=18379"}],"curies":[{"name":"wp","href":"https:\/\/api.w.org\/{rel}","templated":true}]}}