{"id":18363,"date":"2025-08-28T10:04:38","date_gmt":"2025-08-28T08:04:38","guid":{"rendered":"https:\/\/radiolitoral.com\/?p=18363"},"modified":"2025-08-28T10:07:28","modified_gmt":"2025-08-28T08:07:28","slug":"en-futbol-vetera-kamarca-guanyo-el-torneig-destiu","status":"publish","type":"post","link":"https:\/\/radiolitoral.com\/ca\/2025\/08\/en-futbol-veterano-kamarca-gano-el-torneo-de-verano\/","title":{"rendered":"A Futbol Veter\u00e0, Kamarca va guanyar el Torneig d&#039;Estiu"},"content":{"rendered":"<p>El <strong>Torneig d&#039;Estiu de Futbol 11<\/strong>, organitzat per <strong>ACYDMA<\/strong>, va arribar al final en el <strong>Camp de Futbol Diego Mena<\/strong>\u00a0 de D\u00e9nia, amb una emocionant final entre <strong>Kamarka<\/strong> e <strong>Immobili\u00e0ria Javeahouses<\/strong>. Tots dos equips van mostrar un gran nivell, oferint un partit equilibrat i carregat de tensi\u00f3, on el marcador va finalitzar <strong>0-0<\/strong> despr\u00e9s dels 90 minuts reglamentaris.<\/p>\n<p data-start=\"401\" data-end=\"623\">La sort es va decidir a la tanda de penals, que Kamarka va guanyar <strong>4-3<\/strong>, emportant-se el t\u00edtol de campions. Tot i la derrota, Immobili\u00e0ria Javeahouses va ser un digne finalista i va deixar una gran impressi\u00f3 al llarg del torneig.<\/p>\n<p data-start=\"625\" data-end=\"824\" data-is-last-node=\"\" data-is-only-node=\"\">L&#039;organitzaci\u00f3 va felicitar l&#039;equip guanyador per la vict\u00f2ria i va agrair a tots els equips participants, destacant l&#039;esfor\u00e7 i l&#039;esportivitat que van fer d&#039;aquest torneig una veritable festa del futbol.<\/p>\n<p><script src=\"chrome-extension:\/\/flbolonkboilcbnohjlchlfgdalomdpl\/iFrame.js\" type=\"text\/javascript\"><\/script><\/p>\n<p><script src=\"chrome-extension:\/\/flbolonkboilcbnohjlchlfgdalomdpl\/iFrame.js\" type=\"text\/javascript\"><\/script><\/p>","protected":false},"excerpt":{"rendered":"<p>El Torneo de Verano de F\u00fatbol 11, organizado por ACYDMA, lleg\u00f3 a su fin en el Campo de F\u00fatbol Diego Mena\u00a0 de D\u00e9nia, con una emocionante final entre Kamarka e Inmobiliaria Javeahouses. Ambos equipos mostraron un gran nivel, ofreciendo un partido equilibrado y cargado de tensi\u00f3n, donde el marcador finaliz\u00f3 0-0 tras los 90 minutos [&#8230;]<\/p>\n<p><a class=\"btn btn-secondary understrap-read-more-link\" href=\"https:\/\/radiolitoral.com\/ca\/2025\/08\/en-futbol-veterano-kamarca-gano-el-torneo-de-verano\/\">Continua llegint&#8230;<span class=\"screen-reader-text\"> from En Futbol Veterano, Kamarca gan\u00f3 el Torneo de Verano<\/span><\/a><\/p>\n","protected":false},"author":12,"featured_media":18364,"comment_status":"open","ping_status":"closed","sticky":false,"template":"","format":"standard","meta":{"_acf_changed":false,"inline_featured_image":false,"footnotes":""},"categories":[5],"tags":[1508,1447,6,4890,4889],"class_list":["post-18363","post","type-post","status-publish","format-standard","has-post-thumbnail","hentry","category-deportes","tag-acydma","tag-campo-diego-mena-de-denia","tag-deportes","tag-inmobiliaria-javeahouses","tag-kamarca","cobertura-denia"],"acf":[],"yoast_head":"<!-- This site is optimized with the Yoast SEO plugin v27.5 - https:\/\/yoast.com\/product\/yoast-seo-wordpress\/ -->\n<title>En Futbol Veterano, Kamarca gan\u00f3 el Torneo de Verano | R\u00e0dio Litoral<\/title>\n<meta name=\"description\" content=\"Derrot\u00f3 en la final a Javeahouses gracias al mayor acierto en el lanzamiento de penaltis Derrot\u00f3 en la final a Javeahouses gracia al mayor acierto en el lanzamiento de penaltis\" \/>\n<meta name=\"robots\" content=\"index, follow, max-snippet:-1, max-image-preview:large, max-video-preview:-1\" \/>\n<link rel=\"canonical\" href=\"https:\/\/radiolitoral.com\/ca\/2025\/08\/en-futbol-vetera-kamarca-guanyo-el-torneig-destiu\/\" \/>\n<meta property=\"og:locale\" content=\"ca_ES\" \/>\n<meta property=\"og:type\" content=\"article\" \/>\n<meta property=\"og:title\" content=\"En Futbol Veterano, Kamarca gan\u00f3 el Torneo de Verano | R\u00e0dio Litoral\" \/>\n<meta property=\"og:description\" content=\"Derrot\u00f3 en la final a Javeahouses gracias al mayor acierto en el lanzamiento de penaltis Derrot\u00f3 en la final a Javeahouses gracia al mayor acierto en el lanzamiento de penaltis\" \/>\n<meta property=\"og:url\" content=\"https:\/\/radiolitoral.com\/ca\/2025\/08\/en-futbol-vetera-kamarca-guanyo-el-torneig-destiu\/\" \/>\n<meta property=\"og:site_name\" content=\"R\u00e0dio Litoral\" \/>\n<meta property=\"article:publisher\" content=\"https:\/\/www.facebook.com\/Laradiolitoral\/\" \/>\n<meta property=\"article:published_time\" content=\"2025-08-28T08:04:38+00:00\" \/>\n<meta property=\"article:modified_time\" content=\"2025-08-28T08:07:28+00:00\" \/>\n<meta property=\"og:image\" content=\"https:\/\/media.radiolitoral.com\/wp-content\/uploads\/2025\/08\/28100319\/539567524_17883641799359803_4485982321004999822_n.jpg\" \/>\n\t<meta property=\"og:image:width\" content=\"1024\" \/>\n\t<meta property=\"og:image:height\" content=\"606\" \/>\n\t<meta property=\"og:image:type\" content=\"image\/jpeg\" \/>\n<meta name=\"author\" content=\"Javier Zamora\" \/>\n<meta name=\"twitter:card\" content=\"summary_large_image\" \/>\n<meta name=\"twitter:label1\" content=\"Escrit per\" \/>\n\t<meta name=\"twitter:data1\" content=\"Javier Zamora\" \/>\n\t<meta name=\"twitter:label2\" content=\"Temps estimat de lectura\" \/>\n\t<meta name=\"twitter:data2\" content=\"1 minut\" \/>\n<script type=\"application\/ld+json\" class=\"yoast-schema-graph\">{\"@context\":\"https:\\\/\\\/schema.org\",\"@graph\":[{\"@type\":\"NewsArticle\",\"@id\":\"https:\\\/\\\/radiolitoral.com\\\/2025\\\/08\\\/en-futbol-veterano-kamarca-gano-el-torneo-de-verano\\\/#article\",\"isPartOf\":{\"@id\":\"https:\\\/\\\/radiolitoral.com\\\/2025\\\/08\\\/en-futbol-veterano-kamarca-gano-el-torneo-de-verano\\\/\"},\"author\":{\"name\":\"Javier Zamora\",\"@id\":\"https:\\\/\\\/radiolitoral.com\\\/#\\\/schema\\\/person\\\/7b1480b5caeb5acdd4ec6379caf62b22\"},\"headline\":\"En Futbol Veterano, Kamarca gan\u00f3 el Torneo de Verano\",\"datePublished\":\"2025-08-28T08:04:38+00:00\",\"dateModified\":\"2025-08-28T08:07:28+00:00\",\"mainEntityOfPage\":{\"@id\":\"https:\\\/\\\/radiolitoral.com\\\/2025\\\/08\\\/en-futbol-veterano-kamarca-gano-el-torneo-de-verano\\\/\"},\"wordCount\":143,\"commentCount\":0,\"publisher\":{\"@id\":\"https:\\\/\\\/radiolitoral.com\\\/#organization\"},\"image\":{\"@id\":\"https:\\\/\\\/radiolitoral.com\\\/2025\\\/08\\\/en-futbol-veterano-kamarca-gano-el-torneo-de-verano\\\/#primaryimage\"},\"thumbnailUrl\":\"https:\\\/\\\/media.radiolitoral.com\\\/wp-content\\\/uploads\\\/2025\\\/08\\\/28100319\\\/539567524_17883641799359803_4485982321004999822_n.jpg\",\"keywords\":[\"Acydma\",\"campo Diego Mena de D\u00e9nia\",\"deportes\",\"Inmobiliaria Javeahouses\",\"Kamarca\"],\"articleSection\":[\"Deportes\"],\"inLanguage\":\"ca\",\"potentialAction\":[{\"@type\":\"CommentAction\",\"name\":\"Comment\",\"target\":[\"https:\\\/\\\/radiolitoral.com\\\/2025\\\/08\\\/en-futbol-veterano-kamarca-gano-el-torneo-de-verano\\\/#respond\"]}]},{\"@type\":[\"WebPage\",\"ItemPage\"],\"@id\":\"https:\\\/\\\/radiolitoral.com\\\/2025\\\/08\\\/en-futbol-veterano-kamarca-gano-el-torneo-de-verano\\\/\",\"url\":\"https:\\\/\\\/radiolitoral.com\\\/2025\\\/08\\\/en-futbol-veterano-kamarca-gano-el-torneo-de-verano\\\/\",\"name\":\"En Futbol Veterano, Kamarca gan\u00f3 el Torneo de Verano | R\u00e0dio Litoral\",\"isPartOf\":{\"@id\":\"https:\\\/\\\/radiolitoral.com\\\/#website\"},\"primaryImageOfPage\":{\"@id\":\"https:\\\/\\\/radiolitoral.com\\\/2025\\\/08\\\/en-futbol-veterano-kamarca-gano-el-torneo-de-verano\\\/#primaryimage\"},\"image\":{\"@id\":\"https:\\\/\\\/radiolitoral.com\\\/2025\\\/08\\\/en-futbol-veterano-kamarca-gano-el-torneo-de-verano\\\/#primaryimage\"},\"thumbnailUrl\":\"https:\\\/\\\/media.radiolitoral.com\\\/wp-content\\\/uploads\\\/2025\\\/08\\\/28100319\\\/539567524_17883641799359803_4485982321004999822_n.jpg\",\"datePublished\":\"2025-08-28T08:04:38+00:00\",\"dateModified\":\"2025-08-28T08:07:28+00:00\",\"description\":\"Derrot\u00f3 en la final a Javeahouses gracias al mayor acierto en el lanzamiento de penaltis Derrot\u00f3 en la final a Javeahouses gracia al mayor acierto en el lanzamiento de penaltis\",\"breadcrumb\":{\"@id\":\"https:\\\/\\\/radiolitoral.com\\\/2025\\\/08\\\/en-futbol-veterano-kamarca-gano-el-torneo-de-verano\\\/#breadcrumb\"},\"inLanguage\":\"ca\",\"potentialAction\":[{\"@type\":\"ReadAction\",\"target\":[\"https:\\\/\\\/radiolitoral.com\\\/2025\\\/08\\\/en-futbol-veterano-kamarca-gano-el-torneo-de-verano\\\/\"]}]},{\"@type\":\"ImageObject\",\"inLanguage\":\"ca\",\"@id\":\"https:\\\/\\\/radiolitoral.com\\\/2025\\\/08\\\/en-futbol-veterano-kamarca-gano-el-torneo-de-verano\\\/#primaryimage\",\"url\":\"https:\\\/\\\/media.radiolitoral.com\\\/wp-content\\\/uploads\\\/2025\\\/08\\\/28100319\\\/539567524_17883641799359803_4485982321004999822_n.jpg\",\"contentUrl\":\"https:\\\/\\\/media.radiolitoral.com\\\/wp-content\\\/uploads\\\/2025\\\/08\\\/28100319\\\/539567524_17883641799359803_4485982321004999822_n.jpg\",\"width\":1024,\"height\":606},{\"@type\":\"BreadcrumbList\",\"@id\":\"https:\\\/\\\/radiolitoral.com\\\/2025\\\/08\\\/en-futbol-veterano-kamarca-gano-el-torneo-de-verano\\\/#breadcrumb\",\"itemListElement\":[{\"@type\":\"ListItem\",\"position\":1,\"name\":\"Portada\",\"item\":\"https:\\\/\\\/radiolitoral.com\\\/\"},{\"@type\":\"ListItem\",\"position\":2,\"name\":\"En Futbol Veterano, Kamarca gan\u00f3 el Torneo de Verano\"}]},{\"@type\":\"WebSite\",\"@id\":\"https:\\\/\\\/radiolitoral.com\\\/#website\",\"url\":\"https:\\\/\\\/radiolitoral.com\\\/\",\"name\":\"Radio Litoral\",\"description\":\"La radio local de la Marina Alta\",\"publisher\":{\"@id\":\"https:\\\/\\\/radiolitoral.com\\\/#organization\"},\"alternateName\":\"Litoral FM\",\"potentialAction\":[{\"@type\":\"SearchAction\",\"target\":{\"@type\":\"EntryPoint\",\"urlTemplate\":\"https:\\\/\\\/radiolitoral.com\\\/?s={search_term_string}\"},\"query-input\":{\"@type\":\"PropertyValueSpecification\",\"valueRequired\":true,\"valueName\":\"search_term_string\"}}],\"inLanguage\":\"ca\"},{\"@type\":\"Organization\",\"@id\":\"https:\\\/\\\/radiolitoral.com\\\/#organization\",\"name\":\"Radio Litoral\",\"url\":\"https:\\\/\\\/radiolitoral.com\\\/\",\"logo\":{\"@type\":\"ImageObject\",\"inLanguage\":\"ca\",\"@id\":\"https:\\\/\\\/radiolitoral.com\\\/#\\\/schema\\\/logo\\\/image\\\/\",\"url\":\"https:\\\/\\\/media.radiolitoral.com\\\/wp-content\\\/uploads\\\/2023\\\/02\\\/24143238\\\/CL-V-RadioLitoral696.png\",\"contentUrl\":\"https:\\\/\\\/media.radiolitoral.com\\\/wp-content\\\/uploads\\\/2023\\\/02\\\/24143238\\\/CL-V-RadioLitoral696.png\",\"width\":696,\"height\":696,\"caption\":\"Radio Litoral\"},\"image\":{\"@id\":\"https:\\\/\\\/radiolitoral.com\\\/#\\\/schema\\\/logo\\\/image\\\/\"},\"sameAs\":[\"https:\\\/\\\/www.facebook.com\\\/Laradiolitoral\\\/\"]},{\"@type\":\"Person\",\"@id\":\"https:\\\/\\\/radiolitoral.com\\\/#\\\/schema\\\/person\\\/7b1480b5caeb5acdd4ec6379caf62b22\",\"name\":\"Javier Zamora\",\"image\":{\"@type\":\"ImageObject\",\"inLanguage\":\"ca\",\"@id\":\"https:\\\/\\\/secure.gravatar.com\\\/avatar\\\/467a11f6918c7d619c4043fc6fa2d3853053107973f05b6e9c04ea6c4e3a7b3f?s=96&d=mm&r=g\",\"url\":\"https:\\\/\\\/secure.gravatar.com\\\/avatar\\\/467a11f6918c7d619c4043fc6fa2d3853053107973f05b6e9c04ea6c4e3a7b3f?s=96&d=mm&r=g\",\"contentUrl\":\"https:\\\/\\\/secure.gravatar.com\\\/avatar\\\/467a11f6918c7d619c4043fc6fa2d3853053107973f05b6e9c04ea6c4e3a7b3f?s=96&d=mm&r=g\",\"caption\":\"Javier Zamora\"},\"url\":\"https:\\\/\\\/radiolitoral.com\\\/ca\\\/author\\\/javier-zamora\\\/\"}]}<\/script>\n<!-- \/ Yoast SEO plugin. -->","yoast_head_json":{"title":"A Futbol Veter\u00e0, Kamarca va guanyar el Torneig d&#039;Estiu | R\u00e0dio Litoral","description":"Va derrotar a la final Javeahouses gr\u00e0cies al major encert en el llan\u00e7ament de penals Va derrotar a la final Javeahouses gr\u00e0cia al major encert en el llan\u00e7ament de penals","robots":{"index":"index","follow":"follow","max-snippet":"max-snippet:-1","max-image-preview":"max-image-preview:large","max-video-preview":"max-video-preview:-1"},"canonical":"https:\/\/radiolitoral.com\/ca\/2025\/08\/en-futbol-vetera-kamarca-guanyo-el-torneig-destiu\/","og_locale":"ca_ES","og_type":"article","og_title":"En Futbol Veterano, Kamarca gan\u00f3 el Torneo de Verano | R\u00e0dio Litoral","og_description":"Derrot\u00f3 en la final a Javeahouses gracias al mayor acierto en el lanzamiento de penaltis Derrot\u00f3 en la final a Javeahouses gracia al mayor acierto en el lanzamiento de penaltis","og_url":"https:\/\/radiolitoral.com\/ca\/2025\/08\/en-futbol-vetera-kamarca-guanyo-el-torneig-destiu\/","og_site_name":"R\u00e0dio Litoral","article_publisher":"https:\/\/www.facebook.com\/Laradiolitoral\/","article_published_time":"2025-08-28T08:04:38+00:00","article_modified_time":"2025-08-28T08:07:28+00:00","og_image":[{"width":1024,"height":606,"url":"https:\/\/media.radiolitoral.com\/wp-content\/uploads\/2025\/08\/28100319\/539567524_17883641799359803_4485982321004999822_n.jpg","type":"image\/jpeg"}],"author":"Javier Zamora","twitter_card":"summary_large_image","twitter_misc":{"Escrit per":"Javier Zamora","Temps estimat de lectura":"1 minut"},"schema":{"@context":"https:\/\/schema.org","@graph":[{"@type":"NewsArticle","@id":"https:\/\/radiolitoral.com\/2025\/08\/en-futbol-veterano-kamarca-gano-el-torneo-de-verano\/#article","isPartOf":{"@id":"https:\/\/radiolitoral.com\/2025\/08\/en-futbol-veterano-kamarca-gano-el-torneo-de-verano\/"},"author":{"name":"Javier Zamora","@id":"https:\/\/radiolitoral.com\/#\/schema\/person\/7b1480b5caeb5acdd4ec6379caf62b22"},"headline":"En Futbol Veterano, Kamarca gan\u00f3 el Torneo de Verano","datePublished":"2025-08-28T08:04:38+00:00","dateModified":"2025-08-28T08:07:28+00:00","mainEntityOfPage":{"@id":"https:\/\/radiolitoral.com\/2025\/08\/en-futbol-veterano-kamarca-gano-el-torneo-de-verano\/"},"wordCount":143,"commentCount":0,"publisher":{"@id":"https:\/\/radiolitoral.com\/#organization"},"image":{"@id":"https:\/\/radiolitoral.com\/2025\/08\/en-futbol-veterano-kamarca-gano-el-torneo-de-verano\/#primaryimage"},"thumbnailUrl":"https:\/\/media.radiolitoral.com\/wp-content\/uploads\/2025\/08\/28100319\/539567524_17883641799359803_4485982321004999822_n.jpg","keywords":["Acydma","campo Diego Mena de D\u00e9nia","deportes","Inmobiliaria Javeahouses","Kamarca"],"articleSection":["Deportes"],"inLanguage":"ca","potentialAction":[{"@type":"CommentAction","name":"Comment","target":["https:\/\/radiolitoral.com\/2025\/08\/en-futbol-veterano-kamarca-gano-el-torneo-de-verano\/#respond"]}]},{"@type":["WebPage","ItemPage"],"@id":"https:\/\/radiolitoral.com\/2025\/08\/en-futbol-veterano-kamarca-gano-el-torneo-de-verano\/","url":"https:\/\/radiolitoral.com\/2025\/08\/en-futbol-veterano-kamarca-gano-el-torneo-de-verano\/","name":"A Futbol Veter\u00e0, Kamarca va guanyar el Torneig d&#039;Estiu | R\u00e0dio Litoral","isPartOf":{"@id":"https:\/\/radiolitoral.com\/#website"},"primaryImageOfPage":{"@id":"https:\/\/radiolitoral.com\/2025\/08\/en-futbol-veterano-kamarca-gano-el-torneo-de-verano\/#primaryimage"},"image":{"@id":"https:\/\/radiolitoral.com\/2025\/08\/en-futbol-veterano-kamarca-gano-el-torneo-de-verano\/#primaryimage"},"thumbnailUrl":"https:\/\/media.radiolitoral.com\/wp-content\/uploads\/2025\/08\/28100319\/539567524_17883641799359803_4485982321004999822_n.jpg","datePublished":"2025-08-28T08:04:38+00:00","dateModified":"2025-08-28T08:07:28+00:00","description":"Va derrotar a la final Javeahouses gr\u00e0cies al major encert en el llan\u00e7ament de penals Va derrotar a la final Javeahouses gr\u00e0cia al major encert en el llan\u00e7ament de penals","breadcrumb":{"@id":"https:\/\/radiolitoral.com\/2025\/08\/en-futbol-veterano-kamarca-gano-el-torneo-de-verano\/#breadcrumb"},"inLanguage":"ca","potentialAction":[{"@type":"ReadAction","target":["https:\/\/radiolitoral.com\/2025\/08\/en-futbol-veterano-kamarca-gano-el-torneo-de-verano\/"]}]},{"@type":"ImageObject","inLanguage":"ca","@id":"https:\/\/radiolitoral.com\/2025\/08\/en-futbol-veterano-kamarca-gano-el-torneo-de-verano\/#primaryimage","url":"https:\/\/media.radiolitoral.com\/wp-content\/uploads\/2025\/08\/28100319\/539567524_17883641799359803_4485982321004999822_n.jpg","contentUrl":"https:\/\/media.radiolitoral.com\/wp-content\/uploads\/2025\/08\/28100319\/539567524_17883641799359803_4485982321004999822_n.jpg","width":1024,"height":606},{"@type":"BreadcrumbList","@id":"https:\/\/radiolitoral.com\/2025\/08\/en-futbol-veterano-kamarca-gano-el-torneo-de-verano\/#breadcrumb","itemListElement":[{"@type":"ListItem","position":1,"name":"Portada","item":"https:\/\/radiolitoral.com\/"},{"@type":"ListItem","position":2,"name":"En Futbol Veterano, Kamarca gan\u00f3 el Torneo de Verano"}]},{"@type":"WebSite","@id":"https:\/\/radiolitoral.com\/#website","url":"https:\/\/radiolitoral.com\/","name":"R\u00e0dio Litoral","description":"La r\u00e0dio local de la Marina Alta","publisher":{"@id":"https:\/\/radiolitoral.com\/#organization"},"alternateName":"Litoral FM","potentialAction":[{"@type":"SearchAction","target":{"@type":"EntryPoint","urlTemplate":"https:\/\/radiolitoral.com\/?s={search_term_string}"},"query-input":{"@type":"PropertyValueSpecification","valueRequired":true,"valueName":"search_term_string"}}],"inLanguage":"ca"},{"@type":"Organization","@id":"https:\/\/radiolitoral.com\/#organization","name":"R\u00e0dio Litoral","url":"https:\/\/radiolitoral.com\/","logo":{"@type":"ImageObject","inLanguage":"ca","@id":"https:\/\/radiolitoral.com\/#\/schema\/logo\/image\/","url":"https:\/\/media.radiolitoral.com\/wp-content\/uploads\/2023\/02\/24143238\/CL-V-RadioLitoral696.png","contentUrl":"https:\/\/media.radiolitoral.com\/wp-content\/uploads\/2023\/02\/24143238\/CL-V-RadioLitoral696.png","width":696,"height":696,"caption":"Radio Litoral"},"image":{"@id":"https:\/\/radiolitoral.com\/#\/schema\/logo\/image\/"},"sameAs":["https:\/\/www.facebook.com\/Laradiolitoral\/"]},{"@type":"Person","@id":"https:\/\/radiolitoral.com\/#\/schema\/person\/7b1480b5caeb5acdd4ec6379caf62b22","name":"Javier Zamora","image":{"@type":"ImageObject","inLanguage":"ca","@id":"https:\/\/secure.gravatar.com\/avatar\/467a11f6918c7d619c4043fc6fa2d3853053107973f05b6e9c04ea6c4e3a7b3f?s=96&d=mm&r=g","url":"https:\/\/secure.gravatar.com\/avatar\/467a11f6918c7d619c4043fc6fa2d3853053107973f05b6e9c04ea6c4e3a7b3f?s=96&d=mm&r=g","contentUrl":"https:\/\/secure.gravatar.com\/avatar\/467a11f6918c7d619c4043fc6fa2d3853053107973f05b6e9c04ea6c4e3a7b3f?s=96&d=mm&r=g","caption":"Javier Zamora"},"url":"https:\/\/radiolitoral.com\/ca\/author\/javier-zamora\/"}]}},"_links":{"self":[{"href":"https:\/\/radiolitoral.com\/ca\/wp-json\/wp\/v2\/posts\/18363","targetHints":{"allow":["GET"]}}],"collection":[{"href":"https:\/\/radiolitoral.com\/ca\/wp-json\/wp\/v2\/posts"}],"about":[{"href":"https:\/\/radiolitoral.com\/ca\/wp-json\/wp\/v2\/types\/post"}],"author":[{"embeddable":true,"href":"https:\/\/radiolitoral.com\/ca\/wp-json\/wp\/v2\/users\/12"}],"replies":[{"embeddable":true,"href":"https:\/\/radiolitoral.com\/ca\/wp-json\/wp\/v2\/comments?post=18363"}],"version-history":[{"count":3,"href":"https:\/\/radiolitoral.com\/ca\/wp-json\/wp\/v2\/posts\/18363\/revisions"}],"predecessor-version":[{"id":18368,"href":"https:\/\/radiolitoral.com\/ca\/wp-json\/wp\/v2\/posts\/18363\/revisions\/18368"}],"wp:featuredmedia":[{"embeddable":true,"href":"https:\/\/radiolitoral.com\/ca\/wp-json\/wp\/v2\/media\/18364"}],"wp:attachment":[{"href":"https:\/\/radiolitoral.com\/ca\/wp-json\/wp\/v2\/media?parent=18363"}],"wp:term":[{"taxonomy":"category","embeddable":true,"href":"https:\/\/radiolitoral.com\/ca\/wp-json\/wp\/v2\/categories?post=18363"},{"taxonomy":"post_tag","embeddable":true,"href":"https:\/\/radiolitoral.com\/ca\/wp-json\/wp\/v2\/tags?post=18363"}],"curies":[{"name":"wp","href":"https:\/\/api.w.org\/{rel}","templated":true}]}}