{"id":18339,"date":"2025-08-26T14:30:48","date_gmt":"2025-08-26T12:30:48","guid":{"rendered":"https:\/\/radiolitoral.com\/?p=18339"},"modified":"2025-08-26T14:32:21","modified_gmt":"2025-08-26T12:32:21","slug":"teulada-impulsa-el-seu-producte-local-amb-el-repartiment-gratuit-de-830-kg-de-raim-moscatell","status":"publish","type":"post","link":"https:\/\/radiolitoral.com\/ca\/2025\/08\/teulada-impulsa-su-producto-local-con-el-reparto-gratuito-de-830-kg-de-uva-moscatel\/","title":{"rendered":"Teulada impulsa el seu producte local amb el repartiment gratu\u00eft de 830 kg de ra\u00efm moscatell"},"content":{"rendered":"<p data-start=\"244\" data-end=\"607\">El <strong>Ajuntament de Teulada<\/strong>, en col\u00b7laboraci\u00f3 amb la<strong> Associaci\u00f3 d&#039;Agricultors de Ra\u00efm de Moscatell de Teulada<\/strong>, ha posat en marxa una campanya de promoci\u00f3 per revaloritzar el ra\u00efm moscatell d&#039;Alexandria, un dels productes agr\u00edcoles m\u00e9s representatius del municipi. L&#039;acci\u00f3 coincideix amb el per\u00edode de recol\u00b7lecci\u00f3, que es duu a terme durant el mes d&#039;agost.<\/p>\n<p data-start=\"609\" data-end=\"907\">Com a part d&#039;aquesta iniciativa, es repartiran un total de<strong> 830 quilos de ra\u00efm entre la ciutadania.<\/strong> El repartiment es realitzar\u00e0 el <strong>dimecres 27 a<\/strong> <strong>Teulada<\/strong> i el<strong> divendres 29 a Moraira<\/strong>, <strong>a partir de les 9:00 h<\/strong> i fins a esgotar exist\u00e8ncies, a les ubicacions on tenen lloc els respectius mercats setmanals. Els ra\u00efms, ja nets i llistes per al consum, es lliuraran en bosses de paper reciclable que inclouran els logotips de l&#039;Ajuntament i de l&#039;associaci\u00f3 agr\u00edcola, com a gest de suport a la sostenibilitat ia l&#039;eliminaci\u00f3 de l&#039;\u00fas de pl\u00e0stics d&#039;un sol \u00fas.<\/p>\n<p data-start=\"1171\" data-end=\"1336\">La inversi\u00f3 total destinada a aquesta campanya ascendeix a <strong>2.996,73 euros, dels quals 2.739 euros corresponen al cost del ra\u00efm<\/strong> i la resta al de<strong> bosses i etiquetes.<\/strong><\/p>\n<p data-start=\"1338\" data-end=\"1649\">El regidor de<strong> Agricultura, Jos\u00e9 Antonio Bisquert<\/strong>, ha destacat que &quot;el ra\u00efm moscatell \u00e9s m\u00e9s que un cultiu, \u00e9s una senya d\u00b4identitat de Teulada Moraira. Amb aquest repartiment no nom\u00e9s apropem un producte de m\u00e0xima qualitat a la ciutadania, sin\u00f3 que tamb\u00e9 reivindiquem l\u00b4esfor\u00e7 diari dels nostres agricultors&quot;. En la mateixa l\u00ednia, <strong>l&#039;alcalde de Teulada Moraira, Ra\u00fal Llobell<\/strong>, ha assenyalat que &quot;el moscatell \u00e9s hist\u00f2ria, tradici\u00f3 i futur per al nostre municipi. Amb aquesta acci\u00f3 volem posar en valor l\u00b4agricultura local i refor\u00e7ar el reconeixement de Teulada Moraira dins de la cultura gastron\u00f2mica valenciana&quot;.<\/p>","protected":false},"excerpt":{"rendered":"<p>El Ayuntamiento de Teulada, en colaboraci\u00f3n con la Associaci\u00f3 d\u2019Agricultors de Ra\u00efm de Moscatell de Teulada, ha puesto en marcha una campa\u00f1a de promoci\u00f3n para revalorizar la uva moscatel de Alejandr\u00eda, uno de los productos agr\u00edcolas m\u00e1s representativos del municipio. La acci\u00f3n coincide con el periodo de recolecci\u00f3n, que se desarrolla durante el mes de [&#8230;]<\/p>\n<p><a class=\"btn btn-secondary understrap-read-more-link\" href=\"https:\/\/radiolitoral.com\/ca\/2025\/08\/teulada-impulsa-su-producto-local-con-el-reparto-gratuito-de-830-kg-de-uva-moscatel\/\">Continua llegint&#8230;<span class=\"screen-reader-text\"> from Teulada impulsa su producto local con el reparto gratuito de 830 kg de uva moscatel<\/span><\/a><\/p>\n","protected":false},"author":13,"featured_media":18344,"comment_status":"open","ping_status":"closed","sticky":false,"template":"","format":"standard","meta":{"_acf_changed":false,"inline_featured_image":false,"footnotes":""},"categories":[46],"tags":[4888,195,4887],"class_list":["post-18339","post","type-post","status-publish","format-standard","has-post-thumbnail","hentry","category-sociedad","tag-gratis","tag-teulada-moraira","tag-uva-moscatell","cobertura-teulada-moraira"],"acf":[],"yoast_head":"<!-- This site is optimized with the Yoast SEO plugin v27.5 - https:\/\/yoast.com\/product\/yoast-seo-wordpress\/ -->\n<title>Teulada impulsa su producto local con el reparto gratuito de 830 kg de uva moscatel | R\u00e0dio Litoral<\/title>\n<meta name=\"description\" content=\"La distribuci\u00f3n se realizar\u00e1 el mi\u00e9rcoles 27 en Teulada y el viernes 29 en Moraira desde las 9:00 h\" \/>\n<meta name=\"robots\" content=\"index, follow, max-snippet:-1, max-image-preview:large, max-video-preview:-1\" \/>\n<link rel=\"canonical\" href=\"https:\/\/radiolitoral.com\/ca\/2025\/08\/teulada-impulsa-el-seu-producte-local-amb-el-repartiment-gratuit-de-830-kg-de-raim-moscatell\/\" \/>\n<meta property=\"og:locale\" content=\"ca_ES\" \/>\n<meta property=\"og:type\" content=\"article\" \/>\n<meta property=\"og:title\" content=\"Teulada impulsa su producto local con el reparto gratuito de 830 kg de uva moscatel | R\u00e0dio Litoral\" \/>\n<meta property=\"og:description\" content=\"La distribuci\u00f3n se realizar\u00e1 el mi\u00e9rcoles 27 en Teulada y el viernes 29 en Moraira desde las 9:00 h\" \/>\n<meta property=\"og:url\" content=\"https:\/\/radiolitoral.com\/ca\/2025\/08\/teulada-impulsa-el-seu-producte-local-amb-el-repartiment-gratuit-de-830-kg-de-raim-moscatell\/\" \/>\n<meta property=\"og:site_name\" content=\"R\u00e0dio Litoral\" \/>\n<meta property=\"article:publisher\" content=\"https:\/\/www.facebook.com\/Laradiolitoral\/\" \/>\n<meta property=\"article:published_time\" content=\"2025-08-26T12:30:48+00:00\" \/>\n<meta property=\"article:modified_time\" content=\"2025-08-26T12:32:21+00:00\" \/>\n<meta property=\"og:image\" content=\"https:\/\/media.radiolitoral.com\/wp-content\/uploads\/2025\/08\/26143145\/WhatsApp-Image-2025-08-26-at-14.28.49.jpeg\" \/>\n\t<meta property=\"og:image:width\" content=\"1600\" \/>\n\t<meta property=\"og:image:height\" content=\"971\" \/>\n\t<meta property=\"og:image:type\" content=\"image\/jpeg\" \/>\n<meta name=\"author\" content=\"Redacci\u00f3n\" \/>\n<meta name=\"twitter:card\" content=\"summary_large_image\" \/>\n<meta name=\"twitter:label1\" content=\"Escrit per\" \/>\n\t<meta name=\"twitter:data1\" content=\"Redacci\u00f3n\" \/>\n\t<meta name=\"twitter:label2\" content=\"Temps estimat de lectura\" \/>\n\t<meta name=\"twitter:data2\" content=\"2 minuts\" \/>\n<script type=\"application\/ld+json\" class=\"yoast-schema-graph\">{\"@context\":\"https:\\\/\\\/schema.org\",\"@graph\":[{\"@type\":\"NewsArticle\",\"@id\":\"https:\\\/\\\/radiolitoral.com\\\/2025\\\/08\\\/teulada-impulsa-su-producto-local-con-el-reparto-gratuito-de-830-kg-de-uva-moscatel\\\/#article\",\"isPartOf\":{\"@id\":\"https:\\\/\\\/radiolitoral.com\\\/2025\\\/08\\\/teulada-impulsa-su-producto-local-con-el-reparto-gratuito-de-830-kg-de-uva-moscatel\\\/\"},\"author\":{\"name\":\"Redacci\u00f3n\",\"@id\":\"https:\\\/\\\/radiolitoral.com\\\/#\\\/schema\\\/person\\\/f2b2343c49b5d721857cc1002bfdb151\"},\"headline\":\"Teulada impulsa su producto local con el reparto gratuito de 830 kg de uva moscatel\",\"datePublished\":\"2025-08-26T12:30:48+00:00\",\"dateModified\":\"2025-08-26T12:32:21+00:00\",\"mainEntityOfPage\":{\"@id\":\"https:\\\/\\\/radiolitoral.com\\\/2025\\\/08\\\/teulada-impulsa-su-producto-local-con-el-reparto-gratuito-de-830-kg-de-uva-moscatel\\\/\"},\"wordCount\":321,\"commentCount\":0,\"publisher\":{\"@id\":\"https:\\\/\\\/radiolitoral.com\\\/#organization\"},\"image\":{\"@id\":\"https:\\\/\\\/radiolitoral.com\\\/2025\\\/08\\\/teulada-impulsa-su-producto-local-con-el-reparto-gratuito-de-830-kg-de-uva-moscatel\\\/#primaryimage\"},\"thumbnailUrl\":\"https:\\\/\\\/media.radiolitoral.com\\\/wp-content\\\/uploads\\\/2025\\\/08\\\/26143145\\\/WhatsApp-Image-2025-08-26-at-14.28.49.jpeg\",\"keywords\":[\"gratis\",\"Teulada-Moraira\",\"Uva moscatell\"],\"articleSection\":[\"Sociedad\"],\"inLanguage\":\"ca\",\"potentialAction\":[{\"@type\":\"CommentAction\",\"name\":\"Comment\",\"target\":[\"https:\\\/\\\/radiolitoral.com\\\/2025\\\/08\\\/teulada-impulsa-su-producto-local-con-el-reparto-gratuito-de-830-kg-de-uva-moscatel\\\/#respond\"]}]},{\"@type\":[\"WebPage\",\"ItemPage\"],\"@id\":\"https:\\\/\\\/radiolitoral.com\\\/2025\\\/08\\\/teulada-impulsa-su-producto-local-con-el-reparto-gratuito-de-830-kg-de-uva-moscatel\\\/\",\"url\":\"https:\\\/\\\/radiolitoral.com\\\/2025\\\/08\\\/teulada-impulsa-su-producto-local-con-el-reparto-gratuito-de-830-kg-de-uva-moscatel\\\/\",\"name\":\"Teulada impulsa su producto local con el reparto gratuito de 830 kg de uva moscatel | R\u00e0dio Litoral\",\"isPartOf\":{\"@id\":\"https:\\\/\\\/radiolitoral.com\\\/#website\"},\"primaryImageOfPage\":{\"@id\":\"https:\\\/\\\/radiolitoral.com\\\/2025\\\/08\\\/teulada-impulsa-su-producto-local-con-el-reparto-gratuito-de-830-kg-de-uva-moscatel\\\/#primaryimage\"},\"image\":{\"@id\":\"https:\\\/\\\/radiolitoral.com\\\/2025\\\/08\\\/teulada-impulsa-su-producto-local-con-el-reparto-gratuito-de-830-kg-de-uva-moscatel\\\/#primaryimage\"},\"thumbnailUrl\":\"https:\\\/\\\/media.radiolitoral.com\\\/wp-content\\\/uploads\\\/2025\\\/08\\\/26143145\\\/WhatsApp-Image-2025-08-26-at-14.28.49.jpeg\",\"datePublished\":\"2025-08-26T12:30:48+00:00\",\"dateModified\":\"2025-08-26T12:32:21+00:00\",\"description\":\"La distribuci\u00f3n se realizar\u00e1 el mi\u00e9rcoles 27 en Teulada y el viernes 29 en Moraira desde las 9:00 h\",\"breadcrumb\":{\"@id\":\"https:\\\/\\\/radiolitoral.com\\\/2025\\\/08\\\/teulada-impulsa-su-producto-local-con-el-reparto-gratuito-de-830-kg-de-uva-moscatel\\\/#breadcrumb\"},\"inLanguage\":\"ca\",\"potentialAction\":[{\"@type\":\"ReadAction\",\"target\":[\"https:\\\/\\\/radiolitoral.com\\\/2025\\\/08\\\/teulada-impulsa-su-producto-local-con-el-reparto-gratuito-de-830-kg-de-uva-moscatel\\\/\"]}]},{\"@type\":\"ImageObject\",\"inLanguage\":\"ca\",\"@id\":\"https:\\\/\\\/radiolitoral.com\\\/2025\\\/08\\\/teulada-impulsa-su-producto-local-con-el-reparto-gratuito-de-830-kg-de-uva-moscatel\\\/#primaryimage\",\"url\":\"https:\\\/\\\/media.radiolitoral.com\\\/wp-content\\\/uploads\\\/2025\\\/08\\\/26143145\\\/WhatsApp-Image-2025-08-26-at-14.28.49.jpeg\",\"contentUrl\":\"https:\\\/\\\/media.radiolitoral.com\\\/wp-content\\\/uploads\\\/2025\\\/08\\\/26143145\\\/WhatsApp-Image-2025-08-26-at-14.28.49.jpeg\",\"width\":1600,\"height\":971},{\"@type\":\"BreadcrumbList\",\"@id\":\"https:\\\/\\\/radiolitoral.com\\\/2025\\\/08\\\/teulada-impulsa-su-producto-local-con-el-reparto-gratuito-de-830-kg-de-uva-moscatel\\\/#breadcrumb\",\"itemListElement\":[{\"@type\":\"ListItem\",\"position\":1,\"name\":\"Portada\",\"item\":\"https:\\\/\\\/radiolitoral.com\\\/\"},{\"@type\":\"ListItem\",\"position\":2,\"name\":\"Teulada impulsa su producto local con el reparto gratuito de 830 kg de uva moscatel\"}]},{\"@type\":\"WebSite\",\"@id\":\"https:\\\/\\\/radiolitoral.com\\\/#website\",\"url\":\"https:\\\/\\\/radiolitoral.com\\\/\",\"name\":\"Radio Litoral\",\"description\":\"La radio local de la Marina Alta\",\"publisher\":{\"@id\":\"https:\\\/\\\/radiolitoral.com\\\/#organization\"},\"alternateName\":\"Litoral FM\",\"potentialAction\":[{\"@type\":\"SearchAction\",\"target\":{\"@type\":\"EntryPoint\",\"urlTemplate\":\"https:\\\/\\\/radiolitoral.com\\\/?s={search_term_string}\"},\"query-input\":{\"@type\":\"PropertyValueSpecification\",\"valueRequired\":true,\"valueName\":\"search_term_string\"}}],\"inLanguage\":\"ca\"},{\"@type\":\"Organization\",\"@id\":\"https:\\\/\\\/radiolitoral.com\\\/#organization\",\"name\":\"Radio Litoral\",\"url\":\"https:\\\/\\\/radiolitoral.com\\\/\",\"logo\":{\"@type\":\"ImageObject\",\"inLanguage\":\"ca\",\"@id\":\"https:\\\/\\\/radiolitoral.com\\\/#\\\/schema\\\/logo\\\/image\\\/\",\"url\":\"https:\\\/\\\/media.radiolitoral.com\\\/wp-content\\\/uploads\\\/2023\\\/02\\\/24143238\\\/CL-V-RadioLitoral696.png\",\"contentUrl\":\"https:\\\/\\\/media.radiolitoral.com\\\/wp-content\\\/uploads\\\/2023\\\/02\\\/24143238\\\/CL-V-RadioLitoral696.png\",\"width\":696,\"height\":696,\"caption\":\"Radio Litoral\"},\"image\":{\"@id\":\"https:\\\/\\\/radiolitoral.com\\\/#\\\/schema\\\/logo\\\/image\\\/\"},\"sameAs\":[\"https:\\\/\\\/www.facebook.com\\\/Laradiolitoral\\\/\"]},{\"@type\":\"Person\",\"@id\":\"https:\\\/\\\/radiolitoral.com\\\/#\\\/schema\\\/person\\\/f2b2343c49b5d721857cc1002bfdb151\",\"name\":\"Redacci\u00f3n\",\"image\":{\"@type\":\"ImageObject\",\"inLanguage\":\"ca\",\"@id\":\"https:\\\/\\\/secure.gravatar.com\\\/avatar\\\/f771d896c203ad8b3382d7905cfcce5a5c9b008b84b3cd9114e9b9f4cb63f789?s=96&d=mm&r=g\",\"url\":\"https:\\\/\\\/secure.gravatar.com\\\/avatar\\\/f771d896c203ad8b3382d7905cfcce5a5c9b008b84b3cd9114e9b9f4cb63f789?s=96&d=mm&r=g\",\"contentUrl\":\"https:\\\/\\\/secure.gravatar.com\\\/avatar\\\/f771d896c203ad8b3382d7905cfcce5a5c9b008b84b3cd9114e9b9f4cb63f789?s=96&d=mm&r=g\",\"caption\":\"Redacci\u00f3n\"},\"url\":\"https:\\\/\\\/radiolitoral.com\\\/ca\\\/author\\\/miriam-pagan\\\/\"}]}<\/script>\n<!-- \/ Yoast SEO plugin. -->","yoast_head_json":{"title":"Teulada impulsa el producte local amb el repartiment gratu\u00eft de 830 kg de ra\u00efm moscatell | R\u00e0dio Litoral","description":"La distribuci\u00f3 es realitzar\u00e0 el dimecres 27 a Teulada i el divendres 29 a Moraira des de les 9:00 h","robots":{"index":"index","follow":"follow","max-snippet":"max-snippet:-1","max-image-preview":"max-image-preview:large","max-video-preview":"max-video-preview:-1"},"canonical":"https:\/\/radiolitoral.com\/ca\/2025\/08\/teulada-impulsa-el-seu-producte-local-amb-el-repartiment-gratuit-de-830-kg-de-raim-moscatell\/","og_locale":"ca_ES","og_type":"article","og_title":"Teulada impulsa su producto local con el reparto gratuito de 830 kg de uva moscatel | R\u00e0dio Litoral","og_description":"La distribuci\u00f3n se realizar\u00e1 el mi\u00e9rcoles 27 en Teulada y el viernes 29 en Moraira desde las 9:00 h","og_url":"https:\/\/radiolitoral.com\/ca\/2025\/08\/teulada-impulsa-el-seu-producte-local-amb-el-repartiment-gratuit-de-830-kg-de-raim-moscatell\/","og_site_name":"R\u00e0dio Litoral","article_publisher":"https:\/\/www.facebook.com\/Laradiolitoral\/","article_published_time":"2025-08-26T12:30:48+00:00","article_modified_time":"2025-08-26T12:32:21+00:00","og_image":[{"width":1600,"height":971,"url":"https:\/\/media.radiolitoral.com\/wp-content\/uploads\/2025\/08\/26143145\/WhatsApp-Image-2025-08-26-at-14.28.49.jpeg","type":"image\/jpeg"}],"author":"Redacci\u00f3n","twitter_card":"summary_large_image","twitter_misc":{"Escrit per":"Redacci\u00f3n","Temps estimat de lectura":"2 minuts"},"schema":{"@context":"https:\/\/schema.org","@graph":[{"@type":"NewsArticle","@id":"https:\/\/radiolitoral.com\/2025\/08\/teulada-impulsa-su-producto-local-con-el-reparto-gratuito-de-830-kg-de-uva-moscatel\/#article","isPartOf":{"@id":"https:\/\/radiolitoral.com\/2025\/08\/teulada-impulsa-su-producto-local-con-el-reparto-gratuito-de-830-kg-de-uva-moscatel\/"},"author":{"name":"Redacci\u00f3n","@id":"https:\/\/radiolitoral.com\/#\/schema\/person\/f2b2343c49b5d721857cc1002bfdb151"},"headline":"Teulada impulsa su producto local con el reparto gratuito de 830 kg de uva moscatel","datePublished":"2025-08-26T12:30:48+00:00","dateModified":"2025-08-26T12:32:21+00:00","mainEntityOfPage":{"@id":"https:\/\/radiolitoral.com\/2025\/08\/teulada-impulsa-su-producto-local-con-el-reparto-gratuito-de-830-kg-de-uva-moscatel\/"},"wordCount":321,"commentCount":0,"publisher":{"@id":"https:\/\/radiolitoral.com\/#organization"},"image":{"@id":"https:\/\/radiolitoral.com\/2025\/08\/teulada-impulsa-su-producto-local-con-el-reparto-gratuito-de-830-kg-de-uva-moscatel\/#primaryimage"},"thumbnailUrl":"https:\/\/media.radiolitoral.com\/wp-content\/uploads\/2025\/08\/26143145\/WhatsApp-Image-2025-08-26-at-14.28.49.jpeg","keywords":["gratis","Teulada-Moraira","Uva moscatell"],"articleSection":["Sociedad"],"inLanguage":"ca","potentialAction":[{"@type":"CommentAction","name":"Comment","target":["https:\/\/radiolitoral.com\/2025\/08\/teulada-impulsa-su-producto-local-con-el-reparto-gratuito-de-830-kg-de-uva-moscatel\/#respond"]}]},{"@type":["WebPage","ItemPage"],"@id":"https:\/\/radiolitoral.com\/2025\/08\/teulada-impulsa-su-producto-local-con-el-reparto-gratuito-de-830-kg-de-uva-moscatel\/","url":"https:\/\/radiolitoral.com\/2025\/08\/teulada-impulsa-su-producto-local-con-el-reparto-gratuito-de-830-kg-de-uva-moscatel\/","name":"Teulada impulsa el producte local amb el repartiment gratu\u00eft de 830 kg de ra\u00efm moscatell | R\u00e0dio Litoral","isPartOf":{"@id":"https:\/\/radiolitoral.com\/#website"},"primaryImageOfPage":{"@id":"https:\/\/radiolitoral.com\/2025\/08\/teulada-impulsa-su-producto-local-con-el-reparto-gratuito-de-830-kg-de-uva-moscatel\/#primaryimage"},"image":{"@id":"https:\/\/radiolitoral.com\/2025\/08\/teulada-impulsa-su-producto-local-con-el-reparto-gratuito-de-830-kg-de-uva-moscatel\/#primaryimage"},"thumbnailUrl":"https:\/\/media.radiolitoral.com\/wp-content\/uploads\/2025\/08\/26143145\/WhatsApp-Image-2025-08-26-at-14.28.49.jpeg","datePublished":"2025-08-26T12:30:48+00:00","dateModified":"2025-08-26T12:32:21+00:00","description":"La distribuci\u00f3 es realitzar\u00e0 el dimecres 27 a Teulada i el divendres 29 a Moraira des de les 9:00 h","breadcrumb":{"@id":"https:\/\/radiolitoral.com\/2025\/08\/teulada-impulsa-su-producto-local-con-el-reparto-gratuito-de-830-kg-de-uva-moscatel\/#breadcrumb"},"inLanguage":"ca","potentialAction":[{"@type":"ReadAction","target":["https:\/\/radiolitoral.com\/2025\/08\/teulada-impulsa-su-producto-local-con-el-reparto-gratuito-de-830-kg-de-uva-moscatel\/"]}]},{"@type":"ImageObject","inLanguage":"ca","@id":"https:\/\/radiolitoral.com\/2025\/08\/teulada-impulsa-su-producto-local-con-el-reparto-gratuito-de-830-kg-de-uva-moscatel\/#primaryimage","url":"https:\/\/media.radiolitoral.com\/wp-content\/uploads\/2025\/08\/26143145\/WhatsApp-Image-2025-08-26-at-14.28.49.jpeg","contentUrl":"https:\/\/media.radiolitoral.com\/wp-content\/uploads\/2025\/08\/26143145\/WhatsApp-Image-2025-08-26-at-14.28.49.jpeg","width":1600,"height":971},{"@type":"BreadcrumbList","@id":"https:\/\/radiolitoral.com\/2025\/08\/teulada-impulsa-su-producto-local-con-el-reparto-gratuito-de-830-kg-de-uva-moscatel\/#breadcrumb","itemListElement":[{"@type":"ListItem","position":1,"name":"Portada","item":"https:\/\/radiolitoral.com\/"},{"@type":"ListItem","position":2,"name":"Teulada impulsa su producto local con el reparto gratuito de 830 kg de uva moscatel"}]},{"@type":"WebSite","@id":"https:\/\/radiolitoral.com\/#website","url":"https:\/\/radiolitoral.com\/","name":"R\u00e0dio Litoral","description":"La r\u00e0dio local de la Marina Alta","publisher":{"@id":"https:\/\/radiolitoral.com\/#organization"},"alternateName":"Litoral FM","potentialAction":[{"@type":"SearchAction","target":{"@type":"EntryPoint","urlTemplate":"https:\/\/radiolitoral.com\/?s={search_term_string}"},"query-input":{"@type":"PropertyValueSpecification","valueRequired":true,"valueName":"search_term_string"}}],"inLanguage":"ca"},{"@type":"Organization","@id":"https:\/\/radiolitoral.com\/#organization","name":"R\u00e0dio Litoral","url":"https:\/\/radiolitoral.com\/","logo":{"@type":"ImageObject","inLanguage":"ca","@id":"https:\/\/radiolitoral.com\/#\/schema\/logo\/image\/","url":"https:\/\/media.radiolitoral.com\/wp-content\/uploads\/2023\/02\/24143238\/CL-V-RadioLitoral696.png","contentUrl":"https:\/\/media.radiolitoral.com\/wp-content\/uploads\/2023\/02\/24143238\/CL-V-RadioLitoral696.png","width":696,"height":696,"caption":"Radio Litoral"},"image":{"@id":"https:\/\/radiolitoral.com\/#\/schema\/logo\/image\/"},"sameAs":["https:\/\/www.facebook.com\/Laradiolitoral\/"]},{"@type":"Person","@id":"https:\/\/radiolitoral.com\/#\/schema\/person\/f2b2343c49b5d721857cc1002bfdb151","name":"Redacci\u00f3","image":{"@type":"ImageObject","inLanguage":"ca","@id":"https:\/\/secure.gravatar.com\/avatar\/f771d896c203ad8b3382d7905cfcce5a5c9b008b84b3cd9114e9b9f4cb63f789?s=96&d=mm&r=g","url":"https:\/\/secure.gravatar.com\/avatar\/f771d896c203ad8b3382d7905cfcce5a5c9b008b84b3cd9114e9b9f4cb63f789?s=96&d=mm&r=g","contentUrl":"https:\/\/secure.gravatar.com\/avatar\/f771d896c203ad8b3382d7905cfcce5a5c9b008b84b3cd9114e9b9f4cb63f789?s=96&d=mm&r=g","caption":"Redacci\u00f3n"},"url":"https:\/\/radiolitoral.com\/ca\/author\/miriam-pagan\/"}]}},"_links":{"self":[{"href":"https:\/\/radiolitoral.com\/ca\/wp-json\/wp\/v2\/posts\/18339","targetHints":{"allow":["GET"]}}],"collection":[{"href":"https:\/\/radiolitoral.com\/ca\/wp-json\/wp\/v2\/posts"}],"about":[{"href":"https:\/\/radiolitoral.com\/ca\/wp-json\/wp\/v2\/types\/post"}],"author":[{"embeddable":true,"href":"https:\/\/radiolitoral.com\/ca\/wp-json\/wp\/v2\/users\/13"}],"replies":[{"embeddable":true,"href":"https:\/\/radiolitoral.com\/ca\/wp-json\/wp\/v2\/comments?post=18339"}],"version-history":[{"count":3,"href":"https:\/\/radiolitoral.com\/ca\/wp-json\/wp\/v2\/posts\/18339\/revisions"}],"predecessor-version":[{"id":18343,"href":"https:\/\/radiolitoral.com\/ca\/wp-json\/wp\/v2\/posts\/18339\/revisions\/18343"}],"wp:featuredmedia":[{"embeddable":true,"href":"https:\/\/radiolitoral.com\/ca\/wp-json\/wp\/v2\/media\/18344"}],"wp:attachment":[{"href":"https:\/\/radiolitoral.com\/ca\/wp-json\/wp\/v2\/media?parent=18339"}],"wp:term":[{"taxonomy":"category","embeddable":true,"href":"https:\/\/radiolitoral.com\/ca\/wp-json\/wp\/v2\/categories?post=18339"},{"taxonomy":"post_tag","embeddable":true,"href":"https:\/\/radiolitoral.com\/ca\/wp-json\/wp\/v2\/tags?post=18339"}],"curies":[{"name":"wp","href":"https:\/\/api.w.org\/{rel}","templated":true}]}}