{"id":18317,"date":"2025-08-26T10:22:04","date_gmt":"2025-08-26T08:22:04","guid":{"rendered":"https:\/\/radiolitoral.com\/?p=18317"},"modified":"2025-08-26T10:22:04","modified_gmt":"2025-08-26T08:22:04","slug":"el-torneig-destiu-de-futsal-va-ser-per-a-candeletes","status":"publish","type":"post","link":"https:\/\/radiolitoral.com\/ca\/2025\/08\/el-torneo-de-verano-de-futsal-fue-para-candilejas\/","title":{"rendered":"El torneig d&#039;estiu de Futsal va ser per a Candilejas"},"content":{"rendered":"<p data-start=\"269\" data-end=\"651\">La gran final del<strong data-start=\"272\" data-end=\"329\"> Torneig d&#039;agost de futbol sala s\u00e8nior <\/strong>que va organitzar<strong data-start=\"272\" data-end=\"329\"> ACYDMA<\/strong>\u00a0va oferir un aut\u00e8ntic espectacle per als aficionats, amb <strong data-start=\"389\" data-end=\"414\">Candilejas Mercatoldo<\/strong> i <strong data-start=\"417\" data-end=\"437\">Restaurant Mena<\/strong> lliurant tot el seu arsenal sobre la pista en un partit intens i molt igualat. L&#039;emoci\u00f3 es va mantenir fins a l&#039;\u00faltim minut, i la definici\u00f3 des dels penals va posar el colof\u00f3 a un matx inoblidable.<\/p>\n<p data-start=\"653\" data-end=\"979\">El partit va comen\u00e7ar amb Restaurant Mena prenent avantatge a la primera meitat, gr\u00e0cies a un gol que els va avan\u00e7ar al marcador amb el 0-1. Tot i aix\u00f2, a la segona part, Candilejas Mercatoldo va igualar el marcador amb un excel\u00b7lent gol fruit d&#039;una gran jugada col\u00b7lectiva, fet que va encendre la passi\u00f3 de l&#039;afici\u00f3.<\/p>\n<p data-start=\"981\" data-end=\"1335\">Durant la resta del temps reglamentari, els dos equips es van mostrar molt semblants, amb ocasions clares, diversos trets que van impactar als pals i una intensitat que va mantenir els presents a la vora del seient. La pr\u00f2rroga de 10 minuts no va ser suficient per decidir el campi\u00f3, deixant tot llest per a la tanda de penals.<\/p>\n<p data-start=\"1337\" data-end=\"1532\">Des dels 6 metres, Candilejas Mercatoldo va demostrar major precisi\u00f3 i tremp, imposant-se per <strong data-start=\"1439\" data-end=\"1446\">4-3<\/strong> i emportant-se el trofeu davant un Restaurant Mena que va barallar fins a l&#039;\u00faltim instant.<\/p>\n<p data-start=\"1337\" data-end=\"1532\">La vict\u00f2ria de Candilejas Mercatoldo tanca un torneig que quedar\u00e0 a la mem\u00f2ria per l&#039;emoci\u00f3, la qualitat de joc i el lliurament dels dos equips, consolidant una final que ser\u00e0 recordada per la suspens i l&#039;espectacularitat.<\/p>\n<p><script src=\"chrome-extension:\/\/flbolonkboilcbnohjlchlfgdalomdpl\/iFrame.js\" type=\"text\/javascript\"><\/script><\/p>","protected":false},"excerpt":{"rendered":"<p>La gran final del Torneo de Agosto de F\u00fatbol Sala Senior que organiz\u00f3 ACYDMA\u00a0ofreci\u00f3 un aut\u00e9ntico espect\u00e1culo para los aficionados, con Candilejas Mercatoldo y Restaurante Mena entregando todo su arsenal sobre la pista en un partido intenso y muy igualado. La emoci\u00f3n se mantuvo hasta el \u00faltimo minuto, y la definici\u00f3n desde los penaltis puso [&#8230;]<\/p>\n<p><a class=\"btn btn-secondary understrap-read-more-link\" href=\"https:\/\/radiolitoral.com\/ca\/2025\/08\/el-torneo-de-verano-de-futsal-fue-para-candilejas\/\">Continua llegint&#8230;<span class=\"screen-reader-text\"> from El torneo de verano de F\u00fatsal fue para Candilejas<\/span><\/a><\/p>\n","protected":false},"author":12,"featured_media":18320,"comment_status":"open","ping_status":"closed","sticky":false,"template":"","format":"standard","meta":{"_acf_changed":false,"inline_featured_image":false,"footnotes":""},"categories":[5],"tags":[1508,6],"class_list":["post-18317","post","type-post","status-publish","format-standard","has-post-thumbnail","hentry","category-deportes","tag-acydma","tag-deportes","cobertura-denia"],"acf":[],"yoast_head":"<!-- This site is optimized with the Yoast SEO plugin v27.5 - https:\/\/yoast.com\/product\/yoast-seo-wordpress\/ -->\n<title>El torneo de verano de F\u00fatsal fue para Candilejas | R\u00e0dio Litoral<\/title>\n<meta name=\"description\" content=\"Tras una disputada final ante Rte. Mena el acierto en la tanda de penalties decidi\u00f3 el campe\u00f3nTras una disputada final ante Rte. Mena el acierto en la tanda de penalties decidi\u00f3 el campe\u00f3n\" \/>\n<meta name=\"robots\" content=\"index, follow, max-snippet:-1, max-image-preview:large, max-video-preview:-1\" \/>\n<link rel=\"canonical\" href=\"https:\/\/radiolitoral.com\/ca\/2025\/08\/el-torneig-destiu-de-futsal-va-ser-per-a-candeletes\/\" \/>\n<meta property=\"og:locale\" content=\"ca_ES\" \/>\n<meta property=\"og:type\" content=\"article\" \/>\n<meta property=\"og:title\" content=\"El torneo de verano de F\u00fatsal fue para Candilejas | R\u00e0dio Litoral\" \/>\n<meta property=\"og:description\" content=\"Tras una disputada final ante Rte. Mena el acierto en la tanda de penalties decidi\u00f3 el campe\u00f3nTras una disputada final ante Rte. Mena el acierto en la tanda de penalties decidi\u00f3 el campe\u00f3n\" \/>\n<meta property=\"og:url\" content=\"https:\/\/radiolitoral.com\/ca\/2025\/08\/el-torneig-destiu-de-futsal-va-ser-per-a-candeletes\/\" \/>\n<meta property=\"og:site_name\" content=\"R\u00e0dio Litoral\" \/>\n<meta property=\"article:publisher\" content=\"https:\/\/www.facebook.com\/Laradiolitoral\/\" \/>\n<meta property=\"article:published_time\" content=\"2025-08-26T08:22:04+00:00\" \/>\n<meta property=\"og:image\" content=\"https:\/\/media.radiolitoral.com\/wp-content\/uploads\/2025\/08\/26102145\/Alberto-Portillo-entregando-el-trofeo.jpg\" \/>\n\t<meta property=\"og:image:width\" content=\"1295\" \/>\n\t<meta property=\"og:image:height\" content=\"747\" \/>\n\t<meta property=\"og:image:type\" content=\"image\/jpeg\" \/>\n<meta name=\"author\" content=\"Javier Zamora\" \/>\n<meta name=\"twitter:card\" content=\"summary_large_image\" \/>\n<meta name=\"twitter:label1\" content=\"Escrit per\" \/>\n\t<meta name=\"twitter:data1\" content=\"Javier Zamora\" \/>\n\t<meta name=\"twitter:label2\" content=\"Temps estimat de lectura\" \/>\n\t<meta name=\"twitter:data2\" content=\"2 minuts\" \/>\n<script type=\"application\/ld+json\" class=\"yoast-schema-graph\">{\"@context\":\"https:\\\/\\\/schema.org\",\"@graph\":[{\"@type\":\"NewsArticle\",\"@id\":\"https:\\\/\\\/radiolitoral.com\\\/2025\\\/08\\\/el-torneo-de-verano-de-futsal-fue-para-candilejas\\\/#article\",\"isPartOf\":{\"@id\":\"https:\\\/\\\/radiolitoral.com\\\/2025\\\/08\\\/el-torneo-de-verano-de-futsal-fue-para-candilejas\\\/\"},\"author\":{\"name\":\"Javier Zamora\",\"@id\":\"https:\\\/\\\/radiolitoral.com\\\/#\\\/schema\\\/person\\\/7b1480b5caeb5acdd4ec6379caf62b22\"},\"headline\":\"El torneo de verano de F\u00fatsal fue para Candilejas\",\"datePublished\":\"2025-08-26T08:22:04+00:00\",\"mainEntityOfPage\":{\"@id\":\"https:\\\/\\\/radiolitoral.com\\\/2025\\\/08\\\/el-torneo-de-verano-de-futsal-fue-para-candilejas\\\/\"},\"wordCount\":256,\"commentCount\":0,\"publisher\":{\"@id\":\"https:\\\/\\\/radiolitoral.com\\\/#organization\"},\"image\":{\"@id\":\"https:\\\/\\\/radiolitoral.com\\\/2025\\\/08\\\/el-torneo-de-verano-de-futsal-fue-para-candilejas\\\/#primaryimage\"},\"thumbnailUrl\":\"https:\\\/\\\/media.radiolitoral.com\\\/wp-content\\\/uploads\\\/2025\\\/08\\\/26102145\\\/Alberto-Portillo-entregando-el-trofeo.jpg\",\"keywords\":[\"Acydma\",\"deportes\"],\"articleSection\":[\"Deportes\"],\"inLanguage\":\"ca\",\"potentialAction\":[{\"@type\":\"CommentAction\",\"name\":\"Comment\",\"target\":[\"https:\\\/\\\/radiolitoral.com\\\/2025\\\/08\\\/el-torneo-de-verano-de-futsal-fue-para-candilejas\\\/#respond\"]}]},{\"@type\":[\"WebPage\",\"ItemPage\"],\"@id\":\"https:\\\/\\\/radiolitoral.com\\\/2025\\\/08\\\/el-torneo-de-verano-de-futsal-fue-para-candilejas\\\/\",\"url\":\"https:\\\/\\\/radiolitoral.com\\\/2025\\\/08\\\/el-torneo-de-verano-de-futsal-fue-para-candilejas\\\/\",\"name\":\"El torneo de verano de F\u00fatsal fue para Candilejas | R\u00e0dio Litoral\",\"isPartOf\":{\"@id\":\"https:\\\/\\\/radiolitoral.com\\\/#website\"},\"primaryImageOfPage\":{\"@id\":\"https:\\\/\\\/radiolitoral.com\\\/2025\\\/08\\\/el-torneo-de-verano-de-futsal-fue-para-candilejas\\\/#primaryimage\"},\"image\":{\"@id\":\"https:\\\/\\\/radiolitoral.com\\\/2025\\\/08\\\/el-torneo-de-verano-de-futsal-fue-para-candilejas\\\/#primaryimage\"},\"thumbnailUrl\":\"https:\\\/\\\/media.radiolitoral.com\\\/wp-content\\\/uploads\\\/2025\\\/08\\\/26102145\\\/Alberto-Portillo-entregando-el-trofeo.jpg\",\"datePublished\":\"2025-08-26T08:22:04+00:00\",\"description\":\"Tras una disputada final ante Rte. Mena el acierto en la tanda de penalties decidi\u00f3 el campe\u00f3nTras una disputada final ante Rte. Mena el acierto en la tanda de penalties decidi\u00f3 el campe\u00f3n\",\"breadcrumb\":{\"@id\":\"https:\\\/\\\/radiolitoral.com\\\/2025\\\/08\\\/el-torneo-de-verano-de-futsal-fue-para-candilejas\\\/#breadcrumb\"},\"inLanguage\":\"ca\",\"potentialAction\":[{\"@type\":\"ReadAction\",\"target\":[\"https:\\\/\\\/radiolitoral.com\\\/2025\\\/08\\\/el-torneo-de-verano-de-futsal-fue-para-candilejas\\\/\"]}]},{\"@type\":\"ImageObject\",\"inLanguage\":\"ca\",\"@id\":\"https:\\\/\\\/radiolitoral.com\\\/2025\\\/08\\\/el-torneo-de-verano-de-futsal-fue-para-candilejas\\\/#primaryimage\",\"url\":\"https:\\\/\\\/media.radiolitoral.com\\\/wp-content\\\/uploads\\\/2025\\\/08\\\/26102145\\\/Alberto-Portillo-entregando-el-trofeo.jpg\",\"contentUrl\":\"https:\\\/\\\/media.radiolitoral.com\\\/wp-content\\\/uploads\\\/2025\\\/08\\\/26102145\\\/Alberto-Portillo-entregando-el-trofeo.jpg\",\"width\":1295,\"height\":747},{\"@type\":\"BreadcrumbList\",\"@id\":\"https:\\\/\\\/radiolitoral.com\\\/2025\\\/08\\\/el-torneo-de-verano-de-futsal-fue-para-candilejas\\\/#breadcrumb\",\"itemListElement\":[{\"@type\":\"ListItem\",\"position\":1,\"name\":\"Portada\",\"item\":\"https:\\\/\\\/radiolitoral.com\\\/\"},{\"@type\":\"ListItem\",\"position\":2,\"name\":\"El torneo de verano de F\u00fatsal fue para Candilejas\"}]},{\"@type\":\"WebSite\",\"@id\":\"https:\\\/\\\/radiolitoral.com\\\/#website\",\"url\":\"https:\\\/\\\/radiolitoral.com\\\/\",\"name\":\"Radio Litoral\",\"description\":\"La radio local de la Marina Alta\",\"publisher\":{\"@id\":\"https:\\\/\\\/radiolitoral.com\\\/#organization\"},\"alternateName\":\"Litoral FM\",\"potentialAction\":[{\"@type\":\"SearchAction\",\"target\":{\"@type\":\"EntryPoint\",\"urlTemplate\":\"https:\\\/\\\/radiolitoral.com\\\/?s={search_term_string}\"},\"query-input\":{\"@type\":\"PropertyValueSpecification\",\"valueRequired\":true,\"valueName\":\"search_term_string\"}}],\"inLanguage\":\"ca\"},{\"@type\":\"Organization\",\"@id\":\"https:\\\/\\\/radiolitoral.com\\\/#organization\",\"name\":\"Radio Litoral\",\"url\":\"https:\\\/\\\/radiolitoral.com\\\/\",\"logo\":{\"@type\":\"ImageObject\",\"inLanguage\":\"ca\",\"@id\":\"https:\\\/\\\/radiolitoral.com\\\/#\\\/schema\\\/logo\\\/image\\\/\",\"url\":\"https:\\\/\\\/media.radiolitoral.com\\\/wp-content\\\/uploads\\\/2023\\\/02\\\/24143238\\\/CL-V-RadioLitoral696.png\",\"contentUrl\":\"https:\\\/\\\/media.radiolitoral.com\\\/wp-content\\\/uploads\\\/2023\\\/02\\\/24143238\\\/CL-V-RadioLitoral696.png\",\"width\":696,\"height\":696,\"caption\":\"Radio Litoral\"},\"image\":{\"@id\":\"https:\\\/\\\/radiolitoral.com\\\/#\\\/schema\\\/logo\\\/image\\\/\"},\"sameAs\":[\"https:\\\/\\\/www.facebook.com\\\/Laradiolitoral\\\/\"]},{\"@type\":\"Person\",\"@id\":\"https:\\\/\\\/radiolitoral.com\\\/#\\\/schema\\\/person\\\/7b1480b5caeb5acdd4ec6379caf62b22\",\"name\":\"Javier Zamora\",\"image\":{\"@type\":\"ImageObject\",\"inLanguage\":\"ca\",\"@id\":\"https:\\\/\\\/secure.gravatar.com\\\/avatar\\\/467a11f6918c7d619c4043fc6fa2d3853053107973f05b6e9c04ea6c4e3a7b3f?s=96&d=mm&r=g\",\"url\":\"https:\\\/\\\/secure.gravatar.com\\\/avatar\\\/467a11f6918c7d619c4043fc6fa2d3853053107973f05b6e9c04ea6c4e3a7b3f?s=96&d=mm&r=g\",\"contentUrl\":\"https:\\\/\\\/secure.gravatar.com\\\/avatar\\\/467a11f6918c7d619c4043fc6fa2d3853053107973f05b6e9c04ea6c4e3a7b3f?s=96&d=mm&r=g\",\"caption\":\"Javier Zamora\"},\"url\":\"https:\\\/\\\/radiolitoral.com\\\/ca\\\/author\\\/javier-zamora\\\/\"}]}<\/script>\n<!-- \/ Yoast SEO plugin. -->","yoast_head_json":{"title":"El torneig d&#039;estiu de Futsal va ser per a Candilejas | R\u00e0dio Litoral","description":"Despr\u00e9s d&#039;una disputada final davant de Rte. Mena l&#039;encert a la tanda de penals va decidir el campi\u00f3 Despr\u00e9s d&#039;una disputada final davant Rte. Mena l&#039;encert a la tanda de penals va decidir el campi\u00f3","robots":{"index":"index","follow":"follow","max-snippet":"max-snippet:-1","max-image-preview":"max-image-preview:large","max-video-preview":"max-video-preview:-1"},"canonical":"https:\/\/radiolitoral.com\/ca\/2025\/08\/el-torneig-destiu-de-futsal-va-ser-per-a-candeletes\/","og_locale":"ca_ES","og_type":"article","og_title":"El torneo de verano de F\u00fatsal fue para Candilejas | R\u00e0dio Litoral","og_description":"Tras una disputada final ante Rte. Mena el acierto en la tanda de penalties decidi\u00f3 el campe\u00f3nTras una disputada final ante Rte. Mena el acierto en la tanda de penalties decidi\u00f3 el campe\u00f3n","og_url":"https:\/\/radiolitoral.com\/ca\/2025\/08\/el-torneig-destiu-de-futsal-va-ser-per-a-candeletes\/","og_site_name":"R\u00e0dio Litoral","article_publisher":"https:\/\/www.facebook.com\/Laradiolitoral\/","article_published_time":"2025-08-26T08:22:04+00:00","og_image":[{"width":1295,"height":747,"url":"https:\/\/media.radiolitoral.com\/wp-content\/uploads\/2025\/08\/26102145\/Alberto-Portillo-entregando-el-trofeo.jpg","type":"image\/jpeg"}],"author":"Javier Zamora","twitter_card":"summary_large_image","twitter_misc":{"Escrit per":"Javier Zamora","Temps estimat de lectura":"2 minuts"},"schema":{"@context":"https:\/\/schema.org","@graph":[{"@type":"NewsArticle","@id":"https:\/\/radiolitoral.com\/2025\/08\/el-torneo-de-verano-de-futsal-fue-para-candilejas\/#article","isPartOf":{"@id":"https:\/\/radiolitoral.com\/2025\/08\/el-torneo-de-verano-de-futsal-fue-para-candilejas\/"},"author":{"name":"Javier Zamora","@id":"https:\/\/radiolitoral.com\/#\/schema\/person\/7b1480b5caeb5acdd4ec6379caf62b22"},"headline":"El torneo de verano de F\u00fatsal fue para Candilejas","datePublished":"2025-08-26T08:22:04+00:00","mainEntityOfPage":{"@id":"https:\/\/radiolitoral.com\/2025\/08\/el-torneo-de-verano-de-futsal-fue-para-candilejas\/"},"wordCount":256,"commentCount":0,"publisher":{"@id":"https:\/\/radiolitoral.com\/#organization"},"image":{"@id":"https:\/\/radiolitoral.com\/2025\/08\/el-torneo-de-verano-de-futsal-fue-para-candilejas\/#primaryimage"},"thumbnailUrl":"https:\/\/media.radiolitoral.com\/wp-content\/uploads\/2025\/08\/26102145\/Alberto-Portillo-entregando-el-trofeo.jpg","keywords":["Acydma","deportes"],"articleSection":["Deportes"],"inLanguage":"ca","potentialAction":[{"@type":"CommentAction","name":"Comment","target":["https:\/\/radiolitoral.com\/2025\/08\/el-torneo-de-verano-de-futsal-fue-para-candilejas\/#respond"]}]},{"@type":["WebPage","ItemPage"],"@id":"https:\/\/radiolitoral.com\/2025\/08\/el-torneo-de-verano-de-futsal-fue-para-candilejas\/","url":"https:\/\/radiolitoral.com\/2025\/08\/el-torneo-de-verano-de-futsal-fue-para-candilejas\/","name":"El torneig d&#039;estiu de Futsal va ser per a Candilejas | R\u00e0dio Litoral","isPartOf":{"@id":"https:\/\/radiolitoral.com\/#website"},"primaryImageOfPage":{"@id":"https:\/\/radiolitoral.com\/2025\/08\/el-torneo-de-verano-de-futsal-fue-para-candilejas\/#primaryimage"},"image":{"@id":"https:\/\/radiolitoral.com\/2025\/08\/el-torneo-de-verano-de-futsal-fue-para-candilejas\/#primaryimage"},"thumbnailUrl":"https:\/\/media.radiolitoral.com\/wp-content\/uploads\/2025\/08\/26102145\/Alberto-Portillo-entregando-el-trofeo.jpg","datePublished":"2025-08-26T08:22:04+00:00","description":"Despr\u00e9s d&#039;una disputada final davant de Rte. Mena l&#039;encert a la tanda de penals va decidir el campi\u00f3 Despr\u00e9s d&#039;una disputada final davant Rte. Mena l&#039;encert a la tanda de penals va decidir el campi\u00f3","breadcrumb":{"@id":"https:\/\/radiolitoral.com\/2025\/08\/el-torneo-de-verano-de-futsal-fue-para-candilejas\/#breadcrumb"},"inLanguage":"ca","potentialAction":[{"@type":"ReadAction","target":["https:\/\/radiolitoral.com\/2025\/08\/el-torneo-de-verano-de-futsal-fue-para-candilejas\/"]}]},{"@type":"ImageObject","inLanguage":"ca","@id":"https:\/\/radiolitoral.com\/2025\/08\/el-torneo-de-verano-de-futsal-fue-para-candilejas\/#primaryimage","url":"https:\/\/media.radiolitoral.com\/wp-content\/uploads\/2025\/08\/26102145\/Alberto-Portillo-entregando-el-trofeo.jpg","contentUrl":"https:\/\/media.radiolitoral.com\/wp-content\/uploads\/2025\/08\/26102145\/Alberto-Portillo-entregando-el-trofeo.jpg","width":1295,"height":747},{"@type":"BreadcrumbList","@id":"https:\/\/radiolitoral.com\/2025\/08\/el-torneo-de-verano-de-futsal-fue-para-candilejas\/#breadcrumb","itemListElement":[{"@type":"ListItem","position":1,"name":"Portada","item":"https:\/\/radiolitoral.com\/"},{"@type":"ListItem","position":2,"name":"El torneo de verano de F\u00fatsal fue para Candilejas"}]},{"@type":"WebSite","@id":"https:\/\/radiolitoral.com\/#website","url":"https:\/\/radiolitoral.com\/","name":"R\u00e0dio Litoral","description":"La r\u00e0dio local de la Marina Alta","publisher":{"@id":"https:\/\/radiolitoral.com\/#organization"},"alternateName":"Litoral FM","potentialAction":[{"@type":"SearchAction","target":{"@type":"EntryPoint","urlTemplate":"https:\/\/radiolitoral.com\/?s={search_term_string}"},"query-input":{"@type":"PropertyValueSpecification","valueRequired":true,"valueName":"search_term_string"}}],"inLanguage":"ca"},{"@type":"Organization","@id":"https:\/\/radiolitoral.com\/#organization","name":"R\u00e0dio Litoral","url":"https:\/\/radiolitoral.com\/","logo":{"@type":"ImageObject","inLanguage":"ca","@id":"https:\/\/radiolitoral.com\/#\/schema\/logo\/image\/","url":"https:\/\/media.radiolitoral.com\/wp-content\/uploads\/2023\/02\/24143238\/CL-V-RadioLitoral696.png","contentUrl":"https:\/\/media.radiolitoral.com\/wp-content\/uploads\/2023\/02\/24143238\/CL-V-RadioLitoral696.png","width":696,"height":696,"caption":"Radio Litoral"},"image":{"@id":"https:\/\/radiolitoral.com\/#\/schema\/logo\/image\/"},"sameAs":["https:\/\/www.facebook.com\/Laradiolitoral\/"]},{"@type":"Person","@id":"https:\/\/radiolitoral.com\/#\/schema\/person\/7b1480b5caeb5acdd4ec6379caf62b22","name":"Javier Zamora","image":{"@type":"ImageObject","inLanguage":"ca","@id":"https:\/\/secure.gravatar.com\/avatar\/467a11f6918c7d619c4043fc6fa2d3853053107973f05b6e9c04ea6c4e3a7b3f?s=96&d=mm&r=g","url":"https:\/\/secure.gravatar.com\/avatar\/467a11f6918c7d619c4043fc6fa2d3853053107973f05b6e9c04ea6c4e3a7b3f?s=96&d=mm&r=g","contentUrl":"https:\/\/secure.gravatar.com\/avatar\/467a11f6918c7d619c4043fc6fa2d3853053107973f05b6e9c04ea6c4e3a7b3f?s=96&d=mm&r=g","caption":"Javier Zamora"},"url":"https:\/\/radiolitoral.com\/ca\/author\/javier-zamora\/"}]}},"_links":{"self":[{"href":"https:\/\/radiolitoral.com\/ca\/wp-json\/wp\/v2\/posts\/18317","targetHints":{"allow":["GET"]}}],"collection":[{"href":"https:\/\/radiolitoral.com\/ca\/wp-json\/wp\/v2\/posts"}],"about":[{"href":"https:\/\/radiolitoral.com\/ca\/wp-json\/wp\/v2\/types\/post"}],"author":[{"embeddable":true,"href":"https:\/\/radiolitoral.com\/ca\/wp-json\/wp\/v2\/users\/12"}],"replies":[{"embeddable":true,"href":"https:\/\/radiolitoral.com\/ca\/wp-json\/wp\/v2\/comments?post=18317"}],"version-history":[{"count":3,"href":"https:\/\/radiolitoral.com\/ca\/wp-json\/wp\/v2\/posts\/18317\/revisions"}],"predecessor-version":[{"id":18322,"href":"https:\/\/radiolitoral.com\/ca\/wp-json\/wp\/v2\/posts\/18317\/revisions\/18322"}],"wp:featuredmedia":[{"embeddable":true,"href":"https:\/\/radiolitoral.com\/ca\/wp-json\/wp\/v2\/media\/18320"}],"wp:attachment":[{"href":"https:\/\/radiolitoral.com\/ca\/wp-json\/wp\/v2\/media?parent=18317"}],"wp:term":[{"taxonomy":"category","embeddable":true,"href":"https:\/\/radiolitoral.com\/ca\/wp-json\/wp\/v2\/categories?post=18317"},{"taxonomy":"post_tag","embeddable":true,"href":"https:\/\/radiolitoral.com\/ca\/wp-json\/wp\/v2\/tags?post=18317"}],"curies":[{"name":"wp","href":"https:\/\/api.w.org\/{rel}","templated":true}]}}