{"id":18296,"date":"2025-08-26T08:38:51","date_gmt":"2025-08-26T06:38:51","guid":{"rendered":"https:\/\/radiolitoral.com\/?p=18296"},"modified":"2025-08-26T08:38:51","modified_gmt":"2025-08-26T06:38:51","slug":"torna-alere-dolia-sota-el-lema-dolia-amb-anima-de-dona","status":"publish","type":"post","link":"https:\/\/radiolitoral.com\/ca\/2025\/08\/vuelve-alere-dolia-bajo-el-lema-dolia-con-alma-de-mujer\/","title":{"rendered":"Torna Alere Dolia sota el lema \u201cDolia, amb \u00e0nima de dona\u201d"},"content":{"rendered":"<p><strong>L&#039;Auditori Teulada Moraira<\/strong>\u00a0presenta la XIV edici\u00f3 de\u00a0<strong>Alere\/Dolia<\/strong>, el festival que uneix gastronomia, vi, art i territori en un enclavament \u00fanic. El 5 de setembre celebra aquesta nova ocasi\u00f3 sota el lema \u201cDOLIA, AMB \u00c0NIMA DE DONA\u201d, un homenatge a la transmissi\u00f3 de la saviesa culin\u00e0ria de mares i \u00e0vies, guardianes dels sabors que avui inspiren xefs i sommeliers de refer\u00e8ncia.<\/p>\n<p>L?eix central d?aquesta cita \u00e9s el ra\u00efm moscatell d?Alexandria i els productes que ofereix el gran rebost.<\/p>\n<h2><strong>Programa Alere\/Dolia 2025<\/strong><\/h2>\n<h4>Preludi - 29 d&#039;agost<\/h4>\n<p><strong>19:00 h.<\/strong>\u00a0Tast de vins negres \u00abHarmonies Terra i Mar&#039; amb Celler Caseta Vinamar i Bodega Teulada. Maridada amb guisats tradicionals locals.<br \/>\n<strong>20:00 h.<\/strong>\u00a0Inauguraci\u00f3 de la intervenci\u00f3 pl\u00e0stica Sabors i Sabers de l&#039;artista, Ginestar<\/p>\n<p><img loading=\"lazy\" decoding=\"async\" class=\"alignnone size-full wp-image-78345\" src=\"https:\/\/media.marinaalta.es\/wp-content\/uploads\/2025\/08\/22120620\/CATA.jpeg\" sizes=\"auto, (max-width: 1600px) 100vw, 1600px\" srcset=\"https:\/\/media.marinaalta.es\/wp-content\/uploads\/2025\/08\/22120620\/CATA.jpeg 1600w, https:\/\/media.marinaalta.es\/wp-content\/uploads\/2025\/08\/22120620\/CATA-240x300.jpeg 240w, https:\/\/media.marinaalta.es\/wp-content\/uploads\/2025\/08\/22120620\/CATA-819x1024.jpeg 819w, https:\/\/media.marinaalta.es\/wp-content\/uploads\/2025\/08\/22120620\/CATA-768x960.jpeg 768w, https:\/\/media.marinaalta.es\/wp-content\/uploads\/2025\/08\/22120620\/CATA-1229x1536.jpeg 1229w, https:\/\/media.marinaalta.es\/wp-content\/uploads\/2025\/08\/22120620\/CATA-392x490.jpeg 392w\" alt=\"\" width=\"1600\" height=\"2000\" \/><\/p>\n<h4><strong>Dia principal \u2013 5 de setembre<\/strong><\/h4>\n<h4><strong>Sala de Cates<\/strong><\/h4>\n<ul>\n<li>18:00 h. Tast de vins blancs secs &#039;El Moscatell i la Dona&#039; amb Celler Teulada, Montesanco i Les Freses. Presenten Natalia Piera, Lourdes Santacreu i Sofia Garigues. Maridatge amb formatges de l&#039;Associaci\u00f3 de Formatgers de la CV.<\/li>\n<li>19:30h. Performance &#039;Delicatessen&#039; dansa m\u00fasica i llum a c\u00e0rrec de la companyia Otra Dansa amb Asun Noales.<\/li>\n<\/ul>\n<p><strong>Sala Auditori<\/strong><\/p>\n<ul>\n<li><strong>20:00 h.<\/strong>\u00a0Exhibici\u00f3 culin\u00e0ria &#039;Amb \u00e0nima de dona&#039; amb la xef Mar\u00eda Jos\u00e9 San Rom\u00e1n i representants de MEG. Inclou homenatge &#039;Paisatge de la mem\u00f2ria&#039; a les dones<br \/>\ndel moscatell.<\/li>\n<\/ul>\n<p><strong>Sala d&#039;Exposicions<\/strong><\/p>\n<ul>\n<li>Intervenci\u00f3 art\u00edstica &#039;Sabors i Sabers&#039; de Ginestar. Jard\u00ed (fa\u00e7ana al mar)<br \/>\n<strong>20:00 h.<\/strong>\u00a0Taller infantil Dolia Kids: elaboraci\u00f3 artesanal de pa de figa, a c\u00e0rrec de Menges de Deus<\/li>\n<\/ul>\n<p><strong>Territori Gastron\u00f2mic\u00a0<\/strong>Degustacions i maridatge amb Celler Coperatiu de Teulada, Montesanco, Bancals de Vins, Tapes Canalla, MEG, Formatgers CV i bunyolada de les Mestresses de Casa de Teulada. M\u00fasica en directe amb la Cucumpa Orquestra<\/p>\n<p><img loading=\"lazy\" decoding=\"async\" class=\"alignnone size-full wp-image-78346\" src=\"https:\/\/media.marinaalta.es\/wp-content\/uploads\/2025\/08\/22120641\/CARTEL-ALERE-DOLIA.jpeg\" sizes=\"auto, (max-width: 1132px) 100vw, 1132px\" srcset=\"https:\/\/media.marinaalta.es\/wp-content\/uploads\/2025\/08\/22120641\/CARTEL-ALERE-DOLIA.jpeg 1132w, https:\/\/media.marinaalta.es\/wp-content\/uploads\/2025\/08\/22120641\/CARTEL-ALERE-DOLIA-212x300.jpeg 212w, https:\/\/media.marinaalta.es\/wp-content\/uploads\/2025\/08\/22120641\/CARTEL-ALERE-DOLIA-724x1024.jpeg 724w, https:\/\/media.marinaalta.es\/wp-content\/uploads\/2025\/08\/22120641\/CARTEL-ALERE-DOLIA-768x1086.jpeg 768w, https:\/\/media.marinaalta.es\/wp-content\/uploads\/2025\/08\/22120641\/CARTEL-ALERE-DOLIA-1087x1536.jpeg 1087w, https:\/\/media.marinaalta.es\/wp-content\/uploads\/2025\/08\/22120641\/CARTEL-ALERE-DOLIA-347x490.jpeg 347w\" alt=\"\" width=\"1132\" height=\"1600\" \/><\/p>","protected":false},"excerpt":{"rendered":"<p>El Auditori Teulada Moraira\u00a0presenta la XIV edici\u00f3n de\u00a0Alere\/Dolia, el festival que une gastronom\u00eda, vino, arte y territorio en un enclave \u00fanico. El 5 de septiembre celebra esta nueva ocasi\u00f3n bajo el lema \u201cDOLIA, CON ALMA DE MUJER\u201d, un homenaje a la transmisi\u00f3n de la sabidur\u00eda culinaria de madres y abuelas, guardianas de los sabores que [&#8230;]<\/p>\n<p><a class=\"btn btn-secondary understrap-read-more-link\" href=\"https:\/\/radiolitoral.com\/ca\/2025\/08\/vuelve-alere-dolia-bajo-el-lema-dolia-con-alma-de-mujer\/\">Continua llegint&#8230;<span class=\"screen-reader-text\"> from Vuelve Alere Dolia bajo el lema \u201cDolia, con alma de mujer\u201d<\/span><\/a><\/p>\n","protected":false},"author":14,"featured_media":12526,"comment_status":"open","ping_status":"closed","sticky":false,"template":"","format":"standard","meta":{"_acf_changed":false,"inline_featured_image":false,"footnotes":""},"categories":[549],"tags":[2476,590,195],"class_list":["post-18296","post","type-post","status-publish","format-standard","has-post-thumbnail","hentry","category-gastronomia","tag-alere-dolia","tag-gastronomia","tag-teulada-moraira","cobertura-teulada-moraira"],"acf":[],"yoast_head":"<!-- This site is optimized with the Yoast SEO plugin v27.5 - https:\/\/yoast.com\/product\/yoast-seo-wordpress\/ -->\n<title>Vuelve Alere Dolia bajo el lema \u201cDolia, con alma de mujer\u201d | R\u00e0dio Litoral<\/title>\n<meta name=\"description\" content=\"Este evento se celebrar\u00e1 el pr\u00f3ximo 5 de septiembre en el auditorio Teulada Moraira\" \/>\n<meta name=\"robots\" content=\"index, follow, max-snippet:-1, max-image-preview:large, max-video-preview:-1\" \/>\n<link rel=\"canonical\" href=\"https:\/\/radiolitoral.com\/ca\/2025\/08\/torna-alere-dolia-sota-el-lema-dolia-amb-anima-de-dona\/\" \/>\n<meta property=\"og:locale\" content=\"ca_ES\" \/>\n<meta property=\"og:type\" content=\"article\" \/>\n<meta property=\"og:title\" content=\"Vuelve Alere Dolia bajo el lema \u201cDolia, con alma de mujer\u201d | R\u00e0dio Litoral\" \/>\n<meta property=\"og:description\" content=\"Este evento se celebrar\u00e1 el pr\u00f3ximo 5 de septiembre en el auditorio Teulada Moraira\" \/>\n<meta property=\"og:url\" content=\"https:\/\/radiolitoral.com\/ca\/2025\/08\/torna-alere-dolia-sota-el-lema-dolia-amb-anima-de-dona\/\" \/>\n<meta property=\"og:site_name\" content=\"R\u00e0dio Litoral\" \/>\n<meta property=\"article:publisher\" content=\"https:\/\/www.facebook.com\/Laradiolitoral\/\" \/>\n<meta property=\"article:published_time\" content=\"2025-08-26T06:38:51+00:00\" \/>\n<meta property=\"og:image\" content=\"https:\/\/media.radiolitoral.com\/wp-content\/uploads\/2024\/10\/22082339\/Teulada-Moraira-Alere-Dolia-2024-1.jpg\" \/>\n\t<meta property=\"og:image:width\" content=\"567\" \/>\n\t<meta property=\"og:image:height\" content=\"423\" \/>\n\t<meta property=\"og:image:type\" content=\"image\/jpeg\" \/>\n<meta name=\"author\" content=\"Redacci\u00f3n\" \/>\n<meta name=\"twitter:card\" content=\"summary_large_image\" \/>\n<meta name=\"twitter:label1\" content=\"Escrit per\" \/>\n\t<meta name=\"twitter:data1\" content=\"Redacci\u00f3n\" \/>\n\t<meta name=\"twitter:label2\" content=\"Temps estimat de lectura\" \/>\n\t<meta name=\"twitter:data2\" content=\"2 minuts\" \/>\n<script type=\"application\/ld+json\" class=\"yoast-schema-graph\">{\"@context\":\"https:\\\/\\\/schema.org\",\"@graph\":[{\"@type\":\"NewsArticle\",\"@id\":\"https:\\\/\\\/radiolitoral.com\\\/2025\\\/08\\\/vuelve-alere-dolia-bajo-el-lema-dolia-con-alma-de-mujer\\\/#article\",\"isPartOf\":{\"@id\":\"https:\\\/\\\/radiolitoral.com\\\/2025\\\/08\\\/vuelve-alere-dolia-bajo-el-lema-dolia-con-alma-de-mujer\\\/\"},\"author\":{\"name\":\"Redacci\u00f3n\",\"@id\":\"https:\\\/\\\/radiolitoral.com\\\/#\\\/schema\\\/person\\\/96b739642eb3bedb532aac3812d23307\"},\"headline\":\"Vuelve Alere Dolia bajo el lema \u201cDolia, con alma de mujer\u201d\",\"datePublished\":\"2025-08-26T06:38:51+00:00\",\"mainEntityOfPage\":{\"@id\":\"https:\\\/\\\/radiolitoral.com\\\/2025\\\/08\\\/vuelve-alere-dolia-bajo-el-lema-dolia-con-alma-de-mujer\\\/\"},\"wordCount\":315,\"commentCount\":0,\"publisher\":{\"@id\":\"https:\\\/\\\/radiolitoral.com\\\/#organization\"},\"image\":{\"@id\":\"https:\\\/\\\/radiolitoral.com\\\/2025\\\/08\\\/vuelve-alere-dolia-bajo-el-lema-dolia-con-alma-de-mujer\\\/#primaryimage\"},\"thumbnailUrl\":\"https:\\\/\\\/media.radiolitoral.com\\\/wp-content\\\/uploads\\\/2024\\\/10\\\/22082339\\\/Teulada-Moraira-Alere-Dolia-2024-1.jpg\",\"keywords\":[\"Alere Dolia\",\"gastronom\u00eda\",\"Teulada-Moraira\"],\"articleSection\":[\"Gastronom\u00eda\"],\"inLanguage\":\"ca\",\"potentialAction\":[{\"@type\":\"CommentAction\",\"name\":\"Comment\",\"target\":[\"https:\\\/\\\/radiolitoral.com\\\/2025\\\/08\\\/vuelve-alere-dolia-bajo-el-lema-dolia-con-alma-de-mujer\\\/#respond\"]}]},{\"@type\":[\"WebPage\",\"ItemPage\"],\"@id\":\"https:\\\/\\\/radiolitoral.com\\\/2025\\\/08\\\/vuelve-alere-dolia-bajo-el-lema-dolia-con-alma-de-mujer\\\/\",\"url\":\"https:\\\/\\\/radiolitoral.com\\\/2025\\\/08\\\/vuelve-alere-dolia-bajo-el-lema-dolia-con-alma-de-mujer\\\/\",\"name\":\"Vuelve Alere Dolia bajo el lema \u201cDolia, con alma de mujer\u201d | R\u00e0dio Litoral\",\"isPartOf\":{\"@id\":\"https:\\\/\\\/radiolitoral.com\\\/#website\"},\"primaryImageOfPage\":{\"@id\":\"https:\\\/\\\/radiolitoral.com\\\/2025\\\/08\\\/vuelve-alere-dolia-bajo-el-lema-dolia-con-alma-de-mujer\\\/#primaryimage\"},\"image\":{\"@id\":\"https:\\\/\\\/radiolitoral.com\\\/2025\\\/08\\\/vuelve-alere-dolia-bajo-el-lema-dolia-con-alma-de-mujer\\\/#primaryimage\"},\"thumbnailUrl\":\"https:\\\/\\\/media.radiolitoral.com\\\/wp-content\\\/uploads\\\/2024\\\/10\\\/22082339\\\/Teulada-Moraira-Alere-Dolia-2024-1.jpg\",\"datePublished\":\"2025-08-26T06:38:51+00:00\",\"description\":\"Este evento se celebrar\u00e1 el pr\u00f3ximo 5 de septiembre en el auditorio Teulada Moraira\",\"breadcrumb\":{\"@id\":\"https:\\\/\\\/radiolitoral.com\\\/2025\\\/08\\\/vuelve-alere-dolia-bajo-el-lema-dolia-con-alma-de-mujer\\\/#breadcrumb\"},\"inLanguage\":\"ca\",\"potentialAction\":[{\"@type\":\"ReadAction\",\"target\":[\"https:\\\/\\\/radiolitoral.com\\\/2025\\\/08\\\/vuelve-alere-dolia-bajo-el-lema-dolia-con-alma-de-mujer\\\/\"]}]},{\"@type\":\"ImageObject\",\"inLanguage\":\"ca\",\"@id\":\"https:\\\/\\\/radiolitoral.com\\\/2025\\\/08\\\/vuelve-alere-dolia-bajo-el-lema-dolia-con-alma-de-mujer\\\/#primaryimage\",\"url\":\"https:\\\/\\\/media.radiolitoral.com\\\/wp-content\\\/uploads\\\/2024\\\/10\\\/22082339\\\/Teulada-Moraira-Alere-Dolia-2024-1.jpg\",\"contentUrl\":\"https:\\\/\\\/media.radiolitoral.com\\\/wp-content\\\/uploads\\\/2024\\\/10\\\/22082339\\\/Teulada-Moraira-Alere-Dolia-2024-1.jpg\",\"width\":567,\"height\":423},{\"@type\":\"BreadcrumbList\",\"@id\":\"https:\\\/\\\/radiolitoral.com\\\/2025\\\/08\\\/vuelve-alere-dolia-bajo-el-lema-dolia-con-alma-de-mujer\\\/#breadcrumb\",\"itemListElement\":[{\"@type\":\"ListItem\",\"position\":1,\"name\":\"Portada\",\"item\":\"https:\\\/\\\/radiolitoral.com\\\/\"},{\"@type\":\"ListItem\",\"position\":2,\"name\":\"Vuelve Alere Dolia bajo el lema \u201cDolia, con alma de mujer\u201d\"}]},{\"@type\":\"WebSite\",\"@id\":\"https:\\\/\\\/radiolitoral.com\\\/#website\",\"url\":\"https:\\\/\\\/radiolitoral.com\\\/\",\"name\":\"Radio Litoral\",\"description\":\"La radio local de la Marina Alta\",\"publisher\":{\"@id\":\"https:\\\/\\\/radiolitoral.com\\\/#organization\"},\"alternateName\":\"Litoral FM\",\"potentialAction\":[{\"@type\":\"SearchAction\",\"target\":{\"@type\":\"EntryPoint\",\"urlTemplate\":\"https:\\\/\\\/radiolitoral.com\\\/?s={search_term_string}\"},\"query-input\":{\"@type\":\"PropertyValueSpecification\",\"valueRequired\":true,\"valueName\":\"search_term_string\"}}],\"inLanguage\":\"ca\"},{\"@type\":\"Organization\",\"@id\":\"https:\\\/\\\/radiolitoral.com\\\/#organization\",\"name\":\"Radio Litoral\",\"url\":\"https:\\\/\\\/radiolitoral.com\\\/\",\"logo\":{\"@type\":\"ImageObject\",\"inLanguage\":\"ca\",\"@id\":\"https:\\\/\\\/radiolitoral.com\\\/#\\\/schema\\\/logo\\\/image\\\/\",\"url\":\"https:\\\/\\\/media.radiolitoral.com\\\/wp-content\\\/uploads\\\/2023\\\/02\\\/24143238\\\/CL-V-RadioLitoral696.png\",\"contentUrl\":\"https:\\\/\\\/media.radiolitoral.com\\\/wp-content\\\/uploads\\\/2023\\\/02\\\/24143238\\\/CL-V-RadioLitoral696.png\",\"width\":696,\"height\":696,\"caption\":\"Radio Litoral\"},\"image\":{\"@id\":\"https:\\\/\\\/radiolitoral.com\\\/#\\\/schema\\\/logo\\\/image\\\/\"},\"sameAs\":[\"https:\\\/\\\/www.facebook.com\\\/Laradiolitoral\\\/\"]},{\"@type\":\"Person\",\"@id\":\"https:\\\/\\\/radiolitoral.com\\\/#\\\/schema\\\/person\\\/96b739642eb3bedb532aac3812d23307\",\"name\":\"Redacci\u00f3n\",\"image\":{\"@type\":\"ImageObject\",\"inLanguage\":\"ca\",\"@id\":\"https:\\\/\\\/secure.gravatar.com\\\/avatar\\\/30cd06129ee90411dd9c7cbdcf17464181d1a3c7b072e92070ea75a25cf0097e?s=96&d=mm&r=g\",\"url\":\"https:\\\/\\\/secure.gravatar.com\\\/avatar\\\/30cd06129ee90411dd9c7cbdcf17464181d1a3c7b072e92070ea75a25cf0097e?s=96&d=mm&r=g\",\"contentUrl\":\"https:\\\/\\\/secure.gravatar.com\\\/avatar\\\/30cd06129ee90411dd9c7cbdcf17464181d1a3c7b072e92070ea75a25cf0097e?s=96&d=mm&r=g\",\"caption\":\"Redacci\u00f3n\"},\"url\":\"https:\\\/\\\/radiolitoral.com\\\/ca\\\/author\\\/kevin-carrio\\\/\"}]}<\/script>\n<!-- \/ Yoast SEO plugin. -->","yoast_head_json":{"title":"Torna Alere Dolia sota el lema \u201cDolia, amb \u00e0nima de dona\u201d | R\u00e0dio Litoral","description":"Aquest esdeveniment se celebrar\u00e0 el proper 5 de setembre a l&#039;auditori Teulada Moraira","robots":{"index":"index","follow":"follow","max-snippet":"max-snippet:-1","max-image-preview":"max-image-preview:large","max-video-preview":"max-video-preview:-1"},"canonical":"https:\/\/radiolitoral.com\/ca\/2025\/08\/torna-alere-dolia-sota-el-lema-dolia-amb-anima-de-dona\/","og_locale":"ca_ES","og_type":"article","og_title":"Vuelve Alere Dolia bajo el lema \u201cDolia, con alma de mujer\u201d | R\u00e0dio Litoral","og_description":"Este evento se celebrar\u00e1 el pr\u00f3ximo 5 de septiembre en el auditorio Teulada Moraira","og_url":"https:\/\/radiolitoral.com\/ca\/2025\/08\/torna-alere-dolia-sota-el-lema-dolia-amb-anima-de-dona\/","og_site_name":"R\u00e0dio Litoral","article_publisher":"https:\/\/www.facebook.com\/Laradiolitoral\/","article_published_time":"2025-08-26T06:38:51+00:00","og_image":[{"width":567,"height":423,"url":"https:\/\/media.radiolitoral.com\/wp-content\/uploads\/2024\/10\/22082339\/Teulada-Moraira-Alere-Dolia-2024-1.jpg","type":"image\/jpeg"}],"author":"Redacci\u00f3n","twitter_card":"summary_large_image","twitter_misc":{"Escrit per":"Redacci\u00f3n","Temps estimat de lectura":"2 minuts"},"schema":{"@context":"https:\/\/schema.org","@graph":[{"@type":"NewsArticle","@id":"https:\/\/radiolitoral.com\/2025\/08\/vuelve-alere-dolia-bajo-el-lema-dolia-con-alma-de-mujer\/#article","isPartOf":{"@id":"https:\/\/radiolitoral.com\/2025\/08\/vuelve-alere-dolia-bajo-el-lema-dolia-con-alma-de-mujer\/"},"author":{"name":"Redacci\u00f3n","@id":"https:\/\/radiolitoral.com\/#\/schema\/person\/96b739642eb3bedb532aac3812d23307"},"headline":"Vuelve Alere Dolia bajo el lema \u201cDolia, con alma de mujer\u201d","datePublished":"2025-08-26T06:38:51+00:00","mainEntityOfPage":{"@id":"https:\/\/radiolitoral.com\/2025\/08\/vuelve-alere-dolia-bajo-el-lema-dolia-con-alma-de-mujer\/"},"wordCount":315,"commentCount":0,"publisher":{"@id":"https:\/\/radiolitoral.com\/#organization"},"image":{"@id":"https:\/\/radiolitoral.com\/2025\/08\/vuelve-alere-dolia-bajo-el-lema-dolia-con-alma-de-mujer\/#primaryimage"},"thumbnailUrl":"https:\/\/media.radiolitoral.com\/wp-content\/uploads\/2024\/10\/22082339\/Teulada-Moraira-Alere-Dolia-2024-1.jpg","keywords":["Alere Dolia","gastronom\u00eda","Teulada-Moraira"],"articleSection":["Gastronom\u00eda"],"inLanguage":"ca","potentialAction":[{"@type":"CommentAction","name":"Comment","target":["https:\/\/radiolitoral.com\/2025\/08\/vuelve-alere-dolia-bajo-el-lema-dolia-con-alma-de-mujer\/#respond"]}]},{"@type":["WebPage","ItemPage"],"@id":"https:\/\/radiolitoral.com\/2025\/08\/vuelve-alere-dolia-bajo-el-lema-dolia-con-alma-de-mujer\/","url":"https:\/\/radiolitoral.com\/2025\/08\/vuelve-alere-dolia-bajo-el-lema-dolia-con-alma-de-mujer\/","name":"Torna Alere Dolia sota el lema \u201cDolia, amb \u00e0nima de dona\u201d | R\u00e0dio Litoral","isPartOf":{"@id":"https:\/\/radiolitoral.com\/#website"},"primaryImageOfPage":{"@id":"https:\/\/radiolitoral.com\/2025\/08\/vuelve-alere-dolia-bajo-el-lema-dolia-con-alma-de-mujer\/#primaryimage"},"image":{"@id":"https:\/\/radiolitoral.com\/2025\/08\/vuelve-alere-dolia-bajo-el-lema-dolia-con-alma-de-mujer\/#primaryimage"},"thumbnailUrl":"https:\/\/media.radiolitoral.com\/wp-content\/uploads\/2024\/10\/22082339\/Teulada-Moraira-Alere-Dolia-2024-1.jpg","datePublished":"2025-08-26T06:38:51+00:00","description":"Aquest esdeveniment se celebrar\u00e0 el proper 5 de setembre a l&#039;auditori Teulada Moraira","breadcrumb":{"@id":"https:\/\/radiolitoral.com\/2025\/08\/vuelve-alere-dolia-bajo-el-lema-dolia-con-alma-de-mujer\/#breadcrumb"},"inLanguage":"ca","potentialAction":[{"@type":"ReadAction","target":["https:\/\/radiolitoral.com\/2025\/08\/vuelve-alere-dolia-bajo-el-lema-dolia-con-alma-de-mujer\/"]}]},{"@type":"ImageObject","inLanguage":"ca","@id":"https:\/\/radiolitoral.com\/2025\/08\/vuelve-alere-dolia-bajo-el-lema-dolia-con-alma-de-mujer\/#primaryimage","url":"https:\/\/media.radiolitoral.com\/wp-content\/uploads\/2024\/10\/22082339\/Teulada-Moraira-Alere-Dolia-2024-1.jpg","contentUrl":"https:\/\/media.radiolitoral.com\/wp-content\/uploads\/2024\/10\/22082339\/Teulada-Moraira-Alere-Dolia-2024-1.jpg","width":567,"height":423},{"@type":"BreadcrumbList","@id":"https:\/\/radiolitoral.com\/2025\/08\/vuelve-alere-dolia-bajo-el-lema-dolia-con-alma-de-mujer\/#breadcrumb","itemListElement":[{"@type":"ListItem","position":1,"name":"Portada","item":"https:\/\/radiolitoral.com\/"},{"@type":"ListItem","position":2,"name":"Vuelve Alere Dolia bajo el lema \u201cDolia, con alma de mujer\u201d"}]},{"@type":"WebSite","@id":"https:\/\/radiolitoral.com\/#website","url":"https:\/\/radiolitoral.com\/","name":"R\u00e0dio Litoral","description":"La r\u00e0dio local de la Marina Alta","publisher":{"@id":"https:\/\/radiolitoral.com\/#organization"},"alternateName":"Litoral FM","potentialAction":[{"@type":"SearchAction","target":{"@type":"EntryPoint","urlTemplate":"https:\/\/radiolitoral.com\/?s={search_term_string}"},"query-input":{"@type":"PropertyValueSpecification","valueRequired":true,"valueName":"search_term_string"}}],"inLanguage":"ca"},{"@type":"Organization","@id":"https:\/\/radiolitoral.com\/#organization","name":"R\u00e0dio Litoral","url":"https:\/\/radiolitoral.com\/","logo":{"@type":"ImageObject","inLanguage":"ca","@id":"https:\/\/radiolitoral.com\/#\/schema\/logo\/image\/","url":"https:\/\/media.radiolitoral.com\/wp-content\/uploads\/2023\/02\/24143238\/CL-V-RadioLitoral696.png","contentUrl":"https:\/\/media.radiolitoral.com\/wp-content\/uploads\/2023\/02\/24143238\/CL-V-RadioLitoral696.png","width":696,"height":696,"caption":"Radio Litoral"},"image":{"@id":"https:\/\/radiolitoral.com\/#\/schema\/logo\/image\/"},"sameAs":["https:\/\/www.facebook.com\/Laradiolitoral\/"]},{"@type":"Person","@id":"https:\/\/radiolitoral.com\/#\/schema\/person\/96b739642eb3bedb532aac3812d23307","name":"Redacci\u00f3","image":{"@type":"ImageObject","inLanguage":"ca","@id":"https:\/\/secure.gravatar.com\/avatar\/30cd06129ee90411dd9c7cbdcf17464181d1a3c7b072e92070ea75a25cf0097e?s=96&d=mm&r=g","url":"https:\/\/secure.gravatar.com\/avatar\/30cd06129ee90411dd9c7cbdcf17464181d1a3c7b072e92070ea75a25cf0097e?s=96&d=mm&r=g","contentUrl":"https:\/\/secure.gravatar.com\/avatar\/30cd06129ee90411dd9c7cbdcf17464181d1a3c7b072e92070ea75a25cf0097e?s=96&d=mm&r=g","caption":"Redacci\u00f3n"},"url":"https:\/\/radiolitoral.com\/ca\/author\/kevin-carrio\/"}]}},"_links":{"self":[{"href":"https:\/\/radiolitoral.com\/ca\/wp-json\/wp\/v2\/posts\/18296","targetHints":{"allow":["GET"]}}],"collection":[{"href":"https:\/\/radiolitoral.com\/ca\/wp-json\/wp\/v2\/posts"}],"about":[{"href":"https:\/\/radiolitoral.com\/ca\/wp-json\/wp\/v2\/types\/post"}],"author":[{"embeddable":true,"href":"https:\/\/radiolitoral.com\/ca\/wp-json\/wp\/v2\/users\/14"}],"replies":[{"embeddable":true,"href":"https:\/\/radiolitoral.com\/ca\/wp-json\/wp\/v2\/comments?post=18296"}],"version-history":[{"count":1,"href":"https:\/\/radiolitoral.com\/ca\/wp-json\/wp\/v2\/posts\/18296\/revisions"}],"predecessor-version":[{"id":18297,"href":"https:\/\/radiolitoral.com\/ca\/wp-json\/wp\/v2\/posts\/18296\/revisions\/18297"}],"wp:featuredmedia":[{"embeddable":true,"href":"https:\/\/radiolitoral.com\/ca\/wp-json\/wp\/v2\/media\/12526"}],"wp:attachment":[{"href":"https:\/\/radiolitoral.com\/ca\/wp-json\/wp\/v2\/media?parent=18296"}],"wp:term":[{"taxonomy":"category","embeddable":true,"href":"https:\/\/radiolitoral.com\/ca\/wp-json\/wp\/v2\/categories?post=18296"},{"taxonomy":"post_tag","embeddable":true,"href":"https:\/\/radiolitoral.com\/ca\/wp-json\/wp\/v2\/tags?post=18296"}],"curies":[{"name":"wp","href":"https:\/\/api.w.org\/{rel}","templated":true}]}}